{"id":24438,"date":"2023-04-28T23:20:37","date_gmt":"2023-04-28T23:20:37","guid":{"rendered":"https:\/\/cvinoticias.com\/v3\/?p=24438"},"modified":"2023-04-28T23:20:37","modified_gmt":"2023-04-28T23:20:37","slug":"rodriguez-larreta-en-obera-vamos-a-extender-el-gasoducto-de-vaca-muerta-hacia-el-norte-por-la-mesopotamia-para-proveer-de-gas-a-corrientes-y-a-misiones-y-de-ahi-exportar-al-sur-de-brasil","status":"publish","type":"post","link":"https:\/\/cvinoticias.com\/v3\/rodriguez-larreta-en-obera-vamos-a-extender-el-gasoducto-de-vaca-muerta-hacia-el-norte-por-la-mesopotamia-para-proveer-de-gas-a-corrientes-y-a-misiones-y-de-ahi-exportar-al-sur-de-brasil\/","title":{"rendered":"Rodr\u00edguez Larreta en Ober\u00e1: \u201cVamos a extender el gasoducto de Vaca Muerta hacia el norte por la Mesopotamia, para proveer de gas a Corrientes y a Misiones y de ah\u00ed exportar al sur de Brasil\u201d"},"content":{"rendered":"\n<p><strong><em>El precandidato presidencial de Juntos por el Cambio (JxC), Horacio Rodr\u00edguez Larreta, visit\u00f3 esta tarde la ciudad de Ober\u00e1, en Misiones, para apoyar a los candidatos de su espacio pol\u00edtico que competir\u00e1n en los comicios provinciales del pr\u00f3ximo 7 de mayo, y conocer m\u00e1s en profundidad la realidad del territorio.<\/em><\/strong><\/p>\n\n\n\n<p>Lo recibi\u00f3 Martin Arjol (UCR), postulante a gobernador, con quien camin\u00f3 por el centro de la ciudad, se reuni\u00f3 con vecinos y voluntarios del partido y dialog\u00f3 con la prensa.<\/p>\n\n\n\n<p>\u201cVamos a extender el gasoducto de Vaca Muerta hacia el norte por la mesopotamia para proveer de gas a Corrientes y a Misiones y de ah\u00ed exportar al sur de Brasil\u201d, prometi\u00f3 el mandatario desde el hotel Caba\u00f1as del Parque, donde brind\u00f3 la conferencia en la que tambi\u00e9n lo acompa\u00f1aron el referente provincial y diputado nacional por Misiones, Alfredo Schiavoni; el presidente de Activar y 1\u00b0 candidato a diputado provincial, Pedro Puerta. Tambi\u00e9n estuvo la candidata a vicegobernadora, Natalia Dorper; la diputada nacional por Misiones, Florencia Klipauka; el legislador provincial de Activar, Germ\u00e1n Kiczka; el concejal local, Marcelo Gazzo; y el candidato a intendente de Ober\u00e1, Fernando Mercado.<\/p>\n\n\n\n<p>El precandidato presidencial asegur\u00f3 que para la provincia \u201clo mejor es que el pr\u00f3ximo gobernador sea Mart\u00edn Arjol\u201d y que si gana las elecciones va a trabajar en sinton\u00eda con \u00e9l y su equipo en Misiones porque ya lo est\u00e1n haciendo en un plan conjunto. Adem\u00e1s, sostuvo que esa provincia \u201cva a ser uno de los motores de la recuperaci\u00f3n de la Argentina\u201d.<\/p>\n\n\n\n<p>\u201cVamos a hacer de la Argentina un pa\u00eds federal donde Misiones pueda llevar adelante su plan de desarrollo, de crecimiento, de generaci\u00f3n de trabajo, terminando con las aduanas internas, con una mayor integraci\u00f3n a toda la argentina, con mayor agilidad en la entrada y salida del pa\u00eds, para que puedan seguir viniendo vecinos de los pa\u00edses lim\u00edtrofes a comprar, a comercializar, a comer a nuestros restaurantes, a generar trabajo. Veo una gran oportunidad en Misiones\u201d, recalc\u00f3.<\/p>\n\n\n\n<p>Sobre la reuni\u00f3n del PRO expres\u00f3: \u201cEstamos m\u00e1s unidos que nunca en el marco de Juntos por el Cambio. La unidad est\u00e1 por encima de todo. Hablamos de la preocupaci\u00f3n y angustia de much\u00edsimos argentinos que sufren el drama de la inflaci\u00f3n, con la convicci\u00f3n de que vamos a bajarla y a sacar la Argentina adelante. Tambi\u00e9n hablamos del drama de la inseguridad\u201d.<\/p>\n\n\n\n<p>En relaci\u00f3n al discurso de Cristina dijo: \u201cVuelve a buscar la culpa en otro. Llevan tres a\u00f1os y medio de gobierno, gobernaron 16 a\u00f1os de los \u00faltimos 20, pero la culpa la tiene el FMI, Macri, la pandemia, el clima, la sequ\u00eda, Larreta; siempre el otro, no se hacen cargo de nada\u201d. Y sigui\u00f3: \u201cEste gobierno fracas\u00f3 y eso se expres\u00f3 de una manera tan clara que el Presidente ni siquiera se anima a ir a la reelecci\u00f3n. Fracas\u00f3 el gobierno de Alberto Fern\u00e1ndez y Cristina Kirchner\u201d.<\/p>\n\n\n\n<p>El dirigente de JxC tambi\u00e9n volvi\u00f3 a expresar su postura en cuanto a la dolarizaci\u00f3n: \u201cPara toda la Argentina pesos. Eso no quiere decir que no haya transacciones que se puedan hacer en d\u00f3lares. Pero no creo en la dolarizaci\u00f3n porque no es apta para la Argentina de hoy. Me suena a una soluci\u00f3n m\u00e1gica\u201d. Y explic\u00f3: \u201cSi dolarizaras hoy, el tipo de cambio te da $4000. Imaginate los niveles de pobreza que habr\u00eda en la Argentina si llevas el d\u00f3lar de $400 a $4000, porque es lo que te da la cuenta de pesos sobre d\u00f3lares\u201d.<\/p>\n\n\n\n<p>Sobre la integraci\u00f3n de Jos\u00e9 Luis Espert a JxC reiter\u00f3: \u201cNosotros por definici\u00f3n somos abiertos a sumar y a crecer. Ac\u00e1 en Misiones tambi\u00e9n tenemos un acuerdo muy amplio\u201d.<br>Adem\u00e1s, cont\u00f3 que quedaron en reunirse para intercambiar ideas y repiti\u00f3 que lo respeta como economista.<\/p>\n\n\n\n<p>Consultado por el federalismo sostuvo que \u201chay que replantear la coparticipaci\u00f3n y darle m\u00e1s capacidad y autonom\u00eda en la generaci\u00f3n de recursos a las provincias\u201d.<\/p>\n\n\n\n<p>Respecto de la aduana: \u201cMisiones es la provincia con la mayor proporci\u00f3n de l\u00edmites con otras provincias y eso requiere un tratamiento especial. Lo que no creo que la soluci\u00f3n sea hacer una aduana interna para trabar la entrada de productos a Misiones. Eso va trabando la producci\u00f3n, las industrias. Si ten\u00e9s una aduana paralela lo \u00fanico que hac\u00e9s es desmotivar a que se fabrique en esta provincia entonces, ese no es el camino\u201d.<\/p>\n\n\n\n<p>Sobre los planes sociales dijo que va a \u201csacar a los intermediarios\u201d y \u201chacer cumplir las condiciones\u201d. \u201cSi el plan dice que los alumnos tienen que ir a la escuela, hay que hacerlo cumplir\u201d, remarc\u00f3.<\/p>\n\n\n\n<p>M\u00e1s temprano, el Jefe de Gobierno almorz\u00f3 con 30 candidatos y referentes provinciales. Adem\u00e1s, mantuvo un encuentro con 50 candidatos de sublemas y militantes en el Parque de las Naciones, sede permanente de la Fiesta Nacional del Inmigrante, que se celebra cada septiembre y representa la s\u00edntesis cultural, producto de la llegada de inmigrantes a Ober\u00e1.<\/p>\n\n\n\n<p>Por la tarde, el mandatario estar\u00e1 en la ciudad de Goya, en Corrientes, donde estar\u00e1<br>hasta el s\u00e1bado junto al gobernador Gustavo Vald\u00e9s, con una agenda en torno a la tradicional Fiesta del Surub\u00ed, que en esta oportunidad celebra su edici\u00f3n n\u00famero 46.<\/p>\n","protected":false},"excerpt":{"rendered":"<p>El precandidato presidencial de Juntos por el Cambio (JxC), Horacio Rodr\u00edguez Larreta, visit\u00f3 esta tarde la ciudad de Ober\u00e1, en Misiones, para apoyar a los candidatos de su espacio pol\u00edtico que competir\u00e1n en los comicios provinciales del pr\u00f3ximo 7 de mayo, y conocer m\u00e1s en profundidad la realidad del territorio. Lo recibi\u00f3 Martin Arjol (UCR), [&hellip;]<\/p>\n","protected":false},"author":2,"featured_media":24439,"comment_status":"open","ping_status":"open","sticky":false,"template":"","format":"standard","meta":{"footnotes":""},"categories":[42],"tags":[],"class_list":["post-24438","post","type-post","status-publish","format-standard","has-post-thumbnail","hentry","category-politica"],"yoast_head":"<!-- This site is optimized with the Yoast SEO plugin v27.4 - https:\/\/yoast.com\/product\/yoast-seo-wordpress\/ -->\n<title>Rodr\u00edguez Larreta en Ober\u00e1: \u201cVamos a extender el gasoducto de Vaca Muerta hacia el norte por la Mesopotamia, para proveer de gas a Corrientes y a Misiones y de ah\u00ed exportar al sur de Brasil\u201d | CVI NOTICIAS<\/title>\n<meta name=\"robots\" content=\"index, follow, max-snippet:-1, max-image-preview:large, max-video-preview:-1\" \/>\n<link rel=\"canonical\" href=\"https:\/\/cvinoticias.com\/v3\/rodriguez-larreta-en-obera-vamos-a-extender-el-gasoducto-de-vaca-muerta-hacia-el-norte-por-la-mesopotamia-para-proveer-de-gas-a-corrientes-y-a-misiones-y-de-ahi-exportar-al-sur-de-brasil\/\" \/>\n<meta property=\"og:locale\" content=\"es_ES\" \/>\n<meta property=\"og:type\" content=\"article\" \/>\n<meta property=\"og:title\" content=\"Rodr\u00edguez Larreta en Ober\u00e1: \u201cVamos a extender el gasoducto de Vaca Muerta hacia el norte por la Mesopotamia, para proveer de gas a Corrientes y a Misiones y de ah\u00ed exportar al sur de Brasil\u201d | CVI NOTICIAS\" \/>\n<meta property=\"og:description\" content=\"El precandidato presidencial de Juntos por el Cambio (JxC), Horacio Rodr\u00edguez Larreta, visit\u00f3 esta tarde la ciudad de Ober\u00e1, en Misiones, para apoyar a los candidatos de su espacio pol\u00edtico que competir\u00e1n en los comicios provinciales del pr\u00f3ximo 7 de mayo, y conocer m\u00e1s en profundidad la realidad del territorio. Lo recibi\u00f3 Martin Arjol (UCR), [&hellip;]\" \/>\n<meta property=\"og:url\" content=\"https:\/\/cvinoticias.com\/v3\/rodriguez-larreta-en-obera-vamos-a-extender-el-gasoducto-de-vaca-muerta-hacia-el-norte-por-la-mesopotamia-para-proveer-de-gas-a-corrientes-y-a-misiones-y-de-ahi-exportar-al-sur-de-brasil\/\" \/>\n<meta property=\"og:site_name\" content=\"CVI NOTICIAS\" \/>\n<meta property=\"article:publisher\" content=\"https:\/\/www.facebook.com\/cvinoticias\" \/>\n<meta property=\"article:published_time\" content=\"2023-04-28T23:20:37+00:00\" \/>\n<meta property=\"og:image\" content=\"https:\/\/cvinoticias.com\/wp-content\/uploads\/2023\/04\/IMG-20230428-WA0079.jpg\" \/>\n\t<meta property=\"og:image:width\" content=\"1600\" \/>\n\t<meta property=\"og:image:height\" content=\"1064\" \/>\n\t<meta property=\"og:image:type\" content=\"image\/jpeg\" \/>\n<meta name=\"author\" content=\"f1000024\" \/>\n<meta name=\"twitter:card\" content=\"summary_large_image\" \/>\n<meta name=\"twitter:label1\" content=\"Escrito por\" \/>\n\t<meta name=\"twitter:data1\" content=\"f1000024\" \/>\n\t<meta name=\"twitter:label2\" content=\"Tiempo de lectura\" \/>\n\t<meta name=\"twitter:data2\" content=\"5 minutos\" \/>\n<script type=\"application\/ld+json\" class=\"yoast-schema-graph\">{\"@context\":\"https:\\\/\\\/schema.org\",\"@graph\":[{\"@type\":\"Article\",\"@id\":\"https:\\\/\\\/cvinoticias.com\\\/v3\\\/rodriguez-larreta-en-obera-vamos-a-extender-el-gasoducto-de-vaca-muerta-hacia-el-norte-por-la-mesopotamia-para-proveer-de-gas-a-corrientes-y-a-misiones-y-de-ahi-exportar-al-sur-de-brasil\\\/#article\",\"isPartOf\":{\"@id\":\"https:\\\/\\\/cvinoticias.com\\\/v3\\\/rodriguez-larreta-en-obera-vamos-a-extender-el-gasoducto-de-vaca-muerta-hacia-el-norte-por-la-mesopotamia-para-proveer-de-gas-a-corrientes-y-a-misiones-y-de-ahi-exportar-al-sur-de-brasil\\\/\"},\"author\":{\"name\":\"f1000024\",\"@id\":\"https:\\\/\\\/cvinoticias.com\\\/v3\\\/#\\\/schema\\\/person\\\/2db77e3c6bc03c538495d7b2b8be9b66\"},\"headline\":\"Rodr\u00edguez Larreta en Ober\u00e1: \u201cVamos a extender el gasoducto de Vaca Muerta hacia el norte por la Mesopotamia, para proveer de gas a Corrientes y a Misiones y de ah\u00ed exportar al sur de Brasil\u201d\",\"datePublished\":\"2023-04-28T23:20:37+00:00\",\"mainEntityOfPage\":{\"@id\":\"https:\\\/\\\/cvinoticias.com\\\/v3\\\/rodriguez-larreta-en-obera-vamos-a-extender-el-gasoducto-de-vaca-muerta-hacia-el-norte-por-la-mesopotamia-para-proveer-de-gas-a-corrientes-y-a-misiones-y-de-ahi-exportar-al-sur-de-brasil\\\/\"},\"wordCount\":943,\"commentCount\":0,\"publisher\":{\"@id\":\"https:\\\/\\\/cvinoticias.com\\\/v3\\\/#organization\"},\"image\":{\"@id\":\"https:\\\/\\\/cvinoticias.com\\\/v3\\\/rodriguez-larreta-en-obera-vamos-a-extender-el-gasoducto-de-vaca-muerta-hacia-el-norte-por-la-mesopotamia-para-proveer-de-gas-a-corrientes-y-a-misiones-y-de-ahi-exportar-al-sur-de-brasil\\\/#primaryimage\"},\"thumbnailUrl\":\"https:\\\/\\\/cvinoticias.com\\\/wp-content\\\/uploads\\\/2023\\\/04\\\/IMG-20230428-WA0079.jpg\",\"articleSection\":[\"Politica\"],\"inLanguage\":\"es\",\"potentialAction\":[{\"@type\":\"CommentAction\",\"name\":\"Comment\",\"target\":[\"https:\\\/\\\/cvinoticias.com\\\/v3\\\/rodriguez-larreta-en-obera-vamos-a-extender-el-gasoducto-de-vaca-muerta-hacia-el-norte-por-la-mesopotamia-para-proveer-de-gas-a-corrientes-y-a-misiones-y-de-ahi-exportar-al-sur-de-brasil\\\/#respond\"]}]},{\"@type\":\"WebPage\",\"@id\":\"https:\\\/\\\/cvinoticias.com\\\/v3\\\/rodriguez-larreta-en-obera-vamos-a-extender-el-gasoducto-de-vaca-muerta-hacia-el-norte-por-la-mesopotamia-para-proveer-de-gas-a-corrientes-y-a-misiones-y-de-ahi-exportar-al-sur-de-brasil\\\/\",\"url\":\"https:\\\/\\\/cvinoticias.com\\\/v3\\\/rodriguez-larreta-en-obera-vamos-a-extender-el-gasoducto-de-vaca-muerta-hacia-el-norte-por-la-mesopotamia-para-proveer-de-gas-a-corrientes-y-a-misiones-y-de-ahi-exportar-al-sur-de-brasil\\\/\",\"name\":\"Rodr\u00edguez Larreta en Ober\u00e1: \u201cVamos a extender el gasoducto de Vaca Muerta hacia el norte por la Mesopotamia, para proveer de gas a Corrientes y a Misiones y de ah\u00ed exportar al sur de Brasil\u201d | CVI NOTICIAS\",\"isPartOf\":{\"@id\":\"https:\\\/\\\/cvinoticias.com\\\/v3\\\/#website\"},\"primaryImageOfPage\":{\"@id\":\"https:\\\/\\\/cvinoticias.com\\\/v3\\\/rodriguez-larreta-en-obera-vamos-a-extender-el-gasoducto-de-vaca-muerta-hacia-el-norte-por-la-mesopotamia-para-proveer-de-gas-a-corrientes-y-a-misiones-y-de-ahi-exportar-al-sur-de-brasil\\\/#primaryimage\"},\"image\":{\"@id\":\"https:\\\/\\\/cvinoticias.com\\\/v3\\\/rodriguez-larreta-en-obera-vamos-a-extender-el-gasoducto-de-vaca-muerta-hacia-el-norte-por-la-mesopotamia-para-proveer-de-gas-a-corrientes-y-a-misiones-y-de-ahi-exportar-al-sur-de-brasil\\\/#primaryimage\"},\"thumbnailUrl\":\"https:\\\/\\\/cvinoticias.com\\\/wp-content\\\/uploads\\\/2023\\\/04\\\/IMG-20230428-WA0079.jpg\",\"datePublished\":\"2023-04-28T23:20:37+00:00\",\"breadcrumb\":{\"@id\":\"https:\\\/\\\/cvinoticias.com\\\/v3\\\/rodriguez-larreta-en-obera-vamos-a-extender-el-gasoducto-de-vaca-muerta-hacia-el-norte-por-la-mesopotamia-para-proveer-de-gas-a-corrientes-y-a-misiones-y-de-ahi-exportar-al-sur-de-brasil\\\/#breadcrumb\"},\"inLanguage\":\"es\",\"potentialAction\":[{\"@type\":\"ReadAction\",\"target\":[\"https:\\\/\\\/cvinoticias.com\\\/v3\\\/rodriguez-larreta-en-obera-vamos-a-extender-el-gasoducto-de-vaca-muerta-hacia-el-norte-por-la-mesopotamia-para-proveer-de-gas-a-corrientes-y-a-misiones-y-de-ahi-exportar-al-sur-de-brasil\\\/\"]}]},{\"@type\":\"ImageObject\",\"inLanguage\":\"es\",\"@id\":\"https:\\\/\\\/cvinoticias.com\\\/v3\\\/rodriguez-larreta-en-obera-vamos-a-extender-el-gasoducto-de-vaca-muerta-hacia-el-norte-por-la-mesopotamia-para-proveer-de-gas-a-corrientes-y-a-misiones-y-de-ahi-exportar-al-sur-de-brasil\\\/#primaryimage\",\"url\":\"https:\\\/\\\/cvinoticias.com\\\/wp-content\\\/uploads\\\/2023\\\/04\\\/IMG-20230428-WA0079.jpg\",\"contentUrl\":\"https:\\\/\\\/cvinoticias.com\\\/wp-content\\\/uploads\\\/2023\\\/04\\\/IMG-20230428-WA0079.jpg\",\"width\":1600,\"height\":1064},{\"@type\":\"BreadcrumbList\",\"@id\":\"https:\\\/\\\/cvinoticias.com\\\/v3\\\/rodriguez-larreta-en-obera-vamos-a-extender-el-gasoducto-de-vaca-muerta-hacia-el-norte-por-la-mesopotamia-para-proveer-de-gas-a-corrientes-y-a-misiones-y-de-ahi-exportar-al-sur-de-brasil\\\/#breadcrumb\",\"itemListElement\":[{\"@type\":\"ListItem\",\"position\":1,\"name\":\"Portada\",\"item\":\"https:\\\/\\\/cvinoticias.com\\\/v3\\\/\"},{\"@type\":\"ListItem\",\"position\":2,\"name\":\"Rodr\u00edguez Larreta en Ober\u00e1: \u201cVamos a extender el gasoducto de Vaca Muerta hacia el norte por la Mesopotamia, para proveer de gas a Corrientes y a Misiones y de ah\u00ed exportar al sur de Brasil\u201d\"}]},{\"@type\":\"WebSite\",\"@id\":\"https:\\\/\\\/cvinoticias.com\\\/v3\\\/#website\",\"url\":\"https:\\\/\\\/cvinoticias.com\\\/v3\\\/\",\"name\":\"CVI NOTICIAS\",\"description\":\"\",\"publisher\":{\"@id\":\"https:\\\/\\\/cvinoticias.com\\\/v3\\\/#organization\"},\"alternateName\":\"CVI\",\"potentialAction\":[{\"@type\":\"SearchAction\",\"target\":{\"@type\":\"EntryPoint\",\"urlTemplate\":\"https:\\\/\\\/cvinoticias.com\\\/v3\\\/?s={search_term_string}\"},\"query-input\":{\"@type\":\"PropertyValueSpecification\",\"valueRequired\":true,\"valueName\":\"search_term_string\"}}],\"inLanguage\":\"es\"},{\"@type\":\"Organization\",\"@id\":\"https:\\\/\\\/cvinoticias.com\\\/v3\\\/#organization\",\"name\":\"CVI NOTICIAS\",\"url\":\"https:\\\/\\\/cvinoticias.com\\\/v3\\\/\",\"logo\":{\"@type\":\"ImageObject\",\"inLanguage\":\"es\",\"@id\":\"https:\\\/\\\/cvinoticias.com\\\/v3\\\/#\\\/schema\\\/logo\\\/image\\\/\",\"url\":\"https:\\\/\\\/cvinoticias.com\\\/wp-content\\\/uploads\\\/2023\\\/04\\\/cropped-cropped-cropped-cropped-cropped-3-1.png\",\"contentUrl\":\"https:\\\/\\\/cvinoticias.com\\\/wp-content\\\/uploads\\\/2023\\\/04\\\/cropped-cropped-cropped-cropped-cropped-3-1.png\",\"width\":95,\"height\":122,\"caption\":\"CVI NOTICIAS\"},\"image\":{\"@id\":\"https:\\\/\\\/cvinoticias.com\\\/v3\\\/#\\\/schema\\\/logo\\\/image\\\/\"},\"sameAs\":[\"https:\\\/\\\/www.facebook.com\\\/cvinoticias\",\"https:\\\/\\\/www.instagram.com\\\/cvinoticias\\\/\",\"https:\\\/\\\/www.youtube.com\\\/@CVINOTICIAS\"]},{\"@type\":\"Person\",\"@id\":\"https:\\\/\\\/cvinoticias.com\\\/v3\\\/#\\\/schema\\\/person\\\/2db77e3c6bc03c538495d7b2b8be9b66\",\"name\":\"f1000024\",\"image\":{\"@type\":\"ImageObject\",\"inLanguage\":\"es\",\"@id\":\"https:\\\/\\\/secure.gravatar.com\\\/avatar\\\/d4fe7459cfc51ff5129ce1a732bbef5928568b8092d412ef95611616376bbeed?s=96&d=mm&r=g\",\"url\":\"https:\\\/\\\/secure.gravatar.com\\\/avatar\\\/d4fe7459cfc51ff5129ce1a732bbef5928568b8092d412ef95611616376bbeed?s=96&d=mm&r=g\",\"contentUrl\":\"https:\\\/\\\/secure.gravatar.com\\\/avatar\\\/d4fe7459cfc51ff5129ce1a732bbef5928568b8092d412ef95611616376bbeed?s=96&d=mm&r=g\",\"caption\":\"f1000024\"},\"url\":\"https:\\\/\\\/cvinoticias.com\\\/v3\\\/author\\\/f1000024\\\/\"}]}<\/script>\n<!-- \/ Yoast SEO plugin. -->","yoast_head_json":{"title":"Rodr\u00edguez Larreta en Ober\u00e1: \u201cVamos a extender el gasoducto de Vaca Muerta hacia el norte por la Mesopotamia, para proveer de gas a Corrientes y a Misiones y de ah\u00ed exportar al sur de Brasil\u201d | CVI NOTICIAS","robots":{"index":"index","follow":"follow","max-snippet":"max-snippet:-1","max-image-preview":"max-image-preview:large","max-video-preview":"max-video-preview:-1"},"canonical":"https:\/\/cvinoticias.com\/v3\/rodriguez-larreta-en-obera-vamos-a-extender-el-gasoducto-de-vaca-muerta-hacia-el-norte-por-la-mesopotamia-para-proveer-de-gas-a-corrientes-y-a-misiones-y-de-ahi-exportar-al-sur-de-brasil\/","og_locale":"es_ES","og_type":"article","og_title":"Rodr\u00edguez Larreta en Ober\u00e1: \u201cVamos a extender el gasoducto de Vaca Muerta hacia el norte por la Mesopotamia, para proveer de gas a Corrientes y a Misiones y de ah\u00ed exportar al sur de Brasil\u201d | CVI NOTICIAS","og_description":"El precandidato presidencial de Juntos por el Cambio (JxC), Horacio Rodr\u00edguez Larreta, visit\u00f3 esta tarde la ciudad de Ober\u00e1, en Misiones, para apoyar a los candidatos de su espacio pol\u00edtico que competir\u00e1n en los comicios provinciales del pr\u00f3ximo 7 de mayo, y conocer m\u00e1s en profundidad la realidad del territorio. Lo recibi\u00f3 Martin Arjol (UCR), [&hellip;]","og_url":"https:\/\/cvinoticias.com\/v3\/rodriguez-larreta-en-obera-vamos-a-extender-el-gasoducto-de-vaca-muerta-hacia-el-norte-por-la-mesopotamia-para-proveer-de-gas-a-corrientes-y-a-misiones-y-de-ahi-exportar-al-sur-de-brasil\/","og_site_name":"CVI NOTICIAS","article_publisher":"https:\/\/www.facebook.com\/cvinoticias","article_published_time":"2023-04-28T23:20:37+00:00","og_image":[{"width":1600,"height":1064,"url":"https:\/\/cvinoticias.com\/wp-content\/uploads\/2023\/04\/IMG-20230428-WA0079.jpg","type":"image\/jpeg"}],"author":"f1000024","twitter_card":"summary_large_image","twitter_misc":{"Escrito por":"f1000024","Tiempo de lectura":"5 minutos"},"schema":{"@context":"https:\/\/schema.org","@graph":[{"@type":"Article","@id":"https:\/\/cvinoticias.com\/v3\/rodriguez-larreta-en-obera-vamos-a-extender-el-gasoducto-de-vaca-muerta-hacia-el-norte-por-la-mesopotamia-para-proveer-de-gas-a-corrientes-y-a-misiones-y-de-ahi-exportar-al-sur-de-brasil\/#article","isPartOf":{"@id":"https:\/\/cvinoticias.com\/v3\/rodriguez-larreta-en-obera-vamos-a-extender-el-gasoducto-de-vaca-muerta-hacia-el-norte-por-la-mesopotamia-para-proveer-de-gas-a-corrientes-y-a-misiones-y-de-ahi-exportar-al-sur-de-brasil\/"},"author":{"name":"f1000024","@id":"https:\/\/cvinoticias.com\/v3\/#\/schema\/person\/2db77e3c6bc03c538495d7b2b8be9b66"},"headline":"Rodr\u00edguez Larreta en Ober\u00e1: \u201cVamos a extender el gasoducto de Vaca Muerta hacia el norte por la Mesopotamia, para proveer de gas a Corrientes y a Misiones y de ah\u00ed exportar al sur de Brasil\u201d","datePublished":"2023-04-28T23:20:37+00:00","mainEntityOfPage":{"@id":"https:\/\/cvinoticias.com\/v3\/rodriguez-larreta-en-obera-vamos-a-extender-el-gasoducto-de-vaca-muerta-hacia-el-norte-por-la-mesopotamia-para-proveer-de-gas-a-corrientes-y-a-misiones-y-de-ahi-exportar-al-sur-de-brasil\/"},"wordCount":943,"commentCount":0,"publisher":{"@id":"https:\/\/cvinoticias.com\/v3\/#organization"},"image":{"@id":"https:\/\/cvinoticias.com\/v3\/rodriguez-larreta-en-obera-vamos-a-extender-el-gasoducto-de-vaca-muerta-hacia-el-norte-por-la-mesopotamia-para-proveer-de-gas-a-corrientes-y-a-misiones-y-de-ahi-exportar-al-sur-de-brasil\/#primaryimage"},"thumbnailUrl":"https:\/\/cvinoticias.com\/wp-content\/uploads\/2023\/04\/IMG-20230428-WA0079.jpg","articleSection":["Politica"],"inLanguage":"es","potentialAction":[{"@type":"CommentAction","name":"Comment","target":["https:\/\/cvinoticias.com\/v3\/rodriguez-larreta-en-obera-vamos-a-extender-el-gasoducto-de-vaca-muerta-hacia-el-norte-por-la-mesopotamia-para-proveer-de-gas-a-corrientes-y-a-misiones-y-de-ahi-exportar-al-sur-de-brasil\/#respond"]}]},{"@type":"WebPage","@id":"https:\/\/cvinoticias.com\/v3\/rodriguez-larreta-en-obera-vamos-a-extender-el-gasoducto-de-vaca-muerta-hacia-el-norte-por-la-mesopotamia-para-proveer-de-gas-a-corrientes-y-a-misiones-y-de-ahi-exportar-al-sur-de-brasil\/","url":"https:\/\/cvinoticias.com\/v3\/rodriguez-larreta-en-obera-vamos-a-extender-el-gasoducto-de-vaca-muerta-hacia-el-norte-por-la-mesopotamia-para-proveer-de-gas-a-corrientes-y-a-misiones-y-de-ahi-exportar-al-sur-de-brasil\/","name":"Rodr\u00edguez Larreta en Ober\u00e1: \u201cVamos a extender el gasoducto de Vaca Muerta hacia el norte por la Mesopotamia, para proveer de gas a Corrientes y a Misiones y de ah\u00ed exportar al sur de Brasil\u201d | CVI NOTICIAS","isPartOf":{"@id":"https:\/\/cvinoticias.com\/v3\/#website"},"primaryImageOfPage":{"@id":"https:\/\/cvinoticias.com\/v3\/rodriguez-larreta-en-obera-vamos-a-extender-el-gasoducto-de-vaca-muerta-hacia-el-norte-por-la-mesopotamia-para-proveer-de-gas-a-corrientes-y-a-misiones-y-de-ahi-exportar-al-sur-de-brasil\/#primaryimage"},"image":{"@id":"https:\/\/cvinoticias.com\/v3\/rodriguez-larreta-en-obera-vamos-a-extender-el-gasoducto-de-vaca-muerta-hacia-el-norte-por-la-mesopotamia-para-proveer-de-gas-a-corrientes-y-a-misiones-y-de-ahi-exportar-al-sur-de-brasil\/#primaryimage"},"thumbnailUrl":"https:\/\/cvinoticias.com\/wp-content\/uploads\/2023\/04\/IMG-20230428-WA0079.jpg","datePublished":"2023-04-28T23:20:37+00:00","breadcrumb":{"@id":"https:\/\/cvinoticias.com\/v3\/rodriguez-larreta-en-obera-vamos-a-extender-el-gasoducto-de-vaca-muerta-hacia-el-norte-por-la-mesopotamia-para-proveer-de-gas-a-corrientes-y-a-misiones-y-de-ahi-exportar-al-sur-de-brasil\/#breadcrumb"},"inLanguage":"es","potentialAction":[{"@type":"ReadAction","target":["https:\/\/cvinoticias.com\/v3\/rodriguez-larreta-en-obera-vamos-a-extender-el-gasoducto-de-vaca-muerta-hacia-el-norte-por-la-mesopotamia-para-proveer-de-gas-a-corrientes-y-a-misiones-y-de-ahi-exportar-al-sur-de-brasil\/"]}]},{"@type":"ImageObject","inLanguage":"es","@id":"https:\/\/cvinoticias.com\/v3\/rodriguez-larreta-en-obera-vamos-a-extender-el-gasoducto-de-vaca-muerta-hacia-el-norte-por-la-mesopotamia-para-proveer-de-gas-a-corrientes-y-a-misiones-y-de-ahi-exportar-al-sur-de-brasil\/#primaryimage","url":"https:\/\/cvinoticias.com\/wp-content\/uploads\/2023\/04\/IMG-20230428-WA0079.jpg","contentUrl":"https:\/\/cvinoticias.com\/wp-content\/uploads\/2023\/04\/IMG-20230428-WA0079.jpg","width":1600,"height":1064},{"@type":"BreadcrumbList","@id":"https:\/\/cvinoticias.com\/v3\/rodriguez-larreta-en-obera-vamos-a-extender-el-gasoducto-de-vaca-muerta-hacia-el-norte-por-la-mesopotamia-para-proveer-de-gas-a-corrientes-y-a-misiones-y-de-ahi-exportar-al-sur-de-brasil\/#breadcrumb","itemListElement":[{"@type":"ListItem","position":1,"name":"Portada","item":"https:\/\/cvinoticias.com\/v3\/"},{"@type":"ListItem","position":2,"name":"Rodr\u00edguez Larreta en Ober\u00e1: \u201cVamos a extender el gasoducto de Vaca Muerta hacia el norte por la Mesopotamia, para proveer de gas a Corrientes y a Misiones y de ah\u00ed exportar al sur de Brasil\u201d"}]},{"@type":"WebSite","@id":"https:\/\/cvinoticias.com\/v3\/#website","url":"https:\/\/cvinoticias.com\/v3\/","name":"CVI NOTICIAS","description":"","publisher":{"@id":"https:\/\/cvinoticias.com\/v3\/#organization"},"alternateName":"CVI","potentialAction":[{"@type":"SearchAction","target":{"@type":"EntryPoint","urlTemplate":"https:\/\/cvinoticias.com\/v3\/?s={search_term_string}"},"query-input":{"@type":"PropertyValueSpecification","valueRequired":true,"valueName":"search_term_string"}}],"inLanguage":"es"},{"@type":"Organization","@id":"https:\/\/cvinoticias.com\/v3\/#organization","name":"CVI NOTICIAS","url":"https:\/\/cvinoticias.com\/v3\/","logo":{"@type":"ImageObject","inLanguage":"es","@id":"https:\/\/cvinoticias.com\/v3\/#\/schema\/logo\/image\/","url":"https:\/\/cvinoticias.com\/wp-content\/uploads\/2023\/04\/cropped-cropped-cropped-cropped-cropped-3-1.png","contentUrl":"https:\/\/cvinoticias.com\/wp-content\/uploads\/2023\/04\/cropped-cropped-cropped-cropped-cropped-3-1.png","width":95,"height":122,"caption":"CVI NOTICIAS"},"image":{"@id":"https:\/\/cvinoticias.com\/v3\/#\/schema\/logo\/image\/"},"sameAs":["https:\/\/www.facebook.com\/cvinoticias","https:\/\/www.instagram.com\/cvinoticias\/","https:\/\/www.youtube.com\/@CVINOTICIAS"]},{"@type":"Person","@id":"https:\/\/cvinoticias.com\/v3\/#\/schema\/person\/2db77e3c6bc03c538495d7b2b8be9b66","name":"f1000024","image":{"@type":"ImageObject","inLanguage":"es","@id":"https:\/\/secure.gravatar.com\/avatar\/d4fe7459cfc51ff5129ce1a732bbef5928568b8092d412ef95611616376bbeed?s=96&d=mm&r=g","url":"https:\/\/secure.gravatar.com\/avatar\/d4fe7459cfc51ff5129ce1a732bbef5928568b8092d412ef95611616376bbeed?s=96&d=mm&r=g","contentUrl":"https:\/\/secure.gravatar.com\/avatar\/d4fe7459cfc51ff5129ce1a732bbef5928568b8092d412ef95611616376bbeed?s=96&d=mm&r=g","caption":"f1000024"},"url":"https:\/\/cvinoticias.com\/v3\/author\/f1000024\/"}]}},"_links":{"self":[{"href":"https:\/\/cvinoticias.com\/v3\/wp-json\/wp\/v2\/posts\/24438","targetHints":{"allow":["GET"]}}],"collection":[{"href":"https:\/\/cvinoticias.com\/v3\/wp-json\/wp\/v2\/posts"}],"about":[{"href":"https:\/\/cvinoticias.com\/v3\/wp-json\/wp\/v2\/types\/post"}],"author":[{"embeddable":true,"href":"https:\/\/cvinoticias.com\/v3\/wp-json\/wp\/v2\/users\/2"}],"replies":[{"embeddable":true,"href":"https:\/\/cvinoticias.com\/v3\/wp-json\/wp\/v2\/comments?post=24438"}],"version-history":[{"count":1,"href":"https:\/\/cvinoticias.com\/v3\/wp-json\/wp\/v2\/posts\/24438\/revisions"}],"predecessor-version":[{"id":24440,"href":"https:\/\/cvinoticias.com\/v3\/wp-json\/wp\/v2\/posts\/24438\/revisions\/24440"}],"wp:featuredmedia":[{"embeddable":true,"href":"https:\/\/cvinoticias.com\/v3\/wp-json\/wp\/v2\/media\/24439"}],"wp:attachment":[{"href":"https:\/\/cvinoticias.com\/v3\/wp-json\/wp\/v2\/media?parent=24438"}],"wp:term":[{"taxonomy":"category","embeddable":true,"href":"https:\/\/cvinoticias.com\/v3\/wp-json\/wp\/v2\/categories?post=24438"},{"taxonomy":"post_tag","embeddable":true,"href":"https:\/\/cvinoticias.com\/v3\/wp-json\/wp\/v2\/tags?post=24438"}],"curies":[{"name":"wp","href":"https:\/\/api.w.org\/{rel}","templated":true}]}}