{"id":24432,"date":"2023-04-28T11:46:21","date_gmt":"2023-04-28T11:46:21","guid":{"rendered":"https:\/\/cvinoticias.com\/v3\/?p=24432"},"modified":"2023-04-28T11:46:21","modified_gmt":"2023-04-28T11:46:21","slug":"cristina-kirchner-sobre-su-posible-candidatura-yo-ya-di-lo-que-tenia-que-dar","status":"publish","type":"post","link":"https:\/\/cvinoticias.com\/v3\/cristina-kirchner-sobre-su-posible-candidatura-yo-ya-di-lo-que-tenia-que-dar\/","title":{"rendered":"Cristina Kirchner, sobre su posible candidatura: \u00abYo ya di lo que ten\u00eda que dar\u00bb"},"content":{"rendered":"\n<p><strong><em>Aunque los tiempos vertiginosos de la coyuntura argentina contrar\u00edan la percepci\u00f3n del tiempo, hace menos de una semana el presidente Alberto Fern\u00e1ndez daba un paso al costado de las elecciones 2023 y el Congreso del PJ anunciaba que presentar\u00eda alianzas en una ceremonia el 16 de mayo.<\/em><\/strong><\/p>\n\n\n\n<p>En ese contexto, este jueves Cristina Fern\u00e1ndez de Kirchner hizo su primera aparici\u00f3n p\u00fablica en una charla donde habl\u00f3 del devenir econ\u00f3mico nacional y el acuerdo con el FMI.<\/p>\n\n\n\n<p>El Teatro Argentino fue el marco de la clase magistral titulada \u00abLa Argentina Circular. El FMI y su hist\u00f3rica receta de inflaci\u00f3n y recesi\u00f3n. Fragmentaci\u00f3n pol\u00edtica y concentraci\u00f3n econ\u00f3mica\u00bb. La actividad tambi\u00e9n conmemor\u00f3 el 20\u00b0 aniversario de los comicios en los que fue electo presidente N\u00e9stor Kirchner y present\u00f3 la inauguraci\u00f3n de la Escuela Justicialista llamada, precisamente. \u00abN\u00e9stor Kirchner\u00bb.<\/p>\n\n\n\n<p><strong>Cristina Kirchner y las perspectivas pol\u00edticas a futuro<\/strong><\/p>\n\n\n\n<p>La vicepresidente sostuvo que \u00abfrente a poderes econ\u00f3micos cada vez m\u00e1s concentrado hay un Estado m\u00e1s fragmentado, dividido y enfrentado. \u00bfA qui\u00e9n le van a hacer creer los pol\u00edticos hoy, cualquier sea el origen o la idea, que van a poder controlar lo que haga el poder econ\u00f3mico y que van a solucionar el problema de los argentinos? Qu\u00e9 no me jodan m\u00e1s con esa fantas\u00eda\u00bb, sostuvo y se refiri\u00f3 a \u00abesos que vienen a decir que la casta tiene miedo, \u00bfde qu\u00e9 tiene miedo? Si nunca te pas\u00f3 nada, hermano. \u00bfQu\u00e9 me ven\u00eds a joder con qu\u00e9 te tenemos miedo? \u00bfDe d\u00f3nde te tenemos miedo? Caraduras\u00bb.<\/p>\n\n\n\n<p>Adem\u00e1s habl\u00f3 sobre el intento de magnicidio en su contra: \u00abNo quieren investigar a los que me quisieron matar y que tienen evidentes compromisos con sectores empresarios de la Rep\u00fablica Argentina\u00bb. \u00ab\u00bfMiedo tengo saben por qu\u00e9? Porque mis nietos puedan crecer en un pa\u00eds tan injusto. Yo ya viv\u00ed y ya d\u00ed lo que ten\u00eda que dar. Temo por los j\u00f3venes, porque hay demasiada cobard\u00eda e hipocres\u00eda\u00bb, agreg\u00f3.<\/p>\n\n\n\n<p>Posteriormente pidi\u00f3 \u00abun programa de gobierno\u00bb, considerando que \u00abse vienen momentos en el mundo donde vamos a tener que estar preparados para grandes cambios\u00bb. \u00abLa gran discusi\u00f3n no va a ser si capitalismo s\u00ed o capitalismo no, sino qui\u00e9n conduce los procesos de producci\u00f3n para no da\u00f1ar tanto el medio ambiente y que haya mayor igualdad\u00bb, entendi\u00f3.<\/p>\n\n\n\n<p><strong>Cristina Kirchner: \u00abLa dolarizaci\u00f3n es mucho peor que la convertibilidad\u00bb<\/strong><\/p>\n\n\n\n<p>La vicepresidenta reflexion\u00f3 sobre la situaci\u00f3n econ\u00f3mica diciendo que \u00abes imposible avanzar en el presente y en el futuro si no sabemos de d\u00f3nde venimos\u00bb pidi\u00f3 y calific\u00f3 a \u00abla dolarizaci\u00f3n es mucho peor que la convertibilidad\u00bb, aunque record\u00f3 que \u00aben la convertibilidad estuvieron a punto de fundirse las principales empresas argentinas\u00bb.<\/p>\n\n\n\n<p>Entre los impedimentos para dolarizar la econom\u00eda nacional se\u00f1al\u00f3 a la soberan\u00eda monetaria y que \u00abla Argentina tiene una matriz competitiva con la matriz productiva de Estados Unidos\u00bb. \u00abEl problema es que la dolarizaci\u00f3n se presenta como una respuesta a la inflaci\u00f3n\u00bb, indic\u00f3.<\/p>\n\n\n\n<p>En simult\u00e1neo, dijo que \u00abno hay que creer que por tener Vaca Muerta nos vamos a salvar porque cuando uno no tiene valor agregado y s\u00f3lo produce materias primas, est\u00e1 muy sujeta a los precios y volatibilidades internacionales\u00bb. \u00abTenemos que saber qu\u00e9 vamos a hacer con el litio\u00bb, agreg\u00f3.<\/p>\n\n\n\n<p>\u00abMe parece que es bueno que esta Escuela pueda ahondar en estas cuestiones discutiendo con los compa\u00f1eros yendo a la calle a discutir como discut\u00edamos en nuestra \u00e9poca, en todas partes\u00bb, pidi\u00f3 Cristina Kirchner. \u00abDar debate en el cuerpo a cuerpo con ciudadanos y ciudadanas\u00bb, fue su definici\u00f3n.<\/p>\n\n\n\n<p>La vicepresidenta reiter\u00f3 que \u00abes necesario sentarse todas las fuerzas pol\u00edticas por la dolarizaci\u00f3n de hecho que hay en la Argentina\u00bb, y admiti\u00f3 que \u00abno quiero ponerme de acuerdo en todo\u00bb pero que es preciso debatir la econom\u00eda bimonetaria \u00abpara que el pa\u00eds funcione normalmente\u00bb y que \u00abno sea un drama cada movimiento cambiario en la Rep\u00fablica Argentina\u00bb.<\/p>\n\n\n\n<p><strong>Cristina Kirchner sobre el FMI: \u00abFue el protagonista de los peores momentos\u00bb<\/strong><\/p>\n\n\n\n<p>La vicepresidenta apunt\u00f3 contra el \u00ablastre\u00bb del \u00abretorno del FMI a la Argentina\u00bb. \u00abEstamos ante un problema brutal\u00bb, recordando que \u00abfue el protagonista de los peores momentos que se vivieron durante la democracia en materia econ\u00f3mica y de condicionalidades\u00bb y calific\u00f3 al acuerdo como \u00abinflacionario porque es una pol\u00edtica enlatada, que se aplica como una receta monotem\u00e1tica a todos los pa\u00edses\u00bb. \u00abLas pol\u00edticas del FMI no han funcionado en ninguna parte. No hay un modelo exitoso\u00bb, a\u00f1adi\u00f3.<\/p>\n\n\n\n<p>En ese sentido ratific\u00f3 que \u00abes necesario revisar esas cl\u00e1usulas y ese acuerdo\u00bb y rememor\u00f3 que \u00abel gran caballito de batalla fue el d\u00e9ficit fiscal: la meta del a\u00f1o pasado se sobrecumpli\u00f3, m\u00e1s de lo que el Fondo exig\u00eda. Sin embargo, la inflaci\u00f3n se dispar\u00f3 igual, porque la inflaci\u00f3n est\u00e1 atada en la Argentina a la escasez o abundancia de d\u00f3lares\u00bb.<\/p>\n\n\n\n<p>\u00ab\u00bfQui\u00e9n va a prestar miles de millones de d\u00f3lares si no est\u00e1n apalancados en el exterior con una garant\u00eda? Lo que pasa es que despu\u00e9s us\u00e1s los d\u00f3lares, que deber\u00edan estar dedicados a la industria para sostener la actividad econ\u00f3mica, para pagar deuda. Se pod\u00eda haber evitado y se hubiesen enojado algunos. Ese es el problema de querer gobernar y conformar a todos: finalmente termin\u00e1s enojando a todos\u00bb, critic\u00f3.<\/p>\n\n\n\n<p>Luego pidi\u00f3 \u00abrevisar las condicionalidades\u00bb con el FMI y \u00aben el futuro vamos a tener que discutir que la suma que se pague al Fondo est\u00e9n atadas con un porcentaje al super\u00e1vit fiscal, que son los \u00fanicos d\u00f3lares que producimos\u00bb.<\/p>\n\n\n\n<p>Cristina Kirchner continu\u00f3 hablando del d\u00e9ficit fiscal, se\u00f1alando que no tiene que ver con \u00abgastos sociales\u00bb que representan \u00abun 4,6% del PBI\u00bb: \u00abYo me quejo m\u00e1s de los que tienen plata y no pagan impuestos\u00bb, dijo. \u00abEl gasto tributario est\u00e1 en el Presupuesto de la Naci\u00f3n\u00bb, record\u00f3 y sostuvo que si se pagaran en su totalidad \u00abno tendr\u00edamos d\u00e9ficit fiscal\u00bb. Se\u00f1al\u00f3, adem\u00e1s, que la al\u00edcuota del Impuesto a las Ganancias es del 35% pero, en promedio, s\u00f3lo se pagan un 2,45%.<\/p>\n\n\n\n<p>\u00abTendr\u00edamos que sentarnos en una mesa a ver cu\u00e1nto pone cada uno\u00bb, manifest\u00f3 y agreg\u00f3: \u00ablos pol\u00edticos hacen cola para ir a los plenarios de los empresarios a decirles a cu\u00e1ntos le van a pegar, cu\u00e1ntos empleados van a echar. No va m\u00e1s esto\u00bb.<\/p>\n\n\n\n<p>Precis\u00f3 que \u00abparte de las discusiones que tuvo el anterior ministro no fueron conmigo, sino porque el Banco Central no interven\u00eda en algunas situaciones, como sentarse en las reservas\u00bb. \u00abNo se trata de una persona, sino hay que construir un programa de gobierno\u00bb, reflexion\u00f3 acerca de las corridas cambiarias.<\/p>\n\n\n\n<p>Posteriormente, analiz\u00f3 que \u00abhoy tenemos otros problemas: crecimiento econ\u00f3mico real y genuino con mala distribuci\u00f3n del ingreso. Hay por primera vez trabajadores en relaci\u00f3n de dependencia que son pobres. Esto nunca nos hab\u00eda pasado y es uno de los desaf\u00edos que tenemos\u00bb. \u00abLa actividad econ\u00f3mica creci\u00f3 y el empleo que se gener\u00f3 fue m\u00e1s precario, informal y con mucho monotributo\u00bb, entendi\u00f3.<\/p>\n\n\n\n<p><strong>Cristina Kirchner y la historia: \u00bfen qu\u00e9 contexto asumi\u00f3 N\u00e9stor Kirchner en el 2003?<\/strong><\/p>\n\n\n\n<p>En el inicio de su alocuci\u00f3n, destac\u00f3 las obras que permitieron reinaugurar la Sala Ginastera en el Teatro Argentino de La Plata y prometi\u00f3 que su charla iba a ser \u00abalgo m\u00e1s que una clase magistral\u00bb. Posteriormente, destac\u00f3 la creaci\u00f3n de la Escuela Justicialista como herramienta de \u00abcapacitaci\u00f3n de an\u00e1lisis pol\u00edtico\u00bb porque \u00abmuchas veces nos encontramos con t\u00e9cnicos e intelectuales que dicen saben todo pero tal vez no entiendan nada\u00bb.<\/p>\n\n\n\n<p>\u00abEn esta Argentina circular el pasado aparece otra vez en el presente: hoy estamos ante una situaci\u00f3n que figuras, ideas y hechos del pasado parecen querer venir nuevamente al presente para condicionarlo y tambi\u00e9n para condicionar el futuro\u00bb, consider\u00f3 la vicepresidenta e inici\u00f3 su an\u00e1lisis sobre el contexto en el que N\u00e9stor Kirchner gan\u00f3 la elecci\u00f3n, en el 2003.<\/p>\n\n\n\n<p>En ese marco, hablando sobre la instalaci\u00f3n de la convertibilidad, apunt\u00f3 a Javier Milei como disc\u00edpulo de Domingo Cavallo. Sobre esa medida econ\u00f3mico, detall\u00f3 que \u00abfue sostenida con los d\u00f3lares que entraron por las privatizaciones y cuando se acabaron esos d\u00f3lares, con los d\u00f3lares del endeudamiento que la Naci\u00f3n tomaba para que la base monetaria estuviera respaldada\u00bb. \u00abEso no dur\u00f3, obviamente. Comenz\u00f3 a producirse una apertura industrial indiscriminada, a destruirse todo el aparato industrial y aumentar la desocupaci\u00f3n\u00bb, a\u00f1adi\u00f3.<\/p>\n\n\n\n<p>Luego enumer\u00f3: \u00abMuertos, violencia, represi\u00f3n: esa es la historia de la convertibilidad en la Rep\u00fablica Argentina. Y es la historia de la dolarizaci\u00f3n\u00bb. \u00abHoy nos vienen a proponer exactamente lo mismo y estamos todos discutiendo lo que fracas\u00f3 hace m\u00e1s de veinte a\u00f1os\u00bb, indic\u00f3 y compar\u00f3 a la Alianza con Juntos por el Cambio, cuyos dirigentes \u00abtambi\u00e9n eran los funcionarios que en ese momento la gente dec\u00eda: &#8216;Que se vayan todos&#8217;. Es notable\u00bb.<\/p>\n\n\n\n<p>Despu\u00e9s de enumerar el rol de Horacio Rodr\u00edguez Larreta en el PAMI, de Patricia Bullrich en el Ministerio de Trabajo y de Ricardo L\u00f3pez Murphy en el Ministerio de Econom\u00eda, sostuvo que \u00abes importante convocar a los j\u00f3venes a superar los veinte minutos del Tik Tok\u00bb.<\/p>\n","protected":false},"excerpt":{"rendered":"<p>Aunque los tiempos vertiginosos de la coyuntura argentina contrar\u00edan la percepci\u00f3n del tiempo, hace menos de una semana el presidente Alberto Fern\u00e1ndez daba un paso al costado de las elecciones 2023 y el Congreso del PJ anunciaba que presentar\u00eda alianzas en una ceremonia el 16 de mayo. En ese contexto, este jueves Cristina Fern\u00e1ndez de [&hellip;]<\/p>\n","protected":false},"author":2,"featured_media":24433,"comment_status":"open","ping_status":"open","sticky":false,"template":"","format":"standard","meta":{"footnotes":""},"categories":[39,42],"tags":[],"class_list":["post-24432","post","type-post","status-publish","format-standard","has-post-thumbnail","hentry","category-nacionales","category-politica"],"yoast_head":"<!-- This site is optimized with the Yoast SEO plugin v27.4 - https:\/\/yoast.com\/product\/yoast-seo-wordpress\/ -->\n<title>Cristina Kirchner, sobre su posible candidatura: &quot;Yo ya di lo que ten\u00eda que dar&quot; | CVI NOTICIAS<\/title>\n<meta name=\"robots\" content=\"index, follow, max-snippet:-1, max-image-preview:large, max-video-preview:-1\" \/>\n<link rel=\"canonical\" href=\"https:\/\/cvinoticias.com\/v3\/cristina-kirchner-sobre-su-posible-candidatura-yo-ya-di-lo-que-tenia-que-dar\/\" \/>\n<meta property=\"og:locale\" content=\"es_ES\" \/>\n<meta property=\"og:type\" content=\"article\" \/>\n<meta property=\"og:title\" content=\"Cristina Kirchner, sobre su posible candidatura: &quot;Yo ya di lo que ten\u00eda que dar&quot; | CVI NOTICIAS\" \/>\n<meta property=\"og:description\" content=\"Aunque los tiempos vertiginosos de la coyuntura argentina contrar\u00edan la percepci\u00f3n del tiempo, hace menos de una semana el presidente Alberto Fern\u00e1ndez daba un paso al costado de las elecciones 2023 y el Congreso del PJ anunciaba que presentar\u00eda alianzas en una ceremonia el 16 de mayo. En ese contexto, este jueves Cristina Fern\u00e1ndez de [&hellip;]\" \/>\n<meta property=\"og:url\" content=\"https:\/\/cvinoticias.com\/v3\/cristina-kirchner-sobre-su-posible-candidatura-yo-ya-di-lo-que-tenia-que-dar\/\" \/>\n<meta property=\"og:site_name\" content=\"CVI NOTICIAS\" \/>\n<meta property=\"article:publisher\" content=\"https:\/\/www.facebook.com\/cvinoticias\" \/>\n<meta property=\"article:published_time\" content=\"2023-04-28T11:46:21+00:00\" \/>\n<meta property=\"og:image\" content=\"https:\/\/cvinoticias.com\/wp-content\/uploads\/2023\/04\/f608x342-465715_495438_15.jpg\" \/>\n\t<meta property=\"og:image:width\" content=\"608\" \/>\n\t<meta property=\"og:image:height\" content=\"342\" \/>\n\t<meta property=\"og:image:type\" content=\"image\/jpeg\" \/>\n<meta name=\"author\" content=\"f1000024\" \/>\n<meta name=\"twitter:card\" content=\"summary_large_image\" \/>\n<meta name=\"twitter:label1\" content=\"Escrito por\" \/>\n\t<meta name=\"twitter:data1\" content=\"f1000024\" \/>\n\t<meta name=\"twitter:label2\" content=\"Tiempo de lectura\" \/>\n\t<meta name=\"twitter:data2\" content=\"8 minutos\" \/>\n<script type=\"application\/ld+json\" class=\"yoast-schema-graph\">{\"@context\":\"https:\\\/\\\/schema.org\",\"@graph\":[{\"@type\":\"Article\",\"@id\":\"https:\\\/\\\/cvinoticias.com\\\/v3\\\/cristina-kirchner-sobre-su-posible-candidatura-yo-ya-di-lo-que-tenia-que-dar\\\/#article\",\"isPartOf\":{\"@id\":\"https:\\\/\\\/cvinoticias.com\\\/v3\\\/cristina-kirchner-sobre-su-posible-candidatura-yo-ya-di-lo-que-tenia-que-dar\\\/\"},\"author\":{\"name\":\"f1000024\",\"@id\":\"https:\\\/\\\/cvinoticias.com\\\/v3\\\/#\\\/schema\\\/person\\\/2db77e3c6bc03c538495d7b2b8be9b66\"},\"headline\":\"Cristina Kirchner, sobre su posible candidatura: \u00abYo ya di lo que ten\u00eda que dar\u00bb\",\"datePublished\":\"2023-04-28T11:46:21+00:00\",\"mainEntityOfPage\":{\"@id\":\"https:\\\/\\\/cvinoticias.com\\\/v3\\\/cristina-kirchner-sobre-su-posible-candidatura-yo-ya-di-lo-que-tenia-que-dar\\\/\"},\"wordCount\":1624,\"commentCount\":0,\"publisher\":{\"@id\":\"https:\\\/\\\/cvinoticias.com\\\/v3\\\/#organization\"},\"image\":{\"@id\":\"https:\\\/\\\/cvinoticias.com\\\/v3\\\/cristina-kirchner-sobre-su-posible-candidatura-yo-ya-di-lo-que-tenia-que-dar\\\/#primaryimage\"},\"thumbnailUrl\":\"https:\\\/\\\/cvinoticias.com\\\/wp-content\\\/uploads\\\/2023\\\/04\\\/f608x342-465715_495438_15.jpg\",\"articleSection\":[\"Nacionales\",\"Politica\"],\"inLanguage\":\"es\",\"potentialAction\":[{\"@type\":\"CommentAction\",\"name\":\"Comment\",\"target\":[\"https:\\\/\\\/cvinoticias.com\\\/v3\\\/cristina-kirchner-sobre-su-posible-candidatura-yo-ya-di-lo-que-tenia-que-dar\\\/#respond\"]}]},{\"@type\":\"WebPage\",\"@id\":\"https:\\\/\\\/cvinoticias.com\\\/v3\\\/cristina-kirchner-sobre-su-posible-candidatura-yo-ya-di-lo-que-tenia-que-dar\\\/\",\"url\":\"https:\\\/\\\/cvinoticias.com\\\/v3\\\/cristina-kirchner-sobre-su-posible-candidatura-yo-ya-di-lo-que-tenia-que-dar\\\/\",\"name\":\"Cristina Kirchner, sobre su posible candidatura: \\\"Yo ya di lo que ten\u00eda que dar\\\" | CVI NOTICIAS\",\"isPartOf\":{\"@id\":\"https:\\\/\\\/cvinoticias.com\\\/v3\\\/#website\"},\"primaryImageOfPage\":{\"@id\":\"https:\\\/\\\/cvinoticias.com\\\/v3\\\/cristina-kirchner-sobre-su-posible-candidatura-yo-ya-di-lo-que-tenia-que-dar\\\/#primaryimage\"},\"image\":{\"@id\":\"https:\\\/\\\/cvinoticias.com\\\/v3\\\/cristina-kirchner-sobre-su-posible-candidatura-yo-ya-di-lo-que-tenia-que-dar\\\/#primaryimage\"},\"thumbnailUrl\":\"https:\\\/\\\/cvinoticias.com\\\/wp-content\\\/uploads\\\/2023\\\/04\\\/f608x342-465715_495438_15.jpg\",\"datePublished\":\"2023-04-28T11:46:21+00:00\",\"breadcrumb\":{\"@id\":\"https:\\\/\\\/cvinoticias.com\\\/v3\\\/cristina-kirchner-sobre-su-posible-candidatura-yo-ya-di-lo-que-tenia-que-dar\\\/#breadcrumb\"},\"inLanguage\":\"es\",\"potentialAction\":[{\"@type\":\"ReadAction\",\"target\":[\"https:\\\/\\\/cvinoticias.com\\\/v3\\\/cristina-kirchner-sobre-su-posible-candidatura-yo-ya-di-lo-que-tenia-que-dar\\\/\"]}]},{\"@type\":\"ImageObject\",\"inLanguage\":\"es\",\"@id\":\"https:\\\/\\\/cvinoticias.com\\\/v3\\\/cristina-kirchner-sobre-su-posible-candidatura-yo-ya-di-lo-que-tenia-que-dar\\\/#primaryimage\",\"url\":\"https:\\\/\\\/cvinoticias.com\\\/wp-content\\\/uploads\\\/2023\\\/04\\\/f608x342-465715_495438_15.jpg\",\"contentUrl\":\"https:\\\/\\\/cvinoticias.com\\\/wp-content\\\/uploads\\\/2023\\\/04\\\/f608x342-465715_495438_15.jpg\",\"width\":608,\"height\":342},{\"@type\":\"BreadcrumbList\",\"@id\":\"https:\\\/\\\/cvinoticias.com\\\/v3\\\/cristina-kirchner-sobre-su-posible-candidatura-yo-ya-di-lo-que-tenia-que-dar\\\/#breadcrumb\",\"itemListElement\":[{\"@type\":\"ListItem\",\"position\":1,\"name\":\"Portada\",\"item\":\"https:\\\/\\\/cvinoticias.com\\\/v3\\\/\"},{\"@type\":\"ListItem\",\"position\":2,\"name\":\"Cristina Kirchner, sobre su posible candidatura: \u00abYo ya di lo que ten\u00eda que dar\u00bb\"}]},{\"@type\":\"WebSite\",\"@id\":\"https:\\\/\\\/cvinoticias.com\\\/v3\\\/#website\",\"url\":\"https:\\\/\\\/cvinoticias.com\\\/v3\\\/\",\"name\":\"CVI NOTICIAS\",\"description\":\"\",\"publisher\":{\"@id\":\"https:\\\/\\\/cvinoticias.com\\\/v3\\\/#organization\"},\"alternateName\":\"CVI\",\"potentialAction\":[{\"@type\":\"SearchAction\",\"target\":{\"@type\":\"EntryPoint\",\"urlTemplate\":\"https:\\\/\\\/cvinoticias.com\\\/v3\\\/?s={search_term_string}\"},\"query-input\":{\"@type\":\"PropertyValueSpecification\",\"valueRequired\":true,\"valueName\":\"search_term_string\"}}],\"inLanguage\":\"es\"},{\"@type\":\"Organization\",\"@id\":\"https:\\\/\\\/cvinoticias.com\\\/v3\\\/#organization\",\"name\":\"CVI NOTICIAS\",\"url\":\"https:\\\/\\\/cvinoticias.com\\\/v3\\\/\",\"logo\":{\"@type\":\"ImageObject\",\"inLanguage\":\"es\",\"@id\":\"https:\\\/\\\/cvinoticias.com\\\/v3\\\/#\\\/schema\\\/logo\\\/image\\\/\",\"url\":\"https:\\\/\\\/cvinoticias.com\\\/wp-content\\\/uploads\\\/2023\\\/04\\\/cropped-cropped-cropped-cropped-cropped-3-1.png\",\"contentUrl\":\"https:\\\/\\\/cvinoticias.com\\\/wp-content\\\/uploads\\\/2023\\\/04\\\/cropped-cropped-cropped-cropped-cropped-3-1.png\",\"width\":95,\"height\":122,\"caption\":\"CVI NOTICIAS\"},\"image\":{\"@id\":\"https:\\\/\\\/cvinoticias.com\\\/v3\\\/#\\\/schema\\\/logo\\\/image\\\/\"},\"sameAs\":[\"https:\\\/\\\/www.facebook.com\\\/cvinoticias\",\"https:\\\/\\\/www.instagram.com\\\/cvinoticias\\\/\",\"https:\\\/\\\/www.youtube.com\\\/@CVINOTICIAS\"]},{\"@type\":\"Person\",\"@id\":\"https:\\\/\\\/cvinoticias.com\\\/v3\\\/#\\\/schema\\\/person\\\/2db77e3c6bc03c538495d7b2b8be9b66\",\"name\":\"f1000024\",\"image\":{\"@type\":\"ImageObject\",\"inLanguage\":\"es\",\"@id\":\"https:\\\/\\\/secure.gravatar.com\\\/avatar\\\/d4fe7459cfc51ff5129ce1a732bbef5928568b8092d412ef95611616376bbeed?s=96&d=mm&r=g\",\"url\":\"https:\\\/\\\/secure.gravatar.com\\\/avatar\\\/d4fe7459cfc51ff5129ce1a732bbef5928568b8092d412ef95611616376bbeed?s=96&d=mm&r=g\",\"contentUrl\":\"https:\\\/\\\/secure.gravatar.com\\\/avatar\\\/d4fe7459cfc51ff5129ce1a732bbef5928568b8092d412ef95611616376bbeed?s=96&d=mm&r=g\",\"caption\":\"f1000024\"},\"url\":\"https:\\\/\\\/cvinoticias.com\\\/v3\\\/author\\\/f1000024\\\/\"}]}<\/script>\n<!-- \/ Yoast SEO plugin. -->","yoast_head_json":{"title":"Cristina Kirchner, sobre su posible candidatura: \"Yo ya di lo que ten\u00eda que dar\" | CVI NOTICIAS","robots":{"index":"index","follow":"follow","max-snippet":"max-snippet:-1","max-image-preview":"max-image-preview:large","max-video-preview":"max-video-preview:-1"},"canonical":"https:\/\/cvinoticias.com\/v3\/cristina-kirchner-sobre-su-posible-candidatura-yo-ya-di-lo-que-tenia-que-dar\/","og_locale":"es_ES","og_type":"article","og_title":"Cristina Kirchner, sobre su posible candidatura: \"Yo ya di lo que ten\u00eda que dar\" | CVI NOTICIAS","og_description":"Aunque los tiempos vertiginosos de la coyuntura argentina contrar\u00edan la percepci\u00f3n del tiempo, hace menos de una semana el presidente Alberto Fern\u00e1ndez daba un paso al costado de las elecciones 2023 y el Congreso del PJ anunciaba que presentar\u00eda alianzas en una ceremonia el 16 de mayo. En ese contexto, este jueves Cristina Fern\u00e1ndez de [&hellip;]","og_url":"https:\/\/cvinoticias.com\/v3\/cristina-kirchner-sobre-su-posible-candidatura-yo-ya-di-lo-que-tenia-que-dar\/","og_site_name":"CVI NOTICIAS","article_publisher":"https:\/\/www.facebook.com\/cvinoticias","article_published_time":"2023-04-28T11:46:21+00:00","og_image":[{"width":608,"height":342,"url":"https:\/\/cvinoticias.com\/wp-content\/uploads\/2023\/04\/f608x342-465715_495438_15.jpg","type":"image\/jpeg"}],"author":"f1000024","twitter_card":"summary_large_image","twitter_misc":{"Escrito por":"f1000024","Tiempo de lectura":"8 minutos"},"schema":{"@context":"https:\/\/schema.org","@graph":[{"@type":"Article","@id":"https:\/\/cvinoticias.com\/v3\/cristina-kirchner-sobre-su-posible-candidatura-yo-ya-di-lo-que-tenia-que-dar\/#article","isPartOf":{"@id":"https:\/\/cvinoticias.com\/v3\/cristina-kirchner-sobre-su-posible-candidatura-yo-ya-di-lo-que-tenia-que-dar\/"},"author":{"name":"f1000024","@id":"https:\/\/cvinoticias.com\/v3\/#\/schema\/person\/2db77e3c6bc03c538495d7b2b8be9b66"},"headline":"Cristina Kirchner, sobre su posible candidatura: \u00abYo ya di lo que ten\u00eda que dar\u00bb","datePublished":"2023-04-28T11:46:21+00:00","mainEntityOfPage":{"@id":"https:\/\/cvinoticias.com\/v3\/cristina-kirchner-sobre-su-posible-candidatura-yo-ya-di-lo-que-tenia-que-dar\/"},"wordCount":1624,"commentCount":0,"publisher":{"@id":"https:\/\/cvinoticias.com\/v3\/#organization"},"image":{"@id":"https:\/\/cvinoticias.com\/v3\/cristina-kirchner-sobre-su-posible-candidatura-yo-ya-di-lo-que-tenia-que-dar\/#primaryimage"},"thumbnailUrl":"https:\/\/cvinoticias.com\/wp-content\/uploads\/2023\/04\/f608x342-465715_495438_15.jpg","articleSection":["Nacionales","Politica"],"inLanguage":"es","potentialAction":[{"@type":"CommentAction","name":"Comment","target":["https:\/\/cvinoticias.com\/v3\/cristina-kirchner-sobre-su-posible-candidatura-yo-ya-di-lo-que-tenia-que-dar\/#respond"]}]},{"@type":"WebPage","@id":"https:\/\/cvinoticias.com\/v3\/cristina-kirchner-sobre-su-posible-candidatura-yo-ya-di-lo-que-tenia-que-dar\/","url":"https:\/\/cvinoticias.com\/v3\/cristina-kirchner-sobre-su-posible-candidatura-yo-ya-di-lo-que-tenia-que-dar\/","name":"Cristina Kirchner, sobre su posible candidatura: \"Yo ya di lo que ten\u00eda que dar\" | CVI NOTICIAS","isPartOf":{"@id":"https:\/\/cvinoticias.com\/v3\/#website"},"primaryImageOfPage":{"@id":"https:\/\/cvinoticias.com\/v3\/cristina-kirchner-sobre-su-posible-candidatura-yo-ya-di-lo-que-tenia-que-dar\/#primaryimage"},"image":{"@id":"https:\/\/cvinoticias.com\/v3\/cristina-kirchner-sobre-su-posible-candidatura-yo-ya-di-lo-que-tenia-que-dar\/#primaryimage"},"thumbnailUrl":"https:\/\/cvinoticias.com\/wp-content\/uploads\/2023\/04\/f608x342-465715_495438_15.jpg","datePublished":"2023-04-28T11:46:21+00:00","breadcrumb":{"@id":"https:\/\/cvinoticias.com\/v3\/cristina-kirchner-sobre-su-posible-candidatura-yo-ya-di-lo-que-tenia-que-dar\/#breadcrumb"},"inLanguage":"es","potentialAction":[{"@type":"ReadAction","target":["https:\/\/cvinoticias.com\/v3\/cristina-kirchner-sobre-su-posible-candidatura-yo-ya-di-lo-que-tenia-que-dar\/"]}]},{"@type":"ImageObject","inLanguage":"es","@id":"https:\/\/cvinoticias.com\/v3\/cristina-kirchner-sobre-su-posible-candidatura-yo-ya-di-lo-que-tenia-que-dar\/#primaryimage","url":"https:\/\/cvinoticias.com\/wp-content\/uploads\/2023\/04\/f608x342-465715_495438_15.jpg","contentUrl":"https:\/\/cvinoticias.com\/wp-content\/uploads\/2023\/04\/f608x342-465715_495438_15.jpg","width":608,"height":342},{"@type":"BreadcrumbList","@id":"https:\/\/cvinoticias.com\/v3\/cristina-kirchner-sobre-su-posible-candidatura-yo-ya-di-lo-que-tenia-que-dar\/#breadcrumb","itemListElement":[{"@type":"ListItem","position":1,"name":"Portada","item":"https:\/\/cvinoticias.com\/v3\/"},{"@type":"ListItem","position":2,"name":"Cristina Kirchner, sobre su posible candidatura: \u00abYo ya di lo que ten\u00eda que dar\u00bb"}]},{"@type":"WebSite","@id":"https:\/\/cvinoticias.com\/v3\/#website","url":"https:\/\/cvinoticias.com\/v3\/","name":"CVI NOTICIAS","description":"","publisher":{"@id":"https:\/\/cvinoticias.com\/v3\/#organization"},"alternateName":"CVI","potentialAction":[{"@type":"SearchAction","target":{"@type":"EntryPoint","urlTemplate":"https:\/\/cvinoticias.com\/v3\/?s={search_term_string}"},"query-input":{"@type":"PropertyValueSpecification","valueRequired":true,"valueName":"search_term_string"}}],"inLanguage":"es"},{"@type":"Organization","@id":"https:\/\/cvinoticias.com\/v3\/#organization","name":"CVI NOTICIAS","url":"https:\/\/cvinoticias.com\/v3\/","logo":{"@type":"ImageObject","inLanguage":"es","@id":"https:\/\/cvinoticias.com\/v3\/#\/schema\/logo\/image\/","url":"https:\/\/cvinoticias.com\/wp-content\/uploads\/2023\/04\/cropped-cropped-cropped-cropped-cropped-3-1.png","contentUrl":"https:\/\/cvinoticias.com\/wp-content\/uploads\/2023\/04\/cropped-cropped-cropped-cropped-cropped-3-1.png","width":95,"height":122,"caption":"CVI NOTICIAS"},"image":{"@id":"https:\/\/cvinoticias.com\/v3\/#\/schema\/logo\/image\/"},"sameAs":["https:\/\/www.facebook.com\/cvinoticias","https:\/\/www.instagram.com\/cvinoticias\/","https:\/\/www.youtube.com\/@CVINOTICIAS"]},{"@type":"Person","@id":"https:\/\/cvinoticias.com\/v3\/#\/schema\/person\/2db77e3c6bc03c538495d7b2b8be9b66","name":"f1000024","image":{"@type":"ImageObject","inLanguage":"es","@id":"https:\/\/secure.gravatar.com\/avatar\/d4fe7459cfc51ff5129ce1a732bbef5928568b8092d412ef95611616376bbeed?s=96&d=mm&r=g","url":"https:\/\/secure.gravatar.com\/avatar\/d4fe7459cfc51ff5129ce1a732bbef5928568b8092d412ef95611616376bbeed?s=96&d=mm&r=g","contentUrl":"https:\/\/secure.gravatar.com\/avatar\/d4fe7459cfc51ff5129ce1a732bbef5928568b8092d412ef95611616376bbeed?s=96&d=mm&r=g","caption":"f1000024"},"url":"https:\/\/cvinoticias.com\/v3\/author\/f1000024\/"}]}},"_links":{"self":[{"href":"https:\/\/cvinoticias.com\/v3\/wp-json\/wp\/v2\/posts\/24432","targetHints":{"allow":["GET"]}}],"collection":[{"href":"https:\/\/cvinoticias.com\/v3\/wp-json\/wp\/v2\/posts"}],"about":[{"href":"https:\/\/cvinoticias.com\/v3\/wp-json\/wp\/v2\/types\/post"}],"author":[{"embeddable":true,"href":"https:\/\/cvinoticias.com\/v3\/wp-json\/wp\/v2\/users\/2"}],"replies":[{"embeddable":true,"href":"https:\/\/cvinoticias.com\/v3\/wp-json\/wp\/v2\/comments?post=24432"}],"version-history":[{"count":1,"href":"https:\/\/cvinoticias.com\/v3\/wp-json\/wp\/v2\/posts\/24432\/revisions"}],"predecessor-version":[{"id":24434,"href":"https:\/\/cvinoticias.com\/v3\/wp-json\/wp\/v2\/posts\/24432\/revisions\/24434"}],"wp:featuredmedia":[{"embeddable":true,"href":"https:\/\/cvinoticias.com\/v3\/wp-json\/wp\/v2\/media\/24433"}],"wp:attachment":[{"href":"https:\/\/cvinoticias.com\/v3\/wp-json\/wp\/v2\/media?parent=24432"}],"wp:term":[{"taxonomy":"category","embeddable":true,"href":"https:\/\/cvinoticias.com\/v3\/wp-json\/wp\/v2\/categories?post=24432"},{"taxonomy":"post_tag","embeddable":true,"href":"https:\/\/cvinoticias.com\/v3\/wp-json\/wp\/v2\/tags?post=24432"}],"curies":[{"name":"wp","href":"https:\/\/api.w.org\/{rel}","templated":true}]}}