{"id":24403,"date":"2023-04-26T12:05:19","date_gmt":"2023-04-26T12:05:19","guid":{"rendered":"https:\/\/cvinoticias.com\/v3\/?p=24403"},"modified":"2023-04-26T12:05:19","modified_gmt":"2023-04-26T12:05:19","slug":"relanzan-programa-hogar-de-anses","status":"publish","type":"post","link":"https:\/\/cvinoticias.com\/v3\/relanzan-programa-hogar-de-anses\/","title":{"rendered":"Relanzan Programa Hogar de ANSES"},"content":{"rendered":"\n<p><strong><em>La titular de la ANSES y el ministro de Econom\u00eda de la Naci\u00f3n relanzaron el Programa Hogar.<\/em><\/strong><\/p>\n\n\n\n<p>El Gobierno nacional relanz\u00f3 el Programa Hogar, de la de la Secretar\u00eda de Energ\u00eda de la Naci\u00f3n, que subsidiar\u00e1 el 80% del valor de la garrafa de gas a los hogares de menores ingresos.<\/p>\n\n\n\n<p>El anuncio lo hicieron el ministro de Econom\u00eda de la Naci\u00f3n, Sergio Massa, y la titular de la ANSES, Fernanda Raverta.<\/p>\n\n\n\n<p>Las titulares de la Asignaci\u00f3n Universal por Hijo y la Asignaci\u00f3n por Embarazo, as\u00ed como tambi\u00e9n los jubilados y pensionados de hasta un haber m\u00ednimo que percib\u00edan el Programa Hogar no deber\u00e1n volver a inscribirse.<\/p>\n\n\n\n<p><strong>ANSES: En qu\u00e9 consiste el Programa Hogar<\/strong><\/p>\n\n\n\n<p>Consiste en un subsidio directo y mensual fijado por la Secretar\u00eda de Energ\u00eda que cubre parte del precio de la garrafa de 10 kg.<\/p>\n\n\n\n<p><strong>Qui\u00e9nes pueden solicitar el Programa Hogar<\/strong><\/p>\n\n\n\n<p>Todos los hogares sin conexi\u00f3n a la red de gas natural, cuyos ingresos sean inferiores a:<\/p>\n\n\n\n<p>Dos Salarios M\u00ednimos, Vitales y M\u00f3viles (SMVM).<\/p>\n\n\n\n<p>Tres SMVM si alguno de sus integrantes posee Certificado de Discapacidad.<\/p>\n\n\n\n<p>2,8 SMVM si residen en las zonas m\u00e1s fr\u00edas del pa\u00eds.<\/p>\n\n\n\n<p>4,2 SMVM si residen en las zonas m\u00e1s fr\u00edas del pa\u00eds y alguno de sus integrantes posee Certificado de Discapacidad.<\/p>\n\n\n\n<p>En el caso de los monotributistas, de acuerdo con las siguientes categor\u00edas:<\/p>\n\n\n\n<p>Hogares cuyos ingresos sean hasta Categor\u00eda C (inclusive).<\/p>\n\n\n\n<p>Hogares con integrante con certificado de discapacidad, cuyos ingresos sean hasta Categor\u00eda D (inclusive).<\/p>\n\n\n\n<p>En la Patagonia, hogares cuyos ingresos sean hasta Categor\u00eda D (inclusive) y hogares con integrante con certificado de discapacidad, cuyos ingresos sean hasta Categor\u00eda E (inclusive).<\/p>\n\n\n\n<p>Para todos los casos, es fundamental que los datos personales y del grupo familiar conviviente est\u00e9n actualizados en ANSES.<\/p>\n\n\n\n<p><strong>\u00bfC\u00f3mo es la inscripci\u00f3n?<\/strong><\/p>\n\n\n\n<p>Con la Clave de Seguridad Social a trav\u00e9s de MI ANSES en www.anses.gob.ar o con turno previo en cualquier oficina de la ANSES.<\/p>\n","protected":false},"excerpt":{"rendered":"<p>La titular de la ANSES y el ministro de Econom\u00eda de la Naci\u00f3n relanzaron el Programa Hogar. El Gobierno nacional relanz\u00f3 el Programa Hogar, de la de la Secretar\u00eda de Energ\u00eda de la Naci\u00f3n, que subsidiar\u00e1 el 80% del valor de la garrafa de gas a los hogares de menores ingresos. El anuncio lo hicieron [&hellip;]<\/p>\n","protected":false},"author":2,"featured_media":24353,"comment_status":"open","ping_status":"open","sticky":false,"template":"","format":"standard","meta":{"footnotes":""},"categories":[35],"tags":[],"class_list":["post-24403","post","type-post","status-publish","format-standard","has-post-thumbnail","hentry","category-informacion-general"],"yoast_head":"<!-- This site is optimized with the Yoast SEO plugin v27.4 - https:\/\/yoast.com\/product\/yoast-seo-wordpress\/ -->\n<title>Relanzan Programa Hogar de ANSES | CVI NOTICIAS<\/title>\n<meta name=\"robots\" content=\"index, follow, max-snippet:-1, max-image-preview:large, max-video-preview:-1\" \/>\n<link rel=\"canonical\" href=\"https:\/\/cvinoticias.com\/v3\/relanzan-programa-hogar-de-anses\/\" \/>\n<meta property=\"og:locale\" content=\"es_ES\" \/>\n<meta property=\"og:type\" content=\"article\" \/>\n<meta property=\"og:title\" content=\"Relanzan Programa Hogar de ANSES | CVI NOTICIAS\" \/>\n<meta property=\"og:description\" content=\"La titular de la ANSES y el ministro de Econom\u00eda de la Naci\u00f3n relanzaron el Programa Hogar. El Gobierno nacional relanz\u00f3 el Programa Hogar, de la de la Secretar\u00eda de Energ\u00eda de la Naci\u00f3n, que subsidiar\u00e1 el 80% del valor de la garrafa de gas a los hogares de menores ingresos. El anuncio lo hicieron [&hellip;]\" \/>\n<meta property=\"og:url\" content=\"https:\/\/cvinoticias.com\/v3\/relanzan-programa-hogar-de-anses\/\" \/>\n<meta property=\"og:site_name\" content=\"CVI NOTICIAS\" \/>\n<meta property=\"article:publisher\" content=\"https:\/\/www.facebook.com\/cvinoticias\" \/>\n<meta property=\"article:published_time\" content=\"2023-04-26T12:05:19+00:00\" \/>\n<meta property=\"og:image\" content=\"https:\/\/cvinoticias.com\/wp-content\/uploads\/2023\/04\/64466b8968f92169088403.jpg\" \/>\n\t<meta property=\"og:image:width\" content=\"800\" \/>\n\t<meta property=\"og:image:height\" content=\"445\" \/>\n\t<meta property=\"og:image:type\" content=\"image\/jpeg\" \/>\n<meta name=\"author\" content=\"f1000024\" \/>\n<meta name=\"twitter:card\" content=\"summary_large_image\" \/>\n<meta name=\"twitter:label1\" content=\"Escrito por\" \/>\n\t<meta name=\"twitter:data1\" content=\"f1000024\" \/>\n\t<meta name=\"twitter:label2\" content=\"Tiempo de lectura\" \/>\n\t<meta name=\"twitter:data2\" content=\"2 minutos\" \/>\n<script type=\"application\/ld+json\" class=\"yoast-schema-graph\">{\"@context\":\"https:\\\/\\\/schema.org\",\"@graph\":[{\"@type\":\"Article\",\"@id\":\"https:\\\/\\\/cvinoticias.com\\\/v3\\\/relanzan-programa-hogar-de-anses\\\/#article\",\"isPartOf\":{\"@id\":\"https:\\\/\\\/cvinoticias.com\\\/v3\\\/relanzan-programa-hogar-de-anses\\\/\"},\"author\":{\"name\":\"f1000024\",\"@id\":\"https:\\\/\\\/cvinoticias.com\\\/v3\\\/#\\\/schema\\\/person\\\/2db77e3c6bc03c538495d7b2b8be9b66\"},\"headline\":\"Relanzan Programa Hogar de ANSES\",\"datePublished\":\"2023-04-26T12:05:19+00:00\",\"mainEntityOfPage\":{\"@id\":\"https:\\\/\\\/cvinoticias.com\\\/v3\\\/relanzan-programa-hogar-de-anses\\\/\"},\"wordCount\":353,\"commentCount\":0,\"publisher\":{\"@id\":\"https:\\\/\\\/cvinoticias.com\\\/v3\\\/#organization\"},\"image\":{\"@id\":\"https:\\\/\\\/cvinoticias.com\\\/v3\\\/relanzan-programa-hogar-de-anses\\\/#primaryimage\"},\"thumbnailUrl\":\"https:\\\/\\\/cvinoticias.com\\\/wp-content\\\/uploads\\\/2023\\\/04\\\/64466b8968f92169088403.jpg\",\"articleSection\":[\"Informaci\u00f3n General\"],\"inLanguage\":\"es\",\"potentialAction\":[{\"@type\":\"CommentAction\",\"name\":\"Comment\",\"target\":[\"https:\\\/\\\/cvinoticias.com\\\/v3\\\/relanzan-programa-hogar-de-anses\\\/#respond\"]}]},{\"@type\":\"WebPage\",\"@id\":\"https:\\\/\\\/cvinoticias.com\\\/v3\\\/relanzan-programa-hogar-de-anses\\\/\",\"url\":\"https:\\\/\\\/cvinoticias.com\\\/v3\\\/relanzan-programa-hogar-de-anses\\\/\",\"name\":\"Relanzan Programa Hogar de ANSES | CVI NOTICIAS\",\"isPartOf\":{\"@id\":\"https:\\\/\\\/cvinoticias.com\\\/v3\\\/#website\"},\"primaryImageOfPage\":{\"@id\":\"https:\\\/\\\/cvinoticias.com\\\/v3\\\/relanzan-programa-hogar-de-anses\\\/#primaryimage\"},\"image\":{\"@id\":\"https:\\\/\\\/cvinoticias.com\\\/v3\\\/relanzan-programa-hogar-de-anses\\\/#primaryimage\"},\"thumbnailUrl\":\"https:\\\/\\\/cvinoticias.com\\\/wp-content\\\/uploads\\\/2023\\\/04\\\/64466b8968f92169088403.jpg\",\"datePublished\":\"2023-04-26T12:05:19+00:00\",\"breadcrumb\":{\"@id\":\"https:\\\/\\\/cvinoticias.com\\\/v3\\\/relanzan-programa-hogar-de-anses\\\/#breadcrumb\"},\"inLanguage\":\"es\",\"potentialAction\":[{\"@type\":\"ReadAction\",\"target\":[\"https:\\\/\\\/cvinoticias.com\\\/v3\\\/relanzan-programa-hogar-de-anses\\\/\"]}]},{\"@type\":\"ImageObject\",\"inLanguage\":\"es\",\"@id\":\"https:\\\/\\\/cvinoticias.com\\\/v3\\\/relanzan-programa-hogar-de-anses\\\/#primaryimage\",\"url\":\"https:\\\/\\\/cvinoticias.com\\\/wp-content\\\/uploads\\\/2023\\\/04\\\/64466b8968f92169088403.jpg\",\"contentUrl\":\"https:\\\/\\\/cvinoticias.com\\\/wp-content\\\/uploads\\\/2023\\\/04\\\/64466b8968f92169088403.jpg\",\"width\":800,\"height\":445},{\"@type\":\"BreadcrumbList\",\"@id\":\"https:\\\/\\\/cvinoticias.com\\\/v3\\\/relanzan-programa-hogar-de-anses\\\/#breadcrumb\",\"itemListElement\":[{\"@type\":\"ListItem\",\"position\":1,\"name\":\"Portada\",\"item\":\"https:\\\/\\\/cvinoticias.com\\\/v3\\\/\"},{\"@type\":\"ListItem\",\"position\":2,\"name\":\"Relanzan Programa Hogar de ANSES\"}]},{\"@type\":\"WebSite\",\"@id\":\"https:\\\/\\\/cvinoticias.com\\\/v3\\\/#website\",\"url\":\"https:\\\/\\\/cvinoticias.com\\\/v3\\\/\",\"name\":\"CVI NOTICIAS\",\"description\":\"\",\"publisher\":{\"@id\":\"https:\\\/\\\/cvinoticias.com\\\/v3\\\/#organization\"},\"alternateName\":\"CVI\",\"potentialAction\":[{\"@type\":\"SearchAction\",\"target\":{\"@type\":\"EntryPoint\",\"urlTemplate\":\"https:\\\/\\\/cvinoticias.com\\\/v3\\\/?s={search_term_string}\"},\"query-input\":{\"@type\":\"PropertyValueSpecification\",\"valueRequired\":true,\"valueName\":\"search_term_string\"}}],\"inLanguage\":\"es\"},{\"@type\":\"Organization\",\"@id\":\"https:\\\/\\\/cvinoticias.com\\\/v3\\\/#organization\",\"name\":\"CVI NOTICIAS\",\"url\":\"https:\\\/\\\/cvinoticias.com\\\/v3\\\/\",\"logo\":{\"@type\":\"ImageObject\",\"inLanguage\":\"es\",\"@id\":\"https:\\\/\\\/cvinoticias.com\\\/v3\\\/#\\\/schema\\\/logo\\\/image\\\/\",\"url\":\"https:\\\/\\\/cvinoticias.com\\\/wp-content\\\/uploads\\\/2023\\\/04\\\/cropped-cropped-cropped-cropped-cropped-3-1.png\",\"contentUrl\":\"https:\\\/\\\/cvinoticias.com\\\/wp-content\\\/uploads\\\/2023\\\/04\\\/cropped-cropped-cropped-cropped-cropped-3-1.png\",\"width\":95,\"height\":122,\"caption\":\"CVI NOTICIAS\"},\"image\":{\"@id\":\"https:\\\/\\\/cvinoticias.com\\\/v3\\\/#\\\/schema\\\/logo\\\/image\\\/\"},\"sameAs\":[\"https:\\\/\\\/www.facebook.com\\\/cvinoticias\",\"https:\\\/\\\/www.instagram.com\\\/cvinoticias\\\/\",\"https:\\\/\\\/www.youtube.com\\\/@CVINOTICIAS\"]},{\"@type\":\"Person\",\"@id\":\"https:\\\/\\\/cvinoticias.com\\\/v3\\\/#\\\/schema\\\/person\\\/2db77e3c6bc03c538495d7b2b8be9b66\",\"name\":\"f1000024\",\"image\":{\"@type\":\"ImageObject\",\"inLanguage\":\"es\",\"@id\":\"https:\\\/\\\/secure.gravatar.com\\\/avatar\\\/d4fe7459cfc51ff5129ce1a732bbef5928568b8092d412ef95611616376bbeed?s=96&d=mm&r=g\",\"url\":\"https:\\\/\\\/secure.gravatar.com\\\/avatar\\\/d4fe7459cfc51ff5129ce1a732bbef5928568b8092d412ef95611616376bbeed?s=96&d=mm&r=g\",\"contentUrl\":\"https:\\\/\\\/secure.gravatar.com\\\/avatar\\\/d4fe7459cfc51ff5129ce1a732bbef5928568b8092d412ef95611616376bbeed?s=96&d=mm&r=g\",\"caption\":\"f1000024\"},\"url\":\"https:\\\/\\\/cvinoticias.com\\\/v3\\\/author\\\/f1000024\\\/\"}]}<\/script>\n<!-- \/ Yoast SEO plugin. -->","yoast_head_json":{"title":"Relanzan Programa Hogar de ANSES | CVI NOTICIAS","robots":{"index":"index","follow":"follow","max-snippet":"max-snippet:-1","max-image-preview":"max-image-preview:large","max-video-preview":"max-video-preview:-1"},"canonical":"https:\/\/cvinoticias.com\/v3\/relanzan-programa-hogar-de-anses\/","og_locale":"es_ES","og_type":"article","og_title":"Relanzan Programa Hogar de ANSES | CVI NOTICIAS","og_description":"La titular de la ANSES y el ministro de Econom\u00eda de la Naci\u00f3n relanzaron el Programa Hogar. El Gobierno nacional relanz\u00f3 el Programa Hogar, de la de la Secretar\u00eda de Energ\u00eda de la Naci\u00f3n, que subsidiar\u00e1 el 80% del valor de la garrafa de gas a los hogares de menores ingresos. El anuncio lo hicieron [&hellip;]","og_url":"https:\/\/cvinoticias.com\/v3\/relanzan-programa-hogar-de-anses\/","og_site_name":"CVI NOTICIAS","article_publisher":"https:\/\/www.facebook.com\/cvinoticias","article_published_time":"2023-04-26T12:05:19+00:00","og_image":[{"width":800,"height":445,"url":"https:\/\/cvinoticias.com\/wp-content\/uploads\/2023\/04\/64466b8968f92169088403.jpg","type":"image\/jpeg"}],"author":"f1000024","twitter_card":"summary_large_image","twitter_misc":{"Escrito por":"f1000024","Tiempo de lectura":"2 minutos"},"schema":{"@context":"https:\/\/schema.org","@graph":[{"@type":"Article","@id":"https:\/\/cvinoticias.com\/v3\/relanzan-programa-hogar-de-anses\/#article","isPartOf":{"@id":"https:\/\/cvinoticias.com\/v3\/relanzan-programa-hogar-de-anses\/"},"author":{"name":"f1000024","@id":"https:\/\/cvinoticias.com\/v3\/#\/schema\/person\/2db77e3c6bc03c538495d7b2b8be9b66"},"headline":"Relanzan Programa Hogar de ANSES","datePublished":"2023-04-26T12:05:19+00:00","mainEntityOfPage":{"@id":"https:\/\/cvinoticias.com\/v3\/relanzan-programa-hogar-de-anses\/"},"wordCount":353,"commentCount":0,"publisher":{"@id":"https:\/\/cvinoticias.com\/v3\/#organization"},"image":{"@id":"https:\/\/cvinoticias.com\/v3\/relanzan-programa-hogar-de-anses\/#primaryimage"},"thumbnailUrl":"https:\/\/cvinoticias.com\/wp-content\/uploads\/2023\/04\/64466b8968f92169088403.jpg","articleSection":["Informaci\u00f3n General"],"inLanguage":"es","potentialAction":[{"@type":"CommentAction","name":"Comment","target":["https:\/\/cvinoticias.com\/v3\/relanzan-programa-hogar-de-anses\/#respond"]}]},{"@type":"WebPage","@id":"https:\/\/cvinoticias.com\/v3\/relanzan-programa-hogar-de-anses\/","url":"https:\/\/cvinoticias.com\/v3\/relanzan-programa-hogar-de-anses\/","name":"Relanzan Programa Hogar de ANSES | CVI NOTICIAS","isPartOf":{"@id":"https:\/\/cvinoticias.com\/v3\/#website"},"primaryImageOfPage":{"@id":"https:\/\/cvinoticias.com\/v3\/relanzan-programa-hogar-de-anses\/#primaryimage"},"image":{"@id":"https:\/\/cvinoticias.com\/v3\/relanzan-programa-hogar-de-anses\/#primaryimage"},"thumbnailUrl":"https:\/\/cvinoticias.com\/wp-content\/uploads\/2023\/04\/64466b8968f92169088403.jpg","datePublished":"2023-04-26T12:05:19+00:00","breadcrumb":{"@id":"https:\/\/cvinoticias.com\/v3\/relanzan-programa-hogar-de-anses\/#breadcrumb"},"inLanguage":"es","potentialAction":[{"@type":"ReadAction","target":["https:\/\/cvinoticias.com\/v3\/relanzan-programa-hogar-de-anses\/"]}]},{"@type":"ImageObject","inLanguage":"es","@id":"https:\/\/cvinoticias.com\/v3\/relanzan-programa-hogar-de-anses\/#primaryimage","url":"https:\/\/cvinoticias.com\/wp-content\/uploads\/2023\/04\/64466b8968f92169088403.jpg","contentUrl":"https:\/\/cvinoticias.com\/wp-content\/uploads\/2023\/04\/64466b8968f92169088403.jpg","width":800,"height":445},{"@type":"BreadcrumbList","@id":"https:\/\/cvinoticias.com\/v3\/relanzan-programa-hogar-de-anses\/#breadcrumb","itemListElement":[{"@type":"ListItem","position":1,"name":"Portada","item":"https:\/\/cvinoticias.com\/v3\/"},{"@type":"ListItem","position":2,"name":"Relanzan Programa Hogar de ANSES"}]},{"@type":"WebSite","@id":"https:\/\/cvinoticias.com\/v3\/#website","url":"https:\/\/cvinoticias.com\/v3\/","name":"CVI NOTICIAS","description":"","publisher":{"@id":"https:\/\/cvinoticias.com\/v3\/#organization"},"alternateName":"CVI","potentialAction":[{"@type":"SearchAction","target":{"@type":"EntryPoint","urlTemplate":"https:\/\/cvinoticias.com\/v3\/?s={search_term_string}"},"query-input":{"@type":"PropertyValueSpecification","valueRequired":true,"valueName":"search_term_string"}}],"inLanguage":"es"},{"@type":"Organization","@id":"https:\/\/cvinoticias.com\/v3\/#organization","name":"CVI NOTICIAS","url":"https:\/\/cvinoticias.com\/v3\/","logo":{"@type":"ImageObject","inLanguage":"es","@id":"https:\/\/cvinoticias.com\/v3\/#\/schema\/logo\/image\/","url":"https:\/\/cvinoticias.com\/wp-content\/uploads\/2023\/04\/cropped-cropped-cropped-cropped-cropped-3-1.png","contentUrl":"https:\/\/cvinoticias.com\/wp-content\/uploads\/2023\/04\/cropped-cropped-cropped-cropped-cropped-3-1.png","width":95,"height":122,"caption":"CVI NOTICIAS"},"image":{"@id":"https:\/\/cvinoticias.com\/v3\/#\/schema\/logo\/image\/"},"sameAs":["https:\/\/www.facebook.com\/cvinoticias","https:\/\/www.instagram.com\/cvinoticias\/","https:\/\/www.youtube.com\/@CVINOTICIAS"]},{"@type":"Person","@id":"https:\/\/cvinoticias.com\/v3\/#\/schema\/person\/2db77e3c6bc03c538495d7b2b8be9b66","name":"f1000024","image":{"@type":"ImageObject","inLanguage":"es","@id":"https:\/\/secure.gravatar.com\/avatar\/d4fe7459cfc51ff5129ce1a732bbef5928568b8092d412ef95611616376bbeed?s=96&d=mm&r=g","url":"https:\/\/secure.gravatar.com\/avatar\/d4fe7459cfc51ff5129ce1a732bbef5928568b8092d412ef95611616376bbeed?s=96&d=mm&r=g","contentUrl":"https:\/\/secure.gravatar.com\/avatar\/d4fe7459cfc51ff5129ce1a732bbef5928568b8092d412ef95611616376bbeed?s=96&d=mm&r=g","caption":"f1000024"},"url":"https:\/\/cvinoticias.com\/v3\/author\/f1000024\/"}]}},"_links":{"self":[{"href":"https:\/\/cvinoticias.com\/v3\/wp-json\/wp\/v2\/posts\/24403","targetHints":{"allow":["GET"]}}],"collection":[{"href":"https:\/\/cvinoticias.com\/v3\/wp-json\/wp\/v2\/posts"}],"about":[{"href":"https:\/\/cvinoticias.com\/v3\/wp-json\/wp\/v2\/types\/post"}],"author":[{"embeddable":true,"href":"https:\/\/cvinoticias.com\/v3\/wp-json\/wp\/v2\/users\/2"}],"replies":[{"embeddable":true,"href":"https:\/\/cvinoticias.com\/v3\/wp-json\/wp\/v2\/comments?post=24403"}],"version-history":[{"count":1,"href":"https:\/\/cvinoticias.com\/v3\/wp-json\/wp\/v2\/posts\/24403\/revisions"}],"predecessor-version":[{"id":24404,"href":"https:\/\/cvinoticias.com\/v3\/wp-json\/wp\/v2\/posts\/24403\/revisions\/24404"}],"wp:featuredmedia":[{"embeddable":true,"href":"https:\/\/cvinoticias.com\/v3\/wp-json\/wp\/v2\/media\/24353"}],"wp:attachment":[{"href":"https:\/\/cvinoticias.com\/v3\/wp-json\/wp\/v2\/media?parent=24403"}],"wp:term":[{"taxonomy":"category","embeddable":true,"href":"https:\/\/cvinoticias.com\/v3\/wp-json\/wp\/v2\/categories?post=24403"},{"taxonomy":"post_tag","embeddable":true,"href":"https:\/\/cvinoticias.com\/v3\/wp-json\/wp\/v2\/tags?post=24403"}],"curies":[{"name":"wp","href":"https:\/\/api.w.org\/{rel}","templated":true}]}}