{"id":24399,"date":"2023-04-26T11:40:56","date_gmt":"2023-04-26T11:40:56","guid":{"rendered":"https:\/\/cvinoticias.com\/v3\/?p=24399"},"modified":"2023-04-26T11:40:56","modified_gmt":"2023-04-26T11:40:56","slug":"lanzaron-un-911-federal-para-seguir-en-tiempo-real-el-mapa-del-delito-de-todo-el-pais","status":"publish","type":"post","link":"https:\/\/cvinoticias.com\/v3\/lanzaron-un-911-federal-para-seguir-en-tiempo-real-el-mapa-del-delito-de-todo-el-pais\/","title":{"rendered":"Lanzaron un 911 federal para seguir en tiempo real el mapa del delito de todo el pa\u00eds"},"content":{"rendered":"\n<p><strong><em>El presidente Alberto Fern\u00e1ndez y el ministro de Seguridad, An\u00edbal Fern\u00e1ndez, recorrieron la base de la Divisi\u00f3n Sistema de Informaci\u00f3n. El nuevo mecanismo recepcionar\u00e1 en forma inmediata y geolocalizada los delitos iniciados en cada central provincial<\/em><\/strong><\/p>\n\n\n\n<p>El gobierno nacional present\u00f3 este martes un nuevo 911 Federal, una iniciativa para mejorar la seguridad en todo el pa\u00eds a trav\u00e9s de la actualizaci\u00f3n tecnol\u00f3gica del Sistema Federal de Atenci\u00f3n de Emergencias de alcance nacional.<\/p>\n\n\n\n<p>El presidente Alberto Fern\u00e1ndez y el ministro de Seguridad, An\u00edbal Fern\u00e1ndez, recorrieron la Divisi\u00f3n Sistema de Informaci\u00f3n 911 donde se explicaron los alcances del nuevo sistema que permitir\u00e1 brindar una mejor atenci\u00f3n a ciudadanos ante situaciones de emergencia, agilizando tiempos de b\u00fasqueda, despliegues policiales, bomberos o defensa civil, y mejorando los tiempos de investigaci\u00f3n para resoluci\u00f3n de delitos. Adem\u00e1s, permitir\u00e1 tener en tiempo real el mapa del delito de todo el pa\u00eds.<\/p>\n\n\n\n<p>El llamado Proyecto 911 Federal GIS ya se encuentra operativo en la provincia de San Juan, donde se desarroll\u00f3 la experiencia piloto, y extendi\u00e9ndose a la totalidad del territorio nacional, con una implementaci\u00f3n planificada en dos ejes.<\/p>\n\n\n\n<p>El primer eje consiste en un sistema de geoposicionamiento con tecnolog\u00eda ELS de Google solo para llamadas de emergencia al 911 desde dispositivos m\u00f3viles Android en todo el territorio nacional.<\/p>\n\n\n\n<p>Mediante esta herramienta que se les brindar\u00e1 a los centros de atenci\u00f3n de emergencias 911 de las provincias, cada operador 911 podr\u00e1 disponer de forma inmediata y en pantalla, la ubicaci\u00f3n geolocalizada desde donde se est\u00e1 realizando la llamada. Es decir, saber d\u00f3nde est\u00e1 la persona. Asimismo permitir\u00e1 realizar videollamadas con sistema de accesibilidad para personas con capacidad auditiva reducida.<\/p>\n\n\n\n<figure class=\"wp-block-image size-full is-resized\"><a href=\"https:\/\/cvinoticias.com\/wp-content\/uploads\/2023\/04\/fernandez.jpg_529145118.jpg\"><img decoding=\"async\" data-src=\"https:\/\/cvinoticias.com\/wp-content\/uploads\/2023\/04\/fernandez.jpg_529145118.jpg\" alt=\"\" class=\"wp-image-24400 lazyload\" width=\"678\" height=\"381\" data-srcset=\"https:\/\/cvinoticias.com\/wp-content\/uploads\/2023\/04\/fernandez.jpg_529145118.jpg 368w, https:\/\/cvinoticias.com\/wp-content\/uploads\/2023\/04\/fernandez.jpg_529145118-300x169.jpg 300w\" data-sizes=\"(max-width: 678px) 100vw, 678px\" src=\"data:image\/svg+xml;base64,PHN2ZyB3aWR0aD0iMSIgaGVpZ2h0PSIxIiB4bWxucz0iaHR0cDovL3d3dy53My5vcmcvMjAwMC9zdmciPjwvc3ZnPg==\" style=\"--smush-placeholder-width: 678px; --smush-placeholder-aspect-ratio: 678\/381;\" \/><\/a><\/figure>\n\n\n\n<p>El segundo eje supone la ampliaci\u00f3n y reingenier\u00eda del 911 Federal para que, junto con el Ministerio de Seguridad de la Naci\u00f3n, recepcionen en forma inmediata y geolocalizada, todos los delitos iniciados en cada central provincial de atenci\u00f3n de emergencias 911 que fueran tipificados como delitos federales.<\/p>\n\n\n\n<p>As\u00ed, trabajar\u00e1n de manera conjunta representantes de las centrales 911 provinciales y de las 4 fuerzas federales, para dar cobertura a los llamados las 24 horas, los 365 d\u00edas del a\u00f1o en denuncias de delitos tales como narcotr\u00e1fico, trata de personas, contrabando, secuestros extorsivos, lavados de activos de origen il\u00edcito, delitos de lesa humanidad, contaminaci\u00f3n ambiental, entre otros.<\/p>\n\n\n\n<p>De esta manera, se obtendr\u00e1 informaci\u00f3n precisa, confiable y oportuna para crear un mapa del delito de toda la Argentina, y poder desarrollar pol\u00edticas p\u00fablicas eficientes en materia de atenci\u00f3n, prevenci\u00f3n, investigaci\u00f3n y persecuci\u00f3n de los delitos federales.<\/p>\n","protected":false},"excerpt":{"rendered":"<p>El presidente Alberto Fern\u00e1ndez y el ministro de Seguridad, An\u00edbal Fern\u00e1ndez, recorrieron la base de la Divisi\u00f3n Sistema de Informaci\u00f3n. El nuevo mecanismo recepcionar\u00e1 en forma inmediata y geolocalizada los delitos iniciados en cada central provincial El gobierno nacional present\u00f3 este martes un nuevo 911 Federal, una iniciativa para mejorar la seguridad en todo el [&hellip;]<\/p>\n","protected":false},"author":2,"featured_media":0,"comment_status":"open","ping_status":"open","sticky":false,"template":"","format":"standard","meta":{"footnotes":""},"categories":[35],"tags":[],"class_list":["post-24399","post","type-post","status-publish","format-standard","hentry","category-informacion-general"],"yoast_head":"<!-- This site is optimized with the Yoast SEO plugin v27.5 - https:\/\/yoast.com\/product\/yoast-seo-wordpress\/ -->\n<title>Lanzaron un 911 federal para seguir en tiempo real el mapa del delito de todo el pa\u00eds | CVI NOTICIAS<\/title>\n<meta name=\"robots\" content=\"index, follow, max-snippet:-1, max-image-preview:large, max-video-preview:-1\" \/>\n<link rel=\"canonical\" href=\"https:\/\/cvinoticias.com\/v3\/lanzaron-un-911-federal-para-seguir-en-tiempo-real-el-mapa-del-delito-de-todo-el-pais\/\" \/>\n<meta property=\"og:locale\" content=\"es_ES\" \/>\n<meta property=\"og:type\" content=\"article\" \/>\n<meta property=\"og:title\" content=\"Lanzaron un 911 federal para seguir en tiempo real el mapa del delito de todo el pa\u00eds | CVI NOTICIAS\" \/>\n<meta property=\"og:description\" content=\"El presidente Alberto Fern\u00e1ndez y el ministro de Seguridad, An\u00edbal Fern\u00e1ndez, recorrieron la base de la Divisi\u00f3n Sistema de Informaci\u00f3n. El nuevo mecanismo recepcionar\u00e1 en forma inmediata y geolocalizada los delitos iniciados en cada central provincial El gobierno nacional present\u00f3 este martes un nuevo 911 Federal, una iniciativa para mejorar la seguridad en todo el [&hellip;]\" \/>\n<meta property=\"og:url\" content=\"https:\/\/cvinoticias.com\/v3\/lanzaron-un-911-federal-para-seguir-en-tiempo-real-el-mapa-del-delito-de-todo-el-pais\/\" \/>\n<meta property=\"og:site_name\" content=\"CVI NOTICIAS\" \/>\n<meta property=\"article:publisher\" content=\"https:\/\/www.facebook.com\/cvinoticias\" \/>\n<meta property=\"article:published_time\" content=\"2023-04-26T11:40:56+00:00\" \/>\n<meta property=\"og:image\" content=\"https:\/\/cvinoticias.com\/wp-content\/uploads\/2023\/04\/fernandez.jpg_529145118.jpg\" \/>\n<meta name=\"author\" content=\"f1000024\" \/>\n<meta name=\"twitter:card\" content=\"summary_large_image\" \/>\n<meta name=\"twitter:label1\" content=\"Escrito por\" \/>\n\t<meta name=\"twitter:data1\" content=\"f1000024\" \/>\n\t<meta name=\"twitter:label2\" content=\"Tiempo de lectura\" \/>\n\t<meta name=\"twitter:data2\" content=\"2 minutos\" \/>\n<script type=\"application\/ld+json\" class=\"yoast-schema-graph\">{\"@context\":\"https:\\\/\\\/schema.org\",\"@graph\":[{\"@type\":\"Article\",\"@id\":\"https:\\\/\\\/cvinoticias.com\\\/v3\\\/lanzaron-un-911-federal-para-seguir-en-tiempo-real-el-mapa-del-delito-de-todo-el-pais\\\/#article\",\"isPartOf\":{\"@id\":\"https:\\\/\\\/cvinoticias.com\\\/v3\\\/lanzaron-un-911-federal-para-seguir-en-tiempo-real-el-mapa-del-delito-de-todo-el-pais\\\/\"},\"author\":{\"name\":\"f1000024\",\"@id\":\"https:\\\/\\\/cvinoticias.com\\\/v3\\\/#\\\/schema\\\/person\\\/2db77e3c6bc03c538495d7b2b8be9b66\"},\"headline\":\"Lanzaron un 911 federal para seguir en tiempo real el mapa del delito de todo el pa\u00eds\",\"datePublished\":\"2023-04-26T11:40:56+00:00\",\"mainEntityOfPage\":{\"@id\":\"https:\\\/\\\/cvinoticias.com\\\/v3\\\/lanzaron-un-911-federal-para-seguir-en-tiempo-real-el-mapa-del-delito-de-todo-el-pais\\\/\"},\"wordCount\":464,\"commentCount\":0,\"publisher\":{\"@id\":\"https:\\\/\\\/cvinoticias.com\\\/v3\\\/#organization\"},\"image\":{\"@id\":\"https:\\\/\\\/cvinoticias.com\\\/v3\\\/lanzaron-un-911-federal-para-seguir-en-tiempo-real-el-mapa-del-delito-de-todo-el-pais\\\/#primaryimage\"},\"thumbnailUrl\":\"https:\\\/\\\/cvinoticias.com\\\/wp-content\\\/uploads\\\/2023\\\/04\\\/fernandez.jpg_529145118.jpg\",\"articleSection\":[\"Informaci\u00f3n General\"],\"inLanguage\":\"es\",\"potentialAction\":[{\"@type\":\"CommentAction\",\"name\":\"Comment\",\"target\":[\"https:\\\/\\\/cvinoticias.com\\\/v3\\\/lanzaron-un-911-federal-para-seguir-en-tiempo-real-el-mapa-del-delito-de-todo-el-pais\\\/#respond\"]}]},{\"@type\":\"WebPage\",\"@id\":\"https:\\\/\\\/cvinoticias.com\\\/v3\\\/lanzaron-un-911-federal-para-seguir-en-tiempo-real-el-mapa-del-delito-de-todo-el-pais\\\/\",\"url\":\"https:\\\/\\\/cvinoticias.com\\\/v3\\\/lanzaron-un-911-federal-para-seguir-en-tiempo-real-el-mapa-del-delito-de-todo-el-pais\\\/\",\"name\":\"Lanzaron un 911 federal para seguir en tiempo real el mapa del delito de todo el pa\u00eds | CVI NOTICIAS\",\"isPartOf\":{\"@id\":\"https:\\\/\\\/cvinoticias.com\\\/v3\\\/#website\"},\"primaryImageOfPage\":{\"@id\":\"https:\\\/\\\/cvinoticias.com\\\/v3\\\/lanzaron-un-911-federal-para-seguir-en-tiempo-real-el-mapa-del-delito-de-todo-el-pais\\\/#primaryimage\"},\"image\":{\"@id\":\"https:\\\/\\\/cvinoticias.com\\\/v3\\\/lanzaron-un-911-federal-para-seguir-en-tiempo-real-el-mapa-del-delito-de-todo-el-pais\\\/#primaryimage\"},\"thumbnailUrl\":\"https:\\\/\\\/cvinoticias.com\\\/wp-content\\\/uploads\\\/2023\\\/04\\\/fernandez.jpg_529145118.jpg\",\"datePublished\":\"2023-04-26T11:40:56+00:00\",\"breadcrumb\":{\"@id\":\"https:\\\/\\\/cvinoticias.com\\\/v3\\\/lanzaron-un-911-federal-para-seguir-en-tiempo-real-el-mapa-del-delito-de-todo-el-pais\\\/#breadcrumb\"},\"inLanguage\":\"es\",\"potentialAction\":[{\"@type\":\"ReadAction\",\"target\":[\"https:\\\/\\\/cvinoticias.com\\\/v3\\\/lanzaron-un-911-federal-para-seguir-en-tiempo-real-el-mapa-del-delito-de-todo-el-pais\\\/\"]}]},{\"@type\":\"ImageObject\",\"inLanguage\":\"es\",\"@id\":\"https:\\\/\\\/cvinoticias.com\\\/v3\\\/lanzaron-un-911-federal-para-seguir-en-tiempo-real-el-mapa-del-delito-de-todo-el-pais\\\/#primaryimage\",\"url\":\"https:\\\/\\\/cvinoticias.com\\\/wp-content\\\/uploads\\\/2023\\\/04\\\/fernandez.jpg_529145118.jpg\",\"contentUrl\":\"https:\\\/\\\/cvinoticias.com\\\/wp-content\\\/uploads\\\/2023\\\/04\\\/fernandez.jpg_529145118.jpg\"},{\"@type\":\"BreadcrumbList\",\"@id\":\"https:\\\/\\\/cvinoticias.com\\\/v3\\\/lanzaron-un-911-federal-para-seguir-en-tiempo-real-el-mapa-del-delito-de-todo-el-pais\\\/#breadcrumb\",\"itemListElement\":[{\"@type\":\"ListItem\",\"position\":1,\"name\":\"Portada\",\"item\":\"https:\\\/\\\/cvinoticias.com\\\/v3\\\/\"},{\"@type\":\"ListItem\",\"position\":2,\"name\":\"Lanzaron un 911 federal para seguir en tiempo real el mapa del delito de todo el pa\u00eds\"}]},{\"@type\":\"WebSite\",\"@id\":\"https:\\\/\\\/cvinoticias.com\\\/v3\\\/#website\",\"url\":\"https:\\\/\\\/cvinoticias.com\\\/v3\\\/\",\"name\":\"CVI NOTICIAS\",\"description\":\"\",\"publisher\":{\"@id\":\"https:\\\/\\\/cvinoticias.com\\\/v3\\\/#organization\"},\"alternateName\":\"CVI\",\"potentialAction\":[{\"@type\":\"SearchAction\",\"target\":{\"@type\":\"EntryPoint\",\"urlTemplate\":\"https:\\\/\\\/cvinoticias.com\\\/v3\\\/?s={search_term_string}\"},\"query-input\":{\"@type\":\"PropertyValueSpecification\",\"valueRequired\":true,\"valueName\":\"search_term_string\"}}],\"inLanguage\":\"es\"},{\"@type\":\"Organization\",\"@id\":\"https:\\\/\\\/cvinoticias.com\\\/v3\\\/#organization\",\"name\":\"CVI NOTICIAS\",\"url\":\"https:\\\/\\\/cvinoticias.com\\\/v3\\\/\",\"logo\":{\"@type\":\"ImageObject\",\"inLanguage\":\"es\",\"@id\":\"https:\\\/\\\/cvinoticias.com\\\/v3\\\/#\\\/schema\\\/logo\\\/image\\\/\",\"url\":\"https:\\\/\\\/cvinoticias.com\\\/wp-content\\\/uploads\\\/2023\\\/04\\\/cropped-cropped-cropped-cropped-cropped-3-1.png\",\"contentUrl\":\"https:\\\/\\\/cvinoticias.com\\\/wp-content\\\/uploads\\\/2023\\\/04\\\/cropped-cropped-cropped-cropped-cropped-3-1.png\",\"width\":95,\"height\":122,\"caption\":\"CVI NOTICIAS\"},\"image\":{\"@id\":\"https:\\\/\\\/cvinoticias.com\\\/v3\\\/#\\\/schema\\\/logo\\\/image\\\/\"},\"sameAs\":[\"https:\\\/\\\/www.facebook.com\\\/cvinoticias\",\"https:\\\/\\\/www.instagram.com\\\/cvinoticias\\\/\",\"https:\\\/\\\/www.youtube.com\\\/@CVINOTICIAS\"]},{\"@type\":\"Person\",\"@id\":\"https:\\\/\\\/cvinoticias.com\\\/v3\\\/#\\\/schema\\\/person\\\/2db77e3c6bc03c538495d7b2b8be9b66\",\"name\":\"f1000024\",\"image\":{\"@type\":\"ImageObject\",\"inLanguage\":\"es\",\"@id\":\"https:\\\/\\\/secure.gravatar.com\\\/avatar\\\/d4fe7459cfc51ff5129ce1a732bbef5928568b8092d412ef95611616376bbeed?s=96&d=mm&r=g\",\"url\":\"https:\\\/\\\/secure.gravatar.com\\\/avatar\\\/d4fe7459cfc51ff5129ce1a732bbef5928568b8092d412ef95611616376bbeed?s=96&d=mm&r=g\",\"contentUrl\":\"https:\\\/\\\/secure.gravatar.com\\\/avatar\\\/d4fe7459cfc51ff5129ce1a732bbef5928568b8092d412ef95611616376bbeed?s=96&d=mm&r=g\",\"caption\":\"f1000024\"},\"url\":\"https:\\\/\\\/cvinoticias.com\\\/v3\\\/author\\\/f1000024\\\/\"}]}<\/script>\n<!-- \/ Yoast SEO plugin. -->","yoast_head_json":{"title":"Lanzaron un 911 federal para seguir en tiempo real el mapa del delito de todo el pa\u00eds | CVI NOTICIAS","robots":{"index":"index","follow":"follow","max-snippet":"max-snippet:-1","max-image-preview":"max-image-preview:large","max-video-preview":"max-video-preview:-1"},"canonical":"https:\/\/cvinoticias.com\/v3\/lanzaron-un-911-federal-para-seguir-en-tiempo-real-el-mapa-del-delito-de-todo-el-pais\/","og_locale":"es_ES","og_type":"article","og_title":"Lanzaron un 911 federal para seguir en tiempo real el mapa del delito de todo el pa\u00eds | CVI NOTICIAS","og_description":"El presidente Alberto Fern\u00e1ndez y el ministro de Seguridad, An\u00edbal Fern\u00e1ndez, recorrieron la base de la Divisi\u00f3n Sistema de Informaci\u00f3n. El nuevo mecanismo recepcionar\u00e1 en forma inmediata y geolocalizada los delitos iniciados en cada central provincial El gobierno nacional present\u00f3 este martes un nuevo 911 Federal, una iniciativa para mejorar la seguridad en todo el [&hellip;]","og_url":"https:\/\/cvinoticias.com\/v3\/lanzaron-un-911-federal-para-seguir-en-tiempo-real-el-mapa-del-delito-de-todo-el-pais\/","og_site_name":"CVI NOTICIAS","article_publisher":"https:\/\/www.facebook.com\/cvinoticias","article_published_time":"2023-04-26T11:40:56+00:00","og_image":[{"url":"https:\/\/cvinoticias.com\/wp-content\/uploads\/2023\/04\/fernandez.jpg_529145118.jpg","type":"","width":"","height":""}],"author":"f1000024","twitter_card":"summary_large_image","twitter_misc":{"Escrito por":"f1000024","Tiempo de lectura":"2 minutos"},"schema":{"@context":"https:\/\/schema.org","@graph":[{"@type":"Article","@id":"https:\/\/cvinoticias.com\/v3\/lanzaron-un-911-federal-para-seguir-en-tiempo-real-el-mapa-del-delito-de-todo-el-pais\/#article","isPartOf":{"@id":"https:\/\/cvinoticias.com\/v3\/lanzaron-un-911-federal-para-seguir-en-tiempo-real-el-mapa-del-delito-de-todo-el-pais\/"},"author":{"name":"f1000024","@id":"https:\/\/cvinoticias.com\/v3\/#\/schema\/person\/2db77e3c6bc03c538495d7b2b8be9b66"},"headline":"Lanzaron un 911 federal para seguir en tiempo real el mapa del delito de todo el pa\u00eds","datePublished":"2023-04-26T11:40:56+00:00","mainEntityOfPage":{"@id":"https:\/\/cvinoticias.com\/v3\/lanzaron-un-911-federal-para-seguir-en-tiempo-real-el-mapa-del-delito-de-todo-el-pais\/"},"wordCount":464,"commentCount":0,"publisher":{"@id":"https:\/\/cvinoticias.com\/v3\/#organization"},"image":{"@id":"https:\/\/cvinoticias.com\/v3\/lanzaron-un-911-federal-para-seguir-en-tiempo-real-el-mapa-del-delito-de-todo-el-pais\/#primaryimage"},"thumbnailUrl":"https:\/\/cvinoticias.com\/wp-content\/uploads\/2023\/04\/fernandez.jpg_529145118.jpg","articleSection":["Informaci\u00f3n General"],"inLanguage":"es","potentialAction":[{"@type":"CommentAction","name":"Comment","target":["https:\/\/cvinoticias.com\/v3\/lanzaron-un-911-federal-para-seguir-en-tiempo-real-el-mapa-del-delito-de-todo-el-pais\/#respond"]}]},{"@type":"WebPage","@id":"https:\/\/cvinoticias.com\/v3\/lanzaron-un-911-federal-para-seguir-en-tiempo-real-el-mapa-del-delito-de-todo-el-pais\/","url":"https:\/\/cvinoticias.com\/v3\/lanzaron-un-911-federal-para-seguir-en-tiempo-real-el-mapa-del-delito-de-todo-el-pais\/","name":"Lanzaron un 911 federal para seguir en tiempo real el mapa del delito de todo el pa\u00eds | CVI NOTICIAS","isPartOf":{"@id":"https:\/\/cvinoticias.com\/v3\/#website"},"primaryImageOfPage":{"@id":"https:\/\/cvinoticias.com\/v3\/lanzaron-un-911-federal-para-seguir-en-tiempo-real-el-mapa-del-delito-de-todo-el-pais\/#primaryimage"},"image":{"@id":"https:\/\/cvinoticias.com\/v3\/lanzaron-un-911-federal-para-seguir-en-tiempo-real-el-mapa-del-delito-de-todo-el-pais\/#primaryimage"},"thumbnailUrl":"https:\/\/cvinoticias.com\/wp-content\/uploads\/2023\/04\/fernandez.jpg_529145118.jpg","datePublished":"2023-04-26T11:40:56+00:00","breadcrumb":{"@id":"https:\/\/cvinoticias.com\/v3\/lanzaron-un-911-federal-para-seguir-en-tiempo-real-el-mapa-del-delito-de-todo-el-pais\/#breadcrumb"},"inLanguage":"es","potentialAction":[{"@type":"ReadAction","target":["https:\/\/cvinoticias.com\/v3\/lanzaron-un-911-federal-para-seguir-en-tiempo-real-el-mapa-del-delito-de-todo-el-pais\/"]}]},{"@type":"ImageObject","inLanguage":"es","@id":"https:\/\/cvinoticias.com\/v3\/lanzaron-un-911-federal-para-seguir-en-tiempo-real-el-mapa-del-delito-de-todo-el-pais\/#primaryimage","url":"https:\/\/cvinoticias.com\/wp-content\/uploads\/2023\/04\/fernandez.jpg_529145118.jpg","contentUrl":"https:\/\/cvinoticias.com\/wp-content\/uploads\/2023\/04\/fernandez.jpg_529145118.jpg"},{"@type":"BreadcrumbList","@id":"https:\/\/cvinoticias.com\/v3\/lanzaron-un-911-federal-para-seguir-en-tiempo-real-el-mapa-del-delito-de-todo-el-pais\/#breadcrumb","itemListElement":[{"@type":"ListItem","position":1,"name":"Portada","item":"https:\/\/cvinoticias.com\/v3\/"},{"@type":"ListItem","position":2,"name":"Lanzaron un 911 federal para seguir en tiempo real el mapa del delito de todo el pa\u00eds"}]},{"@type":"WebSite","@id":"https:\/\/cvinoticias.com\/v3\/#website","url":"https:\/\/cvinoticias.com\/v3\/","name":"CVI NOTICIAS","description":"","publisher":{"@id":"https:\/\/cvinoticias.com\/v3\/#organization"},"alternateName":"CVI","potentialAction":[{"@type":"SearchAction","target":{"@type":"EntryPoint","urlTemplate":"https:\/\/cvinoticias.com\/v3\/?s={search_term_string}"},"query-input":{"@type":"PropertyValueSpecification","valueRequired":true,"valueName":"search_term_string"}}],"inLanguage":"es"},{"@type":"Organization","@id":"https:\/\/cvinoticias.com\/v3\/#organization","name":"CVI NOTICIAS","url":"https:\/\/cvinoticias.com\/v3\/","logo":{"@type":"ImageObject","inLanguage":"es","@id":"https:\/\/cvinoticias.com\/v3\/#\/schema\/logo\/image\/","url":"https:\/\/cvinoticias.com\/wp-content\/uploads\/2023\/04\/cropped-cropped-cropped-cropped-cropped-3-1.png","contentUrl":"https:\/\/cvinoticias.com\/wp-content\/uploads\/2023\/04\/cropped-cropped-cropped-cropped-cropped-3-1.png","width":95,"height":122,"caption":"CVI NOTICIAS"},"image":{"@id":"https:\/\/cvinoticias.com\/v3\/#\/schema\/logo\/image\/"},"sameAs":["https:\/\/www.facebook.com\/cvinoticias","https:\/\/www.instagram.com\/cvinoticias\/","https:\/\/www.youtube.com\/@CVINOTICIAS"]},{"@type":"Person","@id":"https:\/\/cvinoticias.com\/v3\/#\/schema\/person\/2db77e3c6bc03c538495d7b2b8be9b66","name":"f1000024","image":{"@type":"ImageObject","inLanguage":"es","@id":"https:\/\/secure.gravatar.com\/avatar\/d4fe7459cfc51ff5129ce1a732bbef5928568b8092d412ef95611616376bbeed?s=96&d=mm&r=g","url":"https:\/\/secure.gravatar.com\/avatar\/d4fe7459cfc51ff5129ce1a732bbef5928568b8092d412ef95611616376bbeed?s=96&d=mm&r=g","contentUrl":"https:\/\/secure.gravatar.com\/avatar\/d4fe7459cfc51ff5129ce1a732bbef5928568b8092d412ef95611616376bbeed?s=96&d=mm&r=g","caption":"f1000024"},"url":"https:\/\/cvinoticias.com\/v3\/author\/f1000024\/"}]}},"_links":{"self":[{"href":"https:\/\/cvinoticias.com\/v3\/wp-json\/wp\/v2\/posts\/24399","targetHints":{"allow":["GET"]}}],"collection":[{"href":"https:\/\/cvinoticias.com\/v3\/wp-json\/wp\/v2\/posts"}],"about":[{"href":"https:\/\/cvinoticias.com\/v3\/wp-json\/wp\/v2\/types\/post"}],"author":[{"embeddable":true,"href":"https:\/\/cvinoticias.com\/v3\/wp-json\/wp\/v2\/users\/2"}],"replies":[{"embeddable":true,"href":"https:\/\/cvinoticias.com\/v3\/wp-json\/wp\/v2\/comments?post=24399"}],"version-history":[{"count":1,"href":"https:\/\/cvinoticias.com\/v3\/wp-json\/wp\/v2\/posts\/24399\/revisions"}],"predecessor-version":[{"id":24402,"href":"https:\/\/cvinoticias.com\/v3\/wp-json\/wp\/v2\/posts\/24399\/revisions\/24402"}],"wp:attachment":[{"href":"https:\/\/cvinoticias.com\/v3\/wp-json\/wp\/v2\/media?parent=24399"}],"wp:term":[{"taxonomy":"category","embeddable":true,"href":"https:\/\/cvinoticias.com\/v3\/wp-json\/wp\/v2\/categories?post=24399"},{"taxonomy":"post_tag","embeddable":true,"href":"https:\/\/cvinoticias.com\/v3\/wp-json\/wp\/v2\/tags?post=24399"}],"curies":[{"name":"wp","href":"https:\/\/api.w.org\/{rel}","templated":true}]}}