{"id":24396,"date":"2023-04-26T11:31:33","date_gmt":"2023-04-26T11:31:33","guid":{"rendered":"https:\/\/cvinoticias.com\/v3\/?p=24396"},"modified":"2023-04-26T11:31:33","modified_gmt":"2023-04-26T11:31:33","slug":"crece-la-incertidumbre-y-la-tension-por-la-escalada-del-dolar-blue-que-rozo-los-500","status":"publish","type":"post","link":"https:\/\/cvinoticias.com\/v3\/crece-la-incertidumbre-y-la-tension-por-la-escalada-del-dolar-blue-que-rozo-los-500\/","title":{"rendered":"Crece la incertidumbre y la tensi\u00f3n por la escalada del d\u00f3lar blue, que roz\u00f3 los $500"},"content":{"rendered":"\n<p><strong><em>El Gobierno intervino para calmar la cotizaci\u00f3n paralela, que igual dio un gran salto. Se prev\u00e9 otra jornada tensa, en clima de m\u00e1xima preocupaci\u00f3n en el Gobierno.<\/em><\/strong><\/p>\n\n\n\n<p>El d\u00f3lar blue acumul\u00f3 otra jornada de furia este martes, salt\u00f3 $33 en el mercado paralelo y cerr\u00f3 en torno a los $495.<\/p>\n\n\n\n<p>Esa corrida cambiaria que llev\u00f3 al billete informal al borde de los $500 dej\u00f3 a la econom\u00eda a un estado de paralizaci\u00f3n y una creciente sensaci\u00f3n de vac\u00edo de poder, en un marco de mucha tensi\u00f3n en el mercado financiero, nerviosismo en la calle y tironeo puertas adentro del Gobierno.<\/p>\n\n\n\n<p>Cerca del mediod\u00eda la brecha lleg\u00f3 a 124%, haciendo imposible el funcionamiento de la econom\u00eda. En ese momento, el Gobierno tom\u00f3 la decisi\u00f3n de intervenir en el mercado cambiario, algo que hab\u00eda acordado no hacer con el Fondo Monetario Internacional (FMI).<\/p>\n\n\n\n<p>La medida ayud\u00f3 a descomprimir y sirvi\u00f3 para que los d\u00f3lares financieros recortaran la suba. Una hora m\u00e1s tarde, cuando el blue coqueteaba con los $500, el ministro Sergio Massa sali\u00f3 con un hilo de tuits que sirvi\u00f3 para aplacar al mercado.<\/p>\n\n\n\n<p>En ese contexto, el Gobierno volver\u00e1 a enfrentar una jornada dif\u00edcil este mi\u00e9rcoles, frente a un mercado que espera se\u00f1ales m\u00e1s contundentes de las que emiti\u00f3 hasta ahora el equipo econ\u00f3mico.<\/p>\n\n\n\n<p><strong>M\u00e1xima tensi\u00f3n<\/strong><\/p>\n\n\n\n<p>La tensi\u00f3n cambiaria aument\u00f3 este martes, con las cotizaciones paralelas dando un nuevo salto, un escenario que mueve al Gobierno a buscar con el FMI una renegociaci\u00f3n de los t\u00e9rminos del acuerdo de refinanciaci\u00f3n vigente.<\/p>\n\n\n\n<p>Las cotizaciones del d\u00f3lar en las plazas alternativas, que comenzaron a subir significativamente hace una semana, tocaron este martes nuevas marcas hist\u00f3ricas: el d\u00f3lar blue cerr\u00f3 en $495, mientras que el denominado d\u00f3lar financiero CCL termin\u00f3 en $466,08. Esto implica un salto en un solo d\u00eda del 7 % en la plaza informal.<\/p>\n\n\n\n<p>Pero, adem\u00e1s, implica que la brecha entre la cotizaci\u00f3n informal y aquella en bancos y casas de cambio -un mercado de acceso sumamente restringido- escal\u00f3 al 118,5%, evidenciando la fuerte distorsi\u00f3n cambiaria.<\/p>\n\n\n\n<p>\u201cA estos niveles, l\u00f3gicamente, se incrementan los temores de un salto discreto del tipo de cambio oficial y, en consecuencia, comienza a trabarse la econom\u00eda real por incertidumbre sobre el costo de reposici\u00f3n\u201d, advirti\u00f3 este martes la firma Portfolio Personal Inversiones (PPI) en un informe.<\/p>\n\n\n\n<p><strong>Sin reservas<\/strong><\/p>\n\n\n\n<p>El renovado temblor cambiario se da en un contexto pol\u00edtico y econ\u00f3mico complejo. Si el apetito por d\u00f3lares para cobertura crece normalmente en los a\u00f1os electorales, esta vez la avidez por la divisa estadounidense se aceler\u00f3 faltando seis meses para los comicios presidenciales, alimentada por las fuertes internas en los diversos frentes pol\u00edticos y las indefiniciones entre oficialistas y opositores sobre qu\u00e9 hacer para resolver los profundos desequilibrios macroecon\u00f3micos del pa\u00eds.<\/p>\n\n\n\n<p>Seg\u00fan el economista Gustavo Ber, hay \u201cuna creciente percepci\u00f3n de riesgo por parte de los operadores\u201c, que observan que \u201clos desequilibrios econ\u00f3micos resultan cada vez m\u00e1s complejos de administrar en el actual escenario pol\u00edtico\u201d.<\/p>\n\n\n\n<p>La escasez de reservas en el Banco Central -con apenas 1.114 millones de d\u00f3lares de reservas de libre disponibilidad, seg\u00fan c\u00e1lculos de PPI- se ha visto exacerbada por la dr\u00e1stica ca\u00edda en el ingreso de divisas por las exportaciones agropecuarias debido a la severa sequ\u00eda que golpe\u00f3 a Argentina en la \u00faltima campa\u00f1a agr\u00edcola.<\/p>\n\n\n\n<p>El limitado poder de intervenci\u00f3n del Banco Central sumado a la mayor emisi\u00f3n monetaria impulsan este veloz reajuste de las cotizaciones paralelas del d\u00f3lar.<\/p>\n\n\n\n<p><strong>Rediscusi\u00f3n con el FMI<\/strong><\/p>\n\n\n\n<p>En este escenario, Massa, asegur\u00f3 este martes que el Gobierno usar\u00e1 \u201ctodas las herramientas del Estado\u201d para ordenar el escenario financiero y habl\u00f3 de una \u201crediscusi\u00f3n\u201d del acuerdo firmado con el FMI en marzo de 2022 para refinanciar deudas con el organismo por unos 45.000 millones de d\u00f3lares.<\/p>\n\n\n\n<p>\u201cNotificamos al FMI de las restricciones que pesaban sobre la Argentina y vamos a cambiar en la rediscusi\u00f3n del Programa\u201d, dijo Massa sobre el acuerdo con metas de ajuste fiscal, reducci\u00f3n de la emisi\u00f3n monetaria y acumulaci\u00f3n de reservas que Argentina cada vez tiene m\u00e1s dificultades para cumplir.<\/p>\n\n\n\n<p>Desde el Fondo, un portavoz asegur\u00f3 que el organismo \u201cavanzan de manera constructiva\u201d en el trabajo con las autoridades argentinas \u201cpara fortalecer el programa econ\u00f3mico acordado con el pa\u00eds en el contexto de la sequ\u00eda muy severa\u201d.<\/p>\n","protected":false},"excerpt":{"rendered":"<p>El Gobierno intervino para calmar la cotizaci\u00f3n paralela, que igual dio un gran salto. Se prev\u00e9 otra jornada tensa, en clima de m\u00e1xima preocupaci\u00f3n en el Gobierno. El d\u00f3lar blue acumul\u00f3 otra jornada de furia este martes, salt\u00f3 $33 en el mercado paralelo y cerr\u00f3 en torno a los $495. Esa corrida cambiaria que llev\u00f3 [&hellip;]<\/p>\n","protected":false},"author":2,"featured_media":24397,"comment_status":"open","ping_status":"open","sticky":false,"template":"","format":"standard","meta":{"footnotes":""},"categories":[32],"tags":[],"class_list":["post-24396","post","type-post","status-publish","format-standard","has-post-thumbnail","hentry","category-economia"],"yoast_head":"<!-- This site is optimized with the Yoast SEO plugin v27.4 - https:\/\/yoast.com\/product\/yoast-seo-wordpress\/ -->\n<title>Crece la incertidumbre y la tensi\u00f3n por la escalada del d\u00f3lar blue, que roz\u00f3 los $500 | CVI NOTICIAS<\/title>\n<meta name=\"robots\" content=\"index, follow, max-snippet:-1, max-image-preview:large, max-video-preview:-1\" \/>\n<link rel=\"canonical\" href=\"https:\/\/cvinoticias.com\/v3\/crece-la-incertidumbre-y-la-tension-por-la-escalada-del-dolar-blue-que-rozo-los-500\/\" \/>\n<meta property=\"og:locale\" content=\"es_ES\" \/>\n<meta property=\"og:type\" content=\"article\" \/>\n<meta property=\"og:title\" content=\"Crece la incertidumbre y la tensi\u00f3n por la escalada del d\u00f3lar blue, que roz\u00f3 los $500 | CVI NOTICIAS\" \/>\n<meta property=\"og:description\" content=\"El Gobierno intervino para calmar la cotizaci\u00f3n paralela, que igual dio un gran salto. Se prev\u00e9 otra jornada tensa, en clima de m\u00e1xima preocupaci\u00f3n en el Gobierno. El d\u00f3lar blue acumul\u00f3 otra jornada de furia este martes, salt\u00f3 $33 en el mercado paralelo y cerr\u00f3 en torno a los $495. Esa corrida cambiaria que llev\u00f3 [&hellip;]\" \/>\n<meta property=\"og:url\" content=\"https:\/\/cvinoticias.com\/v3\/crece-la-incertidumbre-y-la-tension-por-la-escalada-del-dolar-blue-que-rozo-los-500\/\" \/>\n<meta property=\"og:site_name\" content=\"CVI NOTICIAS\" \/>\n<meta property=\"article:publisher\" content=\"https:\/\/www.facebook.com\/cvinoticias\" \/>\n<meta property=\"article:published_time\" content=\"2023-04-26T11:31:33+00:00\" \/>\n<meta property=\"og:image\" content=\"https:\/\/cvinoticias.com\/wp-content\/uploads\/2023\/04\/Dolares.jpg\" \/>\n\t<meta property=\"og:image:width\" content=\"1024\" \/>\n\t<meta property=\"og:image:height\" content=\"576\" \/>\n\t<meta property=\"og:image:type\" content=\"image\/jpeg\" \/>\n<meta name=\"author\" content=\"f1000024\" \/>\n<meta name=\"twitter:card\" content=\"summary_large_image\" \/>\n<meta name=\"twitter:label1\" content=\"Escrito por\" \/>\n\t<meta name=\"twitter:data1\" content=\"f1000024\" \/>\n\t<meta name=\"twitter:label2\" content=\"Tiempo de lectura\" \/>\n\t<meta name=\"twitter:data2\" content=\"4 minutos\" \/>\n<script type=\"application\/ld+json\" class=\"yoast-schema-graph\">{\"@context\":\"https:\\\/\\\/schema.org\",\"@graph\":[{\"@type\":\"Article\",\"@id\":\"https:\\\/\\\/cvinoticias.com\\\/v3\\\/crece-la-incertidumbre-y-la-tension-por-la-escalada-del-dolar-blue-que-rozo-los-500\\\/#article\",\"isPartOf\":{\"@id\":\"https:\\\/\\\/cvinoticias.com\\\/v3\\\/crece-la-incertidumbre-y-la-tension-por-la-escalada-del-dolar-blue-que-rozo-los-500\\\/\"},\"author\":{\"name\":\"f1000024\",\"@id\":\"https:\\\/\\\/cvinoticias.com\\\/v3\\\/#\\\/schema\\\/person\\\/2db77e3c6bc03c538495d7b2b8be9b66\"},\"headline\":\"Crece la incertidumbre y la tensi\u00f3n por la escalada del d\u00f3lar blue, que roz\u00f3 los $500\",\"datePublished\":\"2023-04-26T11:31:33+00:00\",\"mainEntityOfPage\":{\"@id\":\"https:\\\/\\\/cvinoticias.com\\\/v3\\\/crece-la-incertidumbre-y-la-tension-por-la-escalada-del-dolar-blue-que-rozo-los-500\\\/\"},\"wordCount\":778,\"commentCount\":0,\"publisher\":{\"@id\":\"https:\\\/\\\/cvinoticias.com\\\/v3\\\/#organization\"},\"image\":{\"@id\":\"https:\\\/\\\/cvinoticias.com\\\/v3\\\/crece-la-incertidumbre-y-la-tension-por-la-escalada-del-dolar-blue-que-rozo-los-500\\\/#primaryimage\"},\"thumbnailUrl\":\"https:\\\/\\\/cvinoticias.com\\\/wp-content\\\/uploads\\\/2023\\\/04\\\/Dolares.jpg\",\"articleSection\":[\"Econom\u00eda\"],\"inLanguage\":\"es\",\"potentialAction\":[{\"@type\":\"CommentAction\",\"name\":\"Comment\",\"target\":[\"https:\\\/\\\/cvinoticias.com\\\/v3\\\/crece-la-incertidumbre-y-la-tension-por-la-escalada-del-dolar-blue-que-rozo-los-500\\\/#respond\"]}]},{\"@type\":\"WebPage\",\"@id\":\"https:\\\/\\\/cvinoticias.com\\\/v3\\\/crece-la-incertidumbre-y-la-tension-por-la-escalada-del-dolar-blue-que-rozo-los-500\\\/\",\"url\":\"https:\\\/\\\/cvinoticias.com\\\/v3\\\/crece-la-incertidumbre-y-la-tension-por-la-escalada-del-dolar-blue-que-rozo-los-500\\\/\",\"name\":\"Crece la incertidumbre y la tensi\u00f3n por la escalada del d\u00f3lar blue, que roz\u00f3 los $500 | CVI NOTICIAS\",\"isPartOf\":{\"@id\":\"https:\\\/\\\/cvinoticias.com\\\/v3\\\/#website\"},\"primaryImageOfPage\":{\"@id\":\"https:\\\/\\\/cvinoticias.com\\\/v3\\\/crece-la-incertidumbre-y-la-tension-por-la-escalada-del-dolar-blue-que-rozo-los-500\\\/#primaryimage\"},\"image\":{\"@id\":\"https:\\\/\\\/cvinoticias.com\\\/v3\\\/crece-la-incertidumbre-y-la-tension-por-la-escalada-del-dolar-blue-que-rozo-los-500\\\/#primaryimage\"},\"thumbnailUrl\":\"https:\\\/\\\/cvinoticias.com\\\/wp-content\\\/uploads\\\/2023\\\/04\\\/Dolares.jpg\",\"datePublished\":\"2023-04-26T11:31:33+00:00\",\"breadcrumb\":{\"@id\":\"https:\\\/\\\/cvinoticias.com\\\/v3\\\/crece-la-incertidumbre-y-la-tension-por-la-escalada-del-dolar-blue-que-rozo-los-500\\\/#breadcrumb\"},\"inLanguage\":\"es\",\"potentialAction\":[{\"@type\":\"ReadAction\",\"target\":[\"https:\\\/\\\/cvinoticias.com\\\/v3\\\/crece-la-incertidumbre-y-la-tension-por-la-escalada-del-dolar-blue-que-rozo-los-500\\\/\"]}]},{\"@type\":\"ImageObject\",\"inLanguage\":\"es\",\"@id\":\"https:\\\/\\\/cvinoticias.com\\\/v3\\\/crece-la-incertidumbre-y-la-tension-por-la-escalada-del-dolar-blue-que-rozo-los-500\\\/#primaryimage\",\"url\":\"https:\\\/\\\/cvinoticias.com\\\/wp-content\\\/uploads\\\/2023\\\/04\\\/Dolares.jpg\",\"contentUrl\":\"https:\\\/\\\/cvinoticias.com\\\/wp-content\\\/uploads\\\/2023\\\/04\\\/Dolares.jpg\",\"width\":1024,\"height\":576},{\"@type\":\"BreadcrumbList\",\"@id\":\"https:\\\/\\\/cvinoticias.com\\\/v3\\\/crece-la-incertidumbre-y-la-tension-por-la-escalada-del-dolar-blue-que-rozo-los-500\\\/#breadcrumb\",\"itemListElement\":[{\"@type\":\"ListItem\",\"position\":1,\"name\":\"Portada\",\"item\":\"https:\\\/\\\/cvinoticias.com\\\/v3\\\/\"},{\"@type\":\"ListItem\",\"position\":2,\"name\":\"Crece la incertidumbre y la tensi\u00f3n por la escalada del d\u00f3lar blue, que roz\u00f3 los $500\"}]},{\"@type\":\"WebSite\",\"@id\":\"https:\\\/\\\/cvinoticias.com\\\/v3\\\/#website\",\"url\":\"https:\\\/\\\/cvinoticias.com\\\/v3\\\/\",\"name\":\"CVI NOTICIAS\",\"description\":\"\",\"publisher\":{\"@id\":\"https:\\\/\\\/cvinoticias.com\\\/v3\\\/#organization\"},\"alternateName\":\"CVI\",\"potentialAction\":[{\"@type\":\"SearchAction\",\"target\":{\"@type\":\"EntryPoint\",\"urlTemplate\":\"https:\\\/\\\/cvinoticias.com\\\/v3\\\/?s={search_term_string}\"},\"query-input\":{\"@type\":\"PropertyValueSpecification\",\"valueRequired\":true,\"valueName\":\"search_term_string\"}}],\"inLanguage\":\"es\"},{\"@type\":\"Organization\",\"@id\":\"https:\\\/\\\/cvinoticias.com\\\/v3\\\/#organization\",\"name\":\"CVI NOTICIAS\",\"url\":\"https:\\\/\\\/cvinoticias.com\\\/v3\\\/\",\"logo\":{\"@type\":\"ImageObject\",\"inLanguage\":\"es\",\"@id\":\"https:\\\/\\\/cvinoticias.com\\\/v3\\\/#\\\/schema\\\/logo\\\/image\\\/\",\"url\":\"https:\\\/\\\/cvinoticias.com\\\/wp-content\\\/uploads\\\/2023\\\/04\\\/cropped-cropped-cropped-cropped-cropped-3-1.png\",\"contentUrl\":\"https:\\\/\\\/cvinoticias.com\\\/wp-content\\\/uploads\\\/2023\\\/04\\\/cropped-cropped-cropped-cropped-cropped-3-1.png\",\"width\":95,\"height\":122,\"caption\":\"CVI NOTICIAS\"},\"image\":{\"@id\":\"https:\\\/\\\/cvinoticias.com\\\/v3\\\/#\\\/schema\\\/logo\\\/image\\\/\"},\"sameAs\":[\"https:\\\/\\\/www.facebook.com\\\/cvinoticias\",\"https:\\\/\\\/www.instagram.com\\\/cvinoticias\\\/\",\"https:\\\/\\\/www.youtube.com\\\/@CVINOTICIAS\"]},{\"@type\":\"Person\",\"@id\":\"https:\\\/\\\/cvinoticias.com\\\/v3\\\/#\\\/schema\\\/person\\\/2db77e3c6bc03c538495d7b2b8be9b66\",\"name\":\"f1000024\",\"image\":{\"@type\":\"ImageObject\",\"inLanguage\":\"es\",\"@id\":\"https:\\\/\\\/secure.gravatar.com\\\/avatar\\\/d4fe7459cfc51ff5129ce1a732bbef5928568b8092d412ef95611616376bbeed?s=96&d=mm&r=g\",\"url\":\"https:\\\/\\\/secure.gravatar.com\\\/avatar\\\/d4fe7459cfc51ff5129ce1a732bbef5928568b8092d412ef95611616376bbeed?s=96&d=mm&r=g\",\"contentUrl\":\"https:\\\/\\\/secure.gravatar.com\\\/avatar\\\/d4fe7459cfc51ff5129ce1a732bbef5928568b8092d412ef95611616376bbeed?s=96&d=mm&r=g\",\"caption\":\"f1000024\"},\"url\":\"https:\\\/\\\/cvinoticias.com\\\/v3\\\/author\\\/f1000024\\\/\"}]}<\/script>\n<!-- \/ Yoast SEO plugin. -->","yoast_head_json":{"title":"Crece la incertidumbre y la tensi\u00f3n por la escalada del d\u00f3lar blue, que roz\u00f3 los $500 | CVI NOTICIAS","robots":{"index":"index","follow":"follow","max-snippet":"max-snippet:-1","max-image-preview":"max-image-preview:large","max-video-preview":"max-video-preview:-1"},"canonical":"https:\/\/cvinoticias.com\/v3\/crece-la-incertidumbre-y-la-tension-por-la-escalada-del-dolar-blue-que-rozo-los-500\/","og_locale":"es_ES","og_type":"article","og_title":"Crece la incertidumbre y la tensi\u00f3n por la escalada del d\u00f3lar blue, que roz\u00f3 los $500 | CVI NOTICIAS","og_description":"El Gobierno intervino para calmar la cotizaci\u00f3n paralela, que igual dio un gran salto. Se prev\u00e9 otra jornada tensa, en clima de m\u00e1xima preocupaci\u00f3n en el Gobierno. El d\u00f3lar blue acumul\u00f3 otra jornada de furia este martes, salt\u00f3 $33 en el mercado paralelo y cerr\u00f3 en torno a los $495. Esa corrida cambiaria que llev\u00f3 [&hellip;]","og_url":"https:\/\/cvinoticias.com\/v3\/crece-la-incertidumbre-y-la-tension-por-la-escalada-del-dolar-blue-que-rozo-los-500\/","og_site_name":"CVI NOTICIAS","article_publisher":"https:\/\/www.facebook.com\/cvinoticias","article_published_time":"2023-04-26T11:31:33+00:00","og_image":[{"width":1024,"height":576,"url":"https:\/\/cvinoticias.com\/wp-content\/uploads\/2023\/04\/Dolares.jpg","type":"image\/jpeg"}],"author":"f1000024","twitter_card":"summary_large_image","twitter_misc":{"Escrito por":"f1000024","Tiempo de lectura":"4 minutos"},"schema":{"@context":"https:\/\/schema.org","@graph":[{"@type":"Article","@id":"https:\/\/cvinoticias.com\/v3\/crece-la-incertidumbre-y-la-tension-por-la-escalada-del-dolar-blue-que-rozo-los-500\/#article","isPartOf":{"@id":"https:\/\/cvinoticias.com\/v3\/crece-la-incertidumbre-y-la-tension-por-la-escalada-del-dolar-blue-que-rozo-los-500\/"},"author":{"name":"f1000024","@id":"https:\/\/cvinoticias.com\/v3\/#\/schema\/person\/2db77e3c6bc03c538495d7b2b8be9b66"},"headline":"Crece la incertidumbre y la tensi\u00f3n por la escalada del d\u00f3lar blue, que roz\u00f3 los $500","datePublished":"2023-04-26T11:31:33+00:00","mainEntityOfPage":{"@id":"https:\/\/cvinoticias.com\/v3\/crece-la-incertidumbre-y-la-tension-por-la-escalada-del-dolar-blue-que-rozo-los-500\/"},"wordCount":778,"commentCount":0,"publisher":{"@id":"https:\/\/cvinoticias.com\/v3\/#organization"},"image":{"@id":"https:\/\/cvinoticias.com\/v3\/crece-la-incertidumbre-y-la-tension-por-la-escalada-del-dolar-blue-que-rozo-los-500\/#primaryimage"},"thumbnailUrl":"https:\/\/cvinoticias.com\/wp-content\/uploads\/2023\/04\/Dolares.jpg","articleSection":["Econom\u00eda"],"inLanguage":"es","potentialAction":[{"@type":"CommentAction","name":"Comment","target":["https:\/\/cvinoticias.com\/v3\/crece-la-incertidumbre-y-la-tension-por-la-escalada-del-dolar-blue-que-rozo-los-500\/#respond"]}]},{"@type":"WebPage","@id":"https:\/\/cvinoticias.com\/v3\/crece-la-incertidumbre-y-la-tension-por-la-escalada-del-dolar-blue-que-rozo-los-500\/","url":"https:\/\/cvinoticias.com\/v3\/crece-la-incertidumbre-y-la-tension-por-la-escalada-del-dolar-blue-que-rozo-los-500\/","name":"Crece la incertidumbre y la tensi\u00f3n por la escalada del d\u00f3lar blue, que roz\u00f3 los $500 | CVI NOTICIAS","isPartOf":{"@id":"https:\/\/cvinoticias.com\/v3\/#website"},"primaryImageOfPage":{"@id":"https:\/\/cvinoticias.com\/v3\/crece-la-incertidumbre-y-la-tension-por-la-escalada-del-dolar-blue-que-rozo-los-500\/#primaryimage"},"image":{"@id":"https:\/\/cvinoticias.com\/v3\/crece-la-incertidumbre-y-la-tension-por-la-escalada-del-dolar-blue-que-rozo-los-500\/#primaryimage"},"thumbnailUrl":"https:\/\/cvinoticias.com\/wp-content\/uploads\/2023\/04\/Dolares.jpg","datePublished":"2023-04-26T11:31:33+00:00","breadcrumb":{"@id":"https:\/\/cvinoticias.com\/v3\/crece-la-incertidumbre-y-la-tension-por-la-escalada-del-dolar-blue-que-rozo-los-500\/#breadcrumb"},"inLanguage":"es","potentialAction":[{"@type":"ReadAction","target":["https:\/\/cvinoticias.com\/v3\/crece-la-incertidumbre-y-la-tension-por-la-escalada-del-dolar-blue-que-rozo-los-500\/"]}]},{"@type":"ImageObject","inLanguage":"es","@id":"https:\/\/cvinoticias.com\/v3\/crece-la-incertidumbre-y-la-tension-por-la-escalada-del-dolar-blue-que-rozo-los-500\/#primaryimage","url":"https:\/\/cvinoticias.com\/wp-content\/uploads\/2023\/04\/Dolares.jpg","contentUrl":"https:\/\/cvinoticias.com\/wp-content\/uploads\/2023\/04\/Dolares.jpg","width":1024,"height":576},{"@type":"BreadcrumbList","@id":"https:\/\/cvinoticias.com\/v3\/crece-la-incertidumbre-y-la-tension-por-la-escalada-del-dolar-blue-que-rozo-los-500\/#breadcrumb","itemListElement":[{"@type":"ListItem","position":1,"name":"Portada","item":"https:\/\/cvinoticias.com\/v3\/"},{"@type":"ListItem","position":2,"name":"Crece la incertidumbre y la tensi\u00f3n por la escalada del d\u00f3lar blue, que roz\u00f3 los $500"}]},{"@type":"WebSite","@id":"https:\/\/cvinoticias.com\/v3\/#website","url":"https:\/\/cvinoticias.com\/v3\/","name":"CVI NOTICIAS","description":"","publisher":{"@id":"https:\/\/cvinoticias.com\/v3\/#organization"},"alternateName":"CVI","potentialAction":[{"@type":"SearchAction","target":{"@type":"EntryPoint","urlTemplate":"https:\/\/cvinoticias.com\/v3\/?s={search_term_string}"},"query-input":{"@type":"PropertyValueSpecification","valueRequired":true,"valueName":"search_term_string"}}],"inLanguage":"es"},{"@type":"Organization","@id":"https:\/\/cvinoticias.com\/v3\/#organization","name":"CVI NOTICIAS","url":"https:\/\/cvinoticias.com\/v3\/","logo":{"@type":"ImageObject","inLanguage":"es","@id":"https:\/\/cvinoticias.com\/v3\/#\/schema\/logo\/image\/","url":"https:\/\/cvinoticias.com\/wp-content\/uploads\/2023\/04\/cropped-cropped-cropped-cropped-cropped-3-1.png","contentUrl":"https:\/\/cvinoticias.com\/wp-content\/uploads\/2023\/04\/cropped-cropped-cropped-cropped-cropped-3-1.png","width":95,"height":122,"caption":"CVI NOTICIAS"},"image":{"@id":"https:\/\/cvinoticias.com\/v3\/#\/schema\/logo\/image\/"},"sameAs":["https:\/\/www.facebook.com\/cvinoticias","https:\/\/www.instagram.com\/cvinoticias\/","https:\/\/www.youtube.com\/@CVINOTICIAS"]},{"@type":"Person","@id":"https:\/\/cvinoticias.com\/v3\/#\/schema\/person\/2db77e3c6bc03c538495d7b2b8be9b66","name":"f1000024","image":{"@type":"ImageObject","inLanguage":"es","@id":"https:\/\/secure.gravatar.com\/avatar\/d4fe7459cfc51ff5129ce1a732bbef5928568b8092d412ef95611616376bbeed?s=96&d=mm&r=g","url":"https:\/\/secure.gravatar.com\/avatar\/d4fe7459cfc51ff5129ce1a732bbef5928568b8092d412ef95611616376bbeed?s=96&d=mm&r=g","contentUrl":"https:\/\/secure.gravatar.com\/avatar\/d4fe7459cfc51ff5129ce1a732bbef5928568b8092d412ef95611616376bbeed?s=96&d=mm&r=g","caption":"f1000024"},"url":"https:\/\/cvinoticias.com\/v3\/author\/f1000024\/"}]}},"_links":{"self":[{"href":"https:\/\/cvinoticias.com\/v3\/wp-json\/wp\/v2\/posts\/24396","targetHints":{"allow":["GET"]}}],"collection":[{"href":"https:\/\/cvinoticias.com\/v3\/wp-json\/wp\/v2\/posts"}],"about":[{"href":"https:\/\/cvinoticias.com\/v3\/wp-json\/wp\/v2\/types\/post"}],"author":[{"embeddable":true,"href":"https:\/\/cvinoticias.com\/v3\/wp-json\/wp\/v2\/users\/2"}],"replies":[{"embeddable":true,"href":"https:\/\/cvinoticias.com\/v3\/wp-json\/wp\/v2\/comments?post=24396"}],"version-history":[{"count":1,"href":"https:\/\/cvinoticias.com\/v3\/wp-json\/wp\/v2\/posts\/24396\/revisions"}],"predecessor-version":[{"id":24398,"href":"https:\/\/cvinoticias.com\/v3\/wp-json\/wp\/v2\/posts\/24396\/revisions\/24398"}],"wp:featuredmedia":[{"embeddable":true,"href":"https:\/\/cvinoticias.com\/v3\/wp-json\/wp\/v2\/media\/24397"}],"wp:attachment":[{"href":"https:\/\/cvinoticias.com\/v3\/wp-json\/wp\/v2\/media?parent=24396"}],"wp:term":[{"taxonomy":"category","embeddable":true,"href":"https:\/\/cvinoticias.com\/v3\/wp-json\/wp\/v2\/categories?post=24396"},{"taxonomy":"post_tag","embeddable":true,"href":"https:\/\/cvinoticias.com\/v3\/wp-json\/wp\/v2\/tags?post=24396"}],"curies":[{"name":"wp","href":"https:\/\/api.w.org\/{rel}","templated":true}]}}