{"id":24387,"date":"2023-04-26T11:01:47","date_gmt":"2023-04-26T11:01:47","guid":{"rendered":"https:\/\/cvinoticias.com\/v3\/?p=24387"},"modified":"2023-04-26T11:01:47","modified_gmt":"2023-04-26T11:01:47","slug":"iguazu-apuesta-fuerte-a-la-feria-internacional-del-turismo-2023","status":"publish","type":"post","link":"https:\/\/cvinoticias.com\/v3\/iguazu-apuesta-fuerte-a-la-feria-internacional-del-turismo-2023\/","title":{"rendered":"Iguaz\u00fa apuesta fuerte a la Feria Internacional del Turismo 2023"},"content":{"rendered":"\n<p><strong><em>El Iguaz\u00fa Turismo Ente Municipal (ITUREM), con Leopoldo Lucas como presidente, se prepara con expectativas para la pr\u00f3xima edici\u00f3n de la Feria Internacional del Turismo (FIT) en Buenos Aires, Argentina. La misma se desarrollar\u00e1 del 30 de septiembre al 3 de octubre de 2023, Iguaz\u00fa que ha participado en ediciones anteriores, contar\u00e1 con un stand propio amplificando la visibilidad de la provincia de Misiones<\/em><\/strong>.<\/p>\n\n\n\n<p>Leopoldo Lucas destac\u00f3 que la FIT \u201cEs una vitrina a nivel mundial, por lo que la presencia de Iguaz\u00fa en ella ser\u00e1 con el objetivo de llevar lo mejor que tiene el destino para ofrecer. Adem\u00e1s, se enfocar\u00e1n en continuar captando al visitante nacional, llevando el eje puesto en el trabajo de continuar a\u00f1adiendo valor a esta significativa ponderaci\u00f3n\u201d y agreg\u00f3 \u201cActualmente nos encontramos desarrollando pol\u00edticas disruptivas en torno a las acciones sostenibles. Nuestro destino est\u00e1 a la vanguardia en cuanto al desenvolvimiento de los objetivos de desarrollo sostenibles (ODS), de la Organizaci\u00f3n de las Naciones Unidas (OBU). Desde que nos toc\u00f3 transitar la pandemia, y por consecuencia los cierres generalizados, nos propusimos trabajar en acrecentar las cualidades intr\u00ednsecas que tenemos como destino\u201d.<\/p>\n\n\n\n<p>Iguaz\u00fa es un destino que se destaca por la diversidad de su flora y fauna, por la innovaci\u00f3n en materia de sustentabilidad, por una atenci\u00f3n diferencial producto de la capacitaci\u00f3n constante y el calor que da su gente en cada contacto. En el stand estar\u00e1n exhibiendo los productos locales, como la exquisita yerba misionera y la preparaci\u00f3n del mate, que forman parte de las arraigadas costumbres y la cultura de la regi\u00f3n.<\/p>\n\n\n\n<figure class=\"wp-block-image size-large\"><a href=\"https:\/\/cvinoticias.com\/wp-content\/uploads\/2023\/04\/20221001_161141-scaled.jpg\"><img decoding=\"async\" width=\"1024\" height=\"524\" data-src=\"https:\/\/cvinoticias.com\/wp-content\/uploads\/2023\/04\/20221001_161141-1024x524.jpg\" alt=\"\" class=\"wp-image-24389 lazyload\" data-srcset=\"https:\/\/cvinoticias.com\/wp-content\/uploads\/2023\/04\/20221001_161141-1024x524.jpg 1024w, https:\/\/cvinoticias.com\/wp-content\/uploads\/2023\/04\/20221001_161141-300x154.jpg 300w, https:\/\/cvinoticias.com\/wp-content\/uploads\/2023\/04\/20221001_161141-768x393.jpg 768w, https:\/\/cvinoticias.com\/wp-content\/uploads\/2023\/04\/20221001_161141-1536x787.jpg 1536w, https:\/\/cvinoticias.com\/wp-content\/uploads\/2023\/04\/20221001_161141-2048x1049.jpg 2048w\" data-sizes=\"(max-width: 1024px) 100vw, 1024px\" src=\"data:image\/svg+xml;base64,PHN2ZyB3aWR0aD0iMSIgaGVpZ2h0PSIxIiB4bWxucz0iaHR0cDovL3d3dy53My5vcmcvMjAwMC9zdmciPjwvc3ZnPg==\" style=\"--smush-placeholder-width: 1024px; --smush-placeholder-aspect-ratio: 1024\/524;\" \/><\/a><\/figure>\n\n\n\n<p>\u00abIguaz\u00fa es un destino \u00fanico en el mundo. Albergar una de las Siete Maravillas Naturales nos emplaza en un enunciado que es dif\u00edcil de olvidar para todos los que nos visitan. Llevarse un recuerdo de nuestros saltos, de nuestra tierra roja, del calor de nuestra gente que se alegra de recibir visitantes de todo el mundo, es una sensaci\u00f3n \u00fanica y palpable al pisar nuestra ciudad\u201d concluy\u00f3 Lucas Leopoldo.<\/p>\n\n\n\n<p>La participaci\u00f3n de Iguaz\u00fa en la FIT es una oportunidad para compartir con el mundo entero la riqueza tur\u00edstica y cultural de la regi\u00f3n, y seguir trabajando en pos del desarrollo sostenible del destino, en beneficio de la comunidad local y de todos los visitantes. <strong>(ANG)<\/strong><\/p>\n","protected":false},"excerpt":{"rendered":"<p>El Iguaz\u00fa Turismo Ente Municipal (ITUREM), con Leopoldo Lucas como presidente, se prepara con expectativas para la pr\u00f3xima edici\u00f3n de la Feria Internacional del Turismo (FIT) en Buenos Aires, Argentina. La misma se desarrollar\u00e1 del 30 de septiembre al 3 de octubre de 2023, Iguaz\u00fa que ha participado en ediciones anteriores, contar\u00e1 con un stand [&hellip;]<\/p>\n","protected":false},"author":2,"featured_media":24388,"comment_status":"open","ping_status":"open","sticky":false,"template":"","format":"standard","meta":{"footnotes":""},"categories":[50],"tags":[],"class_list":["post-24387","post","type-post","status-publish","format-standard","has-post-thumbnail","hentry","category-turismo"],"yoast_head":"<!-- This site is optimized with the Yoast SEO plugin v27.4 - https:\/\/yoast.com\/product\/yoast-seo-wordpress\/ -->\n<title>Iguaz\u00fa apuesta fuerte a la Feria Internacional del Turismo 2023 | CVI NOTICIAS<\/title>\n<meta name=\"robots\" content=\"index, follow, max-snippet:-1, max-image-preview:large, max-video-preview:-1\" \/>\n<link rel=\"canonical\" href=\"https:\/\/cvinoticias.com\/v3\/iguazu-apuesta-fuerte-a-la-feria-internacional-del-turismo-2023\/\" \/>\n<meta property=\"og:locale\" content=\"es_ES\" \/>\n<meta property=\"og:type\" content=\"article\" \/>\n<meta property=\"og:title\" content=\"Iguaz\u00fa apuesta fuerte a la Feria Internacional del Turismo 2023 | CVI NOTICIAS\" \/>\n<meta property=\"og:description\" content=\"El Iguaz\u00fa Turismo Ente Municipal (ITUREM), con Leopoldo Lucas como presidente, se prepara con expectativas para la pr\u00f3xima edici\u00f3n de la Feria Internacional del Turismo (FIT) en Buenos Aires, Argentina. La misma se desarrollar\u00e1 del 30 de septiembre al 3 de octubre de 2023, Iguaz\u00fa que ha participado en ediciones anteriores, contar\u00e1 con un stand [&hellip;]\" \/>\n<meta property=\"og:url\" content=\"https:\/\/cvinoticias.com\/v3\/iguazu-apuesta-fuerte-a-la-feria-internacional-del-turismo-2023\/\" \/>\n<meta property=\"og:site_name\" content=\"CVI NOTICIAS\" \/>\n<meta property=\"article:publisher\" content=\"https:\/\/www.facebook.com\/cvinoticias\" \/>\n<meta property=\"article:published_time\" content=\"2023-04-26T11:01:47+00:00\" \/>\n<meta property=\"og:image\" content=\"https:\/\/cvinoticias.com\/wp-content\/uploads\/2023\/04\/IMG-20221003-WA0035.jpg\" \/>\n\t<meta property=\"og:image:width\" content=\"686\" \/>\n\t<meta property=\"og:image:height\" content=\"795\" \/>\n\t<meta property=\"og:image:type\" content=\"image\/jpeg\" \/>\n<meta name=\"author\" content=\"f1000024\" \/>\n<meta name=\"twitter:card\" content=\"summary_large_image\" \/>\n<meta name=\"twitter:label1\" content=\"Escrito por\" \/>\n\t<meta name=\"twitter:data1\" content=\"f1000024\" \/>\n\t<meta name=\"twitter:label2\" content=\"Tiempo de lectura\" \/>\n\t<meta name=\"twitter:data2\" content=\"2 minutos\" \/>\n<script type=\"application\/ld+json\" class=\"yoast-schema-graph\">{\"@context\":\"https:\\\/\\\/schema.org\",\"@graph\":[{\"@type\":\"Article\",\"@id\":\"https:\\\/\\\/cvinoticias.com\\\/v3\\\/iguazu-apuesta-fuerte-a-la-feria-internacional-del-turismo-2023\\\/#article\",\"isPartOf\":{\"@id\":\"https:\\\/\\\/cvinoticias.com\\\/v3\\\/iguazu-apuesta-fuerte-a-la-feria-internacional-del-turismo-2023\\\/\"},\"author\":{\"name\":\"f1000024\",\"@id\":\"https:\\\/\\\/cvinoticias.com\\\/v3\\\/#\\\/schema\\\/person\\\/2db77e3c6bc03c538495d7b2b8be9b66\"},\"headline\":\"Iguaz\u00fa apuesta fuerte a la Feria Internacional del Turismo 2023\",\"datePublished\":\"2023-04-26T11:01:47+00:00\",\"mainEntityOfPage\":{\"@id\":\"https:\\\/\\\/cvinoticias.com\\\/v3\\\/iguazu-apuesta-fuerte-a-la-feria-internacional-del-turismo-2023\\\/\"},\"wordCount\":400,\"commentCount\":0,\"publisher\":{\"@id\":\"https:\\\/\\\/cvinoticias.com\\\/v3\\\/#organization\"},\"image\":{\"@id\":\"https:\\\/\\\/cvinoticias.com\\\/v3\\\/iguazu-apuesta-fuerte-a-la-feria-internacional-del-turismo-2023\\\/#primaryimage\"},\"thumbnailUrl\":\"https:\\\/\\\/cvinoticias.com\\\/wp-content\\\/uploads\\\/2023\\\/04\\\/IMG-20221003-WA0035.jpg\",\"articleSection\":[\"Turismo\"],\"inLanguage\":\"es\",\"potentialAction\":[{\"@type\":\"CommentAction\",\"name\":\"Comment\",\"target\":[\"https:\\\/\\\/cvinoticias.com\\\/v3\\\/iguazu-apuesta-fuerte-a-la-feria-internacional-del-turismo-2023\\\/#respond\"]}]},{\"@type\":\"WebPage\",\"@id\":\"https:\\\/\\\/cvinoticias.com\\\/v3\\\/iguazu-apuesta-fuerte-a-la-feria-internacional-del-turismo-2023\\\/\",\"url\":\"https:\\\/\\\/cvinoticias.com\\\/v3\\\/iguazu-apuesta-fuerte-a-la-feria-internacional-del-turismo-2023\\\/\",\"name\":\"Iguaz\u00fa apuesta fuerte a la Feria Internacional del Turismo 2023 | CVI NOTICIAS\",\"isPartOf\":{\"@id\":\"https:\\\/\\\/cvinoticias.com\\\/v3\\\/#website\"},\"primaryImageOfPage\":{\"@id\":\"https:\\\/\\\/cvinoticias.com\\\/v3\\\/iguazu-apuesta-fuerte-a-la-feria-internacional-del-turismo-2023\\\/#primaryimage\"},\"image\":{\"@id\":\"https:\\\/\\\/cvinoticias.com\\\/v3\\\/iguazu-apuesta-fuerte-a-la-feria-internacional-del-turismo-2023\\\/#primaryimage\"},\"thumbnailUrl\":\"https:\\\/\\\/cvinoticias.com\\\/wp-content\\\/uploads\\\/2023\\\/04\\\/IMG-20221003-WA0035.jpg\",\"datePublished\":\"2023-04-26T11:01:47+00:00\",\"breadcrumb\":{\"@id\":\"https:\\\/\\\/cvinoticias.com\\\/v3\\\/iguazu-apuesta-fuerte-a-la-feria-internacional-del-turismo-2023\\\/#breadcrumb\"},\"inLanguage\":\"es\",\"potentialAction\":[{\"@type\":\"ReadAction\",\"target\":[\"https:\\\/\\\/cvinoticias.com\\\/v3\\\/iguazu-apuesta-fuerte-a-la-feria-internacional-del-turismo-2023\\\/\"]}]},{\"@type\":\"ImageObject\",\"inLanguage\":\"es\",\"@id\":\"https:\\\/\\\/cvinoticias.com\\\/v3\\\/iguazu-apuesta-fuerte-a-la-feria-internacional-del-turismo-2023\\\/#primaryimage\",\"url\":\"https:\\\/\\\/cvinoticias.com\\\/wp-content\\\/uploads\\\/2023\\\/04\\\/IMG-20221003-WA0035.jpg\",\"contentUrl\":\"https:\\\/\\\/cvinoticias.com\\\/wp-content\\\/uploads\\\/2023\\\/04\\\/IMG-20221003-WA0035.jpg\",\"width\":686,\"height\":795},{\"@type\":\"BreadcrumbList\",\"@id\":\"https:\\\/\\\/cvinoticias.com\\\/v3\\\/iguazu-apuesta-fuerte-a-la-feria-internacional-del-turismo-2023\\\/#breadcrumb\",\"itemListElement\":[{\"@type\":\"ListItem\",\"position\":1,\"name\":\"Portada\",\"item\":\"https:\\\/\\\/cvinoticias.com\\\/v3\\\/\"},{\"@type\":\"ListItem\",\"position\":2,\"name\":\"Iguaz\u00fa apuesta fuerte a la Feria Internacional del Turismo 2023\"}]},{\"@type\":\"WebSite\",\"@id\":\"https:\\\/\\\/cvinoticias.com\\\/v3\\\/#website\",\"url\":\"https:\\\/\\\/cvinoticias.com\\\/v3\\\/\",\"name\":\"CVI NOTICIAS\",\"description\":\"\",\"publisher\":{\"@id\":\"https:\\\/\\\/cvinoticias.com\\\/v3\\\/#organization\"},\"alternateName\":\"CVI\",\"potentialAction\":[{\"@type\":\"SearchAction\",\"target\":{\"@type\":\"EntryPoint\",\"urlTemplate\":\"https:\\\/\\\/cvinoticias.com\\\/v3\\\/?s={search_term_string}\"},\"query-input\":{\"@type\":\"PropertyValueSpecification\",\"valueRequired\":true,\"valueName\":\"search_term_string\"}}],\"inLanguage\":\"es\"},{\"@type\":\"Organization\",\"@id\":\"https:\\\/\\\/cvinoticias.com\\\/v3\\\/#organization\",\"name\":\"CVI NOTICIAS\",\"url\":\"https:\\\/\\\/cvinoticias.com\\\/v3\\\/\",\"logo\":{\"@type\":\"ImageObject\",\"inLanguage\":\"es\",\"@id\":\"https:\\\/\\\/cvinoticias.com\\\/v3\\\/#\\\/schema\\\/logo\\\/image\\\/\",\"url\":\"https:\\\/\\\/cvinoticias.com\\\/wp-content\\\/uploads\\\/2023\\\/04\\\/cropped-cropped-cropped-cropped-cropped-3-1.png\",\"contentUrl\":\"https:\\\/\\\/cvinoticias.com\\\/wp-content\\\/uploads\\\/2023\\\/04\\\/cropped-cropped-cropped-cropped-cropped-3-1.png\",\"width\":95,\"height\":122,\"caption\":\"CVI NOTICIAS\"},\"image\":{\"@id\":\"https:\\\/\\\/cvinoticias.com\\\/v3\\\/#\\\/schema\\\/logo\\\/image\\\/\"},\"sameAs\":[\"https:\\\/\\\/www.facebook.com\\\/cvinoticias\",\"https:\\\/\\\/www.instagram.com\\\/cvinoticias\\\/\",\"https:\\\/\\\/www.youtube.com\\\/@CVINOTICIAS\"]},{\"@type\":\"Person\",\"@id\":\"https:\\\/\\\/cvinoticias.com\\\/v3\\\/#\\\/schema\\\/person\\\/2db77e3c6bc03c538495d7b2b8be9b66\",\"name\":\"f1000024\",\"image\":{\"@type\":\"ImageObject\",\"inLanguage\":\"es\",\"@id\":\"https:\\\/\\\/secure.gravatar.com\\\/avatar\\\/d4fe7459cfc51ff5129ce1a732bbef5928568b8092d412ef95611616376bbeed?s=96&d=mm&r=g\",\"url\":\"https:\\\/\\\/secure.gravatar.com\\\/avatar\\\/d4fe7459cfc51ff5129ce1a732bbef5928568b8092d412ef95611616376bbeed?s=96&d=mm&r=g\",\"contentUrl\":\"https:\\\/\\\/secure.gravatar.com\\\/avatar\\\/d4fe7459cfc51ff5129ce1a732bbef5928568b8092d412ef95611616376bbeed?s=96&d=mm&r=g\",\"caption\":\"f1000024\"},\"url\":\"https:\\\/\\\/cvinoticias.com\\\/v3\\\/author\\\/f1000024\\\/\"}]}<\/script>\n<!-- \/ Yoast SEO plugin. -->","yoast_head_json":{"title":"Iguaz\u00fa apuesta fuerte a la Feria Internacional del Turismo 2023 | CVI NOTICIAS","robots":{"index":"index","follow":"follow","max-snippet":"max-snippet:-1","max-image-preview":"max-image-preview:large","max-video-preview":"max-video-preview:-1"},"canonical":"https:\/\/cvinoticias.com\/v3\/iguazu-apuesta-fuerte-a-la-feria-internacional-del-turismo-2023\/","og_locale":"es_ES","og_type":"article","og_title":"Iguaz\u00fa apuesta fuerte a la Feria Internacional del Turismo 2023 | CVI NOTICIAS","og_description":"El Iguaz\u00fa Turismo Ente Municipal (ITUREM), con Leopoldo Lucas como presidente, se prepara con expectativas para la pr\u00f3xima edici\u00f3n de la Feria Internacional del Turismo (FIT) en Buenos Aires, Argentina. La misma se desarrollar\u00e1 del 30 de septiembre al 3 de octubre de 2023, Iguaz\u00fa que ha participado en ediciones anteriores, contar\u00e1 con un stand [&hellip;]","og_url":"https:\/\/cvinoticias.com\/v3\/iguazu-apuesta-fuerte-a-la-feria-internacional-del-turismo-2023\/","og_site_name":"CVI NOTICIAS","article_publisher":"https:\/\/www.facebook.com\/cvinoticias","article_published_time":"2023-04-26T11:01:47+00:00","og_image":[{"width":686,"height":795,"url":"https:\/\/cvinoticias.com\/wp-content\/uploads\/2023\/04\/IMG-20221003-WA0035.jpg","type":"image\/jpeg"}],"author":"f1000024","twitter_card":"summary_large_image","twitter_misc":{"Escrito por":"f1000024","Tiempo de lectura":"2 minutos"},"schema":{"@context":"https:\/\/schema.org","@graph":[{"@type":"Article","@id":"https:\/\/cvinoticias.com\/v3\/iguazu-apuesta-fuerte-a-la-feria-internacional-del-turismo-2023\/#article","isPartOf":{"@id":"https:\/\/cvinoticias.com\/v3\/iguazu-apuesta-fuerte-a-la-feria-internacional-del-turismo-2023\/"},"author":{"name":"f1000024","@id":"https:\/\/cvinoticias.com\/v3\/#\/schema\/person\/2db77e3c6bc03c538495d7b2b8be9b66"},"headline":"Iguaz\u00fa apuesta fuerte a la Feria Internacional del Turismo 2023","datePublished":"2023-04-26T11:01:47+00:00","mainEntityOfPage":{"@id":"https:\/\/cvinoticias.com\/v3\/iguazu-apuesta-fuerte-a-la-feria-internacional-del-turismo-2023\/"},"wordCount":400,"commentCount":0,"publisher":{"@id":"https:\/\/cvinoticias.com\/v3\/#organization"},"image":{"@id":"https:\/\/cvinoticias.com\/v3\/iguazu-apuesta-fuerte-a-la-feria-internacional-del-turismo-2023\/#primaryimage"},"thumbnailUrl":"https:\/\/cvinoticias.com\/wp-content\/uploads\/2023\/04\/IMG-20221003-WA0035.jpg","articleSection":["Turismo"],"inLanguage":"es","potentialAction":[{"@type":"CommentAction","name":"Comment","target":["https:\/\/cvinoticias.com\/v3\/iguazu-apuesta-fuerte-a-la-feria-internacional-del-turismo-2023\/#respond"]}]},{"@type":"WebPage","@id":"https:\/\/cvinoticias.com\/v3\/iguazu-apuesta-fuerte-a-la-feria-internacional-del-turismo-2023\/","url":"https:\/\/cvinoticias.com\/v3\/iguazu-apuesta-fuerte-a-la-feria-internacional-del-turismo-2023\/","name":"Iguaz\u00fa apuesta fuerte a la Feria Internacional del Turismo 2023 | CVI NOTICIAS","isPartOf":{"@id":"https:\/\/cvinoticias.com\/v3\/#website"},"primaryImageOfPage":{"@id":"https:\/\/cvinoticias.com\/v3\/iguazu-apuesta-fuerte-a-la-feria-internacional-del-turismo-2023\/#primaryimage"},"image":{"@id":"https:\/\/cvinoticias.com\/v3\/iguazu-apuesta-fuerte-a-la-feria-internacional-del-turismo-2023\/#primaryimage"},"thumbnailUrl":"https:\/\/cvinoticias.com\/wp-content\/uploads\/2023\/04\/IMG-20221003-WA0035.jpg","datePublished":"2023-04-26T11:01:47+00:00","breadcrumb":{"@id":"https:\/\/cvinoticias.com\/v3\/iguazu-apuesta-fuerte-a-la-feria-internacional-del-turismo-2023\/#breadcrumb"},"inLanguage":"es","potentialAction":[{"@type":"ReadAction","target":["https:\/\/cvinoticias.com\/v3\/iguazu-apuesta-fuerte-a-la-feria-internacional-del-turismo-2023\/"]}]},{"@type":"ImageObject","inLanguage":"es","@id":"https:\/\/cvinoticias.com\/v3\/iguazu-apuesta-fuerte-a-la-feria-internacional-del-turismo-2023\/#primaryimage","url":"https:\/\/cvinoticias.com\/wp-content\/uploads\/2023\/04\/IMG-20221003-WA0035.jpg","contentUrl":"https:\/\/cvinoticias.com\/wp-content\/uploads\/2023\/04\/IMG-20221003-WA0035.jpg","width":686,"height":795},{"@type":"BreadcrumbList","@id":"https:\/\/cvinoticias.com\/v3\/iguazu-apuesta-fuerte-a-la-feria-internacional-del-turismo-2023\/#breadcrumb","itemListElement":[{"@type":"ListItem","position":1,"name":"Portada","item":"https:\/\/cvinoticias.com\/v3\/"},{"@type":"ListItem","position":2,"name":"Iguaz\u00fa apuesta fuerte a la Feria Internacional del Turismo 2023"}]},{"@type":"WebSite","@id":"https:\/\/cvinoticias.com\/v3\/#website","url":"https:\/\/cvinoticias.com\/v3\/","name":"CVI NOTICIAS","description":"","publisher":{"@id":"https:\/\/cvinoticias.com\/v3\/#organization"},"alternateName":"CVI","potentialAction":[{"@type":"SearchAction","target":{"@type":"EntryPoint","urlTemplate":"https:\/\/cvinoticias.com\/v3\/?s={search_term_string}"},"query-input":{"@type":"PropertyValueSpecification","valueRequired":true,"valueName":"search_term_string"}}],"inLanguage":"es"},{"@type":"Organization","@id":"https:\/\/cvinoticias.com\/v3\/#organization","name":"CVI NOTICIAS","url":"https:\/\/cvinoticias.com\/v3\/","logo":{"@type":"ImageObject","inLanguage":"es","@id":"https:\/\/cvinoticias.com\/v3\/#\/schema\/logo\/image\/","url":"https:\/\/cvinoticias.com\/wp-content\/uploads\/2023\/04\/cropped-cropped-cropped-cropped-cropped-3-1.png","contentUrl":"https:\/\/cvinoticias.com\/wp-content\/uploads\/2023\/04\/cropped-cropped-cropped-cropped-cropped-3-1.png","width":95,"height":122,"caption":"CVI NOTICIAS"},"image":{"@id":"https:\/\/cvinoticias.com\/v3\/#\/schema\/logo\/image\/"},"sameAs":["https:\/\/www.facebook.com\/cvinoticias","https:\/\/www.instagram.com\/cvinoticias\/","https:\/\/www.youtube.com\/@CVINOTICIAS"]},{"@type":"Person","@id":"https:\/\/cvinoticias.com\/v3\/#\/schema\/person\/2db77e3c6bc03c538495d7b2b8be9b66","name":"f1000024","image":{"@type":"ImageObject","inLanguage":"es","@id":"https:\/\/secure.gravatar.com\/avatar\/d4fe7459cfc51ff5129ce1a732bbef5928568b8092d412ef95611616376bbeed?s=96&d=mm&r=g","url":"https:\/\/secure.gravatar.com\/avatar\/d4fe7459cfc51ff5129ce1a732bbef5928568b8092d412ef95611616376bbeed?s=96&d=mm&r=g","contentUrl":"https:\/\/secure.gravatar.com\/avatar\/d4fe7459cfc51ff5129ce1a732bbef5928568b8092d412ef95611616376bbeed?s=96&d=mm&r=g","caption":"f1000024"},"url":"https:\/\/cvinoticias.com\/v3\/author\/f1000024\/"}]}},"_links":{"self":[{"href":"https:\/\/cvinoticias.com\/v3\/wp-json\/wp\/v2\/posts\/24387","targetHints":{"allow":["GET"]}}],"collection":[{"href":"https:\/\/cvinoticias.com\/v3\/wp-json\/wp\/v2\/posts"}],"about":[{"href":"https:\/\/cvinoticias.com\/v3\/wp-json\/wp\/v2\/types\/post"}],"author":[{"embeddable":true,"href":"https:\/\/cvinoticias.com\/v3\/wp-json\/wp\/v2\/users\/2"}],"replies":[{"embeddable":true,"href":"https:\/\/cvinoticias.com\/v3\/wp-json\/wp\/v2\/comments?post=24387"}],"version-history":[{"count":1,"href":"https:\/\/cvinoticias.com\/v3\/wp-json\/wp\/v2\/posts\/24387\/revisions"}],"predecessor-version":[{"id":24390,"href":"https:\/\/cvinoticias.com\/v3\/wp-json\/wp\/v2\/posts\/24387\/revisions\/24390"}],"wp:featuredmedia":[{"embeddable":true,"href":"https:\/\/cvinoticias.com\/v3\/wp-json\/wp\/v2\/media\/24388"}],"wp:attachment":[{"href":"https:\/\/cvinoticias.com\/v3\/wp-json\/wp\/v2\/media?parent=24387"}],"wp:term":[{"taxonomy":"category","embeddable":true,"href":"https:\/\/cvinoticias.com\/v3\/wp-json\/wp\/v2\/categories?post=24387"},{"taxonomy":"post_tag","embeddable":true,"href":"https:\/\/cvinoticias.com\/v3\/wp-json\/wp\/v2\/tags?post=24387"}],"curies":[{"name":"wp","href":"https:\/\/api.w.org\/{rel}","templated":true}]}}