{"id":24382,"date":"2023-04-25T12:59:27","date_gmt":"2023-04-25T12:59:27","guid":{"rendered":"https:\/\/cvinoticias.com\/v3\/?p=24382"},"modified":"2023-04-25T12:59:27","modified_gmt":"2023-04-25T12:59:27","slug":"la-ciudad-de-las-cataratas-sede-del-vii-congreso-nacional-de-conservacion-de-la-biodiversidad","status":"publish","type":"post","link":"https:\/\/cvinoticias.com\/v3\/la-ciudad-de-las-cataratas-sede-del-vii-congreso-nacional-de-conservacion-de-la-biodiversidad\/","title":{"rendered":"La ciudad de las Cataratas sede del VII Congreso Nacional de Conservaci\u00f3n de la Biodiversidad"},"content":{"rendered":"\n<p><strong><em>En el Hotel O2 de la ciudad de las Cataratas se est\u00e1 realizando, la presentaci\u00f3n del VII Congreso Nacional de Conservaci\u00f3n de la Biodiversidad con diferentes talleres, sesiones y conferencias que se desarrollar\u00e1n desde el 25 al 28 de abril.<\/em><\/strong><\/p>\n\n\n\n<p>Con el objetivo de generar un espacio amplio e inclusivo para debatir los temas relevantes relacionados con el conocimiento, uso, manejo y conservaci\u00f3n de la biodiversidad Argentina y Latinoamericana. Con la posibilidad de compartir las diferentes experiencias con autoridades provinciales que estar\u00e1n presente durante los 3 d\u00edas.<\/p>\n\n\n\n<figure class=\"wp-block-image size-large\"><a href=\"https:\/\/cvinoticias.com\/wp-content\/uploads\/2023\/04\/IMG-20230425-WA0018.jpg\"><img decoding=\"async\" width=\"1024\" height=\"461\" data-src=\"https:\/\/cvinoticias.com\/wp-content\/uploads\/2023\/04\/IMG-20230425-WA0018-1024x461.jpg\" alt=\"\" class=\"wp-image-24384 lazyload\" data-srcset=\"https:\/\/cvinoticias.com\/wp-content\/uploads\/2023\/04\/IMG-20230425-WA0018-1024x461.jpg 1024w, https:\/\/cvinoticias.com\/wp-content\/uploads\/2023\/04\/IMG-20230425-WA0018-300x135.jpg 300w, https:\/\/cvinoticias.com\/wp-content\/uploads\/2023\/04\/IMG-20230425-WA0018-768x346.jpg 768w, https:\/\/cvinoticias.com\/wp-content\/uploads\/2023\/04\/IMG-20230425-WA0018.jpg 1280w\" data-sizes=\"(max-width: 1024px) 100vw, 1024px\" src=\"data:image\/svg+xml;base64,PHN2ZyB3aWR0aD0iMSIgaGVpZ2h0PSIxIiB4bWxucz0iaHR0cDovL3d3dy53My5vcmcvMjAwMC9zdmciPjwvc3ZnPg==\" style=\"--smush-placeholder-width: 1024px; --smush-placeholder-aspect-ratio: 1024\/461;\" \/><\/a><\/figure>\n\n\n\n<p>El evento est\u00e1 organizado conjuntamente por el Instituto Misionero de Biodiversidad (Imibio), la Universidad Nacional de Misiones (UNaM) y la fundaci\u00f3n de Historia Natural F\u00e9lix de Azara.<\/p>\n\n\n\n<p>Dicho Congreso, fue declarado de Inter\u00e9s Provincial por la C\u00e1mara de Representantes de Misiones; en el mismo se desarrollar\u00e1n simposios, mesas redondas, conversatorios y talleres de trabajo.<\/p>\n\n\n\n<figure class=\"wp-block-image size-large\"><a href=\"https:\/\/cvinoticias.com\/wp-content\/uploads\/2023\/04\/IMG-20230425-WA0020.jpg\"><img decoding=\"async\" width=\"1024\" height=\"461\" data-src=\"https:\/\/cvinoticias.com\/wp-content\/uploads\/2023\/04\/IMG-20230425-WA0020-1024x461.jpg\" alt=\"\" class=\"wp-image-24385 lazyload\" data-srcset=\"https:\/\/cvinoticias.com\/wp-content\/uploads\/2023\/04\/IMG-20230425-WA0020-1024x461.jpg 1024w, https:\/\/cvinoticias.com\/wp-content\/uploads\/2023\/04\/IMG-20230425-WA0020-300x135.jpg 300w, https:\/\/cvinoticias.com\/wp-content\/uploads\/2023\/04\/IMG-20230425-WA0020-768x346.jpg 768w, https:\/\/cvinoticias.com\/wp-content\/uploads\/2023\/04\/IMG-20230425-WA0020.jpg 1280w\" data-sizes=\"(max-width: 1024px) 100vw, 1024px\" src=\"data:image\/svg+xml;base64,PHN2ZyB3aWR0aD0iMSIgaGVpZ2h0PSIxIiB4bWxucz0iaHR0cDovL3d3dy53My5vcmcvMjAwMC9zdmciPjwvc3ZnPg==\" style=\"--smush-placeholder-width: 1024px; --smush-placeholder-aspect-ratio: 1024\/461;\" \/><\/a><\/figure>\n","protected":false},"excerpt":{"rendered":"<p>En el Hotel O2 de la ciudad de las Cataratas se est\u00e1 realizando, la presentaci\u00f3n del VII Congreso Nacional de Conservaci\u00f3n de la Biodiversidad con diferentes talleres, sesiones y conferencias que se desarrollar\u00e1n desde el 25 al 28 de abril. Con el objetivo de generar un espacio amplio e inclusivo para debatir los temas relevantes [&hellip;]<\/p>\n","protected":false},"author":2,"featured_media":24383,"comment_status":"open","ping_status":"open","sticky":false,"template":"","format":"standard","meta":{"footnotes":""},"categories":[29],"tags":[],"class_list":["post-24382","post","type-post","status-publish","format-standard","has-post-thumbnail","hentry","category-locales"],"yoast_head":"<!-- This site is optimized with the Yoast SEO plugin v27.4 - https:\/\/yoast.com\/product\/yoast-seo-wordpress\/ -->\n<title>La ciudad de las Cataratas sede del VII Congreso Nacional de Conservaci\u00f3n de la Biodiversidad | CVI NOTICIAS<\/title>\n<meta name=\"robots\" content=\"index, follow, max-snippet:-1, max-image-preview:large, max-video-preview:-1\" \/>\n<link rel=\"canonical\" href=\"https:\/\/cvinoticias.com\/v3\/la-ciudad-de-las-cataratas-sede-del-vii-congreso-nacional-de-conservacion-de-la-biodiversidad\/\" \/>\n<meta property=\"og:locale\" content=\"es_ES\" \/>\n<meta property=\"og:type\" content=\"article\" \/>\n<meta property=\"og:title\" content=\"La ciudad de las Cataratas sede del VII Congreso Nacional de Conservaci\u00f3n de la Biodiversidad | CVI NOTICIAS\" \/>\n<meta property=\"og:description\" content=\"En el Hotel O2 de la ciudad de las Cataratas se est\u00e1 realizando, la presentaci\u00f3n del VII Congreso Nacional de Conservaci\u00f3n de la Biodiversidad con diferentes talleres, sesiones y conferencias que se desarrollar\u00e1n desde el 25 al 28 de abril. Con el objetivo de generar un espacio amplio e inclusivo para debatir los temas relevantes [&hellip;]\" \/>\n<meta property=\"og:url\" content=\"https:\/\/cvinoticias.com\/v3\/la-ciudad-de-las-cataratas-sede-del-vii-congreso-nacional-de-conservacion-de-la-biodiversidad\/\" \/>\n<meta property=\"og:site_name\" content=\"CVI NOTICIAS\" \/>\n<meta property=\"article:publisher\" content=\"https:\/\/www.facebook.com\/cvinoticias\" \/>\n<meta property=\"article:published_time\" content=\"2023-04-25T12:59:27+00:00\" \/>\n<meta property=\"og:image\" content=\"https:\/\/cvinoticias.com\/wp-content\/uploads\/2023\/04\/IMG-20230425-WA0016.jpg\" \/>\n\t<meta property=\"og:image:width\" content=\"1280\" \/>\n\t<meta property=\"og:image:height\" content=\"576\" \/>\n\t<meta property=\"og:image:type\" content=\"image\/jpeg\" \/>\n<meta name=\"author\" content=\"f1000024\" \/>\n<meta name=\"twitter:card\" content=\"summary_large_image\" \/>\n<meta name=\"twitter:label1\" content=\"Escrito por\" \/>\n\t<meta name=\"twitter:data1\" content=\"f1000024\" \/>\n\t<meta name=\"twitter:label2\" content=\"Tiempo de lectura\" \/>\n\t<meta name=\"twitter:data2\" content=\"1 minuto\" \/>\n<script type=\"application\/ld+json\" class=\"yoast-schema-graph\">{\"@context\":\"https:\\\/\\\/schema.org\",\"@graph\":[{\"@type\":\"Article\",\"@id\":\"https:\\\/\\\/cvinoticias.com\\\/v3\\\/la-ciudad-de-las-cataratas-sede-del-vii-congreso-nacional-de-conservacion-de-la-biodiversidad\\\/#article\",\"isPartOf\":{\"@id\":\"https:\\\/\\\/cvinoticias.com\\\/v3\\\/la-ciudad-de-las-cataratas-sede-del-vii-congreso-nacional-de-conservacion-de-la-biodiversidad\\\/\"},\"author\":{\"name\":\"f1000024\",\"@id\":\"https:\\\/\\\/cvinoticias.com\\\/v3\\\/#\\\/schema\\\/person\\\/2db77e3c6bc03c538495d7b2b8be9b66\"},\"headline\":\"La ciudad de las Cataratas sede del VII Congreso Nacional de Conservaci\u00f3n de la Biodiversidad\",\"datePublished\":\"2023-04-25T12:59:27+00:00\",\"mainEntityOfPage\":{\"@id\":\"https:\\\/\\\/cvinoticias.com\\\/v3\\\/la-ciudad-de-las-cataratas-sede-del-vii-congreso-nacional-de-conservacion-de-la-biodiversidad\\\/\"},\"wordCount\":165,\"commentCount\":0,\"publisher\":{\"@id\":\"https:\\\/\\\/cvinoticias.com\\\/v3\\\/#organization\"},\"image\":{\"@id\":\"https:\\\/\\\/cvinoticias.com\\\/v3\\\/la-ciudad-de-las-cataratas-sede-del-vii-congreso-nacional-de-conservacion-de-la-biodiversidad\\\/#primaryimage\"},\"thumbnailUrl\":\"https:\\\/\\\/cvinoticias.com\\\/wp-content\\\/uploads\\\/2023\\\/04\\\/IMG-20230425-WA0016.jpg\",\"articleSection\":[\"Locales\"],\"inLanguage\":\"es\",\"potentialAction\":[{\"@type\":\"CommentAction\",\"name\":\"Comment\",\"target\":[\"https:\\\/\\\/cvinoticias.com\\\/v3\\\/la-ciudad-de-las-cataratas-sede-del-vii-congreso-nacional-de-conservacion-de-la-biodiversidad\\\/#respond\"]}]},{\"@type\":\"WebPage\",\"@id\":\"https:\\\/\\\/cvinoticias.com\\\/v3\\\/la-ciudad-de-las-cataratas-sede-del-vii-congreso-nacional-de-conservacion-de-la-biodiversidad\\\/\",\"url\":\"https:\\\/\\\/cvinoticias.com\\\/v3\\\/la-ciudad-de-las-cataratas-sede-del-vii-congreso-nacional-de-conservacion-de-la-biodiversidad\\\/\",\"name\":\"La ciudad de las Cataratas sede del VII Congreso Nacional de Conservaci\u00f3n de la Biodiversidad | CVI NOTICIAS\",\"isPartOf\":{\"@id\":\"https:\\\/\\\/cvinoticias.com\\\/v3\\\/#website\"},\"primaryImageOfPage\":{\"@id\":\"https:\\\/\\\/cvinoticias.com\\\/v3\\\/la-ciudad-de-las-cataratas-sede-del-vii-congreso-nacional-de-conservacion-de-la-biodiversidad\\\/#primaryimage\"},\"image\":{\"@id\":\"https:\\\/\\\/cvinoticias.com\\\/v3\\\/la-ciudad-de-las-cataratas-sede-del-vii-congreso-nacional-de-conservacion-de-la-biodiversidad\\\/#primaryimage\"},\"thumbnailUrl\":\"https:\\\/\\\/cvinoticias.com\\\/wp-content\\\/uploads\\\/2023\\\/04\\\/IMG-20230425-WA0016.jpg\",\"datePublished\":\"2023-04-25T12:59:27+00:00\",\"breadcrumb\":{\"@id\":\"https:\\\/\\\/cvinoticias.com\\\/v3\\\/la-ciudad-de-las-cataratas-sede-del-vii-congreso-nacional-de-conservacion-de-la-biodiversidad\\\/#breadcrumb\"},\"inLanguage\":\"es\",\"potentialAction\":[{\"@type\":\"ReadAction\",\"target\":[\"https:\\\/\\\/cvinoticias.com\\\/v3\\\/la-ciudad-de-las-cataratas-sede-del-vii-congreso-nacional-de-conservacion-de-la-biodiversidad\\\/\"]}]},{\"@type\":\"ImageObject\",\"inLanguage\":\"es\",\"@id\":\"https:\\\/\\\/cvinoticias.com\\\/v3\\\/la-ciudad-de-las-cataratas-sede-del-vii-congreso-nacional-de-conservacion-de-la-biodiversidad\\\/#primaryimage\",\"url\":\"https:\\\/\\\/cvinoticias.com\\\/wp-content\\\/uploads\\\/2023\\\/04\\\/IMG-20230425-WA0016.jpg\",\"contentUrl\":\"https:\\\/\\\/cvinoticias.com\\\/wp-content\\\/uploads\\\/2023\\\/04\\\/IMG-20230425-WA0016.jpg\",\"width\":1280,\"height\":576},{\"@type\":\"BreadcrumbList\",\"@id\":\"https:\\\/\\\/cvinoticias.com\\\/v3\\\/la-ciudad-de-las-cataratas-sede-del-vii-congreso-nacional-de-conservacion-de-la-biodiversidad\\\/#breadcrumb\",\"itemListElement\":[{\"@type\":\"ListItem\",\"position\":1,\"name\":\"Portada\",\"item\":\"https:\\\/\\\/cvinoticias.com\\\/v3\\\/\"},{\"@type\":\"ListItem\",\"position\":2,\"name\":\"La ciudad de las Cataratas sede del VII Congreso Nacional de Conservaci\u00f3n de la Biodiversidad\"}]},{\"@type\":\"WebSite\",\"@id\":\"https:\\\/\\\/cvinoticias.com\\\/v3\\\/#website\",\"url\":\"https:\\\/\\\/cvinoticias.com\\\/v3\\\/\",\"name\":\"CVI NOTICIAS\",\"description\":\"\",\"publisher\":{\"@id\":\"https:\\\/\\\/cvinoticias.com\\\/v3\\\/#organization\"},\"alternateName\":\"CVI\",\"potentialAction\":[{\"@type\":\"SearchAction\",\"target\":{\"@type\":\"EntryPoint\",\"urlTemplate\":\"https:\\\/\\\/cvinoticias.com\\\/v3\\\/?s={search_term_string}\"},\"query-input\":{\"@type\":\"PropertyValueSpecification\",\"valueRequired\":true,\"valueName\":\"search_term_string\"}}],\"inLanguage\":\"es\"},{\"@type\":\"Organization\",\"@id\":\"https:\\\/\\\/cvinoticias.com\\\/v3\\\/#organization\",\"name\":\"CVI NOTICIAS\",\"url\":\"https:\\\/\\\/cvinoticias.com\\\/v3\\\/\",\"logo\":{\"@type\":\"ImageObject\",\"inLanguage\":\"es\",\"@id\":\"https:\\\/\\\/cvinoticias.com\\\/v3\\\/#\\\/schema\\\/logo\\\/image\\\/\",\"url\":\"https:\\\/\\\/cvinoticias.com\\\/wp-content\\\/uploads\\\/2023\\\/04\\\/cropped-cropped-cropped-cropped-cropped-3-1.png\",\"contentUrl\":\"https:\\\/\\\/cvinoticias.com\\\/wp-content\\\/uploads\\\/2023\\\/04\\\/cropped-cropped-cropped-cropped-cropped-3-1.png\",\"width\":95,\"height\":122,\"caption\":\"CVI NOTICIAS\"},\"image\":{\"@id\":\"https:\\\/\\\/cvinoticias.com\\\/v3\\\/#\\\/schema\\\/logo\\\/image\\\/\"},\"sameAs\":[\"https:\\\/\\\/www.facebook.com\\\/cvinoticias\",\"https:\\\/\\\/www.instagram.com\\\/cvinoticias\\\/\",\"https:\\\/\\\/www.youtube.com\\\/@CVINOTICIAS\"]},{\"@type\":\"Person\",\"@id\":\"https:\\\/\\\/cvinoticias.com\\\/v3\\\/#\\\/schema\\\/person\\\/2db77e3c6bc03c538495d7b2b8be9b66\",\"name\":\"f1000024\",\"image\":{\"@type\":\"ImageObject\",\"inLanguage\":\"es\",\"@id\":\"https:\\\/\\\/secure.gravatar.com\\\/avatar\\\/d4fe7459cfc51ff5129ce1a732bbef5928568b8092d412ef95611616376bbeed?s=96&d=mm&r=g\",\"url\":\"https:\\\/\\\/secure.gravatar.com\\\/avatar\\\/d4fe7459cfc51ff5129ce1a732bbef5928568b8092d412ef95611616376bbeed?s=96&d=mm&r=g\",\"contentUrl\":\"https:\\\/\\\/secure.gravatar.com\\\/avatar\\\/d4fe7459cfc51ff5129ce1a732bbef5928568b8092d412ef95611616376bbeed?s=96&d=mm&r=g\",\"caption\":\"f1000024\"},\"url\":\"https:\\\/\\\/cvinoticias.com\\\/v3\\\/author\\\/f1000024\\\/\"}]}<\/script>\n<!-- \/ Yoast SEO plugin. -->","yoast_head_json":{"title":"La ciudad de las Cataratas sede del VII Congreso Nacional de Conservaci\u00f3n de la Biodiversidad | CVI NOTICIAS","robots":{"index":"index","follow":"follow","max-snippet":"max-snippet:-1","max-image-preview":"max-image-preview:large","max-video-preview":"max-video-preview:-1"},"canonical":"https:\/\/cvinoticias.com\/v3\/la-ciudad-de-las-cataratas-sede-del-vii-congreso-nacional-de-conservacion-de-la-biodiversidad\/","og_locale":"es_ES","og_type":"article","og_title":"La ciudad de las Cataratas sede del VII Congreso Nacional de Conservaci\u00f3n de la Biodiversidad | CVI NOTICIAS","og_description":"En el Hotel O2 de la ciudad de las Cataratas se est\u00e1 realizando, la presentaci\u00f3n del VII Congreso Nacional de Conservaci\u00f3n de la Biodiversidad con diferentes talleres, sesiones y conferencias que se desarrollar\u00e1n desde el 25 al 28 de abril. Con el objetivo de generar un espacio amplio e inclusivo para debatir los temas relevantes [&hellip;]","og_url":"https:\/\/cvinoticias.com\/v3\/la-ciudad-de-las-cataratas-sede-del-vii-congreso-nacional-de-conservacion-de-la-biodiversidad\/","og_site_name":"CVI NOTICIAS","article_publisher":"https:\/\/www.facebook.com\/cvinoticias","article_published_time":"2023-04-25T12:59:27+00:00","og_image":[{"width":1280,"height":576,"url":"https:\/\/cvinoticias.com\/wp-content\/uploads\/2023\/04\/IMG-20230425-WA0016.jpg","type":"image\/jpeg"}],"author":"f1000024","twitter_card":"summary_large_image","twitter_misc":{"Escrito por":"f1000024","Tiempo de lectura":"1 minuto"},"schema":{"@context":"https:\/\/schema.org","@graph":[{"@type":"Article","@id":"https:\/\/cvinoticias.com\/v3\/la-ciudad-de-las-cataratas-sede-del-vii-congreso-nacional-de-conservacion-de-la-biodiversidad\/#article","isPartOf":{"@id":"https:\/\/cvinoticias.com\/v3\/la-ciudad-de-las-cataratas-sede-del-vii-congreso-nacional-de-conservacion-de-la-biodiversidad\/"},"author":{"name":"f1000024","@id":"https:\/\/cvinoticias.com\/v3\/#\/schema\/person\/2db77e3c6bc03c538495d7b2b8be9b66"},"headline":"La ciudad de las Cataratas sede del VII Congreso Nacional de Conservaci\u00f3n de la Biodiversidad","datePublished":"2023-04-25T12:59:27+00:00","mainEntityOfPage":{"@id":"https:\/\/cvinoticias.com\/v3\/la-ciudad-de-las-cataratas-sede-del-vii-congreso-nacional-de-conservacion-de-la-biodiversidad\/"},"wordCount":165,"commentCount":0,"publisher":{"@id":"https:\/\/cvinoticias.com\/v3\/#organization"},"image":{"@id":"https:\/\/cvinoticias.com\/v3\/la-ciudad-de-las-cataratas-sede-del-vii-congreso-nacional-de-conservacion-de-la-biodiversidad\/#primaryimage"},"thumbnailUrl":"https:\/\/cvinoticias.com\/wp-content\/uploads\/2023\/04\/IMG-20230425-WA0016.jpg","articleSection":["Locales"],"inLanguage":"es","potentialAction":[{"@type":"CommentAction","name":"Comment","target":["https:\/\/cvinoticias.com\/v3\/la-ciudad-de-las-cataratas-sede-del-vii-congreso-nacional-de-conservacion-de-la-biodiversidad\/#respond"]}]},{"@type":"WebPage","@id":"https:\/\/cvinoticias.com\/v3\/la-ciudad-de-las-cataratas-sede-del-vii-congreso-nacional-de-conservacion-de-la-biodiversidad\/","url":"https:\/\/cvinoticias.com\/v3\/la-ciudad-de-las-cataratas-sede-del-vii-congreso-nacional-de-conservacion-de-la-biodiversidad\/","name":"La ciudad de las Cataratas sede del VII Congreso Nacional de Conservaci\u00f3n de la Biodiversidad | CVI NOTICIAS","isPartOf":{"@id":"https:\/\/cvinoticias.com\/v3\/#website"},"primaryImageOfPage":{"@id":"https:\/\/cvinoticias.com\/v3\/la-ciudad-de-las-cataratas-sede-del-vii-congreso-nacional-de-conservacion-de-la-biodiversidad\/#primaryimage"},"image":{"@id":"https:\/\/cvinoticias.com\/v3\/la-ciudad-de-las-cataratas-sede-del-vii-congreso-nacional-de-conservacion-de-la-biodiversidad\/#primaryimage"},"thumbnailUrl":"https:\/\/cvinoticias.com\/wp-content\/uploads\/2023\/04\/IMG-20230425-WA0016.jpg","datePublished":"2023-04-25T12:59:27+00:00","breadcrumb":{"@id":"https:\/\/cvinoticias.com\/v3\/la-ciudad-de-las-cataratas-sede-del-vii-congreso-nacional-de-conservacion-de-la-biodiversidad\/#breadcrumb"},"inLanguage":"es","potentialAction":[{"@type":"ReadAction","target":["https:\/\/cvinoticias.com\/v3\/la-ciudad-de-las-cataratas-sede-del-vii-congreso-nacional-de-conservacion-de-la-biodiversidad\/"]}]},{"@type":"ImageObject","inLanguage":"es","@id":"https:\/\/cvinoticias.com\/v3\/la-ciudad-de-las-cataratas-sede-del-vii-congreso-nacional-de-conservacion-de-la-biodiversidad\/#primaryimage","url":"https:\/\/cvinoticias.com\/wp-content\/uploads\/2023\/04\/IMG-20230425-WA0016.jpg","contentUrl":"https:\/\/cvinoticias.com\/wp-content\/uploads\/2023\/04\/IMG-20230425-WA0016.jpg","width":1280,"height":576},{"@type":"BreadcrumbList","@id":"https:\/\/cvinoticias.com\/v3\/la-ciudad-de-las-cataratas-sede-del-vii-congreso-nacional-de-conservacion-de-la-biodiversidad\/#breadcrumb","itemListElement":[{"@type":"ListItem","position":1,"name":"Portada","item":"https:\/\/cvinoticias.com\/v3\/"},{"@type":"ListItem","position":2,"name":"La ciudad de las Cataratas sede del VII Congreso Nacional de Conservaci\u00f3n de la Biodiversidad"}]},{"@type":"WebSite","@id":"https:\/\/cvinoticias.com\/v3\/#website","url":"https:\/\/cvinoticias.com\/v3\/","name":"CVI NOTICIAS","description":"","publisher":{"@id":"https:\/\/cvinoticias.com\/v3\/#organization"},"alternateName":"CVI","potentialAction":[{"@type":"SearchAction","target":{"@type":"EntryPoint","urlTemplate":"https:\/\/cvinoticias.com\/v3\/?s={search_term_string}"},"query-input":{"@type":"PropertyValueSpecification","valueRequired":true,"valueName":"search_term_string"}}],"inLanguage":"es"},{"@type":"Organization","@id":"https:\/\/cvinoticias.com\/v3\/#organization","name":"CVI NOTICIAS","url":"https:\/\/cvinoticias.com\/v3\/","logo":{"@type":"ImageObject","inLanguage":"es","@id":"https:\/\/cvinoticias.com\/v3\/#\/schema\/logo\/image\/","url":"https:\/\/cvinoticias.com\/wp-content\/uploads\/2023\/04\/cropped-cropped-cropped-cropped-cropped-3-1.png","contentUrl":"https:\/\/cvinoticias.com\/wp-content\/uploads\/2023\/04\/cropped-cropped-cropped-cropped-cropped-3-1.png","width":95,"height":122,"caption":"CVI NOTICIAS"},"image":{"@id":"https:\/\/cvinoticias.com\/v3\/#\/schema\/logo\/image\/"},"sameAs":["https:\/\/www.facebook.com\/cvinoticias","https:\/\/www.instagram.com\/cvinoticias\/","https:\/\/www.youtube.com\/@CVINOTICIAS"]},{"@type":"Person","@id":"https:\/\/cvinoticias.com\/v3\/#\/schema\/person\/2db77e3c6bc03c538495d7b2b8be9b66","name":"f1000024","image":{"@type":"ImageObject","inLanguage":"es","@id":"https:\/\/secure.gravatar.com\/avatar\/d4fe7459cfc51ff5129ce1a732bbef5928568b8092d412ef95611616376bbeed?s=96&d=mm&r=g","url":"https:\/\/secure.gravatar.com\/avatar\/d4fe7459cfc51ff5129ce1a732bbef5928568b8092d412ef95611616376bbeed?s=96&d=mm&r=g","contentUrl":"https:\/\/secure.gravatar.com\/avatar\/d4fe7459cfc51ff5129ce1a732bbef5928568b8092d412ef95611616376bbeed?s=96&d=mm&r=g","caption":"f1000024"},"url":"https:\/\/cvinoticias.com\/v3\/author\/f1000024\/"}]}},"_links":{"self":[{"href":"https:\/\/cvinoticias.com\/v3\/wp-json\/wp\/v2\/posts\/24382","targetHints":{"allow":["GET"]}}],"collection":[{"href":"https:\/\/cvinoticias.com\/v3\/wp-json\/wp\/v2\/posts"}],"about":[{"href":"https:\/\/cvinoticias.com\/v3\/wp-json\/wp\/v2\/types\/post"}],"author":[{"embeddable":true,"href":"https:\/\/cvinoticias.com\/v3\/wp-json\/wp\/v2\/users\/2"}],"replies":[{"embeddable":true,"href":"https:\/\/cvinoticias.com\/v3\/wp-json\/wp\/v2\/comments?post=24382"}],"version-history":[{"count":1,"href":"https:\/\/cvinoticias.com\/v3\/wp-json\/wp\/v2\/posts\/24382\/revisions"}],"predecessor-version":[{"id":24386,"href":"https:\/\/cvinoticias.com\/v3\/wp-json\/wp\/v2\/posts\/24382\/revisions\/24386"}],"wp:featuredmedia":[{"embeddable":true,"href":"https:\/\/cvinoticias.com\/v3\/wp-json\/wp\/v2\/media\/24383"}],"wp:attachment":[{"href":"https:\/\/cvinoticias.com\/v3\/wp-json\/wp\/v2\/media?parent=24382"}],"wp:term":[{"taxonomy":"category","embeddable":true,"href":"https:\/\/cvinoticias.com\/v3\/wp-json\/wp\/v2\/categories?post=24382"},{"taxonomy":"post_tag","embeddable":true,"href":"https:\/\/cvinoticias.com\/v3\/wp-json\/wp\/v2\/tags?post=24382"}],"curies":[{"name":"wp","href":"https:\/\/api.w.org\/{rel}","templated":true}]}}