{"id":24373,"date":"2023-04-25T11:00:02","date_gmt":"2023-04-25T11:00:02","guid":{"rendered":"https:\/\/cvinoticias.com\/v3\/?p=24373"},"modified":"2023-04-25T11:00:02","modified_gmt":"2023-04-25T11:00:02","slug":"con-eje-en-la-vacunacion-de-municipios-espejo-desde-misiones-vizzotti-lanzo-la-21a-semana-de-vacunacion-en-las-americas","status":"publish","type":"post","link":"https:\/\/cvinoticias.com\/v3\/con-eje-en-la-vacunacion-de-municipios-espejo-desde-misiones-vizzotti-lanzo-la-21a-semana-de-vacunacion-en-las-americas\/","title":{"rendered":"Con eje en la vacunaci\u00f3n de municipios espejo, desde Misiones, Vizzotti lanz\u00f3 la 21\u00aa Semana de Vacunaci\u00f3n en las Am\u00e9ricas"},"content":{"rendered":"\n<p><strong><em>En el marco de la 21\u00aa Semana de Vacunaci\u00f3n en las Am\u00e9ricas (SVA), que se desarrolla del 22 al 29 de abril, la ministra de Salud de la Naci\u00f3n, Carla Vizzotti junto a la representante de la Organizaci\u00f3n Panamericana de Salud en Argentina (OPS\/OMS), Eva Jan\u00e9 Llopis, y al Ministro de Salud P\u00fablica de Misiones, Oscar Alarc\u00f3n, realizaron una jornada de vacunaci\u00f3n de municipios espejo en el Parque Integraci\u00f3n (plaza seca)&nbsp; de Bernardo de Irigoyen, con la presencia de autoridades de las ciudades de Dion\u00edsio Cerqueira, y Barrac\u00e3o, del vecino pa\u00eds Rep\u00fablica Federativa del Brasil.&nbsp;<\/em><\/strong><\/p>\n\n\n\n<p>\u201cLa Semana de Vacunaci\u00f3n en las Am\u00e9ricas pone en escena que las vacunas salvan vidas y que son solidarias porque no solo benefician a quienes nos vacunamos sino tambi\u00e9n a quienes nos rodean\u201d, enfatiz\u00f3 Vizzotti, al tiempo que destac\u00f3 el trabajo binacional con Brasil para \u201crecuperar los esquemas de vacunaci\u00f3n y acercar cada vacuna a toda la poblaci\u00f3n\u201d.<\/p>\n\n\n\n<p>Adem\u00e1s, la responsable de la cartera sanitaria nacional record\u00f3 el trabajo \u201cejemplar del equipo de salud de la frontera para dar respuesta a la pandemia\u201d, y se\u00f1al\u00f3 que \u201ca partir de la crisis humanitaria m\u00e1s importante de nuestro siglo, las relaciones entre Brasil y Argentina se fortalecieron para demostrar que las fronteras no existen ni para los virus y bacterias, ni para el trabajo mancomunado entre ambos pa\u00edses\u201d.<\/p>\n\n\n\n<figure class=\"wp-block-image size-full\"><a href=\"https:\/\/cvinoticias.com\/wp-content\/uploads\/2023\/04\/Bernardo-de-irigoyen-8.jpg\"><img decoding=\"async\" width=\"800\" height=\"534\" data-src=\"https:\/\/cvinoticias.com\/wp-content\/uploads\/2023\/04\/Bernardo-de-irigoyen-8.jpg\" alt=\"\" class=\"wp-image-24375 lazyload\" data-srcset=\"https:\/\/cvinoticias.com\/wp-content\/uploads\/2023\/04\/Bernardo-de-irigoyen-8.jpg 800w, https:\/\/cvinoticias.com\/wp-content\/uploads\/2023\/04\/Bernardo-de-irigoyen-8-300x200.jpg 300w, https:\/\/cvinoticias.com\/wp-content\/uploads\/2023\/04\/Bernardo-de-irigoyen-8-768x513.jpg 768w\" data-sizes=\"(max-width: 800px) 100vw, 800px\" src=\"data:image\/svg+xml;base64,PHN2ZyB3aWR0aD0iMSIgaGVpZ2h0PSIxIiB4bWxucz0iaHR0cDovL3d3dy53My5vcmcvMjAwMC9zdmciPjwvc3ZnPg==\" style=\"--smush-placeholder-width: 800px; --smush-placeholder-aspect-ratio: 800\/534;\" \/><\/a><\/figure>\n\n\n\n<p>Tras destacar el liderazgo y compromiso del pa\u00eds para que las vacunas lleguen a todos sus habitantes, la representante de la Organizaci\u00f3n Panamericana de la Salud en Argentina se refiri\u00f3 al desaf\u00edo de la 21\u00b0 Semana de la Vacunaci\u00f3n en las Am\u00e9ricas. \u201cEn la \u00faltima d\u00e9cada las coberturas de vacunaci\u00f3n mostraron una tendencia decreciente que se acentu\u00f3 durante la pandemia de 2020\u201d, puntualiz\u00f3.<br><br>Jan\u00e9 Llopis agreg\u00f3 que \u201cla Regi\u00f3n de las Am\u00e9ricas pas\u00f3 de ser la segunda regi\u00f3n con mayores coberturas de vacunaci\u00f3n en 2010, a convertirse hoy en la segunda con menor coberturas del mundo\u201d y que por esa raz\u00f3n \u201cel riesgo de brotes de enfermedades prevenibles con vacunas alcanza su nivel m\u00e1s alto en 30 a\u00f1os. As\u00ed concluy\u00f3 que \u201cesta edici\u00f3n es una oportunidad para ponerse al d\u00eda con las vacunas que est\u00e1n disponibles siempre gracias al intenso trabajo del personal de salud\u201d.<\/p>\n\n\n\n<p>Por su parte, el ministro de Salud de Misiones agradeci\u00f3 la presencia de la titular de la cartera sanitaria nacional y de todos los asistentes a una jornada hist\u00f3rica ya que \u201ces la continuidad y el fortalecimiento de la relaci\u00f3n entre los pa\u00edses\u201d. En este sentido, subray\u00f3 que \u201csomos espejo el uno del otro\u201d y llam\u00f3 a que \u201csigamos en esta construcci\u00f3n y hagamos que la salud crezca ac\u00e1, que no es el final de la patria sino el inicio\u201d.<\/p>\n\n\n\n<figure class=\"wp-block-image size-full\"><a href=\"https:\/\/cvinoticias.com\/wp-content\/uploads\/2023\/04\/Bernardo-de-irigoyen-3.jpg\"><img decoding=\"async\" width=\"800\" height=\"534\" data-src=\"https:\/\/cvinoticias.com\/wp-content\/uploads\/2023\/04\/Bernardo-de-irigoyen-3.jpg\" alt=\"\" class=\"wp-image-24380 lazyload\" data-srcset=\"https:\/\/cvinoticias.com\/wp-content\/uploads\/2023\/04\/Bernardo-de-irigoyen-3.jpg 800w, https:\/\/cvinoticias.com\/wp-content\/uploads\/2023\/04\/Bernardo-de-irigoyen-3-300x200.jpg 300w, https:\/\/cvinoticias.com\/wp-content\/uploads\/2023\/04\/Bernardo-de-irigoyen-3-768x513.jpg 768w\" data-sizes=\"(max-width: 800px) 100vw, 800px\" src=\"data:image\/svg+xml;base64,PHN2ZyB3aWR0aD0iMSIgaGVpZ2h0PSIxIiB4bWxucz0iaHR0cDovL3d3dy53My5vcmcvMjAwMC9zdmciPjwvc3ZnPg==\" style=\"--smush-placeholder-width: 800px; --smush-placeholder-aspect-ratio: 800\/534;\" \/><\/a><\/figure>\n\n\n\n<p><br>Por \u00faltimo, Alarc\u00f3n puso en valor la SVA y plante\u00f3 que \u201cla pandemia nos hizo entender que estamos unidos y que cada uno de nosotros tenemos intereses comunes y trabajamos en conjunto pol\u00edticas verdaderamente necesarias para todos\u201d.<\/p>\n\n\n\n<p>A su turno, el intendente de Irigoyen, Guillermo Fern\u00e1ndez, celebr\u00f3 la integraci\u00f3n entre Brasil y Argentina en pos de \u201cseguir mejorando la salud para cuidar a todos los vecinos\u201d. En esta l\u00ednea, agradeci\u00f3 la presencia de la ministra de Salud de la Naci\u00f3n en la ciudad y destac\u00f3 el trabajo de todo el personal de salud que est\u00e1 llevando adelante la Semana de Vacunaci\u00f3n en las Am\u00e9ricas.<\/p>\n\n\n\n<p>En la misma l\u00ednea, el presidente del Consorcio Intermunicipal de Frontera de Brasil, intendente Thyago Gnoatto, ponder\u00f3 el trabajo conjunto llevado adelante todos estos a\u00f1os para \u201cencontrar soluciones a los problemas de nuestra poblaci\u00f3n fronteriza\u201d. Adem\u00e1s, destac\u00f3 que \u201ctenemos un lugar \u00fanico en la frontera para lograr la integraci\u00f3n entre pa\u00edses\u201d, e incit\u00f3 a seguir fortaleciendo la convivencia arm\u00f3nica entre las dos naciones.<\/p>\n\n\n\n<p>La campa\u00f1a SVA se realiza este a\u00f1o bajo el lema \u201cPonte al d\u00eda #CadaVacunaCuenta\u201d con el objetivo de concientizar sobre las vacunas que deben recibir las personas de todas las edades y, de este modo, aumentar las coberturas de vacunaci\u00f3n que en la \u00faltima d\u00e9cada han disminuido entre las ni\u00f1as y los ni\u00f1os de todo el mundo, y de forma m\u00e1s aguda en las Am\u00e9ricas.<\/p>\n\n\n\n<figure class=\"wp-block-image size-full\"><a href=\"https:\/\/cvinoticias.com\/wp-content\/uploads\/2023\/04\/Bernardo-de-irigoyen-14.jpg\"><img decoding=\"async\" width=\"800\" height=\"534\" data-src=\"https:\/\/cvinoticias.com\/wp-content\/uploads\/2023\/04\/Bernardo-de-irigoyen-14.jpg\" alt=\"\" class=\"wp-image-24377 lazyload\" data-srcset=\"https:\/\/cvinoticias.com\/wp-content\/uploads\/2023\/04\/Bernardo-de-irigoyen-14.jpg 800w, https:\/\/cvinoticias.com\/wp-content\/uploads\/2023\/04\/Bernardo-de-irigoyen-14-300x200.jpg 300w, https:\/\/cvinoticias.com\/wp-content\/uploads\/2023\/04\/Bernardo-de-irigoyen-14-768x513.jpg 768w\" data-sizes=\"(max-width: 800px) 100vw, 800px\" src=\"data:image\/svg+xml;base64,PHN2ZyB3aWR0aD0iMSIgaGVpZ2h0PSIxIiB4bWxucz0iaHR0cDovL3d3dy53My5vcmcvMjAwMC9zdmciPjwvc3ZnPg==\" style=\"--smush-placeholder-width: 800px; --smush-placeholder-aspect-ratio: 800\/534;\" \/><\/a><\/figure>\n\n\n\n<p><\/p>\n\n\n\n<p>Los ejes de la campa\u00f1a planteados para este a\u00f1o son: vacunaci\u00f3n en los 1.000 d\u00edas (pedi\u00e1trica, gestantes, puerperio); vacunaci\u00f3n en todas las etapas de la vida; educaci\u00f3n y vacunas (ni\u00f1ez, adolescentes, personas adultas j\u00f3venes); vacunaci\u00f3n a pueblos originarios; vacunaci\u00f3n en municipios espejo (fronteras \/migrantes); y vacunaci\u00f3n en la adultez.<\/p>\n\n\n\n<p>Durante la jornada, Vizzotti particip\u00f3 tambi\u00e9n de una recorrida por el Centro Modular Sanitario de Frontera y luego visit\u00f3 la obra de ampliaci\u00f3n del Hospital Bernardo de Irigoyen.<\/p>\n\n\n\n<figure class=\"wp-block-image size-full\"><a href=\"https:\/\/cvinoticias.com\/wp-content\/uploads\/2023\/04\/Bernardo-de-irigoyen-Modular-20.jpg\"><img decoding=\"async\" width=\"800\" height=\"450\" data-src=\"https:\/\/cvinoticias.com\/wp-content\/uploads\/2023\/04\/Bernardo-de-irigoyen-Modular-20.jpg\" alt=\"\" class=\"wp-image-24378 lazyload\" data-srcset=\"https:\/\/cvinoticias.com\/wp-content\/uploads\/2023\/04\/Bernardo-de-irigoyen-Modular-20.jpg 800w, https:\/\/cvinoticias.com\/wp-content\/uploads\/2023\/04\/Bernardo-de-irigoyen-Modular-20-300x169.jpg 300w, https:\/\/cvinoticias.com\/wp-content\/uploads\/2023\/04\/Bernardo-de-irigoyen-Modular-20-768x432.jpg 768w\" data-sizes=\"(max-width: 800px) 100vw, 800px\" src=\"data:image\/svg+xml;base64,PHN2ZyB3aWR0aD0iMSIgaGVpZ2h0PSIxIiB4bWxucz0iaHR0cDovL3d3dy53My5vcmcvMjAwMC9zdmciPjwvc3ZnPg==\" style=\"--smush-placeholder-width: 800px; --smush-placeholder-aspect-ratio: 800\/450;\" \/><\/a><\/figure>\n\n\n\n<p>La actividad cont\u00f3 adem\u00e1s con la presencia de los Subsecretarios de Salud, H\u00e9ctor Proeza, de Atenci\u00f3n Primaria y Salud Ambiental, Danielo Rom\u00e1n Silva y de Gesti\u00f3n Administrativa y Financiera, Eva Mar\u00eda Bel\u00e9n Gregori; el intendente de Andresito, Bruno Beck; directores de hospitales, jefes de programas y representantes de la cartera sanitaria de Brasil.<\/p>\n\n\n\n<figure class=\"wp-block-image size-full\"><a href=\"https:\/\/cvinoticias.com\/wp-content\/uploads\/2023\/04\/Bernardo-de-irigoyen-Modular-16.jpg\"><img decoding=\"async\" width=\"800\" height=\"534\" data-src=\"https:\/\/cvinoticias.com\/wp-content\/uploads\/2023\/04\/Bernardo-de-irigoyen-Modular-16.jpg\" alt=\"\" class=\"wp-image-24379 lazyload\" data-srcset=\"https:\/\/cvinoticias.com\/wp-content\/uploads\/2023\/04\/Bernardo-de-irigoyen-Modular-16.jpg 800w, https:\/\/cvinoticias.com\/wp-content\/uploads\/2023\/04\/Bernardo-de-irigoyen-Modular-16-300x200.jpg 300w, https:\/\/cvinoticias.com\/wp-content\/uploads\/2023\/04\/Bernardo-de-irigoyen-Modular-16-768x513.jpg 768w\" data-sizes=\"(max-width: 800px) 100vw, 800px\" src=\"data:image\/svg+xml;base64,PHN2ZyB3aWR0aD0iMSIgaGVpZ2h0PSIxIiB4bWxucz0iaHR0cDovL3d3dy53My5vcmcvMjAwMC9zdmciPjwvc3ZnPg==\" style=\"--smush-placeholder-width: 800px; --smush-placeholder-aspect-ratio: 800\/534;\" \/><\/a><\/figure>\n","protected":false},"excerpt":{"rendered":"<p>En el marco de la 21\u00aa Semana de Vacunaci\u00f3n en las Am\u00e9ricas (SVA), que se desarrolla del 22 al 29 de abril, la ministra de Salud de la Naci\u00f3n, Carla Vizzotti junto a la representante de la Organizaci\u00f3n Panamericana de Salud en Argentina (OPS\/OMS), Eva Jan\u00e9 Llopis, y al Ministro de Salud P\u00fablica de Misiones, [&hellip;]<\/p>\n","protected":false},"author":2,"featured_media":24374,"comment_status":"open","ping_status":"open","sticky":false,"template":"","format":"standard","meta":{"footnotes":""},"categories":[22],"tags":[],"class_list":["post-24373","post","type-post","status-publish","format-standard","has-post-thumbnail","hentry","category-salud"],"yoast_head":"<!-- This site is optimized with the Yoast SEO plugin v27.4 - https:\/\/yoast.com\/product\/yoast-seo-wordpress\/ -->\n<title>Con eje en la vacunaci\u00f3n de municipios espejo, desde Misiones, Vizzotti lanz\u00f3 la 21\u00aa Semana de Vacunaci\u00f3n en las Am\u00e9ricas | CVI NOTICIAS<\/title>\n<meta name=\"robots\" content=\"index, follow, max-snippet:-1, max-image-preview:large, max-video-preview:-1\" \/>\n<link rel=\"canonical\" href=\"https:\/\/cvinoticias.com\/v3\/con-eje-en-la-vacunacion-de-municipios-espejo-desde-misiones-vizzotti-lanzo-la-21a-semana-de-vacunacion-en-las-americas\/\" \/>\n<meta property=\"og:locale\" content=\"es_ES\" \/>\n<meta property=\"og:type\" content=\"article\" \/>\n<meta property=\"og:title\" content=\"Con eje en la vacunaci\u00f3n de municipios espejo, desde Misiones, Vizzotti lanz\u00f3 la 21\u00aa Semana de Vacunaci\u00f3n en las Am\u00e9ricas | CVI NOTICIAS\" \/>\n<meta property=\"og:description\" content=\"En el marco de la 21\u00aa Semana de Vacunaci\u00f3n en las Am\u00e9ricas (SVA), que se desarrolla del 22 al 29 de abril, la ministra de Salud de la Naci\u00f3n, Carla Vizzotti junto a la representante de la Organizaci\u00f3n Panamericana de Salud en Argentina (OPS\/OMS), Eva Jan\u00e9 Llopis, y al Ministro de Salud P\u00fablica de Misiones, [&hellip;]\" \/>\n<meta property=\"og:url\" content=\"https:\/\/cvinoticias.com\/v3\/con-eje-en-la-vacunacion-de-municipios-espejo-desde-misiones-vizzotti-lanzo-la-21a-semana-de-vacunacion-en-las-americas\/\" \/>\n<meta property=\"og:site_name\" content=\"CVI NOTICIAS\" \/>\n<meta property=\"article:publisher\" content=\"https:\/\/www.facebook.com\/cvinoticias\" \/>\n<meta property=\"article:published_time\" content=\"2023-04-25T11:00:02+00:00\" \/>\n<meta property=\"og:image\" content=\"https:\/\/cvinoticias.com\/wp-content\/uploads\/2023\/04\/Bernardo-de-irigoyen-13.jpg\" \/>\n\t<meta property=\"og:image:width\" content=\"800\" \/>\n\t<meta property=\"og:image:height\" content=\"534\" \/>\n\t<meta property=\"og:image:type\" content=\"image\/jpeg\" \/>\n<meta name=\"author\" content=\"f1000024\" \/>\n<meta name=\"twitter:card\" content=\"summary_large_image\" \/>\n<meta name=\"twitter:label1\" content=\"Escrito por\" \/>\n\t<meta name=\"twitter:data1\" content=\"f1000024\" \/>\n\t<meta name=\"twitter:label2\" content=\"Tiempo de lectura\" \/>\n\t<meta name=\"twitter:data2\" content=\"4 minutos\" \/>\n<script type=\"application\/ld+json\" class=\"yoast-schema-graph\">{\"@context\":\"https:\\\/\\\/schema.org\",\"@graph\":[{\"@type\":\"Article\",\"@id\":\"https:\\\/\\\/cvinoticias.com\\\/v3\\\/con-eje-en-la-vacunacion-de-municipios-espejo-desde-misiones-vizzotti-lanzo-la-21a-semana-de-vacunacion-en-las-americas\\\/#article\",\"isPartOf\":{\"@id\":\"https:\\\/\\\/cvinoticias.com\\\/v3\\\/con-eje-en-la-vacunacion-de-municipios-espejo-desde-misiones-vizzotti-lanzo-la-21a-semana-de-vacunacion-en-las-americas\\\/\"},\"author\":{\"name\":\"f1000024\",\"@id\":\"https:\\\/\\\/cvinoticias.com\\\/v3\\\/#\\\/schema\\\/person\\\/2db77e3c6bc03c538495d7b2b8be9b66\"},\"headline\":\"Con eje en la vacunaci\u00f3n de municipios espejo, desde Misiones, Vizzotti lanz\u00f3 la 21\u00aa Semana de Vacunaci\u00f3n en las Am\u00e9ricas\",\"datePublished\":\"2023-04-25T11:00:02+00:00\",\"mainEntityOfPage\":{\"@id\":\"https:\\\/\\\/cvinoticias.com\\\/v3\\\/con-eje-en-la-vacunacion-de-municipios-espejo-desde-misiones-vizzotti-lanzo-la-21a-semana-de-vacunacion-en-las-americas\\\/\"},\"wordCount\":912,\"commentCount\":0,\"publisher\":{\"@id\":\"https:\\\/\\\/cvinoticias.com\\\/v3\\\/#organization\"},\"image\":{\"@id\":\"https:\\\/\\\/cvinoticias.com\\\/v3\\\/con-eje-en-la-vacunacion-de-municipios-espejo-desde-misiones-vizzotti-lanzo-la-21a-semana-de-vacunacion-en-las-americas\\\/#primaryimage\"},\"thumbnailUrl\":\"https:\\\/\\\/cvinoticias.com\\\/wp-content\\\/uploads\\\/2023\\\/04\\\/Bernardo-de-irigoyen-13.jpg\",\"articleSection\":[\"Salud\"],\"inLanguage\":\"es\",\"potentialAction\":[{\"@type\":\"CommentAction\",\"name\":\"Comment\",\"target\":[\"https:\\\/\\\/cvinoticias.com\\\/v3\\\/con-eje-en-la-vacunacion-de-municipios-espejo-desde-misiones-vizzotti-lanzo-la-21a-semana-de-vacunacion-en-las-americas\\\/#respond\"]}]},{\"@type\":\"WebPage\",\"@id\":\"https:\\\/\\\/cvinoticias.com\\\/v3\\\/con-eje-en-la-vacunacion-de-municipios-espejo-desde-misiones-vizzotti-lanzo-la-21a-semana-de-vacunacion-en-las-americas\\\/\",\"url\":\"https:\\\/\\\/cvinoticias.com\\\/v3\\\/con-eje-en-la-vacunacion-de-municipios-espejo-desde-misiones-vizzotti-lanzo-la-21a-semana-de-vacunacion-en-las-americas\\\/\",\"name\":\"Con eje en la vacunaci\u00f3n de municipios espejo, desde Misiones, Vizzotti lanz\u00f3 la 21\u00aa Semana de Vacunaci\u00f3n en las Am\u00e9ricas | CVI NOTICIAS\",\"isPartOf\":{\"@id\":\"https:\\\/\\\/cvinoticias.com\\\/v3\\\/#website\"},\"primaryImageOfPage\":{\"@id\":\"https:\\\/\\\/cvinoticias.com\\\/v3\\\/con-eje-en-la-vacunacion-de-municipios-espejo-desde-misiones-vizzotti-lanzo-la-21a-semana-de-vacunacion-en-las-americas\\\/#primaryimage\"},\"image\":{\"@id\":\"https:\\\/\\\/cvinoticias.com\\\/v3\\\/con-eje-en-la-vacunacion-de-municipios-espejo-desde-misiones-vizzotti-lanzo-la-21a-semana-de-vacunacion-en-las-americas\\\/#primaryimage\"},\"thumbnailUrl\":\"https:\\\/\\\/cvinoticias.com\\\/wp-content\\\/uploads\\\/2023\\\/04\\\/Bernardo-de-irigoyen-13.jpg\",\"datePublished\":\"2023-04-25T11:00:02+00:00\",\"breadcrumb\":{\"@id\":\"https:\\\/\\\/cvinoticias.com\\\/v3\\\/con-eje-en-la-vacunacion-de-municipios-espejo-desde-misiones-vizzotti-lanzo-la-21a-semana-de-vacunacion-en-las-americas\\\/#breadcrumb\"},\"inLanguage\":\"es\",\"potentialAction\":[{\"@type\":\"ReadAction\",\"target\":[\"https:\\\/\\\/cvinoticias.com\\\/v3\\\/con-eje-en-la-vacunacion-de-municipios-espejo-desde-misiones-vizzotti-lanzo-la-21a-semana-de-vacunacion-en-las-americas\\\/\"]}]},{\"@type\":\"ImageObject\",\"inLanguage\":\"es\",\"@id\":\"https:\\\/\\\/cvinoticias.com\\\/v3\\\/con-eje-en-la-vacunacion-de-municipios-espejo-desde-misiones-vizzotti-lanzo-la-21a-semana-de-vacunacion-en-las-americas\\\/#primaryimage\",\"url\":\"https:\\\/\\\/cvinoticias.com\\\/wp-content\\\/uploads\\\/2023\\\/04\\\/Bernardo-de-irigoyen-13.jpg\",\"contentUrl\":\"https:\\\/\\\/cvinoticias.com\\\/wp-content\\\/uploads\\\/2023\\\/04\\\/Bernardo-de-irigoyen-13.jpg\",\"width\":800,\"height\":534},{\"@type\":\"BreadcrumbList\",\"@id\":\"https:\\\/\\\/cvinoticias.com\\\/v3\\\/con-eje-en-la-vacunacion-de-municipios-espejo-desde-misiones-vizzotti-lanzo-la-21a-semana-de-vacunacion-en-las-americas\\\/#breadcrumb\",\"itemListElement\":[{\"@type\":\"ListItem\",\"position\":1,\"name\":\"Portada\",\"item\":\"https:\\\/\\\/cvinoticias.com\\\/v3\\\/\"},{\"@type\":\"ListItem\",\"position\":2,\"name\":\"Con eje en la vacunaci\u00f3n de municipios espejo, desde Misiones, Vizzotti lanz\u00f3 la 21\u00aa Semana de Vacunaci\u00f3n en las Am\u00e9ricas\"}]},{\"@type\":\"WebSite\",\"@id\":\"https:\\\/\\\/cvinoticias.com\\\/v3\\\/#website\",\"url\":\"https:\\\/\\\/cvinoticias.com\\\/v3\\\/\",\"name\":\"CVI NOTICIAS\",\"description\":\"\",\"publisher\":{\"@id\":\"https:\\\/\\\/cvinoticias.com\\\/v3\\\/#organization\"},\"alternateName\":\"CVI\",\"potentialAction\":[{\"@type\":\"SearchAction\",\"target\":{\"@type\":\"EntryPoint\",\"urlTemplate\":\"https:\\\/\\\/cvinoticias.com\\\/v3\\\/?s={search_term_string}\"},\"query-input\":{\"@type\":\"PropertyValueSpecification\",\"valueRequired\":true,\"valueName\":\"search_term_string\"}}],\"inLanguage\":\"es\"},{\"@type\":\"Organization\",\"@id\":\"https:\\\/\\\/cvinoticias.com\\\/v3\\\/#organization\",\"name\":\"CVI NOTICIAS\",\"url\":\"https:\\\/\\\/cvinoticias.com\\\/v3\\\/\",\"logo\":{\"@type\":\"ImageObject\",\"inLanguage\":\"es\",\"@id\":\"https:\\\/\\\/cvinoticias.com\\\/v3\\\/#\\\/schema\\\/logo\\\/image\\\/\",\"url\":\"https:\\\/\\\/cvinoticias.com\\\/wp-content\\\/uploads\\\/2023\\\/04\\\/cropped-cropped-cropped-cropped-cropped-3-1.png\",\"contentUrl\":\"https:\\\/\\\/cvinoticias.com\\\/wp-content\\\/uploads\\\/2023\\\/04\\\/cropped-cropped-cropped-cropped-cropped-3-1.png\",\"width\":95,\"height\":122,\"caption\":\"CVI NOTICIAS\"},\"image\":{\"@id\":\"https:\\\/\\\/cvinoticias.com\\\/v3\\\/#\\\/schema\\\/logo\\\/image\\\/\"},\"sameAs\":[\"https:\\\/\\\/www.facebook.com\\\/cvinoticias\",\"https:\\\/\\\/www.instagram.com\\\/cvinoticias\\\/\",\"https:\\\/\\\/www.youtube.com\\\/@CVINOTICIAS\"]},{\"@type\":\"Person\",\"@id\":\"https:\\\/\\\/cvinoticias.com\\\/v3\\\/#\\\/schema\\\/person\\\/2db77e3c6bc03c538495d7b2b8be9b66\",\"name\":\"f1000024\",\"image\":{\"@type\":\"ImageObject\",\"inLanguage\":\"es\",\"@id\":\"https:\\\/\\\/secure.gravatar.com\\\/avatar\\\/d4fe7459cfc51ff5129ce1a732bbef5928568b8092d412ef95611616376bbeed?s=96&d=mm&r=g\",\"url\":\"https:\\\/\\\/secure.gravatar.com\\\/avatar\\\/d4fe7459cfc51ff5129ce1a732bbef5928568b8092d412ef95611616376bbeed?s=96&d=mm&r=g\",\"contentUrl\":\"https:\\\/\\\/secure.gravatar.com\\\/avatar\\\/d4fe7459cfc51ff5129ce1a732bbef5928568b8092d412ef95611616376bbeed?s=96&d=mm&r=g\",\"caption\":\"f1000024\"},\"url\":\"https:\\\/\\\/cvinoticias.com\\\/v3\\\/author\\\/f1000024\\\/\"}]}<\/script>\n<!-- \/ Yoast SEO plugin. -->","yoast_head_json":{"title":"Con eje en la vacunaci\u00f3n de municipios espejo, desde Misiones, Vizzotti lanz\u00f3 la 21\u00aa Semana de Vacunaci\u00f3n en las Am\u00e9ricas | CVI NOTICIAS","robots":{"index":"index","follow":"follow","max-snippet":"max-snippet:-1","max-image-preview":"max-image-preview:large","max-video-preview":"max-video-preview:-1"},"canonical":"https:\/\/cvinoticias.com\/v3\/con-eje-en-la-vacunacion-de-municipios-espejo-desde-misiones-vizzotti-lanzo-la-21a-semana-de-vacunacion-en-las-americas\/","og_locale":"es_ES","og_type":"article","og_title":"Con eje en la vacunaci\u00f3n de municipios espejo, desde Misiones, Vizzotti lanz\u00f3 la 21\u00aa Semana de Vacunaci\u00f3n en las Am\u00e9ricas | CVI NOTICIAS","og_description":"En el marco de la 21\u00aa Semana de Vacunaci\u00f3n en las Am\u00e9ricas (SVA), que se desarrolla del 22 al 29 de abril, la ministra de Salud de la Naci\u00f3n, Carla Vizzotti junto a la representante de la Organizaci\u00f3n Panamericana de Salud en Argentina (OPS\/OMS), Eva Jan\u00e9 Llopis, y al Ministro de Salud P\u00fablica de Misiones, [&hellip;]","og_url":"https:\/\/cvinoticias.com\/v3\/con-eje-en-la-vacunacion-de-municipios-espejo-desde-misiones-vizzotti-lanzo-la-21a-semana-de-vacunacion-en-las-americas\/","og_site_name":"CVI NOTICIAS","article_publisher":"https:\/\/www.facebook.com\/cvinoticias","article_published_time":"2023-04-25T11:00:02+00:00","og_image":[{"width":800,"height":534,"url":"https:\/\/cvinoticias.com\/wp-content\/uploads\/2023\/04\/Bernardo-de-irigoyen-13.jpg","type":"image\/jpeg"}],"author":"f1000024","twitter_card":"summary_large_image","twitter_misc":{"Escrito por":"f1000024","Tiempo de lectura":"4 minutos"},"schema":{"@context":"https:\/\/schema.org","@graph":[{"@type":"Article","@id":"https:\/\/cvinoticias.com\/v3\/con-eje-en-la-vacunacion-de-municipios-espejo-desde-misiones-vizzotti-lanzo-la-21a-semana-de-vacunacion-en-las-americas\/#article","isPartOf":{"@id":"https:\/\/cvinoticias.com\/v3\/con-eje-en-la-vacunacion-de-municipios-espejo-desde-misiones-vizzotti-lanzo-la-21a-semana-de-vacunacion-en-las-americas\/"},"author":{"name":"f1000024","@id":"https:\/\/cvinoticias.com\/v3\/#\/schema\/person\/2db77e3c6bc03c538495d7b2b8be9b66"},"headline":"Con eje en la vacunaci\u00f3n de municipios espejo, desde Misiones, Vizzotti lanz\u00f3 la 21\u00aa Semana de Vacunaci\u00f3n en las Am\u00e9ricas","datePublished":"2023-04-25T11:00:02+00:00","mainEntityOfPage":{"@id":"https:\/\/cvinoticias.com\/v3\/con-eje-en-la-vacunacion-de-municipios-espejo-desde-misiones-vizzotti-lanzo-la-21a-semana-de-vacunacion-en-las-americas\/"},"wordCount":912,"commentCount":0,"publisher":{"@id":"https:\/\/cvinoticias.com\/v3\/#organization"},"image":{"@id":"https:\/\/cvinoticias.com\/v3\/con-eje-en-la-vacunacion-de-municipios-espejo-desde-misiones-vizzotti-lanzo-la-21a-semana-de-vacunacion-en-las-americas\/#primaryimage"},"thumbnailUrl":"https:\/\/cvinoticias.com\/wp-content\/uploads\/2023\/04\/Bernardo-de-irigoyen-13.jpg","articleSection":["Salud"],"inLanguage":"es","potentialAction":[{"@type":"CommentAction","name":"Comment","target":["https:\/\/cvinoticias.com\/v3\/con-eje-en-la-vacunacion-de-municipios-espejo-desde-misiones-vizzotti-lanzo-la-21a-semana-de-vacunacion-en-las-americas\/#respond"]}]},{"@type":"WebPage","@id":"https:\/\/cvinoticias.com\/v3\/con-eje-en-la-vacunacion-de-municipios-espejo-desde-misiones-vizzotti-lanzo-la-21a-semana-de-vacunacion-en-las-americas\/","url":"https:\/\/cvinoticias.com\/v3\/con-eje-en-la-vacunacion-de-municipios-espejo-desde-misiones-vizzotti-lanzo-la-21a-semana-de-vacunacion-en-las-americas\/","name":"Con eje en la vacunaci\u00f3n de municipios espejo, desde Misiones, Vizzotti lanz\u00f3 la 21\u00aa Semana de Vacunaci\u00f3n en las Am\u00e9ricas | CVI NOTICIAS","isPartOf":{"@id":"https:\/\/cvinoticias.com\/v3\/#website"},"primaryImageOfPage":{"@id":"https:\/\/cvinoticias.com\/v3\/con-eje-en-la-vacunacion-de-municipios-espejo-desde-misiones-vizzotti-lanzo-la-21a-semana-de-vacunacion-en-las-americas\/#primaryimage"},"image":{"@id":"https:\/\/cvinoticias.com\/v3\/con-eje-en-la-vacunacion-de-municipios-espejo-desde-misiones-vizzotti-lanzo-la-21a-semana-de-vacunacion-en-las-americas\/#primaryimage"},"thumbnailUrl":"https:\/\/cvinoticias.com\/wp-content\/uploads\/2023\/04\/Bernardo-de-irigoyen-13.jpg","datePublished":"2023-04-25T11:00:02+00:00","breadcrumb":{"@id":"https:\/\/cvinoticias.com\/v3\/con-eje-en-la-vacunacion-de-municipios-espejo-desde-misiones-vizzotti-lanzo-la-21a-semana-de-vacunacion-en-las-americas\/#breadcrumb"},"inLanguage":"es","potentialAction":[{"@type":"ReadAction","target":["https:\/\/cvinoticias.com\/v3\/con-eje-en-la-vacunacion-de-municipios-espejo-desde-misiones-vizzotti-lanzo-la-21a-semana-de-vacunacion-en-las-americas\/"]}]},{"@type":"ImageObject","inLanguage":"es","@id":"https:\/\/cvinoticias.com\/v3\/con-eje-en-la-vacunacion-de-municipios-espejo-desde-misiones-vizzotti-lanzo-la-21a-semana-de-vacunacion-en-las-americas\/#primaryimage","url":"https:\/\/cvinoticias.com\/wp-content\/uploads\/2023\/04\/Bernardo-de-irigoyen-13.jpg","contentUrl":"https:\/\/cvinoticias.com\/wp-content\/uploads\/2023\/04\/Bernardo-de-irigoyen-13.jpg","width":800,"height":534},{"@type":"BreadcrumbList","@id":"https:\/\/cvinoticias.com\/v3\/con-eje-en-la-vacunacion-de-municipios-espejo-desde-misiones-vizzotti-lanzo-la-21a-semana-de-vacunacion-en-las-americas\/#breadcrumb","itemListElement":[{"@type":"ListItem","position":1,"name":"Portada","item":"https:\/\/cvinoticias.com\/v3\/"},{"@type":"ListItem","position":2,"name":"Con eje en la vacunaci\u00f3n de municipios espejo, desde Misiones, Vizzotti lanz\u00f3 la 21\u00aa Semana de Vacunaci\u00f3n en las Am\u00e9ricas"}]},{"@type":"WebSite","@id":"https:\/\/cvinoticias.com\/v3\/#website","url":"https:\/\/cvinoticias.com\/v3\/","name":"CVI NOTICIAS","description":"","publisher":{"@id":"https:\/\/cvinoticias.com\/v3\/#organization"},"alternateName":"CVI","potentialAction":[{"@type":"SearchAction","target":{"@type":"EntryPoint","urlTemplate":"https:\/\/cvinoticias.com\/v3\/?s={search_term_string}"},"query-input":{"@type":"PropertyValueSpecification","valueRequired":true,"valueName":"search_term_string"}}],"inLanguage":"es"},{"@type":"Organization","@id":"https:\/\/cvinoticias.com\/v3\/#organization","name":"CVI NOTICIAS","url":"https:\/\/cvinoticias.com\/v3\/","logo":{"@type":"ImageObject","inLanguage":"es","@id":"https:\/\/cvinoticias.com\/v3\/#\/schema\/logo\/image\/","url":"https:\/\/cvinoticias.com\/wp-content\/uploads\/2023\/04\/cropped-cropped-cropped-cropped-cropped-3-1.png","contentUrl":"https:\/\/cvinoticias.com\/wp-content\/uploads\/2023\/04\/cropped-cropped-cropped-cropped-cropped-3-1.png","width":95,"height":122,"caption":"CVI NOTICIAS"},"image":{"@id":"https:\/\/cvinoticias.com\/v3\/#\/schema\/logo\/image\/"},"sameAs":["https:\/\/www.facebook.com\/cvinoticias","https:\/\/www.instagram.com\/cvinoticias\/","https:\/\/www.youtube.com\/@CVINOTICIAS"]},{"@type":"Person","@id":"https:\/\/cvinoticias.com\/v3\/#\/schema\/person\/2db77e3c6bc03c538495d7b2b8be9b66","name":"f1000024","image":{"@type":"ImageObject","inLanguage":"es","@id":"https:\/\/secure.gravatar.com\/avatar\/d4fe7459cfc51ff5129ce1a732bbef5928568b8092d412ef95611616376bbeed?s=96&d=mm&r=g","url":"https:\/\/secure.gravatar.com\/avatar\/d4fe7459cfc51ff5129ce1a732bbef5928568b8092d412ef95611616376bbeed?s=96&d=mm&r=g","contentUrl":"https:\/\/secure.gravatar.com\/avatar\/d4fe7459cfc51ff5129ce1a732bbef5928568b8092d412ef95611616376bbeed?s=96&d=mm&r=g","caption":"f1000024"},"url":"https:\/\/cvinoticias.com\/v3\/author\/f1000024\/"}]}},"_links":{"self":[{"href":"https:\/\/cvinoticias.com\/v3\/wp-json\/wp\/v2\/posts\/24373","targetHints":{"allow":["GET"]}}],"collection":[{"href":"https:\/\/cvinoticias.com\/v3\/wp-json\/wp\/v2\/posts"}],"about":[{"href":"https:\/\/cvinoticias.com\/v3\/wp-json\/wp\/v2\/types\/post"}],"author":[{"embeddable":true,"href":"https:\/\/cvinoticias.com\/v3\/wp-json\/wp\/v2\/users\/2"}],"replies":[{"embeddable":true,"href":"https:\/\/cvinoticias.com\/v3\/wp-json\/wp\/v2\/comments?post=24373"}],"version-history":[{"count":2,"href":"https:\/\/cvinoticias.com\/v3\/wp-json\/wp\/v2\/posts\/24373\/revisions"}],"predecessor-version":[{"id":24381,"href":"https:\/\/cvinoticias.com\/v3\/wp-json\/wp\/v2\/posts\/24373\/revisions\/24381"}],"wp:featuredmedia":[{"embeddable":true,"href":"https:\/\/cvinoticias.com\/v3\/wp-json\/wp\/v2\/media\/24374"}],"wp:attachment":[{"href":"https:\/\/cvinoticias.com\/v3\/wp-json\/wp\/v2\/media?parent=24373"}],"wp:term":[{"taxonomy":"category","embeddable":true,"href":"https:\/\/cvinoticias.com\/v3\/wp-json\/wp\/v2\/categories?post=24373"},{"taxonomy":"post_tag","embeddable":true,"href":"https:\/\/cvinoticias.com\/v3\/wp-json\/wp\/v2\/tags?post=24373"}],"curies":[{"name":"wp","href":"https:\/\/api.w.org\/{rel}","templated":true}]}}