{"id":24370,"date":"2023-04-25T10:29:42","date_gmt":"2023-04-25T10:29:42","guid":{"rendered":"https:\/\/cvinoticias.com\/v3\/?p=24370"},"modified":"2023-04-25T10:29:42","modified_gmt":"2023-04-25T10:29:42","slug":"aerolineas-argentinas-lanza-una-ruta-inedita-a-donde-volara-y-desde-cuando","status":"publish","type":"post","link":"https:\/\/cvinoticias.com\/v3\/aerolineas-argentinas-lanza-una-ruta-inedita-a-donde-volara-y-desde-cuando\/","title":{"rendered":"Aerol\u00edneas Argentinas lanza una ruta in\u00e9dita: a d\u00f3nde volar\u00e1 y desde cu\u00e1ndo"},"content":{"rendered":"\n<p><strong><em>La aerol\u00ednea de bandera anunci\u00f3 que tendr\u00e1 vuelos en una ruta que nunca antes oper\u00f3. Los tickets ya se encuentran a la venta<\/em><\/strong><\/p>\n\n\n\n<p>Aerol\u00edneas Argentinas lanza una ruta in\u00e9dita a su operaci\u00f3n de cabotaje. La aerol\u00ednea de bandera tendr\u00e1 vuelos entre la Ciudad de Buenos Aires y Reconquista (Santa Fe) por primera vez a partir del 21 de junio, en la previa de las vacaciones de invierno.<\/p>\n\n\n\n<p>Los pasajes ya se encuentran a la venta y se pueden comprar con el programa PreViaje a partir de $ 17.639 por tramo, de acuerdo a la tarifa base publicada en la p\u00e1gina web de la a\u00e9rea. El precio incluye un equipaje para despachar de 15 kilos y una mochila de mano de 8. Viajar en micro sale entre $ 11.000 y $ 14.000 e implica un viaje de 12 horas.<\/p>\n\n\n\n<p>Inicialmente, habr\u00e1 dos frecuencias semanales los mi\u00e9rcoles y s\u00e1bados con una escala en Rosario (Santa Fe). El servicio saldr\u00e1 desde el Aeroparque Jorge Newbery a las 11.45 horas rumbo a Rosario, donde arribar\u00e1 a las 12.45, para luego seguir viaje hasta Reconquista, con llegada prevista a las 14.25. El regreso desde Reconquista ser\u00e1 a las 15.05 para aterrizar en Aeroparque a las 17.35.<\/p>\n\n\n\n<p>Junto con Avellaneda, Reconquista es la ciudad m\u00e1s importante del norte de la provincia de Santa Fe. Se trata de la tercera ruta dom\u00e9stica que incorpor\u00f3 la compa\u00f1\u00eda desde el reinicio de los vuelos tras la pandemia: el a\u00f1o pasado, se sumaron Puerto Madryn (Chubut) y Merlo (San Luis) en noviembre.<\/p>\n","protected":false},"excerpt":{"rendered":"<p>La aerol\u00ednea de bandera anunci\u00f3 que tendr\u00e1 vuelos en una ruta que nunca antes oper\u00f3. Los tickets ya se encuentran a la venta Aerol\u00edneas Argentinas lanza una ruta in\u00e9dita a su operaci\u00f3n de cabotaje. La aerol\u00ednea de bandera tendr\u00e1 vuelos entre la Ciudad de Buenos Aires y Reconquista (Santa Fe) por primera vez a partir [&hellip;]<\/p>\n","protected":false},"author":2,"featured_media":24371,"comment_status":"open","ping_status":"open","sticky":false,"template":"","format":"standard","meta":{"footnotes":""},"categories":[39],"tags":[],"class_list":["post-24370","post","type-post","status-publish","format-standard","has-post-thumbnail","hentry","category-nacionales"],"yoast_head":"<!-- This site is optimized with the Yoast SEO plugin v27.4 - https:\/\/yoast.com\/product\/yoast-seo-wordpress\/ -->\n<title>Aerol\u00edneas Argentinas lanza una ruta in\u00e9dita: a d\u00f3nde volar\u00e1 y desde cu\u00e1ndo | CVI NOTICIAS<\/title>\n<meta name=\"robots\" content=\"index, follow, max-snippet:-1, max-image-preview:large, max-video-preview:-1\" \/>\n<link rel=\"canonical\" href=\"https:\/\/cvinoticias.com\/v3\/aerolineas-argentinas-lanza-una-ruta-inedita-a-donde-volara-y-desde-cuando\/\" \/>\n<meta property=\"og:locale\" content=\"es_ES\" \/>\n<meta property=\"og:type\" content=\"article\" \/>\n<meta property=\"og:title\" content=\"Aerol\u00edneas Argentinas lanza una ruta in\u00e9dita: a d\u00f3nde volar\u00e1 y desde cu\u00e1ndo | CVI NOTICIAS\" \/>\n<meta property=\"og:description\" content=\"La aerol\u00ednea de bandera anunci\u00f3 que tendr\u00e1 vuelos en una ruta que nunca antes oper\u00f3. Los tickets ya se encuentran a la venta Aerol\u00edneas Argentinas lanza una ruta in\u00e9dita a su operaci\u00f3n de cabotaje. La aerol\u00ednea de bandera tendr\u00e1 vuelos entre la Ciudad de Buenos Aires y Reconquista (Santa Fe) por primera vez a partir [&hellip;]\" \/>\n<meta property=\"og:url\" content=\"https:\/\/cvinoticias.com\/v3\/aerolineas-argentinas-lanza-una-ruta-inedita-a-donde-volara-y-desde-cuando\/\" \/>\n<meta property=\"og:site_name\" content=\"CVI NOTICIAS\" \/>\n<meta property=\"article:publisher\" content=\"https:\/\/www.facebook.com\/cvinoticias\" \/>\n<meta property=\"article:published_time\" content=\"2023-04-25T10:29:42+00:00\" \/>\n<meta property=\"og:image\" content=\"https:\/\/cvinoticias.com\/wp-content\/uploads\/2023\/04\/aerolxneas_argentinas_2.jpg_529145118.jpg\" \/>\n\t<meta property=\"og:image:width\" content=\"368\" \/>\n\t<meta property=\"og:image:height\" content=\"207\" \/>\n\t<meta property=\"og:image:type\" content=\"image\/jpeg\" \/>\n<meta name=\"author\" content=\"f1000024\" \/>\n<meta name=\"twitter:card\" content=\"summary_large_image\" \/>\n<meta name=\"twitter:label1\" content=\"Escrito por\" \/>\n\t<meta name=\"twitter:data1\" content=\"f1000024\" \/>\n\t<meta name=\"twitter:label2\" content=\"Tiempo de lectura\" \/>\n\t<meta name=\"twitter:data2\" content=\"1 minuto\" \/>\n<script type=\"application\/ld+json\" class=\"yoast-schema-graph\">{\"@context\":\"https:\\\/\\\/schema.org\",\"@graph\":[{\"@type\":\"Article\",\"@id\":\"https:\\\/\\\/cvinoticias.com\\\/v3\\\/aerolineas-argentinas-lanza-una-ruta-inedita-a-donde-volara-y-desde-cuando\\\/#article\",\"isPartOf\":{\"@id\":\"https:\\\/\\\/cvinoticias.com\\\/v3\\\/aerolineas-argentinas-lanza-una-ruta-inedita-a-donde-volara-y-desde-cuando\\\/\"},\"author\":{\"name\":\"f1000024\",\"@id\":\"https:\\\/\\\/cvinoticias.com\\\/v3\\\/#\\\/schema\\\/person\\\/2db77e3c6bc03c538495d7b2b8be9b66\"},\"headline\":\"Aerol\u00edneas Argentinas lanza una ruta in\u00e9dita: a d\u00f3nde volar\u00e1 y desde cu\u00e1ndo\",\"datePublished\":\"2023-04-25T10:29:42+00:00\",\"mainEntityOfPage\":{\"@id\":\"https:\\\/\\\/cvinoticias.com\\\/v3\\\/aerolineas-argentinas-lanza-una-ruta-inedita-a-donde-volara-y-desde-cuando\\\/\"},\"wordCount\":266,\"commentCount\":0,\"publisher\":{\"@id\":\"https:\\\/\\\/cvinoticias.com\\\/v3\\\/#organization\"},\"image\":{\"@id\":\"https:\\\/\\\/cvinoticias.com\\\/v3\\\/aerolineas-argentinas-lanza-una-ruta-inedita-a-donde-volara-y-desde-cuando\\\/#primaryimage\"},\"thumbnailUrl\":\"https:\\\/\\\/cvinoticias.com\\\/wp-content\\\/uploads\\\/2023\\\/04\\\/aerolxneas_argentinas_2.jpg_529145118.jpg\",\"articleSection\":[\"Nacionales\"],\"inLanguage\":\"es\",\"potentialAction\":[{\"@type\":\"CommentAction\",\"name\":\"Comment\",\"target\":[\"https:\\\/\\\/cvinoticias.com\\\/v3\\\/aerolineas-argentinas-lanza-una-ruta-inedita-a-donde-volara-y-desde-cuando\\\/#respond\"]}]},{\"@type\":\"WebPage\",\"@id\":\"https:\\\/\\\/cvinoticias.com\\\/v3\\\/aerolineas-argentinas-lanza-una-ruta-inedita-a-donde-volara-y-desde-cuando\\\/\",\"url\":\"https:\\\/\\\/cvinoticias.com\\\/v3\\\/aerolineas-argentinas-lanza-una-ruta-inedita-a-donde-volara-y-desde-cuando\\\/\",\"name\":\"Aerol\u00edneas Argentinas lanza una ruta in\u00e9dita: a d\u00f3nde volar\u00e1 y desde cu\u00e1ndo | CVI NOTICIAS\",\"isPartOf\":{\"@id\":\"https:\\\/\\\/cvinoticias.com\\\/v3\\\/#website\"},\"primaryImageOfPage\":{\"@id\":\"https:\\\/\\\/cvinoticias.com\\\/v3\\\/aerolineas-argentinas-lanza-una-ruta-inedita-a-donde-volara-y-desde-cuando\\\/#primaryimage\"},\"image\":{\"@id\":\"https:\\\/\\\/cvinoticias.com\\\/v3\\\/aerolineas-argentinas-lanza-una-ruta-inedita-a-donde-volara-y-desde-cuando\\\/#primaryimage\"},\"thumbnailUrl\":\"https:\\\/\\\/cvinoticias.com\\\/wp-content\\\/uploads\\\/2023\\\/04\\\/aerolxneas_argentinas_2.jpg_529145118.jpg\",\"datePublished\":\"2023-04-25T10:29:42+00:00\",\"breadcrumb\":{\"@id\":\"https:\\\/\\\/cvinoticias.com\\\/v3\\\/aerolineas-argentinas-lanza-una-ruta-inedita-a-donde-volara-y-desde-cuando\\\/#breadcrumb\"},\"inLanguage\":\"es\",\"potentialAction\":[{\"@type\":\"ReadAction\",\"target\":[\"https:\\\/\\\/cvinoticias.com\\\/v3\\\/aerolineas-argentinas-lanza-una-ruta-inedita-a-donde-volara-y-desde-cuando\\\/\"]}]},{\"@type\":\"ImageObject\",\"inLanguage\":\"es\",\"@id\":\"https:\\\/\\\/cvinoticias.com\\\/v3\\\/aerolineas-argentinas-lanza-una-ruta-inedita-a-donde-volara-y-desde-cuando\\\/#primaryimage\",\"url\":\"https:\\\/\\\/cvinoticias.com\\\/wp-content\\\/uploads\\\/2023\\\/04\\\/aerolxneas_argentinas_2.jpg_529145118.jpg\",\"contentUrl\":\"https:\\\/\\\/cvinoticias.com\\\/wp-content\\\/uploads\\\/2023\\\/04\\\/aerolxneas_argentinas_2.jpg_529145118.jpg\",\"width\":368,\"height\":207},{\"@type\":\"BreadcrumbList\",\"@id\":\"https:\\\/\\\/cvinoticias.com\\\/v3\\\/aerolineas-argentinas-lanza-una-ruta-inedita-a-donde-volara-y-desde-cuando\\\/#breadcrumb\",\"itemListElement\":[{\"@type\":\"ListItem\",\"position\":1,\"name\":\"Portada\",\"item\":\"https:\\\/\\\/cvinoticias.com\\\/v3\\\/\"},{\"@type\":\"ListItem\",\"position\":2,\"name\":\"Aerol\u00edneas Argentinas lanza una ruta in\u00e9dita: a d\u00f3nde volar\u00e1 y desde cu\u00e1ndo\"}]},{\"@type\":\"WebSite\",\"@id\":\"https:\\\/\\\/cvinoticias.com\\\/v3\\\/#website\",\"url\":\"https:\\\/\\\/cvinoticias.com\\\/v3\\\/\",\"name\":\"CVI NOTICIAS\",\"description\":\"\",\"publisher\":{\"@id\":\"https:\\\/\\\/cvinoticias.com\\\/v3\\\/#organization\"},\"alternateName\":\"CVI\",\"potentialAction\":[{\"@type\":\"SearchAction\",\"target\":{\"@type\":\"EntryPoint\",\"urlTemplate\":\"https:\\\/\\\/cvinoticias.com\\\/v3\\\/?s={search_term_string}\"},\"query-input\":{\"@type\":\"PropertyValueSpecification\",\"valueRequired\":true,\"valueName\":\"search_term_string\"}}],\"inLanguage\":\"es\"},{\"@type\":\"Organization\",\"@id\":\"https:\\\/\\\/cvinoticias.com\\\/v3\\\/#organization\",\"name\":\"CVI NOTICIAS\",\"url\":\"https:\\\/\\\/cvinoticias.com\\\/v3\\\/\",\"logo\":{\"@type\":\"ImageObject\",\"inLanguage\":\"es\",\"@id\":\"https:\\\/\\\/cvinoticias.com\\\/v3\\\/#\\\/schema\\\/logo\\\/image\\\/\",\"url\":\"https:\\\/\\\/cvinoticias.com\\\/wp-content\\\/uploads\\\/2023\\\/04\\\/cropped-cropped-cropped-cropped-cropped-3-1.png\",\"contentUrl\":\"https:\\\/\\\/cvinoticias.com\\\/wp-content\\\/uploads\\\/2023\\\/04\\\/cropped-cropped-cropped-cropped-cropped-3-1.png\",\"width\":95,\"height\":122,\"caption\":\"CVI NOTICIAS\"},\"image\":{\"@id\":\"https:\\\/\\\/cvinoticias.com\\\/v3\\\/#\\\/schema\\\/logo\\\/image\\\/\"},\"sameAs\":[\"https:\\\/\\\/www.facebook.com\\\/cvinoticias\",\"https:\\\/\\\/www.instagram.com\\\/cvinoticias\\\/\",\"https:\\\/\\\/www.youtube.com\\\/@CVINOTICIAS\"]},{\"@type\":\"Person\",\"@id\":\"https:\\\/\\\/cvinoticias.com\\\/v3\\\/#\\\/schema\\\/person\\\/2db77e3c6bc03c538495d7b2b8be9b66\",\"name\":\"f1000024\",\"image\":{\"@type\":\"ImageObject\",\"inLanguage\":\"es\",\"@id\":\"https:\\\/\\\/secure.gravatar.com\\\/avatar\\\/d4fe7459cfc51ff5129ce1a732bbef5928568b8092d412ef95611616376bbeed?s=96&d=mm&r=g\",\"url\":\"https:\\\/\\\/secure.gravatar.com\\\/avatar\\\/d4fe7459cfc51ff5129ce1a732bbef5928568b8092d412ef95611616376bbeed?s=96&d=mm&r=g\",\"contentUrl\":\"https:\\\/\\\/secure.gravatar.com\\\/avatar\\\/d4fe7459cfc51ff5129ce1a732bbef5928568b8092d412ef95611616376bbeed?s=96&d=mm&r=g\",\"caption\":\"f1000024\"},\"url\":\"https:\\\/\\\/cvinoticias.com\\\/v3\\\/author\\\/f1000024\\\/\"}]}<\/script>\n<!-- \/ Yoast SEO plugin. -->","yoast_head_json":{"title":"Aerol\u00edneas Argentinas lanza una ruta in\u00e9dita: a d\u00f3nde volar\u00e1 y desde cu\u00e1ndo | CVI NOTICIAS","robots":{"index":"index","follow":"follow","max-snippet":"max-snippet:-1","max-image-preview":"max-image-preview:large","max-video-preview":"max-video-preview:-1"},"canonical":"https:\/\/cvinoticias.com\/v3\/aerolineas-argentinas-lanza-una-ruta-inedita-a-donde-volara-y-desde-cuando\/","og_locale":"es_ES","og_type":"article","og_title":"Aerol\u00edneas Argentinas lanza una ruta in\u00e9dita: a d\u00f3nde volar\u00e1 y desde cu\u00e1ndo | CVI NOTICIAS","og_description":"La aerol\u00ednea de bandera anunci\u00f3 que tendr\u00e1 vuelos en una ruta que nunca antes oper\u00f3. Los tickets ya se encuentran a la venta Aerol\u00edneas Argentinas lanza una ruta in\u00e9dita a su operaci\u00f3n de cabotaje. La aerol\u00ednea de bandera tendr\u00e1 vuelos entre la Ciudad de Buenos Aires y Reconquista (Santa Fe) por primera vez a partir [&hellip;]","og_url":"https:\/\/cvinoticias.com\/v3\/aerolineas-argentinas-lanza-una-ruta-inedita-a-donde-volara-y-desde-cuando\/","og_site_name":"CVI NOTICIAS","article_publisher":"https:\/\/www.facebook.com\/cvinoticias","article_published_time":"2023-04-25T10:29:42+00:00","og_image":[{"width":368,"height":207,"url":"https:\/\/cvinoticias.com\/wp-content\/uploads\/2023\/04\/aerolxneas_argentinas_2.jpg_529145118.jpg","type":"image\/jpeg"}],"author":"f1000024","twitter_card":"summary_large_image","twitter_misc":{"Escrito por":"f1000024","Tiempo de lectura":"1 minuto"},"schema":{"@context":"https:\/\/schema.org","@graph":[{"@type":"Article","@id":"https:\/\/cvinoticias.com\/v3\/aerolineas-argentinas-lanza-una-ruta-inedita-a-donde-volara-y-desde-cuando\/#article","isPartOf":{"@id":"https:\/\/cvinoticias.com\/v3\/aerolineas-argentinas-lanza-una-ruta-inedita-a-donde-volara-y-desde-cuando\/"},"author":{"name":"f1000024","@id":"https:\/\/cvinoticias.com\/v3\/#\/schema\/person\/2db77e3c6bc03c538495d7b2b8be9b66"},"headline":"Aerol\u00edneas Argentinas lanza una ruta in\u00e9dita: a d\u00f3nde volar\u00e1 y desde cu\u00e1ndo","datePublished":"2023-04-25T10:29:42+00:00","mainEntityOfPage":{"@id":"https:\/\/cvinoticias.com\/v3\/aerolineas-argentinas-lanza-una-ruta-inedita-a-donde-volara-y-desde-cuando\/"},"wordCount":266,"commentCount":0,"publisher":{"@id":"https:\/\/cvinoticias.com\/v3\/#organization"},"image":{"@id":"https:\/\/cvinoticias.com\/v3\/aerolineas-argentinas-lanza-una-ruta-inedita-a-donde-volara-y-desde-cuando\/#primaryimage"},"thumbnailUrl":"https:\/\/cvinoticias.com\/wp-content\/uploads\/2023\/04\/aerolxneas_argentinas_2.jpg_529145118.jpg","articleSection":["Nacionales"],"inLanguage":"es","potentialAction":[{"@type":"CommentAction","name":"Comment","target":["https:\/\/cvinoticias.com\/v3\/aerolineas-argentinas-lanza-una-ruta-inedita-a-donde-volara-y-desde-cuando\/#respond"]}]},{"@type":"WebPage","@id":"https:\/\/cvinoticias.com\/v3\/aerolineas-argentinas-lanza-una-ruta-inedita-a-donde-volara-y-desde-cuando\/","url":"https:\/\/cvinoticias.com\/v3\/aerolineas-argentinas-lanza-una-ruta-inedita-a-donde-volara-y-desde-cuando\/","name":"Aerol\u00edneas Argentinas lanza una ruta in\u00e9dita: a d\u00f3nde volar\u00e1 y desde cu\u00e1ndo | CVI NOTICIAS","isPartOf":{"@id":"https:\/\/cvinoticias.com\/v3\/#website"},"primaryImageOfPage":{"@id":"https:\/\/cvinoticias.com\/v3\/aerolineas-argentinas-lanza-una-ruta-inedita-a-donde-volara-y-desde-cuando\/#primaryimage"},"image":{"@id":"https:\/\/cvinoticias.com\/v3\/aerolineas-argentinas-lanza-una-ruta-inedita-a-donde-volara-y-desde-cuando\/#primaryimage"},"thumbnailUrl":"https:\/\/cvinoticias.com\/wp-content\/uploads\/2023\/04\/aerolxneas_argentinas_2.jpg_529145118.jpg","datePublished":"2023-04-25T10:29:42+00:00","breadcrumb":{"@id":"https:\/\/cvinoticias.com\/v3\/aerolineas-argentinas-lanza-una-ruta-inedita-a-donde-volara-y-desde-cuando\/#breadcrumb"},"inLanguage":"es","potentialAction":[{"@type":"ReadAction","target":["https:\/\/cvinoticias.com\/v3\/aerolineas-argentinas-lanza-una-ruta-inedita-a-donde-volara-y-desde-cuando\/"]}]},{"@type":"ImageObject","inLanguage":"es","@id":"https:\/\/cvinoticias.com\/v3\/aerolineas-argentinas-lanza-una-ruta-inedita-a-donde-volara-y-desde-cuando\/#primaryimage","url":"https:\/\/cvinoticias.com\/wp-content\/uploads\/2023\/04\/aerolxneas_argentinas_2.jpg_529145118.jpg","contentUrl":"https:\/\/cvinoticias.com\/wp-content\/uploads\/2023\/04\/aerolxneas_argentinas_2.jpg_529145118.jpg","width":368,"height":207},{"@type":"BreadcrumbList","@id":"https:\/\/cvinoticias.com\/v3\/aerolineas-argentinas-lanza-una-ruta-inedita-a-donde-volara-y-desde-cuando\/#breadcrumb","itemListElement":[{"@type":"ListItem","position":1,"name":"Portada","item":"https:\/\/cvinoticias.com\/v3\/"},{"@type":"ListItem","position":2,"name":"Aerol\u00edneas Argentinas lanza una ruta in\u00e9dita: a d\u00f3nde volar\u00e1 y desde cu\u00e1ndo"}]},{"@type":"WebSite","@id":"https:\/\/cvinoticias.com\/v3\/#website","url":"https:\/\/cvinoticias.com\/v3\/","name":"CVI NOTICIAS","description":"","publisher":{"@id":"https:\/\/cvinoticias.com\/v3\/#organization"},"alternateName":"CVI","potentialAction":[{"@type":"SearchAction","target":{"@type":"EntryPoint","urlTemplate":"https:\/\/cvinoticias.com\/v3\/?s={search_term_string}"},"query-input":{"@type":"PropertyValueSpecification","valueRequired":true,"valueName":"search_term_string"}}],"inLanguage":"es"},{"@type":"Organization","@id":"https:\/\/cvinoticias.com\/v3\/#organization","name":"CVI NOTICIAS","url":"https:\/\/cvinoticias.com\/v3\/","logo":{"@type":"ImageObject","inLanguage":"es","@id":"https:\/\/cvinoticias.com\/v3\/#\/schema\/logo\/image\/","url":"https:\/\/cvinoticias.com\/wp-content\/uploads\/2023\/04\/cropped-cropped-cropped-cropped-cropped-3-1.png","contentUrl":"https:\/\/cvinoticias.com\/wp-content\/uploads\/2023\/04\/cropped-cropped-cropped-cropped-cropped-3-1.png","width":95,"height":122,"caption":"CVI NOTICIAS"},"image":{"@id":"https:\/\/cvinoticias.com\/v3\/#\/schema\/logo\/image\/"},"sameAs":["https:\/\/www.facebook.com\/cvinoticias","https:\/\/www.instagram.com\/cvinoticias\/","https:\/\/www.youtube.com\/@CVINOTICIAS"]},{"@type":"Person","@id":"https:\/\/cvinoticias.com\/v3\/#\/schema\/person\/2db77e3c6bc03c538495d7b2b8be9b66","name":"f1000024","image":{"@type":"ImageObject","inLanguage":"es","@id":"https:\/\/secure.gravatar.com\/avatar\/d4fe7459cfc51ff5129ce1a732bbef5928568b8092d412ef95611616376bbeed?s=96&d=mm&r=g","url":"https:\/\/secure.gravatar.com\/avatar\/d4fe7459cfc51ff5129ce1a732bbef5928568b8092d412ef95611616376bbeed?s=96&d=mm&r=g","contentUrl":"https:\/\/secure.gravatar.com\/avatar\/d4fe7459cfc51ff5129ce1a732bbef5928568b8092d412ef95611616376bbeed?s=96&d=mm&r=g","caption":"f1000024"},"url":"https:\/\/cvinoticias.com\/v3\/author\/f1000024\/"}]}},"_links":{"self":[{"href":"https:\/\/cvinoticias.com\/v3\/wp-json\/wp\/v2\/posts\/24370","targetHints":{"allow":["GET"]}}],"collection":[{"href":"https:\/\/cvinoticias.com\/v3\/wp-json\/wp\/v2\/posts"}],"about":[{"href":"https:\/\/cvinoticias.com\/v3\/wp-json\/wp\/v2\/types\/post"}],"author":[{"embeddable":true,"href":"https:\/\/cvinoticias.com\/v3\/wp-json\/wp\/v2\/users\/2"}],"replies":[{"embeddable":true,"href":"https:\/\/cvinoticias.com\/v3\/wp-json\/wp\/v2\/comments?post=24370"}],"version-history":[{"count":1,"href":"https:\/\/cvinoticias.com\/v3\/wp-json\/wp\/v2\/posts\/24370\/revisions"}],"predecessor-version":[{"id":24372,"href":"https:\/\/cvinoticias.com\/v3\/wp-json\/wp\/v2\/posts\/24370\/revisions\/24372"}],"wp:featuredmedia":[{"embeddable":true,"href":"https:\/\/cvinoticias.com\/v3\/wp-json\/wp\/v2\/media\/24371"}],"wp:attachment":[{"href":"https:\/\/cvinoticias.com\/v3\/wp-json\/wp\/v2\/media?parent=24370"}],"wp:term":[{"taxonomy":"category","embeddable":true,"href":"https:\/\/cvinoticias.com\/v3\/wp-json\/wp\/v2\/categories?post=24370"},{"taxonomy":"post_tag","embeddable":true,"href":"https:\/\/cvinoticias.com\/v3\/wp-json\/wp\/v2\/tags?post=24370"}],"curies":[{"name":"wp","href":"https:\/\/api.w.org\/{rel}","templated":true}]}}