{"id":24367,"date":"2023-04-24T20:33:53","date_gmt":"2023-04-24T20:33:53","guid":{"rendered":"https:\/\/cvinoticias.com\/v3\/?p=24367"},"modified":"2023-04-24T20:33:53","modified_gmt":"2023-04-24T20:33:53","slug":"las-marias-exporta-su-produccion-forestal-a-traves-del-puerto-de-posadas","status":"publish","type":"post","link":"https:\/\/cvinoticias.com\/v3\/las-marias-exporta-su-produccion-forestal-a-traves-del-puerto-de-posadas\/","title":{"rendered":"Las Mar\u00edas exporta su producci\u00f3n forestal a trav\u00e9s del Puerto de Posadas"},"content":{"rendered":"\n<p><strong><em>El gigante correntino decidi\u00f3 realizar sus env\u00edos al exterior desde Misiones. De esta manera, el Puerto suma un actor relevante de la industria regional. Adem\u00e1s, es un duro golpe para Corrientes, cuyo modelo econ\u00f3mico es promovido por los referentes de Juntos por el Cambio en la tierra colorada.<\/em><\/strong><\/p>\n\n\n\n<p>La noticia se conoci\u00f3 a fines de la semana pasada y caus\u00f3 alto impacto en ambas provincias vecinas: una de las industrias yerbateras m\u00e1s grandes del pa\u00eds decidi\u00f3 enviar una carga forestal al exterior a trav\u00e9s del Puerto de Posadas. Las Mar\u00edas exportar\u00e1, en este primer env\u00edo, madera de su forestaci\u00f3n.<\/p>\n\n\n\n<p>Este primer saldo exportador sali\u00f3 el fin de semana que acaba de culminar desde el Puerto de la capital misionera hacia Rosario para luego dirigirse a Montevideo, Uruguay.<\/p>\n\n\n\n<p>La principal empresa yerbatera y forestal de Corrientes tom\u00f3 esta decisi\u00f3n en base a cuestiones log\u00edsticas: exportar desde Posadas implica un fuerte ahorro en costos debido a que la capital misionera se encuentra a menos de 100 kil\u00f3metros de Gobernador Virasoro y Colonia Liebig, localidades donde est\u00e1n las principales forestales y yerbateras de todo el nordeste.<\/p>\n\n\n\n<p>Esta medida podr\u00eda ser replicada por otras compa\u00f1\u00edas yerbateras y forestales ubicadas en suelo correntino, puesto que la provincia gobernada por el radical cambiemita Gustavo Vald\u00e9s tiene serios d\u00e9ficits de infraestructura. Por ejemplo, el puerto que monta Corrientes en Ituzaing\u00f3 lleva m\u00e1s de dos a\u00f1os en construcci\u00f3n y no se sabe aun cuando culminar\u00e1n las obras y podr\u00e1 operar.<\/p>\n\n\n\n<p>Las Mar\u00edas exporta a m\u00e1s de 250 destinos del mundo. Actualmente, el Grupo, a trav\u00e9s de Establecimiento Las Mar\u00edas y Forestal Las Mar\u00edas, cuenta con cerca de 6.768 hect\u00e1reas forestadas con Pino taeda, Pino elliottii, Pino h\u00edbrido, Eucaliptus, y otras especies de alto valor. Es adem\u00e1s uno de los principales grupos foresto-industriales de capital enteramente nacional.<\/p>\n\n\n\n<p>De este modo, la empresa correntina se suma a la pastera Arauco y las tealeras Finlay, El Vasco de Misiones.<\/p>\n\n\n\n<p>Asimismo, contin\u00faan las negociaciones con m\u00faltiples empresas misioneras para que exporten su producci\u00f3n a trav\u00e9s del Puerto de Posadas.<\/p>\n","protected":false},"excerpt":{"rendered":"<p>El gigante correntino decidi\u00f3 realizar sus env\u00edos al exterior desde Misiones. De esta manera, el Puerto suma un actor relevante de la industria regional. Adem\u00e1s, es un duro golpe para Corrientes, cuyo modelo econ\u00f3mico es promovido por los referentes de Juntos por el Cambio en la tierra colorada. La noticia se conoci\u00f3 a fines de [&hellip;]<\/p>\n","protected":false},"author":2,"featured_media":24368,"comment_status":"open","ping_status":"open","sticky":false,"template":"","format":"standard","meta":{"footnotes":""},"categories":[43],"tags":[],"class_list":["post-24367","post","type-post","status-publish","format-standard","has-post-thumbnail","hentry","category-provinciales"],"yoast_head":"<!-- This site is optimized with the Yoast SEO plugin v27.4 - https:\/\/yoast.com\/product\/yoast-seo-wordpress\/ -->\n<title>Las Mar\u00edas exporta su producci\u00f3n forestal a trav\u00e9s del Puerto de Posadas | CVI NOTICIAS<\/title>\n<meta name=\"robots\" content=\"index, follow, max-snippet:-1, max-image-preview:large, max-video-preview:-1\" \/>\n<link rel=\"canonical\" href=\"https:\/\/cvinoticias.com\/v3\/las-marias-exporta-su-produccion-forestal-a-traves-del-puerto-de-posadas\/\" \/>\n<meta property=\"og:locale\" content=\"es_ES\" \/>\n<meta property=\"og:type\" content=\"article\" \/>\n<meta property=\"og:title\" content=\"Las Mar\u00edas exporta su producci\u00f3n forestal a trav\u00e9s del Puerto de Posadas | CVI NOTICIAS\" \/>\n<meta property=\"og:description\" content=\"El gigante correntino decidi\u00f3 realizar sus env\u00edos al exterior desde Misiones. De esta manera, el Puerto suma un actor relevante de la industria regional. Adem\u00e1s, es un duro golpe para Corrientes, cuyo modelo econ\u00f3mico es promovido por los referentes de Juntos por el Cambio en la tierra colorada. La noticia se conoci\u00f3 a fines de [&hellip;]\" \/>\n<meta property=\"og:url\" content=\"https:\/\/cvinoticias.com\/v3\/las-marias-exporta-su-produccion-forestal-a-traves-del-puerto-de-posadas\/\" \/>\n<meta property=\"og:site_name\" content=\"CVI NOTICIAS\" \/>\n<meta property=\"article:publisher\" content=\"https:\/\/www.facebook.com\/cvinoticias\" \/>\n<meta property=\"article:published_time\" content=\"2023-04-24T20:33:53+00:00\" \/>\n<meta property=\"og:image\" content=\"https:\/\/cvinoticias.com\/wp-content\/uploads\/2023\/04\/IMG-20230424-WA0086.jpg\" \/>\n\t<meta property=\"og:image:width\" content=\"992\" \/>\n\t<meta property=\"og:image:height\" content=\"661\" \/>\n\t<meta property=\"og:image:type\" content=\"image\/jpeg\" \/>\n<meta name=\"author\" content=\"f1000024\" \/>\n<meta name=\"twitter:card\" content=\"summary_large_image\" \/>\n<meta name=\"twitter:label1\" content=\"Escrito por\" \/>\n\t<meta name=\"twitter:data1\" content=\"f1000024\" \/>\n\t<meta name=\"twitter:label2\" content=\"Tiempo de lectura\" \/>\n\t<meta name=\"twitter:data2\" content=\"2 minutos\" \/>\n<script type=\"application\/ld+json\" class=\"yoast-schema-graph\">{\"@context\":\"https:\\\/\\\/schema.org\",\"@graph\":[{\"@type\":\"Article\",\"@id\":\"https:\\\/\\\/cvinoticias.com\\\/v3\\\/las-marias-exporta-su-produccion-forestal-a-traves-del-puerto-de-posadas\\\/#article\",\"isPartOf\":{\"@id\":\"https:\\\/\\\/cvinoticias.com\\\/v3\\\/las-marias-exporta-su-produccion-forestal-a-traves-del-puerto-de-posadas\\\/\"},\"author\":{\"name\":\"f1000024\",\"@id\":\"https:\\\/\\\/cvinoticias.com\\\/v3\\\/#\\\/schema\\\/person\\\/2db77e3c6bc03c538495d7b2b8be9b66\"},\"headline\":\"Las Mar\u00edas exporta su producci\u00f3n forestal a trav\u00e9s del Puerto de Posadas\",\"datePublished\":\"2023-04-24T20:33:53+00:00\",\"mainEntityOfPage\":{\"@id\":\"https:\\\/\\\/cvinoticias.com\\\/v3\\\/las-marias-exporta-su-produccion-forestal-a-traves-del-puerto-de-posadas\\\/\"},\"wordCount\":382,\"commentCount\":0,\"publisher\":{\"@id\":\"https:\\\/\\\/cvinoticias.com\\\/v3\\\/#organization\"},\"image\":{\"@id\":\"https:\\\/\\\/cvinoticias.com\\\/v3\\\/las-marias-exporta-su-produccion-forestal-a-traves-del-puerto-de-posadas\\\/#primaryimage\"},\"thumbnailUrl\":\"https:\\\/\\\/cvinoticias.com\\\/wp-content\\\/uploads\\\/2023\\\/04\\\/IMG-20230424-WA0086.jpg\",\"articleSection\":[\"Provinciales\"],\"inLanguage\":\"es\",\"potentialAction\":[{\"@type\":\"CommentAction\",\"name\":\"Comment\",\"target\":[\"https:\\\/\\\/cvinoticias.com\\\/v3\\\/las-marias-exporta-su-produccion-forestal-a-traves-del-puerto-de-posadas\\\/#respond\"]}]},{\"@type\":\"WebPage\",\"@id\":\"https:\\\/\\\/cvinoticias.com\\\/v3\\\/las-marias-exporta-su-produccion-forestal-a-traves-del-puerto-de-posadas\\\/\",\"url\":\"https:\\\/\\\/cvinoticias.com\\\/v3\\\/las-marias-exporta-su-produccion-forestal-a-traves-del-puerto-de-posadas\\\/\",\"name\":\"Las Mar\u00edas exporta su producci\u00f3n forestal a trav\u00e9s del Puerto de Posadas | CVI NOTICIAS\",\"isPartOf\":{\"@id\":\"https:\\\/\\\/cvinoticias.com\\\/v3\\\/#website\"},\"primaryImageOfPage\":{\"@id\":\"https:\\\/\\\/cvinoticias.com\\\/v3\\\/las-marias-exporta-su-produccion-forestal-a-traves-del-puerto-de-posadas\\\/#primaryimage\"},\"image\":{\"@id\":\"https:\\\/\\\/cvinoticias.com\\\/v3\\\/las-marias-exporta-su-produccion-forestal-a-traves-del-puerto-de-posadas\\\/#primaryimage\"},\"thumbnailUrl\":\"https:\\\/\\\/cvinoticias.com\\\/wp-content\\\/uploads\\\/2023\\\/04\\\/IMG-20230424-WA0086.jpg\",\"datePublished\":\"2023-04-24T20:33:53+00:00\",\"breadcrumb\":{\"@id\":\"https:\\\/\\\/cvinoticias.com\\\/v3\\\/las-marias-exporta-su-produccion-forestal-a-traves-del-puerto-de-posadas\\\/#breadcrumb\"},\"inLanguage\":\"es\",\"potentialAction\":[{\"@type\":\"ReadAction\",\"target\":[\"https:\\\/\\\/cvinoticias.com\\\/v3\\\/las-marias-exporta-su-produccion-forestal-a-traves-del-puerto-de-posadas\\\/\"]}]},{\"@type\":\"ImageObject\",\"inLanguage\":\"es\",\"@id\":\"https:\\\/\\\/cvinoticias.com\\\/v3\\\/las-marias-exporta-su-produccion-forestal-a-traves-del-puerto-de-posadas\\\/#primaryimage\",\"url\":\"https:\\\/\\\/cvinoticias.com\\\/wp-content\\\/uploads\\\/2023\\\/04\\\/IMG-20230424-WA0086.jpg\",\"contentUrl\":\"https:\\\/\\\/cvinoticias.com\\\/wp-content\\\/uploads\\\/2023\\\/04\\\/IMG-20230424-WA0086.jpg\",\"width\":992,\"height\":661},{\"@type\":\"BreadcrumbList\",\"@id\":\"https:\\\/\\\/cvinoticias.com\\\/v3\\\/las-marias-exporta-su-produccion-forestal-a-traves-del-puerto-de-posadas\\\/#breadcrumb\",\"itemListElement\":[{\"@type\":\"ListItem\",\"position\":1,\"name\":\"Portada\",\"item\":\"https:\\\/\\\/cvinoticias.com\\\/v3\\\/\"},{\"@type\":\"ListItem\",\"position\":2,\"name\":\"Las Mar\u00edas exporta su producci\u00f3n forestal a trav\u00e9s del Puerto de Posadas\"}]},{\"@type\":\"WebSite\",\"@id\":\"https:\\\/\\\/cvinoticias.com\\\/v3\\\/#website\",\"url\":\"https:\\\/\\\/cvinoticias.com\\\/v3\\\/\",\"name\":\"CVI NOTICIAS\",\"description\":\"\",\"publisher\":{\"@id\":\"https:\\\/\\\/cvinoticias.com\\\/v3\\\/#organization\"},\"alternateName\":\"CVI\",\"potentialAction\":[{\"@type\":\"SearchAction\",\"target\":{\"@type\":\"EntryPoint\",\"urlTemplate\":\"https:\\\/\\\/cvinoticias.com\\\/v3\\\/?s={search_term_string}\"},\"query-input\":{\"@type\":\"PropertyValueSpecification\",\"valueRequired\":true,\"valueName\":\"search_term_string\"}}],\"inLanguage\":\"es\"},{\"@type\":\"Organization\",\"@id\":\"https:\\\/\\\/cvinoticias.com\\\/v3\\\/#organization\",\"name\":\"CVI NOTICIAS\",\"url\":\"https:\\\/\\\/cvinoticias.com\\\/v3\\\/\",\"logo\":{\"@type\":\"ImageObject\",\"inLanguage\":\"es\",\"@id\":\"https:\\\/\\\/cvinoticias.com\\\/v3\\\/#\\\/schema\\\/logo\\\/image\\\/\",\"url\":\"https:\\\/\\\/cvinoticias.com\\\/wp-content\\\/uploads\\\/2023\\\/04\\\/cropped-cropped-cropped-cropped-cropped-3-1.png\",\"contentUrl\":\"https:\\\/\\\/cvinoticias.com\\\/wp-content\\\/uploads\\\/2023\\\/04\\\/cropped-cropped-cropped-cropped-cropped-3-1.png\",\"width\":95,\"height\":122,\"caption\":\"CVI NOTICIAS\"},\"image\":{\"@id\":\"https:\\\/\\\/cvinoticias.com\\\/v3\\\/#\\\/schema\\\/logo\\\/image\\\/\"},\"sameAs\":[\"https:\\\/\\\/www.facebook.com\\\/cvinoticias\",\"https:\\\/\\\/www.instagram.com\\\/cvinoticias\\\/\",\"https:\\\/\\\/www.youtube.com\\\/@CVINOTICIAS\"]},{\"@type\":\"Person\",\"@id\":\"https:\\\/\\\/cvinoticias.com\\\/v3\\\/#\\\/schema\\\/person\\\/2db77e3c6bc03c538495d7b2b8be9b66\",\"name\":\"f1000024\",\"image\":{\"@type\":\"ImageObject\",\"inLanguage\":\"es\",\"@id\":\"https:\\\/\\\/secure.gravatar.com\\\/avatar\\\/d4fe7459cfc51ff5129ce1a732bbef5928568b8092d412ef95611616376bbeed?s=96&d=mm&r=g\",\"url\":\"https:\\\/\\\/secure.gravatar.com\\\/avatar\\\/d4fe7459cfc51ff5129ce1a732bbef5928568b8092d412ef95611616376bbeed?s=96&d=mm&r=g\",\"contentUrl\":\"https:\\\/\\\/secure.gravatar.com\\\/avatar\\\/d4fe7459cfc51ff5129ce1a732bbef5928568b8092d412ef95611616376bbeed?s=96&d=mm&r=g\",\"caption\":\"f1000024\"},\"url\":\"https:\\\/\\\/cvinoticias.com\\\/v3\\\/author\\\/f1000024\\\/\"}]}<\/script>\n<!-- \/ Yoast SEO plugin. -->","yoast_head_json":{"title":"Las Mar\u00edas exporta su producci\u00f3n forestal a trav\u00e9s del Puerto de Posadas | CVI NOTICIAS","robots":{"index":"index","follow":"follow","max-snippet":"max-snippet:-1","max-image-preview":"max-image-preview:large","max-video-preview":"max-video-preview:-1"},"canonical":"https:\/\/cvinoticias.com\/v3\/las-marias-exporta-su-produccion-forestal-a-traves-del-puerto-de-posadas\/","og_locale":"es_ES","og_type":"article","og_title":"Las Mar\u00edas exporta su producci\u00f3n forestal a trav\u00e9s del Puerto de Posadas | CVI NOTICIAS","og_description":"El gigante correntino decidi\u00f3 realizar sus env\u00edos al exterior desde Misiones. De esta manera, el Puerto suma un actor relevante de la industria regional. Adem\u00e1s, es un duro golpe para Corrientes, cuyo modelo econ\u00f3mico es promovido por los referentes de Juntos por el Cambio en la tierra colorada. La noticia se conoci\u00f3 a fines de [&hellip;]","og_url":"https:\/\/cvinoticias.com\/v3\/las-marias-exporta-su-produccion-forestal-a-traves-del-puerto-de-posadas\/","og_site_name":"CVI NOTICIAS","article_publisher":"https:\/\/www.facebook.com\/cvinoticias","article_published_time":"2023-04-24T20:33:53+00:00","og_image":[{"width":992,"height":661,"url":"https:\/\/cvinoticias.com\/wp-content\/uploads\/2023\/04\/IMG-20230424-WA0086.jpg","type":"image\/jpeg"}],"author":"f1000024","twitter_card":"summary_large_image","twitter_misc":{"Escrito por":"f1000024","Tiempo de lectura":"2 minutos"},"schema":{"@context":"https:\/\/schema.org","@graph":[{"@type":"Article","@id":"https:\/\/cvinoticias.com\/v3\/las-marias-exporta-su-produccion-forestal-a-traves-del-puerto-de-posadas\/#article","isPartOf":{"@id":"https:\/\/cvinoticias.com\/v3\/las-marias-exporta-su-produccion-forestal-a-traves-del-puerto-de-posadas\/"},"author":{"name":"f1000024","@id":"https:\/\/cvinoticias.com\/v3\/#\/schema\/person\/2db77e3c6bc03c538495d7b2b8be9b66"},"headline":"Las Mar\u00edas exporta su producci\u00f3n forestal a trav\u00e9s del Puerto de Posadas","datePublished":"2023-04-24T20:33:53+00:00","mainEntityOfPage":{"@id":"https:\/\/cvinoticias.com\/v3\/las-marias-exporta-su-produccion-forestal-a-traves-del-puerto-de-posadas\/"},"wordCount":382,"commentCount":0,"publisher":{"@id":"https:\/\/cvinoticias.com\/v3\/#organization"},"image":{"@id":"https:\/\/cvinoticias.com\/v3\/las-marias-exporta-su-produccion-forestal-a-traves-del-puerto-de-posadas\/#primaryimage"},"thumbnailUrl":"https:\/\/cvinoticias.com\/wp-content\/uploads\/2023\/04\/IMG-20230424-WA0086.jpg","articleSection":["Provinciales"],"inLanguage":"es","potentialAction":[{"@type":"CommentAction","name":"Comment","target":["https:\/\/cvinoticias.com\/v3\/las-marias-exporta-su-produccion-forestal-a-traves-del-puerto-de-posadas\/#respond"]}]},{"@type":"WebPage","@id":"https:\/\/cvinoticias.com\/v3\/las-marias-exporta-su-produccion-forestal-a-traves-del-puerto-de-posadas\/","url":"https:\/\/cvinoticias.com\/v3\/las-marias-exporta-su-produccion-forestal-a-traves-del-puerto-de-posadas\/","name":"Las Mar\u00edas exporta su producci\u00f3n forestal a trav\u00e9s del Puerto de Posadas | CVI NOTICIAS","isPartOf":{"@id":"https:\/\/cvinoticias.com\/v3\/#website"},"primaryImageOfPage":{"@id":"https:\/\/cvinoticias.com\/v3\/las-marias-exporta-su-produccion-forestal-a-traves-del-puerto-de-posadas\/#primaryimage"},"image":{"@id":"https:\/\/cvinoticias.com\/v3\/las-marias-exporta-su-produccion-forestal-a-traves-del-puerto-de-posadas\/#primaryimage"},"thumbnailUrl":"https:\/\/cvinoticias.com\/wp-content\/uploads\/2023\/04\/IMG-20230424-WA0086.jpg","datePublished":"2023-04-24T20:33:53+00:00","breadcrumb":{"@id":"https:\/\/cvinoticias.com\/v3\/las-marias-exporta-su-produccion-forestal-a-traves-del-puerto-de-posadas\/#breadcrumb"},"inLanguage":"es","potentialAction":[{"@type":"ReadAction","target":["https:\/\/cvinoticias.com\/v3\/las-marias-exporta-su-produccion-forestal-a-traves-del-puerto-de-posadas\/"]}]},{"@type":"ImageObject","inLanguage":"es","@id":"https:\/\/cvinoticias.com\/v3\/las-marias-exporta-su-produccion-forestal-a-traves-del-puerto-de-posadas\/#primaryimage","url":"https:\/\/cvinoticias.com\/wp-content\/uploads\/2023\/04\/IMG-20230424-WA0086.jpg","contentUrl":"https:\/\/cvinoticias.com\/wp-content\/uploads\/2023\/04\/IMG-20230424-WA0086.jpg","width":992,"height":661},{"@type":"BreadcrumbList","@id":"https:\/\/cvinoticias.com\/v3\/las-marias-exporta-su-produccion-forestal-a-traves-del-puerto-de-posadas\/#breadcrumb","itemListElement":[{"@type":"ListItem","position":1,"name":"Portada","item":"https:\/\/cvinoticias.com\/v3\/"},{"@type":"ListItem","position":2,"name":"Las Mar\u00edas exporta su producci\u00f3n forestal a trav\u00e9s del Puerto de Posadas"}]},{"@type":"WebSite","@id":"https:\/\/cvinoticias.com\/v3\/#website","url":"https:\/\/cvinoticias.com\/v3\/","name":"CVI NOTICIAS","description":"","publisher":{"@id":"https:\/\/cvinoticias.com\/v3\/#organization"},"alternateName":"CVI","potentialAction":[{"@type":"SearchAction","target":{"@type":"EntryPoint","urlTemplate":"https:\/\/cvinoticias.com\/v3\/?s={search_term_string}"},"query-input":{"@type":"PropertyValueSpecification","valueRequired":true,"valueName":"search_term_string"}}],"inLanguage":"es"},{"@type":"Organization","@id":"https:\/\/cvinoticias.com\/v3\/#organization","name":"CVI NOTICIAS","url":"https:\/\/cvinoticias.com\/v3\/","logo":{"@type":"ImageObject","inLanguage":"es","@id":"https:\/\/cvinoticias.com\/v3\/#\/schema\/logo\/image\/","url":"https:\/\/cvinoticias.com\/wp-content\/uploads\/2023\/04\/cropped-cropped-cropped-cropped-cropped-3-1.png","contentUrl":"https:\/\/cvinoticias.com\/wp-content\/uploads\/2023\/04\/cropped-cropped-cropped-cropped-cropped-3-1.png","width":95,"height":122,"caption":"CVI NOTICIAS"},"image":{"@id":"https:\/\/cvinoticias.com\/v3\/#\/schema\/logo\/image\/"},"sameAs":["https:\/\/www.facebook.com\/cvinoticias","https:\/\/www.instagram.com\/cvinoticias\/","https:\/\/www.youtube.com\/@CVINOTICIAS"]},{"@type":"Person","@id":"https:\/\/cvinoticias.com\/v3\/#\/schema\/person\/2db77e3c6bc03c538495d7b2b8be9b66","name":"f1000024","image":{"@type":"ImageObject","inLanguage":"es","@id":"https:\/\/secure.gravatar.com\/avatar\/d4fe7459cfc51ff5129ce1a732bbef5928568b8092d412ef95611616376bbeed?s=96&d=mm&r=g","url":"https:\/\/secure.gravatar.com\/avatar\/d4fe7459cfc51ff5129ce1a732bbef5928568b8092d412ef95611616376bbeed?s=96&d=mm&r=g","contentUrl":"https:\/\/secure.gravatar.com\/avatar\/d4fe7459cfc51ff5129ce1a732bbef5928568b8092d412ef95611616376bbeed?s=96&d=mm&r=g","caption":"f1000024"},"url":"https:\/\/cvinoticias.com\/v3\/author\/f1000024\/"}]}},"_links":{"self":[{"href":"https:\/\/cvinoticias.com\/v3\/wp-json\/wp\/v2\/posts\/24367","targetHints":{"allow":["GET"]}}],"collection":[{"href":"https:\/\/cvinoticias.com\/v3\/wp-json\/wp\/v2\/posts"}],"about":[{"href":"https:\/\/cvinoticias.com\/v3\/wp-json\/wp\/v2\/types\/post"}],"author":[{"embeddable":true,"href":"https:\/\/cvinoticias.com\/v3\/wp-json\/wp\/v2\/users\/2"}],"replies":[{"embeddable":true,"href":"https:\/\/cvinoticias.com\/v3\/wp-json\/wp\/v2\/comments?post=24367"}],"version-history":[{"count":1,"href":"https:\/\/cvinoticias.com\/v3\/wp-json\/wp\/v2\/posts\/24367\/revisions"}],"predecessor-version":[{"id":24369,"href":"https:\/\/cvinoticias.com\/v3\/wp-json\/wp\/v2\/posts\/24367\/revisions\/24369"}],"wp:featuredmedia":[{"embeddable":true,"href":"https:\/\/cvinoticias.com\/v3\/wp-json\/wp\/v2\/media\/24368"}],"wp:attachment":[{"href":"https:\/\/cvinoticias.com\/v3\/wp-json\/wp\/v2\/media?parent=24367"}],"wp:term":[{"taxonomy":"category","embeddable":true,"href":"https:\/\/cvinoticias.com\/v3\/wp-json\/wp\/v2\/categories?post=24367"},{"taxonomy":"post_tag","embeddable":true,"href":"https:\/\/cvinoticias.com\/v3\/wp-json\/wp\/v2\/tags?post=24367"}],"curies":[{"name":"wp","href":"https:\/\/api.w.org\/{rel}","templated":true}]}}