{"id":24355,"date":"2023-04-24T14:13:40","date_gmt":"2023-04-24T14:13:40","guid":{"rendered":"https:\/\/cvinoticias.com\/v3\/?p=24355"},"modified":"2023-04-24T14:13:40","modified_gmt":"2023-04-24T14:13:40","slug":"cuando-sera-el-proximo-feriado-largo","status":"publish","type":"post","link":"https:\/\/cvinoticias.com\/v3\/cuando-sera-el-proximo-feriado-largo\/","title":{"rendered":"Cu\u00e1ndo ser\u00e1 el pr\u00f3ximo feriado largo"},"content":{"rendered":"\n<p><strong><em>Ser\u00e1 por el D\u00eda del Trabajador. Adem\u00e1s, mayo tambi\u00e9n tendr\u00e1 otro feriado XL convertido en puente para fines tur\u00edsticos.<\/em><\/strong><\/p>\n\n\n\n<p>El pr\u00f3ximo feriado largo en Argentina ser\u00e1 el lunes 1 de mayo de 2023, ya que se conmemora el D\u00eda del Trabajador. Luego, el pr\u00f3ximo fin de semana largo ser\u00e1 del s\u00e1bado 17 de junio al lunes 19 de junio, en conmemoraci\u00f3n del Paso a la Inmortalidad del General Mart\u00edn Miguel de G\u00fcemes.<\/p>\n\n\n\n<p>Los d\u00edas ser\u00e1n ideales para una recreaci\u00f3n o un descanso. \u00abFaltan 12 d\u00edas para el pr\u00f3ximo feriado que es el 1\u00b0 de Mayo de 2023, D\u00eda del Trabajador\u00bb, se\u00f1al\u00f3 este mi\u00e9rcoles el Ministerio del Interior en su p\u00e1gina web.<\/p>\n\n\n\n<p>De esta manera mayo inicia con el feriado por el D\u00eda del Trabajador, que cae lunes y es inamovible. Habr\u00e1 as\u00ed un descanso de tres d\u00edas.<\/p>\n\n\n\n<p>Cabe recordar que este lunes 24 de abril ser\u00e1 feriado para quienes adhieran al D\u00eda de Acci\u00f3n por la Tolerancia y el Respeto entre los Pueblos, que fue incluido en el calendario oficial como no laborable. Esa fecha se recuerda el genocidio del pueblo armenio ocurrido en el a\u00f1o 1915.<\/p>\n","protected":false},"excerpt":{"rendered":"<p>Ser\u00e1 por el D\u00eda del Trabajador. Adem\u00e1s, mayo tambi\u00e9n tendr\u00e1 otro feriado XL convertido en puente para fines tur\u00edsticos. El pr\u00f3ximo feriado largo en Argentina ser\u00e1 el lunes 1 de mayo de 2023, ya que se conmemora el D\u00eda del Trabajador. Luego, el pr\u00f3ximo fin de semana largo ser\u00e1 del s\u00e1bado 17 de junio al [&hellip;]<\/p>\n","protected":false},"author":2,"featured_media":24356,"comment_status":"open","ping_status":"open","sticky":false,"template":"","format":"standard","meta":{"footnotes":""},"categories":[35],"tags":[],"class_list":["post-24355","post","type-post","status-publish","format-standard","has-post-thumbnail","hentry","category-informacion-general"],"yoast_head":"<!-- This site is optimized with the Yoast SEO plugin v27.4 - https:\/\/yoast.com\/product\/yoast-seo-wordpress\/ -->\n<title>Cu\u00e1ndo ser\u00e1 el pr\u00f3ximo feriado largo | CVI NOTICIAS<\/title>\n<meta name=\"robots\" content=\"index, follow, max-snippet:-1, max-image-preview:large, max-video-preview:-1\" \/>\n<link rel=\"canonical\" href=\"https:\/\/cvinoticias.com\/v3\/cuando-sera-el-proximo-feriado-largo\/\" \/>\n<meta property=\"og:locale\" content=\"es_ES\" \/>\n<meta property=\"og:type\" content=\"article\" \/>\n<meta property=\"og:title\" content=\"Cu\u00e1ndo ser\u00e1 el pr\u00f3ximo feriado largo | CVI NOTICIAS\" \/>\n<meta property=\"og:description\" content=\"Ser\u00e1 por el D\u00eda del Trabajador. Adem\u00e1s, mayo tambi\u00e9n tendr\u00e1 otro feriado XL convertido en puente para fines tur\u00edsticos. El pr\u00f3ximo feriado largo en Argentina ser\u00e1 el lunes 1 de mayo de 2023, ya que se conmemora el D\u00eda del Trabajador. Luego, el pr\u00f3ximo fin de semana largo ser\u00e1 del s\u00e1bado 17 de junio al [&hellip;]\" \/>\n<meta property=\"og:url\" content=\"https:\/\/cvinoticias.com\/v3\/cuando-sera-el-proximo-feriado-largo\/\" \/>\n<meta property=\"og:site_name\" content=\"CVI NOTICIAS\" \/>\n<meta property=\"article:publisher\" content=\"https:\/\/www.facebook.com\/cvinoticias\" \/>\n<meta property=\"article:published_time\" content=\"2023-04-24T14:13:40+00:00\" \/>\n<meta property=\"og:image\" content=\"https:\/\/cvinoticias.com\/wp-content\/uploads\/2023\/04\/Screenshot_20230424_111204_Chrome.jpg\" \/>\n\t<meta property=\"og:image:width\" content=\"1078\" \/>\n\t<meta property=\"og:image:height\" content=\"740\" \/>\n\t<meta property=\"og:image:type\" content=\"image\/jpeg\" \/>\n<meta name=\"author\" content=\"f1000024\" \/>\n<meta name=\"twitter:card\" content=\"summary_large_image\" \/>\n<meta name=\"twitter:label1\" content=\"Escrito por\" \/>\n\t<meta name=\"twitter:data1\" content=\"f1000024\" \/>\n\t<meta name=\"twitter:label2\" content=\"Tiempo de lectura\" \/>\n\t<meta name=\"twitter:data2\" content=\"1 minuto\" \/>\n<script type=\"application\/ld+json\" class=\"yoast-schema-graph\">{\"@context\":\"https:\\\/\\\/schema.org\",\"@graph\":[{\"@type\":\"Article\",\"@id\":\"https:\\\/\\\/cvinoticias.com\\\/v3\\\/cuando-sera-el-proximo-feriado-largo\\\/#article\",\"isPartOf\":{\"@id\":\"https:\\\/\\\/cvinoticias.com\\\/v3\\\/cuando-sera-el-proximo-feriado-largo\\\/\"},\"author\":{\"name\":\"f1000024\",\"@id\":\"https:\\\/\\\/cvinoticias.com\\\/v3\\\/#\\\/schema\\\/person\\\/2db77e3c6bc03c538495d7b2b8be9b66\"},\"headline\":\"Cu\u00e1ndo ser\u00e1 el pr\u00f3ximo feriado largo\",\"datePublished\":\"2023-04-24T14:13:40+00:00\",\"mainEntityOfPage\":{\"@id\":\"https:\\\/\\\/cvinoticias.com\\\/v3\\\/cuando-sera-el-proximo-feriado-largo\\\/\"},\"wordCount\":211,\"commentCount\":0,\"publisher\":{\"@id\":\"https:\\\/\\\/cvinoticias.com\\\/v3\\\/#organization\"},\"image\":{\"@id\":\"https:\\\/\\\/cvinoticias.com\\\/v3\\\/cuando-sera-el-proximo-feriado-largo\\\/#primaryimage\"},\"thumbnailUrl\":\"https:\\\/\\\/cvinoticias.com\\\/wp-content\\\/uploads\\\/2023\\\/04\\\/Screenshot_20230424_111204_Chrome.jpg\",\"articleSection\":[\"Informaci\u00f3n General\"],\"inLanguage\":\"es\",\"potentialAction\":[{\"@type\":\"CommentAction\",\"name\":\"Comment\",\"target\":[\"https:\\\/\\\/cvinoticias.com\\\/v3\\\/cuando-sera-el-proximo-feriado-largo\\\/#respond\"]}]},{\"@type\":\"WebPage\",\"@id\":\"https:\\\/\\\/cvinoticias.com\\\/v3\\\/cuando-sera-el-proximo-feriado-largo\\\/\",\"url\":\"https:\\\/\\\/cvinoticias.com\\\/v3\\\/cuando-sera-el-proximo-feriado-largo\\\/\",\"name\":\"Cu\u00e1ndo ser\u00e1 el pr\u00f3ximo feriado largo | CVI NOTICIAS\",\"isPartOf\":{\"@id\":\"https:\\\/\\\/cvinoticias.com\\\/v3\\\/#website\"},\"primaryImageOfPage\":{\"@id\":\"https:\\\/\\\/cvinoticias.com\\\/v3\\\/cuando-sera-el-proximo-feriado-largo\\\/#primaryimage\"},\"image\":{\"@id\":\"https:\\\/\\\/cvinoticias.com\\\/v3\\\/cuando-sera-el-proximo-feriado-largo\\\/#primaryimage\"},\"thumbnailUrl\":\"https:\\\/\\\/cvinoticias.com\\\/wp-content\\\/uploads\\\/2023\\\/04\\\/Screenshot_20230424_111204_Chrome.jpg\",\"datePublished\":\"2023-04-24T14:13:40+00:00\",\"breadcrumb\":{\"@id\":\"https:\\\/\\\/cvinoticias.com\\\/v3\\\/cuando-sera-el-proximo-feriado-largo\\\/#breadcrumb\"},\"inLanguage\":\"es\",\"potentialAction\":[{\"@type\":\"ReadAction\",\"target\":[\"https:\\\/\\\/cvinoticias.com\\\/v3\\\/cuando-sera-el-proximo-feriado-largo\\\/\"]}]},{\"@type\":\"ImageObject\",\"inLanguage\":\"es\",\"@id\":\"https:\\\/\\\/cvinoticias.com\\\/v3\\\/cuando-sera-el-proximo-feriado-largo\\\/#primaryimage\",\"url\":\"https:\\\/\\\/cvinoticias.com\\\/wp-content\\\/uploads\\\/2023\\\/04\\\/Screenshot_20230424_111204_Chrome.jpg\",\"contentUrl\":\"https:\\\/\\\/cvinoticias.com\\\/wp-content\\\/uploads\\\/2023\\\/04\\\/Screenshot_20230424_111204_Chrome.jpg\",\"width\":1078,\"height\":740},{\"@type\":\"BreadcrumbList\",\"@id\":\"https:\\\/\\\/cvinoticias.com\\\/v3\\\/cuando-sera-el-proximo-feriado-largo\\\/#breadcrumb\",\"itemListElement\":[{\"@type\":\"ListItem\",\"position\":1,\"name\":\"Portada\",\"item\":\"https:\\\/\\\/cvinoticias.com\\\/v3\\\/\"},{\"@type\":\"ListItem\",\"position\":2,\"name\":\"Cu\u00e1ndo ser\u00e1 el pr\u00f3ximo feriado largo\"}]},{\"@type\":\"WebSite\",\"@id\":\"https:\\\/\\\/cvinoticias.com\\\/v3\\\/#website\",\"url\":\"https:\\\/\\\/cvinoticias.com\\\/v3\\\/\",\"name\":\"CVI NOTICIAS\",\"description\":\"\",\"publisher\":{\"@id\":\"https:\\\/\\\/cvinoticias.com\\\/v3\\\/#organization\"},\"alternateName\":\"CVI\",\"potentialAction\":[{\"@type\":\"SearchAction\",\"target\":{\"@type\":\"EntryPoint\",\"urlTemplate\":\"https:\\\/\\\/cvinoticias.com\\\/v3\\\/?s={search_term_string}\"},\"query-input\":{\"@type\":\"PropertyValueSpecification\",\"valueRequired\":true,\"valueName\":\"search_term_string\"}}],\"inLanguage\":\"es\"},{\"@type\":\"Organization\",\"@id\":\"https:\\\/\\\/cvinoticias.com\\\/v3\\\/#organization\",\"name\":\"CVI NOTICIAS\",\"url\":\"https:\\\/\\\/cvinoticias.com\\\/v3\\\/\",\"logo\":{\"@type\":\"ImageObject\",\"inLanguage\":\"es\",\"@id\":\"https:\\\/\\\/cvinoticias.com\\\/v3\\\/#\\\/schema\\\/logo\\\/image\\\/\",\"url\":\"https:\\\/\\\/cvinoticias.com\\\/wp-content\\\/uploads\\\/2023\\\/04\\\/cropped-cropped-cropped-cropped-cropped-3-1.png\",\"contentUrl\":\"https:\\\/\\\/cvinoticias.com\\\/wp-content\\\/uploads\\\/2023\\\/04\\\/cropped-cropped-cropped-cropped-cropped-3-1.png\",\"width\":95,\"height\":122,\"caption\":\"CVI NOTICIAS\"},\"image\":{\"@id\":\"https:\\\/\\\/cvinoticias.com\\\/v3\\\/#\\\/schema\\\/logo\\\/image\\\/\"},\"sameAs\":[\"https:\\\/\\\/www.facebook.com\\\/cvinoticias\",\"https:\\\/\\\/www.instagram.com\\\/cvinoticias\\\/\",\"https:\\\/\\\/www.youtube.com\\\/@CVINOTICIAS\"]},{\"@type\":\"Person\",\"@id\":\"https:\\\/\\\/cvinoticias.com\\\/v3\\\/#\\\/schema\\\/person\\\/2db77e3c6bc03c538495d7b2b8be9b66\",\"name\":\"f1000024\",\"image\":{\"@type\":\"ImageObject\",\"inLanguage\":\"es\",\"@id\":\"https:\\\/\\\/secure.gravatar.com\\\/avatar\\\/d4fe7459cfc51ff5129ce1a732bbef5928568b8092d412ef95611616376bbeed?s=96&d=mm&r=g\",\"url\":\"https:\\\/\\\/secure.gravatar.com\\\/avatar\\\/d4fe7459cfc51ff5129ce1a732bbef5928568b8092d412ef95611616376bbeed?s=96&d=mm&r=g\",\"contentUrl\":\"https:\\\/\\\/secure.gravatar.com\\\/avatar\\\/d4fe7459cfc51ff5129ce1a732bbef5928568b8092d412ef95611616376bbeed?s=96&d=mm&r=g\",\"caption\":\"f1000024\"},\"url\":\"https:\\\/\\\/cvinoticias.com\\\/v3\\\/author\\\/f1000024\\\/\"}]}<\/script>\n<!-- \/ Yoast SEO plugin. -->","yoast_head_json":{"title":"Cu\u00e1ndo ser\u00e1 el pr\u00f3ximo feriado largo | CVI NOTICIAS","robots":{"index":"index","follow":"follow","max-snippet":"max-snippet:-1","max-image-preview":"max-image-preview:large","max-video-preview":"max-video-preview:-1"},"canonical":"https:\/\/cvinoticias.com\/v3\/cuando-sera-el-proximo-feriado-largo\/","og_locale":"es_ES","og_type":"article","og_title":"Cu\u00e1ndo ser\u00e1 el pr\u00f3ximo feriado largo | CVI NOTICIAS","og_description":"Ser\u00e1 por el D\u00eda del Trabajador. Adem\u00e1s, mayo tambi\u00e9n tendr\u00e1 otro feriado XL convertido en puente para fines tur\u00edsticos. El pr\u00f3ximo feriado largo en Argentina ser\u00e1 el lunes 1 de mayo de 2023, ya que se conmemora el D\u00eda del Trabajador. Luego, el pr\u00f3ximo fin de semana largo ser\u00e1 del s\u00e1bado 17 de junio al [&hellip;]","og_url":"https:\/\/cvinoticias.com\/v3\/cuando-sera-el-proximo-feriado-largo\/","og_site_name":"CVI NOTICIAS","article_publisher":"https:\/\/www.facebook.com\/cvinoticias","article_published_time":"2023-04-24T14:13:40+00:00","og_image":[{"width":1078,"height":740,"url":"https:\/\/cvinoticias.com\/wp-content\/uploads\/2023\/04\/Screenshot_20230424_111204_Chrome.jpg","type":"image\/jpeg"}],"author":"f1000024","twitter_card":"summary_large_image","twitter_misc":{"Escrito por":"f1000024","Tiempo de lectura":"1 minuto"},"schema":{"@context":"https:\/\/schema.org","@graph":[{"@type":"Article","@id":"https:\/\/cvinoticias.com\/v3\/cuando-sera-el-proximo-feriado-largo\/#article","isPartOf":{"@id":"https:\/\/cvinoticias.com\/v3\/cuando-sera-el-proximo-feriado-largo\/"},"author":{"name":"f1000024","@id":"https:\/\/cvinoticias.com\/v3\/#\/schema\/person\/2db77e3c6bc03c538495d7b2b8be9b66"},"headline":"Cu\u00e1ndo ser\u00e1 el pr\u00f3ximo feriado largo","datePublished":"2023-04-24T14:13:40+00:00","mainEntityOfPage":{"@id":"https:\/\/cvinoticias.com\/v3\/cuando-sera-el-proximo-feriado-largo\/"},"wordCount":211,"commentCount":0,"publisher":{"@id":"https:\/\/cvinoticias.com\/v3\/#organization"},"image":{"@id":"https:\/\/cvinoticias.com\/v3\/cuando-sera-el-proximo-feriado-largo\/#primaryimage"},"thumbnailUrl":"https:\/\/cvinoticias.com\/wp-content\/uploads\/2023\/04\/Screenshot_20230424_111204_Chrome.jpg","articleSection":["Informaci\u00f3n General"],"inLanguage":"es","potentialAction":[{"@type":"CommentAction","name":"Comment","target":["https:\/\/cvinoticias.com\/v3\/cuando-sera-el-proximo-feriado-largo\/#respond"]}]},{"@type":"WebPage","@id":"https:\/\/cvinoticias.com\/v3\/cuando-sera-el-proximo-feriado-largo\/","url":"https:\/\/cvinoticias.com\/v3\/cuando-sera-el-proximo-feriado-largo\/","name":"Cu\u00e1ndo ser\u00e1 el pr\u00f3ximo feriado largo | CVI NOTICIAS","isPartOf":{"@id":"https:\/\/cvinoticias.com\/v3\/#website"},"primaryImageOfPage":{"@id":"https:\/\/cvinoticias.com\/v3\/cuando-sera-el-proximo-feriado-largo\/#primaryimage"},"image":{"@id":"https:\/\/cvinoticias.com\/v3\/cuando-sera-el-proximo-feriado-largo\/#primaryimage"},"thumbnailUrl":"https:\/\/cvinoticias.com\/wp-content\/uploads\/2023\/04\/Screenshot_20230424_111204_Chrome.jpg","datePublished":"2023-04-24T14:13:40+00:00","breadcrumb":{"@id":"https:\/\/cvinoticias.com\/v3\/cuando-sera-el-proximo-feriado-largo\/#breadcrumb"},"inLanguage":"es","potentialAction":[{"@type":"ReadAction","target":["https:\/\/cvinoticias.com\/v3\/cuando-sera-el-proximo-feriado-largo\/"]}]},{"@type":"ImageObject","inLanguage":"es","@id":"https:\/\/cvinoticias.com\/v3\/cuando-sera-el-proximo-feriado-largo\/#primaryimage","url":"https:\/\/cvinoticias.com\/wp-content\/uploads\/2023\/04\/Screenshot_20230424_111204_Chrome.jpg","contentUrl":"https:\/\/cvinoticias.com\/wp-content\/uploads\/2023\/04\/Screenshot_20230424_111204_Chrome.jpg","width":1078,"height":740},{"@type":"BreadcrumbList","@id":"https:\/\/cvinoticias.com\/v3\/cuando-sera-el-proximo-feriado-largo\/#breadcrumb","itemListElement":[{"@type":"ListItem","position":1,"name":"Portada","item":"https:\/\/cvinoticias.com\/v3\/"},{"@type":"ListItem","position":2,"name":"Cu\u00e1ndo ser\u00e1 el pr\u00f3ximo feriado largo"}]},{"@type":"WebSite","@id":"https:\/\/cvinoticias.com\/v3\/#website","url":"https:\/\/cvinoticias.com\/v3\/","name":"CVI NOTICIAS","description":"","publisher":{"@id":"https:\/\/cvinoticias.com\/v3\/#organization"},"alternateName":"CVI","potentialAction":[{"@type":"SearchAction","target":{"@type":"EntryPoint","urlTemplate":"https:\/\/cvinoticias.com\/v3\/?s={search_term_string}"},"query-input":{"@type":"PropertyValueSpecification","valueRequired":true,"valueName":"search_term_string"}}],"inLanguage":"es"},{"@type":"Organization","@id":"https:\/\/cvinoticias.com\/v3\/#organization","name":"CVI NOTICIAS","url":"https:\/\/cvinoticias.com\/v3\/","logo":{"@type":"ImageObject","inLanguage":"es","@id":"https:\/\/cvinoticias.com\/v3\/#\/schema\/logo\/image\/","url":"https:\/\/cvinoticias.com\/wp-content\/uploads\/2023\/04\/cropped-cropped-cropped-cropped-cropped-3-1.png","contentUrl":"https:\/\/cvinoticias.com\/wp-content\/uploads\/2023\/04\/cropped-cropped-cropped-cropped-cropped-3-1.png","width":95,"height":122,"caption":"CVI NOTICIAS"},"image":{"@id":"https:\/\/cvinoticias.com\/v3\/#\/schema\/logo\/image\/"},"sameAs":["https:\/\/www.facebook.com\/cvinoticias","https:\/\/www.instagram.com\/cvinoticias\/","https:\/\/www.youtube.com\/@CVINOTICIAS"]},{"@type":"Person","@id":"https:\/\/cvinoticias.com\/v3\/#\/schema\/person\/2db77e3c6bc03c538495d7b2b8be9b66","name":"f1000024","image":{"@type":"ImageObject","inLanguage":"es","@id":"https:\/\/secure.gravatar.com\/avatar\/d4fe7459cfc51ff5129ce1a732bbef5928568b8092d412ef95611616376bbeed?s=96&d=mm&r=g","url":"https:\/\/secure.gravatar.com\/avatar\/d4fe7459cfc51ff5129ce1a732bbef5928568b8092d412ef95611616376bbeed?s=96&d=mm&r=g","contentUrl":"https:\/\/secure.gravatar.com\/avatar\/d4fe7459cfc51ff5129ce1a732bbef5928568b8092d412ef95611616376bbeed?s=96&d=mm&r=g","caption":"f1000024"},"url":"https:\/\/cvinoticias.com\/v3\/author\/f1000024\/"}]}},"_links":{"self":[{"href":"https:\/\/cvinoticias.com\/v3\/wp-json\/wp\/v2\/posts\/24355","targetHints":{"allow":["GET"]}}],"collection":[{"href":"https:\/\/cvinoticias.com\/v3\/wp-json\/wp\/v2\/posts"}],"about":[{"href":"https:\/\/cvinoticias.com\/v3\/wp-json\/wp\/v2\/types\/post"}],"author":[{"embeddable":true,"href":"https:\/\/cvinoticias.com\/v3\/wp-json\/wp\/v2\/users\/2"}],"replies":[{"embeddable":true,"href":"https:\/\/cvinoticias.com\/v3\/wp-json\/wp\/v2\/comments?post=24355"}],"version-history":[{"count":1,"href":"https:\/\/cvinoticias.com\/v3\/wp-json\/wp\/v2\/posts\/24355\/revisions"}],"predecessor-version":[{"id":24357,"href":"https:\/\/cvinoticias.com\/v3\/wp-json\/wp\/v2\/posts\/24355\/revisions\/24357"}],"wp:featuredmedia":[{"embeddable":true,"href":"https:\/\/cvinoticias.com\/v3\/wp-json\/wp\/v2\/media\/24356"}],"wp:attachment":[{"href":"https:\/\/cvinoticias.com\/v3\/wp-json\/wp\/v2\/media?parent=24355"}],"wp:term":[{"taxonomy":"category","embeddable":true,"href":"https:\/\/cvinoticias.com\/v3\/wp-json\/wp\/v2\/categories?post=24355"},{"taxonomy":"post_tag","embeddable":true,"href":"https:\/\/cvinoticias.com\/v3\/wp-json\/wp\/v2\/tags?post=24355"}],"curies":[{"name":"wp","href":"https:\/\/api.w.org\/{rel}","templated":true}]}}