{"id":24349,"date":"2023-04-24T13:55:07","date_gmt":"2023-04-24T13:55:07","guid":{"rendered":"https:\/\/cvinoticias.com\/v3\/?p=24349"},"modified":"2023-04-24T13:55:08","modified_gmt":"2023-04-24T13:55:08","slug":"aumenta-5-el-precio-del-bioetanol-y-4-del-biodiesel-en-linea-con-los-ajustes-dispuestos-por-ypf","status":"publish","type":"post","link":"https:\/\/cvinoticias.com\/v3\/aumenta-5-el-precio-del-bioetanol-y-4-del-biodiesel-en-linea-con-los-ajustes-dispuestos-por-ypf\/","title":{"rendered":"Aumenta 5% el precio del bioetanol y 4% del biodiesel, en l\u00ednea con los ajustes dispuestos por YPF"},"content":{"rendered":"\n<p><strong><em>La Secretar\u00eda de Energ\u00eda aument\u00f3 5% el precio de adquisici\u00f3n del litro de bioetanol, tanto para elaborados a base de ca\u00f1a de az\u00facar como de ma\u00edz, y 4% el valor de la tonelada de biodiesel. en l\u00ednea con los incrementos que la compa\u00f1\u00eda YPF dispuso para sus combustibles.<\/em><\/strong><\/p>\n\n\n\n<p>La medida se formaliz\u00f3 a trav\u00e9s de las resoluciones 268\/2023 y 269\/2023, publicadas hoy en el Bolet\u00edn Oficial, que establece para las dos variantes de bioetanol un precio de $ 148,479 por litro para las operaciones realizadas a partir del 16 de abril, d\u00eda en que la petrolera nacional ajust\u00f3 los precios de sus naftas de grados 2 y 3 comercializadas a trav\u00e9s de sus estaciones de servicio en la Ciudad de Buenos Aires.<\/p>\n\n\n\n<p>De esta forma, se reemplaza a la resoluci\u00f3n 169 del 21 de marzo, que hab\u00eda fijado un precio de $ 141,409 por litro para el bioetanol a base de ca\u00f1a de az\u00facar y de ma\u00edz.<\/p>\n\n\n\n<p>La resoluci\u00f3n 852 del 3 de septiembre de 2021 estableci\u00f3 que los precios del bioetanol elaborado a base de ca\u00f1a de az\u00facar y de ma\u00edz destinados al mercado interno en su mezcla obligatoria con las naftas ser\u00edan actualizados mensualmente por la Secretar\u00eda de Energ\u00eda, de acuerdo con la variaci\u00f3n porcentual del precio en el surtidor de las naftas comercializadas a trav\u00e9s de las estaciones de YPF en la ciudad de Buenos Aires.<\/p>\n\n\n\n<p>En el caso del biodiesel destinado a su mezcla con gasoil, se fij\u00f3 a partir de hoy un precio de adquisici\u00f3n de $ 294.430 por tonelada, un 4% m\u00e1s que los $ 283.106 que la resoluci\u00f3n 791\/2022 hab\u00eda fijado para el producto a partir de marzo.<\/p>\n\n\n\n<p>Asimismo, estableci\u00f3 que, tanto para el bioetanol como para el biodiesel, el plazo de pago \u00abno podr\u00e1 exceder, en ning\u00fan caso, los 30 d\u00edas corridos a contar desde la fecha de la factura correspondiente\u00bb.<\/p>\n","protected":false},"excerpt":{"rendered":"<p>La Secretar\u00eda de Energ\u00eda aument\u00f3 5% el precio de adquisici\u00f3n del litro de bioetanol, tanto para elaborados a base de ca\u00f1a de az\u00facar como de ma\u00edz, y 4% el valor de la tonelada de biodiesel. en l\u00ednea con los incrementos que la compa\u00f1\u00eda YPF dispuso para sus combustibles. La medida se formaliz\u00f3 a trav\u00e9s de [&hellip;]<\/p>\n","protected":false},"author":2,"featured_media":24350,"comment_status":"open","ping_status":"open","sticky":false,"template":"","format":"standard","meta":{"footnotes":""},"categories":[32],"tags":[],"class_list":["post-24349","post","type-post","status-publish","format-standard","has-post-thumbnail","hentry","category-economia"],"yoast_head":"<!-- This site is optimized with the Yoast SEO plugin v27.4 - https:\/\/yoast.com\/product\/yoast-seo-wordpress\/ -->\n<title>Aumenta 5% el precio del bioetanol y 4% del biodiesel, en l\u00ednea con los ajustes dispuestos por YPF | CVI NOTICIAS<\/title>\n<meta name=\"robots\" content=\"index, follow, max-snippet:-1, max-image-preview:large, max-video-preview:-1\" \/>\n<link rel=\"canonical\" href=\"https:\/\/cvinoticias.com\/v3\/aumenta-5-el-precio-del-bioetanol-y-4-del-biodiesel-en-linea-con-los-ajustes-dispuestos-por-ypf\/\" \/>\n<meta property=\"og:locale\" content=\"es_ES\" \/>\n<meta property=\"og:type\" content=\"article\" \/>\n<meta property=\"og:title\" content=\"Aumenta 5% el precio del bioetanol y 4% del biodiesel, en l\u00ednea con los ajustes dispuestos por YPF | CVI NOTICIAS\" \/>\n<meta property=\"og:description\" content=\"La Secretar\u00eda de Energ\u00eda aument\u00f3 5% el precio de adquisici\u00f3n del litro de bioetanol, tanto para elaborados a base de ca\u00f1a de az\u00facar como de ma\u00edz, y 4% el valor de la tonelada de biodiesel. en l\u00ednea con los incrementos que la compa\u00f1\u00eda YPF dispuso para sus combustibles. La medida se formaliz\u00f3 a trav\u00e9s de [&hellip;]\" \/>\n<meta property=\"og:url\" content=\"https:\/\/cvinoticias.com\/v3\/aumenta-5-el-precio-del-bioetanol-y-4-del-biodiesel-en-linea-con-los-ajustes-dispuestos-por-ypf\/\" \/>\n<meta property=\"og:site_name\" content=\"CVI NOTICIAS\" \/>\n<meta property=\"article:publisher\" content=\"https:\/\/www.facebook.com\/cvinoticias\" \/>\n<meta property=\"article:published_time\" content=\"2023-04-24T13:55:07+00:00\" \/>\n<meta property=\"article:modified_time\" content=\"2023-04-24T13:55:08+00:00\" \/>\n<meta property=\"og:image\" content=\"https:\/\/cvinoticias.com\/wp-content\/uploads\/2023\/04\/64467a5f28c5b166859581.jpg\" \/>\n\t<meta property=\"og:image:width\" content=\"800\" \/>\n\t<meta property=\"og:image:height\" content=\"445\" \/>\n\t<meta property=\"og:image:type\" content=\"image\/jpeg\" \/>\n<meta name=\"author\" content=\"f1000024\" \/>\n<meta name=\"twitter:card\" content=\"summary_large_image\" \/>\n<meta name=\"twitter:label1\" content=\"Escrito por\" \/>\n\t<meta name=\"twitter:data1\" content=\"f1000024\" \/>\n\t<meta name=\"twitter:label2\" content=\"Tiempo de lectura\" \/>\n\t<meta name=\"twitter:data2\" content=\"2 minutos\" \/>\n<script type=\"application\/ld+json\" class=\"yoast-schema-graph\">{\"@context\":\"https:\\\/\\\/schema.org\",\"@graph\":[{\"@type\":\"Article\",\"@id\":\"https:\\\/\\\/cvinoticias.com\\\/v3\\\/aumenta-5-el-precio-del-bioetanol-y-4-del-biodiesel-en-linea-con-los-ajustes-dispuestos-por-ypf\\\/#article\",\"isPartOf\":{\"@id\":\"https:\\\/\\\/cvinoticias.com\\\/v3\\\/aumenta-5-el-precio-del-bioetanol-y-4-del-biodiesel-en-linea-con-los-ajustes-dispuestos-por-ypf\\\/\"},\"author\":{\"name\":\"f1000024\",\"@id\":\"https:\\\/\\\/cvinoticias.com\\\/v3\\\/#\\\/schema\\\/person\\\/2db77e3c6bc03c538495d7b2b8be9b66\"},\"headline\":\"Aumenta 5% el precio del bioetanol y 4% del biodiesel, en l\u00ednea con los ajustes dispuestos por YPF\",\"datePublished\":\"2023-04-24T13:55:07+00:00\",\"dateModified\":\"2023-04-24T13:55:08+00:00\",\"mainEntityOfPage\":{\"@id\":\"https:\\\/\\\/cvinoticias.com\\\/v3\\\/aumenta-5-el-precio-del-bioetanol-y-4-del-biodiesel-en-linea-con-los-ajustes-dispuestos-por-ypf\\\/\"},\"wordCount\":335,\"commentCount\":0,\"publisher\":{\"@id\":\"https:\\\/\\\/cvinoticias.com\\\/v3\\\/#organization\"},\"image\":{\"@id\":\"https:\\\/\\\/cvinoticias.com\\\/v3\\\/aumenta-5-el-precio-del-bioetanol-y-4-del-biodiesel-en-linea-con-los-ajustes-dispuestos-por-ypf\\\/#primaryimage\"},\"thumbnailUrl\":\"https:\\\/\\\/cvinoticias.com\\\/wp-content\\\/uploads\\\/2023\\\/04\\\/64467a5f28c5b166859581.jpg\",\"articleSection\":[\"Econom\u00eda\"],\"inLanguage\":\"es\",\"potentialAction\":[{\"@type\":\"CommentAction\",\"name\":\"Comment\",\"target\":[\"https:\\\/\\\/cvinoticias.com\\\/v3\\\/aumenta-5-el-precio-del-bioetanol-y-4-del-biodiesel-en-linea-con-los-ajustes-dispuestos-por-ypf\\\/#respond\"]}]},{\"@type\":\"WebPage\",\"@id\":\"https:\\\/\\\/cvinoticias.com\\\/v3\\\/aumenta-5-el-precio-del-bioetanol-y-4-del-biodiesel-en-linea-con-los-ajustes-dispuestos-por-ypf\\\/\",\"url\":\"https:\\\/\\\/cvinoticias.com\\\/v3\\\/aumenta-5-el-precio-del-bioetanol-y-4-del-biodiesel-en-linea-con-los-ajustes-dispuestos-por-ypf\\\/\",\"name\":\"Aumenta 5% el precio del bioetanol y 4% del biodiesel, en l\u00ednea con los ajustes dispuestos por YPF | CVI NOTICIAS\",\"isPartOf\":{\"@id\":\"https:\\\/\\\/cvinoticias.com\\\/v3\\\/#website\"},\"primaryImageOfPage\":{\"@id\":\"https:\\\/\\\/cvinoticias.com\\\/v3\\\/aumenta-5-el-precio-del-bioetanol-y-4-del-biodiesel-en-linea-con-los-ajustes-dispuestos-por-ypf\\\/#primaryimage\"},\"image\":{\"@id\":\"https:\\\/\\\/cvinoticias.com\\\/v3\\\/aumenta-5-el-precio-del-bioetanol-y-4-del-biodiesel-en-linea-con-los-ajustes-dispuestos-por-ypf\\\/#primaryimage\"},\"thumbnailUrl\":\"https:\\\/\\\/cvinoticias.com\\\/wp-content\\\/uploads\\\/2023\\\/04\\\/64467a5f28c5b166859581.jpg\",\"datePublished\":\"2023-04-24T13:55:07+00:00\",\"dateModified\":\"2023-04-24T13:55:08+00:00\",\"breadcrumb\":{\"@id\":\"https:\\\/\\\/cvinoticias.com\\\/v3\\\/aumenta-5-el-precio-del-bioetanol-y-4-del-biodiesel-en-linea-con-los-ajustes-dispuestos-por-ypf\\\/#breadcrumb\"},\"inLanguage\":\"es\",\"potentialAction\":[{\"@type\":\"ReadAction\",\"target\":[\"https:\\\/\\\/cvinoticias.com\\\/v3\\\/aumenta-5-el-precio-del-bioetanol-y-4-del-biodiesel-en-linea-con-los-ajustes-dispuestos-por-ypf\\\/\"]}]},{\"@type\":\"ImageObject\",\"inLanguage\":\"es\",\"@id\":\"https:\\\/\\\/cvinoticias.com\\\/v3\\\/aumenta-5-el-precio-del-bioetanol-y-4-del-biodiesel-en-linea-con-los-ajustes-dispuestos-por-ypf\\\/#primaryimage\",\"url\":\"https:\\\/\\\/cvinoticias.com\\\/wp-content\\\/uploads\\\/2023\\\/04\\\/64467a5f28c5b166859581.jpg\",\"contentUrl\":\"https:\\\/\\\/cvinoticias.com\\\/wp-content\\\/uploads\\\/2023\\\/04\\\/64467a5f28c5b166859581.jpg\",\"width\":800,\"height\":445},{\"@type\":\"BreadcrumbList\",\"@id\":\"https:\\\/\\\/cvinoticias.com\\\/v3\\\/aumenta-5-el-precio-del-bioetanol-y-4-del-biodiesel-en-linea-con-los-ajustes-dispuestos-por-ypf\\\/#breadcrumb\",\"itemListElement\":[{\"@type\":\"ListItem\",\"position\":1,\"name\":\"Portada\",\"item\":\"https:\\\/\\\/cvinoticias.com\\\/v3\\\/\"},{\"@type\":\"ListItem\",\"position\":2,\"name\":\"Aumenta 5% el precio del bioetanol y 4% del biodiesel, en l\u00ednea con los ajustes dispuestos por YPF\"}]},{\"@type\":\"WebSite\",\"@id\":\"https:\\\/\\\/cvinoticias.com\\\/v3\\\/#website\",\"url\":\"https:\\\/\\\/cvinoticias.com\\\/v3\\\/\",\"name\":\"CVI NOTICIAS\",\"description\":\"\",\"publisher\":{\"@id\":\"https:\\\/\\\/cvinoticias.com\\\/v3\\\/#organization\"},\"alternateName\":\"CVI\",\"potentialAction\":[{\"@type\":\"SearchAction\",\"target\":{\"@type\":\"EntryPoint\",\"urlTemplate\":\"https:\\\/\\\/cvinoticias.com\\\/v3\\\/?s={search_term_string}\"},\"query-input\":{\"@type\":\"PropertyValueSpecification\",\"valueRequired\":true,\"valueName\":\"search_term_string\"}}],\"inLanguage\":\"es\"},{\"@type\":\"Organization\",\"@id\":\"https:\\\/\\\/cvinoticias.com\\\/v3\\\/#organization\",\"name\":\"CVI NOTICIAS\",\"url\":\"https:\\\/\\\/cvinoticias.com\\\/v3\\\/\",\"logo\":{\"@type\":\"ImageObject\",\"inLanguage\":\"es\",\"@id\":\"https:\\\/\\\/cvinoticias.com\\\/v3\\\/#\\\/schema\\\/logo\\\/image\\\/\",\"url\":\"https:\\\/\\\/cvinoticias.com\\\/wp-content\\\/uploads\\\/2023\\\/04\\\/cropped-cropped-cropped-cropped-cropped-3-1.png\",\"contentUrl\":\"https:\\\/\\\/cvinoticias.com\\\/wp-content\\\/uploads\\\/2023\\\/04\\\/cropped-cropped-cropped-cropped-cropped-3-1.png\",\"width\":95,\"height\":122,\"caption\":\"CVI NOTICIAS\"},\"image\":{\"@id\":\"https:\\\/\\\/cvinoticias.com\\\/v3\\\/#\\\/schema\\\/logo\\\/image\\\/\"},\"sameAs\":[\"https:\\\/\\\/www.facebook.com\\\/cvinoticias\",\"https:\\\/\\\/www.instagram.com\\\/cvinoticias\\\/\",\"https:\\\/\\\/www.youtube.com\\\/@CVINOTICIAS\"]},{\"@type\":\"Person\",\"@id\":\"https:\\\/\\\/cvinoticias.com\\\/v3\\\/#\\\/schema\\\/person\\\/2db77e3c6bc03c538495d7b2b8be9b66\",\"name\":\"f1000024\",\"image\":{\"@type\":\"ImageObject\",\"inLanguage\":\"es\",\"@id\":\"https:\\\/\\\/secure.gravatar.com\\\/avatar\\\/d4fe7459cfc51ff5129ce1a732bbef5928568b8092d412ef95611616376bbeed?s=96&d=mm&r=g\",\"url\":\"https:\\\/\\\/secure.gravatar.com\\\/avatar\\\/d4fe7459cfc51ff5129ce1a732bbef5928568b8092d412ef95611616376bbeed?s=96&d=mm&r=g\",\"contentUrl\":\"https:\\\/\\\/secure.gravatar.com\\\/avatar\\\/d4fe7459cfc51ff5129ce1a732bbef5928568b8092d412ef95611616376bbeed?s=96&d=mm&r=g\",\"caption\":\"f1000024\"},\"url\":\"https:\\\/\\\/cvinoticias.com\\\/v3\\\/author\\\/f1000024\\\/\"}]}<\/script>\n<!-- \/ Yoast SEO plugin. -->","yoast_head_json":{"title":"Aumenta 5% el precio del bioetanol y 4% del biodiesel, en l\u00ednea con los ajustes dispuestos por YPF | CVI NOTICIAS","robots":{"index":"index","follow":"follow","max-snippet":"max-snippet:-1","max-image-preview":"max-image-preview:large","max-video-preview":"max-video-preview:-1"},"canonical":"https:\/\/cvinoticias.com\/v3\/aumenta-5-el-precio-del-bioetanol-y-4-del-biodiesel-en-linea-con-los-ajustes-dispuestos-por-ypf\/","og_locale":"es_ES","og_type":"article","og_title":"Aumenta 5% el precio del bioetanol y 4% del biodiesel, en l\u00ednea con los ajustes dispuestos por YPF | CVI NOTICIAS","og_description":"La Secretar\u00eda de Energ\u00eda aument\u00f3 5% el precio de adquisici\u00f3n del litro de bioetanol, tanto para elaborados a base de ca\u00f1a de az\u00facar como de ma\u00edz, y 4% el valor de la tonelada de biodiesel. en l\u00ednea con los incrementos que la compa\u00f1\u00eda YPF dispuso para sus combustibles. La medida se formaliz\u00f3 a trav\u00e9s de [&hellip;]","og_url":"https:\/\/cvinoticias.com\/v3\/aumenta-5-el-precio-del-bioetanol-y-4-del-biodiesel-en-linea-con-los-ajustes-dispuestos-por-ypf\/","og_site_name":"CVI NOTICIAS","article_publisher":"https:\/\/www.facebook.com\/cvinoticias","article_published_time":"2023-04-24T13:55:07+00:00","article_modified_time":"2023-04-24T13:55:08+00:00","og_image":[{"width":800,"height":445,"url":"https:\/\/cvinoticias.com\/wp-content\/uploads\/2023\/04\/64467a5f28c5b166859581.jpg","type":"image\/jpeg"}],"author":"f1000024","twitter_card":"summary_large_image","twitter_misc":{"Escrito por":"f1000024","Tiempo de lectura":"2 minutos"},"schema":{"@context":"https:\/\/schema.org","@graph":[{"@type":"Article","@id":"https:\/\/cvinoticias.com\/v3\/aumenta-5-el-precio-del-bioetanol-y-4-del-biodiesel-en-linea-con-los-ajustes-dispuestos-por-ypf\/#article","isPartOf":{"@id":"https:\/\/cvinoticias.com\/v3\/aumenta-5-el-precio-del-bioetanol-y-4-del-biodiesel-en-linea-con-los-ajustes-dispuestos-por-ypf\/"},"author":{"name":"f1000024","@id":"https:\/\/cvinoticias.com\/v3\/#\/schema\/person\/2db77e3c6bc03c538495d7b2b8be9b66"},"headline":"Aumenta 5% el precio del bioetanol y 4% del biodiesel, en l\u00ednea con los ajustes dispuestos por YPF","datePublished":"2023-04-24T13:55:07+00:00","dateModified":"2023-04-24T13:55:08+00:00","mainEntityOfPage":{"@id":"https:\/\/cvinoticias.com\/v3\/aumenta-5-el-precio-del-bioetanol-y-4-del-biodiesel-en-linea-con-los-ajustes-dispuestos-por-ypf\/"},"wordCount":335,"commentCount":0,"publisher":{"@id":"https:\/\/cvinoticias.com\/v3\/#organization"},"image":{"@id":"https:\/\/cvinoticias.com\/v3\/aumenta-5-el-precio-del-bioetanol-y-4-del-biodiesel-en-linea-con-los-ajustes-dispuestos-por-ypf\/#primaryimage"},"thumbnailUrl":"https:\/\/cvinoticias.com\/wp-content\/uploads\/2023\/04\/64467a5f28c5b166859581.jpg","articleSection":["Econom\u00eda"],"inLanguage":"es","potentialAction":[{"@type":"CommentAction","name":"Comment","target":["https:\/\/cvinoticias.com\/v3\/aumenta-5-el-precio-del-bioetanol-y-4-del-biodiesel-en-linea-con-los-ajustes-dispuestos-por-ypf\/#respond"]}]},{"@type":"WebPage","@id":"https:\/\/cvinoticias.com\/v3\/aumenta-5-el-precio-del-bioetanol-y-4-del-biodiesel-en-linea-con-los-ajustes-dispuestos-por-ypf\/","url":"https:\/\/cvinoticias.com\/v3\/aumenta-5-el-precio-del-bioetanol-y-4-del-biodiesel-en-linea-con-los-ajustes-dispuestos-por-ypf\/","name":"Aumenta 5% el precio del bioetanol y 4% del biodiesel, en l\u00ednea con los ajustes dispuestos por YPF | CVI NOTICIAS","isPartOf":{"@id":"https:\/\/cvinoticias.com\/v3\/#website"},"primaryImageOfPage":{"@id":"https:\/\/cvinoticias.com\/v3\/aumenta-5-el-precio-del-bioetanol-y-4-del-biodiesel-en-linea-con-los-ajustes-dispuestos-por-ypf\/#primaryimage"},"image":{"@id":"https:\/\/cvinoticias.com\/v3\/aumenta-5-el-precio-del-bioetanol-y-4-del-biodiesel-en-linea-con-los-ajustes-dispuestos-por-ypf\/#primaryimage"},"thumbnailUrl":"https:\/\/cvinoticias.com\/wp-content\/uploads\/2023\/04\/64467a5f28c5b166859581.jpg","datePublished":"2023-04-24T13:55:07+00:00","dateModified":"2023-04-24T13:55:08+00:00","breadcrumb":{"@id":"https:\/\/cvinoticias.com\/v3\/aumenta-5-el-precio-del-bioetanol-y-4-del-biodiesel-en-linea-con-los-ajustes-dispuestos-por-ypf\/#breadcrumb"},"inLanguage":"es","potentialAction":[{"@type":"ReadAction","target":["https:\/\/cvinoticias.com\/v3\/aumenta-5-el-precio-del-bioetanol-y-4-del-biodiesel-en-linea-con-los-ajustes-dispuestos-por-ypf\/"]}]},{"@type":"ImageObject","inLanguage":"es","@id":"https:\/\/cvinoticias.com\/v3\/aumenta-5-el-precio-del-bioetanol-y-4-del-biodiesel-en-linea-con-los-ajustes-dispuestos-por-ypf\/#primaryimage","url":"https:\/\/cvinoticias.com\/wp-content\/uploads\/2023\/04\/64467a5f28c5b166859581.jpg","contentUrl":"https:\/\/cvinoticias.com\/wp-content\/uploads\/2023\/04\/64467a5f28c5b166859581.jpg","width":800,"height":445},{"@type":"BreadcrumbList","@id":"https:\/\/cvinoticias.com\/v3\/aumenta-5-el-precio-del-bioetanol-y-4-del-biodiesel-en-linea-con-los-ajustes-dispuestos-por-ypf\/#breadcrumb","itemListElement":[{"@type":"ListItem","position":1,"name":"Portada","item":"https:\/\/cvinoticias.com\/v3\/"},{"@type":"ListItem","position":2,"name":"Aumenta 5% el precio del bioetanol y 4% del biodiesel, en l\u00ednea con los ajustes dispuestos por YPF"}]},{"@type":"WebSite","@id":"https:\/\/cvinoticias.com\/v3\/#website","url":"https:\/\/cvinoticias.com\/v3\/","name":"CVI NOTICIAS","description":"","publisher":{"@id":"https:\/\/cvinoticias.com\/v3\/#organization"},"alternateName":"CVI","potentialAction":[{"@type":"SearchAction","target":{"@type":"EntryPoint","urlTemplate":"https:\/\/cvinoticias.com\/v3\/?s={search_term_string}"},"query-input":{"@type":"PropertyValueSpecification","valueRequired":true,"valueName":"search_term_string"}}],"inLanguage":"es"},{"@type":"Organization","@id":"https:\/\/cvinoticias.com\/v3\/#organization","name":"CVI NOTICIAS","url":"https:\/\/cvinoticias.com\/v3\/","logo":{"@type":"ImageObject","inLanguage":"es","@id":"https:\/\/cvinoticias.com\/v3\/#\/schema\/logo\/image\/","url":"https:\/\/cvinoticias.com\/wp-content\/uploads\/2023\/04\/cropped-cropped-cropped-cropped-cropped-3-1.png","contentUrl":"https:\/\/cvinoticias.com\/wp-content\/uploads\/2023\/04\/cropped-cropped-cropped-cropped-cropped-3-1.png","width":95,"height":122,"caption":"CVI NOTICIAS"},"image":{"@id":"https:\/\/cvinoticias.com\/v3\/#\/schema\/logo\/image\/"},"sameAs":["https:\/\/www.facebook.com\/cvinoticias","https:\/\/www.instagram.com\/cvinoticias\/","https:\/\/www.youtube.com\/@CVINOTICIAS"]},{"@type":"Person","@id":"https:\/\/cvinoticias.com\/v3\/#\/schema\/person\/2db77e3c6bc03c538495d7b2b8be9b66","name":"f1000024","image":{"@type":"ImageObject","inLanguage":"es","@id":"https:\/\/secure.gravatar.com\/avatar\/d4fe7459cfc51ff5129ce1a732bbef5928568b8092d412ef95611616376bbeed?s=96&d=mm&r=g","url":"https:\/\/secure.gravatar.com\/avatar\/d4fe7459cfc51ff5129ce1a732bbef5928568b8092d412ef95611616376bbeed?s=96&d=mm&r=g","contentUrl":"https:\/\/secure.gravatar.com\/avatar\/d4fe7459cfc51ff5129ce1a732bbef5928568b8092d412ef95611616376bbeed?s=96&d=mm&r=g","caption":"f1000024"},"url":"https:\/\/cvinoticias.com\/v3\/author\/f1000024\/"}]}},"_links":{"self":[{"href":"https:\/\/cvinoticias.com\/v3\/wp-json\/wp\/v2\/posts\/24349","targetHints":{"allow":["GET"]}}],"collection":[{"href":"https:\/\/cvinoticias.com\/v3\/wp-json\/wp\/v2\/posts"}],"about":[{"href":"https:\/\/cvinoticias.com\/v3\/wp-json\/wp\/v2\/types\/post"}],"author":[{"embeddable":true,"href":"https:\/\/cvinoticias.com\/v3\/wp-json\/wp\/v2\/users\/2"}],"replies":[{"embeddable":true,"href":"https:\/\/cvinoticias.com\/v3\/wp-json\/wp\/v2\/comments?post=24349"}],"version-history":[{"count":1,"href":"https:\/\/cvinoticias.com\/v3\/wp-json\/wp\/v2\/posts\/24349\/revisions"}],"predecessor-version":[{"id":24351,"href":"https:\/\/cvinoticias.com\/v3\/wp-json\/wp\/v2\/posts\/24349\/revisions\/24351"}],"wp:featuredmedia":[{"embeddable":true,"href":"https:\/\/cvinoticias.com\/v3\/wp-json\/wp\/v2\/media\/24350"}],"wp:attachment":[{"href":"https:\/\/cvinoticias.com\/v3\/wp-json\/wp\/v2\/media?parent=24349"}],"wp:term":[{"taxonomy":"category","embeddable":true,"href":"https:\/\/cvinoticias.com\/v3\/wp-json\/wp\/v2\/categories?post=24349"},{"taxonomy":"post_tag","embeddable":true,"href":"https:\/\/cvinoticias.com\/v3\/wp-json\/wp\/v2\/tags?post=24349"}],"curies":[{"name":"wp","href":"https:\/\/api.w.org\/{rel}","templated":true}]}}