{"id":24341,"date":"2023-04-24T12:56:26","date_gmt":"2023-04-24T12:56:26","guid":{"rendered":"https:\/\/cvinoticias.com\/v3\/?p=24341"},"modified":"2023-04-24T12:56:26","modified_gmt":"2023-04-24T12:56:26","slug":"desarrollo-social-participo-del-consejo-federal-del-ministerio-de-jovenes-generos-y-diversidad","status":"publish","type":"post","link":"https:\/\/cvinoticias.com\/v3\/desarrollo-social-participo-del-consejo-federal-del-ministerio-de-jovenes-generos-y-diversidad\/","title":{"rendered":"Desarrollo Social particip\u00f3 del Consejo Federal del Ministerio de J\u00f3venes, G\u00e9neros y Diversidad"},"content":{"rendered":"\n<p><strong><em>Con el objetivo de debatir y articular estrategias para abordar la violencia pol\u00edtica en todas sus modalidades, se desarroll\u00f3 la primera Sesi\u00f3n Ordinaria 2023 del Consejo Federal convocado por el Ministerio de las Mujeres, G\u00e9neros y Diversidad de la Naci\u00f3n en Tierra del Fuego, donde estuvieron presente autoridades de 19 provincias del pa\u00eds. El Ministerio de Desarrollo Social, la Mujer y la Juventud, a trav\u00e9s de la Subsecretar\u00eda de la Mujer y la Familia, estuvo presente en el encuentro, donde acerc\u00f3 miramientos, perspectivas y realidades que viven las mujeres, minor\u00edas y disidencias de Misiones.<\/em><\/strong><\/p>\n\n\n\n<p>\u201cEl contexto de pandemia y post pandemia mundial nos ha ense\u00f1ado muchas cosas en relaci\u00f3n al valor y el cuidado de la salud y la vida, tanto la propia como la de los dem\u00e1s, pero a estos fem\u00e9monos los acompa\u00f1a los procesos de profundizaci\u00f3n de la individuaci\u00f3n y fragmentaci\u00f3n que ven\u00edan en franco crecimiento como producto de un sistema neoliberal en casi todo el mundo\u201d, indic\u00f3 en su intervenci\u00f3n la subsecretaria de la Mujer y la Familia, Celia Kozachik.<\/p>\n\n\n\n<figure class=\"wp-block-image size-large\"><a href=\"https:\/\/cvinoticias.com\/wp-content\/uploads\/2023\/04\/IMG-20230424-WA0026.jpg\"><img decoding=\"async\" width=\"1024\" height=\"684\" data-src=\"https:\/\/cvinoticias.com\/wp-content\/uploads\/2023\/04\/IMG-20230424-WA0026-1024x684.jpg\" alt=\"\" class=\"wp-image-24343 lazyload\" data-srcset=\"https:\/\/cvinoticias.com\/wp-content\/uploads\/2023\/04\/IMG-20230424-WA0026-1024x684.jpg 1024w, https:\/\/cvinoticias.com\/wp-content\/uploads\/2023\/04\/IMG-20230424-WA0026-300x200.jpg 300w, https:\/\/cvinoticias.com\/wp-content\/uploads\/2023\/04\/IMG-20230424-WA0026-768x513.jpg 768w, https:\/\/cvinoticias.com\/wp-content\/uploads\/2023\/04\/IMG-20230424-WA0026.jpg 1280w\" data-sizes=\"(max-width: 1024px) 100vw, 1024px\" src=\"data:image\/svg+xml;base64,PHN2ZyB3aWR0aD0iMSIgaGVpZ2h0PSIxIiB4bWxucz0iaHR0cDovL3d3dy53My5vcmcvMjAwMC9zdmciPjwvc3ZnPg==\" style=\"--smush-placeholder-width: 1024px; --smush-placeholder-aspect-ratio: 1024\/684;\" \/><\/a><\/figure>\n\n\n\n<p>\u201cAsumiendo y sosteniendo la consigna de que \u201clo personal es pol\u00edtico\u201d desde la Subsecretar\u00eda de Mujeres y Familia estamos impulsando la campa\u00f1a; \u201cViolencia digital es VIOLENCIA\u201d para visibilizar y de naturalizar sus diferentes expresiones en medios digitales a partir de la necesidad de identificaci\u00f3n y regulaci\u00f3n estatal\u201d, agreg\u00f3 Kozachik, en su alocuci\u00f3n.<\/p>\n\n\n\n<p>Con el fin de garantizar la participaci\u00f3n pol\u00edtica de mujeres y LFGTBI+, el encuentro fue presidido por la ministra nacional Ayel\u00e9n Mazzina y se centr\u00f3 en bregar por la igualdad de oportunidades, para consolidar la democracia con mayor participaci\u00f3n, m\u00e1s igualdad de derechos y mejor federalismo. En este marco, las autoridades del Consejo Federal adoptaron una posici\u00f3n conjunta a trav\u00e9s de un documento al que adhirieron las provincias. En la declaraci\u00f3n firmada en el marco del Consejo Federal, convocaron adem\u00e1s a defender y consolidar las pol\u00edticas y \u00e1reas de g\u00e9neros y diversidad de todo el pa\u00eds.<\/p>\n\n\n\n<p>Finalmente, sostienen las representantes que a 40 a\u00f1os de democracia initerrumpida, ejercitamos la memoria y con la firme certeza de qu\u00e9 Nunca M\u00e1s debemos volver a transitar el terror como pol\u00edtica de Estado, recordamos que el debate de ideas debe darse en el marco del respeto de las instituciones y los derechos fundamentales de todas las personas con el objeto de contribuir, desde todos los sectores, a construir una sociedad justa e igualitaria\u201d.<\/p>\n\n\n\n<figure class=\"wp-block-image size-large\"><a href=\"https:\/\/cvinoticias.com\/wp-content\/uploads\/2023\/04\/IMG-20230424-WA0027.jpg\"><img decoding=\"async\" width=\"1024\" height=\"684\" data-src=\"https:\/\/cvinoticias.com\/wp-content\/uploads\/2023\/04\/IMG-20230424-WA0027-1024x684.jpg\" alt=\"\" class=\"wp-image-24344 lazyload\" data-srcset=\"https:\/\/cvinoticias.com\/wp-content\/uploads\/2023\/04\/IMG-20230424-WA0027-1024x684.jpg 1024w, https:\/\/cvinoticias.com\/wp-content\/uploads\/2023\/04\/IMG-20230424-WA0027-300x200.jpg 300w, https:\/\/cvinoticias.com\/wp-content\/uploads\/2023\/04\/IMG-20230424-WA0027-768x513.jpg 768w, https:\/\/cvinoticias.com\/wp-content\/uploads\/2023\/04\/IMG-20230424-WA0027.jpg 1280w\" data-sizes=\"(max-width: 1024px) 100vw, 1024px\" src=\"data:image\/svg+xml;base64,PHN2ZyB3aWR0aD0iMSIgaGVpZ2h0PSIxIiB4bWxucz0iaHR0cDovL3d3dy53My5vcmcvMjAwMC9zdmciPjwvc3ZnPg==\" style=\"--smush-placeholder-width: 1024px; --smush-placeholder-aspect-ratio: 1024\/684;\" \/><\/a><\/figure>\n","protected":false},"excerpt":{"rendered":"<p>Con el objetivo de debatir y articular estrategias para abordar la violencia pol\u00edtica en todas sus modalidades, se desarroll\u00f3 la primera Sesi\u00f3n Ordinaria 2023 del Consejo Federal convocado por el Ministerio de las Mujeres, G\u00e9neros y Diversidad de la Naci\u00f3n en Tierra del Fuego, donde estuvieron presente autoridades de 19 provincias del pa\u00eds. El Ministerio [&hellip;]<\/p>\n","protected":false},"author":2,"featured_media":24342,"comment_status":"open","ping_status":"open","sticky":false,"template":"","format":"standard","meta":{"footnotes":""},"categories":[43],"tags":[],"class_list":["post-24341","post","type-post","status-publish","format-standard","has-post-thumbnail","hentry","category-provinciales"],"yoast_head":"<!-- This site is optimized with the Yoast SEO plugin v27.4 - https:\/\/yoast.com\/product\/yoast-seo-wordpress\/ -->\n<title>Desarrollo Social particip\u00f3 del Consejo Federal del Ministerio de J\u00f3venes, G\u00e9neros y Diversidad | CVI NOTICIAS<\/title>\n<meta name=\"robots\" content=\"index, follow, max-snippet:-1, max-image-preview:large, max-video-preview:-1\" \/>\n<link rel=\"canonical\" href=\"https:\/\/cvinoticias.com\/v3\/desarrollo-social-participo-del-consejo-federal-del-ministerio-de-jovenes-generos-y-diversidad\/\" \/>\n<meta property=\"og:locale\" content=\"es_ES\" \/>\n<meta property=\"og:type\" content=\"article\" \/>\n<meta property=\"og:title\" content=\"Desarrollo Social particip\u00f3 del Consejo Federal del Ministerio de J\u00f3venes, G\u00e9neros y Diversidad | CVI NOTICIAS\" \/>\n<meta property=\"og:description\" content=\"Con el objetivo de debatir y articular estrategias para abordar la violencia pol\u00edtica en todas sus modalidades, se desarroll\u00f3 la primera Sesi\u00f3n Ordinaria 2023 del Consejo Federal convocado por el Ministerio de las Mujeres, G\u00e9neros y Diversidad de la Naci\u00f3n en Tierra del Fuego, donde estuvieron presente autoridades de 19 provincias del pa\u00eds. El Ministerio [&hellip;]\" \/>\n<meta property=\"og:url\" content=\"https:\/\/cvinoticias.com\/v3\/desarrollo-social-participo-del-consejo-federal-del-ministerio-de-jovenes-generos-y-diversidad\/\" \/>\n<meta property=\"og:site_name\" content=\"CVI NOTICIAS\" \/>\n<meta property=\"article:publisher\" content=\"https:\/\/www.facebook.com\/cvinoticias\" \/>\n<meta property=\"article:published_time\" content=\"2023-04-24T12:56:26+00:00\" \/>\n<meta property=\"og:image\" content=\"https:\/\/cvinoticias.com\/wp-content\/uploads\/2023\/04\/IMG-20230424-WA0024.jpg\" \/>\n\t<meta property=\"og:image:width\" content=\"1280\" \/>\n\t<meta property=\"og:image:height\" content=\"855\" \/>\n\t<meta property=\"og:image:type\" content=\"image\/jpeg\" \/>\n<meta name=\"author\" content=\"f1000024\" \/>\n<meta name=\"twitter:card\" content=\"summary_large_image\" \/>\n<meta name=\"twitter:label1\" content=\"Escrito por\" \/>\n\t<meta name=\"twitter:data1\" content=\"f1000024\" \/>\n\t<meta name=\"twitter:label2\" content=\"Tiempo de lectura\" \/>\n\t<meta name=\"twitter:data2\" content=\"2 minutos\" \/>\n<script type=\"application\/ld+json\" class=\"yoast-schema-graph\">{\"@context\":\"https:\\\/\\\/schema.org\",\"@graph\":[{\"@type\":\"Article\",\"@id\":\"https:\\\/\\\/cvinoticias.com\\\/v3\\\/desarrollo-social-participo-del-consejo-federal-del-ministerio-de-jovenes-generos-y-diversidad\\\/#article\",\"isPartOf\":{\"@id\":\"https:\\\/\\\/cvinoticias.com\\\/v3\\\/desarrollo-social-participo-del-consejo-federal-del-ministerio-de-jovenes-generos-y-diversidad\\\/\"},\"author\":{\"name\":\"f1000024\",\"@id\":\"https:\\\/\\\/cvinoticias.com\\\/v3\\\/#\\\/schema\\\/person\\\/2db77e3c6bc03c538495d7b2b8be9b66\"},\"headline\":\"Desarrollo Social particip\u00f3 del Consejo Federal del Ministerio de J\u00f3venes, G\u00e9neros y Diversidad\",\"datePublished\":\"2023-04-24T12:56:26+00:00\",\"mainEntityOfPage\":{\"@id\":\"https:\\\/\\\/cvinoticias.com\\\/v3\\\/desarrollo-social-participo-del-consejo-federal-del-ministerio-de-jovenes-generos-y-diversidad\\\/\"},\"wordCount\":445,\"commentCount\":0,\"publisher\":{\"@id\":\"https:\\\/\\\/cvinoticias.com\\\/v3\\\/#organization\"},\"image\":{\"@id\":\"https:\\\/\\\/cvinoticias.com\\\/v3\\\/desarrollo-social-participo-del-consejo-federal-del-ministerio-de-jovenes-generos-y-diversidad\\\/#primaryimage\"},\"thumbnailUrl\":\"https:\\\/\\\/cvinoticias.com\\\/wp-content\\\/uploads\\\/2023\\\/04\\\/IMG-20230424-WA0024.jpg\",\"articleSection\":[\"Provinciales\"],\"inLanguage\":\"es\",\"potentialAction\":[{\"@type\":\"CommentAction\",\"name\":\"Comment\",\"target\":[\"https:\\\/\\\/cvinoticias.com\\\/v3\\\/desarrollo-social-participo-del-consejo-federal-del-ministerio-de-jovenes-generos-y-diversidad\\\/#respond\"]}]},{\"@type\":\"WebPage\",\"@id\":\"https:\\\/\\\/cvinoticias.com\\\/v3\\\/desarrollo-social-participo-del-consejo-federal-del-ministerio-de-jovenes-generos-y-diversidad\\\/\",\"url\":\"https:\\\/\\\/cvinoticias.com\\\/v3\\\/desarrollo-social-participo-del-consejo-federal-del-ministerio-de-jovenes-generos-y-diversidad\\\/\",\"name\":\"Desarrollo Social particip\u00f3 del Consejo Federal del Ministerio de J\u00f3venes, G\u00e9neros y Diversidad | CVI NOTICIAS\",\"isPartOf\":{\"@id\":\"https:\\\/\\\/cvinoticias.com\\\/v3\\\/#website\"},\"primaryImageOfPage\":{\"@id\":\"https:\\\/\\\/cvinoticias.com\\\/v3\\\/desarrollo-social-participo-del-consejo-federal-del-ministerio-de-jovenes-generos-y-diversidad\\\/#primaryimage\"},\"image\":{\"@id\":\"https:\\\/\\\/cvinoticias.com\\\/v3\\\/desarrollo-social-participo-del-consejo-federal-del-ministerio-de-jovenes-generos-y-diversidad\\\/#primaryimage\"},\"thumbnailUrl\":\"https:\\\/\\\/cvinoticias.com\\\/wp-content\\\/uploads\\\/2023\\\/04\\\/IMG-20230424-WA0024.jpg\",\"datePublished\":\"2023-04-24T12:56:26+00:00\",\"breadcrumb\":{\"@id\":\"https:\\\/\\\/cvinoticias.com\\\/v3\\\/desarrollo-social-participo-del-consejo-federal-del-ministerio-de-jovenes-generos-y-diversidad\\\/#breadcrumb\"},\"inLanguage\":\"es\",\"potentialAction\":[{\"@type\":\"ReadAction\",\"target\":[\"https:\\\/\\\/cvinoticias.com\\\/v3\\\/desarrollo-social-participo-del-consejo-federal-del-ministerio-de-jovenes-generos-y-diversidad\\\/\"]}]},{\"@type\":\"ImageObject\",\"inLanguage\":\"es\",\"@id\":\"https:\\\/\\\/cvinoticias.com\\\/v3\\\/desarrollo-social-participo-del-consejo-federal-del-ministerio-de-jovenes-generos-y-diversidad\\\/#primaryimage\",\"url\":\"https:\\\/\\\/cvinoticias.com\\\/wp-content\\\/uploads\\\/2023\\\/04\\\/IMG-20230424-WA0024.jpg\",\"contentUrl\":\"https:\\\/\\\/cvinoticias.com\\\/wp-content\\\/uploads\\\/2023\\\/04\\\/IMG-20230424-WA0024.jpg\",\"width\":1280,\"height\":855},{\"@type\":\"BreadcrumbList\",\"@id\":\"https:\\\/\\\/cvinoticias.com\\\/v3\\\/desarrollo-social-participo-del-consejo-federal-del-ministerio-de-jovenes-generos-y-diversidad\\\/#breadcrumb\",\"itemListElement\":[{\"@type\":\"ListItem\",\"position\":1,\"name\":\"Portada\",\"item\":\"https:\\\/\\\/cvinoticias.com\\\/v3\\\/\"},{\"@type\":\"ListItem\",\"position\":2,\"name\":\"Desarrollo Social particip\u00f3 del Consejo Federal del Ministerio de J\u00f3venes, G\u00e9neros y Diversidad\"}]},{\"@type\":\"WebSite\",\"@id\":\"https:\\\/\\\/cvinoticias.com\\\/v3\\\/#website\",\"url\":\"https:\\\/\\\/cvinoticias.com\\\/v3\\\/\",\"name\":\"CVI NOTICIAS\",\"description\":\"\",\"publisher\":{\"@id\":\"https:\\\/\\\/cvinoticias.com\\\/v3\\\/#organization\"},\"alternateName\":\"CVI\",\"potentialAction\":[{\"@type\":\"SearchAction\",\"target\":{\"@type\":\"EntryPoint\",\"urlTemplate\":\"https:\\\/\\\/cvinoticias.com\\\/v3\\\/?s={search_term_string}\"},\"query-input\":{\"@type\":\"PropertyValueSpecification\",\"valueRequired\":true,\"valueName\":\"search_term_string\"}}],\"inLanguage\":\"es\"},{\"@type\":\"Organization\",\"@id\":\"https:\\\/\\\/cvinoticias.com\\\/v3\\\/#organization\",\"name\":\"CVI NOTICIAS\",\"url\":\"https:\\\/\\\/cvinoticias.com\\\/v3\\\/\",\"logo\":{\"@type\":\"ImageObject\",\"inLanguage\":\"es\",\"@id\":\"https:\\\/\\\/cvinoticias.com\\\/v3\\\/#\\\/schema\\\/logo\\\/image\\\/\",\"url\":\"https:\\\/\\\/cvinoticias.com\\\/wp-content\\\/uploads\\\/2023\\\/04\\\/cropped-cropped-cropped-cropped-cropped-3-1.png\",\"contentUrl\":\"https:\\\/\\\/cvinoticias.com\\\/wp-content\\\/uploads\\\/2023\\\/04\\\/cropped-cropped-cropped-cropped-cropped-3-1.png\",\"width\":95,\"height\":122,\"caption\":\"CVI NOTICIAS\"},\"image\":{\"@id\":\"https:\\\/\\\/cvinoticias.com\\\/v3\\\/#\\\/schema\\\/logo\\\/image\\\/\"},\"sameAs\":[\"https:\\\/\\\/www.facebook.com\\\/cvinoticias\",\"https:\\\/\\\/www.instagram.com\\\/cvinoticias\\\/\",\"https:\\\/\\\/www.youtube.com\\\/@CVINOTICIAS\"]},{\"@type\":\"Person\",\"@id\":\"https:\\\/\\\/cvinoticias.com\\\/v3\\\/#\\\/schema\\\/person\\\/2db77e3c6bc03c538495d7b2b8be9b66\",\"name\":\"f1000024\",\"image\":{\"@type\":\"ImageObject\",\"inLanguage\":\"es\",\"@id\":\"https:\\\/\\\/secure.gravatar.com\\\/avatar\\\/d4fe7459cfc51ff5129ce1a732bbef5928568b8092d412ef95611616376bbeed?s=96&d=mm&r=g\",\"url\":\"https:\\\/\\\/secure.gravatar.com\\\/avatar\\\/d4fe7459cfc51ff5129ce1a732bbef5928568b8092d412ef95611616376bbeed?s=96&d=mm&r=g\",\"contentUrl\":\"https:\\\/\\\/secure.gravatar.com\\\/avatar\\\/d4fe7459cfc51ff5129ce1a732bbef5928568b8092d412ef95611616376bbeed?s=96&d=mm&r=g\",\"caption\":\"f1000024\"},\"url\":\"https:\\\/\\\/cvinoticias.com\\\/v3\\\/author\\\/f1000024\\\/\"}]}<\/script>\n<!-- \/ Yoast SEO plugin. -->","yoast_head_json":{"title":"Desarrollo Social particip\u00f3 del Consejo Federal del Ministerio de J\u00f3venes, G\u00e9neros y Diversidad | CVI NOTICIAS","robots":{"index":"index","follow":"follow","max-snippet":"max-snippet:-1","max-image-preview":"max-image-preview:large","max-video-preview":"max-video-preview:-1"},"canonical":"https:\/\/cvinoticias.com\/v3\/desarrollo-social-participo-del-consejo-federal-del-ministerio-de-jovenes-generos-y-diversidad\/","og_locale":"es_ES","og_type":"article","og_title":"Desarrollo Social particip\u00f3 del Consejo Federal del Ministerio de J\u00f3venes, G\u00e9neros y Diversidad | CVI NOTICIAS","og_description":"Con el objetivo de debatir y articular estrategias para abordar la violencia pol\u00edtica en todas sus modalidades, se desarroll\u00f3 la primera Sesi\u00f3n Ordinaria 2023 del Consejo Federal convocado por el Ministerio de las Mujeres, G\u00e9neros y Diversidad de la Naci\u00f3n en Tierra del Fuego, donde estuvieron presente autoridades de 19 provincias del pa\u00eds. El Ministerio [&hellip;]","og_url":"https:\/\/cvinoticias.com\/v3\/desarrollo-social-participo-del-consejo-federal-del-ministerio-de-jovenes-generos-y-diversidad\/","og_site_name":"CVI NOTICIAS","article_publisher":"https:\/\/www.facebook.com\/cvinoticias","article_published_time":"2023-04-24T12:56:26+00:00","og_image":[{"width":1280,"height":855,"url":"https:\/\/cvinoticias.com\/wp-content\/uploads\/2023\/04\/IMG-20230424-WA0024.jpg","type":"image\/jpeg"}],"author":"f1000024","twitter_card":"summary_large_image","twitter_misc":{"Escrito por":"f1000024","Tiempo de lectura":"2 minutos"},"schema":{"@context":"https:\/\/schema.org","@graph":[{"@type":"Article","@id":"https:\/\/cvinoticias.com\/v3\/desarrollo-social-participo-del-consejo-federal-del-ministerio-de-jovenes-generos-y-diversidad\/#article","isPartOf":{"@id":"https:\/\/cvinoticias.com\/v3\/desarrollo-social-participo-del-consejo-federal-del-ministerio-de-jovenes-generos-y-diversidad\/"},"author":{"name":"f1000024","@id":"https:\/\/cvinoticias.com\/v3\/#\/schema\/person\/2db77e3c6bc03c538495d7b2b8be9b66"},"headline":"Desarrollo Social particip\u00f3 del Consejo Federal del Ministerio de J\u00f3venes, G\u00e9neros y Diversidad","datePublished":"2023-04-24T12:56:26+00:00","mainEntityOfPage":{"@id":"https:\/\/cvinoticias.com\/v3\/desarrollo-social-participo-del-consejo-federal-del-ministerio-de-jovenes-generos-y-diversidad\/"},"wordCount":445,"commentCount":0,"publisher":{"@id":"https:\/\/cvinoticias.com\/v3\/#organization"},"image":{"@id":"https:\/\/cvinoticias.com\/v3\/desarrollo-social-participo-del-consejo-federal-del-ministerio-de-jovenes-generos-y-diversidad\/#primaryimage"},"thumbnailUrl":"https:\/\/cvinoticias.com\/wp-content\/uploads\/2023\/04\/IMG-20230424-WA0024.jpg","articleSection":["Provinciales"],"inLanguage":"es","potentialAction":[{"@type":"CommentAction","name":"Comment","target":["https:\/\/cvinoticias.com\/v3\/desarrollo-social-participo-del-consejo-federal-del-ministerio-de-jovenes-generos-y-diversidad\/#respond"]}]},{"@type":"WebPage","@id":"https:\/\/cvinoticias.com\/v3\/desarrollo-social-participo-del-consejo-federal-del-ministerio-de-jovenes-generos-y-diversidad\/","url":"https:\/\/cvinoticias.com\/v3\/desarrollo-social-participo-del-consejo-federal-del-ministerio-de-jovenes-generos-y-diversidad\/","name":"Desarrollo Social particip\u00f3 del Consejo Federal del Ministerio de J\u00f3venes, G\u00e9neros y Diversidad | CVI NOTICIAS","isPartOf":{"@id":"https:\/\/cvinoticias.com\/v3\/#website"},"primaryImageOfPage":{"@id":"https:\/\/cvinoticias.com\/v3\/desarrollo-social-participo-del-consejo-federal-del-ministerio-de-jovenes-generos-y-diversidad\/#primaryimage"},"image":{"@id":"https:\/\/cvinoticias.com\/v3\/desarrollo-social-participo-del-consejo-federal-del-ministerio-de-jovenes-generos-y-diversidad\/#primaryimage"},"thumbnailUrl":"https:\/\/cvinoticias.com\/wp-content\/uploads\/2023\/04\/IMG-20230424-WA0024.jpg","datePublished":"2023-04-24T12:56:26+00:00","breadcrumb":{"@id":"https:\/\/cvinoticias.com\/v3\/desarrollo-social-participo-del-consejo-federal-del-ministerio-de-jovenes-generos-y-diversidad\/#breadcrumb"},"inLanguage":"es","potentialAction":[{"@type":"ReadAction","target":["https:\/\/cvinoticias.com\/v3\/desarrollo-social-participo-del-consejo-federal-del-ministerio-de-jovenes-generos-y-diversidad\/"]}]},{"@type":"ImageObject","inLanguage":"es","@id":"https:\/\/cvinoticias.com\/v3\/desarrollo-social-participo-del-consejo-federal-del-ministerio-de-jovenes-generos-y-diversidad\/#primaryimage","url":"https:\/\/cvinoticias.com\/wp-content\/uploads\/2023\/04\/IMG-20230424-WA0024.jpg","contentUrl":"https:\/\/cvinoticias.com\/wp-content\/uploads\/2023\/04\/IMG-20230424-WA0024.jpg","width":1280,"height":855},{"@type":"BreadcrumbList","@id":"https:\/\/cvinoticias.com\/v3\/desarrollo-social-participo-del-consejo-federal-del-ministerio-de-jovenes-generos-y-diversidad\/#breadcrumb","itemListElement":[{"@type":"ListItem","position":1,"name":"Portada","item":"https:\/\/cvinoticias.com\/v3\/"},{"@type":"ListItem","position":2,"name":"Desarrollo Social particip\u00f3 del Consejo Federal del Ministerio de J\u00f3venes, G\u00e9neros y Diversidad"}]},{"@type":"WebSite","@id":"https:\/\/cvinoticias.com\/v3\/#website","url":"https:\/\/cvinoticias.com\/v3\/","name":"CVI NOTICIAS","description":"","publisher":{"@id":"https:\/\/cvinoticias.com\/v3\/#organization"},"alternateName":"CVI","potentialAction":[{"@type":"SearchAction","target":{"@type":"EntryPoint","urlTemplate":"https:\/\/cvinoticias.com\/v3\/?s={search_term_string}"},"query-input":{"@type":"PropertyValueSpecification","valueRequired":true,"valueName":"search_term_string"}}],"inLanguage":"es"},{"@type":"Organization","@id":"https:\/\/cvinoticias.com\/v3\/#organization","name":"CVI NOTICIAS","url":"https:\/\/cvinoticias.com\/v3\/","logo":{"@type":"ImageObject","inLanguage":"es","@id":"https:\/\/cvinoticias.com\/v3\/#\/schema\/logo\/image\/","url":"https:\/\/cvinoticias.com\/wp-content\/uploads\/2023\/04\/cropped-cropped-cropped-cropped-cropped-3-1.png","contentUrl":"https:\/\/cvinoticias.com\/wp-content\/uploads\/2023\/04\/cropped-cropped-cropped-cropped-cropped-3-1.png","width":95,"height":122,"caption":"CVI NOTICIAS"},"image":{"@id":"https:\/\/cvinoticias.com\/v3\/#\/schema\/logo\/image\/"},"sameAs":["https:\/\/www.facebook.com\/cvinoticias","https:\/\/www.instagram.com\/cvinoticias\/","https:\/\/www.youtube.com\/@CVINOTICIAS"]},{"@type":"Person","@id":"https:\/\/cvinoticias.com\/v3\/#\/schema\/person\/2db77e3c6bc03c538495d7b2b8be9b66","name":"f1000024","image":{"@type":"ImageObject","inLanguage":"es","@id":"https:\/\/secure.gravatar.com\/avatar\/d4fe7459cfc51ff5129ce1a732bbef5928568b8092d412ef95611616376bbeed?s=96&d=mm&r=g","url":"https:\/\/secure.gravatar.com\/avatar\/d4fe7459cfc51ff5129ce1a732bbef5928568b8092d412ef95611616376bbeed?s=96&d=mm&r=g","contentUrl":"https:\/\/secure.gravatar.com\/avatar\/d4fe7459cfc51ff5129ce1a732bbef5928568b8092d412ef95611616376bbeed?s=96&d=mm&r=g","caption":"f1000024"},"url":"https:\/\/cvinoticias.com\/v3\/author\/f1000024\/"}]}},"_links":{"self":[{"href":"https:\/\/cvinoticias.com\/v3\/wp-json\/wp\/v2\/posts\/24341","targetHints":{"allow":["GET"]}}],"collection":[{"href":"https:\/\/cvinoticias.com\/v3\/wp-json\/wp\/v2\/posts"}],"about":[{"href":"https:\/\/cvinoticias.com\/v3\/wp-json\/wp\/v2\/types\/post"}],"author":[{"embeddable":true,"href":"https:\/\/cvinoticias.com\/v3\/wp-json\/wp\/v2\/users\/2"}],"replies":[{"embeddable":true,"href":"https:\/\/cvinoticias.com\/v3\/wp-json\/wp\/v2\/comments?post=24341"}],"version-history":[{"count":1,"href":"https:\/\/cvinoticias.com\/v3\/wp-json\/wp\/v2\/posts\/24341\/revisions"}],"predecessor-version":[{"id":24345,"href":"https:\/\/cvinoticias.com\/v3\/wp-json\/wp\/v2\/posts\/24341\/revisions\/24345"}],"wp:featuredmedia":[{"embeddable":true,"href":"https:\/\/cvinoticias.com\/v3\/wp-json\/wp\/v2\/media\/24342"}],"wp:attachment":[{"href":"https:\/\/cvinoticias.com\/v3\/wp-json\/wp\/v2\/media?parent=24341"}],"wp:term":[{"taxonomy":"category","embeddable":true,"href":"https:\/\/cvinoticias.com\/v3\/wp-json\/wp\/v2\/categories?post=24341"},{"taxonomy":"post_tag","embeddable":true,"href":"https:\/\/cvinoticias.com\/v3\/wp-json\/wp\/v2\/tags?post=24341"}],"curies":[{"name":"wp","href":"https:\/\/api.w.org\/{rel}","templated":true}]}}