{"id":2434,"date":"2021-02-05T11:46:15","date_gmt":"2021-02-05T11:46:15","guid":{"rendered":"https:\/\/cvinoticias.com\/v3\/?p=2434"},"modified":"2021-02-05T11:46:15","modified_gmt":"2021-02-05T11:46:15","slug":"la-ley-de-teletrabajo-comenzara-a-regir-desde-el-1-de-abril-en-todo-el-pais","status":"publish","type":"post","link":"https:\/\/cvinoticias.com\/v3\/la-ley-de-teletrabajo-comenzara-a-regir-desde-el-1-de-abril-en-todo-el-pais\/","title":{"rendered":"La ley de teletrabajo comenzar\u00e1 a regir desde el 1 de abril en todo el pa\u00eds"},"content":{"rendered":"\n<p><strong><em>La ley de teletrabajo, que regula la modalidad de empleo virtual en nuestro pa\u00eds, comenzar\u00e1 a regir desde el pr\u00f3ximo 1 de abril, seg\u00fan lo estableci\u00f3 el Gobierno nacional.<\/em><\/strong><\/p>\n\n\n\n<p>As\u00ed lo indica la resoluci\u00f3n 54\/2021 que lleva la firma del ministro de Trabajo y fue publicada este este viernes en el Bolet\u00edn Oficial.<\/p>\n\n\n\n<p>En el texto se precisa que se toma como referencia el d\u00eda 21 de diciembre de 2020 para computar los tres meses de plazo que estableci\u00f3 el Congreso para la entrada en vigencia de la ley.<\/p>\n\n\n\n<p>Y, agrega: \u201cA fin de dar certeza frente a un r\u00e9gimen laboral que se proyecta sobre obligaciones mensuales, corresponde establecer que el R\u00e9gimen Legal del Contrato de Teletrabajo entrar\u00e1 en vigencia el 1\u00b0 de abril del 2021\u2033.<\/p>\n\n\n\n<ul class=\"wp-block-list\"><li><strong>Quedan afuera<\/strong><\/li><\/ul>\n\n\n\n<p>El primer art\u00edculo de la ley establece que \u201clas disposiciones de la Ley N\u00ba 27.555 no ser\u00e1n aplicables cuando la prestaci\u00f3n laboral se lleve a cabo en los establecimientos, dependencias o sucursales de las y los clientes a quienes el empleador o la empleadora preste servicios de manera continuada o regular\u201d.<\/p>\n\n\n\n<p>Tampoco \u201cen los casos en los cuales la labor se realice en forma espor\u00e1dica y ocasional en el domicilio de la persona que trabaja, ya sea a pedido de esta o por alguna circunstancia excepcional\u201d.<\/p>\n\n\n\n<ul class=\"wp-block-list\"><li><strong>Aspectos clave<\/strong><\/li><\/ul>\n\n\n\n<p><strong>Modalidad, no actividad:<\/strong>&nbsp;el teletrabajo no es un estatuto independiente de trabajadores. El teletrabajador no es un trabajador distinto del resto de los trabajadores. El teletrabajo es un modo de prestaci\u00f3n del contrato de trabajo. Es una forma contractual y no un tipo ni una categor\u00eda de trabajador.<\/p>\n\n\n\n<p><strong>Principio de igualdad:<\/strong>&nbsp;el teletrabajador tiene los mismos derechos que el resto de los trabajadores de la empresa que trabajen de forma presencial.<\/p>\n\n\n\n<p><strong>Modalidad voluntaria:<\/strong>&nbsp;el teletrabajo no puede ser impuesto, requiere el asentimiento del trabajador.<\/p>\n\n\n\n<p><strong>Reversibilidad:<\/strong>&nbsp;como consecuencia de que es voluntario, aparece el principio de reversibilidad. La ley otorga al empleado la posibilidad de solicitar al empleador volver a desarrollar tareas en la empresa sin posibilidad de que el empleador rechace el pedido.<\/p>\n\n\n\n<p><strong>Principio de indemnidad:<\/strong>\u00a0prestar las tareas desde la casa no puede generar una p\u00e9rdida patrimonial o de alg\u00fan tipo al trabajador. La empresa debe proveer los recursos necesarios o resarcir de alg\u00fan modo aquellos gastos que deba cubrir el trabajador con sus instrumentos o conexiones desde el hogar.<\/p>\n\n\n\n<p><strong>Protecci\u00f3n de datos personales:<\/strong>\u00a0se deben generar mecanismos de protecci\u00f3n de la intimidad del trabajador.<\/p>\n\n\n\n<p><strong>Derecho a desconectarse digitalmente:<\/strong>&nbsp;es el derecho a los tiempos de descanso.<\/p>\n\n\n\n<p><strong>Elementos de trabajo:<\/strong>&nbsp;sobre la provisi\u00f3n de elementos de trabajo, se remarca que \u00abno es remuneratoria, lo cual se extiende a la compensaci\u00f3n de gastos, a\u00fan sin comprobantes\u00bb por lo que \u00abno integran la base retributiva para el c\u00f3mputo de ning\u00fan rubro emergente del contrato de trabajo, ni contribuciones sindicales o de la seguridad social\u00bb.<\/p>\n","protected":false},"excerpt":{"rendered":"<p>La ley de teletrabajo, que regula la modalidad de empleo virtual en nuestro pa\u00eds, comenzar\u00e1 a regir desde el pr\u00f3ximo 1 de abril, seg\u00fan lo estableci\u00f3 el Gobierno nacional. As\u00ed lo indica la resoluci\u00f3n 54\/2021 que lleva la firma del ministro de Trabajo y fue publicada este este viernes en el Bolet\u00edn Oficial. En el [&hellip;]<\/p>\n","protected":false},"author":2,"featured_media":2435,"comment_status":"open","ping_status":"open","sticky":false,"template":"","format":"standard","meta":{"footnotes":""},"categories":[35],"tags":[],"class_list":["post-2434","post","type-post","status-publish","format-standard","has-post-thumbnail","hentry","category-informacion-general"],"yoast_head":"<!-- This site is optimized with the Yoast SEO plugin v27.5 - https:\/\/yoast.com\/product\/yoast-seo-wordpress\/ -->\n<title>La ley de teletrabajo comenzar\u00e1 a regir desde el 1 de abril en todo el pa\u00eds | CVI NOTICIAS<\/title>\n<meta name=\"robots\" content=\"index, follow, max-snippet:-1, max-image-preview:large, max-video-preview:-1\" \/>\n<link rel=\"canonical\" href=\"https:\/\/cvinoticias.com\/v3\/la-ley-de-teletrabajo-comenzara-a-regir-desde-el-1-de-abril-en-todo-el-pais\/\" \/>\n<meta property=\"og:locale\" content=\"es_ES\" \/>\n<meta property=\"og:type\" content=\"article\" \/>\n<meta property=\"og:title\" content=\"La ley de teletrabajo comenzar\u00e1 a regir desde el 1 de abril en todo el pa\u00eds | CVI NOTICIAS\" \/>\n<meta property=\"og:description\" content=\"La ley de teletrabajo, que regula la modalidad de empleo virtual en nuestro pa\u00eds, comenzar\u00e1 a regir desde el pr\u00f3ximo 1 de abril, seg\u00fan lo estableci\u00f3 el Gobierno nacional. As\u00ed lo indica la resoluci\u00f3n 54\/2021 que lleva la firma del ministro de Trabajo y fue publicada este este viernes en el Bolet\u00edn Oficial. En el [&hellip;]\" \/>\n<meta property=\"og:url\" content=\"https:\/\/cvinoticias.com\/v3\/la-ley-de-teletrabajo-comenzara-a-regir-desde-el-1-de-abril-en-todo-el-pais\/\" \/>\n<meta property=\"og:site_name\" content=\"CVI NOTICIAS\" \/>\n<meta property=\"article:publisher\" content=\"https:\/\/www.facebook.com\/cvinoticias\" \/>\n<meta property=\"article:published_time\" content=\"2021-02-05T11:46:15+00:00\" \/>\n<meta property=\"og:image\" content=\"https:\/\/cvinoticias.com\/wp-content\/uploads\/2021\/02\/teletrabajo.jpg\" \/>\n\t<meta property=\"og:image:width\" content=\"800\" \/>\n\t<meta property=\"og:image:height\" content=\"533\" \/>\n\t<meta property=\"og:image:type\" content=\"image\/jpeg\" \/>\n<meta name=\"author\" content=\"f1000024\" \/>\n<meta name=\"twitter:card\" content=\"summary_large_image\" \/>\n<meta name=\"twitter:label1\" content=\"Escrito por\" \/>\n\t<meta name=\"twitter:data1\" content=\"f1000024\" \/>\n\t<meta name=\"twitter:label2\" content=\"Tiempo de lectura\" \/>\n\t<meta name=\"twitter:data2\" content=\"2 minutos\" \/>\n<script type=\"application\/ld+json\" class=\"yoast-schema-graph\">{\"@context\":\"https:\\\/\\\/schema.org\",\"@graph\":[{\"@type\":\"Article\",\"@id\":\"https:\\\/\\\/cvinoticias.com\\\/v3\\\/la-ley-de-teletrabajo-comenzara-a-regir-desde-el-1-de-abril-en-todo-el-pais\\\/#article\",\"isPartOf\":{\"@id\":\"https:\\\/\\\/cvinoticias.com\\\/v3\\\/la-ley-de-teletrabajo-comenzara-a-regir-desde-el-1-de-abril-en-todo-el-pais\\\/\"},\"author\":{\"name\":\"f1000024\",\"@id\":\"https:\\\/\\\/cvinoticias.com\\\/v3\\\/#\\\/schema\\\/person\\\/2db77e3c6bc03c538495d7b2b8be9b66\"},\"headline\":\"La ley de teletrabajo comenzar\u00e1 a regir desde el 1 de abril en todo el pa\u00eds\",\"datePublished\":\"2021-02-05T11:46:15+00:00\",\"mainEntityOfPage\":{\"@id\":\"https:\\\/\\\/cvinoticias.com\\\/v3\\\/la-ley-de-teletrabajo-comenzara-a-regir-desde-el-1-de-abril-en-todo-el-pais\\\/\"},\"wordCount\":508,\"commentCount\":0,\"publisher\":{\"@id\":\"https:\\\/\\\/cvinoticias.com\\\/v3\\\/#organization\"},\"image\":{\"@id\":\"https:\\\/\\\/cvinoticias.com\\\/v3\\\/la-ley-de-teletrabajo-comenzara-a-regir-desde-el-1-de-abril-en-todo-el-pais\\\/#primaryimage\"},\"thumbnailUrl\":\"https:\\\/\\\/cvinoticias.com\\\/wp-content\\\/uploads\\\/2021\\\/02\\\/teletrabajo.jpg\",\"articleSection\":[\"Informaci\u00f3n General\"],\"inLanguage\":\"es\",\"potentialAction\":[{\"@type\":\"CommentAction\",\"name\":\"Comment\",\"target\":[\"https:\\\/\\\/cvinoticias.com\\\/v3\\\/la-ley-de-teletrabajo-comenzara-a-regir-desde-el-1-de-abril-en-todo-el-pais\\\/#respond\"]}]},{\"@type\":\"WebPage\",\"@id\":\"https:\\\/\\\/cvinoticias.com\\\/v3\\\/la-ley-de-teletrabajo-comenzara-a-regir-desde-el-1-de-abril-en-todo-el-pais\\\/\",\"url\":\"https:\\\/\\\/cvinoticias.com\\\/v3\\\/la-ley-de-teletrabajo-comenzara-a-regir-desde-el-1-de-abril-en-todo-el-pais\\\/\",\"name\":\"La ley de teletrabajo comenzar\u00e1 a regir desde el 1 de abril en todo el pa\u00eds | CVI NOTICIAS\",\"isPartOf\":{\"@id\":\"https:\\\/\\\/cvinoticias.com\\\/v3\\\/#website\"},\"primaryImageOfPage\":{\"@id\":\"https:\\\/\\\/cvinoticias.com\\\/v3\\\/la-ley-de-teletrabajo-comenzara-a-regir-desde-el-1-de-abril-en-todo-el-pais\\\/#primaryimage\"},\"image\":{\"@id\":\"https:\\\/\\\/cvinoticias.com\\\/v3\\\/la-ley-de-teletrabajo-comenzara-a-regir-desde-el-1-de-abril-en-todo-el-pais\\\/#primaryimage\"},\"thumbnailUrl\":\"https:\\\/\\\/cvinoticias.com\\\/wp-content\\\/uploads\\\/2021\\\/02\\\/teletrabajo.jpg\",\"datePublished\":\"2021-02-05T11:46:15+00:00\",\"breadcrumb\":{\"@id\":\"https:\\\/\\\/cvinoticias.com\\\/v3\\\/la-ley-de-teletrabajo-comenzara-a-regir-desde-el-1-de-abril-en-todo-el-pais\\\/#breadcrumb\"},\"inLanguage\":\"es\",\"potentialAction\":[{\"@type\":\"ReadAction\",\"target\":[\"https:\\\/\\\/cvinoticias.com\\\/v3\\\/la-ley-de-teletrabajo-comenzara-a-regir-desde-el-1-de-abril-en-todo-el-pais\\\/\"]}]},{\"@type\":\"ImageObject\",\"inLanguage\":\"es\",\"@id\":\"https:\\\/\\\/cvinoticias.com\\\/v3\\\/la-ley-de-teletrabajo-comenzara-a-regir-desde-el-1-de-abril-en-todo-el-pais\\\/#primaryimage\",\"url\":\"https:\\\/\\\/cvinoticias.com\\\/wp-content\\\/uploads\\\/2021\\\/02\\\/teletrabajo.jpg\",\"contentUrl\":\"https:\\\/\\\/cvinoticias.com\\\/wp-content\\\/uploads\\\/2021\\\/02\\\/teletrabajo.jpg\",\"width\":800,\"height\":533},{\"@type\":\"BreadcrumbList\",\"@id\":\"https:\\\/\\\/cvinoticias.com\\\/v3\\\/la-ley-de-teletrabajo-comenzara-a-regir-desde-el-1-de-abril-en-todo-el-pais\\\/#breadcrumb\",\"itemListElement\":[{\"@type\":\"ListItem\",\"position\":1,\"name\":\"Portada\",\"item\":\"https:\\\/\\\/cvinoticias.com\\\/v3\\\/\"},{\"@type\":\"ListItem\",\"position\":2,\"name\":\"La ley de teletrabajo comenzar\u00e1 a regir desde el 1 de abril en todo el pa\u00eds\"}]},{\"@type\":\"WebSite\",\"@id\":\"https:\\\/\\\/cvinoticias.com\\\/v3\\\/#website\",\"url\":\"https:\\\/\\\/cvinoticias.com\\\/v3\\\/\",\"name\":\"CVI NOTICIAS\",\"description\":\"\",\"publisher\":{\"@id\":\"https:\\\/\\\/cvinoticias.com\\\/v3\\\/#organization\"},\"alternateName\":\"CVI\",\"potentialAction\":[{\"@type\":\"SearchAction\",\"target\":{\"@type\":\"EntryPoint\",\"urlTemplate\":\"https:\\\/\\\/cvinoticias.com\\\/v3\\\/?s={search_term_string}\"},\"query-input\":{\"@type\":\"PropertyValueSpecification\",\"valueRequired\":true,\"valueName\":\"search_term_string\"}}],\"inLanguage\":\"es\"},{\"@type\":\"Organization\",\"@id\":\"https:\\\/\\\/cvinoticias.com\\\/v3\\\/#organization\",\"name\":\"CVI NOTICIAS\",\"url\":\"https:\\\/\\\/cvinoticias.com\\\/v3\\\/\",\"logo\":{\"@type\":\"ImageObject\",\"inLanguage\":\"es\",\"@id\":\"https:\\\/\\\/cvinoticias.com\\\/v3\\\/#\\\/schema\\\/logo\\\/image\\\/\",\"url\":\"https:\\\/\\\/cvinoticias.com\\\/wp-content\\\/uploads\\\/2023\\\/04\\\/cropped-cropped-cropped-cropped-cropped-3-1.png\",\"contentUrl\":\"https:\\\/\\\/cvinoticias.com\\\/wp-content\\\/uploads\\\/2023\\\/04\\\/cropped-cropped-cropped-cropped-cropped-3-1.png\",\"width\":95,\"height\":122,\"caption\":\"CVI NOTICIAS\"},\"image\":{\"@id\":\"https:\\\/\\\/cvinoticias.com\\\/v3\\\/#\\\/schema\\\/logo\\\/image\\\/\"},\"sameAs\":[\"https:\\\/\\\/www.facebook.com\\\/cvinoticias\",\"https:\\\/\\\/www.instagram.com\\\/cvinoticias\\\/\",\"https:\\\/\\\/www.youtube.com\\\/@CVINOTICIAS\"]},{\"@type\":\"Person\",\"@id\":\"https:\\\/\\\/cvinoticias.com\\\/v3\\\/#\\\/schema\\\/person\\\/2db77e3c6bc03c538495d7b2b8be9b66\",\"name\":\"f1000024\",\"image\":{\"@type\":\"ImageObject\",\"inLanguage\":\"es\",\"@id\":\"https:\\\/\\\/secure.gravatar.com\\\/avatar\\\/d4fe7459cfc51ff5129ce1a732bbef5928568b8092d412ef95611616376bbeed?s=96&d=mm&r=g\",\"url\":\"https:\\\/\\\/secure.gravatar.com\\\/avatar\\\/d4fe7459cfc51ff5129ce1a732bbef5928568b8092d412ef95611616376bbeed?s=96&d=mm&r=g\",\"contentUrl\":\"https:\\\/\\\/secure.gravatar.com\\\/avatar\\\/d4fe7459cfc51ff5129ce1a732bbef5928568b8092d412ef95611616376bbeed?s=96&d=mm&r=g\",\"caption\":\"f1000024\"},\"url\":\"https:\\\/\\\/cvinoticias.com\\\/v3\\\/author\\\/f1000024\\\/\"}]}<\/script>\n<!-- \/ Yoast SEO plugin. -->","yoast_head_json":{"title":"La ley de teletrabajo comenzar\u00e1 a regir desde el 1 de abril en todo el pa\u00eds | CVI NOTICIAS","robots":{"index":"index","follow":"follow","max-snippet":"max-snippet:-1","max-image-preview":"max-image-preview:large","max-video-preview":"max-video-preview:-1"},"canonical":"https:\/\/cvinoticias.com\/v3\/la-ley-de-teletrabajo-comenzara-a-regir-desde-el-1-de-abril-en-todo-el-pais\/","og_locale":"es_ES","og_type":"article","og_title":"La ley de teletrabajo comenzar\u00e1 a regir desde el 1 de abril en todo el pa\u00eds | CVI NOTICIAS","og_description":"La ley de teletrabajo, que regula la modalidad de empleo virtual en nuestro pa\u00eds, comenzar\u00e1 a regir desde el pr\u00f3ximo 1 de abril, seg\u00fan lo estableci\u00f3 el Gobierno nacional. As\u00ed lo indica la resoluci\u00f3n 54\/2021 que lleva la firma del ministro de Trabajo y fue publicada este este viernes en el Bolet\u00edn Oficial. En el [&hellip;]","og_url":"https:\/\/cvinoticias.com\/v3\/la-ley-de-teletrabajo-comenzara-a-regir-desde-el-1-de-abril-en-todo-el-pais\/","og_site_name":"CVI NOTICIAS","article_publisher":"https:\/\/www.facebook.com\/cvinoticias","article_published_time":"2021-02-05T11:46:15+00:00","og_image":[{"width":800,"height":533,"url":"https:\/\/cvinoticias.com\/wp-content\/uploads\/2021\/02\/teletrabajo.jpg","type":"image\/jpeg"}],"author":"f1000024","twitter_card":"summary_large_image","twitter_misc":{"Escrito por":"f1000024","Tiempo de lectura":"2 minutos"},"schema":{"@context":"https:\/\/schema.org","@graph":[{"@type":"Article","@id":"https:\/\/cvinoticias.com\/v3\/la-ley-de-teletrabajo-comenzara-a-regir-desde-el-1-de-abril-en-todo-el-pais\/#article","isPartOf":{"@id":"https:\/\/cvinoticias.com\/v3\/la-ley-de-teletrabajo-comenzara-a-regir-desde-el-1-de-abril-en-todo-el-pais\/"},"author":{"name":"f1000024","@id":"https:\/\/cvinoticias.com\/v3\/#\/schema\/person\/2db77e3c6bc03c538495d7b2b8be9b66"},"headline":"La ley de teletrabajo comenzar\u00e1 a regir desde el 1 de abril en todo el pa\u00eds","datePublished":"2021-02-05T11:46:15+00:00","mainEntityOfPage":{"@id":"https:\/\/cvinoticias.com\/v3\/la-ley-de-teletrabajo-comenzara-a-regir-desde-el-1-de-abril-en-todo-el-pais\/"},"wordCount":508,"commentCount":0,"publisher":{"@id":"https:\/\/cvinoticias.com\/v3\/#organization"},"image":{"@id":"https:\/\/cvinoticias.com\/v3\/la-ley-de-teletrabajo-comenzara-a-regir-desde-el-1-de-abril-en-todo-el-pais\/#primaryimage"},"thumbnailUrl":"https:\/\/cvinoticias.com\/wp-content\/uploads\/2021\/02\/teletrabajo.jpg","articleSection":["Informaci\u00f3n General"],"inLanguage":"es","potentialAction":[{"@type":"CommentAction","name":"Comment","target":["https:\/\/cvinoticias.com\/v3\/la-ley-de-teletrabajo-comenzara-a-regir-desde-el-1-de-abril-en-todo-el-pais\/#respond"]}]},{"@type":"WebPage","@id":"https:\/\/cvinoticias.com\/v3\/la-ley-de-teletrabajo-comenzara-a-regir-desde-el-1-de-abril-en-todo-el-pais\/","url":"https:\/\/cvinoticias.com\/v3\/la-ley-de-teletrabajo-comenzara-a-regir-desde-el-1-de-abril-en-todo-el-pais\/","name":"La ley de teletrabajo comenzar\u00e1 a regir desde el 1 de abril en todo el pa\u00eds | CVI NOTICIAS","isPartOf":{"@id":"https:\/\/cvinoticias.com\/v3\/#website"},"primaryImageOfPage":{"@id":"https:\/\/cvinoticias.com\/v3\/la-ley-de-teletrabajo-comenzara-a-regir-desde-el-1-de-abril-en-todo-el-pais\/#primaryimage"},"image":{"@id":"https:\/\/cvinoticias.com\/v3\/la-ley-de-teletrabajo-comenzara-a-regir-desde-el-1-de-abril-en-todo-el-pais\/#primaryimage"},"thumbnailUrl":"https:\/\/cvinoticias.com\/wp-content\/uploads\/2021\/02\/teletrabajo.jpg","datePublished":"2021-02-05T11:46:15+00:00","breadcrumb":{"@id":"https:\/\/cvinoticias.com\/v3\/la-ley-de-teletrabajo-comenzara-a-regir-desde-el-1-de-abril-en-todo-el-pais\/#breadcrumb"},"inLanguage":"es","potentialAction":[{"@type":"ReadAction","target":["https:\/\/cvinoticias.com\/v3\/la-ley-de-teletrabajo-comenzara-a-regir-desde-el-1-de-abril-en-todo-el-pais\/"]}]},{"@type":"ImageObject","inLanguage":"es","@id":"https:\/\/cvinoticias.com\/v3\/la-ley-de-teletrabajo-comenzara-a-regir-desde-el-1-de-abril-en-todo-el-pais\/#primaryimage","url":"https:\/\/cvinoticias.com\/wp-content\/uploads\/2021\/02\/teletrabajo.jpg","contentUrl":"https:\/\/cvinoticias.com\/wp-content\/uploads\/2021\/02\/teletrabajo.jpg","width":800,"height":533},{"@type":"BreadcrumbList","@id":"https:\/\/cvinoticias.com\/v3\/la-ley-de-teletrabajo-comenzara-a-regir-desde-el-1-de-abril-en-todo-el-pais\/#breadcrumb","itemListElement":[{"@type":"ListItem","position":1,"name":"Portada","item":"https:\/\/cvinoticias.com\/v3\/"},{"@type":"ListItem","position":2,"name":"La ley de teletrabajo comenzar\u00e1 a regir desde el 1 de abril en todo el pa\u00eds"}]},{"@type":"WebSite","@id":"https:\/\/cvinoticias.com\/v3\/#website","url":"https:\/\/cvinoticias.com\/v3\/","name":"CVI NOTICIAS","description":"","publisher":{"@id":"https:\/\/cvinoticias.com\/v3\/#organization"},"alternateName":"CVI","potentialAction":[{"@type":"SearchAction","target":{"@type":"EntryPoint","urlTemplate":"https:\/\/cvinoticias.com\/v3\/?s={search_term_string}"},"query-input":{"@type":"PropertyValueSpecification","valueRequired":true,"valueName":"search_term_string"}}],"inLanguage":"es"},{"@type":"Organization","@id":"https:\/\/cvinoticias.com\/v3\/#organization","name":"CVI NOTICIAS","url":"https:\/\/cvinoticias.com\/v3\/","logo":{"@type":"ImageObject","inLanguage":"es","@id":"https:\/\/cvinoticias.com\/v3\/#\/schema\/logo\/image\/","url":"https:\/\/cvinoticias.com\/wp-content\/uploads\/2023\/04\/cropped-cropped-cropped-cropped-cropped-3-1.png","contentUrl":"https:\/\/cvinoticias.com\/wp-content\/uploads\/2023\/04\/cropped-cropped-cropped-cropped-cropped-3-1.png","width":95,"height":122,"caption":"CVI NOTICIAS"},"image":{"@id":"https:\/\/cvinoticias.com\/v3\/#\/schema\/logo\/image\/"},"sameAs":["https:\/\/www.facebook.com\/cvinoticias","https:\/\/www.instagram.com\/cvinoticias\/","https:\/\/www.youtube.com\/@CVINOTICIAS"]},{"@type":"Person","@id":"https:\/\/cvinoticias.com\/v3\/#\/schema\/person\/2db77e3c6bc03c538495d7b2b8be9b66","name":"f1000024","image":{"@type":"ImageObject","inLanguage":"es","@id":"https:\/\/secure.gravatar.com\/avatar\/d4fe7459cfc51ff5129ce1a732bbef5928568b8092d412ef95611616376bbeed?s=96&d=mm&r=g","url":"https:\/\/secure.gravatar.com\/avatar\/d4fe7459cfc51ff5129ce1a732bbef5928568b8092d412ef95611616376bbeed?s=96&d=mm&r=g","contentUrl":"https:\/\/secure.gravatar.com\/avatar\/d4fe7459cfc51ff5129ce1a732bbef5928568b8092d412ef95611616376bbeed?s=96&d=mm&r=g","caption":"f1000024"},"url":"https:\/\/cvinoticias.com\/v3\/author\/f1000024\/"}]}},"_links":{"self":[{"href":"https:\/\/cvinoticias.com\/v3\/wp-json\/wp\/v2\/posts\/2434","targetHints":{"allow":["GET"]}}],"collection":[{"href":"https:\/\/cvinoticias.com\/v3\/wp-json\/wp\/v2\/posts"}],"about":[{"href":"https:\/\/cvinoticias.com\/v3\/wp-json\/wp\/v2\/types\/post"}],"author":[{"embeddable":true,"href":"https:\/\/cvinoticias.com\/v3\/wp-json\/wp\/v2\/users\/2"}],"replies":[{"embeddable":true,"href":"https:\/\/cvinoticias.com\/v3\/wp-json\/wp\/v2\/comments?post=2434"}],"version-history":[{"count":1,"href":"https:\/\/cvinoticias.com\/v3\/wp-json\/wp\/v2\/posts\/2434\/revisions"}],"predecessor-version":[{"id":2436,"href":"https:\/\/cvinoticias.com\/v3\/wp-json\/wp\/v2\/posts\/2434\/revisions\/2436"}],"wp:featuredmedia":[{"embeddable":true,"href":"https:\/\/cvinoticias.com\/v3\/wp-json\/wp\/v2\/media\/2435"}],"wp:attachment":[{"href":"https:\/\/cvinoticias.com\/v3\/wp-json\/wp\/v2\/media?parent=2434"}],"wp:term":[{"taxonomy":"category","embeddable":true,"href":"https:\/\/cvinoticias.com\/v3\/wp-json\/wp\/v2\/categories?post=2434"},{"taxonomy":"post_tag","embeddable":true,"href":"https:\/\/cvinoticias.com\/v3\/wp-json\/wp\/v2\/tags?post=2434"}],"curies":[{"name":"wp","href":"https:\/\/api.w.org\/{rel}","templated":true}]}}