{"id":24320,"date":"2023-04-23T19:27:00","date_gmt":"2023-04-23T19:27:00","guid":{"rendered":"https:\/\/cvinoticias.com\/v3\/?p=24320"},"modified":"2023-04-23T19:27:00","modified_gmt":"2023-04-23T19:27:00","slug":"ivan-de-pineda-resalto-las-bondades-de-misiones","status":"publish","type":"post","link":"https:\/\/cvinoticias.com\/v3\/ivan-de-pineda-resalto-las-bondades-de-misiones\/","title":{"rendered":"Iv\u00e1n de Pineda resalt\u00f3 las bondades de Misiones"},"content":{"rendered":"\n<p><strong><em>El modelo y reconocido conductor de televisi\u00f3n visit\u00f3 la provincia, invitado por Agro Sustentable, la empresa recientemente instalada en el Parque Industrial de Posadas y destac\u00f3 tanto las pr\u00e1cticas sustentables en el agro como el ecosistema disruptivo misionero.<\/em><\/strong><\/p>\n\n\n\n<p>En el marco de su visita a la tierra colorada, para engalanar y conducir el brindis ofrecido por la empresa Agro Sustentable a sus clientes, amigos y periodistas agropecuarios, Iv\u00e1n de Pineda expres\u00f3 su asombro y satisfacci\u00f3n por lo que ocurre en la provincia, espec\u00edficamente en el sector del agro y la tecnolog\u00eda.<\/p>\n\n\n\n<p>El modelo internacional se mostr\u00f3 gratamente sorprendido ante el desarrollo de Misiones, comparando lo necesario de la transformaci\u00f3n agrosustentable, par\u00e1metros de los alimentos que utiliza la Uni\u00f3n Europea. \u00abEl mundo avanza hacia una alimentaci\u00f3n m\u00e1s sana\u00bb, destac\u00f3.<\/p>\n\n\n\n<p>Luego, el conductor de \u201cResto del Mundo\u201d y \u201cPasapalabra\u201d (entre otros programas televisivos), solicit\u00f3 recorrer el Polo Tecnol\u00f3gico Silicon Misiones para apreciar en primera persona el desarrollo de la tecnolog\u00eda y las pol\u00edticas p\u00fablicas que apuntan a promover y sostener el crecimiento de la econom\u00eda del conocimiento entre los j\u00f3venes.<\/p>\n\n\n\n<figure class=\"wp-block-image size-large\"><a href=\"https:\/\/cvinoticias.com\/wp-content\/uploads\/2023\/04\/IMG-20230423-WA0053.jpg\"><img decoding=\"async\" width=\"1024\" height=\"682\" data-src=\"https:\/\/cvinoticias.com\/wp-content\/uploads\/2023\/04\/IMG-20230423-WA0053-1024x682.jpg\" alt=\"\" class=\"wp-image-24321 lazyload\" data-srcset=\"https:\/\/cvinoticias.com\/wp-content\/uploads\/2023\/04\/IMG-20230423-WA0053-1024x682.jpg 1024w, https:\/\/cvinoticias.com\/wp-content\/uploads\/2023\/04\/IMG-20230423-WA0053-300x200.jpg 300w, https:\/\/cvinoticias.com\/wp-content\/uploads\/2023\/04\/IMG-20230423-WA0053-768x512.jpg 768w, https:\/\/cvinoticias.com\/wp-content\/uploads\/2023\/04\/IMG-20230423-WA0053-1536x1023.jpg 1536w, https:\/\/cvinoticias.com\/wp-content\/uploads\/2023\/04\/IMG-20230423-WA0053.jpg 1600w\" data-sizes=\"(max-width: 1024px) 100vw, 1024px\" src=\"data:image\/svg+xml;base64,PHN2ZyB3aWR0aD0iMSIgaGVpZ2h0PSIxIiB4bWxucz0iaHR0cDovL3d3dy53My5vcmcvMjAwMC9zdmciPjwvc3ZnPg==\" style=\"--smush-placeholder-width: 1024px; --smush-placeholder-aspect-ratio: 1024\/682;\" \/><\/a><\/figure>\n","protected":false},"excerpt":{"rendered":"<p>El modelo y reconocido conductor de televisi\u00f3n visit\u00f3 la provincia, invitado por Agro Sustentable, la empresa recientemente instalada en el Parque Industrial de Posadas y destac\u00f3 tanto las pr\u00e1cticas sustentables en el agro como el ecosistema disruptivo misionero. En el marco de su visita a la tierra colorada, para engalanar y conducir el brindis ofrecido [&hellip;]<\/p>\n","protected":false},"author":2,"featured_media":24322,"comment_status":"open","ping_status":"open","sticky":false,"template":"","format":"standard","meta":{"footnotes":""},"categories":[43],"tags":[],"class_list":["post-24320","post","type-post","status-publish","format-standard","has-post-thumbnail","hentry","category-provinciales"],"yoast_head":"<!-- This site is optimized with the Yoast SEO plugin v27.5 - https:\/\/yoast.com\/product\/yoast-seo-wordpress\/ -->\n<title>Iv\u00e1n de Pineda resalt\u00f3 las bondades de Misiones | CVI NOTICIAS<\/title>\n<meta name=\"robots\" content=\"index, follow, max-snippet:-1, max-image-preview:large, max-video-preview:-1\" \/>\n<link rel=\"canonical\" href=\"https:\/\/cvinoticias.com\/v3\/ivan-de-pineda-resalto-las-bondades-de-misiones\/\" \/>\n<meta property=\"og:locale\" content=\"es_ES\" \/>\n<meta property=\"og:type\" content=\"article\" \/>\n<meta property=\"og:title\" content=\"Iv\u00e1n de Pineda resalt\u00f3 las bondades de Misiones | CVI NOTICIAS\" \/>\n<meta property=\"og:description\" content=\"El modelo y reconocido conductor de televisi\u00f3n visit\u00f3 la provincia, invitado por Agro Sustentable, la empresa recientemente instalada en el Parque Industrial de Posadas y destac\u00f3 tanto las pr\u00e1cticas sustentables en el agro como el ecosistema disruptivo misionero. En el marco de su visita a la tierra colorada, para engalanar y conducir el brindis ofrecido [&hellip;]\" \/>\n<meta property=\"og:url\" content=\"https:\/\/cvinoticias.com\/v3\/ivan-de-pineda-resalto-las-bondades-de-misiones\/\" \/>\n<meta property=\"og:site_name\" content=\"CVI NOTICIAS\" \/>\n<meta property=\"article:publisher\" content=\"https:\/\/www.facebook.com\/cvinoticias\" \/>\n<meta property=\"article:published_time\" content=\"2023-04-23T19:27:00+00:00\" \/>\n<meta property=\"og:image\" content=\"https:\/\/cvinoticias.com\/wp-content\/uploads\/2023\/04\/IMG-20230423-WA0054.jpg\" \/>\n\t<meta property=\"og:image:width\" content=\"1600\" \/>\n\t<meta property=\"og:image:height\" content=\"1066\" \/>\n\t<meta property=\"og:image:type\" content=\"image\/jpeg\" \/>\n<meta name=\"author\" content=\"f1000024\" \/>\n<meta name=\"twitter:card\" content=\"summary_large_image\" \/>\n<meta name=\"twitter:label1\" content=\"Escrito por\" \/>\n\t<meta name=\"twitter:data1\" content=\"f1000024\" \/>\n\t<meta name=\"twitter:label2\" content=\"Tiempo de lectura\" \/>\n\t<meta name=\"twitter:data2\" content=\"1 minuto\" \/>\n<script type=\"application\/ld+json\" class=\"yoast-schema-graph\">{\"@context\":\"https:\\\/\\\/schema.org\",\"@graph\":[{\"@type\":\"Article\",\"@id\":\"https:\\\/\\\/cvinoticias.com\\\/v3\\\/ivan-de-pineda-resalto-las-bondades-de-misiones\\\/#article\",\"isPartOf\":{\"@id\":\"https:\\\/\\\/cvinoticias.com\\\/v3\\\/ivan-de-pineda-resalto-las-bondades-de-misiones\\\/\"},\"author\":{\"name\":\"f1000024\",\"@id\":\"https:\\\/\\\/cvinoticias.com\\\/v3\\\/#\\\/schema\\\/person\\\/2db77e3c6bc03c538495d7b2b8be9b66\"},\"headline\":\"Iv\u00e1n de Pineda resalt\u00f3 las bondades de Misiones\",\"datePublished\":\"2023-04-23T19:27:00+00:00\",\"mainEntityOfPage\":{\"@id\":\"https:\\\/\\\/cvinoticias.com\\\/v3\\\/ivan-de-pineda-resalto-las-bondades-de-misiones\\\/\"},\"wordCount\":204,\"commentCount\":0,\"publisher\":{\"@id\":\"https:\\\/\\\/cvinoticias.com\\\/v3\\\/#organization\"},\"image\":{\"@id\":\"https:\\\/\\\/cvinoticias.com\\\/v3\\\/ivan-de-pineda-resalto-las-bondades-de-misiones\\\/#primaryimage\"},\"thumbnailUrl\":\"https:\\\/\\\/cvinoticias.com\\\/wp-content\\\/uploads\\\/2023\\\/04\\\/IMG-20230423-WA0054.jpg\",\"articleSection\":[\"Provinciales\"],\"inLanguage\":\"es\",\"potentialAction\":[{\"@type\":\"CommentAction\",\"name\":\"Comment\",\"target\":[\"https:\\\/\\\/cvinoticias.com\\\/v3\\\/ivan-de-pineda-resalto-las-bondades-de-misiones\\\/#respond\"]}]},{\"@type\":\"WebPage\",\"@id\":\"https:\\\/\\\/cvinoticias.com\\\/v3\\\/ivan-de-pineda-resalto-las-bondades-de-misiones\\\/\",\"url\":\"https:\\\/\\\/cvinoticias.com\\\/v3\\\/ivan-de-pineda-resalto-las-bondades-de-misiones\\\/\",\"name\":\"Iv\u00e1n de Pineda resalt\u00f3 las bondades de Misiones | CVI NOTICIAS\",\"isPartOf\":{\"@id\":\"https:\\\/\\\/cvinoticias.com\\\/v3\\\/#website\"},\"primaryImageOfPage\":{\"@id\":\"https:\\\/\\\/cvinoticias.com\\\/v3\\\/ivan-de-pineda-resalto-las-bondades-de-misiones\\\/#primaryimage\"},\"image\":{\"@id\":\"https:\\\/\\\/cvinoticias.com\\\/v3\\\/ivan-de-pineda-resalto-las-bondades-de-misiones\\\/#primaryimage\"},\"thumbnailUrl\":\"https:\\\/\\\/cvinoticias.com\\\/wp-content\\\/uploads\\\/2023\\\/04\\\/IMG-20230423-WA0054.jpg\",\"datePublished\":\"2023-04-23T19:27:00+00:00\",\"breadcrumb\":{\"@id\":\"https:\\\/\\\/cvinoticias.com\\\/v3\\\/ivan-de-pineda-resalto-las-bondades-de-misiones\\\/#breadcrumb\"},\"inLanguage\":\"es\",\"potentialAction\":[{\"@type\":\"ReadAction\",\"target\":[\"https:\\\/\\\/cvinoticias.com\\\/v3\\\/ivan-de-pineda-resalto-las-bondades-de-misiones\\\/\"]}]},{\"@type\":\"ImageObject\",\"inLanguage\":\"es\",\"@id\":\"https:\\\/\\\/cvinoticias.com\\\/v3\\\/ivan-de-pineda-resalto-las-bondades-de-misiones\\\/#primaryimage\",\"url\":\"https:\\\/\\\/cvinoticias.com\\\/wp-content\\\/uploads\\\/2023\\\/04\\\/IMG-20230423-WA0054.jpg\",\"contentUrl\":\"https:\\\/\\\/cvinoticias.com\\\/wp-content\\\/uploads\\\/2023\\\/04\\\/IMG-20230423-WA0054.jpg\",\"width\":1600,\"height\":1066},{\"@type\":\"BreadcrumbList\",\"@id\":\"https:\\\/\\\/cvinoticias.com\\\/v3\\\/ivan-de-pineda-resalto-las-bondades-de-misiones\\\/#breadcrumb\",\"itemListElement\":[{\"@type\":\"ListItem\",\"position\":1,\"name\":\"Portada\",\"item\":\"https:\\\/\\\/cvinoticias.com\\\/v3\\\/\"},{\"@type\":\"ListItem\",\"position\":2,\"name\":\"Iv\u00e1n de Pineda resalt\u00f3 las bondades de Misiones\"}]},{\"@type\":\"WebSite\",\"@id\":\"https:\\\/\\\/cvinoticias.com\\\/v3\\\/#website\",\"url\":\"https:\\\/\\\/cvinoticias.com\\\/v3\\\/\",\"name\":\"CVI NOTICIAS\",\"description\":\"\",\"publisher\":{\"@id\":\"https:\\\/\\\/cvinoticias.com\\\/v3\\\/#organization\"},\"alternateName\":\"CVI\",\"potentialAction\":[{\"@type\":\"SearchAction\",\"target\":{\"@type\":\"EntryPoint\",\"urlTemplate\":\"https:\\\/\\\/cvinoticias.com\\\/v3\\\/?s={search_term_string}\"},\"query-input\":{\"@type\":\"PropertyValueSpecification\",\"valueRequired\":true,\"valueName\":\"search_term_string\"}}],\"inLanguage\":\"es\"},{\"@type\":\"Organization\",\"@id\":\"https:\\\/\\\/cvinoticias.com\\\/v3\\\/#organization\",\"name\":\"CVI NOTICIAS\",\"url\":\"https:\\\/\\\/cvinoticias.com\\\/v3\\\/\",\"logo\":{\"@type\":\"ImageObject\",\"inLanguage\":\"es\",\"@id\":\"https:\\\/\\\/cvinoticias.com\\\/v3\\\/#\\\/schema\\\/logo\\\/image\\\/\",\"url\":\"https:\\\/\\\/cvinoticias.com\\\/wp-content\\\/uploads\\\/2023\\\/04\\\/cropped-cropped-cropped-cropped-cropped-3-1.png\",\"contentUrl\":\"https:\\\/\\\/cvinoticias.com\\\/wp-content\\\/uploads\\\/2023\\\/04\\\/cropped-cropped-cropped-cropped-cropped-3-1.png\",\"width\":95,\"height\":122,\"caption\":\"CVI NOTICIAS\"},\"image\":{\"@id\":\"https:\\\/\\\/cvinoticias.com\\\/v3\\\/#\\\/schema\\\/logo\\\/image\\\/\"},\"sameAs\":[\"https:\\\/\\\/www.facebook.com\\\/cvinoticias\",\"https:\\\/\\\/www.instagram.com\\\/cvinoticias\\\/\",\"https:\\\/\\\/www.youtube.com\\\/@CVINOTICIAS\"]},{\"@type\":\"Person\",\"@id\":\"https:\\\/\\\/cvinoticias.com\\\/v3\\\/#\\\/schema\\\/person\\\/2db77e3c6bc03c538495d7b2b8be9b66\",\"name\":\"f1000024\",\"image\":{\"@type\":\"ImageObject\",\"inLanguage\":\"es\",\"@id\":\"https:\\\/\\\/secure.gravatar.com\\\/avatar\\\/d4fe7459cfc51ff5129ce1a732bbef5928568b8092d412ef95611616376bbeed?s=96&d=mm&r=g\",\"url\":\"https:\\\/\\\/secure.gravatar.com\\\/avatar\\\/d4fe7459cfc51ff5129ce1a732bbef5928568b8092d412ef95611616376bbeed?s=96&d=mm&r=g\",\"contentUrl\":\"https:\\\/\\\/secure.gravatar.com\\\/avatar\\\/d4fe7459cfc51ff5129ce1a732bbef5928568b8092d412ef95611616376bbeed?s=96&d=mm&r=g\",\"caption\":\"f1000024\"},\"url\":\"https:\\\/\\\/cvinoticias.com\\\/v3\\\/author\\\/f1000024\\\/\"}]}<\/script>\n<!-- \/ Yoast SEO plugin. -->","yoast_head_json":{"title":"Iv\u00e1n de Pineda resalt\u00f3 las bondades de Misiones | CVI NOTICIAS","robots":{"index":"index","follow":"follow","max-snippet":"max-snippet:-1","max-image-preview":"max-image-preview:large","max-video-preview":"max-video-preview:-1"},"canonical":"https:\/\/cvinoticias.com\/v3\/ivan-de-pineda-resalto-las-bondades-de-misiones\/","og_locale":"es_ES","og_type":"article","og_title":"Iv\u00e1n de Pineda resalt\u00f3 las bondades de Misiones | CVI NOTICIAS","og_description":"El modelo y reconocido conductor de televisi\u00f3n visit\u00f3 la provincia, invitado por Agro Sustentable, la empresa recientemente instalada en el Parque Industrial de Posadas y destac\u00f3 tanto las pr\u00e1cticas sustentables en el agro como el ecosistema disruptivo misionero. En el marco de su visita a la tierra colorada, para engalanar y conducir el brindis ofrecido [&hellip;]","og_url":"https:\/\/cvinoticias.com\/v3\/ivan-de-pineda-resalto-las-bondades-de-misiones\/","og_site_name":"CVI NOTICIAS","article_publisher":"https:\/\/www.facebook.com\/cvinoticias","article_published_time":"2023-04-23T19:27:00+00:00","og_image":[{"width":1600,"height":1066,"url":"https:\/\/cvinoticias.com\/wp-content\/uploads\/2023\/04\/IMG-20230423-WA0054.jpg","type":"image\/jpeg"}],"author":"f1000024","twitter_card":"summary_large_image","twitter_misc":{"Escrito por":"f1000024","Tiempo de lectura":"1 minuto"},"schema":{"@context":"https:\/\/schema.org","@graph":[{"@type":"Article","@id":"https:\/\/cvinoticias.com\/v3\/ivan-de-pineda-resalto-las-bondades-de-misiones\/#article","isPartOf":{"@id":"https:\/\/cvinoticias.com\/v3\/ivan-de-pineda-resalto-las-bondades-de-misiones\/"},"author":{"name":"f1000024","@id":"https:\/\/cvinoticias.com\/v3\/#\/schema\/person\/2db77e3c6bc03c538495d7b2b8be9b66"},"headline":"Iv\u00e1n de Pineda resalt\u00f3 las bondades de Misiones","datePublished":"2023-04-23T19:27:00+00:00","mainEntityOfPage":{"@id":"https:\/\/cvinoticias.com\/v3\/ivan-de-pineda-resalto-las-bondades-de-misiones\/"},"wordCount":204,"commentCount":0,"publisher":{"@id":"https:\/\/cvinoticias.com\/v3\/#organization"},"image":{"@id":"https:\/\/cvinoticias.com\/v3\/ivan-de-pineda-resalto-las-bondades-de-misiones\/#primaryimage"},"thumbnailUrl":"https:\/\/cvinoticias.com\/wp-content\/uploads\/2023\/04\/IMG-20230423-WA0054.jpg","articleSection":["Provinciales"],"inLanguage":"es","potentialAction":[{"@type":"CommentAction","name":"Comment","target":["https:\/\/cvinoticias.com\/v3\/ivan-de-pineda-resalto-las-bondades-de-misiones\/#respond"]}]},{"@type":"WebPage","@id":"https:\/\/cvinoticias.com\/v3\/ivan-de-pineda-resalto-las-bondades-de-misiones\/","url":"https:\/\/cvinoticias.com\/v3\/ivan-de-pineda-resalto-las-bondades-de-misiones\/","name":"Iv\u00e1n de Pineda resalt\u00f3 las bondades de Misiones | CVI NOTICIAS","isPartOf":{"@id":"https:\/\/cvinoticias.com\/v3\/#website"},"primaryImageOfPage":{"@id":"https:\/\/cvinoticias.com\/v3\/ivan-de-pineda-resalto-las-bondades-de-misiones\/#primaryimage"},"image":{"@id":"https:\/\/cvinoticias.com\/v3\/ivan-de-pineda-resalto-las-bondades-de-misiones\/#primaryimage"},"thumbnailUrl":"https:\/\/cvinoticias.com\/wp-content\/uploads\/2023\/04\/IMG-20230423-WA0054.jpg","datePublished":"2023-04-23T19:27:00+00:00","breadcrumb":{"@id":"https:\/\/cvinoticias.com\/v3\/ivan-de-pineda-resalto-las-bondades-de-misiones\/#breadcrumb"},"inLanguage":"es","potentialAction":[{"@type":"ReadAction","target":["https:\/\/cvinoticias.com\/v3\/ivan-de-pineda-resalto-las-bondades-de-misiones\/"]}]},{"@type":"ImageObject","inLanguage":"es","@id":"https:\/\/cvinoticias.com\/v3\/ivan-de-pineda-resalto-las-bondades-de-misiones\/#primaryimage","url":"https:\/\/cvinoticias.com\/wp-content\/uploads\/2023\/04\/IMG-20230423-WA0054.jpg","contentUrl":"https:\/\/cvinoticias.com\/wp-content\/uploads\/2023\/04\/IMG-20230423-WA0054.jpg","width":1600,"height":1066},{"@type":"BreadcrumbList","@id":"https:\/\/cvinoticias.com\/v3\/ivan-de-pineda-resalto-las-bondades-de-misiones\/#breadcrumb","itemListElement":[{"@type":"ListItem","position":1,"name":"Portada","item":"https:\/\/cvinoticias.com\/v3\/"},{"@type":"ListItem","position":2,"name":"Iv\u00e1n de Pineda resalt\u00f3 las bondades de Misiones"}]},{"@type":"WebSite","@id":"https:\/\/cvinoticias.com\/v3\/#website","url":"https:\/\/cvinoticias.com\/v3\/","name":"CVI NOTICIAS","description":"","publisher":{"@id":"https:\/\/cvinoticias.com\/v3\/#organization"},"alternateName":"CVI","potentialAction":[{"@type":"SearchAction","target":{"@type":"EntryPoint","urlTemplate":"https:\/\/cvinoticias.com\/v3\/?s={search_term_string}"},"query-input":{"@type":"PropertyValueSpecification","valueRequired":true,"valueName":"search_term_string"}}],"inLanguage":"es"},{"@type":"Organization","@id":"https:\/\/cvinoticias.com\/v3\/#organization","name":"CVI NOTICIAS","url":"https:\/\/cvinoticias.com\/v3\/","logo":{"@type":"ImageObject","inLanguage":"es","@id":"https:\/\/cvinoticias.com\/v3\/#\/schema\/logo\/image\/","url":"https:\/\/cvinoticias.com\/wp-content\/uploads\/2023\/04\/cropped-cropped-cropped-cropped-cropped-3-1.png","contentUrl":"https:\/\/cvinoticias.com\/wp-content\/uploads\/2023\/04\/cropped-cropped-cropped-cropped-cropped-3-1.png","width":95,"height":122,"caption":"CVI NOTICIAS"},"image":{"@id":"https:\/\/cvinoticias.com\/v3\/#\/schema\/logo\/image\/"},"sameAs":["https:\/\/www.facebook.com\/cvinoticias","https:\/\/www.instagram.com\/cvinoticias\/","https:\/\/www.youtube.com\/@CVINOTICIAS"]},{"@type":"Person","@id":"https:\/\/cvinoticias.com\/v3\/#\/schema\/person\/2db77e3c6bc03c538495d7b2b8be9b66","name":"f1000024","image":{"@type":"ImageObject","inLanguage":"es","@id":"https:\/\/secure.gravatar.com\/avatar\/d4fe7459cfc51ff5129ce1a732bbef5928568b8092d412ef95611616376bbeed?s=96&d=mm&r=g","url":"https:\/\/secure.gravatar.com\/avatar\/d4fe7459cfc51ff5129ce1a732bbef5928568b8092d412ef95611616376bbeed?s=96&d=mm&r=g","contentUrl":"https:\/\/secure.gravatar.com\/avatar\/d4fe7459cfc51ff5129ce1a732bbef5928568b8092d412ef95611616376bbeed?s=96&d=mm&r=g","caption":"f1000024"},"url":"https:\/\/cvinoticias.com\/v3\/author\/f1000024\/"}]}},"_links":{"self":[{"href":"https:\/\/cvinoticias.com\/v3\/wp-json\/wp\/v2\/posts\/24320","targetHints":{"allow":["GET"]}}],"collection":[{"href":"https:\/\/cvinoticias.com\/v3\/wp-json\/wp\/v2\/posts"}],"about":[{"href":"https:\/\/cvinoticias.com\/v3\/wp-json\/wp\/v2\/types\/post"}],"author":[{"embeddable":true,"href":"https:\/\/cvinoticias.com\/v3\/wp-json\/wp\/v2\/users\/2"}],"replies":[{"embeddable":true,"href":"https:\/\/cvinoticias.com\/v3\/wp-json\/wp\/v2\/comments?post=24320"}],"version-history":[{"count":1,"href":"https:\/\/cvinoticias.com\/v3\/wp-json\/wp\/v2\/posts\/24320\/revisions"}],"predecessor-version":[{"id":24323,"href":"https:\/\/cvinoticias.com\/v3\/wp-json\/wp\/v2\/posts\/24320\/revisions\/24323"}],"wp:featuredmedia":[{"embeddable":true,"href":"https:\/\/cvinoticias.com\/v3\/wp-json\/wp\/v2\/media\/24322"}],"wp:attachment":[{"href":"https:\/\/cvinoticias.com\/v3\/wp-json\/wp\/v2\/media?parent=24320"}],"wp:term":[{"taxonomy":"category","embeddable":true,"href":"https:\/\/cvinoticias.com\/v3\/wp-json\/wp\/v2\/categories?post=24320"},{"taxonomy":"post_tag","embeddable":true,"href":"https:\/\/cvinoticias.com\/v3\/wp-json\/wp\/v2\/tags?post=24320"}],"curies":[{"name":"wp","href":"https:\/\/api.w.org\/{rel}","templated":true}]}}