{"id":24317,"date":"2023-04-23T14:50:08","date_gmt":"2023-04-23T14:50:08","guid":{"rendered":"https:\/\/cvinoticias.com\/v3\/?p=24317"},"modified":"2023-04-23T14:50:08","modified_gmt":"2023-04-23T14:50:08","slug":"al-ritmo-del-sentir-del-pueblo","status":"publish","type":"post","link":"https:\/\/cvinoticias.com\/v3\/al-ritmo-del-sentir-del-pueblo\/","title":{"rendered":"AL RITMO DEL SENTIR DEL PUEBLO"},"content":{"rendered":"\n<p><strong><em>Alejado de la radicalizaci\u00f3n de la violencia instalada en el seno de los grandes frentes nacionales, la Renovaci\u00f3n Neo fortalece un lazo irrompible con el pueblo. Se trata de un fen\u00f3meno en donde la adhesi\u00f3n afectiva de la sociedad se traduce en un mensaje tan simple como contundente: Los misioneros quieren seguir creciendo.<\/em><\/strong><\/p>\n\n\n\n<p><strong>(*) Por Nicol\u00e1s Marchiori<\/strong><\/p>\n\n\n\n<p>El ex Secretario de Estado, entre tantos otros cargos para diferentes presidentes estadounidenses, Henry Kissinger sostiene en su obra \u201cLiderazgo &#8211; seis estudios sobre estrategia mundial\u201d que cualquier sociedad, con independencia de cu\u00e1l sea su sistema pol\u00edtico, se encuentra en un tr\u00e1nsito perpetuo entre un pasado que conforma su memoria y una visi\u00f3n del futuro que inspira su evoluci\u00f3n. En ese recorrido, el liderazgo es indispensable: hay que tomar decisiones, ganarse la confianza, mantener las promesas y proponer una forma de avanzar. Sin liderazgo, las instituciones pierden el rumbo y se exponen a una irrelevancia cada vez mayor que en \u00faltima instancia lleva al desastre.<\/p>\n\n\n\n<p>A decir de Kissinger, los l\u00edderes piensan y act\u00faan en la intersecci\u00f3n de dos ejes: el primero, entre el pasado y el futuro; el segundo, entre los valores perdurables y las aspiraciones de aquellos s los que lideran. Su primer reto es el an\u00e1lisis, que comienza con una evaluaci\u00f3n realista de su sociedad basada en la historia, sus costumbres y sus capacidades. Despu\u00e9s, deben equilibrar lo que saben, que por fuerza extraen del pasado, con lo que intuyen sobre el futuro, que es inherentemente incierto. Es esta comprensi\u00f3n intuitiva de la direcci\u00f3n que debe seguirse es la que permite a los l\u00edderes fijar objetivos y establecer una estrategia.<\/p>\n\n\n\n<p>Para que las estrategias inspiren a la sociedad, los l\u00edderes tienen que ser did\u00e1cticos: comunicar los objetivos, mitigar las dudas y movilizar los apoyos. Si bien el Estado tiene por definici\u00f3n el monopolio de la fuerza, la dependencia de la coerci\u00f3n es s\u00edntoma de un liderazgo inadecuado; los buenos l\u00edderes despiertan en el pueblo el deseo de caminar a su lado. Adem\u00e1s, deben motivar a su entorno inmediato para que traduzca sus ideas, de manera que estas guarden relaci\u00f3n con las cuestiones pr\u00e1cticas cotidianas. Ese equipo din\u00e1mico que lo rodea es el complemento visible de la vitalidad interior del l\u00edder; le proporciona apoyo en su camino y hace m\u00e1s tolerables los dilemas de la toma de decisiones. En virtud de ello, los l\u00edderes pueden verse magnificados o debilitados por las cualidades de quienes lo rodean.<\/p>\n\n\n\n<p>Los atributos vitales que necesita un l\u00edder para afrontar estas tareas, y el puente entre el pasado y el futuro, son la valent\u00eda y el car\u00e1cter. En el caso de la valent\u00eda, para elegir una direcci\u00f3n entre diversas opciones complejas y dif\u00edciles, lo cual requiere la voluntad para trascender la rutina. Y, por otro lado, la fuerza del car\u00e1cter es fundamental para mantener un curso de acci\u00f3n cuyos beneficios y peligros, en el momento de la elecci\u00f3n, solo pueden vislumbrarse de forma incompleta.<\/p>\n\n\n\n<p>El liderazgo es a\u00fan m\u00e1s esencial en per\u00edodos de crisis e incertidumbre, cuando los valores y las instituciones pierden relevancia, y el plan esbozado para un futuro digno es objeto de disputa.<\/p>\n\n\n\n<p>Podemos afirmar con total certeza que los buenos l\u00edderes son gestores. En todas las sociedades y en cualquier nivel de responsabilidad, se necesitan administradores que gu\u00eden a diario las instituciones que se les conf\u00edan. Pero, durante los per\u00edodos de crisis, esto es: una guerra, un cambio tecnol\u00f3gico acelerado, una disrupci\u00f3n econ\u00f3mica inquietante o turbulencias ideol\u00f3gicas, la gesti\u00f3n del statu quo puede ser el curso m\u00e1s arriesgado de todos. En las sociedades afortunadas, en esos momentos emergen l\u00edderes transformadores.<br>Los estadistas visionarios son aquellos que comprenden que tienen una serie de tareas esenciales por delante. La principal de todas es preservar su sociedad, controlando las circunstancias en lugar de dejarse abrumar por ellas.<\/p>\n\n\n\n<p>El mundo actual se encuentra en medio de una transformaci\u00f3n de la conciencia humana. Es tan generalizada que resulta casi imperceptible. Este cambio, impulsado por las nuevas tecnolog\u00edas que condicionan nuestra experiencia del mundo y c\u00f3mo recibimos la informaci\u00f3n se ha desarrollado en buena medida sin que se conozcan sus efectos a largo plazo, entre ellos las implicaciones para el liderazgo.<\/p>\n\n\n\n<p>A quienes les interesa la pol\u00edtica, la alfabetizaci\u00f3n profunda les proporciona una cualidad que Max Weber denomin\u00f3 \u201cproporci\u00f3n\u201d, descripta como \u201cla capacidad de permitir que la realidad te afecte mientras mantienes la calma interior y la compostura. La lectura intensa ayuda a los l\u00edderes a desarrollar la distancia mental, respecto a los est\u00edmulos externos y las personalidades, que mantiene el sentido de la proporci\u00f3n\u201d.<\/p>\n\n\n\n<p>Por otra parte, debemos destacar que una dimensi\u00f3n importante de la pol\u00edtica es la construcci\u00f3n de identidades pol\u00edticas a trav\u00e9s de un proceso de identificaci\u00f3n, proceso que siempre implica una dimensi\u00f3n afectiva, aquello que Sigmund Freud denomina \u201cinvestimiento libidinal.\u201d<br>En los \u00faltimos tiempos, las emociones y los afectos se han vuelto un tema muy en boga entre los fil\u00f3sofos y los acad\u00e9micos que trabajan en los \u00e1mbitos de las ciencias sociales y las humanidades.<\/p>\n\n\n\n<p>La fil\u00f3sofa y polit\u00f3loga belga Chantal Mouffe considera que para pensar en la construcci\u00f3n de un \u201cpueblo\u201d, es importante destacar que el lazo social es un lazo libidinal y que los afectos desempe\u00f1an un rol central en los procesos de identificaci\u00f3n colectiva.<\/p>\n\n\n\n<p><strong>Primera provincia agro sustentable de la Argentina<\/strong><\/p>\n\n\n\n<p>El pasado viernes el startup biotecnol\u00f3gica Agro Sustentable hizo la presentaci\u00f3n de sus productos en el Parque Industrial y de la Innovaci\u00f3n Posadas, donde se encuentra emplazada una mega f\u00e1brica de la firma. El acto congreg\u00f3 a empresarios, productores y a un gran n\u00famero de funcionarios del Gobierno Provincial.<\/p>\n\n\n\n<p>Joaqu\u00edn Basanta, de la empresa Agro Sustentable se mostr\u00f3 visiblemente emocionado y orgulloso durante la presentaci\u00f3n. El empresario destac\u00f3 que se trata de una de las cinco mil empresas en el mundo que poseen certificados B. Lo que quiere decir que tiene triple impacto: un impacto ambiental, social y econ\u00f3mico.<\/p>\n\n\n\n<p>El Biofert GTG es el primer insumo que la firma sac\u00f3 adelante como fertilizante en el cual ten\u00eda desarrollo en lo que respecta de INTA, LaRES, Ojos del Salado, Instituto del Petch. Un producto que demostr\u00f3 generar m\u00e1s rentabilidad para el productor.<\/p>\n\n\n\n<p>Basanta destac\u00f3 la firma de un convenio llevada a cabo el 9 de septiembre de 2021 junto al gobernador Oscar Herrera Ahuad y a Lucas Romero por medio del cual se acord\u00f3 la instalaci\u00f3n de la planta y la transferencia de tecnolog\u00eda por parte de la empresa. Ese convenio implic\u00f3 una inversi\u00f3n muy grande por parte de la empresa en lo que respecta a laboratorio, tanques y reactores.<\/p>\n\n\n\n<p>Agro Sustentable hoy por hoy cuenta con una planta modelo a nivel Latinoam\u00e9rica, en donde se destaca el recurso misionero desde la genetista hasta el jefe de planta. El empresario bonaerense manifest\u00f3 que \u201clos recursos en Misiones son espectaculares\u201d.<\/p>\n\n\n\n<p>La empresa biotecnol\u00f3gica tambi\u00e9n suscribi\u00f3 un convenio con Silicon Misiones para el desarrollo de drones de aplicaciones. Actualmente se encuentran trabajando mancomunadamente con el polo tecnol\u00f3gico misionero en una aplicaci\u00f3n que trabaje con inteligencia artificial y ayude al colono para poder evitar y prevenir todo lo referido a problemas clim\u00e1ticos, es decir, que permita anticiparse a los problemas clim\u00e1ticos mediante el uso de inteligencia artificial y un drone de \u00faltima tecnolog\u00eda.<\/p>\n\n\n\n<p>El uso de este bio herbicida misionero convierte a Misiones en la \u201cPrimera provincia agro sustentable del pa\u00eds\u201d, tal como lo expuso el Conductor del Frente Renovador de la Concordia Ing. Carlos Rovira en sus redes sociales en el transcurso de la semana pasada.<\/p>\n\n\n\n<p><strong>Un temperamento colectivo que marca la diferencia<\/strong><\/p>\n\n\n\n<p>Luego de la presentaci\u00f3n organizada por Agro Sustentable tuvo lugar una conferencia de prensa en donde el Ing. Rovira expres\u00f3 una serie de conceptos. El conductor de la Renovaci\u00f3n destac\u00f3 que \u201c\u00e9sta es la forma con que Misiones se va a ir desarrollando m\u00e1s que otras regiones del pa\u00eds y que otras provincias sin pedirle prestado nada a nadie. Esto es una inversi\u00f3n genuina. Naci\u00f3 una startup y yo no tengo dudas que tiene esta startup Agro Sustentable tiene destino de unicornio, siguiendo el l\u00e9xico, siguiendo el glosario de estas nuevas unidades econ\u00f3micas en la sociedad del conocimiento. Ah\u00ed est\u00e1, un producto inmediatamente asimilable, muy f\u00e1cil de aplicar. Total y absolutamente org\u00e1nico\u201d.<\/p>\n\n\n\n<p>Rovira remarc\u00f3 que un Estado sensible y ordenado, se basa en instituciones, que no son ni grande ni chicas, son instituciones inteligentes. Ese es el futuro, y Misiones ya cuenta con un gobierno e instituciones inteligentes. Este elemento significa un car\u00e1cter distintivo del resto de la burocracia mundial.<\/p>\n\n\n\n<p>En otro tramo de su alocuci\u00f3n se refiri\u00f3 al \u00e1mbito nacional expresando que \u201ccuando hay una grieta pol\u00edtica del tama\u00f1o que tiene la Naci\u00f3n y que est\u00e1 sufriendo toda la naci\u00f3n es impensable. Bueno, en Misiones no hay grieta. En Misiones hay un temperamento colectivo que tambi\u00e9n es distintivo y lo he dicho permanentemente y m\u00e1s ahora sobre estos eventos que marcan la diferencia\u201d. Al tiempo que ponder\u00f3 \u201cesta energ\u00eda que tiene el misionero de salir de los problemas de tantas cuestiones negativas que hoy vive en los habitantes y vive en los empresarios que est\u00e1n en ese ambiente. Es muy dif\u00edcil, penoso. Entonces, Misiones es ejemplo tambi\u00e9n en esto\u201d.<\/p>\n\n\n\n<p>Una de las preguntas formuladas al Presidente del Parlamento Misionero fue: \u00bfc\u00f3mo se logra esa sinergia entre lo p\u00fablico y lo privado que se observa en Misiones? A lo que respondi\u00f3 que \u201cla concurrencia p\u00fablico-privado nace primero de una voluntad pol\u00edtica de generar espacios, proyectos, desde las diferentes visiones pol\u00edticas para que esto ocurra\u201d.<\/p>\n\n\n\n<p>Rovira puso en valor los grandes aceleradores de este proceso que ha generado esta imparable sinergia, dentro de los cuales destac\u00f3 a Silicon Misiones, a quien consider\u00f3 \u201cun acelerador de procesos\u201d. A decir del Conductor de la Renovaci\u00f3n, Silicon es uno de los \u00e1mbitos donde se va formando el n\u00facleo de un nuevo sustrato econ\u00f3mico que arrastra empleo, ganancia e incorpora nuevos jugadores y nuevas ideas. Se trata de un proceso inacabable que tiene como resultado el crecimiento exponencial gracias a esa sinergia p\u00fablico privada generada. Dentro de esa din\u00e1mica, el Estado muestra y orienta.<\/p>\n\n\n\n<p>Carlos Rovira tambi\u00e9n destac\u00f3 con \u00e9nfasis que \u201cantes del Estado est\u00e1 el proyecto pol\u00edtico. El proyecto pol\u00edtico es el que elige a las personas, por eso no ha sido casual que hemos transitados con los mejores representantes nuestra provincia en la \u00faltima crisis nacional. La mayor\u00eda de los gobernantes recibi\u00f3 el aplazo de la gente. Nosotros tenemos el orgullo de que los nuestros han sido felicitados por la gente de Misiones y eso es lo v\u00e1lido\u201d.<\/p>\n\n\n\n<p><strong>La recta final rumbo al 7 de mayo<\/strong><\/p>\n\n\n\n<p>Hoy entramos en las \u00faltimas dos semanas de campa\u00f1a de cara a las elecciones provinciales del domingo 7 de mayo. En el escenario misionero se observa un arrollador movimiento de los candidatos y militantes del Frente Renovador de la Concordia a lo largo y ancho de los 78 municipios de la provincia. La campa\u00f1a renovadora se caracteriza por contar con una variedad de actividades: reuniones, actos, eventos culturales, eventos solidarios, deportivos y sociales que se desarrollan con gran intensidad y el entusiasmo militante.<\/p>\n\n\n\n<p>Uno de los grandes elementos sobresalientes de esta contienda electoral es la masiva participaci\u00f3n de j\u00f3venes, factor que aporta un extraordinario efecto revitalizante del proyecto misionerista.<br>Estos aspectos que se destacan de la Renovaci\u00f3n Neo generan un fuerte contraste con las alianzas opositoras en donde se observa una campa\u00f1a distante, vac\u00eda de propuestas concretas y que apela \u00fanicamente a una campa\u00f1a digital que por medio de la manipulaci\u00f3n y edici\u00f3n de fotos y videos publicados en las redes sociales buscan crear una falsa sensaci\u00f3n de apoyo y acompa\u00f1amiento popular. Sumado a ello, el alto grado de conflictividad que se da tanto en Juntos por el Cambio como en el Frente de Todos a nivel nacional los arrastra al fuerte rechazo social generado hacia la grieta como as\u00ed tambi\u00e9n el malhumor producto de la cada vez m\u00e1s incontrolable crisis econ\u00f3mica nacional.<\/p>\n\n\n\n<p>Las \u00faltimas encuestas realizadas en Posadas por cuatro consultoras porte\u00f1as diferentes coinciden en que los cinco sublemas m\u00e1s votados se encuentra dentro del Frente Renovador de la Concordia, mientras que reci\u00e9n el sexto ser\u00eda uno perteneciente a Juntos por el Cambio.<\/p>\n\n\n\n<p>En la ciudad de Ober\u00e1, segunda ciudad m\u00e1s importante de la provincia, la tendencia es similar. Ser\u00edan tres los sublemas renovadores que se disputar\u00edan la intendencia de la ciudad cabeza a cabeza: el actual intendente interino Pablo Hassan, el legislador provincial Omar Olsson y el presidente del cuerpo deliberativo de la ciudad Santiago Marrod\u00e1n.<\/p>\n\n\n\n<p><strong>Abogado. Diplomado en Manejo de Crisis y en An\u00e1lisis de Procesos Electorales. Especializado en Comunicaci\u00f3n de Gobierno y Electoral.<\/strong><\/p>\n","protected":false},"excerpt":{"rendered":"<p>Alejado de la radicalizaci\u00f3n de la violencia instalada en el seno de los grandes frentes nacionales, la Renovaci\u00f3n Neo fortalece un lazo irrompible con el pueblo. Se trata de un fen\u00f3meno en donde la adhesi\u00f3n afectiva de la sociedad se traduce en un mensaje tan simple como contundente: Los misioneros quieren seguir creciendo. (*) Por [&hellip;]<\/p>\n","protected":false},"author":2,"featured_media":24318,"comment_status":"open","ping_status":"open","sticky":false,"template":"","format":"standard","meta":{"footnotes":""},"categories":[42],"tags":[],"class_list":["post-24317","post","type-post","status-publish","format-standard","has-post-thumbnail","hentry","category-politica"],"yoast_head":"<!-- This site is optimized with the Yoast SEO plugin v27.5 - https:\/\/yoast.com\/product\/yoast-seo-wordpress\/ -->\n<title>AL RITMO DEL SENTIR DEL PUEBLO | CVI NOTICIAS<\/title>\n<meta name=\"robots\" content=\"index, follow, max-snippet:-1, max-image-preview:large, max-video-preview:-1\" \/>\n<link rel=\"canonical\" href=\"https:\/\/cvinoticias.com\/v3\/al-ritmo-del-sentir-del-pueblo\/\" \/>\n<meta property=\"og:locale\" content=\"es_ES\" \/>\n<meta property=\"og:type\" content=\"article\" \/>\n<meta property=\"og:title\" content=\"AL RITMO DEL SENTIR DEL PUEBLO | CVI NOTICIAS\" \/>\n<meta property=\"og:description\" content=\"Alejado de la radicalizaci\u00f3n de la violencia instalada en el seno de los grandes frentes nacionales, la Renovaci\u00f3n Neo fortalece un lazo irrompible con el pueblo. Se trata de un fen\u00f3meno en donde la adhesi\u00f3n afectiva de la sociedad se traduce en un mensaje tan simple como contundente: Los misioneros quieren seguir creciendo. (*) Por [&hellip;]\" \/>\n<meta property=\"og:url\" content=\"https:\/\/cvinoticias.com\/v3\/al-ritmo-del-sentir-del-pueblo\/\" \/>\n<meta property=\"og:site_name\" content=\"CVI NOTICIAS\" \/>\n<meta property=\"article:publisher\" content=\"https:\/\/www.facebook.com\/cvinoticias\" \/>\n<meta property=\"article:published_time\" content=\"2023-04-23T14:50:08+00:00\" \/>\n<meta property=\"og:image\" content=\"https:\/\/cvinoticias.com\/wp-content\/uploads\/2023\/04\/Screenshot_20230423_114738_Docs.jpg\" \/>\n\t<meta property=\"og:image:width\" content=\"930\" \/>\n\t<meta property=\"og:image:height\" content=\"590\" \/>\n\t<meta property=\"og:image:type\" content=\"image\/jpeg\" \/>\n<meta name=\"author\" content=\"f1000024\" \/>\n<meta name=\"twitter:card\" content=\"summary_large_image\" \/>\n<meta name=\"twitter:label1\" content=\"Escrito por\" \/>\n\t<meta name=\"twitter:data1\" content=\"f1000024\" \/>\n\t<meta name=\"twitter:label2\" content=\"Tiempo de lectura\" \/>\n\t<meta name=\"twitter:data2\" content=\"11 minutos\" \/>\n<script type=\"application\/ld+json\" class=\"yoast-schema-graph\">{\"@context\":\"https:\\\/\\\/schema.org\",\"@graph\":[{\"@type\":\"Article\",\"@id\":\"https:\\\/\\\/cvinoticias.com\\\/v3\\\/al-ritmo-del-sentir-del-pueblo\\\/#article\",\"isPartOf\":{\"@id\":\"https:\\\/\\\/cvinoticias.com\\\/v3\\\/al-ritmo-del-sentir-del-pueblo\\\/\"},\"author\":{\"name\":\"f1000024\",\"@id\":\"https:\\\/\\\/cvinoticias.com\\\/v3\\\/#\\\/schema\\\/person\\\/2db77e3c6bc03c538495d7b2b8be9b66\"},\"headline\":\"AL RITMO DEL SENTIR DEL PUEBLO\",\"datePublished\":\"2023-04-23T14:50:08+00:00\",\"mainEntityOfPage\":{\"@id\":\"https:\\\/\\\/cvinoticias.com\\\/v3\\\/al-ritmo-del-sentir-del-pueblo\\\/\"},\"wordCount\":2252,\"commentCount\":0,\"publisher\":{\"@id\":\"https:\\\/\\\/cvinoticias.com\\\/v3\\\/#organization\"},\"image\":{\"@id\":\"https:\\\/\\\/cvinoticias.com\\\/v3\\\/al-ritmo-del-sentir-del-pueblo\\\/#primaryimage\"},\"thumbnailUrl\":\"https:\\\/\\\/cvinoticias.com\\\/wp-content\\\/uploads\\\/2023\\\/04\\\/Screenshot_20230423_114738_Docs.jpg\",\"articleSection\":[\"Politica\"],\"inLanguage\":\"es\",\"potentialAction\":[{\"@type\":\"CommentAction\",\"name\":\"Comment\",\"target\":[\"https:\\\/\\\/cvinoticias.com\\\/v3\\\/al-ritmo-del-sentir-del-pueblo\\\/#respond\"]}]},{\"@type\":\"WebPage\",\"@id\":\"https:\\\/\\\/cvinoticias.com\\\/v3\\\/al-ritmo-del-sentir-del-pueblo\\\/\",\"url\":\"https:\\\/\\\/cvinoticias.com\\\/v3\\\/al-ritmo-del-sentir-del-pueblo\\\/\",\"name\":\"AL RITMO DEL SENTIR DEL PUEBLO | CVI NOTICIAS\",\"isPartOf\":{\"@id\":\"https:\\\/\\\/cvinoticias.com\\\/v3\\\/#website\"},\"primaryImageOfPage\":{\"@id\":\"https:\\\/\\\/cvinoticias.com\\\/v3\\\/al-ritmo-del-sentir-del-pueblo\\\/#primaryimage\"},\"image\":{\"@id\":\"https:\\\/\\\/cvinoticias.com\\\/v3\\\/al-ritmo-del-sentir-del-pueblo\\\/#primaryimage\"},\"thumbnailUrl\":\"https:\\\/\\\/cvinoticias.com\\\/wp-content\\\/uploads\\\/2023\\\/04\\\/Screenshot_20230423_114738_Docs.jpg\",\"datePublished\":\"2023-04-23T14:50:08+00:00\",\"breadcrumb\":{\"@id\":\"https:\\\/\\\/cvinoticias.com\\\/v3\\\/al-ritmo-del-sentir-del-pueblo\\\/#breadcrumb\"},\"inLanguage\":\"es\",\"potentialAction\":[{\"@type\":\"ReadAction\",\"target\":[\"https:\\\/\\\/cvinoticias.com\\\/v3\\\/al-ritmo-del-sentir-del-pueblo\\\/\"]}]},{\"@type\":\"ImageObject\",\"inLanguage\":\"es\",\"@id\":\"https:\\\/\\\/cvinoticias.com\\\/v3\\\/al-ritmo-del-sentir-del-pueblo\\\/#primaryimage\",\"url\":\"https:\\\/\\\/cvinoticias.com\\\/wp-content\\\/uploads\\\/2023\\\/04\\\/Screenshot_20230423_114738_Docs.jpg\",\"contentUrl\":\"https:\\\/\\\/cvinoticias.com\\\/wp-content\\\/uploads\\\/2023\\\/04\\\/Screenshot_20230423_114738_Docs.jpg\",\"width\":930,\"height\":590},{\"@type\":\"BreadcrumbList\",\"@id\":\"https:\\\/\\\/cvinoticias.com\\\/v3\\\/al-ritmo-del-sentir-del-pueblo\\\/#breadcrumb\",\"itemListElement\":[{\"@type\":\"ListItem\",\"position\":1,\"name\":\"Portada\",\"item\":\"https:\\\/\\\/cvinoticias.com\\\/v3\\\/\"},{\"@type\":\"ListItem\",\"position\":2,\"name\":\"AL RITMO DEL SENTIR DEL PUEBLO\"}]},{\"@type\":\"WebSite\",\"@id\":\"https:\\\/\\\/cvinoticias.com\\\/v3\\\/#website\",\"url\":\"https:\\\/\\\/cvinoticias.com\\\/v3\\\/\",\"name\":\"CVI NOTICIAS\",\"description\":\"\",\"publisher\":{\"@id\":\"https:\\\/\\\/cvinoticias.com\\\/v3\\\/#organization\"},\"alternateName\":\"CVI\",\"potentialAction\":[{\"@type\":\"SearchAction\",\"target\":{\"@type\":\"EntryPoint\",\"urlTemplate\":\"https:\\\/\\\/cvinoticias.com\\\/v3\\\/?s={search_term_string}\"},\"query-input\":{\"@type\":\"PropertyValueSpecification\",\"valueRequired\":true,\"valueName\":\"search_term_string\"}}],\"inLanguage\":\"es\"},{\"@type\":\"Organization\",\"@id\":\"https:\\\/\\\/cvinoticias.com\\\/v3\\\/#organization\",\"name\":\"CVI NOTICIAS\",\"url\":\"https:\\\/\\\/cvinoticias.com\\\/v3\\\/\",\"logo\":{\"@type\":\"ImageObject\",\"inLanguage\":\"es\",\"@id\":\"https:\\\/\\\/cvinoticias.com\\\/v3\\\/#\\\/schema\\\/logo\\\/image\\\/\",\"url\":\"https:\\\/\\\/cvinoticias.com\\\/wp-content\\\/uploads\\\/2023\\\/04\\\/cropped-cropped-cropped-cropped-cropped-3-1.png\",\"contentUrl\":\"https:\\\/\\\/cvinoticias.com\\\/wp-content\\\/uploads\\\/2023\\\/04\\\/cropped-cropped-cropped-cropped-cropped-3-1.png\",\"width\":95,\"height\":122,\"caption\":\"CVI NOTICIAS\"},\"image\":{\"@id\":\"https:\\\/\\\/cvinoticias.com\\\/v3\\\/#\\\/schema\\\/logo\\\/image\\\/\"},\"sameAs\":[\"https:\\\/\\\/www.facebook.com\\\/cvinoticias\",\"https:\\\/\\\/www.instagram.com\\\/cvinoticias\\\/\",\"https:\\\/\\\/www.youtube.com\\\/@CVINOTICIAS\"]},{\"@type\":\"Person\",\"@id\":\"https:\\\/\\\/cvinoticias.com\\\/v3\\\/#\\\/schema\\\/person\\\/2db77e3c6bc03c538495d7b2b8be9b66\",\"name\":\"f1000024\",\"image\":{\"@type\":\"ImageObject\",\"inLanguage\":\"es\",\"@id\":\"https:\\\/\\\/secure.gravatar.com\\\/avatar\\\/d4fe7459cfc51ff5129ce1a732bbef5928568b8092d412ef95611616376bbeed?s=96&d=mm&r=g\",\"url\":\"https:\\\/\\\/secure.gravatar.com\\\/avatar\\\/d4fe7459cfc51ff5129ce1a732bbef5928568b8092d412ef95611616376bbeed?s=96&d=mm&r=g\",\"contentUrl\":\"https:\\\/\\\/secure.gravatar.com\\\/avatar\\\/d4fe7459cfc51ff5129ce1a732bbef5928568b8092d412ef95611616376bbeed?s=96&d=mm&r=g\",\"caption\":\"f1000024\"},\"url\":\"https:\\\/\\\/cvinoticias.com\\\/v3\\\/author\\\/f1000024\\\/\"}]}<\/script>\n<!-- \/ Yoast SEO plugin. -->","yoast_head_json":{"title":"AL RITMO DEL SENTIR DEL PUEBLO | CVI NOTICIAS","robots":{"index":"index","follow":"follow","max-snippet":"max-snippet:-1","max-image-preview":"max-image-preview:large","max-video-preview":"max-video-preview:-1"},"canonical":"https:\/\/cvinoticias.com\/v3\/al-ritmo-del-sentir-del-pueblo\/","og_locale":"es_ES","og_type":"article","og_title":"AL RITMO DEL SENTIR DEL PUEBLO | CVI NOTICIAS","og_description":"Alejado de la radicalizaci\u00f3n de la violencia instalada en el seno de los grandes frentes nacionales, la Renovaci\u00f3n Neo fortalece un lazo irrompible con el pueblo. Se trata de un fen\u00f3meno en donde la adhesi\u00f3n afectiva de la sociedad se traduce en un mensaje tan simple como contundente: Los misioneros quieren seguir creciendo. (*) Por [&hellip;]","og_url":"https:\/\/cvinoticias.com\/v3\/al-ritmo-del-sentir-del-pueblo\/","og_site_name":"CVI NOTICIAS","article_publisher":"https:\/\/www.facebook.com\/cvinoticias","article_published_time":"2023-04-23T14:50:08+00:00","og_image":[{"width":930,"height":590,"url":"https:\/\/cvinoticias.com\/wp-content\/uploads\/2023\/04\/Screenshot_20230423_114738_Docs.jpg","type":"image\/jpeg"}],"author":"f1000024","twitter_card":"summary_large_image","twitter_misc":{"Escrito por":"f1000024","Tiempo de lectura":"11 minutos"},"schema":{"@context":"https:\/\/schema.org","@graph":[{"@type":"Article","@id":"https:\/\/cvinoticias.com\/v3\/al-ritmo-del-sentir-del-pueblo\/#article","isPartOf":{"@id":"https:\/\/cvinoticias.com\/v3\/al-ritmo-del-sentir-del-pueblo\/"},"author":{"name":"f1000024","@id":"https:\/\/cvinoticias.com\/v3\/#\/schema\/person\/2db77e3c6bc03c538495d7b2b8be9b66"},"headline":"AL RITMO DEL SENTIR DEL PUEBLO","datePublished":"2023-04-23T14:50:08+00:00","mainEntityOfPage":{"@id":"https:\/\/cvinoticias.com\/v3\/al-ritmo-del-sentir-del-pueblo\/"},"wordCount":2252,"commentCount":0,"publisher":{"@id":"https:\/\/cvinoticias.com\/v3\/#organization"},"image":{"@id":"https:\/\/cvinoticias.com\/v3\/al-ritmo-del-sentir-del-pueblo\/#primaryimage"},"thumbnailUrl":"https:\/\/cvinoticias.com\/wp-content\/uploads\/2023\/04\/Screenshot_20230423_114738_Docs.jpg","articleSection":["Politica"],"inLanguage":"es","potentialAction":[{"@type":"CommentAction","name":"Comment","target":["https:\/\/cvinoticias.com\/v3\/al-ritmo-del-sentir-del-pueblo\/#respond"]}]},{"@type":"WebPage","@id":"https:\/\/cvinoticias.com\/v3\/al-ritmo-del-sentir-del-pueblo\/","url":"https:\/\/cvinoticias.com\/v3\/al-ritmo-del-sentir-del-pueblo\/","name":"AL RITMO DEL SENTIR DEL PUEBLO | CVI NOTICIAS","isPartOf":{"@id":"https:\/\/cvinoticias.com\/v3\/#website"},"primaryImageOfPage":{"@id":"https:\/\/cvinoticias.com\/v3\/al-ritmo-del-sentir-del-pueblo\/#primaryimage"},"image":{"@id":"https:\/\/cvinoticias.com\/v3\/al-ritmo-del-sentir-del-pueblo\/#primaryimage"},"thumbnailUrl":"https:\/\/cvinoticias.com\/wp-content\/uploads\/2023\/04\/Screenshot_20230423_114738_Docs.jpg","datePublished":"2023-04-23T14:50:08+00:00","breadcrumb":{"@id":"https:\/\/cvinoticias.com\/v3\/al-ritmo-del-sentir-del-pueblo\/#breadcrumb"},"inLanguage":"es","potentialAction":[{"@type":"ReadAction","target":["https:\/\/cvinoticias.com\/v3\/al-ritmo-del-sentir-del-pueblo\/"]}]},{"@type":"ImageObject","inLanguage":"es","@id":"https:\/\/cvinoticias.com\/v3\/al-ritmo-del-sentir-del-pueblo\/#primaryimage","url":"https:\/\/cvinoticias.com\/wp-content\/uploads\/2023\/04\/Screenshot_20230423_114738_Docs.jpg","contentUrl":"https:\/\/cvinoticias.com\/wp-content\/uploads\/2023\/04\/Screenshot_20230423_114738_Docs.jpg","width":930,"height":590},{"@type":"BreadcrumbList","@id":"https:\/\/cvinoticias.com\/v3\/al-ritmo-del-sentir-del-pueblo\/#breadcrumb","itemListElement":[{"@type":"ListItem","position":1,"name":"Portada","item":"https:\/\/cvinoticias.com\/v3\/"},{"@type":"ListItem","position":2,"name":"AL RITMO DEL SENTIR DEL PUEBLO"}]},{"@type":"WebSite","@id":"https:\/\/cvinoticias.com\/v3\/#website","url":"https:\/\/cvinoticias.com\/v3\/","name":"CVI NOTICIAS","description":"","publisher":{"@id":"https:\/\/cvinoticias.com\/v3\/#organization"},"alternateName":"CVI","potentialAction":[{"@type":"SearchAction","target":{"@type":"EntryPoint","urlTemplate":"https:\/\/cvinoticias.com\/v3\/?s={search_term_string}"},"query-input":{"@type":"PropertyValueSpecification","valueRequired":true,"valueName":"search_term_string"}}],"inLanguage":"es"},{"@type":"Organization","@id":"https:\/\/cvinoticias.com\/v3\/#organization","name":"CVI NOTICIAS","url":"https:\/\/cvinoticias.com\/v3\/","logo":{"@type":"ImageObject","inLanguage":"es","@id":"https:\/\/cvinoticias.com\/v3\/#\/schema\/logo\/image\/","url":"https:\/\/cvinoticias.com\/wp-content\/uploads\/2023\/04\/cropped-cropped-cropped-cropped-cropped-3-1.png","contentUrl":"https:\/\/cvinoticias.com\/wp-content\/uploads\/2023\/04\/cropped-cropped-cropped-cropped-cropped-3-1.png","width":95,"height":122,"caption":"CVI NOTICIAS"},"image":{"@id":"https:\/\/cvinoticias.com\/v3\/#\/schema\/logo\/image\/"},"sameAs":["https:\/\/www.facebook.com\/cvinoticias","https:\/\/www.instagram.com\/cvinoticias\/","https:\/\/www.youtube.com\/@CVINOTICIAS"]},{"@type":"Person","@id":"https:\/\/cvinoticias.com\/v3\/#\/schema\/person\/2db77e3c6bc03c538495d7b2b8be9b66","name":"f1000024","image":{"@type":"ImageObject","inLanguage":"es","@id":"https:\/\/secure.gravatar.com\/avatar\/d4fe7459cfc51ff5129ce1a732bbef5928568b8092d412ef95611616376bbeed?s=96&d=mm&r=g","url":"https:\/\/secure.gravatar.com\/avatar\/d4fe7459cfc51ff5129ce1a732bbef5928568b8092d412ef95611616376bbeed?s=96&d=mm&r=g","contentUrl":"https:\/\/secure.gravatar.com\/avatar\/d4fe7459cfc51ff5129ce1a732bbef5928568b8092d412ef95611616376bbeed?s=96&d=mm&r=g","caption":"f1000024"},"url":"https:\/\/cvinoticias.com\/v3\/author\/f1000024\/"}]}},"_links":{"self":[{"href":"https:\/\/cvinoticias.com\/v3\/wp-json\/wp\/v2\/posts\/24317","targetHints":{"allow":["GET"]}}],"collection":[{"href":"https:\/\/cvinoticias.com\/v3\/wp-json\/wp\/v2\/posts"}],"about":[{"href":"https:\/\/cvinoticias.com\/v3\/wp-json\/wp\/v2\/types\/post"}],"author":[{"embeddable":true,"href":"https:\/\/cvinoticias.com\/v3\/wp-json\/wp\/v2\/users\/2"}],"replies":[{"embeddable":true,"href":"https:\/\/cvinoticias.com\/v3\/wp-json\/wp\/v2\/comments?post=24317"}],"version-history":[{"count":1,"href":"https:\/\/cvinoticias.com\/v3\/wp-json\/wp\/v2\/posts\/24317\/revisions"}],"predecessor-version":[{"id":24319,"href":"https:\/\/cvinoticias.com\/v3\/wp-json\/wp\/v2\/posts\/24317\/revisions\/24319"}],"wp:featuredmedia":[{"embeddable":true,"href":"https:\/\/cvinoticias.com\/v3\/wp-json\/wp\/v2\/media\/24318"}],"wp:attachment":[{"href":"https:\/\/cvinoticias.com\/v3\/wp-json\/wp\/v2\/media?parent=24317"}],"wp:term":[{"taxonomy":"category","embeddable":true,"href":"https:\/\/cvinoticias.com\/v3\/wp-json\/wp\/v2\/categories?post=24317"},{"taxonomy":"post_tag","embeddable":true,"href":"https:\/\/cvinoticias.com\/v3\/wp-json\/wp\/v2\/tags?post=24317"}],"curies":[{"name":"wp","href":"https:\/\/api.w.org\/{rel}","templated":true}]}}