{"id":24308,"date":"2023-04-22T11:06:09","date_gmt":"2023-04-22T11:06:09","guid":{"rendered":"https:\/\/cvinoticias.com\/v3\/?p=24308"},"modified":"2023-04-22T11:06:09","modified_gmt":"2023-04-22T11:06:09","slug":"rodriguez-larreta-sobre-la-decision-de-alberto-fernandez-de-no-ir-por-la-reeleccion-es-una-muestra-mas-del-fracaso-de-este-gobierno-de-todo-el-kirchnerismo-y-de-cristina-kirchner","status":"publish","type":"post","link":"https:\/\/cvinoticias.com\/v3\/rodriguez-larreta-sobre-la-decision-de-alberto-fernandez-de-no-ir-por-la-reeleccion-es-una-muestra-mas-del-fracaso-de-este-gobierno-de-todo-el-kirchnerismo-y-de-cristina-kirchner\/","title":{"rendered":"Rodr\u00edguez Larreta sobre la decisi\u00f3n de Alberto Fern\u00e1ndez de no ir por la reelecci\u00f3n: \u00abEs una muestra m\u00e1s del fracaso de este gobierno, de todo el kirchnerismo y de Cristina Kirchner\u00bb"},"content":{"rendered":"\n<p><strong><em>El precandidato a presidente de Juntos por el Cambio, Horacio Rodr\u00edguez Larreta, se pronunci\u00f3 esta ma\u00f1ana respecto de la decisi\u00f3n de Alberto Fern\u00e1ndez de bajar su candidatura. \u201cEs una muestra m\u00e1s del fracaso de este gobierno, de todo el kirchnerismo y de Cristina Kirchner\u201d, explic\u00f3 Larreta, frente a los medios de comunicaci\u00f3n de Rosario, donde se encuentra hoy, como parte de su agenda de recorridas por el pa\u00eds.<\/em><\/strong><\/p>\n\n\n\n<p>Sobre el impacto concreto de la decisi\u00f3n del presidente en la realidad econ\u00f3mica y social de la Argentina, Larreta concluy\u00f3: \u201cPeor que lo que estamos no podemos estar\u201d e hizo eco de los altos niveles de inflaci\u00f3n y pobreza. Sin embargo, aclar\u00f3 que Alberto Fern\u00e1ndez es responsable hasta el \u00faltimo d\u00eda de su mandato: \u201c\u00c9l gobierna hasta el 10 de diciembre\u201d.<\/p>\n\n\n\n<p>Consultado por el alza del d\u00f3lar de los \u00faltimos d\u00edas, agreg\u00f3: \u201cLa escalada del d\u00f3lar es una expresi\u00f3n m\u00e1s del fracaso de este Gobierno que no ha hecho m\u00e1s que poner parche tras parche.\u00bb<\/p>\n\n\n\n<p>\u00abNo hay rumbo, no hay plan, no hay visi\u00f3n de pa\u00eds y as\u00ed estamos, sufriendo las consecuencias de eso, todos los argentinos\u00bb agreg\u00f3 Rodr\u00edguez Larreta y afirm\u00f3: \u201cYo voy a sacar el pa\u00eds adelante\u201d.<\/p>\n","protected":false},"excerpt":{"rendered":"<p>El precandidato a presidente de Juntos por el Cambio, Horacio Rodr\u00edguez Larreta, se pronunci\u00f3 esta ma\u00f1ana respecto de la decisi\u00f3n de Alberto Fern\u00e1ndez de bajar su candidatura. \u201cEs una muestra m\u00e1s del fracaso de este gobierno, de todo el kirchnerismo y de Cristina Kirchner\u201d, explic\u00f3 Larreta, frente a los medios de comunicaci\u00f3n de Rosario, donde [&hellip;]<\/p>\n","protected":false},"author":2,"featured_media":24309,"comment_status":"open","ping_status":"open","sticky":false,"template":"","format":"standard","meta":{"footnotes":""},"categories":[42],"tags":[],"class_list":["post-24308","post","type-post","status-publish","format-standard","has-post-thumbnail","hentry","category-politica"],"yoast_head":"<!-- This site is optimized with the Yoast SEO plugin v27.4 - https:\/\/yoast.com\/product\/yoast-seo-wordpress\/ -->\n<title>Rodr\u00edguez Larreta sobre la decisi\u00f3n de Alberto Fern\u00e1ndez de no ir por la reelecci\u00f3n: &quot;Es una muestra m\u00e1s del fracaso de este gobierno, de todo el kirchnerismo y de Cristina Kirchner&quot; | CVI NOTICIAS<\/title>\n<meta name=\"robots\" content=\"index, follow, max-snippet:-1, max-image-preview:large, max-video-preview:-1\" \/>\n<link rel=\"canonical\" href=\"https:\/\/cvinoticias.com\/v3\/rodriguez-larreta-sobre-la-decision-de-alberto-fernandez-de-no-ir-por-la-reeleccion-es-una-muestra-mas-del-fracaso-de-este-gobierno-de-todo-el-kirchnerismo-y-de-cristina-kirchner\/\" \/>\n<meta property=\"og:locale\" content=\"es_ES\" \/>\n<meta property=\"og:type\" content=\"article\" \/>\n<meta property=\"og:title\" content=\"Rodr\u00edguez Larreta sobre la decisi\u00f3n de Alberto Fern\u00e1ndez de no ir por la reelecci\u00f3n: &quot;Es una muestra m\u00e1s del fracaso de este gobierno, de todo el kirchnerismo y de Cristina Kirchner&quot; | CVI NOTICIAS\" \/>\n<meta property=\"og:description\" content=\"El precandidato a presidente de Juntos por el Cambio, Horacio Rodr\u00edguez Larreta, se pronunci\u00f3 esta ma\u00f1ana respecto de la decisi\u00f3n de Alberto Fern\u00e1ndez de bajar su candidatura. \u201cEs una muestra m\u00e1s del fracaso de este gobierno, de todo el kirchnerismo y de Cristina Kirchner\u201d, explic\u00f3 Larreta, frente a los medios de comunicaci\u00f3n de Rosario, donde [&hellip;]\" \/>\n<meta property=\"og:url\" content=\"https:\/\/cvinoticias.com\/v3\/rodriguez-larreta-sobre-la-decision-de-alberto-fernandez-de-no-ir-por-la-reeleccion-es-una-muestra-mas-del-fracaso-de-este-gobierno-de-todo-el-kirchnerismo-y-de-cristina-kirchner\/\" \/>\n<meta property=\"og:site_name\" content=\"CVI NOTICIAS\" \/>\n<meta property=\"article:publisher\" content=\"https:\/\/www.facebook.com\/cvinoticias\" \/>\n<meta property=\"article:published_time\" content=\"2023-04-22T11:06:09+00:00\" \/>\n<meta property=\"og:image\" content=\"https:\/\/cvinoticias.com\/wp-content\/uploads\/2023\/04\/IMG-20230421-WA0122.jpg\" \/>\n\t<meta property=\"og:image:width\" content=\"1600\" \/>\n\t<meta property=\"og:image:height\" content=\"1066\" \/>\n\t<meta property=\"og:image:type\" content=\"image\/jpeg\" \/>\n<meta name=\"author\" content=\"f1000024\" \/>\n<meta name=\"twitter:card\" content=\"summary_large_image\" \/>\n<meta name=\"twitter:label1\" content=\"Escrito por\" \/>\n\t<meta name=\"twitter:data1\" content=\"f1000024\" \/>\n\t<meta name=\"twitter:label2\" content=\"Tiempo de lectura\" \/>\n\t<meta name=\"twitter:data2\" content=\"1 minuto\" \/>\n<script type=\"application\/ld+json\" class=\"yoast-schema-graph\">{\"@context\":\"https:\\\/\\\/schema.org\",\"@graph\":[{\"@type\":\"Article\",\"@id\":\"https:\\\/\\\/cvinoticias.com\\\/v3\\\/rodriguez-larreta-sobre-la-decision-de-alberto-fernandez-de-no-ir-por-la-reeleccion-es-una-muestra-mas-del-fracaso-de-este-gobierno-de-todo-el-kirchnerismo-y-de-cristina-kirchner\\\/#article\",\"isPartOf\":{\"@id\":\"https:\\\/\\\/cvinoticias.com\\\/v3\\\/rodriguez-larreta-sobre-la-decision-de-alberto-fernandez-de-no-ir-por-la-reeleccion-es-una-muestra-mas-del-fracaso-de-este-gobierno-de-todo-el-kirchnerismo-y-de-cristina-kirchner\\\/\"},\"author\":{\"name\":\"f1000024\",\"@id\":\"https:\\\/\\\/cvinoticias.com\\\/v3\\\/#\\\/schema\\\/person\\\/2db77e3c6bc03c538495d7b2b8be9b66\"},\"headline\":\"Rodr\u00edguez Larreta sobre la decisi\u00f3n de Alberto Fern\u00e1ndez de no ir por la reelecci\u00f3n: \u00abEs una muestra m\u00e1s del fracaso de este gobierno, de todo el kirchnerismo y de Cristina Kirchner\u00bb\",\"datePublished\":\"2023-04-22T11:06:09+00:00\",\"mainEntityOfPage\":{\"@id\":\"https:\\\/\\\/cvinoticias.com\\\/v3\\\/rodriguez-larreta-sobre-la-decision-de-alberto-fernandez-de-no-ir-por-la-reeleccion-es-una-muestra-mas-del-fracaso-de-este-gobierno-de-todo-el-kirchnerismo-y-de-cristina-kirchner\\\/\"},\"wordCount\":254,\"commentCount\":0,\"publisher\":{\"@id\":\"https:\\\/\\\/cvinoticias.com\\\/v3\\\/#organization\"},\"image\":{\"@id\":\"https:\\\/\\\/cvinoticias.com\\\/v3\\\/rodriguez-larreta-sobre-la-decision-de-alberto-fernandez-de-no-ir-por-la-reeleccion-es-una-muestra-mas-del-fracaso-de-este-gobierno-de-todo-el-kirchnerismo-y-de-cristina-kirchner\\\/#primaryimage\"},\"thumbnailUrl\":\"https:\\\/\\\/cvinoticias.com\\\/wp-content\\\/uploads\\\/2023\\\/04\\\/IMG-20230421-WA0122.jpg\",\"articleSection\":[\"Politica\"],\"inLanguage\":\"es\",\"potentialAction\":[{\"@type\":\"CommentAction\",\"name\":\"Comment\",\"target\":[\"https:\\\/\\\/cvinoticias.com\\\/v3\\\/rodriguez-larreta-sobre-la-decision-de-alberto-fernandez-de-no-ir-por-la-reeleccion-es-una-muestra-mas-del-fracaso-de-este-gobierno-de-todo-el-kirchnerismo-y-de-cristina-kirchner\\\/#respond\"]}]},{\"@type\":\"WebPage\",\"@id\":\"https:\\\/\\\/cvinoticias.com\\\/v3\\\/rodriguez-larreta-sobre-la-decision-de-alberto-fernandez-de-no-ir-por-la-reeleccion-es-una-muestra-mas-del-fracaso-de-este-gobierno-de-todo-el-kirchnerismo-y-de-cristina-kirchner\\\/\",\"url\":\"https:\\\/\\\/cvinoticias.com\\\/v3\\\/rodriguez-larreta-sobre-la-decision-de-alberto-fernandez-de-no-ir-por-la-reeleccion-es-una-muestra-mas-del-fracaso-de-este-gobierno-de-todo-el-kirchnerismo-y-de-cristina-kirchner\\\/\",\"name\":\"Rodr\u00edguez Larreta sobre la decisi\u00f3n de Alberto Fern\u00e1ndez de no ir por la reelecci\u00f3n: \\\"Es una muestra m\u00e1s del fracaso de este gobierno, de todo el kirchnerismo y de Cristina Kirchner\\\" | CVI NOTICIAS\",\"isPartOf\":{\"@id\":\"https:\\\/\\\/cvinoticias.com\\\/v3\\\/#website\"},\"primaryImageOfPage\":{\"@id\":\"https:\\\/\\\/cvinoticias.com\\\/v3\\\/rodriguez-larreta-sobre-la-decision-de-alberto-fernandez-de-no-ir-por-la-reeleccion-es-una-muestra-mas-del-fracaso-de-este-gobierno-de-todo-el-kirchnerismo-y-de-cristina-kirchner\\\/#primaryimage\"},\"image\":{\"@id\":\"https:\\\/\\\/cvinoticias.com\\\/v3\\\/rodriguez-larreta-sobre-la-decision-de-alberto-fernandez-de-no-ir-por-la-reeleccion-es-una-muestra-mas-del-fracaso-de-este-gobierno-de-todo-el-kirchnerismo-y-de-cristina-kirchner\\\/#primaryimage\"},\"thumbnailUrl\":\"https:\\\/\\\/cvinoticias.com\\\/wp-content\\\/uploads\\\/2023\\\/04\\\/IMG-20230421-WA0122.jpg\",\"datePublished\":\"2023-04-22T11:06:09+00:00\",\"breadcrumb\":{\"@id\":\"https:\\\/\\\/cvinoticias.com\\\/v3\\\/rodriguez-larreta-sobre-la-decision-de-alberto-fernandez-de-no-ir-por-la-reeleccion-es-una-muestra-mas-del-fracaso-de-este-gobierno-de-todo-el-kirchnerismo-y-de-cristina-kirchner\\\/#breadcrumb\"},\"inLanguage\":\"es\",\"potentialAction\":[{\"@type\":\"ReadAction\",\"target\":[\"https:\\\/\\\/cvinoticias.com\\\/v3\\\/rodriguez-larreta-sobre-la-decision-de-alberto-fernandez-de-no-ir-por-la-reeleccion-es-una-muestra-mas-del-fracaso-de-este-gobierno-de-todo-el-kirchnerismo-y-de-cristina-kirchner\\\/\"]}]},{\"@type\":\"ImageObject\",\"inLanguage\":\"es\",\"@id\":\"https:\\\/\\\/cvinoticias.com\\\/v3\\\/rodriguez-larreta-sobre-la-decision-de-alberto-fernandez-de-no-ir-por-la-reeleccion-es-una-muestra-mas-del-fracaso-de-este-gobierno-de-todo-el-kirchnerismo-y-de-cristina-kirchner\\\/#primaryimage\",\"url\":\"https:\\\/\\\/cvinoticias.com\\\/wp-content\\\/uploads\\\/2023\\\/04\\\/IMG-20230421-WA0122.jpg\",\"contentUrl\":\"https:\\\/\\\/cvinoticias.com\\\/wp-content\\\/uploads\\\/2023\\\/04\\\/IMG-20230421-WA0122.jpg\",\"width\":1600,\"height\":1066},{\"@type\":\"BreadcrumbList\",\"@id\":\"https:\\\/\\\/cvinoticias.com\\\/v3\\\/rodriguez-larreta-sobre-la-decision-de-alberto-fernandez-de-no-ir-por-la-reeleccion-es-una-muestra-mas-del-fracaso-de-este-gobierno-de-todo-el-kirchnerismo-y-de-cristina-kirchner\\\/#breadcrumb\",\"itemListElement\":[{\"@type\":\"ListItem\",\"position\":1,\"name\":\"Portada\",\"item\":\"https:\\\/\\\/cvinoticias.com\\\/v3\\\/\"},{\"@type\":\"ListItem\",\"position\":2,\"name\":\"Rodr\u00edguez Larreta sobre la decisi\u00f3n de Alberto Fern\u00e1ndez de no ir por la reelecci\u00f3n: \u00abEs una muestra m\u00e1s del fracaso de este gobierno, de todo el kirchnerismo y de Cristina Kirchner\u00bb\"}]},{\"@type\":\"WebSite\",\"@id\":\"https:\\\/\\\/cvinoticias.com\\\/v3\\\/#website\",\"url\":\"https:\\\/\\\/cvinoticias.com\\\/v3\\\/\",\"name\":\"CVI NOTICIAS\",\"description\":\"\",\"publisher\":{\"@id\":\"https:\\\/\\\/cvinoticias.com\\\/v3\\\/#organization\"},\"alternateName\":\"CVI\",\"potentialAction\":[{\"@type\":\"SearchAction\",\"target\":{\"@type\":\"EntryPoint\",\"urlTemplate\":\"https:\\\/\\\/cvinoticias.com\\\/v3\\\/?s={search_term_string}\"},\"query-input\":{\"@type\":\"PropertyValueSpecification\",\"valueRequired\":true,\"valueName\":\"search_term_string\"}}],\"inLanguage\":\"es\"},{\"@type\":\"Organization\",\"@id\":\"https:\\\/\\\/cvinoticias.com\\\/v3\\\/#organization\",\"name\":\"CVI NOTICIAS\",\"url\":\"https:\\\/\\\/cvinoticias.com\\\/v3\\\/\",\"logo\":{\"@type\":\"ImageObject\",\"inLanguage\":\"es\",\"@id\":\"https:\\\/\\\/cvinoticias.com\\\/v3\\\/#\\\/schema\\\/logo\\\/image\\\/\",\"url\":\"https:\\\/\\\/cvinoticias.com\\\/wp-content\\\/uploads\\\/2023\\\/04\\\/cropped-cropped-cropped-cropped-cropped-3-1.png\",\"contentUrl\":\"https:\\\/\\\/cvinoticias.com\\\/wp-content\\\/uploads\\\/2023\\\/04\\\/cropped-cropped-cropped-cropped-cropped-3-1.png\",\"width\":95,\"height\":122,\"caption\":\"CVI NOTICIAS\"},\"image\":{\"@id\":\"https:\\\/\\\/cvinoticias.com\\\/v3\\\/#\\\/schema\\\/logo\\\/image\\\/\"},\"sameAs\":[\"https:\\\/\\\/www.facebook.com\\\/cvinoticias\",\"https:\\\/\\\/www.instagram.com\\\/cvinoticias\\\/\",\"https:\\\/\\\/www.youtube.com\\\/@CVINOTICIAS\"]},{\"@type\":\"Person\",\"@id\":\"https:\\\/\\\/cvinoticias.com\\\/v3\\\/#\\\/schema\\\/person\\\/2db77e3c6bc03c538495d7b2b8be9b66\",\"name\":\"f1000024\",\"image\":{\"@type\":\"ImageObject\",\"inLanguage\":\"es\",\"@id\":\"https:\\\/\\\/secure.gravatar.com\\\/avatar\\\/d4fe7459cfc51ff5129ce1a732bbef5928568b8092d412ef95611616376bbeed?s=96&d=mm&r=g\",\"url\":\"https:\\\/\\\/secure.gravatar.com\\\/avatar\\\/d4fe7459cfc51ff5129ce1a732bbef5928568b8092d412ef95611616376bbeed?s=96&d=mm&r=g\",\"contentUrl\":\"https:\\\/\\\/secure.gravatar.com\\\/avatar\\\/d4fe7459cfc51ff5129ce1a732bbef5928568b8092d412ef95611616376bbeed?s=96&d=mm&r=g\",\"caption\":\"f1000024\"},\"url\":\"https:\\\/\\\/cvinoticias.com\\\/v3\\\/author\\\/f1000024\\\/\"}]}<\/script>\n<!-- \/ Yoast SEO plugin. -->","yoast_head_json":{"title":"Rodr\u00edguez Larreta sobre la decisi\u00f3n de Alberto Fern\u00e1ndez de no ir por la reelecci\u00f3n: \"Es una muestra m\u00e1s del fracaso de este gobierno, de todo el kirchnerismo y de Cristina Kirchner\" | CVI NOTICIAS","robots":{"index":"index","follow":"follow","max-snippet":"max-snippet:-1","max-image-preview":"max-image-preview:large","max-video-preview":"max-video-preview:-1"},"canonical":"https:\/\/cvinoticias.com\/v3\/rodriguez-larreta-sobre-la-decision-de-alberto-fernandez-de-no-ir-por-la-reeleccion-es-una-muestra-mas-del-fracaso-de-este-gobierno-de-todo-el-kirchnerismo-y-de-cristina-kirchner\/","og_locale":"es_ES","og_type":"article","og_title":"Rodr\u00edguez Larreta sobre la decisi\u00f3n de Alberto Fern\u00e1ndez de no ir por la reelecci\u00f3n: \"Es una muestra m\u00e1s del fracaso de este gobierno, de todo el kirchnerismo y de Cristina Kirchner\" | CVI NOTICIAS","og_description":"El precandidato a presidente de Juntos por el Cambio, Horacio Rodr\u00edguez Larreta, se pronunci\u00f3 esta ma\u00f1ana respecto de la decisi\u00f3n de Alberto Fern\u00e1ndez de bajar su candidatura. \u201cEs una muestra m\u00e1s del fracaso de este gobierno, de todo el kirchnerismo y de Cristina Kirchner\u201d, explic\u00f3 Larreta, frente a los medios de comunicaci\u00f3n de Rosario, donde [&hellip;]","og_url":"https:\/\/cvinoticias.com\/v3\/rodriguez-larreta-sobre-la-decision-de-alberto-fernandez-de-no-ir-por-la-reeleccion-es-una-muestra-mas-del-fracaso-de-este-gobierno-de-todo-el-kirchnerismo-y-de-cristina-kirchner\/","og_site_name":"CVI NOTICIAS","article_publisher":"https:\/\/www.facebook.com\/cvinoticias","article_published_time":"2023-04-22T11:06:09+00:00","og_image":[{"width":1600,"height":1066,"url":"https:\/\/cvinoticias.com\/wp-content\/uploads\/2023\/04\/IMG-20230421-WA0122.jpg","type":"image\/jpeg"}],"author":"f1000024","twitter_card":"summary_large_image","twitter_misc":{"Escrito por":"f1000024","Tiempo de lectura":"1 minuto"},"schema":{"@context":"https:\/\/schema.org","@graph":[{"@type":"Article","@id":"https:\/\/cvinoticias.com\/v3\/rodriguez-larreta-sobre-la-decision-de-alberto-fernandez-de-no-ir-por-la-reeleccion-es-una-muestra-mas-del-fracaso-de-este-gobierno-de-todo-el-kirchnerismo-y-de-cristina-kirchner\/#article","isPartOf":{"@id":"https:\/\/cvinoticias.com\/v3\/rodriguez-larreta-sobre-la-decision-de-alberto-fernandez-de-no-ir-por-la-reeleccion-es-una-muestra-mas-del-fracaso-de-este-gobierno-de-todo-el-kirchnerismo-y-de-cristina-kirchner\/"},"author":{"name":"f1000024","@id":"https:\/\/cvinoticias.com\/v3\/#\/schema\/person\/2db77e3c6bc03c538495d7b2b8be9b66"},"headline":"Rodr\u00edguez Larreta sobre la decisi\u00f3n de Alberto Fern\u00e1ndez de no ir por la reelecci\u00f3n: \u00abEs una muestra m\u00e1s del fracaso de este gobierno, de todo el kirchnerismo y de Cristina Kirchner\u00bb","datePublished":"2023-04-22T11:06:09+00:00","mainEntityOfPage":{"@id":"https:\/\/cvinoticias.com\/v3\/rodriguez-larreta-sobre-la-decision-de-alberto-fernandez-de-no-ir-por-la-reeleccion-es-una-muestra-mas-del-fracaso-de-este-gobierno-de-todo-el-kirchnerismo-y-de-cristina-kirchner\/"},"wordCount":254,"commentCount":0,"publisher":{"@id":"https:\/\/cvinoticias.com\/v3\/#organization"},"image":{"@id":"https:\/\/cvinoticias.com\/v3\/rodriguez-larreta-sobre-la-decision-de-alberto-fernandez-de-no-ir-por-la-reeleccion-es-una-muestra-mas-del-fracaso-de-este-gobierno-de-todo-el-kirchnerismo-y-de-cristina-kirchner\/#primaryimage"},"thumbnailUrl":"https:\/\/cvinoticias.com\/wp-content\/uploads\/2023\/04\/IMG-20230421-WA0122.jpg","articleSection":["Politica"],"inLanguage":"es","potentialAction":[{"@type":"CommentAction","name":"Comment","target":["https:\/\/cvinoticias.com\/v3\/rodriguez-larreta-sobre-la-decision-de-alberto-fernandez-de-no-ir-por-la-reeleccion-es-una-muestra-mas-del-fracaso-de-este-gobierno-de-todo-el-kirchnerismo-y-de-cristina-kirchner\/#respond"]}]},{"@type":"WebPage","@id":"https:\/\/cvinoticias.com\/v3\/rodriguez-larreta-sobre-la-decision-de-alberto-fernandez-de-no-ir-por-la-reeleccion-es-una-muestra-mas-del-fracaso-de-este-gobierno-de-todo-el-kirchnerismo-y-de-cristina-kirchner\/","url":"https:\/\/cvinoticias.com\/v3\/rodriguez-larreta-sobre-la-decision-de-alberto-fernandez-de-no-ir-por-la-reeleccion-es-una-muestra-mas-del-fracaso-de-este-gobierno-de-todo-el-kirchnerismo-y-de-cristina-kirchner\/","name":"Rodr\u00edguez Larreta sobre la decisi\u00f3n de Alberto Fern\u00e1ndez de no ir por la reelecci\u00f3n: \"Es una muestra m\u00e1s del fracaso de este gobierno, de todo el kirchnerismo y de Cristina Kirchner\" | CVI NOTICIAS","isPartOf":{"@id":"https:\/\/cvinoticias.com\/v3\/#website"},"primaryImageOfPage":{"@id":"https:\/\/cvinoticias.com\/v3\/rodriguez-larreta-sobre-la-decision-de-alberto-fernandez-de-no-ir-por-la-reeleccion-es-una-muestra-mas-del-fracaso-de-este-gobierno-de-todo-el-kirchnerismo-y-de-cristina-kirchner\/#primaryimage"},"image":{"@id":"https:\/\/cvinoticias.com\/v3\/rodriguez-larreta-sobre-la-decision-de-alberto-fernandez-de-no-ir-por-la-reeleccion-es-una-muestra-mas-del-fracaso-de-este-gobierno-de-todo-el-kirchnerismo-y-de-cristina-kirchner\/#primaryimage"},"thumbnailUrl":"https:\/\/cvinoticias.com\/wp-content\/uploads\/2023\/04\/IMG-20230421-WA0122.jpg","datePublished":"2023-04-22T11:06:09+00:00","breadcrumb":{"@id":"https:\/\/cvinoticias.com\/v3\/rodriguez-larreta-sobre-la-decision-de-alberto-fernandez-de-no-ir-por-la-reeleccion-es-una-muestra-mas-del-fracaso-de-este-gobierno-de-todo-el-kirchnerismo-y-de-cristina-kirchner\/#breadcrumb"},"inLanguage":"es","potentialAction":[{"@type":"ReadAction","target":["https:\/\/cvinoticias.com\/v3\/rodriguez-larreta-sobre-la-decision-de-alberto-fernandez-de-no-ir-por-la-reeleccion-es-una-muestra-mas-del-fracaso-de-este-gobierno-de-todo-el-kirchnerismo-y-de-cristina-kirchner\/"]}]},{"@type":"ImageObject","inLanguage":"es","@id":"https:\/\/cvinoticias.com\/v3\/rodriguez-larreta-sobre-la-decision-de-alberto-fernandez-de-no-ir-por-la-reeleccion-es-una-muestra-mas-del-fracaso-de-este-gobierno-de-todo-el-kirchnerismo-y-de-cristina-kirchner\/#primaryimage","url":"https:\/\/cvinoticias.com\/wp-content\/uploads\/2023\/04\/IMG-20230421-WA0122.jpg","contentUrl":"https:\/\/cvinoticias.com\/wp-content\/uploads\/2023\/04\/IMG-20230421-WA0122.jpg","width":1600,"height":1066},{"@type":"BreadcrumbList","@id":"https:\/\/cvinoticias.com\/v3\/rodriguez-larreta-sobre-la-decision-de-alberto-fernandez-de-no-ir-por-la-reeleccion-es-una-muestra-mas-del-fracaso-de-este-gobierno-de-todo-el-kirchnerismo-y-de-cristina-kirchner\/#breadcrumb","itemListElement":[{"@type":"ListItem","position":1,"name":"Portada","item":"https:\/\/cvinoticias.com\/v3\/"},{"@type":"ListItem","position":2,"name":"Rodr\u00edguez Larreta sobre la decisi\u00f3n de Alberto Fern\u00e1ndez de no ir por la reelecci\u00f3n: \u00abEs una muestra m\u00e1s del fracaso de este gobierno, de todo el kirchnerismo y de Cristina Kirchner\u00bb"}]},{"@type":"WebSite","@id":"https:\/\/cvinoticias.com\/v3\/#website","url":"https:\/\/cvinoticias.com\/v3\/","name":"CVI NOTICIAS","description":"","publisher":{"@id":"https:\/\/cvinoticias.com\/v3\/#organization"},"alternateName":"CVI","potentialAction":[{"@type":"SearchAction","target":{"@type":"EntryPoint","urlTemplate":"https:\/\/cvinoticias.com\/v3\/?s={search_term_string}"},"query-input":{"@type":"PropertyValueSpecification","valueRequired":true,"valueName":"search_term_string"}}],"inLanguage":"es"},{"@type":"Organization","@id":"https:\/\/cvinoticias.com\/v3\/#organization","name":"CVI NOTICIAS","url":"https:\/\/cvinoticias.com\/v3\/","logo":{"@type":"ImageObject","inLanguage":"es","@id":"https:\/\/cvinoticias.com\/v3\/#\/schema\/logo\/image\/","url":"https:\/\/cvinoticias.com\/wp-content\/uploads\/2023\/04\/cropped-cropped-cropped-cropped-cropped-3-1.png","contentUrl":"https:\/\/cvinoticias.com\/wp-content\/uploads\/2023\/04\/cropped-cropped-cropped-cropped-cropped-3-1.png","width":95,"height":122,"caption":"CVI NOTICIAS"},"image":{"@id":"https:\/\/cvinoticias.com\/v3\/#\/schema\/logo\/image\/"},"sameAs":["https:\/\/www.facebook.com\/cvinoticias","https:\/\/www.instagram.com\/cvinoticias\/","https:\/\/www.youtube.com\/@CVINOTICIAS"]},{"@type":"Person","@id":"https:\/\/cvinoticias.com\/v3\/#\/schema\/person\/2db77e3c6bc03c538495d7b2b8be9b66","name":"f1000024","image":{"@type":"ImageObject","inLanguage":"es","@id":"https:\/\/secure.gravatar.com\/avatar\/d4fe7459cfc51ff5129ce1a732bbef5928568b8092d412ef95611616376bbeed?s=96&d=mm&r=g","url":"https:\/\/secure.gravatar.com\/avatar\/d4fe7459cfc51ff5129ce1a732bbef5928568b8092d412ef95611616376bbeed?s=96&d=mm&r=g","contentUrl":"https:\/\/secure.gravatar.com\/avatar\/d4fe7459cfc51ff5129ce1a732bbef5928568b8092d412ef95611616376bbeed?s=96&d=mm&r=g","caption":"f1000024"},"url":"https:\/\/cvinoticias.com\/v3\/author\/f1000024\/"}]}},"_links":{"self":[{"href":"https:\/\/cvinoticias.com\/v3\/wp-json\/wp\/v2\/posts\/24308","targetHints":{"allow":["GET"]}}],"collection":[{"href":"https:\/\/cvinoticias.com\/v3\/wp-json\/wp\/v2\/posts"}],"about":[{"href":"https:\/\/cvinoticias.com\/v3\/wp-json\/wp\/v2\/types\/post"}],"author":[{"embeddable":true,"href":"https:\/\/cvinoticias.com\/v3\/wp-json\/wp\/v2\/users\/2"}],"replies":[{"embeddable":true,"href":"https:\/\/cvinoticias.com\/v3\/wp-json\/wp\/v2\/comments?post=24308"}],"version-history":[{"count":1,"href":"https:\/\/cvinoticias.com\/v3\/wp-json\/wp\/v2\/posts\/24308\/revisions"}],"predecessor-version":[{"id":24310,"href":"https:\/\/cvinoticias.com\/v3\/wp-json\/wp\/v2\/posts\/24308\/revisions\/24310"}],"wp:featuredmedia":[{"embeddable":true,"href":"https:\/\/cvinoticias.com\/v3\/wp-json\/wp\/v2\/media\/24309"}],"wp:attachment":[{"href":"https:\/\/cvinoticias.com\/v3\/wp-json\/wp\/v2\/media?parent=24308"}],"wp:term":[{"taxonomy":"category","embeddable":true,"href":"https:\/\/cvinoticias.com\/v3\/wp-json\/wp\/v2\/categories?post=24308"},{"taxonomy":"post_tag","embeddable":true,"href":"https:\/\/cvinoticias.com\/v3\/wp-json\/wp\/v2\/tags?post=24308"}],"curies":[{"name":"wp","href":"https:\/\/api.w.org\/{rel}","templated":true}]}}