{"id":24297,"date":"2023-04-21T19:13:01","date_gmt":"2023-04-21T19:13:01","guid":{"rendered":"https:\/\/cvinoticias.com\/v3\/?p=24297"},"modified":"2023-04-21T19:14:03","modified_gmt":"2023-04-21T19:14:03","slug":"alberto-fernandez-no-ira-por-su-reeleccion","status":"publish","type":"post","link":"https:\/\/cvinoticias.com\/v3\/alberto-fernandez-no-ira-por-su-reeleccion\/","title":{"rendered":"Alberto Fern\u00e1ndez no ir\u00e1 por su reelecci\u00f3n"},"content":{"rendered":"\n<p><strong><em>As\u00ed lo anunci\u00f3 el presidente a trav\u00e9s de un extenso video en sus redes sociales. Sin embargo, llam\u00f3 a elegir el candidato del Frente de Todos mediante las PASO.<\/em><\/strong><\/p>\n\n\n\n<p>El presidente Alberto Fern\u00e1ndez anunci\u00f3 este viernes su decisi\u00f3n de no presentarse a la reelecci\u00f3n en los comicios de este a\u00f1o y \u00abconcentrar todo el esfuerzo en resolver los problemas de los argentinos\u00bb, as\u00ed como ponerse al frente de la campa\u00f1a del Frente de Todos para que sus candidatos \u00abgaranticen que no volver\u00e1 la derecha a traernos su pesadilla y su oscuridad\u00bb.<\/p>\n\n\n\n<p>\u00abTengo que concentrar mi esfuerzo, mi compromiso y coraz\u00f3n en resolver los problemas de los argentinos\u00bb, expres\u00f3 el mandatario en un video difundido en redes sociales, titulado \u00abMi decisi\u00f3n\u00bb, en el que, adem\u00e1s, asever\u00f3 que \u00abel contexto econ\u00f3mico\u00bb lo obliga a dedicar todos sus esfuerzos a dar respuesta a \u00ablos problemas de la Argentina\u00bb.<\/p>\n\n\n\n<p>En ese marco, afirm\u00f3 que el 10 de diciembre entregar\u00e1 \u00abla banda a quien haya sido leg\u00edtimamente elegido en las urnas por el voto popular\u00bb y dijo que trabajar\u00e1 \u00abfervientemente para que sea un compa\u00f1ero o compa\u00f1era de nuestro espacio que represente a aquellos por quienes seguimos luchando\u00bb.<\/p>\n\n\n\n<p>El video fue difundido \u00aben las v\u00edsperas de cumplir 20 a\u00f1os de la llegada de N\u00e9stor Kirchner al poder\u00bb que se recordar\u00e1 el pr\u00f3ximo 25 de mayo, seg\u00fan indica el mandatario al inicio del video que dura poco m\u00e1s de 7 minutos.<\/p>\n\n\n\n<p>\u00abEl contexto econ\u00f3mico me obliga a dedicar todos mis esfuerzos a atender los dif\u00edciles momentos que atraviesa Argentina\u00bb, se\u00f1al\u00f3 el jefe de Estado.<\/p>\n\n\n\n<p>Luego agreg\u00f3: \u00abCreo que las PASO (Primarias, Abiertas, Simult\u00e1neas y Obligatorias) son el veh\u00edculo para que la sociedad seleccione a los hombres y mujeres de nuestro frente en las pr\u00f3ximas elecciones generales\u00bb, y asever\u00f3 que como presidente del Partido Justicialista \u00abgarantizar\u00e1 que todos y todas los que se sientan capacitados para encarar este desaf\u00edo, puedan hacerlo\u00bb.<\/p>\n\n\n\n<p>Tambi\u00e9n sostuvo la necesidad de encarar un \u00abnuevo ciclo virtuoso\u00bb y calific\u00f3 al FdT como \u00abel espacio que garantiza que no volver\u00e1 la derecha\u00bb que trae \u00absu pesadilla y su oscuridad\u00bb.<\/p>\n\n\n\n<p>En otro tramo del mensaje, subray\u00f3 que durante su gesti\u00f3n \u00abevit\u00f3 toda escalada en los conflictos\u00bb y que eso permite que el oficialismo \u00abllegue unido antes de una nueva contienda electoral\u00bb y que el mismo se \u00abfortalecer\u00e1 con la competencia\u00bb y \u00abcon la militancia\u00bb.<\/p>\n","protected":false},"excerpt":{"rendered":"<p>As\u00ed lo anunci\u00f3 el presidente a trav\u00e9s de un extenso video en sus redes sociales. Sin embargo, llam\u00f3 a elegir el candidato del Frente de Todos mediante las PASO. El presidente Alberto Fern\u00e1ndez anunci\u00f3 este viernes su decisi\u00f3n de no presentarse a la reelecci\u00f3n en los comicios de este a\u00f1o y \u00abconcentrar todo el esfuerzo [&hellip;]<\/p>\n","protected":false},"author":2,"featured_media":24298,"comment_status":"open","ping_status":"open","sticky":false,"template":"","format":"standard","meta":{"footnotes":""},"categories":[42],"tags":[],"class_list":["post-24297","post","type-post","status-publish","format-standard","has-post-thumbnail","hentry","category-politica"],"yoast_head":"<!-- This site is optimized with the Yoast SEO plugin v27.5 - https:\/\/yoast.com\/product\/yoast-seo-wordpress\/ -->\n<title>Alberto Fern\u00e1ndez no ir\u00e1 por su reelecci\u00f3n | CVI NOTICIAS<\/title>\n<meta name=\"robots\" content=\"index, follow, max-snippet:-1, max-image-preview:large, max-video-preview:-1\" \/>\n<link rel=\"canonical\" href=\"https:\/\/cvinoticias.com\/v3\/alberto-fernandez-no-ira-por-su-reeleccion\/\" \/>\n<meta property=\"og:locale\" content=\"es_ES\" \/>\n<meta property=\"og:type\" content=\"article\" \/>\n<meta property=\"og:title\" content=\"Alberto Fern\u00e1ndez no ir\u00e1 por su reelecci\u00f3n | CVI NOTICIAS\" \/>\n<meta property=\"og:description\" content=\"As\u00ed lo anunci\u00f3 el presidente a trav\u00e9s de un extenso video en sus redes sociales. Sin embargo, llam\u00f3 a elegir el candidato del Frente de Todos mediante las PASO. El presidente Alberto Fern\u00e1ndez anunci\u00f3 este viernes su decisi\u00f3n de no presentarse a la reelecci\u00f3n en los comicios de este a\u00f1o y \u00abconcentrar todo el esfuerzo [&hellip;]\" \/>\n<meta property=\"og:url\" content=\"https:\/\/cvinoticias.com\/v3\/alberto-fernandez-no-ira-por-su-reeleccion\/\" \/>\n<meta property=\"og:site_name\" content=\"CVI NOTICIAS\" \/>\n<meta property=\"article:publisher\" content=\"https:\/\/www.facebook.com\/cvinoticias\" \/>\n<meta property=\"article:published_time\" content=\"2023-04-21T19:13:01+00:00\" \/>\n<meta property=\"article:modified_time\" content=\"2023-04-21T19:14:03+00:00\" \/>\n<meta property=\"og:image\" content=\"https:\/\/cvinoticias.com\/wp-content\/uploads\/2023\/04\/f608x342-187884_217607_0.jpg\" \/>\n\t<meta property=\"og:image:width\" content=\"608\" \/>\n\t<meta property=\"og:image:height\" content=\"342\" \/>\n\t<meta property=\"og:image:type\" content=\"image\/jpeg\" \/>\n<meta name=\"author\" content=\"f1000024\" \/>\n<meta name=\"twitter:card\" content=\"summary_large_image\" \/>\n<meta name=\"twitter:label1\" content=\"Escrito por\" \/>\n\t<meta name=\"twitter:data1\" content=\"f1000024\" \/>\n\t<meta name=\"twitter:label2\" content=\"Tiempo de lectura\" \/>\n\t<meta name=\"twitter:data2\" content=\"2 minutos\" \/>\n<script type=\"application\/ld+json\" class=\"yoast-schema-graph\">{\"@context\":\"https:\\\/\\\/schema.org\",\"@graph\":[{\"@type\":\"Article\",\"@id\":\"https:\\\/\\\/cvinoticias.com\\\/v3\\\/alberto-fernandez-no-ira-por-su-reeleccion\\\/#article\",\"isPartOf\":{\"@id\":\"https:\\\/\\\/cvinoticias.com\\\/v3\\\/alberto-fernandez-no-ira-por-su-reeleccion\\\/\"},\"author\":{\"name\":\"f1000024\",\"@id\":\"https:\\\/\\\/cvinoticias.com\\\/v3\\\/#\\\/schema\\\/person\\\/2db77e3c6bc03c538495d7b2b8be9b66\"},\"headline\":\"Alberto Fern\u00e1ndez no ir\u00e1 por su reelecci\u00f3n\",\"datePublished\":\"2023-04-21T19:13:01+00:00\",\"dateModified\":\"2023-04-21T19:14:03+00:00\",\"mainEntityOfPage\":{\"@id\":\"https:\\\/\\\/cvinoticias.com\\\/v3\\\/alberto-fernandez-no-ira-por-su-reeleccion\\\/\"},\"wordCount\":422,\"commentCount\":0,\"publisher\":{\"@id\":\"https:\\\/\\\/cvinoticias.com\\\/v3\\\/#organization\"},\"image\":{\"@id\":\"https:\\\/\\\/cvinoticias.com\\\/v3\\\/alberto-fernandez-no-ira-por-su-reeleccion\\\/#primaryimage\"},\"thumbnailUrl\":\"https:\\\/\\\/cvinoticias.com\\\/wp-content\\\/uploads\\\/2023\\\/04\\\/f608x342-187884_217607_0.jpg\",\"articleSection\":[\"Politica\"],\"inLanguage\":\"es\",\"potentialAction\":[{\"@type\":\"CommentAction\",\"name\":\"Comment\",\"target\":[\"https:\\\/\\\/cvinoticias.com\\\/v3\\\/alberto-fernandez-no-ira-por-su-reeleccion\\\/#respond\"]}]},{\"@type\":\"WebPage\",\"@id\":\"https:\\\/\\\/cvinoticias.com\\\/v3\\\/alberto-fernandez-no-ira-por-su-reeleccion\\\/\",\"url\":\"https:\\\/\\\/cvinoticias.com\\\/v3\\\/alberto-fernandez-no-ira-por-su-reeleccion\\\/\",\"name\":\"Alberto Fern\u00e1ndez no ir\u00e1 por su reelecci\u00f3n | CVI NOTICIAS\",\"isPartOf\":{\"@id\":\"https:\\\/\\\/cvinoticias.com\\\/v3\\\/#website\"},\"primaryImageOfPage\":{\"@id\":\"https:\\\/\\\/cvinoticias.com\\\/v3\\\/alberto-fernandez-no-ira-por-su-reeleccion\\\/#primaryimage\"},\"image\":{\"@id\":\"https:\\\/\\\/cvinoticias.com\\\/v3\\\/alberto-fernandez-no-ira-por-su-reeleccion\\\/#primaryimage\"},\"thumbnailUrl\":\"https:\\\/\\\/cvinoticias.com\\\/wp-content\\\/uploads\\\/2023\\\/04\\\/f608x342-187884_217607_0.jpg\",\"datePublished\":\"2023-04-21T19:13:01+00:00\",\"dateModified\":\"2023-04-21T19:14:03+00:00\",\"breadcrumb\":{\"@id\":\"https:\\\/\\\/cvinoticias.com\\\/v3\\\/alberto-fernandez-no-ira-por-su-reeleccion\\\/#breadcrumb\"},\"inLanguage\":\"es\",\"potentialAction\":[{\"@type\":\"ReadAction\",\"target\":[\"https:\\\/\\\/cvinoticias.com\\\/v3\\\/alberto-fernandez-no-ira-por-su-reeleccion\\\/\"]}]},{\"@type\":\"ImageObject\",\"inLanguage\":\"es\",\"@id\":\"https:\\\/\\\/cvinoticias.com\\\/v3\\\/alberto-fernandez-no-ira-por-su-reeleccion\\\/#primaryimage\",\"url\":\"https:\\\/\\\/cvinoticias.com\\\/wp-content\\\/uploads\\\/2023\\\/04\\\/f608x342-187884_217607_0.jpg\",\"contentUrl\":\"https:\\\/\\\/cvinoticias.com\\\/wp-content\\\/uploads\\\/2023\\\/04\\\/f608x342-187884_217607_0.jpg\",\"width\":608,\"height\":342},{\"@type\":\"BreadcrumbList\",\"@id\":\"https:\\\/\\\/cvinoticias.com\\\/v3\\\/alberto-fernandez-no-ira-por-su-reeleccion\\\/#breadcrumb\",\"itemListElement\":[{\"@type\":\"ListItem\",\"position\":1,\"name\":\"Portada\",\"item\":\"https:\\\/\\\/cvinoticias.com\\\/v3\\\/\"},{\"@type\":\"ListItem\",\"position\":2,\"name\":\"Alberto Fern\u00e1ndez no ir\u00e1 por su reelecci\u00f3n\"}]},{\"@type\":\"WebSite\",\"@id\":\"https:\\\/\\\/cvinoticias.com\\\/v3\\\/#website\",\"url\":\"https:\\\/\\\/cvinoticias.com\\\/v3\\\/\",\"name\":\"CVI NOTICIAS\",\"description\":\"\",\"publisher\":{\"@id\":\"https:\\\/\\\/cvinoticias.com\\\/v3\\\/#organization\"},\"alternateName\":\"CVI\",\"potentialAction\":[{\"@type\":\"SearchAction\",\"target\":{\"@type\":\"EntryPoint\",\"urlTemplate\":\"https:\\\/\\\/cvinoticias.com\\\/v3\\\/?s={search_term_string}\"},\"query-input\":{\"@type\":\"PropertyValueSpecification\",\"valueRequired\":true,\"valueName\":\"search_term_string\"}}],\"inLanguage\":\"es\"},{\"@type\":\"Organization\",\"@id\":\"https:\\\/\\\/cvinoticias.com\\\/v3\\\/#organization\",\"name\":\"CVI NOTICIAS\",\"url\":\"https:\\\/\\\/cvinoticias.com\\\/v3\\\/\",\"logo\":{\"@type\":\"ImageObject\",\"inLanguage\":\"es\",\"@id\":\"https:\\\/\\\/cvinoticias.com\\\/v3\\\/#\\\/schema\\\/logo\\\/image\\\/\",\"url\":\"https:\\\/\\\/cvinoticias.com\\\/wp-content\\\/uploads\\\/2023\\\/04\\\/cropped-cropped-cropped-cropped-cropped-3-1.png\",\"contentUrl\":\"https:\\\/\\\/cvinoticias.com\\\/wp-content\\\/uploads\\\/2023\\\/04\\\/cropped-cropped-cropped-cropped-cropped-3-1.png\",\"width\":95,\"height\":122,\"caption\":\"CVI NOTICIAS\"},\"image\":{\"@id\":\"https:\\\/\\\/cvinoticias.com\\\/v3\\\/#\\\/schema\\\/logo\\\/image\\\/\"},\"sameAs\":[\"https:\\\/\\\/www.facebook.com\\\/cvinoticias\",\"https:\\\/\\\/www.instagram.com\\\/cvinoticias\\\/\",\"https:\\\/\\\/www.youtube.com\\\/@CVINOTICIAS\"]},{\"@type\":\"Person\",\"@id\":\"https:\\\/\\\/cvinoticias.com\\\/v3\\\/#\\\/schema\\\/person\\\/2db77e3c6bc03c538495d7b2b8be9b66\",\"name\":\"f1000024\",\"image\":{\"@type\":\"ImageObject\",\"inLanguage\":\"es\",\"@id\":\"https:\\\/\\\/secure.gravatar.com\\\/avatar\\\/d4fe7459cfc51ff5129ce1a732bbef5928568b8092d412ef95611616376bbeed?s=96&d=mm&r=g\",\"url\":\"https:\\\/\\\/secure.gravatar.com\\\/avatar\\\/d4fe7459cfc51ff5129ce1a732bbef5928568b8092d412ef95611616376bbeed?s=96&d=mm&r=g\",\"contentUrl\":\"https:\\\/\\\/secure.gravatar.com\\\/avatar\\\/d4fe7459cfc51ff5129ce1a732bbef5928568b8092d412ef95611616376bbeed?s=96&d=mm&r=g\",\"caption\":\"f1000024\"},\"url\":\"https:\\\/\\\/cvinoticias.com\\\/v3\\\/author\\\/f1000024\\\/\"}]}<\/script>\n<!-- \/ Yoast SEO plugin. -->","yoast_head_json":{"title":"Alberto Fern\u00e1ndez no ir\u00e1 por su reelecci\u00f3n | CVI NOTICIAS","robots":{"index":"index","follow":"follow","max-snippet":"max-snippet:-1","max-image-preview":"max-image-preview:large","max-video-preview":"max-video-preview:-1"},"canonical":"https:\/\/cvinoticias.com\/v3\/alberto-fernandez-no-ira-por-su-reeleccion\/","og_locale":"es_ES","og_type":"article","og_title":"Alberto Fern\u00e1ndez no ir\u00e1 por su reelecci\u00f3n | CVI NOTICIAS","og_description":"As\u00ed lo anunci\u00f3 el presidente a trav\u00e9s de un extenso video en sus redes sociales. Sin embargo, llam\u00f3 a elegir el candidato del Frente de Todos mediante las PASO. El presidente Alberto Fern\u00e1ndez anunci\u00f3 este viernes su decisi\u00f3n de no presentarse a la reelecci\u00f3n en los comicios de este a\u00f1o y \u00abconcentrar todo el esfuerzo [&hellip;]","og_url":"https:\/\/cvinoticias.com\/v3\/alberto-fernandez-no-ira-por-su-reeleccion\/","og_site_name":"CVI NOTICIAS","article_publisher":"https:\/\/www.facebook.com\/cvinoticias","article_published_time":"2023-04-21T19:13:01+00:00","article_modified_time":"2023-04-21T19:14:03+00:00","og_image":[{"width":608,"height":342,"url":"https:\/\/cvinoticias.com\/wp-content\/uploads\/2023\/04\/f608x342-187884_217607_0.jpg","type":"image\/jpeg"}],"author":"f1000024","twitter_card":"summary_large_image","twitter_misc":{"Escrito por":"f1000024","Tiempo de lectura":"2 minutos"},"schema":{"@context":"https:\/\/schema.org","@graph":[{"@type":"Article","@id":"https:\/\/cvinoticias.com\/v3\/alberto-fernandez-no-ira-por-su-reeleccion\/#article","isPartOf":{"@id":"https:\/\/cvinoticias.com\/v3\/alberto-fernandez-no-ira-por-su-reeleccion\/"},"author":{"name":"f1000024","@id":"https:\/\/cvinoticias.com\/v3\/#\/schema\/person\/2db77e3c6bc03c538495d7b2b8be9b66"},"headline":"Alberto Fern\u00e1ndez no ir\u00e1 por su reelecci\u00f3n","datePublished":"2023-04-21T19:13:01+00:00","dateModified":"2023-04-21T19:14:03+00:00","mainEntityOfPage":{"@id":"https:\/\/cvinoticias.com\/v3\/alberto-fernandez-no-ira-por-su-reeleccion\/"},"wordCount":422,"commentCount":0,"publisher":{"@id":"https:\/\/cvinoticias.com\/v3\/#organization"},"image":{"@id":"https:\/\/cvinoticias.com\/v3\/alberto-fernandez-no-ira-por-su-reeleccion\/#primaryimage"},"thumbnailUrl":"https:\/\/cvinoticias.com\/wp-content\/uploads\/2023\/04\/f608x342-187884_217607_0.jpg","articleSection":["Politica"],"inLanguage":"es","potentialAction":[{"@type":"CommentAction","name":"Comment","target":["https:\/\/cvinoticias.com\/v3\/alberto-fernandez-no-ira-por-su-reeleccion\/#respond"]}]},{"@type":"WebPage","@id":"https:\/\/cvinoticias.com\/v3\/alberto-fernandez-no-ira-por-su-reeleccion\/","url":"https:\/\/cvinoticias.com\/v3\/alberto-fernandez-no-ira-por-su-reeleccion\/","name":"Alberto Fern\u00e1ndez no ir\u00e1 por su reelecci\u00f3n | CVI NOTICIAS","isPartOf":{"@id":"https:\/\/cvinoticias.com\/v3\/#website"},"primaryImageOfPage":{"@id":"https:\/\/cvinoticias.com\/v3\/alberto-fernandez-no-ira-por-su-reeleccion\/#primaryimage"},"image":{"@id":"https:\/\/cvinoticias.com\/v3\/alberto-fernandez-no-ira-por-su-reeleccion\/#primaryimage"},"thumbnailUrl":"https:\/\/cvinoticias.com\/wp-content\/uploads\/2023\/04\/f608x342-187884_217607_0.jpg","datePublished":"2023-04-21T19:13:01+00:00","dateModified":"2023-04-21T19:14:03+00:00","breadcrumb":{"@id":"https:\/\/cvinoticias.com\/v3\/alberto-fernandez-no-ira-por-su-reeleccion\/#breadcrumb"},"inLanguage":"es","potentialAction":[{"@type":"ReadAction","target":["https:\/\/cvinoticias.com\/v3\/alberto-fernandez-no-ira-por-su-reeleccion\/"]}]},{"@type":"ImageObject","inLanguage":"es","@id":"https:\/\/cvinoticias.com\/v3\/alberto-fernandez-no-ira-por-su-reeleccion\/#primaryimage","url":"https:\/\/cvinoticias.com\/wp-content\/uploads\/2023\/04\/f608x342-187884_217607_0.jpg","contentUrl":"https:\/\/cvinoticias.com\/wp-content\/uploads\/2023\/04\/f608x342-187884_217607_0.jpg","width":608,"height":342},{"@type":"BreadcrumbList","@id":"https:\/\/cvinoticias.com\/v3\/alberto-fernandez-no-ira-por-su-reeleccion\/#breadcrumb","itemListElement":[{"@type":"ListItem","position":1,"name":"Portada","item":"https:\/\/cvinoticias.com\/v3\/"},{"@type":"ListItem","position":2,"name":"Alberto Fern\u00e1ndez no ir\u00e1 por su reelecci\u00f3n"}]},{"@type":"WebSite","@id":"https:\/\/cvinoticias.com\/v3\/#website","url":"https:\/\/cvinoticias.com\/v3\/","name":"CVI NOTICIAS","description":"","publisher":{"@id":"https:\/\/cvinoticias.com\/v3\/#organization"},"alternateName":"CVI","potentialAction":[{"@type":"SearchAction","target":{"@type":"EntryPoint","urlTemplate":"https:\/\/cvinoticias.com\/v3\/?s={search_term_string}"},"query-input":{"@type":"PropertyValueSpecification","valueRequired":true,"valueName":"search_term_string"}}],"inLanguage":"es"},{"@type":"Organization","@id":"https:\/\/cvinoticias.com\/v3\/#organization","name":"CVI NOTICIAS","url":"https:\/\/cvinoticias.com\/v3\/","logo":{"@type":"ImageObject","inLanguage":"es","@id":"https:\/\/cvinoticias.com\/v3\/#\/schema\/logo\/image\/","url":"https:\/\/cvinoticias.com\/wp-content\/uploads\/2023\/04\/cropped-cropped-cropped-cropped-cropped-3-1.png","contentUrl":"https:\/\/cvinoticias.com\/wp-content\/uploads\/2023\/04\/cropped-cropped-cropped-cropped-cropped-3-1.png","width":95,"height":122,"caption":"CVI NOTICIAS"},"image":{"@id":"https:\/\/cvinoticias.com\/v3\/#\/schema\/logo\/image\/"},"sameAs":["https:\/\/www.facebook.com\/cvinoticias","https:\/\/www.instagram.com\/cvinoticias\/","https:\/\/www.youtube.com\/@CVINOTICIAS"]},{"@type":"Person","@id":"https:\/\/cvinoticias.com\/v3\/#\/schema\/person\/2db77e3c6bc03c538495d7b2b8be9b66","name":"f1000024","image":{"@type":"ImageObject","inLanguage":"es","@id":"https:\/\/secure.gravatar.com\/avatar\/d4fe7459cfc51ff5129ce1a732bbef5928568b8092d412ef95611616376bbeed?s=96&d=mm&r=g","url":"https:\/\/secure.gravatar.com\/avatar\/d4fe7459cfc51ff5129ce1a732bbef5928568b8092d412ef95611616376bbeed?s=96&d=mm&r=g","contentUrl":"https:\/\/secure.gravatar.com\/avatar\/d4fe7459cfc51ff5129ce1a732bbef5928568b8092d412ef95611616376bbeed?s=96&d=mm&r=g","caption":"f1000024"},"url":"https:\/\/cvinoticias.com\/v3\/author\/f1000024\/"}]}},"_links":{"self":[{"href":"https:\/\/cvinoticias.com\/v3\/wp-json\/wp\/v2\/posts\/24297","targetHints":{"allow":["GET"]}}],"collection":[{"href":"https:\/\/cvinoticias.com\/v3\/wp-json\/wp\/v2\/posts"}],"about":[{"href":"https:\/\/cvinoticias.com\/v3\/wp-json\/wp\/v2\/types\/post"}],"author":[{"embeddable":true,"href":"https:\/\/cvinoticias.com\/v3\/wp-json\/wp\/v2\/users\/2"}],"replies":[{"embeddable":true,"href":"https:\/\/cvinoticias.com\/v3\/wp-json\/wp\/v2\/comments?post=24297"}],"version-history":[{"count":2,"href":"https:\/\/cvinoticias.com\/v3\/wp-json\/wp\/v2\/posts\/24297\/revisions"}],"predecessor-version":[{"id":24301,"href":"https:\/\/cvinoticias.com\/v3\/wp-json\/wp\/v2\/posts\/24297\/revisions\/24301"}],"wp:featuredmedia":[{"embeddable":true,"href":"https:\/\/cvinoticias.com\/v3\/wp-json\/wp\/v2\/media\/24298"}],"wp:attachment":[{"href":"https:\/\/cvinoticias.com\/v3\/wp-json\/wp\/v2\/media?parent=24297"}],"wp:term":[{"taxonomy":"category","embeddable":true,"href":"https:\/\/cvinoticias.com\/v3\/wp-json\/wp\/v2\/categories?post=24297"},{"taxonomy":"post_tag","embeddable":true,"href":"https:\/\/cvinoticias.com\/v3\/wp-json\/wp\/v2\/tags?post=24297"}],"curies":[{"name":"wp","href":"https:\/\/api.w.org\/{rel}","templated":true}]}}