{"id":24263,"date":"2023-04-20T21:09:34","date_gmt":"2023-04-20T21:09:34","guid":{"rendered":"https:\/\/cvinoticias.com\/v3\/?p=24263"},"modified":"2023-04-20T21:09:34","modified_gmt":"2023-04-20T21:09:34","slug":"puerto-iguazu-por-una-ciudad-maravillosa-lema-de-la-candidata-a-intendente-ursula-waidelich","status":"publish","type":"post","link":"https:\/\/cvinoticias.com\/v3\/puerto-iguazu-por-una-ciudad-maravillosa-lema-de-la-candidata-a-intendente-ursula-waidelich\/","title":{"rendered":"Puerto Iguaz\u00fa: \u00abPor una Ciudad Maravillosa\u00bb lema de la Candidata a Intendente \u00darsula Waidelich"},"content":{"rendered":"\n<p><strong><em>Visitaron los estudios de Radio FM VISI\u00d3N 101.9, la candidata a Intendente de Juntos por el Cambio \u00darsula Waidelich y su candidato suplente a Primer Concejal Mario Antonietti.<\/em><\/strong><\/p>\n\n\n\n<p>\u00abPrimeramente nos parece muy importante tener una muy buena auditoria para saber donde estamos parados y cuales son las necesidades m\u00e1s importantes para poder tomar las decisiones; y si las soluciones tomadas con anterioridad se pueden adaptar\u00bb, expres\u00f3 la candidata a Intendente Ursula Waidelich en su paso por los estudios del Programa Din\u00e1mica de Radio.<\/p>\n\n\n\n<p>A s\u00ed mismo a\u00f1adi\u00f3<\/p>\n\n\n\n<ul class=\"wp-block-list\">\n<li>\u00abPrimero tenemos que ser realistas, luego debemos encarar para resolver antes de proyectar una ciudad diferente e innovadora\u00bb<\/li>\n\n\n\n<li>\u00abTenemos que resolver el tema de los servicios b\u00e1sicos fundamentalmente\u00bb<\/li>\n\n\n\n<li>\u00abUno de los tres ejes de nuestra campa\u00f1a es primero la transparencia para efectuar todo \u00e9ste tipo de proceso de trabajo para el pueblo\u00bb<\/li>\n\n\n\n<li>\u00abSegundo la incansable gesti\u00f3n, tanto nacional como provincial y si podemos buscar en otro lado tambi\u00e9n..no parar de gestionar lo que Iguaz\u00fa necesita\u00bb<\/li>\n\n\n\n<li>\u00abTercer eje la planificaci\u00f3n y proyecci\u00f3n de esa ciudad que todos anhelamos y nos merecemos\u00bb<\/li>\n\n\n\n<li>\u00abRecuperar la esperanza y perder el miedo son dos cosas que hoy nosotros le estamos pidiendo al votante\u00bb<\/li>\n\n\n\n<li>\u00abEn el cuarto oscuro es donde tenemos que tener la mente m\u00e1s clara para poder entender que no s\u00f3lo debemos cambiar sino que tambi\u00e9n tenemos que pensar que la transformaci\u00f3n tiene que venir de nosotros con esas dos cosas, perder una y ganar la otra\u00bb<\/li>\n\n\n\n<li>\u00abEl votante tiene que enteder que el funcionario municipal tiene que trabajar por el pueblo, tiene que responderle al pueblo, tiene que saber que si no es bueno el pueblo le tiene que sacar y si es muy bueno el pueblo le puede volver a elegir\u00bb<\/li>\n<\/ul>\n","protected":false},"excerpt":{"rendered":"<p>Visitaron los estudios de Radio FM VISI\u00d3N 101.9, la candidata a Intendente de Juntos por el Cambio \u00darsula Waidelich y su candidato suplente a Primer Concejal Mario Antonietti. \u00abPrimeramente nos parece muy importante tener una muy buena auditoria para saber donde estamos parados y cuales son las necesidades m\u00e1s importantes para poder tomar las decisiones; [&hellip;]<\/p>\n","protected":false},"author":2,"featured_media":24264,"comment_status":"open","ping_status":"open","sticky":false,"template":"","format":"standard","meta":{"footnotes":""},"categories":[29,42],"tags":[],"class_list":["post-24263","post","type-post","status-publish","format-standard","has-post-thumbnail","hentry","category-locales","category-politica"],"yoast_head":"<!-- This site is optimized with the Yoast SEO plugin v27.5 - https:\/\/yoast.com\/product\/yoast-seo-wordpress\/ -->\n<title>Puerto Iguaz\u00fa: &quot;Por una Ciudad Maravillosa&quot; lema de la Candidata a Intendente \u00darsula Waidelich | CVI NOTICIAS<\/title>\n<meta name=\"robots\" content=\"index, follow, max-snippet:-1, max-image-preview:large, max-video-preview:-1\" \/>\n<link rel=\"canonical\" href=\"https:\/\/cvinoticias.com\/v3\/puerto-iguazu-por-una-ciudad-maravillosa-lema-de-la-candidata-a-intendente-ursula-waidelich\/\" \/>\n<meta property=\"og:locale\" content=\"es_ES\" \/>\n<meta property=\"og:type\" content=\"article\" \/>\n<meta property=\"og:title\" content=\"Puerto Iguaz\u00fa: &quot;Por una Ciudad Maravillosa&quot; lema de la Candidata a Intendente \u00darsula Waidelich | CVI NOTICIAS\" \/>\n<meta property=\"og:description\" content=\"Visitaron los estudios de Radio FM VISI\u00d3N 101.9, la candidata a Intendente de Juntos por el Cambio \u00darsula Waidelich y su candidato suplente a Primer Concejal Mario Antonietti. \u00abPrimeramente nos parece muy importante tener una muy buena auditoria para saber donde estamos parados y cuales son las necesidades m\u00e1s importantes para poder tomar las decisiones; [&hellip;]\" \/>\n<meta property=\"og:url\" content=\"https:\/\/cvinoticias.com\/v3\/puerto-iguazu-por-una-ciudad-maravillosa-lema-de-la-candidata-a-intendente-ursula-waidelich\/\" \/>\n<meta property=\"og:site_name\" content=\"CVI NOTICIAS\" \/>\n<meta property=\"article:publisher\" content=\"https:\/\/www.facebook.com\/cvinoticias\" \/>\n<meta property=\"article:published_time\" content=\"2023-04-20T21:09:34+00:00\" \/>\n<meta property=\"og:image\" content=\"https:\/\/cvinoticias.com\/wp-content\/uploads\/2023\/04\/IMG-20230419-WA0014.jpg\" \/>\n\t<meta property=\"og:image:width\" content=\"586\" \/>\n\t<meta property=\"og:image:height\" content=\"168\" \/>\n\t<meta property=\"og:image:type\" content=\"image\/jpeg\" \/>\n<meta name=\"author\" content=\"f1000024\" \/>\n<meta name=\"twitter:card\" content=\"summary_large_image\" \/>\n<meta name=\"twitter:label1\" content=\"Escrito por\" \/>\n\t<meta name=\"twitter:data1\" content=\"f1000024\" \/>\n\t<meta name=\"twitter:label2\" content=\"Tiempo de lectura\" \/>\n\t<meta name=\"twitter:data2\" content=\"2 minutos\" \/>\n<script type=\"application\/ld+json\" class=\"yoast-schema-graph\">{\"@context\":\"https:\\\/\\\/schema.org\",\"@graph\":[{\"@type\":\"Article\",\"@id\":\"https:\\\/\\\/cvinoticias.com\\\/v3\\\/puerto-iguazu-por-una-ciudad-maravillosa-lema-de-la-candidata-a-intendente-ursula-waidelich\\\/#article\",\"isPartOf\":{\"@id\":\"https:\\\/\\\/cvinoticias.com\\\/v3\\\/puerto-iguazu-por-una-ciudad-maravillosa-lema-de-la-candidata-a-intendente-ursula-waidelich\\\/\"},\"author\":{\"name\":\"f1000024\",\"@id\":\"https:\\\/\\\/cvinoticias.com\\\/v3\\\/#\\\/schema\\\/person\\\/2db77e3c6bc03c538495d7b2b8be9b66\"},\"headline\":\"Puerto Iguaz\u00fa: \u00abPor una Ciudad Maravillosa\u00bb lema de la Candidata a Intendente \u00darsula Waidelich\",\"datePublished\":\"2023-04-20T21:09:34+00:00\",\"mainEntityOfPage\":{\"@id\":\"https:\\\/\\\/cvinoticias.com\\\/v3\\\/puerto-iguazu-por-una-ciudad-maravillosa-lema-de-la-candidata-a-intendente-ursula-waidelich\\\/\"},\"wordCount\":314,\"commentCount\":0,\"publisher\":{\"@id\":\"https:\\\/\\\/cvinoticias.com\\\/v3\\\/#organization\"},\"image\":{\"@id\":\"https:\\\/\\\/cvinoticias.com\\\/v3\\\/puerto-iguazu-por-una-ciudad-maravillosa-lema-de-la-candidata-a-intendente-ursula-waidelich\\\/#primaryimage\"},\"thumbnailUrl\":\"https:\\\/\\\/cvinoticias.com\\\/wp-content\\\/uploads\\\/2023\\\/04\\\/IMG-20230419-WA0014.jpg\",\"articleSection\":[\"Locales\",\"Politica\"],\"inLanguage\":\"es\",\"potentialAction\":[{\"@type\":\"CommentAction\",\"name\":\"Comment\",\"target\":[\"https:\\\/\\\/cvinoticias.com\\\/v3\\\/puerto-iguazu-por-una-ciudad-maravillosa-lema-de-la-candidata-a-intendente-ursula-waidelich\\\/#respond\"]}]},{\"@type\":\"WebPage\",\"@id\":\"https:\\\/\\\/cvinoticias.com\\\/v3\\\/puerto-iguazu-por-una-ciudad-maravillosa-lema-de-la-candidata-a-intendente-ursula-waidelich\\\/\",\"url\":\"https:\\\/\\\/cvinoticias.com\\\/v3\\\/puerto-iguazu-por-una-ciudad-maravillosa-lema-de-la-candidata-a-intendente-ursula-waidelich\\\/\",\"name\":\"Puerto Iguaz\u00fa: \\\"Por una Ciudad Maravillosa\\\" lema de la Candidata a Intendente \u00darsula Waidelich | CVI NOTICIAS\",\"isPartOf\":{\"@id\":\"https:\\\/\\\/cvinoticias.com\\\/v3\\\/#website\"},\"primaryImageOfPage\":{\"@id\":\"https:\\\/\\\/cvinoticias.com\\\/v3\\\/puerto-iguazu-por-una-ciudad-maravillosa-lema-de-la-candidata-a-intendente-ursula-waidelich\\\/#primaryimage\"},\"image\":{\"@id\":\"https:\\\/\\\/cvinoticias.com\\\/v3\\\/puerto-iguazu-por-una-ciudad-maravillosa-lema-de-la-candidata-a-intendente-ursula-waidelich\\\/#primaryimage\"},\"thumbnailUrl\":\"https:\\\/\\\/cvinoticias.com\\\/wp-content\\\/uploads\\\/2023\\\/04\\\/IMG-20230419-WA0014.jpg\",\"datePublished\":\"2023-04-20T21:09:34+00:00\",\"breadcrumb\":{\"@id\":\"https:\\\/\\\/cvinoticias.com\\\/v3\\\/puerto-iguazu-por-una-ciudad-maravillosa-lema-de-la-candidata-a-intendente-ursula-waidelich\\\/#breadcrumb\"},\"inLanguage\":\"es\",\"potentialAction\":[{\"@type\":\"ReadAction\",\"target\":[\"https:\\\/\\\/cvinoticias.com\\\/v3\\\/puerto-iguazu-por-una-ciudad-maravillosa-lema-de-la-candidata-a-intendente-ursula-waidelich\\\/\"]}]},{\"@type\":\"ImageObject\",\"inLanguage\":\"es\",\"@id\":\"https:\\\/\\\/cvinoticias.com\\\/v3\\\/puerto-iguazu-por-una-ciudad-maravillosa-lema-de-la-candidata-a-intendente-ursula-waidelich\\\/#primaryimage\",\"url\":\"https:\\\/\\\/cvinoticias.com\\\/wp-content\\\/uploads\\\/2023\\\/04\\\/IMG-20230419-WA0014.jpg\",\"contentUrl\":\"https:\\\/\\\/cvinoticias.com\\\/wp-content\\\/uploads\\\/2023\\\/04\\\/IMG-20230419-WA0014.jpg\",\"width\":586,\"height\":168},{\"@type\":\"BreadcrumbList\",\"@id\":\"https:\\\/\\\/cvinoticias.com\\\/v3\\\/puerto-iguazu-por-una-ciudad-maravillosa-lema-de-la-candidata-a-intendente-ursula-waidelich\\\/#breadcrumb\",\"itemListElement\":[{\"@type\":\"ListItem\",\"position\":1,\"name\":\"Portada\",\"item\":\"https:\\\/\\\/cvinoticias.com\\\/v3\\\/\"},{\"@type\":\"ListItem\",\"position\":2,\"name\":\"Puerto Iguaz\u00fa: \u00abPor una Ciudad Maravillosa\u00bb lema de la Candidata a Intendente \u00darsula Waidelich\"}]},{\"@type\":\"WebSite\",\"@id\":\"https:\\\/\\\/cvinoticias.com\\\/v3\\\/#website\",\"url\":\"https:\\\/\\\/cvinoticias.com\\\/v3\\\/\",\"name\":\"CVI NOTICIAS\",\"description\":\"\",\"publisher\":{\"@id\":\"https:\\\/\\\/cvinoticias.com\\\/v3\\\/#organization\"},\"alternateName\":\"CVI\",\"potentialAction\":[{\"@type\":\"SearchAction\",\"target\":{\"@type\":\"EntryPoint\",\"urlTemplate\":\"https:\\\/\\\/cvinoticias.com\\\/v3\\\/?s={search_term_string}\"},\"query-input\":{\"@type\":\"PropertyValueSpecification\",\"valueRequired\":true,\"valueName\":\"search_term_string\"}}],\"inLanguage\":\"es\"},{\"@type\":\"Organization\",\"@id\":\"https:\\\/\\\/cvinoticias.com\\\/v3\\\/#organization\",\"name\":\"CVI NOTICIAS\",\"url\":\"https:\\\/\\\/cvinoticias.com\\\/v3\\\/\",\"logo\":{\"@type\":\"ImageObject\",\"inLanguage\":\"es\",\"@id\":\"https:\\\/\\\/cvinoticias.com\\\/v3\\\/#\\\/schema\\\/logo\\\/image\\\/\",\"url\":\"https:\\\/\\\/cvinoticias.com\\\/wp-content\\\/uploads\\\/2023\\\/04\\\/cropped-cropped-cropped-cropped-cropped-3-1.png\",\"contentUrl\":\"https:\\\/\\\/cvinoticias.com\\\/wp-content\\\/uploads\\\/2023\\\/04\\\/cropped-cropped-cropped-cropped-cropped-3-1.png\",\"width\":95,\"height\":122,\"caption\":\"CVI NOTICIAS\"},\"image\":{\"@id\":\"https:\\\/\\\/cvinoticias.com\\\/v3\\\/#\\\/schema\\\/logo\\\/image\\\/\"},\"sameAs\":[\"https:\\\/\\\/www.facebook.com\\\/cvinoticias\",\"https:\\\/\\\/www.instagram.com\\\/cvinoticias\\\/\",\"https:\\\/\\\/www.youtube.com\\\/@CVINOTICIAS\"]},{\"@type\":\"Person\",\"@id\":\"https:\\\/\\\/cvinoticias.com\\\/v3\\\/#\\\/schema\\\/person\\\/2db77e3c6bc03c538495d7b2b8be9b66\",\"name\":\"f1000024\",\"image\":{\"@type\":\"ImageObject\",\"inLanguage\":\"es\",\"@id\":\"https:\\\/\\\/secure.gravatar.com\\\/avatar\\\/d4fe7459cfc51ff5129ce1a732bbef5928568b8092d412ef95611616376bbeed?s=96&d=mm&r=g\",\"url\":\"https:\\\/\\\/secure.gravatar.com\\\/avatar\\\/d4fe7459cfc51ff5129ce1a732bbef5928568b8092d412ef95611616376bbeed?s=96&d=mm&r=g\",\"contentUrl\":\"https:\\\/\\\/secure.gravatar.com\\\/avatar\\\/d4fe7459cfc51ff5129ce1a732bbef5928568b8092d412ef95611616376bbeed?s=96&d=mm&r=g\",\"caption\":\"f1000024\"},\"url\":\"https:\\\/\\\/cvinoticias.com\\\/v3\\\/author\\\/f1000024\\\/\"}]}<\/script>\n<!-- \/ Yoast SEO plugin. -->","yoast_head_json":{"title":"Puerto Iguaz\u00fa: \"Por una Ciudad Maravillosa\" lema de la Candidata a Intendente \u00darsula Waidelich | CVI NOTICIAS","robots":{"index":"index","follow":"follow","max-snippet":"max-snippet:-1","max-image-preview":"max-image-preview:large","max-video-preview":"max-video-preview:-1"},"canonical":"https:\/\/cvinoticias.com\/v3\/puerto-iguazu-por-una-ciudad-maravillosa-lema-de-la-candidata-a-intendente-ursula-waidelich\/","og_locale":"es_ES","og_type":"article","og_title":"Puerto Iguaz\u00fa: \"Por una Ciudad Maravillosa\" lema de la Candidata a Intendente \u00darsula Waidelich | CVI NOTICIAS","og_description":"Visitaron los estudios de Radio FM VISI\u00d3N 101.9, la candidata a Intendente de Juntos por el Cambio \u00darsula Waidelich y su candidato suplente a Primer Concejal Mario Antonietti. \u00abPrimeramente nos parece muy importante tener una muy buena auditoria para saber donde estamos parados y cuales son las necesidades m\u00e1s importantes para poder tomar las decisiones; [&hellip;]","og_url":"https:\/\/cvinoticias.com\/v3\/puerto-iguazu-por-una-ciudad-maravillosa-lema-de-la-candidata-a-intendente-ursula-waidelich\/","og_site_name":"CVI NOTICIAS","article_publisher":"https:\/\/www.facebook.com\/cvinoticias","article_published_time":"2023-04-20T21:09:34+00:00","og_image":[{"width":586,"height":168,"url":"https:\/\/cvinoticias.com\/wp-content\/uploads\/2023\/04\/IMG-20230419-WA0014.jpg","type":"image\/jpeg"}],"author":"f1000024","twitter_card":"summary_large_image","twitter_misc":{"Escrito por":"f1000024","Tiempo de lectura":"2 minutos"},"schema":{"@context":"https:\/\/schema.org","@graph":[{"@type":"Article","@id":"https:\/\/cvinoticias.com\/v3\/puerto-iguazu-por-una-ciudad-maravillosa-lema-de-la-candidata-a-intendente-ursula-waidelich\/#article","isPartOf":{"@id":"https:\/\/cvinoticias.com\/v3\/puerto-iguazu-por-una-ciudad-maravillosa-lema-de-la-candidata-a-intendente-ursula-waidelich\/"},"author":{"name":"f1000024","@id":"https:\/\/cvinoticias.com\/v3\/#\/schema\/person\/2db77e3c6bc03c538495d7b2b8be9b66"},"headline":"Puerto Iguaz\u00fa: \u00abPor una Ciudad Maravillosa\u00bb lema de la Candidata a Intendente \u00darsula Waidelich","datePublished":"2023-04-20T21:09:34+00:00","mainEntityOfPage":{"@id":"https:\/\/cvinoticias.com\/v3\/puerto-iguazu-por-una-ciudad-maravillosa-lema-de-la-candidata-a-intendente-ursula-waidelich\/"},"wordCount":314,"commentCount":0,"publisher":{"@id":"https:\/\/cvinoticias.com\/v3\/#organization"},"image":{"@id":"https:\/\/cvinoticias.com\/v3\/puerto-iguazu-por-una-ciudad-maravillosa-lema-de-la-candidata-a-intendente-ursula-waidelich\/#primaryimage"},"thumbnailUrl":"https:\/\/cvinoticias.com\/wp-content\/uploads\/2023\/04\/IMG-20230419-WA0014.jpg","articleSection":["Locales","Politica"],"inLanguage":"es","potentialAction":[{"@type":"CommentAction","name":"Comment","target":["https:\/\/cvinoticias.com\/v3\/puerto-iguazu-por-una-ciudad-maravillosa-lema-de-la-candidata-a-intendente-ursula-waidelich\/#respond"]}]},{"@type":"WebPage","@id":"https:\/\/cvinoticias.com\/v3\/puerto-iguazu-por-una-ciudad-maravillosa-lema-de-la-candidata-a-intendente-ursula-waidelich\/","url":"https:\/\/cvinoticias.com\/v3\/puerto-iguazu-por-una-ciudad-maravillosa-lema-de-la-candidata-a-intendente-ursula-waidelich\/","name":"Puerto Iguaz\u00fa: \"Por una Ciudad Maravillosa\" lema de la Candidata a Intendente \u00darsula Waidelich | CVI NOTICIAS","isPartOf":{"@id":"https:\/\/cvinoticias.com\/v3\/#website"},"primaryImageOfPage":{"@id":"https:\/\/cvinoticias.com\/v3\/puerto-iguazu-por-una-ciudad-maravillosa-lema-de-la-candidata-a-intendente-ursula-waidelich\/#primaryimage"},"image":{"@id":"https:\/\/cvinoticias.com\/v3\/puerto-iguazu-por-una-ciudad-maravillosa-lema-de-la-candidata-a-intendente-ursula-waidelich\/#primaryimage"},"thumbnailUrl":"https:\/\/cvinoticias.com\/wp-content\/uploads\/2023\/04\/IMG-20230419-WA0014.jpg","datePublished":"2023-04-20T21:09:34+00:00","breadcrumb":{"@id":"https:\/\/cvinoticias.com\/v3\/puerto-iguazu-por-una-ciudad-maravillosa-lema-de-la-candidata-a-intendente-ursula-waidelich\/#breadcrumb"},"inLanguage":"es","potentialAction":[{"@type":"ReadAction","target":["https:\/\/cvinoticias.com\/v3\/puerto-iguazu-por-una-ciudad-maravillosa-lema-de-la-candidata-a-intendente-ursula-waidelich\/"]}]},{"@type":"ImageObject","inLanguage":"es","@id":"https:\/\/cvinoticias.com\/v3\/puerto-iguazu-por-una-ciudad-maravillosa-lema-de-la-candidata-a-intendente-ursula-waidelich\/#primaryimage","url":"https:\/\/cvinoticias.com\/wp-content\/uploads\/2023\/04\/IMG-20230419-WA0014.jpg","contentUrl":"https:\/\/cvinoticias.com\/wp-content\/uploads\/2023\/04\/IMG-20230419-WA0014.jpg","width":586,"height":168},{"@type":"BreadcrumbList","@id":"https:\/\/cvinoticias.com\/v3\/puerto-iguazu-por-una-ciudad-maravillosa-lema-de-la-candidata-a-intendente-ursula-waidelich\/#breadcrumb","itemListElement":[{"@type":"ListItem","position":1,"name":"Portada","item":"https:\/\/cvinoticias.com\/v3\/"},{"@type":"ListItem","position":2,"name":"Puerto Iguaz\u00fa: \u00abPor una Ciudad Maravillosa\u00bb lema de la Candidata a Intendente \u00darsula Waidelich"}]},{"@type":"WebSite","@id":"https:\/\/cvinoticias.com\/v3\/#website","url":"https:\/\/cvinoticias.com\/v3\/","name":"CVI NOTICIAS","description":"","publisher":{"@id":"https:\/\/cvinoticias.com\/v3\/#organization"},"alternateName":"CVI","potentialAction":[{"@type":"SearchAction","target":{"@type":"EntryPoint","urlTemplate":"https:\/\/cvinoticias.com\/v3\/?s={search_term_string}"},"query-input":{"@type":"PropertyValueSpecification","valueRequired":true,"valueName":"search_term_string"}}],"inLanguage":"es"},{"@type":"Organization","@id":"https:\/\/cvinoticias.com\/v3\/#organization","name":"CVI NOTICIAS","url":"https:\/\/cvinoticias.com\/v3\/","logo":{"@type":"ImageObject","inLanguage":"es","@id":"https:\/\/cvinoticias.com\/v3\/#\/schema\/logo\/image\/","url":"https:\/\/cvinoticias.com\/wp-content\/uploads\/2023\/04\/cropped-cropped-cropped-cropped-cropped-3-1.png","contentUrl":"https:\/\/cvinoticias.com\/wp-content\/uploads\/2023\/04\/cropped-cropped-cropped-cropped-cropped-3-1.png","width":95,"height":122,"caption":"CVI NOTICIAS"},"image":{"@id":"https:\/\/cvinoticias.com\/v3\/#\/schema\/logo\/image\/"},"sameAs":["https:\/\/www.facebook.com\/cvinoticias","https:\/\/www.instagram.com\/cvinoticias\/","https:\/\/www.youtube.com\/@CVINOTICIAS"]},{"@type":"Person","@id":"https:\/\/cvinoticias.com\/v3\/#\/schema\/person\/2db77e3c6bc03c538495d7b2b8be9b66","name":"f1000024","image":{"@type":"ImageObject","inLanguage":"es","@id":"https:\/\/secure.gravatar.com\/avatar\/d4fe7459cfc51ff5129ce1a732bbef5928568b8092d412ef95611616376bbeed?s=96&d=mm&r=g","url":"https:\/\/secure.gravatar.com\/avatar\/d4fe7459cfc51ff5129ce1a732bbef5928568b8092d412ef95611616376bbeed?s=96&d=mm&r=g","contentUrl":"https:\/\/secure.gravatar.com\/avatar\/d4fe7459cfc51ff5129ce1a732bbef5928568b8092d412ef95611616376bbeed?s=96&d=mm&r=g","caption":"f1000024"},"url":"https:\/\/cvinoticias.com\/v3\/author\/f1000024\/"}]}},"_links":{"self":[{"href":"https:\/\/cvinoticias.com\/v3\/wp-json\/wp\/v2\/posts\/24263","targetHints":{"allow":["GET"]}}],"collection":[{"href":"https:\/\/cvinoticias.com\/v3\/wp-json\/wp\/v2\/posts"}],"about":[{"href":"https:\/\/cvinoticias.com\/v3\/wp-json\/wp\/v2\/types\/post"}],"author":[{"embeddable":true,"href":"https:\/\/cvinoticias.com\/v3\/wp-json\/wp\/v2\/users\/2"}],"replies":[{"embeddable":true,"href":"https:\/\/cvinoticias.com\/v3\/wp-json\/wp\/v2\/comments?post=24263"}],"version-history":[{"count":1,"href":"https:\/\/cvinoticias.com\/v3\/wp-json\/wp\/v2\/posts\/24263\/revisions"}],"predecessor-version":[{"id":24265,"href":"https:\/\/cvinoticias.com\/v3\/wp-json\/wp\/v2\/posts\/24263\/revisions\/24265"}],"wp:featuredmedia":[{"embeddable":true,"href":"https:\/\/cvinoticias.com\/v3\/wp-json\/wp\/v2\/media\/24264"}],"wp:attachment":[{"href":"https:\/\/cvinoticias.com\/v3\/wp-json\/wp\/v2\/media?parent=24263"}],"wp:term":[{"taxonomy":"category","embeddable":true,"href":"https:\/\/cvinoticias.com\/v3\/wp-json\/wp\/v2\/categories?post=24263"},{"taxonomy":"post_tag","embeddable":true,"href":"https:\/\/cvinoticias.com\/v3\/wp-json\/wp\/v2\/tags?post=24263"}],"curies":[{"name":"wp","href":"https:\/\/api.w.org\/{rel}","templated":true}]}}