{"id":2425,"date":"2021-02-05T04:20:35","date_gmt":"2021-02-05T04:20:35","guid":{"rendered":"https:\/\/cvinoticias.com\/v3\/?p=2425"},"modified":"2021-02-05T04:20:35","modified_gmt":"2021-02-05T04:20:35","slug":"covid-19-trabajadores-del-transporte-estan-contemplados-en-el-plan-de-vacunacion","status":"publish","type":"post","link":"https:\/\/cvinoticias.com\/v3\/covid-19-trabajadores-del-transporte-estan-contemplados-en-el-plan-de-vacunacion\/","title":{"rendered":"COVID-19: Trabajadores del transporte est\u00e1n \u201ccontemplados\u201d en el plan de vacunaci\u00f3n"},"content":{"rendered":"\n<p><strong><em>Lo confirm\u00f3 el ministro de Salud Gin\u00e9s Gonz\u00e1lez Garc\u00eda tras la reuni\u00f3n con autoridades de la Confederaci\u00f3n Argentina de Trabajadores del Transporte (CATT).<\/em><\/strong><\/p>\n\n\n\n<p>El ministro de Salud, Gin\u00e9s Gonz\u00e1lez Garc\u00eda, recibi\u00f3 hoy a autoridades de la CATT, que agrupa a varios sindicatos del transporte, ante quienesdestac\u00f3 el rol de los empleados del sector durante la pandemia y les confirm\u00f3 que estar\u00e1n \u201ccontemplados\u201d en el plan de vacunaci\u00f3n que lleva adelante el Gobierno.<\/p>\n\n\n\n<p>La reuni\u00f3n se extendi\u00f3 por una hora y media en la sede de la cartera sanitaria y hab\u00eda sido pedida por la Confederaci\u00f3n Argentina de Trabajadores del Transporte (CATT) en el marco de su reclamo para que los trabajadores del transporte ingresen al plan de vacunaci\u00f3n contra el Covid-19.<\/p>\n\n\n\n<p>El planteo de estos gremios es que \u201cla totalidad de las actividades ligadas al transporte fueron declaradas esenciales\u201d durante la pandemia, por lo cual se necesita \u201cinformaci\u00f3n oficial y establecer criterios sanitarios hacia nuestros trabajadores que est\u00e1n expuestos\u201d.<\/p>\n\n\n\n<p>Trascendi\u00f3 que la CATT busca que sus afiliados sean vacunados apenas se finalice con la poblaci\u00f3n de riesgo, es decir mayores de 60 a\u00f1os o con enfermedades preexistentes, tal como ya empezaron a pedir otros sindicatos, que representan a trabajadores esenciales, como UPSAFIP, de personal jer\u00e1rquico de la AFIP.<\/p>\n\n\n\n<p>Durante el encuentro,&nbsp;Gonz\u00e1lez Garc\u00eda tambi\u00e9n manifest\u00f3 la intenci\u00f3n del Gobierno de entregar vacunas directamente a los sindicatos y que estos se encarguen, a trav\u00e9s de sus obras sociales, de definir en qu\u00e9 orden se aplicar\u00e1 a sus afiliados.<\/p>\n\n\n\n<p>Por la Confederaci\u00f3n asistieron su presidente, Juan Carlos Schmld, Roberto Fern\u00e1ndez (UTA), Luis Cordoba (Camioneros), Ariel Coria (La Fraternidad), Daniela Pantalone (Aeronavegantes) y Jorge Garc\u00eda (taxistas).<\/p>\n","protected":false},"excerpt":{"rendered":"<p>Lo confirm\u00f3 el ministro de Salud Gin\u00e9s Gonz\u00e1lez Garc\u00eda tras la reuni\u00f3n con autoridades de la Confederaci\u00f3n Argentina de Trabajadores del Transporte (CATT). El ministro de Salud, Gin\u00e9s Gonz\u00e1lez Garc\u00eda, recibi\u00f3 hoy a autoridades de la CATT, que agrupa a varios sindicatos del transporte, ante quienesdestac\u00f3 el rol de los empleados del sector durante la [&hellip;]<\/p>\n","protected":false},"author":2,"featured_media":2426,"comment_status":"open","ping_status":"open","sticky":false,"template":"","format":"standard","meta":{"footnotes":""},"categories":[35],"tags":[],"class_list":["post-2425","post","type-post","status-publish","format-standard","has-post-thumbnail","hentry","category-informacion-general"],"yoast_head":"<!-- This site is optimized with the Yoast SEO plugin v27.4 - https:\/\/yoast.com\/product\/yoast-seo-wordpress\/ -->\n<title>COVID-19: Trabajadores del transporte est\u00e1n \u201ccontemplados\u201d en el plan de vacunaci\u00f3n | CVI NOTICIAS<\/title>\n<meta name=\"robots\" content=\"index, follow, max-snippet:-1, max-image-preview:large, max-video-preview:-1\" \/>\n<link rel=\"canonical\" href=\"https:\/\/cvinoticias.com\/v3\/covid-19-trabajadores-del-transporte-estan-contemplados-en-el-plan-de-vacunacion\/\" \/>\n<meta property=\"og:locale\" content=\"es_ES\" \/>\n<meta property=\"og:type\" content=\"article\" \/>\n<meta property=\"og:title\" content=\"COVID-19: Trabajadores del transporte est\u00e1n \u201ccontemplados\u201d en el plan de vacunaci\u00f3n | CVI NOTICIAS\" \/>\n<meta property=\"og:description\" content=\"Lo confirm\u00f3 el ministro de Salud Gin\u00e9s Gonz\u00e1lez Garc\u00eda tras la reuni\u00f3n con autoridades de la Confederaci\u00f3n Argentina de Trabajadores del Transporte (CATT). El ministro de Salud, Gin\u00e9s Gonz\u00e1lez Garc\u00eda, recibi\u00f3 hoy a autoridades de la CATT, que agrupa a varios sindicatos del transporte, ante quienesdestac\u00f3 el rol de los empleados del sector durante la [&hellip;]\" \/>\n<meta property=\"og:url\" content=\"https:\/\/cvinoticias.com\/v3\/covid-19-trabajadores-del-transporte-estan-contemplados-en-el-plan-de-vacunacion\/\" \/>\n<meta property=\"og:site_name\" content=\"CVI NOTICIAS\" \/>\n<meta property=\"article:publisher\" content=\"https:\/\/www.facebook.com\/cvinoticias\" \/>\n<meta property=\"article:published_time\" content=\"2021-02-05T04:20:35+00:00\" \/>\n<meta property=\"og:image\" content=\"https:\/\/cvinoticias.com\/wp-content\/uploads\/2021\/02\/descarga-1.jpeg\" \/>\n\t<meta property=\"og:image:width\" content=\"275\" \/>\n\t<meta property=\"og:image:height\" content=\"183\" \/>\n\t<meta property=\"og:image:type\" content=\"image\/jpeg\" \/>\n<meta name=\"author\" content=\"f1000024\" \/>\n<meta name=\"twitter:card\" content=\"summary_large_image\" \/>\n<meta name=\"twitter:label1\" content=\"Escrito por\" \/>\n\t<meta name=\"twitter:data1\" content=\"f1000024\" \/>\n\t<meta name=\"twitter:label2\" content=\"Tiempo de lectura\" \/>\n\t<meta name=\"twitter:data2\" content=\"2 minutos\" \/>\n<script type=\"application\/ld+json\" class=\"yoast-schema-graph\">{\"@context\":\"https:\\\/\\\/schema.org\",\"@graph\":[{\"@type\":\"Article\",\"@id\":\"https:\\\/\\\/cvinoticias.com\\\/v3\\\/covid-19-trabajadores-del-transporte-estan-contemplados-en-el-plan-de-vacunacion\\\/#article\",\"isPartOf\":{\"@id\":\"https:\\\/\\\/cvinoticias.com\\\/v3\\\/covid-19-trabajadores-del-transporte-estan-contemplados-en-el-plan-de-vacunacion\\\/\"},\"author\":{\"name\":\"f1000024\",\"@id\":\"https:\\\/\\\/cvinoticias.com\\\/v3\\\/#\\\/schema\\\/person\\\/2db77e3c6bc03c538495d7b2b8be9b66\"},\"headline\":\"COVID-19: Trabajadores del transporte est\u00e1n \u201ccontemplados\u201d en el plan de vacunaci\u00f3n\",\"datePublished\":\"2021-02-05T04:20:35+00:00\",\"mainEntityOfPage\":{\"@id\":\"https:\\\/\\\/cvinoticias.com\\\/v3\\\/covid-19-trabajadores-del-transporte-estan-contemplados-en-el-plan-de-vacunacion\\\/\"},\"wordCount\":313,\"commentCount\":0,\"publisher\":{\"@id\":\"https:\\\/\\\/cvinoticias.com\\\/v3\\\/#organization\"},\"image\":{\"@id\":\"https:\\\/\\\/cvinoticias.com\\\/v3\\\/covid-19-trabajadores-del-transporte-estan-contemplados-en-el-plan-de-vacunacion\\\/#primaryimage\"},\"thumbnailUrl\":\"https:\\\/\\\/cvinoticias.com\\\/wp-content\\\/uploads\\\/2021\\\/02\\\/descarga-1.jpeg\",\"articleSection\":[\"Informaci\u00f3n General\"],\"inLanguage\":\"es\",\"potentialAction\":[{\"@type\":\"CommentAction\",\"name\":\"Comment\",\"target\":[\"https:\\\/\\\/cvinoticias.com\\\/v3\\\/covid-19-trabajadores-del-transporte-estan-contemplados-en-el-plan-de-vacunacion\\\/#respond\"]}]},{\"@type\":\"WebPage\",\"@id\":\"https:\\\/\\\/cvinoticias.com\\\/v3\\\/covid-19-trabajadores-del-transporte-estan-contemplados-en-el-plan-de-vacunacion\\\/\",\"url\":\"https:\\\/\\\/cvinoticias.com\\\/v3\\\/covid-19-trabajadores-del-transporte-estan-contemplados-en-el-plan-de-vacunacion\\\/\",\"name\":\"COVID-19: Trabajadores del transporte est\u00e1n \u201ccontemplados\u201d en el plan de vacunaci\u00f3n | CVI NOTICIAS\",\"isPartOf\":{\"@id\":\"https:\\\/\\\/cvinoticias.com\\\/v3\\\/#website\"},\"primaryImageOfPage\":{\"@id\":\"https:\\\/\\\/cvinoticias.com\\\/v3\\\/covid-19-trabajadores-del-transporte-estan-contemplados-en-el-plan-de-vacunacion\\\/#primaryimage\"},\"image\":{\"@id\":\"https:\\\/\\\/cvinoticias.com\\\/v3\\\/covid-19-trabajadores-del-transporte-estan-contemplados-en-el-plan-de-vacunacion\\\/#primaryimage\"},\"thumbnailUrl\":\"https:\\\/\\\/cvinoticias.com\\\/wp-content\\\/uploads\\\/2021\\\/02\\\/descarga-1.jpeg\",\"datePublished\":\"2021-02-05T04:20:35+00:00\",\"breadcrumb\":{\"@id\":\"https:\\\/\\\/cvinoticias.com\\\/v3\\\/covid-19-trabajadores-del-transporte-estan-contemplados-en-el-plan-de-vacunacion\\\/#breadcrumb\"},\"inLanguage\":\"es\",\"potentialAction\":[{\"@type\":\"ReadAction\",\"target\":[\"https:\\\/\\\/cvinoticias.com\\\/v3\\\/covid-19-trabajadores-del-transporte-estan-contemplados-en-el-plan-de-vacunacion\\\/\"]}]},{\"@type\":\"ImageObject\",\"inLanguage\":\"es\",\"@id\":\"https:\\\/\\\/cvinoticias.com\\\/v3\\\/covid-19-trabajadores-del-transporte-estan-contemplados-en-el-plan-de-vacunacion\\\/#primaryimage\",\"url\":\"https:\\\/\\\/cvinoticias.com\\\/wp-content\\\/uploads\\\/2021\\\/02\\\/descarga-1.jpeg\",\"contentUrl\":\"https:\\\/\\\/cvinoticias.com\\\/wp-content\\\/uploads\\\/2021\\\/02\\\/descarga-1.jpeg\",\"width\":275,\"height\":183},{\"@type\":\"BreadcrumbList\",\"@id\":\"https:\\\/\\\/cvinoticias.com\\\/v3\\\/covid-19-trabajadores-del-transporte-estan-contemplados-en-el-plan-de-vacunacion\\\/#breadcrumb\",\"itemListElement\":[{\"@type\":\"ListItem\",\"position\":1,\"name\":\"Portada\",\"item\":\"https:\\\/\\\/cvinoticias.com\\\/v3\\\/\"},{\"@type\":\"ListItem\",\"position\":2,\"name\":\"COVID-19: Trabajadores del transporte est\u00e1n \u201ccontemplados\u201d en el plan de vacunaci\u00f3n\"}]},{\"@type\":\"WebSite\",\"@id\":\"https:\\\/\\\/cvinoticias.com\\\/v3\\\/#website\",\"url\":\"https:\\\/\\\/cvinoticias.com\\\/v3\\\/\",\"name\":\"CVI NOTICIAS\",\"description\":\"\",\"publisher\":{\"@id\":\"https:\\\/\\\/cvinoticias.com\\\/v3\\\/#organization\"},\"alternateName\":\"CVI\",\"potentialAction\":[{\"@type\":\"SearchAction\",\"target\":{\"@type\":\"EntryPoint\",\"urlTemplate\":\"https:\\\/\\\/cvinoticias.com\\\/v3\\\/?s={search_term_string}\"},\"query-input\":{\"@type\":\"PropertyValueSpecification\",\"valueRequired\":true,\"valueName\":\"search_term_string\"}}],\"inLanguage\":\"es\"},{\"@type\":\"Organization\",\"@id\":\"https:\\\/\\\/cvinoticias.com\\\/v3\\\/#organization\",\"name\":\"CVI NOTICIAS\",\"url\":\"https:\\\/\\\/cvinoticias.com\\\/v3\\\/\",\"logo\":{\"@type\":\"ImageObject\",\"inLanguage\":\"es\",\"@id\":\"https:\\\/\\\/cvinoticias.com\\\/v3\\\/#\\\/schema\\\/logo\\\/image\\\/\",\"url\":\"https:\\\/\\\/cvinoticias.com\\\/wp-content\\\/uploads\\\/2023\\\/04\\\/cropped-cropped-cropped-cropped-cropped-3-1.png\",\"contentUrl\":\"https:\\\/\\\/cvinoticias.com\\\/wp-content\\\/uploads\\\/2023\\\/04\\\/cropped-cropped-cropped-cropped-cropped-3-1.png\",\"width\":95,\"height\":122,\"caption\":\"CVI NOTICIAS\"},\"image\":{\"@id\":\"https:\\\/\\\/cvinoticias.com\\\/v3\\\/#\\\/schema\\\/logo\\\/image\\\/\"},\"sameAs\":[\"https:\\\/\\\/www.facebook.com\\\/cvinoticias\",\"https:\\\/\\\/www.instagram.com\\\/cvinoticias\\\/\",\"https:\\\/\\\/www.youtube.com\\\/@CVINOTICIAS\"]},{\"@type\":\"Person\",\"@id\":\"https:\\\/\\\/cvinoticias.com\\\/v3\\\/#\\\/schema\\\/person\\\/2db77e3c6bc03c538495d7b2b8be9b66\",\"name\":\"f1000024\",\"image\":{\"@type\":\"ImageObject\",\"inLanguage\":\"es\",\"@id\":\"https:\\\/\\\/secure.gravatar.com\\\/avatar\\\/d4fe7459cfc51ff5129ce1a732bbef5928568b8092d412ef95611616376bbeed?s=96&d=mm&r=g\",\"url\":\"https:\\\/\\\/secure.gravatar.com\\\/avatar\\\/d4fe7459cfc51ff5129ce1a732bbef5928568b8092d412ef95611616376bbeed?s=96&d=mm&r=g\",\"contentUrl\":\"https:\\\/\\\/secure.gravatar.com\\\/avatar\\\/d4fe7459cfc51ff5129ce1a732bbef5928568b8092d412ef95611616376bbeed?s=96&d=mm&r=g\",\"caption\":\"f1000024\"},\"url\":\"https:\\\/\\\/cvinoticias.com\\\/v3\\\/author\\\/f1000024\\\/\"}]}<\/script>\n<!-- \/ Yoast SEO plugin. -->","yoast_head_json":{"title":"COVID-19: Trabajadores del transporte est\u00e1n \u201ccontemplados\u201d en el plan de vacunaci\u00f3n | CVI NOTICIAS","robots":{"index":"index","follow":"follow","max-snippet":"max-snippet:-1","max-image-preview":"max-image-preview:large","max-video-preview":"max-video-preview:-1"},"canonical":"https:\/\/cvinoticias.com\/v3\/covid-19-trabajadores-del-transporte-estan-contemplados-en-el-plan-de-vacunacion\/","og_locale":"es_ES","og_type":"article","og_title":"COVID-19: Trabajadores del transporte est\u00e1n \u201ccontemplados\u201d en el plan de vacunaci\u00f3n | CVI NOTICIAS","og_description":"Lo confirm\u00f3 el ministro de Salud Gin\u00e9s Gonz\u00e1lez Garc\u00eda tras la reuni\u00f3n con autoridades de la Confederaci\u00f3n Argentina de Trabajadores del Transporte (CATT). El ministro de Salud, Gin\u00e9s Gonz\u00e1lez Garc\u00eda, recibi\u00f3 hoy a autoridades de la CATT, que agrupa a varios sindicatos del transporte, ante quienesdestac\u00f3 el rol de los empleados del sector durante la [&hellip;]","og_url":"https:\/\/cvinoticias.com\/v3\/covid-19-trabajadores-del-transporte-estan-contemplados-en-el-plan-de-vacunacion\/","og_site_name":"CVI NOTICIAS","article_publisher":"https:\/\/www.facebook.com\/cvinoticias","article_published_time":"2021-02-05T04:20:35+00:00","og_image":[{"width":275,"height":183,"url":"https:\/\/cvinoticias.com\/wp-content\/uploads\/2021\/02\/descarga-1.jpeg","type":"image\/jpeg"}],"author":"f1000024","twitter_card":"summary_large_image","twitter_misc":{"Escrito por":"f1000024","Tiempo de lectura":"2 minutos"},"schema":{"@context":"https:\/\/schema.org","@graph":[{"@type":"Article","@id":"https:\/\/cvinoticias.com\/v3\/covid-19-trabajadores-del-transporte-estan-contemplados-en-el-plan-de-vacunacion\/#article","isPartOf":{"@id":"https:\/\/cvinoticias.com\/v3\/covid-19-trabajadores-del-transporte-estan-contemplados-en-el-plan-de-vacunacion\/"},"author":{"name":"f1000024","@id":"https:\/\/cvinoticias.com\/v3\/#\/schema\/person\/2db77e3c6bc03c538495d7b2b8be9b66"},"headline":"COVID-19: Trabajadores del transporte est\u00e1n \u201ccontemplados\u201d en el plan de vacunaci\u00f3n","datePublished":"2021-02-05T04:20:35+00:00","mainEntityOfPage":{"@id":"https:\/\/cvinoticias.com\/v3\/covid-19-trabajadores-del-transporte-estan-contemplados-en-el-plan-de-vacunacion\/"},"wordCount":313,"commentCount":0,"publisher":{"@id":"https:\/\/cvinoticias.com\/v3\/#organization"},"image":{"@id":"https:\/\/cvinoticias.com\/v3\/covid-19-trabajadores-del-transporte-estan-contemplados-en-el-plan-de-vacunacion\/#primaryimage"},"thumbnailUrl":"https:\/\/cvinoticias.com\/wp-content\/uploads\/2021\/02\/descarga-1.jpeg","articleSection":["Informaci\u00f3n General"],"inLanguage":"es","potentialAction":[{"@type":"CommentAction","name":"Comment","target":["https:\/\/cvinoticias.com\/v3\/covid-19-trabajadores-del-transporte-estan-contemplados-en-el-plan-de-vacunacion\/#respond"]}]},{"@type":"WebPage","@id":"https:\/\/cvinoticias.com\/v3\/covid-19-trabajadores-del-transporte-estan-contemplados-en-el-plan-de-vacunacion\/","url":"https:\/\/cvinoticias.com\/v3\/covid-19-trabajadores-del-transporte-estan-contemplados-en-el-plan-de-vacunacion\/","name":"COVID-19: Trabajadores del transporte est\u00e1n \u201ccontemplados\u201d en el plan de vacunaci\u00f3n | CVI NOTICIAS","isPartOf":{"@id":"https:\/\/cvinoticias.com\/v3\/#website"},"primaryImageOfPage":{"@id":"https:\/\/cvinoticias.com\/v3\/covid-19-trabajadores-del-transporte-estan-contemplados-en-el-plan-de-vacunacion\/#primaryimage"},"image":{"@id":"https:\/\/cvinoticias.com\/v3\/covid-19-trabajadores-del-transporte-estan-contemplados-en-el-plan-de-vacunacion\/#primaryimage"},"thumbnailUrl":"https:\/\/cvinoticias.com\/wp-content\/uploads\/2021\/02\/descarga-1.jpeg","datePublished":"2021-02-05T04:20:35+00:00","breadcrumb":{"@id":"https:\/\/cvinoticias.com\/v3\/covid-19-trabajadores-del-transporte-estan-contemplados-en-el-plan-de-vacunacion\/#breadcrumb"},"inLanguage":"es","potentialAction":[{"@type":"ReadAction","target":["https:\/\/cvinoticias.com\/v3\/covid-19-trabajadores-del-transporte-estan-contemplados-en-el-plan-de-vacunacion\/"]}]},{"@type":"ImageObject","inLanguage":"es","@id":"https:\/\/cvinoticias.com\/v3\/covid-19-trabajadores-del-transporte-estan-contemplados-en-el-plan-de-vacunacion\/#primaryimage","url":"https:\/\/cvinoticias.com\/wp-content\/uploads\/2021\/02\/descarga-1.jpeg","contentUrl":"https:\/\/cvinoticias.com\/wp-content\/uploads\/2021\/02\/descarga-1.jpeg","width":275,"height":183},{"@type":"BreadcrumbList","@id":"https:\/\/cvinoticias.com\/v3\/covid-19-trabajadores-del-transporte-estan-contemplados-en-el-plan-de-vacunacion\/#breadcrumb","itemListElement":[{"@type":"ListItem","position":1,"name":"Portada","item":"https:\/\/cvinoticias.com\/v3\/"},{"@type":"ListItem","position":2,"name":"COVID-19: Trabajadores del transporte est\u00e1n \u201ccontemplados\u201d en el plan de vacunaci\u00f3n"}]},{"@type":"WebSite","@id":"https:\/\/cvinoticias.com\/v3\/#website","url":"https:\/\/cvinoticias.com\/v3\/","name":"CVI NOTICIAS","description":"","publisher":{"@id":"https:\/\/cvinoticias.com\/v3\/#organization"},"alternateName":"CVI","potentialAction":[{"@type":"SearchAction","target":{"@type":"EntryPoint","urlTemplate":"https:\/\/cvinoticias.com\/v3\/?s={search_term_string}"},"query-input":{"@type":"PropertyValueSpecification","valueRequired":true,"valueName":"search_term_string"}}],"inLanguage":"es"},{"@type":"Organization","@id":"https:\/\/cvinoticias.com\/v3\/#organization","name":"CVI NOTICIAS","url":"https:\/\/cvinoticias.com\/v3\/","logo":{"@type":"ImageObject","inLanguage":"es","@id":"https:\/\/cvinoticias.com\/v3\/#\/schema\/logo\/image\/","url":"https:\/\/cvinoticias.com\/wp-content\/uploads\/2023\/04\/cropped-cropped-cropped-cropped-cropped-3-1.png","contentUrl":"https:\/\/cvinoticias.com\/wp-content\/uploads\/2023\/04\/cropped-cropped-cropped-cropped-cropped-3-1.png","width":95,"height":122,"caption":"CVI NOTICIAS"},"image":{"@id":"https:\/\/cvinoticias.com\/v3\/#\/schema\/logo\/image\/"},"sameAs":["https:\/\/www.facebook.com\/cvinoticias","https:\/\/www.instagram.com\/cvinoticias\/","https:\/\/www.youtube.com\/@CVINOTICIAS"]},{"@type":"Person","@id":"https:\/\/cvinoticias.com\/v3\/#\/schema\/person\/2db77e3c6bc03c538495d7b2b8be9b66","name":"f1000024","image":{"@type":"ImageObject","inLanguage":"es","@id":"https:\/\/secure.gravatar.com\/avatar\/d4fe7459cfc51ff5129ce1a732bbef5928568b8092d412ef95611616376bbeed?s=96&d=mm&r=g","url":"https:\/\/secure.gravatar.com\/avatar\/d4fe7459cfc51ff5129ce1a732bbef5928568b8092d412ef95611616376bbeed?s=96&d=mm&r=g","contentUrl":"https:\/\/secure.gravatar.com\/avatar\/d4fe7459cfc51ff5129ce1a732bbef5928568b8092d412ef95611616376bbeed?s=96&d=mm&r=g","caption":"f1000024"},"url":"https:\/\/cvinoticias.com\/v3\/author\/f1000024\/"}]}},"_links":{"self":[{"href":"https:\/\/cvinoticias.com\/v3\/wp-json\/wp\/v2\/posts\/2425","targetHints":{"allow":["GET"]}}],"collection":[{"href":"https:\/\/cvinoticias.com\/v3\/wp-json\/wp\/v2\/posts"}],"about":[{"href":"https:\/\/cvinoticias.com\/v3\/wp-json\/wp\/v2\/types\/post"}],"author":[{"embeddable":true,"href":"https:\/\/cvinoticias.com\/v3\/wp-json\/wp\/v2\/users\/2"}],"replies":[{"embeddable":true,"href":"https:\/\/cvinoticias.com\/v3\/wp-json\/wp\/v2\/comments?post=2425"}],"version-history":[{"count":1,"href":"https:\/\/cvinoticias.com\/v3\/wp-json\/wp\/v2\/posts\/2425\/revisions"}],"predecessor-version":[{"id":2427,"href":"https:\/\/cvinoticias.com\/v3\/wp-json\/wp\/v2\/posts\/2425\/revisions\/2427"}],"wp:featuredmedia":[{"embeddable":true,"href":"https:\/\/cvinoticias.com\/v3\/wp-json\/wp\/v2\/media\/2426"}],"wp:attachment":[{"href":"https:\/\/cvinoticias.com\/v3\/wp-json\/wp\/v2\/media?parent=2425"}],"wp:term":[{"taxonomy":"category","embeddable":true,"href":"https:\/\/cvinoticias.com\/v3\/wp-json\/wp\/v2\/categories?post=2425"},{"taxonomy":"post_tag","embeddable":true,"href":"https:\/\/cvinoticias.com\/v3\/wp-json\/wp\/v2\/tags?post=2425"}],"curies":[{"name":"wp","href":"https:\/\/api.w.org\/{rel}","templated":true}]}}