{"id":24202,"date":"2023-04-19T14:06:43","date_gmt":"2023-04-19T14:06:43","guid":{"rendered":"https:\/\/cvinoticias.com\/v3\/?p=24202"},"modified":"2023-04-19T14:06:43","modified_gmt":"2023-04-19T14:06:43","slug":"proponen-un-marco-regulatorio-para-el-funcionamiento-etico-de-la-ia","status":"publish","type":"post","link":"https:\/\/cvinoticias.com\/v3\/proponen-un-marco-regulatorio-para-el-funcionamiento-etico-de-la-ia\/","title":{"rendered":"Proponen un marco regulatorio para el funcionamiento \u00e9tico de la IA"},"content":{"rendered":"\n<p><strong><em>Atentos a los avances cient\u00edficos en esa materia, los diputados Latorre y Manes buscan establecer una regulaci\u00f3n que atienda desde la diversidad a la paz y la justicia.<\/em><\/strong><\/p>\n\n\n\n<p>Los diputados nacionales Jimena Latorre y Facundo Manes presentaron un proyecto de ley con el fin de regular el funcionamiento \u00e9tico de los sistemas de Inteligencia Artificial (IA).<\/p>\n\n\n\n<p>\u201cUna pronta reglamentaci\u00f3n de este tipo de sistemas e inteligencias asegurar\u00e1 al pa\u00eds posicionarse como el primer pa\u00eds latinoamericano en promover el desarrollo de las inteligencias artificiales y establecer par\u00e1metros \u00e9ticos de utilizaci\u00f3n\u201d, enfatiz\u00f3 Latorre.<\/p>\n\n\n\n<p>La iniciativa propone que dicha regulaci\u00f3n se base en primer lugar en la diversidad e inclusi\u00f3n. Para ello, debe asegurar la participaci\u00f3n de todas las personas o grupos, con independencia de su raza, color, ascendencia, g\u00e9nero, edad, idioma, religi\u00f3n, opiniones pol\u00edticas, origen \u00e9tnico o social, condici\u00f3n econ\u00f3mica o cualquier otra forma o condici\u00f3n que pudiera alterar el respeto a la diversidad e inclusi\u00f3n social.<\/p>\n\n\n\n<p>En segundo lugar, el proyecto establece que la IA deber\u00e1 asegurar la paz y la justicia entre naciones y no podr\u00e1 menoscabar la libertad de los seres humanos, ni reducir su autonom\u00eda de decisi\u00f3n. Tampoco podr\u00e1 poner en riesgo la seguridad individual o colectiva, ni dividir o enfrentar a las personas y los grupos, o amenazar la coexistencia entre los seres humanos, los dem\u00e1s seres vivos y el medio.<\/p>\n\n\n\n<p>Asimismo, se propone incorporar un nuevo art\u00edculo a la Ley de Ciencia, Tecnolog\u00eda e Innovaci\u00f3n que establecer\u00e1 que los sistemas de IA, en cualquier etapa de su ciclo de vida, deber\u00e1n ser registrados conforme a los procedimientos previstos por el Gabinete Cient\u00edfico-Tecnol\u00f3gico (GACTEC). La autoridad de aplicaci\u00f3n ordenar\u00e1 detener los avances de la investigaci\u00f3n, desarrollo o aplicaci\u00f3n cuando considere que se vulneran los principios y valores \u00e9ticos dispuestos en este proyecto.<\/p>\n\n\n\n<p>En este marco, se incorpora otro art\u00edculo, donde se garantiza que toda persona f\u00edsica o jur\u00eddica que se considere amenazada o perjudicada por un sistema de IA podr\u00e1 realizar la denuncia ante la Secretar\u00eda de Ciencia, Tecnolog\u00eda, e Innovaci\u00f3n Productiva (SETCIP).<\/p>\n\n\n\n<p>En la fundamentaci\u00f3n del proyecto, Latorre y Manes explican que \u201clos sistemas de IA se utilizan en una amplia variedad de aplicaciones, desde asistentes virtuales y robots aut\u00f3nomos hasta diagn\u00f3sticos m\u00e9dicos y an\u00e1lisis financieros, siendo un campo en constante evoluci\u00f3n y expansi\u00f3n\u201d, por ello, \u201cconsideramos que esta evoluci\u00f3n debe realizarse siguiendo como lineamiento b\u00e1sico la b\u00fasqueda de beneficios para la humanidad y resulta necesaria una legislaci\u00f3n que encuadre el ciclo de vida completo de las IA sobre los m\u00e1s altos est\u00e1ndares \u00e9ticos\u201d.<\/p>\n\n\n\n<p>\u201cEstamos frente a la cuarta revoluci\u00f3n industrial, vivimos la fusi\u00f3n de lo f\u00edsico, lo biol\u00f3gico y lo digital\u201d, sostuvo Manes y a\u00f1adi\u00f3 que \u201cla Inteligencia Artificial nunca va a reemplazar a los humanos, vamos hacia un mundo h\u00edbrido donde le vamos a perder el miedo a la deshumanizaci\u00f3n pero valorar las cosas que nos hacen humanos\u201d.<\/p>\n","protected":false},"excerpt":{"rendered":"<p>Atentos a los avances cient\u00edficos en esa materia, los diputados Latorre y Manes buscan establecer una regulaci\u00f3n que atienda desde la diversidad a la paz y la justicia. Los diputados nacionales Jimena Latorre y Facundo Manes presentaron un proyecto de ley con el fin de regular el funcionamiento \u00e9tico de los sistemas de Inteligencia Artificial [&hellip;]<\/p>\n","protected":false},"author":2,"featured_media":24203,"comment_status":"open","ping_status":"open","sticky":false,"template":"","format":"standard","meta":{"footnotes":""},"categories":[424],"tags":[],"class_list":["post-24202","post","type-post","status-publish","format-standard","has-post-thumbnail","hentry","category-tecnologia"],"yoast_head":"<!-- This site is optimized with the Yoast SEO plugin v27.5 - https:\/\/yoast.com\/product\/yoast-seo-wordpress\/ -->\n<title>Proponen un marco regulatorio para el funcionamiento \u00e9tico de la IA | CVI NOTICIAS<\/title>\n<meta name=\"robots\" content=\"index, follow, max-snippet:-1, max-image-preview:large, max-video-preview:-1\" \/>\n<link rel=\"canonical\" href=\"https:\/\/cvinoticias.com\/v3\/proponen-un-marco-regulatorio-para-el-funcionamiento-etico-de-la-ia\/\" \/>\n<meta property=\"og:locale\" content=\"es_ES\" \/>\n<meta property=\"og:type\" content=\"article\" \/>\n<meta property=\"og:title\" content=\"Proponen un marco regulatorio para el funcionamiento \u00e9tico de la IA | CVI NOTICIAS\" \/>\n<meta property=\"og:description\" content=\"Atentos a los avances cient\u00edficos en esa materia, los diputados Latorre y Manes buscan establecer una regulaci\u00f3n que atienda desde la diversidad a la paz y la justicia. Los diputados nacionales Jimena Latorre y Facundo Manes presentaron un proyecto de ley con el fin de regular el funcionamiento \u00e9tico de los sistemas de Inteligencia Artificial [&hellip;]\" \/>\n<meta property=\"og:url\" content=\"https:\/\/cvinoticias.com\/v3\/proponen-un-marco-regulatorio-para-el-funcionamiento-etico-de-la-ia\/\" \/>\n<meta property=\"og:site_name\" content=\"CVI NOTICIAS\" \/>\n<meta property=\"article:publisher\" content=\"https:\/\/www.facebook.com\/cvinoticias\" \/>\n<meta property=\"article:published_time\" content=\"2023-04-19T14:06:43+00:00\" \/>\n<meta property=\"og:image\" content=\"https:\/\/cvinoticias.com\/wp-content\/uploads\/2023\/04\/Screenshot_20230419_110624_Facebook.jpg\" \/>\n\t<meta property=\"og:image:width\" content=\"1078\" \/>\n\t<meta property=\"og:image:height\" content=\"716\" \/>\n\t<meta property=\"og:image:type\" content=\"image\/jpeg\" \/>\n<meta name=\"author\" content=\"f1000024\" \/>\n<meta name=\"twitter:card\" content=\"summary_large_image\" \/>\n<meta name=\"twitter:label1\" content=\"Escrito por\" \/>\n\t<meta name=\"twitter:data1\" content=\"f1000024\" \/>\n\t<meta name=\"twitter:label2\" content=\"Tiempo de lectura\" \/>\n\t<meta name=\"twitter:data2\" content=\"3 minutos\" \/>\n<script type=\"application\/ld+json\" class=\"yoast-schema-graph\">{\"@context\":\"https:\\\/\\\/schema.org\",\"@graph\":[{\"@type\":\"Article\",\"@id\":\"https:\\\/\\\/cvinoticias.com\\\/v3\\\/proponen-un-marco-regulatorio-para-el-funcionamiento-etico-de-la-ia\\\/#article\",\"isPartOf\":{\"@id\":\"https:\\\/\\\/cvinoticias.com\\\/v3\\\/proponen-un-marco-regulatorio-para-el-funcionamiento-etico-de-la-ia\\\/\"},\"author\":{\"name\":\"f1000024\",\"@id\":\"https:\\\/\\\/cvinoticias.com\\\/v3\\\/#\\\/schema\\\/person\\\/2db77e3c6bc03c538495d7b2b8be9b66\"},\"headline\":\"Proponen un marco regulatorio para el funcionamiento \u00e9tico de la IA\",\"datePublished\":\"2023-04-19T14:06:43+00:00\",\"mainEntityOfPage\":{\"@id\":\"https:\\\/\\\/cvinoticias.com\\\/v3\\\/proponen-un-marco-regulatorio-para-el-funcionamiento-etico-de-la-ia\\\/\"},\"wordCount\":540,\"commentCount\":0,\"publisher\":{\"@id\":\"https:\\\/\\\/cvinoticias.com\\\/v3\\\/#organization\"},\"image\":{\"@id\":\"https:\\\/\\\/cvinoticias.com\\\/v3\\\/proponen-un-marco-regulatorio-para-el-funcionamiento-etico-de-la-ia\\\/#primaryimage\"},\"thumbnailUrl\":\"https:\\\/\\\/cvinoticias.com\\\/wp-content\\\/uploads\\\/2023\\\/04\\\/Screenshot_20230419_110624_Facebook.jpg\",\"articleSection\":[\"Tecnolog\u00eda\"],\"inLanguage\":\"es\",\"potentialAction\":[{\"@type\":\"CommentAction\",\"name\":\"Comment\",\"target\":[\"https:\\\/\\\/cvinoticias.com\\\/v3\\\/proponen-un-marco-regulatorio-para-el-funcionamiento-etico-de-la-ia\\\/#respond\"]}]},{\"@type\":\"WebPage\",\"@id\":\"https:\\\/\\\/cvinoticias.com\\\/v3\\\/proponen-un-marco-regulatorio-para-el-funcionamiento-etico-de-la-ia\\\/\",\"url\":\"https:\\\/\\\/cvinoticias.com\\\/v3\\\/proponen-un-marco-regulatorio-para-el-funcionamiento-etico-de-la-ia\\\/\",\"name\":\"Proponen un marco regulatorio para el funcionamiento \u00e9tico de la IA | CVI NOTICIAS\",\"isPartOf\":{\"@id\":\"https:\\\/\\\/cvinoticias.com\\\/v3\\\/#website\"},\"primaryImageOfPage\":{\"@id\":\"https:\\\/\\\/cvinoticias.com\\\/v3\\\/proponen-un-marco-regulatorio-para-el-funcionamiento-etico-de-la-ia\\\/#primaryimage\"},\"image\":{\"@id\":\"https:\\\/\\\/cvinoticias.com\\\/v3\\\/proponen-un-marco-regulatorio-para-el-funcionamiento-etico-de-la-ia\\\/#primaryimage\"},\"thumbnailUrl\":\"https:\\\/\\\/cvinoticias.com\\\/wp-content\\\/uploads\\\/2023\\\/04\\\/Screenshot_20230419_110624_Facebook.jpg\",\"datePublished\":\"2023-04-19T14:06:43+00:00\",\"breadcrumb\":{\"@id\":\"https:\\\/\\\/cvinoticias.com\\\/v3\\\/proponen-un-marco-regulatorio-para-el-funcionamiento-etico-de-la-ia\\\/#breadcrumb\"},\"inLanguage\":\"es\",\"potentialAction\":[{\"@type\":\"ReadAction\",\"target\":[\"https:\\\/\\\/cvinoticias.com\\\/v3\\\/proponen-un-marco-regulatorio-para-el-funcionamiento-etico-de-la-ia\\\/\"]}]},{\"@type\":\"ImageObject\",\"inLanguage\":\"es\",\"@id\":\"https:\\\/\\\/cvinoticias.com\\\/v3\\\/proponen-un-marco-regulatorio-para-el-funcionamiento-etico-de-la-ia\\\/#primaryimage\",\"url\":\"https:\\\/\\\/cvinoticias.com\\\/wp-content\\\/uploads\\\/2023\\\/04\\\/Screenshot_20230419_110624_Facebook.jpg\",\"contentUrl\":\"https:\\\/\\\/cvinoticias.com\\\/wp-content\\\/uploads\\\/2023\\\/04\\\/Screenshot_20230419_110624_Facebook.jpg\",\"width\":1078,\"height\":716},{\"@type\":\"BreadcrumbList\",\"@id\":\"https:\\\/\\\/cvinoticias.com\\\/v3\\\/proponen-un-marco-regulatorio-para-el-funcionamiento-etico-de-la-ia\\\/#breadcrumb\",\"itemListElement\":[{\"@type\":\"ListItem\",\"position\":1,\"name\":\"Portada\",\"item\":\"https:\\\/\\\/cvinoticias.com\\\/v3\\\/\"},{\"@type\":\"ListItem\",\"position\":2,\"name\":\"Proponen un marco regulatorio para el funcionamiento \u00e9tico de la IA\"}]},{\"@type\":\"WebSite\",\"@id\":\"https:\\\/\\\/cvinoticias.com\\\/v3\\\/#website\",\"url\":\"https:\\\/\\\/cvinoticias.com\\\/v3\\\/\",\"name\":\"CVI NOTICIAS\",\"description\":\"\",\"publisher\":{\"@id\":\"https:\\\/\\\/cvinoticias.com\\\/v3\\\/#organization\"},\"alternateName\":\"CVI\",\"potentialAction\":[{\"@type\":\"SearchAction\",\"target\":{\"@type\":\"EntryPoint\",\"urlTemplate\":\"https:\\\/\\\/cvinoticias.com\\\/v3\\\/?s={search_term_string}\"},\"query-input\":{\"@type\":\"PropertyValueSpecification\",\"valueRequired\":true,\"valueName\":\"search_term_string\"}}],\"inLanguage\":\"es\"},{\"@type\":\"Organization\",\"@id\":\"https:\\\/\\\/cvinoticias.com\\\/v3\\\/#organization\",\"name\":\"CVI NOTICIAS\",\"url\":\"https:\\\/\\\/cvinoticias.com\\\/v3\\\/\",\"logo\":{\"@type\":\"ImageObject\",\"inLanguage\":\"es\",\"@id\":\"https:\\\/\\\/cvinoticias.com\\\/v3\\\/#\\\/schema\\\/logo\\\/image\\\/\",\"url\":\"https:\\\/\\\/cvinoticias.com\\\/wp-content\\\/uploads\\\/2023\\\/04\\\/cropped-cropped-cropped-cropped-cropped-3-1.png\",\"contentUrl\":\"https:\\\/\\\/cvinoticias.com\\\/wp-content\\\/uploads\\\/2023\\\/04\\\/cropped-cropped-cropped-cropped-cropped-3-1.png\",\"width\":95,\"height\":122,\"caption\":\"CVI NOTICIAS\"},\"image\":{\"@id\":\"https:\\\/\\\/cvinoticias.com\\\/v3\\\/#\\\/schema\\\/logo\\\/image\\\/\"},\"sameAs\":[\"https:\\\/\\\/www.facebook.com\\\/cvinoticias\",\"https:\\\/\\\/www.instagram.com\\\/cvinoticias\\\/\",\"https:\\\/\\\/www.youtube.com\\\/@CVINOTICIAS\"]},{\"@type\":\"Person\",\"@id\":\"https:\\\/\\\/cvinoticias.com\\\/v3\\\/#\\\/schema\\\/person\\\/2db77e3c6bc03c538495d7b2b8be9b66\",\"name\":\"f1000024\",\"image\":{\"@type\":\"ImageObject\",\"inLanguage\":\"es\",\"@id\":\"https:\\\/\\\/secure.gravatar.com\\\/avatar\\\/d4fe7459cfc51ff5129ce1a732bbef5928568b8092d412ef95611616376bbeed?s=96&d=mm&r=g\",\"url\":\"https:\\\/\\\/secure.gravatar.com\\\/avatar\\\/d4fe7459cfc51ff5129ce1a732bbef5928568b8092d412ef95611616376bbeed?s=96&d=mm&r=g\",\"contentUrl\":\"https:\\\/\\\/secure.gravatar.com\\\/avatar\\\/d4fe7459cfc51ff5129ce1a732bbef5928568b8092d412ef95611616376bbeed?s=96&d=mm&r=g\",\"caption\":\"f1000024\"},\"url\":\"https:\\\/\\\/cvinoticias.com\\\/v3\\\/author\\\/f1000024\\\/\"}]}<\/script>\n<!-- \/ Yoast SEO plugin. -->","yoast_head_json":{"title":"Proponen un marco regulatorio para el funcionamiento \u00e9tico de la IA | CVI NOTICIAS","robots":{"index":"index","follow":"follow","max-snippet":"max-snippet:-1","max-image-preview":"max-image-preview:large","max-video-preview":"max-video-preview:-1"},"canonical":"https:\/\/cvinoticias.com\/v3\/proponen-un-marco-regulatorio-para-el-funcionamiento-etico-de-la-ia\/","og_locale":"es_ES","og_type":"article","og_title":"Proponen un marco regulatorio para el funcionamiento \u00e9tico de la IA | CVI NOTICIAS","og_description":"Atentos a los avances cient\u00edficos en esa materia, los diputados Latorre y Manes buscan establecer una regulaci\u00f3n que atienda desde la diversidad a la paz y la justicia. Los diputados nacionales Jimena Latorre y Facundo Manes presentaron un proyecto de ley con el fin de regular el funcionamiento \u00e9tico de los sistemas de Inteligencia Artificial [&hellip;]","og_url":"https:\/\/cvinoticias.com\/v3\/proponen-un-marco-regulatorio-para-el-funcionamiento-etico-de-la-ia\/","og_site_name":"CVI NOTICIAS","article_publisher":"https:\/\/www.facebook.com\/cvinoticias","article_published_time":"2023-04-19T14:06:43+00:00","og_image":[{"width":1078,"height":716,"url":"https:\/\/cvinoticias.com\/wp-content\/uploads\/2023\/04\/Screenshot_20230419_110624_Facebook.jpg","type":"image\/jpeg"}],"author":"f1000024","twitter_card":"summary_large_image","twitter_misc":{"Escrito por":"f1000024","Tiempo de lectura":"3 minutos"},"schema":{"@context":"https:\/\/schema.org","@graph":[{"@type":"Article","@id":"https:\/\/cvinoticias.com\/v3\/proponen-un-marco-regulatorio-para-el-funcionamiento-etico-de-la-ia\/#article","isPartOf":{"@id":"https:\/\/cvinoticias.com\/v3\/proponen-un-marco-regulatorio-para-el-funcionamiento-etico-de-la-ia\/"},"author":{"name":"f1000024","@id":"https:\/\/cvinoticias.com\/v3\/#\/schema\/person\/2db77e3c6bc03c538495d7b2b8be9b66"},"headline":"Proponen un marco regulatorio para el funcionamiento \u00e9tico de la IA","datePublished":"2023-04-19T14:06:43+00:00","mainEntityOfPage":{"@id":"https:\/\/cvinoticias.com\/v3\/proponen-un-marco-regulatorio-para-el-funcionamiento-etico-de-la-ia\/"},"wordCount":540,"commentCount":0,"publisher":{"@id":"https:\/\/cvinoticias.com\/v3\/#organization"},"image":{"@id":"https:\/\/cvinoticias.com\/v3\/proponen-un-marco-regulatorio-para-el-funcionamiento-etico-de-la-ia\/#primaryimage"},"thumbnailUrl":"https:\/\/cvinoticias.com\/wp-content\/uploads\/2023\/04\/Screenshot_20230419_110624_Facebook.jpg","articleSection":["Tecnolog\u00eda"],"inLanguage":"es","potentialAction":[{"@type":"CommentAction","name":"Comment","target":["https:\/\/cvinoticias.com\/v3\/proponen-un-marco-regulatorio-para-el-funcionamiento-etico-de-la-ia\/#respond"]}]},{"@type":"WebPage","@id":"https:\/\/cvinoticias.com\/v3\/proponen-un-marco-regulatorio-para-el-funcionamiento-etico-de-la-ia\/","url":"https:\/\/cvinoticias.com\/v3\/proponen-un-marco-regulatorio-para-el-funcionamiento-etico-de-la-ia\/","name":"Proponen un marco regulatorio para el funcionamiento \u00e9tico de la IA | CVI NOTICIAS","isPartOf":{"@id":"https:\/\/cvinoticias.com\/v3\/#website"},"primaryImageOfPage":{"@id":"https:\/\/cvinoticias.com\/v3\/proponen-un-marco-regulatorio-para-el-funcionamiento-etico-de-la-ia\/#primaryimage"},"image":{"@id":"https:\/\/cvinoticias.com\/v3\/proponen-un-marco-regulatorio-para-el-funcionamiento-etico-de-la-ia\/#primaryimage"},"thumbnailUrl":"https:\/\/cvinoticias.com\/wp-content\/uploads\/2023\/04\/Screenshot_20230419_110624_Facebook.jpg","datePublished":"2023-04-19T14:06:43+00:00","breadcrumb":{"@id":"https:\/\/cvinoticias.com\/v3\/proponen-un-marco-regulatorio-para-el-funcionamiento-etico-de-la-ia\/#breadcrumb"},"inLanguage":"es","potentialAction":[{"@type":"ReadAction","target":["https:\/\/cvinoticias.com\/v3\/proponen-un-marco-regulatorio-para-el-funcionamiento-etico-de-la-ia\/"]}]},{"@type":"ImageObject","inLanguage":"es","@id":"https:\/\/cvinoticias.com\/v3\/proponen-un-marco-regulatorio-para-el-funcionamiento-etico-de-la-ia\/#primaryimage","url":"https:\/\/cvinoticias.com\/wp-content\/uploads\/2023\/04\/Screenshot_20230419_110624_Facebook.jpg","contentUrl":"https:\/\/cvinoticias.com\/wp-content\/uploads\/2023\/04\/Screenshot_20230419_110624_Facebook.jpg","width":1078,"height":716},{"@type":"BreadcrumbList","@id":"https:\/\/cvinoticias.com\/v3\/proponen-un-marco-regulatorio-para-el-funcionamiento-etico-de-la-ia\/#breadcrumb","itemListElement":[{"@type":"ListItem","position":1,"name":"Portada","item":"https:\/\/cvinoticias.com\/v3\/"},{"@type":"ListItem","position":2,"name":"Proponen un marco regulatorio para el funcionamiento \u00e9tico de la IA"}]},{"@type":"WebSite","@id":"https:\/\/cvinoticias.com\/v3\/#website","url":"https:\/\/cvinoticias.com\/v3\/","name":"CVI NOTICIAS","description":"","publisher":{"@id":"https:\/\/cvinoticias.com\/v3\/#organization"},"alternateName":"CVI","potentialAction":[{"@type":"SearchAction","target":{"@type":"EntryPoint","urlTemplate":"https:\/\/cvinoticias.com\/v3\/?s={search_term_string}"},"query-input":{"@type":"PropertyValueSpecification","valueRequired":true,"valueName":"search_term_string"}}],"inLanguage":"es"},{"@type":"Organization","@id":"https:\/\/cvinoticias.com\/v3\/#organization","name":"CVI NOTICIAS","url":"https:\/\/cvinoticias.com\/v3\/","logo":{"@type":"ImageObject","inLanguage":"es","@id":"https:\/\/cvinoticias.com\/v3\/#\/schema\/logo\/image\/","url":"https:\/\/cvinoticias.com\/wp-content\/uploads\/2023\/04\/cropped-cropped-cropped-cropped-cropped-3-1.png","contentUrl":"https:\/\/cvinoticias.com\/wp-content\/uploads\/2023\/04\/cropped-cropped-cropped-cropped-cropped-3-1.png","width":95,"height":122,"caption":"CVI NOTICIAS"},"image":{"@id":"https:\/\/cvinoticias.com\/v3\/#\/schema\/logo\/image\/"},"sameAs":["https:\/\/www.facebook.com\/cvinoticias","https:\/\/www.instagram.com\/cvinoticias\/","https:\/\/www.youtube.com\/@CVINOTICIAS"]},{"@type":"Person","@id":"https:\/\/cvinoticias.com\/v3\/#\/schema\/person\/2db77e3c6bc03c538495d7b2b8be9b66","name":"f1000024","image":{"@type":"ImageObject","inLanguage":"es","@id":"https:\/\/secure.gravatar.com\/avatar\/d4fe7459cfc51ff5129ce1a732bbef5928568b8092d412ef95611616376bbeed?s=96&d=mm&r=g","url":"https:\/\/secure.gravatar.com\/avatar\/d4fe7459cfc51ff5129ce1a732bbef5928568b8092d412ef95611616376bbeed?s=96&d=mm&r=g","contentUrl":"https:\/\/secure.gravatar.com\/avatar\/d4fe7459cfc51ff5129ce1a732bbef5928568b8092d412ef95611616376bbeed?s=96&d=mm&r=g","caption":"f1000024"},"url":"https:\/\/cvinoticias.com\/v3\/author\/f1000024\/"}]}},"_links":{"self":[{"href":"https:\/\/cvinoticias.com\/v3\/wp-json\/wp\/v2\/posts\/24202","targetHints":{"allow":["GET"]}}],"collection":[{"href":"https:\/\/cvinoticias.com\/v3\/wp-json\/wp\/v2\/posts"}],"about":[{"href":"https:\/\/cvinoticias.com\/v3\/wp-json\/wp\/v2\/types\/post"}],"author":[{"embeddable":true,"href":"https:\/\/cvinoticias.com\/v3\/wp-json\/wp\/v2\/users\/2"}],"replies":[{"embeddable":true,"href":"https:\/\/cvinoticias.com\/v3\/wp-json\/wp\/v2\/comments?post=24202"}],"version-history":[{"count":1,"href":"https:\/\/cvinoticias.com\/v3\/wp-json\/wp\/v2\/posts\/24202\/revisions"}],"predecessor-version":[{"id":24204,"href":"https:\/\/cvinoticias.com\/v3\/wp-json\/wp\/v2\/posts\/24202\/revisions\/24204"}],"wp:featuredmedia":[{"embeddable":true,"href":"https:\/\/cvinoticias.com\/v3\/wp-json\/wp\/v2\/media\/24203"}],"wp:attachment":[{"href":"https:\/\/cvinoticias.com\/v3\/wp-json\/wp\/v2\/media?parent=24202"}],"wp:term":[{"taxonomy":"category","embeddable":true,"href":"https:\/\/cvinoticias.com\/v3\/wp-json\/wp\/v2\/categories?post=24202"},{"taxonomy":"post_tag","embeddable":true,"href":"https:\/\/cvinoticias.com\/v3\/wp-json\/wp\/v2\/tags?post=24202"}],"curies":[{"name":"wp","href":"https:\/\/api.w.org\/{rel}","templated":true}]}}