{"id":24199,"date":"2023-04-19T12:29:45","date_gmt":"2023-04-19T12:29:45","guid":{"rendered":"https:\/\/cvinoticias.com\/v3\/?p=24199"},"modified":"2023-04-19T12:29:45","modified_gmt":"2023-04-19T12:29:45","slug":"gobernadores-del-norte-grande-presentaran-su-plan-de-estrategia-logistica","status":"publish","type":"post","link":"https:\/\/cvinoticias.com\/v3\/gobernadores-del-norte-grande-presentaran-su-plan-de-estrategia-logistica\/","title":{"rendered":"Gobernadores del Norte Grande presentar\u00e1n su Plan de Estrategia Log\u00edstica"},"content":{"rendered":"\n<p><strong><em>Buscan promover el desarrollo de las econom\u00edas regionales mejorando la eficiencia de las cadenas productivas regionales.<\/em><\/strong><\/p>\n\n\n\n<p>Los gobernadores de las diez provincias del Norte Grande presentar\u00e1n este mi\u00e9rcoles, a ministros y legisladores nacionales y provinciales, el Master Plan de Log\u00edstica Integrada de esa estrat\u00e9gica zona del pa\u00eds. Buscan promover el desarrollo de las econom\u00edas regionales mejorando la eficiencia de las cadenas productivas.<\/p>\n\n\n\n<p>El encuentro ser\u00e1 a las 15 en el Consejo Federal de Inversiones (CFI), San Mart\u00edn 871 de la ciudad de Buenos Aires, informaron los organizadores.<\/p>\n\n\n\n<p>El presidente pro t\u00e9mpore del Norte Grande y gobernador de Santiago del Estero, Gerardo Zamora, dijo que \u00abvamos a mostrar al Poder Ejecutivo y al Poder Legislativo todo este trabajo de muchos meses que venimos realizando sobre cu\u00e1l es nuestro plan maestro de estrategia log\u00edstica, para as\u00ed convertirlo en ley\u00bb.<\/p>\n\n\n\n<p>El objetivo \u00abes mejorar la competitividad de las producciones del Norte Grande a trav\u00e9s de la mejora en el desempe\u00f1o log\u00edstico regional con un criterio de sostenibilidad ambiental y equidad social\u00bb, se destac\u00f3 en un comunicado.<\/p>\n\n\n\n<p>Las diez provincias integrantes de la Regi\u00f3n del Norte Grande Argentino son Catamarca, Chaco, Corrientes, Formosa, Jujuy, La Rioja, Misiones, Salta, Santiago del Estero y Tucum\u00e1n.<\/p>\n\n\n\n<p>El plan impulsado \u00abbusca promover el desarrollo de las econom\u00edas regionales mejorando la eficiencia de las cadenas productivas regionales. Esto se traduce en mayor productividad, mejores servicios, menores costos, mayor conectividad, recursos humanos capacitados y la incorporaci\u00f3n de tecnolog\u00edas digitales\u00bb, se destac\u00f3.<\/p>\n\n\n\n<p>El secretario general del CFI, Ignacio Lamothe, indic\u00f3 que a pedido de los gobernadores, desde el a\u00f1o pasado avanzaron con el proyecto de trazar la Estrategia Log\u00edstica del Norte Grande para \u00abfortalecer la integraci\u00f3n territorial\u00bb y \u00abmejorar la competitividad de la producci\u00f3n y su inserci\u00f3n en el mercado nacional e internacional\u00bb.<\/p>\n\n\n\n<p>\u00abLa Estrategia Log\u00edstica para el Norte Grande es una apuesta a la integraci\u00f3n territorial para el desarrollo del potencial exportador de las diez provincias de la regi\u00f3n\u00bb, a\u00f1adi\u00f3 el comunicado difundido este martes por los organizadores de esta nueva asamblea.<\/p>\n\n\n\n<p>Por ello, \u00abse desarroll\u00f3 con el trabajo continuo de los referentes t\u00e9cnicos y pol\u00edticos de las diez provincias y el equipo de especialistas del CFI, con un trabajo territorial permanente, visitando infraestructura y equipamientos log\u00edsticos, obras en marcha y actores del sector privado\u00bb.<\/p>\n\n\n\n<p>La estrategia propuesta es un punto de partida \u00abcon 116 propuestas de pol\u00edticas p\u00fablicas consensuadas que plantea mejorar los niveles de servicios de los distintos componentes de la infraestructura vial, potenciar los servicios fluviales y el aprovechamiento de la red portuaria, promover la sostenibilidad del sistema ferroviario, mejorar los servicios y la conectividad para la carga a\u00e9rea y desarrollar la normativa y los equipamientos necesarios para diversificar los usuarios con acceso a una log\u00edstica m\u00e1s eficiente\u00bb, se detall\u00f3.<\/p>\n\n\n\n<p>Se precis\u00f3 que se espera la presencia de los gobernadores y vicegobernadores de la regi\u00f3n, as\u00ed como del ministro del Interior, Eduardo de Pedro; autoridades de otros organismos nacionales, legisladores y el secretario general del CFI, Lamothe.<\/p>\n","protected":false},"excerpt":{"rendered":"<p>Buscan promover el desarrollo de las econom\u00edas regionales mejorando la eficiencia de las cadenas productivas regionales. Los gobernadores de las diez provincias del Norte Grande presentar\u00e1n este mi\u00e9rcoles, a ministros y legisladores nacionales y provinciales, el Master Plan de Log\u00edstica Integrada de esa estrat\u00e9gica zona del pa\u00eds. Buscan promover el desarrollo de las econom\u00edas regionales [&hellip;]<\/p>\n","protected":false},"author":2,"featured_media":24200,"comment_status":"open","ping_status":"open","sticky":false,"template":"","format":"standard","meta":{"footnotes":""},"categories":[42],"tags":[],"class_list":["post-24199","post","type-post","status-publish","format-standard","has-post-thumbnail","hentry","category-politica"],"yoast_head":"<!-- This site is optimized with the Yoast SEO plugin v27.4 - https:\/\/yoast.com\/product\/yoast-seo-wordpress\/ -->\n<title>Gobernadores del Norte Grande presentar\u00e1n su Plan de Estrategia Log\u00edstica | CVI NOTICIAS<\/title>\n<meta name=\"robots\" content=\"index, follow, max-snippet:-1, max-image-preview:large, max-video-preview:-1\" \/>\n<link rel=\"canonical\" href=\"https:\/\/cvinoticias.com\/v3\/gobernadores-del-norte-grande-presentaran-su-plan-de-estrategia-logistica\/\" \/>\n<meta property=\"og:locale\" content=\"es_ES\" \/>\n<meta property=\"og:type\" content=\"article\" \/>\n<meta property=\"og:title\" content=\"Gobernadores del Norte Grande presentar\u00e1n su Plan de Estrategia Log\u00edstica | CVI NOTICIAS\" \/>\n<meta property=\"og:description\" content=\"Buscan promover el desarrollo de las econom\u00edas regionales mejorando la eficiencia de las cadenas productivas regionales. Los gobernadores de las diez provincias del Norte Grande presentar\u00e1n este mi\u00e9rcoles, a ministros y legisladores nacionales y provinciales, el Master Plan de Log\u00edstica Integrada de esa estrat\u00e9gica zona del pa\u00eds. Buscan promover el desarrollo de las econom\u00edas regionales [&hellip;]\" \/>\n<meta property=\"og:url\" content=\"https:\/\/cvinoticias.com\/v3\/gobernadores-del-norte-grande-presentaran-su-plan-de-estrategia-logistica\/\" \/>\n<meta property=\"og:site_name\" content=\"CVI NOTICIAS\" \/>\n<meta property=\"article:publisher\" content=\"https:\/\/www.facebook.com\/cvinoticias\" \/>\n<meta property=\"article:published_time\" content=\"2023-04-19T12:29:45+00:00\" \/>\n<meta property=\"og:image\" content=\"https:\/\/cvinoticias.com\/wp-content\/uploads\/2023\/04\/08-17.jpg\" \/>\n\t<meta property=\"og:image:width\" content=\"900\" \/>\n\t<meta property=\"og:image:height\" content=\"506\" \/>\n\t<meta property=\"og:image:type\" content=\"image\/jpeg\" \/>\n<meta name=\"author\" content=\"f1000024\" \/>\n<meta name=\"twitter:card\" content=\"summary_large_image\" \/>\n<meta name=\"twitter:label1\" content=\"Escrito por\" \/>\n\t<meta name=\"twitter:data1\" content=\"f1000024\" \/>\n\t<meta name=\"twitter:label2\" content=\"Tiempo de lectura\" \/>\n\t<meta name=\"twitter:data2\" content=\"3 minutos\" \/>\n<script type=\"application\/ld+json\" class=\"yoast-schema-graph\">{\"@context\":\"https:\\\/\\\/schema.org\",\"@graph\":[{\"@type\":\"Article\",\"@id\":\"https:\\\/\\\/cvinoticias.com\\\/v3\\\/gobernadores-del-norte-grande-presentaran-su-plan-de-estrategia-logistica\\\/#article\",\"isPartOf\":{\"@id\":\"https:\\\/\\\/cvinoticias.com\\\/v3\\\/gobernadores-del-norte-grande-presentaran-su-plan-de-estrategia-logistica\\\/\"},\"author\":{\"name\":\"f1000024\",\"@id\":\"https:\\\/\\\/cvinoticias.com\\\/v3\\\/#\\\/schema\\\/person\\\/2db77e3c6bc03c538495d7b2b8be9b66\"},\"headline\":\"Gobernadores del Norte Grande presentar\u00e1n su Plan de Estrategia Log\u00edstica\",\"datePublished\":\"2023-04-19T12:29:45+00:00\",\"mainEntityOfPage\":{\"@id\":\"https:\\\/\\\/cvinoticias.com\\\/v3\\\/gobernadores-del-norte-grande-presentaran-su-plan-de-estrategia-logistica\\\/\"},\"wordCount\":536,\"commentCount\":0,\"publisher\":{\"@id\":\"https:\\\/\\\/cvinoticias.com\\\/v3\\\/#organization\"},\"image\":{\"@id\":\"https:\\\/\\\/cvinoticias.com\\\/v3\\\/gobernadores-del-norte-grande-presentaran-su-plan-de-estrategia-logistica\\\/#primaryimage\"},\"thumbnailUrl\":\"https:\\\/\\\/cvinoticias.com\\\/wp-content\\\/uploads\\\/2023\\\/04\\\/08-17.jpg\",\"articleSection\":[\"Politica\"],\"inLanguage\":\"es\",\"potentialAction\":[{\"@type\":\"CommentAction\",\"name\":\"Comment\",\"target\":[\"https:\\\/\\\/cvinoticias.com\\\/v3\\\/gobernadores-del-norte-grande-presentaran-su-plan-de-estrategia-logistica\\\/#respond\"]}]},{\"@type\":\"WebPage\",\"@id\":\"https:\\\/\\\/cvinoticias.com\\\/v3\\\/gobernadores-del-norte-grande-presentaran-su-plan-de-estrategia-logistica\\\/\",\"url\":\"https:\\\/\\\/cvinoticias.com\\\/v3\\\/gobernadores-del-norte-grande-presentaran-su-plan-de-estrategia-logistica\\\/\",\"name\":\"Gobernadores del Norte Grande presentar\u00e1n su Plan de Estrategia Log\u00edstica | CVI NOTICIAS\",\"isPartOf\":{\"@id\":\"https:\\\/\\\/cvinoticias.com\\\/v3\\\/#website\"},\"primaryImageOfPage\":{\"@id\":\"https:\\\/\\\/cvinoticias.com\\\/v3\\\/gobernadores-del-norte-grande-presentaran-su-plan-de-estrategia-logistica\\\/#primaryimage\"},\"image\":{\"@id\":\"https:\\\/\\\/cvinoticias.com\\\/v3\\\/gobernadores-del-norte-grande-presentaran-su-plan-de-estrategia-logistica\\\/#primaryimage\"},\"thumbnailUrl\":\"https:\\\/\\\/cvinoticias.com\\\/wp-content\\\/uploads\\\/2023\\\/04\\\/08-17.jpg\",\"datePublished\":\"2023-04-19T12:29:45+00:00\",\"breadcrumb\":{\"@id\":\"https:\\\/\\\/cvinoticias.com\\\/v3\\\/gobernadores-del-norte-grande-presentaran-su-plan-de-estrategia-logistica\\\/#breadcrumb\"},\"inLanguage\":\"es\",\"potentialAction\":[{\"@type\":\"ReadAction\",\"target\":[\"https:\\\/\\\/cvinoticias.com\\\/v3\\\/gobernadores-del-norte-grande-presentaran-su-plan-de-estrategia-logistica\\\/\"]}]},{\"@type\":\"ImageObject\",\"inLanguage\":\"es\",\"@id\":\"https:\\\/\\\/cvinoticias.com\\\/v3\\\/gobernadores-del-norte-grande-presentaran-su-plan-de-estrategia-logistica\\\/#primaryimage\",\"url\":\"https:\\\/\\\/cvinoticias.com\\\/wp-content\\\/uploads\\\/2023\\\/04\\\/08-17.jpg\",\"contentUrl\":\"https:\\\/\\\/cvinoticias.com\\\/wp-content\\\/uploads\\\/2023\\\/04\\\/08-17.jpg\",\"width\":900,\"height\":506},{\"@type\":\"BreadcrumbList\",\"@id\":\"https:\\\/\\\/cvinoticias.com\\\/v3\\\/gobernadores-del-norte-grande-presentaran-su-plan-de-estrategia-logistica\\\/#breadcrumb\",\"itemListElement\":[{\"@type\":\"ListItem\",\"position\":1,\"name\":\"Portada\",\"item\":\"https:\\\/\\\/cvinoticias.com\\\/v3\\\/\"},{\"@type\":\"ListItem\",\"position\":2,\"name\":\"Gobernadores del Norte Grande presentar\u00e1n su Plan de Estrategia Log\u00edstica\"}]},{\"@type\":\"WebSite\",\"@id\":\"https:\\\/\\\/cvinoticias.com\\\/v3\\\/#website\",\"url\":\"https:\\\/\\\/cvinoticias.com\\\/v3\\\/\",\"name\":\"CVI NOTICIAS\",\"description\":\"\",\"publisher\":{\"@id\":\"https:\\\/\\\/cvinoticias.com\\\/v3\\\/#organization\"},\"alternateName\":\"CVI\",\"potentialAction\":[{\"@type\":\"SearchAction\",\"target\":{\"@type\":\"EntryPoint\",\"urlTemplate\":\"https:\\\/\\\/cvinoticias.com\\\/v3\\\/?s={search_term_string}\"},\"query-input\":{\"@type\":\"PropertyValueSpecification\",\"valueRequired\":true,\"valueName\":\"search_term_string\"}}],\"inLanguage\":\"es\"},{\"@type\":\"Organization\",\"@id\":\"https:\\\/\\\/cvinoticias.com\\\/v3\\\/#organization\",\"name\":\"CVI NOTICIAS\",\"url\":\"https:\\\/\\\/cvinoticias.com\\\/v3\\\/\",\"logo\":{\"@type\":\"ImageObject\",\"inLanguage\":\"es\",\"@id\":\"https:\\\/\\\/cvinoticias.com\\\/v3\\\/#\\\/schema\\\/logo\\\/image\\\/\",\"url\":\"https:\\\/\\\/cvinoticias.com\\\/wp-content\\\/uploads\\\/2023\\\/04\\\/cropped-cropped-cropped-cropped-cropped-3-1.png\",\"contentUrl\":\"https:\\\/\\\/cvinoticias.com\\\/wp-content\\\/uploads\\\/2023\\\/04\\\/cropped-cropped-cropped-cropped-cropped-3-1.png\",\"width\":95,\"height\":122,\"caption\":\"CVI NOTICIAS\"},\"image\":{\"@id\":\"https:\\\/\\\/cvinoticias.com\\\/v3\\\/#\\\/schema\\\/logo\\\/image\\\/\"},\"sameAs\":[\"https:\\\/\\\/www.facebook.com\\\/cvinoticias\",\"https:\\\/\\\/www.instagram.com\\\/cvinoticias\\\/\",\"https:\\\/\\\/www.youtube.com\\\/@CVINOTICIAS\"]},{\"@type\":\"Person\",\"@id\":\"https:\\\/\\\/cvinoticias.com\\\/v3\\\/#\\\/schema\\\/person\\\/2db77e3c6bc03c538495d7b2b8be9b66\",\"name\":\"f1000024\",\"image\":{\"@type\":\"ImageObject\",\"inLanguage\":\"es\",\"@id\":\"https:\\\/\\\/secure.gravatar.com\\\/avatar\\\/d4fe7459cfc51ff5129ce1a732bbef5928568b8092d412ef95611616376bbeed?s=96&d=mm&r=g\",\"url\":\"https:\\\/\\\/secure.gravatar.com\\\/avatar\\\/d4fe7459cfc51ff5129ce1a732bbef5928568b8092d412ef95611616376bbeed?s=96&d=mm&r=g\",\"contentUrl\":\"https:\\\/\\\/secure.gravatar.com\\\/avatar\\\/d4fe7459cfc51ff5129ce1a732bbef5928568b8092d412ef95611616376bbeed?s=96&d=mm&r=g\",\"caption\":\"f1000024\"},\"url\":\"https:\\\/\\\/cvinoticias.com\\\/v3\\\/author\\\/f1000024\\\/\"}]}<\/script>\n<!-- \/ Yoast SEO plugin. -->","yoast_head_json":{"title":"Gobernadores del Norte Grande presentar\u00e1n su Plan de Estrategia Log\u00edstica | CVI NOTICIAS","robots":{"index":"index","follow":"follow","max-snippet":"max-snippet:-1","max-image-preview":"max-image-preview:large","max-video-preview":"max-video-preview:-1"},"canonical":"https:\/\/cvinoticias.com\/v3\/gobernadores-del-norte-grande-presentaran-su-plan-de-estrategia-logistica\/","og_locale":"es_ES","og_type":"article","og_title":"Gobernadores del Norte Grande presentar\u00e1n su Plan de Estrategia Log\u00edstica | CVI NOTICIAS","og_description":"Buscan promover el desarrollo de las econom\u00edas regionales mejorando la eficiencia de las cadenas productivas regionales. Los gobernadores de las diez provincias del Norte Grande presentar\u00e1n este mi\u00e9rcoles, a ministros y legisladores nacionales y provinciales, el Master Plan de Log\u00edstica Integrada de esa estrat\u00e9gica zona del pa\u00eds. Buscan promover el desarrollo de las econom\u00edas regionales [&hellip;]","og_url":"https:\/\/cvinoticias.com\/v3\/gobernadores-del-norte-grande-presentaran-su-plan-de-estrategia-logistica\/","og_site_name":"CVI NOTICIAS","article_publisher":"https:\/\/www.facebook.com\/cvinoticias","article_published_time":"2023-04-19T12:29:45+00:00","og_image":[{"width":900,"height":506,"url":"https:\/\/cvinoticias.com\/wp-content\/uploads\/2023\/04\/08-17.jpg","type":"image\/jpeg"}],"author":"f1000024","twitter_card":"summary_large_image","twitter_misc":{"Escrito por":"f1000024","Tiempo de lectura":"3 minutos"},"schema":{"@context":"https:\/\/schema.org","@graph":[{"@type":"Article","@id":"https:\/\/cvinoticias.com\/v3\/gobernadores-del-norte-grande-presentaran-su-plan-de-estrategia-logistica\/#article","isPartOf":{"@id":"https:\/\/cvinoticias.com\/v3\/gobernadores-del-norte-grande-presentaran-su-plan-de-estrategia-logistica\/"},"author":{"name":"f1000024","@id":"https:\/\/cvinoticias.com\/v3\/#\/schema\/person\/2db77e3c6bc03c538495d7b2b8be9b66"},"headline":"Gobernadores del Norte Grande presentar\u00e1n su Plan de Estrategia Log\u00edstica","datePublished":"2023-04-19T12:29:45+00:00","mainEntityOfPage":{"@id":"https:\/\/cvinoticias.com\/v3\/gobernadores-del-norte-grande-presentaran-su-plan-de-estrategia-logistica\/"},"wordCount":536,"commentCount":0,"publisher":{"@id":"https:\/\/cvinoticias.com\/v3\/#organization"},"image":{"@id":"https:\/\/cvinoticias.com\/v3\/gobernadores-del-norte-grande-presentaran-su-plan-de-estrategia-logistica\/#primaryimage"},"thumbnailUrl":"https:\/\/cvinoticias.com\/wp-content\/uploads\/2023\/04\/08-17.jpg","articleSection":["Politica"],"inLanguage":"es","potentialAction":[{"@type":"CommentAction","name":"Comment","target":["https:\/\/cvinoticias.com\/v3\/gobernadores-del-norte-grande-presentaran-su-plan-de-estrategia-logistica\/#respond"]}]},{"@type":"WebPage","@id":"https:\/\/cvinoticias.com\/v3\/gobernadores-del-norte-grande-presentaran-su-plan-de-estrategia-logistica\/","url":"https:\/\/cvinoticias.com\/v3\/gobernadores-del-norte-grande-presentaran-su-plan-de-estrategia-logistica\/","name":"Gobernadores del Norte Grande presentar\u00e1n su Plan de Estrategia Log\u00edstica | CVI NOTICIAS","isPartOf":{"@id":"https:\/\/cvinoticias.com\/v3\/#website"},"primaryImageOfPage":{"@id":"https:\/\/cvinoticias.com\/v3\/gobernadores-del-norte-grande-presentaran-su-plan-de-estrategia-logistica\/#primaryimage"},"image":{"@id":"https:\/\/cvinoticias.com\/v3\/gobernadores-del-norte-grande-presentaran-su-plan-de-estrategia-logistica\/#primaryimage"},"thumbnailUrl":"https:\/\/cvinoticias.com\/wp-content\/uploads\/2023\/04\/08-17.jpg","datePublished":"2023-04-19T12:29:45+00:00","breadcrumb":{"@id":"https:\/\/cvinoticias.com\/v3\/gobernadores-del-norte-grande-presentaran-su-plan-de-estrategia-logistica\/#breadcrumb"},"inLanguage":"es","potentialAction":[{"@type":"ReadAction","target":["https:\/\/cvinoticias.com\/v3\/gobernadores-del-norte-grande-presentaran-su-plan-de-estrategia-logistica\/"]}]},{"@type":"ImageObject","inLanguage":"es","@id":"https:\/\/cvinoticias.com\/v3\/gobernadores-del-norte-grande-presentaran-su-plan-de-estrategia-logistica\/#primaryimage","url":"https:\/\/cvinoticias.com\/wp-content\/uploads\/2023\/04\/08-17.jpg","contentUrl":"https:\/\/cvinoticias.com\/wp-content\/uploads\/2023\/04\/08-17.jpg","width":900,"height":506},{"@type":"BreadcrumbList","@id":"https:\/\/cvinoticias.com\/v3\/gobernadores-del-norte-grande-presentaran-su-plan-de-estrategia-logistica\/#breadcrumb","itemListElement":[{"@type":"ListItem","position":1,"name":"Portada","item":"https:\/\/cvinoticias.com\/v3\/"},{"@type":"ListItem","position":2,"name":"Gobernadores del Norte Grande presentar\u00e1n su Plan de Estrategia Log\u00edstica"}]},{"@type":"WebSite","@id":"https:\/\/cvinoticias.com\/v3\/#website","url":"https:\/\/cvinoticias.com\/v3\/","name":"CVI NOTICIAS","description":"","publisher":{"@id":"https:\/\/cvinoticias.com\/v3\/#organization"},"alternateName":"CVI","potentialAction":[{"@type":"SearchAction","target":{"@type":"EntryPoint","urlTemplate":"https:\/\/cvinoticias.com\/v3\/?s={search_term_string}"},"query-input":{"@type":"PropertyValueSpecification","valueRequired":true,"valueName":"search_term_string"}}],"inLanguage":"es"},{"@type":"Organization","@id":"https:\/\/cvinoticias.com\/v3\/#organization","name":"CVI NOTICIAS","url":"https:\/\/cvinoticias.com\/v3\/","logo":{"@type":"ImageObject","inLanguage":"es","@id":"https:\/\/cvinoticias.com\/v3\/#\/schema\/logo\/image\/","url":"https:\/\/cvinoticias.com\/wp-content\/uploads\/2023\/04\/cropped-cropped-cropped-cropped-cropped-3-1.png","contentUrl":"https:\/\/cvinoticias.com\/wp-content\/uploads\/2023\/04\/cropped-cropped-cropped-cropped-cropped-3-1.png","width":95,"height":122,"caption":"CVI NOTICIAS"},"image":{"@id":"https:\/\/cvinoticias.com\/v3\/#\/schema\/logo\/image\/"},"sameAs":["https:\/\/www.facebook.com\/cvinoticias","https:\/\/www.instagram.com\/cvinoticias\/","https:\/\/www.youtube.com\/@CVINOTICIAS"]},{"@type":"Person","@id":"https:\/\/cvinoticias.com\/v3\/#\/schema\/person\/2db77e3c6bc03c538495d7b2b8be9b66","name":"f1000024","image":{"@type":"ImageObject","inLanguage":"es","@id":"https:\/\/secure.gravatar.com\/avatar\/d4fe7459cfc51ff5129ce1a732bbef5928568b8092d412ef95611616376bbeed?s=96&d=mm&r=g","url":"https:\/\/secure.gravatar.com\/avatar\/d4fe7459cfc51ff5129ce1a732bbef5928568b8092d412ef95611616376bbeed?s=96&d=mm&r=g","contentUrl":"https:\/\/secure.gravatar.com\/avatar\/d4fe7459cfc51ff5129ce1a732bbef5928568b8092d412ef95611616376bbeed?s=96&d=mm&r=g","caption":"f1000024"},"url":"https:\/\/cvinoticias.com\/v3\/author\/f1000024\/"}]}},"_links":{"self":[{"href":"https:\/\/cvinoticias.com\/v3\/wp-json\/wp\/v2\/posts\/24199","targetHints":{"allow":["GET"]}}],"collection":[{"href":"https:\/\/cvinoticias.com\/v3\/wp-json\/wp\/v2\/posts"}],"about":[{"href":"https:\/\/cvinoticias.com\/v3\/wp-json\/wp\/v2\/types\/post"}],"author":[{"embeddable":true,"href":"https:\/\/cvinoticias.com\/v3\/wp-json\/wp\/v2\/users\/2"}],"replies":[{"embeddable":true,"href":"https:\/\/cvinoticias.com\/v3\/wp-json\/wp\/v2\/comments?post=24199"}],"version-history":[{"count":1,"href":"https:\/\/cvinoticias.com\/v3\/wp-json\/wp\/v2\/posts\/24199\/revisions"}],"predecessor-version":[{"id":24201,"href":"https:\/\/cvinoticias.com\/v3\/wp-json\/wp\/v2\/posts\/24199\/revisions\/24201"}],"wp:featuredmedia":[{"embeddable":true,"href":"https:\/\/cvinoticias.com\/v3\/wp-json\/wp\/v2\/media\/24200"}],"wp:attachment":[{"href":"https:\/\/cvinoticias.com\/v3\/wp-json\/wp\/v2\/media?parent=24199"}],"wp:term":[{"taxonomy":"category","embeddable":true,"href":"https:\/\/cvinoticias.com\/v3\/wp-json\/wp\/v2\/categories?post=24199"},{"taxonomy":"post_tag","embeddable":true,"href":"https:\/\/cvinoticias.com\/v3\/wp-json\/wp\/v2\/tags?post=24199"}],"curies":[{"name":"wp","href":"https:\/\/api.w.org\/{rel}","templated":true}]}}