{"id":24189,"date":"2023-04-19T10:29:11","date_gmt":"2023-04-19T10:29:11","guid":{"rendered":"https:\/\/cvinoticias.com\/v3\/?p=24189"},"modified":"2023-04-19T10:29:11","modified_gmt":"2023-04-19T10:29:11","slug":"mas-de-la-mitad-de-las-llamadas-a-la-linea-102-fueron-por-violencia-contra-las-infancias","status":"publish","type":"post","link":"https:\/\/cvinoticias.com\/v3\/mas-de-la-mitad-de-las-llamadas-a-la-linea-102-fueron-por-violencia-contra-las-infancias\/","title":{"rendered":"M\u00e1s de la mitad de las llamadas a la l\u00ednea 102 fueron por violencia contra las infancias"},"content":{"rendered":"\n<p><strong><em>La L\u00ednea 102 de atenci\u00f3n especializada en derechos de ni\u00f1as, ni\u00f1os y adolescentes (NNYA) recibi\u00f3 un total de 39.409 llamadas pertinentes en todo el pa\u00eds durante 2022, de las cuales 21.000 se debieron a consultas por diferentes formas de violencia contra esta poblaci\u00f3n.<\/em><\/strong><\/p>\n\n\n\n<p>Estos datos forman parte del \u201cInforme de llamadas a las l\u00edneas provinciales de atenci\u00f3n especializada en derechos de ni\u00f1as, ni\u00f1os y adolescentes 2022\u201d que acaba de publicar la Secretar\u00eda de Ni\u00f1ez, Adolescencia y Familia (Senaf), del Ministerio de Desarrollo Social.<\/p>\n\n\n\n<p>El material que re\u00fane datos de todo el pa\u00eds, provenientes de las l\u00edneas operadas por cada una de las provincias y la Ciudad Aut\u00f3noma de Buenos Aires, se propone brindar informaci\u00f3n que aporte al dise\u00f1o, evaluaci\u00f3n e implementaci\u00f3n de las pol\u00edticas p\u00fablicas destinadas a infancias y adolescencias.<\/p>\n\n\n\n<p>Del total de las consultas recibidas relacionadas con violencias, el informe se\u00f1ala que m\u00e1s del 21,3% estuvo relacionada con situaciones de maltrato f\u00edsico, el 15,5% con negligencia, el 7,5% con abuso sexual, el 3,7 % con episodios en los que ni\u00f1as y ni\u00f1os presencian hechos de violencia, el 3,3 % con maltrato emocional\/psicol\u00f3gico, el 1,3% con violencia entre pares, el 0,6% con violencia institucional, mientras que el 0,3% con violencia en entornos digitales.<\/p>\n\n\n\n<p>Por otro lado, tambi\u00e9n se detalla que durante las llamadas el 39% de las personas recibi\u00f3 orientaci\u00f3n o asesoramiento y el 61% requiri\u00f3 la articulaci\u00f3n con otro actor del Sistema de Protecci\u00f3n Integral de Derechos de Ni\u00f1as, Ni\u00f1os y Adolescentes.<\/p>\n\n\n\n<p>Las llamadas atendidas por diferentes formas de violencia representaron el 54,1% del universo total de llamados, mientras que el 45,9% restante estuvo relacionado con otros motivos, como consultas legales, de vivienda y entorno ambiental seguro, educaci\u00f3n, situaci\u00f3n de calle, consumo de sustancias psicoactivas, conflicto con la Ley Penal, alimentaci\u00f3n y vestimenta, suicidio o ideaci\u00f3n suicida, trabajo infantil, entre otras.<\/p>\n\n\n\n<p>El informe destaca que en 2022 se logr\u00f3 que todas las provincias incorporaran el servicio de la l\u00ednea 102 y de esa forma se alcanz\u00f3 su federalizaci\u00f3n.<\/p>\n\n\n\n<p>Por otra parte, se definieron un conjunto de indicadores federales que facilit\u00f3 el proceso de homologaci\u00f3n de la informaci\u00f3n de las l\u00edneas provinciales de atenci\u00f3n especializada en todo el territorio argentino.<\/p>\n\n\n\n<p>La l\u00ednea 102 es un servicio, gratuito y confidencial, de atenci\u00f3n especializada sobre derechos de ni\u00f1as, ni\u00f1os y adolescentes, operado por equipos de cada jurisdicci\u00f3n. Senaf acompa\u00f1a a los organismos provinciales en su implementaci\u00f3n, adecuaci\u00f3n y fortalecimiento.<\/p>\n\n\n\n<p>Adem\u00e1s, capacita a los equipos de trabajo, brinda apoyo t\u00e9cnico y financiero, monitorea su funcionamiento, sistematiza la informaci\u00f3n de los llamados y facilita la articulaci\u00f3n institucional.<\/p>\n\n\n\n<p>Tambi\u00e9n se encarga de apoyar acciones de sensibilizaci\u00f3n y difunde la l\u00ednea a nivel federal, con materiales destinados a las infancias, adolescencias y las personas adultas de su entorno.<\/p>\n","protected":false},"excerpt":{"rendered":"<p>La L\u00ednea 102 de atenci\u00f3n especializada en derechos de ni\u00f1as, ni\u00f1os y adolescentes (NNYA) recibi\u00f3 un total de 39.409 llamadas pertinentes en todo el pa\u00eds durante 2022, de las cuales 21.000 se debieron a consultas por diferentes formas de violencia contra esta poblaci\u00f3n. Estos datos forman parte del \u201cInforme de llamadas a las l\u00edneas provinciales [&hellip;]<\/p>\n","protected":false},"author":2,"featured_media":24190,"comment_status":"open","ping_status":"open","sticky":false,"template":"","format":"standard","meta":{"footnotes":""},"categories":[39],"tags":[],"class_list":["post-24189","post","type-post","status-publish","format-standard","has-post-thumbnail","hentry","category-nacionales"],"yoast_head":"<!-- This site is optimized with the Yoast SEO plugin v27.5 - https:\/\/yoast.com\/product\/yoast-seo-wordpress\/ -->\n<title>M\u00e1s de la mitad de las llamadas a la l\u00ednea 102 fueron por violencia contra las infancias | CVI NOTICIAS<\/title>\n<meta name=\"robots\" content=\"index, follow, max-snippet:-1, max-image-preview:large, max-video-preview:-1\" \/>\n<link rel=\"canonical\" href=\"https:\/\/cvinoticias.com\/v3\/mas-de-la-mitad-de-las-llamadas-a-la-linea-102-fueron-por-violencia-contra-las-infancias\/\" \/>\n<meta property=\"og:locale\" content=\"es_ES\" \/>\n<meta property=\"og:type\" content=\"article\" \/>\n<meta property=\"og:title\" content=\"M\u00e1s de la mitad de las llamadas a la l\u00ednea 102 fueron por violencia contra las infancias | CVI NOTICIAS\" \/>\n<meta property=\"og:description\" content=\"La L\u00ednea 102 de atenci\u00f3n especializada en derechos de ni\u00f1as, ni\u00f1os y adolescentes (NNYA) recibi\u00f3 un total de 39.409 llamadas pertinentes en todo el pa\u00eds durante 2022, de las cuales 21.000 se debieron a consultas por diferentes formas de violencia contra esta poblaci\u00f3n. Estos datos forman parte del \u201cInforme de llamadas a las l\u00edneas provinciales [&hellip;]\" \/>\n<meta property=\"og:url\" content=\"https:\/\/cvinoticias.com\/v3\/mas-de-la-mitad-de-las-llamadas-a-la-linea-102-fueron-por-violencia-contra-las-infancias\/\" \/>\n<meta property=\"og:site_name\" content=\"CVI NOTICIAS\" \/>\n<meta property=\"article:publisher\" content=\"https:\/\/www.facebook.com\/cvinoticias\" \/>\n<meta property=\"article:published_time\" content=\"2023-04-19T10:29:11+00:00\" \/>\n<meta property=\"og:image\" content=\"https:\/\/cvinoticias.com\/wp-content\/uploads\/2023\/04\/09-17.jpg\" \/>\n\t<meta property=\"og:image:width\" content=\"742\" \/>\n\t<meta property=\"og:image:height\" content=\"493\" \/>\n\t<meta property=\"og:image:type\" content=\"image\/jpeg\" \/>\n<meta name=\"author\" content=\"f1000024\" \/>\n<meta name=\"twitter:card\" content=\"summary_large_image\" \/>\n<meta name=\"twitter:label1\" content=\"Escrito por\" \/>\n\t<meta name=\"twitter:data1\" content=\"f1000024\" \/>\n\t<meta name=\"twitter:label2\" content=\"Tiempo de lectura\" \/>\n\t<meta name=\"twitter:data2\" content=\"2 minutos\" \/>\n<script type=\"application\/ld+json\" class=\"yoast-schema-graph\">{\"@context\":\"https:\\\/\\\/schema.org\",\"@graph\":[{\"@type\":\"Article\",\"@id\":\"https:\\\/\\\/cvinoticias.com\\\/v3\\\/mas-de-la-mitad-de-las-llamadas-a-la-linea-102-fueron-por-violencia-contra-las-infancias\\\/#article\",\"isPartOf\":{\"@id\":\"https:\\\/\\\/cvinoticias.com\\\/v3\\\/mas-de-la-mitad-de-las-llamadas-a-la-linea-102-fueron-por-violencia-contra-las-infancias\\\/\"},\"author\":{\"name\":\"f1000024\",\"@id\":\"https:\\\/\\\/cvinoticias.com\\\/v3\\\/#\\\/schema\\\/person\\\/2db77e3c6bc03c538495d7b2b8be9b66\"},\"headline\":\"M\u00e1s de la mitad de las llamadas a la l\u00ednea 102 fueron por violencia contra las infancias\",\"datePublished\":\"2023-04-19T10:29:11+00:00\",\"mainEntityOfPage\":{\"@id\":\"https:\\\/\\\/cvinoticias.com\\\/v3\\\/mas-de-la-mitad-de-las-llamadas-a-la-linea-102-fueron-por-violencia-contra-las-infancias\\\/\"},\"wordCount\":508,\"commentCount\":0,\"publisher\":{\"@id\":\"https:\\\/\\\/cvinoticias.com\\\/v3\\\/#organization\"},\"image\":{\"@id\":\"https:\\\/\\\/cvinoticias.com\\\/v3\\\/mas-de-la-mitad-de-las-llamadas-a-la-linea-102-fueron-por-violencia-contra-las-infancias\\\/#primaryimage\"},\"thumbnailUrl\":\"https:\\\/\\\/cvinoticias.com\\\/wp-content\\\/uploads\\\/2023\\\/04\\\/09-17.jpg\",\"articleSection\":[\"Nacionales\"],\"inLanguage\":\"es\",\"potentialAction\":[{\"@type\":\"CommentAction\",\"name\":\"Comment\",\"target\":[\"https:\\\/\\\/cvinoticias.com\\\/v3\\\/mas-de-la-mitad-de-las-llamadas-a-la-linea-102-fueron-por-violencia-contra-las-infancias\\\/#respond\"]}]},{\"@type\":\"WebPage\",\"@id\":\"https:\\\/\\\/cvinoticias.com\\\/v3\\\/mas-de-la-mitad-de-las-llamadas-a-la-linea-102-fueron-por-violencia-contra-las-infancias\\\/\",\"url\":\"https:\\\/\\\/cvinoticias.com\\\/v3\\\/mas-de-la-mitad-de-las-llamadas-a-la-linea-102-fueron-por-violencia-contra-las-infancias\\\/\",\"name\":\"M\u00e1s de la mitad de las llamadas a la l\u00ednea 102 fueron por violencia contra las infancias | CVI NOTICIAS\",\"isPartOf\":{\"@id\":\"https:\\\/\\\/cvinoticias.com\\\/v3\\\/#website\"},\"primaryImageOfPage\":{\"@id\":\"https:\\\/\\\/cvinoticias.com\\\/v3\\\/mas-de-la-mitad-de-las-llamadas-a-la-linea-102-fueron-por-violencia-contra-las-infancias\\\/#primaryimage\"},\"image\":{\"@id\":\"https:\\\/\\\/cvinoticias.com\\\/v3\\\/mas-de-la-mitad-de-las-llamadas-a-la-linea-102-fueron-por-violencia-contra-las-infancias\\\/#primaryimage\"},\"thumbnailUrl\":\"https:\\\/\\\/cvinoticias.com\\\/wp-content\\\/uploads\\\/2023\\\/04\\\/09-17.jpg\",\"datePublished\":\"2023-04-19T10:29:11+00:00\",\"breadcrumb\":{\"@id\":\"https:\\\/\\\/cvinoticias.com\\\/v3\\\/mas-de-la-mitad-de-las-llamadas-a-la-linea-102-fueron-por-violencia-contra-las-infancias\\\/#breadcrumb\"},\"inLanguage\":\"es\",\"potentialAction\":[{\"@type\":\"ReadAction\",\"target\":[\"https:\\\/\\\/cvinoticias.com\\\/v3\\\/mas-de-la-mitad-de-las-llamadas-a-la-linea-102-fueron-por-violencia-contra-las-infancias\\\/\"]}]},{\"@type\":\"ImageObject\",\"inLanguage\":\"es\",\"@id\":\"https:\\\/\\\/cvinoticias.com\\\/v3\\\/mas-de-la-mitad-de-las-llamadas-a-la-linea-102-fueron-por-violencia-contra-las-infancias\\\/#primaryimage\",\"url\":\"https:\\\/\\\/cvinoticias.com\\\/wp-content\\\/uploads\\\/2023\\\/04\\\/09-17.jpg\",\"contentUrl\":\"https:\\\/\\\/cvinoticias.com\\\/wp-content\\\/uploads\\\/2023\\\/04\\\/09-17.jpg\",\"width\":742,\"height\":493},{\"@type\":\"BreadcrumbList\",\"@id\":\"https:\\\/\\\/cvinoticias.com\\\/v3\\\/mas-de-la-mitad-de-las-llamadas-a-la-linea-102-fueron-por-violencia-contra-las-infancias\\\/#breadcrumb\",\"itemListElement\":[{\"@type\":\"ListItem\",\"position\":1,\"name\":\"Portada\",\"item\":\"https:\\\/\\\/cvinoticias.com\\\/v3\\\/\"},{\"@type\":\"ListItem\",\"position\":2,\"name\":\"M\u00e1s de la mitad de las llamadas a la l\u00ednea 102 fueron por violencia contra las infancias\"}]},{\"@type\":\"WebSite\",\"@id\":\"https:\\\/\\\/cvinoticias.com\\\/v3\\\/#website\",\"url\":\"https:\\\/\\\/cvinoticias.com\\\/v3\\\/\",\"name\":\"CVI NOTICIAS\",\"description\":\"\",\"publisher\":{\"@id\":\"https:\\\/\\\/cvinoticias.com\\\/v3\\\/#organization\"},\"alternateName\":\"CVI\",\"potentialAction\":[{\"@type\":\"SearchAction\",\"target\":{\"@type\":\"EntryPoint\",\"urlTemplate\":\"https:\\\/\\\/cvinoticias.com\\\/v3\\\/?s={search_term_string}\"},\"query-input\":{\"@type\":\"PropertyValueSpecification\",\"valueRequired\":true,\"valueName\":\"search_term_string\"}}],\"inLanguage\":\"es\"},{\"@type\":\"Organization\",\"@id\":\"https:\\\/\\\/cvinoticias.com\\\/v3\\\/#organization\",\"name\":\"CVI NOTICIAS\",\"url\":\"https:\\\/\\\/cvinoticias.com\\\/v3\\\/\",\"logo\":{\"@type\":\"ImageObject\",\"inLanguage\":\"es\",\"@id\":\"https:\\\/\\\/cvinoticias.com\\\/v3\\\/#\\\/schema\\\/logo\\\/image\\\/\",\"url\":\"https:\\\/\\\/cvinoticias.com\\\/wp-content\\\/uploads\\\/2023\\\/04\\\/cropped-cropped-cropped-cropped-cropped-3-1.png\",\"contentUrl\":\"https:\\\/\\\/cvinoticias.com\\\/wp-content\\\/uploads\\\/2023\\\/04\\\/cropped-cropped-cropped-cropped-cropped-3-1.png\",\"width\":95,\"height\":122,\"caption\":\"CVI NOTICIAS\"},\"image\":{\"@id\":\"https:\\\/\\\/cvinoticias.com\\\/v3\\\/#\\\/schema\\\/logo\\\/image\\\/\"},\"sameAs\":[\"https:\\\/\\\/www.facebook.com\\\/cvinoticias\",\"https:\\\/\\\/www.instagram.com\\\/cvinoticias\\\/\",\"https:\\\/\\\/www.youtube.com\\\/@CVINOTICIAS\"]},{\"@type\":\"Person\",\"@id\":\"https:\\\/\\\/cvinoticias.com\\\/v3\\\/#\\\/schema\\\/person\\\/2db77e3c6bc03c538495d7b2b8be9b66\",\"name\":\"f1000024\",\"image\":{\"@type\":\"ImageObject\",\"inLanguage\":\"es\",\"@id\":\"https:\\\/\\\/secure.gravatar.com\\\/avatar\\\/d4fe7459cfc51ff5129ce1a732bbef5928568b8092d412ef95611616376bbeed?s=96&d=mm&r=g\",\"url\":\"https:\\\/\\\/secure.gravatar.com\\\/avatar\\\/d4fe7459cfc51ff5129ce1a732bbef5928568b8092d412ef95611616376bbeed?s=96&d=mm&r=g\",\"contentUrl\":\"https:\\\/\\\/secure.gravatar.com\\\/avatar\\\/d4fe7459cfc51ff5129ce1a732bbef5928568b8092d412ef95611616376bbeed?s=96&d=mm&r=g\",\"caption\":\"f1000024\"},\"url\":\"https:\\\/\\\/cvinoticias.com\\\/v3\\\/author\\\/f1000024\\\/\"}]}<\/script>\n<!-- \/ Yoast SEO plugin. -->","yoast_head_json":{"title":"M\u00e1s de la mitad de las llamadas a la l\u00ednea 102 fueron por violencia contra las infancias | CVI NOTICIAS","robots":{"index":"index","follow":"follow","max-snippet":"max-snippet:-1","max-image-preview":"max-image-preview:large","max-video-preview":"max-video-preview:-1"},"canonical":"https:\/\/cvinoticias.com\/v3\/mas-de-la-mitad-de-las-llamadas-a-la-linea-102-fueron-por-violencia-contra-las-infancias\/","og_locale":"es_ES","og_type":"article","og_title":"M\u00e1s de la mitad de las llamadas a la l\u00ednea 102 fueron por violencia contra las infancias | CVI NOTICIAS","og_description":"La L\u00ednea 102 de atenci\u00f3n especializada en derechos de ni\u00f1as, ni\u00f1os y adolescentes (NNYA) recibi\u00f3 un total de 39.409 llamadas pertinentes en todo el pa\u00eds durante 2022, de las cuales 21.000 se debieron a consultas por diferentes formas de violencia contra esta poblaci\u00f3n. Estos datos forman parte del \u201cInforme de llamadas a las l\u00edneas provinciales [&hellip;]","og_url":"https:\/\/cvinoticias.com\/v3\/mas-de-la-mitad-de-las-llamadas-a-la-linea-102-fueron-por-violencia-contra-las-infancias\/","og_site_name":"CVI NOTICIAS","article_publisher":"https:\/\/www.facebook.com\/cvinoticias","article_published_time":"2023-04-19T10:29:11+00:00","og_image":[{"width":742,"height":493,"url":"https:\/\/cvinoticias.com\/wp-content\/uploads\/2023\/04\/09-17.jpg","type":"image\/jpeg"}],"author":"f1000024","twitter_card":"summary_large_image","twitter_misc":{"Escrito por":"f1000024","Tiempo de lectura":"2 minutos"},"schema":{"@context":"https:\/\/schema.org","@graph":[{"@type":"Article","@id":"https:\/\/cvinoticias.com\/v3\/mas-de-la-mitad-de-las-llamadas-a-la-linea-102-fueron-por-violencia-contra-las-infancias\/#article","isPartOf":{"@id":"https:\/\/cvinoticias.com\/v3\/mas-de-la-mitad-de-las-llamadas-a-la-linea-102-fueron-por-violencia-contra-las-infancias\/"},"author":{"name":"f1000024","@id":"https:\/\/cvinoticias.com\/v3\/#\/schema\/person\/2db77e3c6bc03c538495d7b2b8be9b66"},"headline":"M\u00e1s de la mitad de las llamadas a la l\u00ednea 102 fueron por violencia contra las infancias","datePublished":"2023-04-19T10:29:11+00:00","mainEntityOfPage":{"@id":"https:\/\/cvinoticias.com\/v3\/mas-de-la-mitad-de-las-llamadas-a-la-linea-102-fueron-por-violencia-contra-las-infancias\/"},"wordCount":508,"commentCount":0,"publisher":{"@id":"https:\/\/cvinoticias.com\/v3\/#organization"},"image":{"@id":"https:\/\/cvinoticias.com\/v3\/mas-de-la-mitad-de-las-llamadas-a-la-linea-102-fueron-por-violencia-contra-las-infancias\/#primaryimage"},"thumbnailUrl":"https:\/\/cvinoticias.com\/wp-content\/uploads\/2023\/04\/09-17.jpg","articleSection":["Nacionales"],"inLanguage":"es","potentialAction":[{"@type":"CommentAction","name":"Comment","target":["https:\/\/cvinoticias.com\/v3\/mas-de-la-mitad-de-las-llamadas-a-la-linea-102-fueron-por-violencia-contra-las-infancias\/#respond"]}]},{"@type":"WebPage","@id":"https:\/\/cvinoticias.com\/v3\/mas-de-la-mitad-de-las-llamadas-a-la-linea-102-fueron-por-violencia-contra-las-infancias\/","url":"https:\/\/cvinoticias.com\/v3\/mas-de-la-mitad-de-las-llamadas-a-la-linea-102-fueron-por-violencia-contra-las-infancias\/","name":"M\u00e1s de la mitad de las llamadas a la l\u00ednea 102 fueron por violencia contra las infancias | CVI NOTICIAS","isPartOf":{"@id":"https:\/\/cvinoticias.com\/v3\/#website"},"primaryImageOfPage":{"@id":"https:\/\/cvinoticias.com\/v3\/mas-de-la-mitad-de-las-llamadas-a-la-linea-102-fueron-por-violencia-contra-las-infancias\/#primaryimage"},"image":{"@id":"https:\/\/cvinoticias.com\/v3\/mas-de-la-mitad-de-las-llamadas-a-la-linea-102-fueron-por-violencia-contra-las-infancias\/#primaryimage"},"thumbnailUrl":"https:\/\/cvinoticias.com\/wp-content\/uploads\/2023\/04\/09-17.jpg","datePublished":"2023-04-19T10:29:11+00:00","breadcrumb":{"@id":"https:\/\/cvinoticias.com\/v3\/mas-de-la-mitad-de-las-llamadas-a-la-linea-102-fueron-por-violencia-contra-las-infancias\/#breadcrumb"},"inLanguage":"es","potentialAction":[{"@type":"ReadAction","target":["https:\/\/cvinoticias.com\/v3\/mas-de-la-mitad-de-las-llamadas-a-la-linea-102-fueron-por-violencia-contra-las-infancias\/"]}]},{"@type":"ImageObject","inLanguage":"es","@id":"https:\/\/cvinoticias.com\/v3\/mas-de-la-mitad-de-las-llamadas-a-la-linea-102-fueron-por-violencia-contra-las-infancias\/#primaryimage","url":"https:\/\/cvinoticias.com\/wp-content\/uploads\/2023\/04\/09-17.jpg","contentUrl":"https:\/\/cvinoticias.com\/wp-content\/uploads\/2023\/04\/09-17.jpg","width":742,"height":493},{"@type":"BreadcrumbList","@id":"https:\/\/cvinoticias.com\/v3\/mas-de-la-mitad-de-las-llamadas-a-la-linea-102-fueron-por-violencia-contra-las-infancias\/#breadcrumb","itemListElement":[{"@type":"ListItem","position":1,"name":"Portada","item":"https:\/\/cvinoticias.com\/v3\/"},{"@type":"ListItem","position":2,"name":"M\u00e1s de la mitad de las llamadas a la l\u00ednea 102 fueron por violencia contra las infancias"}]},{"@type":"WebSite","@id":"https:\/\/cvinoticias.com\/v3\/#website","url":"https:\/\/cvinoticias.com\/v3\/","name":"CVI NOTICIAS","description":"","publisher":{"@id":"https:\/\/cvinoticias.com\/v3\/#organization"},"alternateName":"CVI","potentialAction":[{"@type":"SearchAction","target":{"@type":"EntryPoint","urlTemplate":"https:\/\/cvinoticias.com\/v3\/?s={search_term_string}"},"query-input":{"@type":"PropertyValueSpecification","valueRequired":true,"valueName":"search_term_string"}}],"inLanguage":"es"},{"@type":"Organization","@id":"https:\/\/cvinoticias.com\/v3\/#organization","name":"CVI NOTICIAS","url":"https:\/\/cvinoticias.com\/v3\/","logo":{"@type":"ImageObject","inLanguage":"es","@id":"https:\/\/cvinoticias.com\/v3\/#\/schema\/logo\/image\/","url":"https:\/\/cvinoticias.com\/wp-content\/uploads\/2023\/04\/cropped-cropped-cropped-cropped-cropped-3-1.png","contentUrl":"https:\/\/cvinoticias.com\/wp-content\/uploads\/2023\/04\/cropped-cropped-cropped-cropped-cropped-3-1.png","width":95,"height":122,"caption":"CVI NOTICIAS"},"image":{"@id":"https:\/\/cvinoticias.com\/v3\/#\/schema\/logo\/image\/"},"sameAs":["https:\/\/www.facebook.com\/cvinoticias","https:\/\/www.instagram.com\/cvinoticias\/","https:\/\/www.youtube.com\/@CVINOTICIAS"]},{"@type":"Person","@id":"https:\/\/cvinoticias.com\/v3\/#\/schema\/person\/2db77e3c6bc03c538495d7b2b8be9b66","name":"f1000024","image":{"@type":"ImageObject","inLanguage":"es","@id":"https:\/\/secure.gravatar.com\/avatar\/d4fe7459cfc51ff5129ce1a732bbef5928568b8092d412ef95611616376bbeed?s=96&d=mm&r=g","url":"https:\/\/secure.gravatar.com\/avatar\/d4fe7459cfc51ff5129ce1a732bbef5928568b8092d412ef95611616376bbeed?s=96&d=mm&r=g","contentUrl":"https:\/\/secure.gravatar.com\/avatar\/d4fe7459cfc51ff5129ce1a732bbef5928568b8092d412ef95611616376bbeed?s=96&d=mm&r=g","caption":"f1000024"},"url":"https:\/\/cvinoticias.com\/v3\/author\/f1000024\/"}]}},"_links":{"self":[{"href":"https:\/\/cvinoticias.com\/v3\/wp-json\/wp\/v2\/posts\/24189","targetHints":{"allow":["GET"]}}],"collection":[{"href":"https:\/\/cvinoticias.com\/v3\/wp-json\/wp\/v2\/posts"}],"about":[{"href":"https:\/\/cvinoticias.com\/v3\/wp-json\/wp\/v2\/types\/post"}],"author":[{"embeddable":true,"href":"https:\/\/cvinoticias.com\/v3\/wp-json\/wp\/v2\/users\/2"}],"replies":[{"embeddable":true,"href":"https:\/\/cvinoticias.com\/v3\/wp-json\/wp\/v2\/comments?post=24189"}],"version-history":[{"count":1,"href":"https:\/\/cvinoticias.com\/v3\/wp-json\/wp\/v2\/posts\/24189\/revisions"}],"predecessor-version":[{"id":24191,"href":"https:\/\/cvinoticias.com\/v3\/wp-json\/wp\/v2\/posts\/24189\/revisions\/24191"}],"wp:featuredmedia":[{"embeddable":true,"href":"https:\/\/cvinoticias.com\/v3\/wp-json\/wp\/v2\/media\/24190"}],"wp:attachment":[{"href":"https:\/\/cvinoticias.com\/v3\/wp-json\/wp\/v2\/media?parent=24189"}],"wp:term":[{"taxonomy":"category","embeddable":true,"href":"https:\/\/cvinoticias.com\/v3\/wp-json\/wp\/v2\/categories?post=24189"},{"taxonomy":"post_tag","embeddable":true,"href":"https:\/\/cvinoticias.com\/v3\/wp-json\/wp\/v2\/tags?post=24189"}],"curies":[{"name":"wp","href":"https:\/\/api.w.org\/{rel}","templated":true}]}}