{"id":24170,"date":"2023-04-18T15:13:02","date_gmt":"2023-04-18T15:13:02","guid":{"rendered":"https:\/\/cvinoticias.com\/v3\/?p=24170"},"modified":"2023-04-18T15:13:02","modified_gmt":"2023-04-18T15:13:02","slug":"el-hospital-turistico-modular-en-iguazu-esta-abierto-a-todo-publico","status":"publish","type":"post","link":"https:\/\/cvinoticias.com\/v3\/el-hospital-turistico-modular-en-iguazu-esta-abierto-a-todo-publico\/","title":{"rendered":"El Hospital Tur\u00edstico Modular, en Iguaz\u00fa, est\u00e1 abierto a todo p\u00fablico"},"content":{"rendered":"\n<p><strong><em>La directora del Hospital Tur\u00edstico Modular, Dra Marina P\u00e9rez, detall\u00f3 en dialog\u00f3 con Cable Noticias que \u00abactualmente dicho establecimiento cuenta con dos profesionales m\u00e9dicos capacitados para la atenci\u00f3n al p\u00fablico en general\u00bb.<\/em><\/strong><\/p>\n\n\n\n<p>Asimismo a\u00f1adi\u00f3 que \u00ablas personas pueden acercarse para ser atendidas y en cualquier situaci\u00f3n requerida ser\u00e1n trasladadas al Hospital Samic para su correcto tratamiento\u00bb.<\/p>\n\n\n\n<figure class=\"wp-block-image size-large\"><a href=\"https:\/\/cvinoticias.com\/wp-content\/uploads\/2023\/04\/IMG-20230418-WA0038.jpg\"><img decoding=\"async\" width=\"497\" height=\"1024\" data-src=\"https:\/\/cvinoticias.com\/wp-content\/uploads\/2023\/04\/IMG-20230418-WA0038-497x1024.jpg\" alt=\"\" class=\"wp-image-24171 lazyload\" data-srcset=\"https:\/\/cvinoticias.com\/wp-content\/uploads\/2023\/04\/IMG-20230418-WA0038-497x1024.jpg 497w, https:\/\/cvinoticias.com\/wp-content\/uploads\/2023\/04\/IMG-20230418-WA0038-146x300.jpg 146w, https:\/\/cvinoticias.com\/wp-content\/uploads\/2023\/04\/IMG-20230418-WA0038-768x1581.jpg 768w, https:\/\/cvinoticias.com\/wp-content\/uploads\/2023\/04\/IMG-20230418-WA0038-746x1536.jpg 746w, https:\/\/cvinoticias.com\/wp-content\/uploads\/2023\/04\/IMG-20230418-WA0038.jpg 777w\" data-sizes=\"(max-width: 497px) 100vw, 497px\" src=\"data:image\/svg+xml;base64,PHN2ZyB3aWR0aD0iMSIgaGVpZ2h0PSIxIiB4bWxucz0iaHR0cDovL3d3dy53My5vcmcvMjAwMC9zdmciPjwvc3ZnPg==\" style=\"--smush-placeholder-width: 497px; --smush-placeholder-aspect-ratio: 497\/1024;\" \/><\/a><\/figure>\n\n\n\n<p>A su vez, los interesados en vacunarse contra la gripe, el covid y dem\u00e1s pueden acercarse para realizar la consulta.<\/p>\n\n\n\n<p>Adem\u00e1s se encuentran trabajando para ampliar la instalaci\u00f3n que contar\u00e1 con un \u00e1rea especialmente dirigida a las personas asm\u00e1ticas.<\/p>\n\n\n\n<p><\/p>\n\n\n\n<p><strong>Nota Completa HOY en Cable Noticias a partir de las 21 hs por CVI CANAL 5 y V\u00cdA STREAMING en www.cvinoticias.com <\/strong><\/p>\n","protected":false},"excerpt":{"rendered":"<p>La directora del Hospital Tur\u00edstico Modular, Dra Marina P\u00e9rez, detall\u00f3 en dialog\u00f3 con Cable Noticias que \u00abactualmente dicho establecimiento cuenta con dos profesionales m\u00e9dicos capacitados para la atenci\u00f3n al p\u00fablico en general\u00bb. Asimismo a\u00f1adi\u00f3 que \u00ablas personas pueden acercarse para ser atendidas y en cualquier situaci\u00f3n requerida ser\u00e1n trasladadas al Hospital Samic para su correcto [&hellip;]<\/p>\n","protected":false},"author":2,"featured_media":24172,"comment_status":"open","ping_status":"open","sticky":false,"template":"","format":"standard","meta":{"footnotes":""},"categories":[29],"tags":[],"class_list":["post-24170","post","type-post","status-publish","format-standard","has-post-thumbnail","hentry","category-locales"],"yoast_head":"<!-- This site is optimized with the Yoast SEO plugin v27.4 - https:\/\/yoast.com\/product\/yoast-seo-wordpress\/ -->\n<title>El Hospital Tur\u00edstico Modular, en Iguaz\u00fa, est\u00e1 abierto a todo p\u00fablico | CVI NOTICIAS<\/title>\n<meta name=\"robots\" content=\"index, follow, max-snippet:-1, max-image-preview:large, max-video-preview:-1\" \/>\n<link rel=\"canonical\" href=\"https:\/\/cvinoticias.com\/v3\/el-hospital-turistico-modular-en-iguazu-esta-abierto-a-todo-publico\/\" \/>\n<meta property=\"og:locale\" content=\"es_ES\" \/>\n<meta property=\"og:type\" content=\"article\" \/>\n<meta property=\"og:title\" content=\"El Hospital Tur\u00edstico Modular, en Iguaz\u00fa, est\u00e1 abierto a todo p\u00fablico | CVI NOTICIAS\" \/>\n<meta property=\"og:description\" content=\"La directora del Hospital Tur\u00edstico Modular, Dra Marina P\u00e9rez, detall\u00f3 en dialog\u00f3 con Cable Noticias que \u00abactualmente dicho establecimiento cuenta con dos profesionales m\u00e9dicos capacitados para la atenci\u00f3n al p\u00fablico en general\u00bb. Asimismo a\u00f1adi\u00f3 que \u00ablas personas pueden acercarse para ser atendidas y en cualquier situaci\u00f3n requerida ser\u00e1n trasladadas al Hospital Samic para su correcto [&hellip;]\" \/>\n<meta property=\"og:url\" content=\"https:\/\/cvinoticias.com\/v3\/el-hospital-turistico-modular-en-iguazu-esta-abierto-a-todo-publico\/\" \/>\n<meta property=\"og:site_name\" content=\"CVI NOTICIAS\" \/>\n<meta property=\"article:publisher\" content=\"https:\/\/www.facebook.com\/cvinoticias\" \/>\n<meta property=\"article:published_time\" content=\"2023-04-18T15:13:02+00:00\" \/>\n<meta property=\"og:image\" content=\"https:\/\/cvinoticias.com\/wp-content\/uploads\/2023\/04\/IMG-20230418-WA0040.jpg\" \/>\n\t<meta property=\"og:image:width\" content=\"1600\" \/>\n\t<meta property=\"og:image:height\" content=\"900\" \/>\n\t<meta property=\"og:image:type\" content=\"image\/jpeg\" \/>\n<meta name=\"author\" content=\"f1000024\" \/>\n<meta name=\"twitter:card\" content=\"summary_large_image\" \/>\n<meta name=\"twitter:label1\" content=\"Escrito por\" \/>\n\t<meta name=\"twitter:data1\" content=\"f1000024\" \/>\n\t<meta name=\"twitter:label2\" content=\"Tiempo de lectura\" \/>\n\t<meta name=\"twitter:data2\" content=\"1 minuto\" \/>\n<script type=\"application\/ld+json\" class=\"yoast-schema-graph\">{\"@context\":\"https:\\\/\\\/schema.org\",\"@graph\":[{\"@type\":\"Article\",\"@id\":\"https:\\\/\\\/cvinoticias.com\\\/v3\\\/el-hospital-turistico-modular-en-iguazu-esta-abierto-a-todo-publico\\\/#article\",\"isPartOf\":{\"@id\":\"https:\\\/\\\/cvinoticias.com\\\/v3\\\/el-hospital-turistico-modular-en-iguazu-esta-abierto-a-todo-publico\\\/\"},\"author\":{\"name\":\"f1000024\",\"@id\":\"https:\\\/\\\/cvinoticias.com\\\/v3\\\/#\\\/schema\\\/person\\\/2db77e3c6bc03c538495d7b2b8be9b66\"},\"headline\":\"El Hospital Tur\u00edstico Modular, en Iguaz\u00fa, est\u00e1 abierto a todo p\u00fablico\",\"datePublished\":\"2023-04-18T15:13:02+00:00\",\"mainEntityOfPage\":{\"@id\":\"https:\\\/\\\/cvinoticias.com\\\/v3\\\/el-hospital-turistico-modular-en-iguazu-esta-abierto-a-todo-publico\\\/\"},\"wordCount\":142,\"commentCount\":0,\"publisher\":{\"@id\":\"https:\\\/\\\/cvinoticias.com\\\/v3\\\/#organization\"},\"image\":{\"@id\":\"https:\\\/\\\/cvinoticias.com\\\/v3\\\/el-hospital-turistico-modular-en-iguazu-esta-abierto-a-todo-publico\\\/#primaryimage\"},\"thumbnailUrl\":\"https:\\\/\\\/cvinoticias.com\\\/wp-content\\\/uploads\\\/2023\\\/04\\\/IMG-20230418-WA0040.jpg\",\"articleSection\":[\"Locales\"],\"inLanguage\":\"es\",\"potentialAction\":[{\"@type\":\"CommentAction\",\"name\":\"Comment\",\"target\":[\"https:\\\/\\\/cvinoticias.com\\\/v3\\\/el-hospital-turistico-modular-en-iguazu-esta-abierto-a-todo-publico\\\/#respond\"]}]},{\"@type\":\"WebPage\",\"@id\":\"https:\\\/\\\/cvinoticias.com\\\/v3\\\/el-hospital-turistico-modular-en-iguazu-esta-abierto-a-todo-publico\\\/\",\"url\":\"https:\\\/\\\/cvinoticias.com\\\/v3\\\/el-hospital-turistico-modular-en-iguazu-esta-abierto-a-todo-publico\\\/\",\"name\":\"El Hospital Tur\u00edstico Modular, en Iguaz\u00fa, est\u00e1 abierto a todo p\u00fablico | CVI NOTICIAS\",\"isPartOf\":{\"@id\":\"https:\\\/\\\/cvinoticias.com\\\/v3\\\/#website\"},\"primaryImageOfPage\":{\"@id\":\"https:\\\/\\\/cvinoticias.com\\\/v3\\\/el-hospital-turistico-modular-en-iguazu-esta-abierto-a-todo-publico\\\/#primaryimage\"},\"image\":{\"@id\":\"https:\\\/\\\/cvinoticias.com\\\/v3\\\/el-hospital-turistico-modular-en-iguazu-esta-abierto-a-todo-publico\\\/#primaryimage\"},\"thumbnailUrl\":\"https:\\\/\\\/cvinoticias.com\\\/wp-content\\\/uploads\\\/2023\\\/04\\\/IMG-20230418-WA0040.jpg\",\"datePublished\":\"2023-04-18T15:13:02+00:00\",\"breadcrumb\":{\"@id\":\"https:\\\/\\\/cvinoticias.com\\\/v3\\\/el-hospital-turistico-modular-en-iguazu-esta-abierto-a-todo-publico\\\/#breadcrumb\"},\"inLanguage\":\"es\",\"potentialAction\":[{\"@type\":\"ReadAction\",\"target\":[\"https:\\\/\\\/cvinoticias.com\\\/v3\\\/el-hospital-turistico-modular-en-iguazu-esta-abierto-a-todo-publico\\\/\"]}]},{\"@type\":\"ImageObject\",\"inLanguage\":\"es\",\"@id\":\"https:\\\/\\\/cvinoticias.com\\\/v3\\\/el-hospital-turistico-modular-en-iguazu-esta-abierto-a-todo-publico\\\/#primaryimage\",\"url\":\"https:\\\/\\\/cvinoticias.com\\\/wp-content\\\/uploads\\\/2023\\\/04\\\/IMG-20230418-WA0040.jpg\",\"contentUrl\":\"https:\\\/\\\/cvinoticias.com\\\/wp-content\\\/uploads\\\/2023\\\/04\\\/IMG-20230418-WA0040.jpg\",\"width\":1600,\"height\":900},{\"@type\":\"BreadcrumbList\",\"@id\":\"https:\\\/\\\/cvinoticias.com\\\/v3\\\/el-hospital-turistico-modular-en-iguazu-esta-abierto-a-todo-publico\\\/#breadcrumb\",\"itemListElement\":[{\"@type\":\"ListItem\",\"position\":1,\"name\":\"Portada\",\"item\":\"https:\\\/\\\/cvinoticias.com\\\/v3\\\/\"},{\"@type\":\"ListItem\",\"position\":2,\"name\":\"El Hospital Tur\u00edstico Modular, en Iguaz\u00fa, est\u00e1 abierto a todo p\u00fablico\"}]},{\"@type\":\"WebSite\",\"@id\":\"https:\\\/\\\/cvinoticias.com\\\/v3\\\/#website\",\"url\":\"https:\\\/\\\/cvinoticias.com\\\/v3\\\/\",\"name\":\"CVI NOTICIAS\",\"description\":\"\",\"publisher\":{\"@id\":\"https:\\\/\\\/cvinoticias.com\\\/v3\\\/#organization\"},\"alternateName\":\"CVI\",\"potentialAction\":[{\"@type\":\"SearchAction\",\"target\":{\"@type\":\"EntryPoint\",\"urlTemplate\":\"https:\\\/\\\/cvinoticias.com\\\/v3\\\/?s={search_term_string}\"},\"query-input\":{\"@type\":\"PropertyValueSpecification\",\"valueRequired\":true,\"valueName\":\"search_term_string\"}}],\"inLanguage\":\"es\"},{\"@type\":\"Organization\",\"@id\":\"https:\\\/\\\/cvinoticias.com\\\/v3\\\/#organization\",\"name\":\"CVI NOTICIAS\",\"url\":\"https:\\\/\\\/cvinoticias.com\\\/v3\\\/\",\"logo\":{\"@type\":\"ImageObject\",\"inLanguage\":\"es\",\"@id\":\"https:\\\/\\\/cvinoticias.com\\\/v3\\\/#\\\/schema\\\/logo\\\/image\\\/\",\"url\":\"https:\\\/\\\/cvinoticias.com\\\/wp-content\\\/uploads\\\/2023\\\/04\\\/cropped-cropped-cropped-cropped-cropped-3-1.png\",\"contentUrl\":\"https:\\\/\\\/cvinoticias.com\\\/wp-content\\\/uploads\\\/2023\\\/04\\\/cropped-cropped-cropped-cropped-cropped-3-1.png\",\"width\":95,\"height\":122,\"caption\":\"CVI NOTICIAS\"},\"image\":{\"@id\":\"https:\\\/\\\/cvinoticias.com\\\/v3\\\/#\\\/schema\\\/logo\\\/image\\\/\"},\"sameAs\":[\"https:\\\/\\\/www.facebook.com\\\/cvinoticias\",\"https:\\\/\\\/www.instagram.com\\\/cvinoticias\\\/\",\"https:\\\/\\\/www.youtube.com\\\/@CVINOTICIAS\"]},{\"@type\":\"Person\",\"@id\":\"https:\\\/\\\/cvinoticias.com\\\/v3\\\/#\\\/schema\\\/person\\\/2db77e3c6bc03c538495d7b2b8be9b66\",\"name\":\"f1000024\",\"image\":{\"@type\":\"ImageObject\",\"inLanguage\":\"es\",\"@id\":\"https:\\\/\\\/secure.gravatar.com\\\/avatar\\\/d4fe7459cfc51ff5129ce1a732bbef5928568b8092d412ef95611616376bbeed?s=96&d=mm&r=g\",\"url\":\"https:\\\/\\\/secure.gravatar.com\\\/avatar\\\/d4fe7459cfc51ff5129ce1a732bbef5928568b8092d412ef95611616376bbeed?s=96&d=mm&r=g\",\"contentUrl\":\"https:\\\/\\\/secure.gravatar.com\\\/avatar\\\/d4fe7459cfc51ff5129ce1a732bbef5928568b8092d412ef95611616376bbeed?s=96&d=mm&r=g\",\"caption\":\"f1000024\"},\"url\":\"https:\\\/\\\/cvinoticias.com\\\/v3\\\/author\\\/f1000024\\\/\"}]}<\/script>\n<!-- \/ Yoast SEO plugin. -->","yoast_head_json":{"title":"El Hospital Tur\u00edstico Modular, en Iguaz\u00fa, est\u00e1 abierto a todo p\u00fablico | CVI NOTICIAS","robots":{"index":"index","follow":"follow","max-snippet":"max-snippet:-1","max-image-preview":"max-image-preview:large","max-video-preview":"max-video-preview:-1"},"canonical":"https:\/\/cvinoticias.com\/v3\/el-hospital-turistico-modular-en-iguazu-esta-abierto-a-todo-publico\/","og_locale":"es_ES","og_type":"article","og_title":"El Hospital Tur\u00edstico Modular, en Iguaz\u00fa, est\u00e1 abierto a todo p\u00fablico | CVI NOTICIAS","og_description":"La directora del Hospital Tur\u00edstico Modular, Dra Marina P\u00e9rez, detall\u00f3 en dialog\u00f3 con Cable Noticias que \u00abactualmente dicho establecimiento cuenta con dos profesionales m\u00e9dicos capacitados para la atenci\u00f3n al p\u00fablico en general\u00bb. Asimismo a\u00f1adi\u00f3 que \u00ablas personas pueden acercarse para ser atendidas y en cualquier situaci\u00f3n requerida ser\u00e1n trasladadas al Hospital Samic para su correcto [&hellip;]","og_url":"https:\/\/cvinoticias.com\/v3\/el-hospital-turistico-modular-en-iguazu-esta-abierto-a-todo-publico\/","og_site_name":"CVI NOTICIAS","article_publisher":"https:\/\/www.facebook.com\/cvinoticias","article_published_time":"2023-04-18T15:13:02+00:00","og_image":[{"width":1600,"height":900,"url":"https:\/\/cvinoticias.com\/wp-content\/uploads\/2023\/04\/IMG-20230418-WA0040.jpg","type":"image\/jpeg"}],"author":"f1000024","twitter_card":"summary_large_image","twitter_misc":{"Escrito por":"f1000024","Tiempo de lectura":"1 minuto"},"schema":{"@context":"https:\/\/schema.org","@graph":[{"@type":"Article","@id":"https:\/\/cvinoticias.com\/v3\/el-hospital-turistico-modular-en-iguazu-esta-abierto-a-todo-publico\/#article","isPartOf":{"@id":"https:\/\/cvinoticias.com\/v3\/el-hospital-turistico-modular-en-iguazu-esta-abierto-a-todo-publico\/"},"author":{"name":"f1000024","@id":"https:\/\/cvinoticias.com\/v3\/#\/schema\/person\/2db77e3c6bc03c538495d7b2b8be9b66"},"headline":"El Hospital Tur\u00edstico Modular, en Iguaz\u00fa, est\u00e1 abierto a todo p\u00fablico","datePublished":"2023-04-18T15:13:02+00:00","mainEntityOfPage":{"@id":"https:\/\/cvinoticias.com\/v3\/el-hospital-turistico-modular-en-iguazu-esta-abierto-a-todo-publico\/"},"wordCount":142,"commentCount":0,"publisher":{"@id":"https:\/\/cvinoticias.com\/v3\/#organization"},"image":{"@id":"https:\/\/cvinoticias.com\/v3\/el-hospital-turistico-modular-en-iguazu-esta-abierto-a-todo-publico\/#primaryimage"},"thumbnailUrl":"https:\/\/cvinoticias.com\/wp-content\/uploads\/2023\/04\/IMG-20230418-WA0040.jpg","articleSection":["Locales"],"inLanguage":"es","potentialAction":[{"@type":"CommentAction","name":"Comment","target":["https:\/\/cvinoticias.com\/v3\/el-hospital-turistico-modular-en-iguazu-esta-abierto-a-todo-publico\/#respond"]}]},{"@type":"WebPage","@id":"https:\/\/cvinoticias.com\/v3\/el-hospital-turistico-modular-en-iguazu-esta-abierto-a-todo-publico\/","url":"https:\/\/cvinoticias.com\/v3\/el-hospital-turistico-modular-en-iguazu-esta-abierto-a-todo-publico\/","name":"El Hospital Tur\u00edstico Modular, en Iguaz\u00fa, est\u00e1 abierto a todo p\u00fablico | CVI NOTICIAS","isPartOf":{"@id":"https:\/\/cvinoticias.com\/v3\/#website"},"primaryImageOfPage":{"@id":"https:\/\/cvinoticias.com\/v3\/el-hospital-turistico-modular-en-iguazu-esta-abierto-a-todo-publico\/#primaryimage"},"image":{"@id":"https:\/\/cvinoticias.com\/v3\/el-hospital-turistico-modular-en-iguazu-esta-abierto-a-todo-publico\/#primaryimage"},"thumbnailUrl":"https:\/\/cvinoticias.com\/wp-content\/uploads\/2023\/04\/IMG-20230418-WA0040.jpg","datePublished":"2023-04-18T15:13:02+00:00","breadcrumb":{"@id":"https:\/\/cvinoticias.com\/v3\/el-hospital-turistico-modular-en-iguazu-esta-abierto-a-todo-publico\/#breadcrumb"},"inLanguage":"es","potentialAction":[{"@type":"ReadAction","target":["https:\/\/cvinoticias.com\/v3\/el-hospital-turistico-modular-en-iguazu-esta-abierto-a-todo-publico\/"]}]},{"@type":"ImageObject","inLanguage":"es","@id":"https:\/\/cvinoticias.com\/v3\/el-hospital-turistico-modular-en-iguazu-esta-abierto-a-todo-publico\/#primaryimage","url":"https:\/\/cvinoticias.com\/wp-content\/uploads\/2023\/04\/IMG-20230418-WA0040.jpg","contentUrl":"https:\/\/cvinoticias.com\/wp-content\/uploads\/2023\/04\/IMG-20230418-WA0040.jpg","width":1600,"height":900},{"@type":"BreadcrumbList","@id":"https:\/\/cvinoticias.com\/v3\/el-hospital-turistico-modular-en-iguazu-esta-abierto-a-todo-publico\/#breadcrumb","itemListElement":[{"@type":"ListItem","position":1,"name":"Portada","item":"https:\/\/cvinoticias.com\/v3\/"},{"@type":"ListItem","position":2,"name":"El Hospital Tur\u00edstico Modular, en Iguaz\u00fa, est\u00e1 abierto a todo p\u00fablico"}]},{"@type":"WebSite","@id":"https:\/\/cvinoticias.com\/v3\/#website","url":"https:\/\/cvinoticias.com\/v3\/","name":"CVI NOTICIAS","description":"","publisher":{"@id":"https:\/\/cvinoticias.com\/v3\/#organization"},"alternateName":"CVI","potentialAction":[{"@type":"SearchAction","target":{"@type":"EntryPoint","urlTemplate":"https:\/\/cvinoticias.com\/v3\/?s={search_term_string}"},"query-input":{"@type":"PropertyValueSpecification","valueRequired":true,"valueName":"search_term_string"}}],"inLanguage":"es"},{"@type":"Organization","@id":"https:\/\/cvinoticias.com\/v3\/#organization","name":"CVI NOTICIAS","url":"https:\/\/cvinoticias.com\/v3\/","logo":{"@type":"ImageObject","inLanguage":"es","@id":"https:\/\/cvinoticias.com\/v3\/#\/schema\/logo\/image\/","url":"https:\/\/cvinoticias.com\/wp-content\/uploads\/2023\/04\/cropped-cropped-cropped-cropped-cropped-3-1.png","contentUrl":"https:\/\/cvinoticias.com\/wp-content\/uploads\/2023\/04\/cropped-cropped-cropped-cropped-cropped-3-1.png","width":95,"height":122,"caption":"CVI NOTICIAS"},"image":{"@id":"https:\/\/cvinoticias.com\/v3\/#\/schema\/logo\/image\/"},"sameAs":["https:\/\/www.facebook.com\/cvinoticias","https:\/\/www.instagram.com\/cvinoticias\/","https:\/\/www.youtube.com\/@CVINOTICIAS"]},{"@type":"Person","@id":"https:\/\/cvinoticias.com\/v3\/#\/schema\/person\/2db77e3c6bc03c538495d7b2b8be9b66","name":"f1000024","image":{"@type":"ImageObject","inLanguage":"es","@id":"https:\/\/secure.gravatar.com\/avatar\/d4fe7459cfc51ff5129ce1a732bbef5928568b8092d412ef95611616376bbeed?s=96&d=mm&r=g","url":"https:\/\/secure.gravatar.com\/avatar\/d4fe7459cfc51ff5129ce1a732bbef5928568b8092d412ef95611616376bbeed?s=96&d=mm&r=g","contentUrl":"https:\/\/secure.gravatar.com\/avatar\/d4fe7459cfc51ff5129ce1a732bbef5928568b8092d412ef95611616376bbeed?s=96&d=mm&r=g","caption":"f1000024"},"url":"https:\/\/cvinoticias.com\/v3\/author\/f1000024\/"}]}},"_links":{"self":[{"href":"https:\/\/cvinoticias.com\/v3\/wp-json\/wp\/v2\/posts\/24170","targetHints":{"allow":["GET"]}}],"collection":[{"href":"https:\/\/cvinoticias.com\/v3\/wp-json\/wp\/v2\/posts"}],"about":[{"href":"https:\/\/cvinoticias.com\/v3\/wp-json\/wp\/v2\/types\/post"}],"author":[{"embeddable":true,"href":"https:\/\/cvinoticias.com\/v3\/wp-json\/wp\/v2\/users\/2"}],"replies":[{"embeddable":true,"href":"https:\/\/cvinoticias.com\/v3\/wp-json\/wp\/v2\/comments?post=24170"}],"version-history":[{"count":1,"href":"https:\/\/cvinoticias.com\/v3\/wp-json\/wp\/v2\/posts\/24170\/revisions"}],"predecessor-version":[{"id":24173,"href":"https:\/\/cvinoticias.com\/v3\/wp-json\/wp\/v2\/posts\/24170\/revisions\/24173"}],"wp:featuredmedia":[{"embeddable":true,"href":"https:\/\/cvinoticias.com\/v3\/wp-json\/wp\/v2\/media\/24172"}],"wp:attachment":[{"href":"https:\/\/cvinoticias.com\/v3\/wp-json\/wp\/v2\/media?parent=24170"}],"wp:term":[{"taxonomy":"category","embeddable":true,"href":"https:\/\/cvinoticias.com\/v3\/wp-json\/wp\/v2\/categories?post=24170"},{"taxonomy":"post_tag","embeddable":true,"href":"https:\/\/cvinoticias.com\/v3\/wp-json\/wp\/v2\/tags?post=24170"}],"curies":[{"name":"wp","href":"https:\/\/api.w.org\/{rel}","templated":true}]}}