{"id":24149,"date":"2023-04-18T10:51:37","date_gmt":"2023-04-18T10:51:37","guid":{"rendered":"https:\/\/cvinoticias.com\/v3\/?p=24149"},"modified":"2023-04-18T10:51:37","modified_gmt":"2023-04-18T10:51:37","slug":"hospital-escuela-el-21-de-abril-habilitaran-un-consultorio-para-la-deteccion-de-glaucoma","status":"publish","type":"post","link":"https:\/\/cvinoticias.com\/v3\/hospital-escuela-el-21-de-abril-habilitaran-un-consultorio-para-la-deteccion-de-glaucoma\/","title":{"rendered":"Hospital Escuela: El 21 de abril habilitar\u00e1n un consultorio para la detecci\u00f3n de glaucoma"},"content":{"rendered":"\n<p><strong><em>El Hospital Escuela de Agudos \u00abDr. Ram\u00f3n Madariaga\u201d, a trav\u00e9s del Servicio de Oftalmolog\u00eda, se suma a la Campa\u00f1a Nacional de Detecci\u00f3n del Glaucoma, por lo que anuncian que habilitar\u00e1n un consultorio de detecci\u00f3n de la patolog\u00eda, el 21 de abril, de 9 a 18 horas, en el Sector Verde, PB, Consultorios Externos, del citado Nosocomio. La actividad ser\u00e1 totalmente gratuita, sin turno previo, por demanda espont\u00e1nea.<\/em><\/strong><\/p>\n\n\n\n<p>En relaci\u00f3n a la patolog\u00eda, la Dra. D\u00e9bora Bakofski, del mencionado Servicio, mencion\u00f3 que el glaucoma si no se trata puede producir ceguera. A ello, explic\u00f3 qu\u00e9 es el glaucoma y su prevalencia \u201cse trata de una enfermedad ocular que afecta el nervio \u00f3ptico, es cr\u00f3nica, muy frecuente, cerca de 80 millones de personas en el mundo la padecen, de las cuales s\u00f3lo un 50% est\u00e1 en conocimiento de la presencia de la enfermedad. Es indolora, no produce s\u00edntomas en etapas tempranas, por eso la importancia de un control oftalmol\u00f3gico\u201d.<\/p>\n\n\n\n<p>Al tiempo que precis\u00f3 \u201cse da en el nervio \u00f3ptico, que es como un \u201ccable\u201d que conecta el ojo con el cerebro, es el encargado de llevar la informaci\u00f3n de lo que vemos al cerebro, est\u00e1 formado por fibras nerviosas, las que se van da\u00f1ando sin posibilidad de regenerarse, por eso se pierde la visi\u00f3n\u201d.<\/p>\n\n\n\n<p>Asimismo, remarc\u00f3 que \u201csi bien la enfermedad no da s\u00edntomas en etapas tempranas, el paciente puede comenzar a perder el campo de visi\u00f3n lateral; la enfermedad va avanzando progresivamente hasta que se pierde la visi\u00f3n central, llegando a la p\u00e9rdida total de la visi\u00f3n\u201d.<\/p>\n\n\n\n<p>A ello, nombr\u00f3 datos sobre el de riesgo, \u201ctodos estamos predispuestos a tener glaucoma, pero algunas personas tienen m\u00e1s riesgo, como ser los que presentan antecedentes familiares, los mayores de 60 a\u00f1os, las personas que tienen miop\u00eda, diabetes, hipertensi\u00f3n arterial, los que presentan presi\u00f3n ocular, los que reciben de manera cr\u00f3nica corticoides\u201d.<\/p>\n\n\n\n<p>Finalmente, invit\u00f3 a la poblaci\u00f3n a acercarse al nosocomio el 21 de abril, de 9 a 18 horas, en el Sector Verde, PB, Consultorios Externos para ser evaluados para la detecci\u00f3n de glaucoma.<\/p>\n","protected":false},"excerpt":{"rendered":"<p>El Hospital Escuela de Agudos \u00abDr. Ram\u00f3n Madariaga\u201d, a trav\u00e9s del Servicio de Oftalmolog\u00eda, se suma a la Campa\u00f1a Nacional de Detecci\u00f3n del Glaucoma, por lo que anuncian que habilitar\u00e1n un consultorio de detecci\u00f3n de la patolog\u00eda, el 21 de abril, de 9 a 18 horas, en el Sector Verde, PB, Consultorios Externos, del citado [&hellip;]<\/p>\n","protected":false},"author":2,"featured_media":24150,"comment_status":"open","ping_status":"open","sticky":false,"template":"","format":"standard","meta":{"footnotes":""},"categories":[22],"tags":[],"class_list":["post-24149","post","type-post","status-publish","format-standard","has-post-thumbnail","hentry","category-salud"],"yoast_head":"<!-- This site is optimized with the Yoast SEO plugin v27.4 - https:\/\/yoast.com\/product\/yoast-seo-wordpress\/ -->\n<title>Hospital Escuela: El 21 de abril habilitar\u00e1n un consultorio para la detecci\u00f3n de glaucoma | CVI NOTICIAS<\/title>\n<meta name=\"robots\" content=\"index, follow, max-snippet:-1, max-image-preview:large, max-video-preview:-1\" \/>\n<link rel=\"canonical\" href=\"https:\/\/cvinoticias.com\/v3\/hospital-escuela-el-21-de-abril-habilitaran-un-consultorio-para-la-deteccion-de-glaucoma\/\" \/>\n<meta property=\"og:locale\" content=\"es_ES\" \/>\n<meta property=\"og:type\" content=\"article\" \/>\n<meta property=\"og:title\" content=\"Hospital Escuela: El 21 de abril habilitar\u00e1n un consultorio para la detecci\u00f3n de glaucoma | CVI NOTICIAS\" \/>\n<meta property=\"og:description\" content=\"El Hospital Escuela de Agudos \u00abDr. Ram\u00f3n Madariaga\u201d, a trav\u00e9s del Servicio de Oftalmolog\u00eda, se suma a la Campa\u00f1a Nacional de Detecci\u00f3n del Glaucoma, por lo que anuncian que habilitar\u00e1n un consultorio de detecci\u00f3n de la patolog\u00eda, el 21 de abril, de 9 a 18 horas, en el Sector Verde, PB, Consultorios Externos, del citado [&hellip;]\" \/>\n<meta property=\"og:url\" content=\"https:\/\/cvinoticias.com\/v3\/hospital-escuela-el-21-de-abril-habilitaran-un-consultorio-para-la-deteccion-de-glaucoma\/\" \/>\n<meta property=\"og:site_name\" content=\"CVI NOTICIAS\" \/>\n<meta property=\"article:publisher\" content=\"https:\/\/www.facebook.com\/cvinoticias\" \/>\n<meta property=\"article:published_time\" content=\"2023-04-18T10:51:37+00:00\" \/>\n<meta property=\"og:image\" content=\"https:\/\/cvinoticias.com\/wp-content\/uploads\/2023\/04\/consultorio-glaucoma.jpeg\" \/>\n\t<meta property=\"og:image:width\" content=\"629\" \/>\n\t<meta property=\"og:image:height\" content=\"800\" \/>\n\t<meta property=\"og:image:type\" content=\"image\/jpeg\" \/>\n<meta name=\"author\" content=\"f1000024\" \/>\n<meta name=\"twitter:card\" content=\"summary_large_image\" \/>\n<meta name=\"twitter:label1\" content=\"Escrito por\" \/>\n\t<meta name=\"twitter:data1\" content=\"f1000024\" \/>\n\t<meta name=\"twitter:label2\" content=\"Tiempo de lectura\" \/>\n\t<meta name=\"twitter:data2\" content=\"2 minutos\" \/>\n<script type=\"application\/ld+json\" class=\"yoast-schema-graph\">{\"@context\":\"https:\\\/\\\/schema.org\",\"@graph\":[{\"@type\":\"Article\",\"@id\":\"https:\\\/\\\/cvinoticias.com\\\/v3\\\/hospital-escuela-el-21-de-abril-habilitaran-un-consultorio-para-la-deteccion-de-glaucoma\\\/#article\",\"isPartOf\":{\"@id\":\"https:\\\/\\\/cvinoticias.com\\\/v3\\\/hospital-escuela-el-21-de-abril-habilitaran-un-consultorio-para-la-deteccion-de-glaucoma\\\/\"},\"author\":{\"name\":\"f1000024\",\"@id\":\"https:\\\/\\\/cvinoticias.com\\\/v3\\\/#\\\/schema\\\/person\\\/2db77e3c6bc03c538495d7b2b8be9b66\"},\"headline\":\"Hospital Escuela: El 21 de abril habilitar\u00e1n un consultorio para la detecci\u00f3n de glaucoma\",\"datePublished\":\"2023-04-18T10:51:37+00:00\",\"mainEntityOfPage\":{\"@id\":\"https:\\\/\\\/cvinoticias.com\\\/v3\\\/hospital-escuela-el-21-de-abril-habilitaran-un-consultorio-para-la-deteccion-de-glaucoma\\\/\"},\"wordCount\":379,\"commentCount\":0,\"publisher\":{\"@id\":\"https:\\\/\\\/cvinoticias.com\\\/v3\\\/#organization\"},\"image\":{\"@id\":\"https:\\\/\\\/cvinoticias.com\\\/v3\\\/hospital-escuela-el-21-de-abril-habilitaran-un-consultorio-para-la-deteccion-de-glaucoma\\\/#primaryimage\"},\"thumbnailUrl\":\"https:\\\/\\\/cvinoticias.com\\\/wp-content\\\/uploads\\\/2023\\\/04\\\/consultorio-glaucoma.jpeg\",\"articleSection\":[\"Salud\"],\"inLanguage\":\"es\",\"potentialAction\":[{\"@type\":\"CommentAction\",\"name\":\"Comment\",\"target\":[\"https:\\\/\\\/cvinoticias.com\\\/v3\\\/hospital-escuela-el-21-de-abril-habilitaran-un-consultorio-para-la-deteccion-de-glaucoma\\\/#respond\"]}]},{\"@type\":\"WebPage\",\"@id\":\"https:\\\/\\\/cvinoticias.com\\\/v3\\\/hospital-escuela-el-21-de-abril-habilitaran-un-consultorio-para-la-deteccion-de-glaucoma\\\/\",\"url\":\"https:\\\/\\\/cvinoticias.com\\\/v3\\\/hospital-escuela-el-21-de-abril-habilitaran-un-consultorio-para-la-deteccion-de-glaucoma\\\/\",\"name\":\"Hospital Escuela: El 21 de abril habilitar\u00e1n un consultorio para la detecci\u00f3n de glaucoma | CVI NOTICIAS\",\"isPartOf\":{\"@id\":\"https:\\\/\\\/cvinoticias.com\\\/v3\\\/#website\"},\"primaryImageOfPage\":{\"@id\":\"https:\\\/\\\/cvinoticias.com\\\/v3\\\/hospital-escuela-el-21-de-abril-habilitaran-un-consultorio-para-la-deteccion-de-glaucoma\\\/#primaryimage\"},\"image\":{\"@id\":\"https:\\\/\\\/cvinoticias.com\\\/v3\\\/hospital-escuela-el-21-de-abril-habilitaran-un-consultorio-para-la-deteccion-de-glaucoma\\\/#primaryimage\"},\"thumbnailUrl\":\"https:\\\/\\\/cvinoticias.com\\\/wp-content\\\/uploads\\\/2023\\\/04\\\/consultorio-glaucoma.jpeg\",\"datePublished\":\"2023-04-18T10:51:37+00:00\",\"breadcrumb\":{\"@id\":\"https:\\\/\\\/cvinoticias.com\\\/v3\\\/hospital-escuela-el-21-de-abril-habilitaran-un-consultorio-para-la-deteccion-de-glaucoma\\\/#breadcrumb\"},\"inLanguage\":\"es\",\"potentialAction\":[{\"@type\":\"ReadAction\",\"target\":[\"https:\\\/\\\/cvinoticias.com\\\/v3\\\/hospital-escuela-el-21-de-abril-habilitaran-un-consultorio-para-la-deteccion-de-glaucoma\\\/\"]}]},{\"@type\":\"ImageObject\",\"inLanguage\":\"es\",\"@id\":\"https:\\\/\\\/cvinoticias.com\\\/v3\\\/hospital-escuela-el-21-de-abril-habilitaran-un-consultorio-para-la-deteccion-de-glaucoma\\\/#primaryimage\",\"url\":\"https:\\\/\\\/cvinoticias.com\\\/wp-content\\\/uploads\\\/2023\\\/04\\\/consultorio-glaucoma.jpeg\",\"contentUrl\":\"https:\\\/\\\/cvinoticias.com\\\/wp-content\\\/uploads\\\/2023\\\/04\\\/consultorio-glaucoma.jpeg\",\"width\":629,\"height\":800},{\"@type\":\"BreadcrumbList\",\"@id\":\"https:\\\/\\\/cvinoticias.com\\\/v3\\\/hospital-escuela-el-21-de-abril-habilitaran-un-consultorio-para-la-deteccion-de-glaucoma\\\/#breadcrumb\",\"itemListElement\":[{\"@type\":\"ListItem\",\"position\":1,\"name\":\"Portada\",\"item\":\"https:\\\/\\\/cvinoticias.com\\\/v3\\\/\"},{\"@type\":\"ListItem\",\"position\":2,\"name\":\"Hospital Escuela: El 21 de abril habilitar\u00e1n un consultorio para la detecci\u00f3n de glaucoma\"}]},{\"@type\":\"WebSite\",\"@id\":\"https:\\\/\\\/cvinoticias.com\\\/v3\\\/#website\",\"url\":\"https:\\\/\\\/cvinoticias.com\\\/v3\\\/\",\"name\":\"CVI NOTICIAS\",\"description\":\"\",\"publisher\":{\"@id\":\"https:\\\/\\\/cvinoticias.com\\\/v3\\\/#organization\"},\"alternateName\":\"CVI\",\"potentialAction\":[{\"@type\":\"SearchAction\",\"target\":{\"@type\":\"EntryPoint\",\"urlTemplate\":\"https:\\\/\\\/cvinoticias.com\\\/v3\\\/?s={search_term_string}\"},\"query-input\":{\"@type\":\"PropertyValueSpecification\",\"valueRequired\":true,\"valueName\":\"search_term_string\"}}],\"inLanguage\":\"es\"},{\"@type\":\"Organization\",\"@id\":\"https:\\\/\\\/cvinoticias.com\\\/v3\\\/#organization\",\"name\":\"CVI NOTICIAS\",\"url\":\"https:\\\/\\\/cvinoticias.com\\\/v3\\\/\",\"logo\":{\"@type\":\"ImageObject\",\"inLanguage\":\"es\",\"@id\":\"https:\\\/\\\/cvinoticias.com\\\/v3\\\/#\\\/schema\\\/logo\\\/image\\\/\",\"url\":\"https:\\\/\\\/cvinoticias.com\\\/wp-content\\\/uploads\\\/2023\\\/04\\\/cropped-cropped-cropped-cropped-cropped-3-1.png\",\"contentUrl\":\"https:\\\/\\\/cvinoticias.com\\\/wp-content\\\/uploads\\\/2023\\\/04\\\/cropped-cropped-cropped-cropped-cropped-3-1.png\",\"width\":95,\"height\":122,\"caption\":\"CVI NOTICIAS\"},\"image\":{\"@id\":\"https:\\\/\\\/cvinoticias.com\\\/v3\\\/#\\\/schema\\\/logo\\\/image\\\/\"},\"sameAs\":[\"https:\\\/\\\/www.facebook.com\\\/cvinoticias\",\"https:\\\/\\\/www.instagram.com\\\/cvinoticias\\\/\",\"https:\\\/\\\/www.youtube.com\\\/@CVINOTICIAS\"]},{\"@type\":\"Person\",\"@id\":\"https:\\\/\\\/cvinoticias.com\\\/v3\\\/#\\\/schema\\\/person\\\/2db77e3c6bc03c538495d7b2b8be9b66\",\"name\":\"f1000024\",\"image\":{\"@type\":\"ImageObject\",\"inLanguage\":\"es\",\"@id\":\"https:\\\/\\\/secure.gravatar.com\\\/avatar\\\/d4fe7459cfc51ff5129ce1a732bbef5928568b8092d412ef95611616376bbeed?s=96&d=mm&r=g\",\"url\":\"https:\\\/\\\/secure.gravatar.com\\\/avatar\\\/d4fe7459cfc51ff5129ce1a732bbef5928568b8092d412ef95611616376bbeed?s=96&d=mm&r=g\",\"contentUrl\":\"https:\\\/\\\/secure.gravatar.com\\\/avatar\\\/d4fe7459cfc51ff5129ce1a732bbef5928568b8092d412ef95611616376bbeed?s=96&d=mm&r=g\",\"caption\":\"f1000024\"},\"url\":\"https:\\\/\\\/cvinoticias.com\\\/v3\\\/author\\\/f1000024\\\/\"}]}<\/script>\n<!-- \/ Yoast SEO plugin. -->","yoast_head_json":{"title":"Hospital Escuela: El 21 de abril habilitar\u00e1n un consultorio para la detecci\u00f3n de glaucoma | CVI NOTICIAS","robots":{"index":"index","follow":"follow","max-snippet":"max-snippet:-1","max-image-preview":"max-image-preview:large","max-video-preview":"max-video-preview:-1"},"canonical":"https:\/\/cvinoticias.com\/v3\/hospital-escuela-el-21-de-abril-habilitaran-un-consultorio-para-la-deteccion-de-glaucoma\/","og_locale":"es_ES","og_type":"article","og_title":"Hospital Escuela: El 21 de abril habilitar\u00e1n un consultorio para la detecci\u00f3n de glaucoma | CVI NOTICIAS","og_description":"El Hospital Escuela de Agudos \u00abDr. Ram\u00f3n Madariaga\u201d, a trav\u00e9s del Servicio de Oftalmolog\u00eda, se suma a la Campa\u00f1a Nacional de Detecci\u00f3n del Glaucoma, por lo que anuncian que habilitar\u00e1n un consultorio de detecci\u00f3n de la patolog\u00eda, el 21 de abril, de 9 a 18 horas, en el Sector Verde, PB, Consultorios Externos, del citado [&hellip;]","og_url":"https:\/\/cvinoticias.com\/v3\/hospital-escuela-el-21-de-abril-habilitaran-un-consultorio-para-la-deteccion-de-glaucoma\/","og_site_name":"CVI NOTICIAS","article_publisher":"https:\/\/www.facebook.com\/cvinoticias","article_published_time":"2023-04-18T10:51:37+00:00","og_image":[{"width":629,"height":800,"url":"https:\/\/cvinoticias.com\/wp-content\/uploads\/2023\/04\/consultorio-glaucoma.jpeg","type":"image\/jpeg"}],"author":"f1000024","twitter_card":"summary_large_image","twitter_misc":{"Escrito por":"f1000024","Tiempo de lectura":"2 minutos"},"schema":{"@context":"https:\/\/schema.org","@graph":[{"@type":"Article","@id":"https:\/\/cvinoticias.com\/v3\/hospital-escuela-el-21-de-abril-habilitaran-un-consultorio-para-la-deteccion-de-glaucoma\/#article","isPartOf":{"@id":"https:\/\/cvinoticias.com\/v3\/hospital-escuela-el-21-de-abril-habilitaran-un-consultorio-para-la-deteccion-de-glaucoma\/"},"author":{"name":"f1000024","@id":"https:\/\/cvinoticias.com\/v3\/#\/schema\/person\/2db77e3c6bc03c538495d7b2b8be9b66"},"headline":"Hospital Escuela: El 21 de abril habilitar\u00e1n un consultorio para la detecci\u00f3n de glaucoma","datePublished":"2023-04-18T10:51:37+00:00","mainEntityOfPage":{"@id":"https:\/\/cvinoticias.com\/v3\/hospital-escuela-el-21-de-abril-habilitaran-un-consultorio-para-la-deteccion-de-glaucoma\/"},"wordCount":379,"commentCount":0,"publisher":{"@id":"https:\/\/cvinoticias.com\/v3\/#organization"},"image":{"@id":"https:\/\/cvinoticias.com\/v3\/hospital-escuela-el-21-de-abril-habilitaran-un-consultorio-para-la-deteccion-de-glaucoma\/#primaryimage"},"thumbnailUrl":"https:\/\/cvinoticias.com\/wp-content\/uploads\/2023\/04\/consultorio-glaucoma.jpeg","articleSection":["Salud"],"inLanguage":"es","potentialAction":[{"@type":"CommentAction","name":"Comment","target":["https:\/\/cvinoticias.com\/v3\/hospital-escuela-el-21-de-abril-habilitaran-un-consultorio-para-la-deteccion-de-glaucoma\/#respond"]}]},{"@type":"WebPage","@id":"https:\/\/cvinoticias.com\/v3\/hospital-escuela-el-21-de-abril-habilitaran-un-consultorio-para-la-deteccion-de-glaucoma\/","url":"https:\/\/cvinoticias.com\/v3\/hospital-escuela-el-21-de-abril-habilitaran-un-consultorio-para-la-deteccion-de-glaucoma\/","name":"Hospital Escuela: El 21 de abril habilitar\u00e1n un consultorio para la detecci\u00f3n de glaucoma | CVI NOTICIAS","isPartOf":{"@id":"https:\/\/cvinoticias.com\/v3\/#website"},"primaryImageOfPage":{"@id":"https:\/\/cvinoticias.com\/v3\/hospital-escuela-el-21-de-abril-habilitaran-un-consultorio-para-la-deteccion-de-glaucoma\/#primaryimage"},"image":{"@id":"https:\/\/cvinoticias.com\/v3\/hospital-escuela-el-21-de-abril-habilitaran-un-consultorio-para-la-deteccion-de-glaucoma\/#primaryimage"},"thumbnailUrl":"https:\/\/cvinoticias.com\/wp-content\/uploads\/2023\/04\/consultorio-glaucoma.jpeg","datePublished":"2023-04-18T10:51:37+00:00","breadcrumb":{"@id":"https:\/\/cvinoticias.com\/v3\/hospital-escuela-el-21-de-abril-habilitaran-un-consultorio-para-la-deteccion-de-glaucoma\/#breadcrumb"},"inLanguage":"es","potentialAction":[{"@type":"ReadAction","target":["https:\/\/cvinoticias.com\/v3\/hospital-escuela-el-21-de-abril-habilitaran-un-consultorio-para-la-deteccion-de-glaucoma\/"]}]},{"@type":"ImageObject","inLanguage":"es","@id":"https:\/\/cvinoticias.com\/v3\/hospital-escuela-el-21-de-abril-habilitaran-un-consultorio-para-la-deteccion-de-glaucoma\/#primaryimage","url":"https:\/\/cvinoticias.com\/wp-content\/uploads\/2023\/04\/consultorio-glaucoma.jpeg","contentUrl":"https:\/\/cvinoticias.com\/wp-content\/uploads\/2023\/04\/consultorio-glaucoma.jpeg","width":629,"height":800},{"@type":"BreadcrumbList","@id":"https:\/\/cvinoticias.com\/v3\/hospital-escuela-el-21-de-abril-habilitaran-un-consultorio-para-la-deteccion-de-glaucoma\/#breadcrumb","itemListElement":[{"@type":"ListItem","position":1,"name":"Portada","item":"https:\/\/cvinoticias.com\/v3\/"},{"@type":"ListItem","position":2,"name":"Hospital Escuela: El 21 de abril habilitar\u00e1n un consultorio para la detecci\u00f3n de glaucoma"}]},{"@type":"WebSite","@id":"https:\/\/cvinoticias.com\/v3\/#website","url":"https:\/\/cvinoticias.com\/v3\/","name":"CVI NOTICIAS","description":"","publisher":{"@id":"https:\/\/cvinoticias.com\/v3\/#organization"},"alternateName":"CVI","potentialAction":[{"@type":"SearchAction","target":{"@type":"EntryPoint","urlTemplate":"https:\/\/cvinoticias.com\/v3\/?s={search_term_string}"},"query-input":{"@type":"PropertyValueSpecification","valueRequired":true,"valueName":"search_term_string"}}],"inLanguage":"es"},{"@type":"Organization","@id":"https:\/\/cvinoticias.com\/v3\/#organization","name":"CVI NOTICIAS","url":"https:\/\/cvinoticias.com\/v3\/","logo":{"@type":"ImageObject","inLanguage":"es","@id":"https:\/\/cvinoticias.com\/v3\/#\/schema\/logo\/image\/","url":"https:\/\/cvinoticias.com\/wp-content\/uploads\/2023\/04\/cropped-cropped-cropped-cropped-cropped-3-1.png","contentUrl":"https:\/\/cvinoticias.com\/wp-content\/uploads\/2023\/04\/cropped-cropped-cropped-cropped-cropped-3-1.png","width":95,"height":122,"caption":"CVI NOTICIAS"},"image":{"@id":"https:\/\/cvinoticias.com\/v3\/#\/schema\/logo\/image\/"},"sameAs":["https:\/\/www.facebook.com\/cvinoticias","https:\/\/www.instagram.com\/cvinoticias\/","https:\/\/www.youtube.com\/@CVINOTICIAS"]},{"@type":"Person","@id":"https:\/\/cvinoticias.com\/v3\/#\/schema\/person\/2db77e3c6bc03c538495d7b2b8be9b66","name":"f1000024","image":{"@type":"ImageObject","inLanguage":"es","@id":"https:\/\/secure.gravatar.com\/avatar\/d4fe7459cfc51ff5129ce1a732bbef5928568b8092d412ef95611616376bbeed?s=96&d=mm&r=g","url":"https:\/\/secure.gravatar.com\/avatar\/d4fe7459cfc51ff5129ce1a732bbef5928568b8092d412ef95611616376bbeed?s=96&d=mm&r=g","contentUrl":"https:\/\/secure.gravatar.com\/avatar\/d4fe7459cfc51ff5129ce1a732bbef5928568b8092d412ef95611616376bbeed?s=96&d=mm&r=g","caption":"f1000024"},"url":"https:\/\/cvinoticias.com\/v3\/author\/f1000024\/"}]}},"_links":{"self":[{"href":"https:\/\/cvinoticias.com\/v3\/wp-json\/wp\/v2\/posts\/24149","targetHints":{"allow":["GET"]}}],"collection":[{"href":"https:\/\/cvinoticias.com\/v3\/wp-json\/wp\/v2\/posts"}],"about":[{"href":"https:\/\/cvinoticias.com\/v3\/wp-json\/wp\/v2\/types\/post"}],"author":[{"embeddable":true,"href":"https:\/\/cvinoticias.com\/v3\/wp-json\/wp\/v2\/users\/2"}],"replies":[{"embeddable":true,"href":"https:\/\/cvinoticias.com\/v3\/wp-json\/wp\/v2\/comments?post=24149"}],"version-history":[{"count":1,"href":"https:\/\/cvinoticias.com\/v3\/wp-json\/wp\/v2\/posts\/24149\/revisions"}],"predecessor-version":[{"id":24151,"href":"https:\/\/cvinoticias.com\/v3\/wp-json\/wp\/v2\/posts\/24149\/revisions\/24151"}],"wp:featuredmedia":[{"embeddable":true,"href":"https:\/\/cvinoticias.com\/v3\/wp-json\/wp\/v2\/media\/24150"}],"wp:attachment":[{"href":"https:\/\/cvinoticias.com\/v3\/wp-json\/wp\/v2\/media?parent=24149"}],"wp:term":[{"taxonomy":"category","embeddable":true,"href":"https:\/\/cvinoticias.com\/v3\/wp-json\/wp\/v2\/categories?post=24149"},{"taxonomy":"post_tag","embeddable":true,"href":"https:\/\/cvinoticias.com\/v3\/wp-json\/wp\/v2\/tags?post=24149"}],"curies":[{"name":"wp","href":"https:\/\/api.w.org\/{rel}","templated":true}]}}