{"id":24116,"date":"2023-04-17T12:37:17","date_gmt":"2023-04-17T12:37:17","guid":{"rendered":"https:\/\/cvinoticias.com\/v3\/?p=24116"},"modified":"2023-04-17T12:37:17","modified_gmt":"2023-04-17T12:37:17","slug":"excelente-velada-de-boxeo-el-fin-de-semana-en-iguazu","status":"publish","type":"post","link":"https:\/\/cvinoticias.com\/v3\/excelente-velada-de-boxeo-el-fin-de-semana-en-iguazu\/","title":{"rendered":"Excelente velada de boxeo el fin de semana en Iguaz\u00fa"},"content":{"rendered":"\n<p><strong><em>Todo un \u00e9xito el evento de boxeo llevado a cabo en la noche del s\u00e1bado 15 de abril en el Polideportivo Danielito Pinoff, donde estuvieron presentes distintos competidores de la Provincia, como tambi\u00e9n de la Provincia de Corrientes y del vecino pa\u00eds Brasil.<\/em><\/strong><\/p>\n\n\n\n<p>El festival inicio cerca de las 21.30 con el acto de apertura, la presentaci\u00f3n de las delegaciones presentes, con la entonaci\u00f3n de los himnos respectivos de Argentina y Brasil, ya con el polideportivo colmado de p\u00fablico, el cual continuamente se segu\u00eda sumando para asistir al espect\u00e1culo box\u00edstico de la noche, inicio con el combate entre Gonzalo Cantero del Wukong Gym de Iguaz\u00fa ante Ram\u00f3n Panegalli de San Pedro, en una pelea disputada con varios intercambios de golpes, entre ambos pero el victorioso resulto ser el de Iguaz\u00fa por RSC (Referee Suspende Combate); luego Benjam\u00edn Cirino del Wukong Gym, venci\u00f3 por puntos a Franco Hopchak de San Pedro.<\/p>\n\n\n\n<p>En la siguiente pelea del Centro Empleados Box de Iguaz\u00fa, M\u00e1ximo L\u00f3pez se enfrento a Hugo Esp\u00ednola de Wanda, en una pelea bastante disputada entre dos debutantes, que ambos en cruces de golpes recibieron la cuenta de protecci\u00f3n del \u00e1rbitro L\u00f3pez en el 2do. Round y Esp\u00ednola en el \u00faltimo, pero en las tarjetas fue victoria del visitante Esp\u00ednola por puntos. M\u00e1s tarde otro p\u00fagil de Iguaz\u00fa del Wukgong Gym, Eli\u00e1n Britez, se enfrento a Sebasti\u00e1n Garc\u00eda de 25 de Mayo, en una pelea bastante disputada, pero Britez luego de recibir un golpe en la zona posterior de la cabeza, obligo a su entrenador por resguardo hacer abandonar a su pupilo, resultando con la victoria de Garc\u00eda por abandono.<\/p>\n\n\n\n<figure class=\"wp-block-image size-large\"><a href=\"https:\/\/cvinoticias.com\/wp-content\/uploads\/2023\/04\/IMG-20230417-WA0032.jpg\"><img decoding=\"async\" width=\"1024\" height=\"768\" data-src=\"https:\/\/cvinoticias.com\/wp-content\/uploads\/2023\/04\/IMG-20230417-WA0032-1024x768.jpg\" alt=\"\" class=\"wp-image-24117 lazyload\" data-srcset=\"https:\/\/cvinoticias.com\/wp-content\/uploads\/2023\/04\/IMG-20230417-WA0032-1024x768.jpg 1024w, https:\/\/cvinoticias.com\/wp-content\/uploads\/2023\/04\/IMG-20230417-WA0032-300x225.jpg 300w, https:\/\/cvinoticias.com\/wp-content\/uploads\/2023\/04\/IMG-20230417-WA0032-768x576.jpg 768w, https:\/\/cvinoticias.com\/wp-content\/uploads\/2023\/04\/IMG-20230417-WA0032-1536x1152.jpg 1536w, https:\/\/cvinoticias.com\/wp-content\/uploads\/2023\/04\/IMG-20230417-WA0032.jpg 1600w\" data-sizes=\"(max-width: 1024px) 100vw, 1024px\" src=\"data:image\/svg+xml;base64,PHN2ZyB3aWR0aD0iMSIgaGVpZ2h0PSIxIiB4bWxucz0iaHR0cDovL3d3dy53My5vcmcvMjAwMC9zdmciPjwvc3ZnPg==\" style=\"--smush-placeholder-width: 1024px; --smush-placeholder-aspect-ratio: 1024\/768;\" \/><\/a><\/figure>\n\n\n\n<p>Luego en otra pelea Miguel Rodr\u00edguez del Wukong Gym de Iguaz\u00fa, se enfrento a Santiago de Bairros de 25 de Mayo en un combate bastante disputado entre ambos, que al finalizar los jurados fallaron con un empate. Luego otro p\u00fagil de Iguaz\u00fa del Centro Empleados Box, Orlando Mart\u00ednez se enfrento a Franco De Lara de San Pedro, donde ambos comenzaron con una pelea bastante ofensiva cada uno con su estilo aguerrido, pero en el transcurrir de los rounds, se fue notando el cansancio de Mart\u00ednez que no lograba repeler los ataques y fuertes embates del San Pedrino, cuando en el 3er. Round Mart\u00ednez en un cruce de golpes se vio agotado obligando al arbitro a dar la cuenta de protecci\u00f3n y el mismo p\u00fagil decidi\u00f3 no continuar el combate, resultando ganador el San Pedrino De Lara por abandono.<\/p>\n\n\n\n<p>En la pelea femenina de la noche, Brisa Pereyra del Wukong Gym de Iguaz\u00fa, enfrento a Adriana Tachile de Cerro Azul, en una pelea bastante atractiva, donde se ve\u00eda a dos p\u00fagil femeninas que no se daban tregua, pero la Iguazuense en el transcurrir del combate fue sacando diferencia el cual los jurados dieron ganadora a Pereyra de Iguaz\u00fa. M\u00e1s tarde en el duelo de pesados del Wukgong gym Jorge \u201cEl Pumita\u201d Villalba se enfreno a Rodrigo \u201cEl Gato\u201d Burgos de Posadas, en un combate bastante disputado donde pumita arremet\u00eda golpes en media distancia y Burgos propon\u00eda siempre un combate a la corta distancia, y trabajando con ma\u00f1as m\u00e1s que con t\u00e9cnicas pero que de igual modo era una herramienta que utilizaba y por momentos daba resultado, pero los golpes m\u00e1s claros en el transcurrir de los rounds fue del Pumita Villalba quien obtuvo la victoria por puntos.<\/p>\n\n\n\n<p>En la pelea se Semifondo fue el turno de un desaf\u00edo Interprovincial entre Axel Antunes del Centro Empleados BOX de Iguaz\u00fa, un semillero de Iguaz\u00fa que viene con una racha ganadora combatiendo 2 fines de semana seguido, el cual en esta oportunidad le toco enfrentar a Emiliano \u201cEl Terrible\u201d Ben\u00edtez de Curuc\u00fa Cuatia, Corrientes, en una pelea bastante atractiva donde ambos con buenas dotaciones t\u00e9cnicas se enfrentaron en un duelo de estilo con un correntino que intentaba trabajar en la ofensiva, pero Antunes se las arreglaba para evadir y contragolpear con golpes precisos, llevando a su favor la pelea en los 2 primeros rounds, ya en el 3er round El Terrible Ben\u00edtez, intento pelear constantemente en la ofensiva tratando de doblegar al Iguasuenze a quien por momentos ya demostraba algo de cansancio pero que se las arreglaba para contraatacar y que fue suficiente para obtener la victoria por puntos.<\/p>\n\n\n\n<figure class=\"wp-block-image size-large\"><a href=\"https:\/\/cvinoticias.com\/wp-content\/uploads\/2023\/04\/IMG-20230415-WA0169.jpg\"><img decoding=\"async\" width=\"1024\" height=\"461\" data-src=\"https:\/\/cvinoticias.com\/wp-content\/uploads\/2023\/04\/IMG-20230415-WA0169-1024x461.jpg\" alt=\"\" class=\"wp-image-24118 lazyload\" data-srcset=\"https:\/\/cvinoticias.com\/wp-content\/uploads\/2023\/04\/IMG-20230415-WA0169-1024x461.jpg 1024w, https:\/\/cvinoticias.com\/wp-content\/uploads\/2023\/04\/IMG-20230415-WA0169-300x135.jpg 300w, https:\/\/cvinoticias.com\/wp-content\/uploads\/2023\/04\/IMG-20230415-WA0169-768x346.jpg 768w, https:\/\/cvinoticias.com\/wp-content\/uploads\/2023\/04\/IMG-20230415-WA0169-1536x691.jpg 1536w, https:\/\/cvinoticias.com\/wp-content\/uploads\/2023\/04\/IMG-20230415-WA0169.jpg 1600w\" data-sizes=\"(max-width: 1024px) 100vw, 1024px\" src=\"data:image\/svg+xml;base64,PHN2ZyB3aWR0aD0iMSIgaGVpZ2h0PSIxIiB4bWxucz0iaHR0cDovL3d3dy53My5vcmcvMjAwMC9zdmciPjwvc3ZnPg==\" style=\"--smush-placeholder-width: 1024px; --smush-placeholder-aspect-ratio: 1024\/461;\" \/><\/a><\/figure>\n\n\n\n<p>Ya en la pelea principal de la noche en un duelo internacional entre Lucas \u201cLa Maquina\u201d Shuasther, del Centro Empleados Box de Iguaz\u00fa, ante el Brasile\u00f1o Gabriel Alves de Rio de Janeiro Brasil, en un combate bastante disputado, donde el Brasile\u00f1o trabajaba a larga distancia intentando aprovechar su diferencia de altura, pero Shuasther propon\u00eda su pelea avanzando y a la corta distancia, donde le brasile\u00f1o se ve\u00eda bastante escurridizo pero cometiendo algunas infracciones a la hora de defender, el cual el \u00e1rbitro luego de varias advertencias, llamo la atenci\u00f3n y realizo el descuento de puntos al brasile\u00f1o, continuando el combate el Iguazuense continuo con su combate ofensivo, que al finalizar resulto ganador por puntos Lucas Shuasther de Iguaz\u00fa.<\/p>\n\n\n\n<p>De esta manera Iguaz\u00fa se visti\u00f3 de gala en la noche del s\u00e1bado, donde el p\u00fablico local tuvo la satisfacci\u00f3n de asistir a una espectacular velada , ya se tiene previsto la presencia de boxeadores de Iguaz\u00fa en pr\u00f3ximo s\u00e1bado 22 en la localidad de Corpus.<\/p>\n\n\n\n<figure class=\"wp-block-image size-large\"><a href=\"https:\/\/cvinoticias.com\/wp-content\/uploads\/2023\/04\/IMG-20230417-WA0030.jpg\"><img decoding=\"async\" width=\"1024\" height=\"768\" data-src=\"https:\/\/cvinoticias.com\/wp-content\/uploads\/2023\/04\/IMG-20230417-WA0030-1024x768.jpg\" alt=\"\" class=\"wp-image-24119 lazyload\" data-srcset=\"https:\/\/cvinoticias.com\/wp-content\/uploads\/2023\/04\/IMG-20230417-WA0030-1024x768.jpg 1024w, https:\/\/cvinoticias.com\/wp-content\/uploads\/2023\/04\/IMG-20230417-WA0030-300x225.jpg 300w, https:\/\/cvinoticias.com\/wp-content\/uploads\/2023\/04\/IMG-20230417-WA0030-768x576.jpg 768w, https:\/\/cvinoticias.com\/wp-content\/uploads\/2023\/04\/IMG-20230417-WA0030-1536x1152.jpg 1536w, https:\/\/cvinoticias.com\/wp-content\/uploads\/2023\/04\/IMG-20230417-WA0030.jpg 1600w\" data-sizes=\"(max-width: 1024px) 100vw, 1024px\" src=\"data:image\/svg+xml;base64,PHN2ZyB3aWR0aD0iMSIgaGVpZ2h0PSIxIiB4bWxucz0iaHR0cDovL3d3dy53My5vcmcvMjAwMC9zdmciPjwvc3ZnPg==\" style=\"--smush-placeholder-width: 1024px; --smush-placeholder-aspect-ratio: 1024\/768;\" \/><\/a><\/figure>\n","protected":false},"excerpt":{"rendered":"<p>Todo un \u00e9xito el evento de boxeo llevado a cabo en la noche del s\u00e1bado 15 de abril en el Polideportivo Danielito Pinoff, donde estuvieron presentes distintos competidores de la Provincia, como tambi\u00e9n de la Provincia de Corrientes y del vecino pa\u00eds Brasil. El festival inicio cerca de las 21.30 con el acto de apertura, [&hellip;]<\/p>\n","protected":false},"author":2,"featured_media":24120,"comment_status":"open","ping_status":"open","sticky":false,"template":"","format":"standard","meta":{"footnotes":""},"categories":[29],"tags":[],"class_list":["post-24116","post","type-post","status-publish","format-standard","has-post-thumbnail","hentry","category-locales"],"yoast_head":"<!-- This site is optimized with the Yoast SEO plugin v27.4 - https:\/\/yoast.com\/product\/yoast-seo-wordpress\/ -->\n<title>Excelente velada de boxeo el fin de semana en Iguaz\u00fa | CVI NOTICIAS<\/title>\n<meta name=\"robots\" content=\"index, follow, max-snippet:-1, max-image-preview:large, max-video-preview:-1\" \/>\n<link rel=\"canonical\" href=\"https:\/\/cvinoticias.com\/v3\/excelente-velada-de-boxeo-el-fin-de-semana-en-iguazu\/\" \/>\n<meta property=\"og:locale\" content=\"es_ES\" \/>\n<meta property=\"og:type\" content=\"article\" \/>\n<meta property=\"og:title\" content=\"Excelente velada de boxeo el fin de semana en Iguaz\u00fa | CVI NOTICIAS\" \/>\n<meta property=\"og:description\" content=\"Todo un \u00e9xito el evento de boxeo llevado a cabo en la noche del s\u00e1bado 15 de abril en el Polideportivo Danielito Pinoff, donde estuvieron presentes distintos competidores de la Provincia, como tambi\u00e9n de la Provincia de Corrientes y del vecino pa\u00eds Brasil. El festival inicio cerca de las 21.30 con el acto de apertura, [&hellip;]\" \/>\n<meta property=\"og:url\" content=\"https:\/\/cvinoticias.com\/v3\/excelente-velada-de-boxeo-el-fin-de-semana-en-iguazu\/\" \/>\n<meta property=\"og:site_name\" content=\"CVI NOTICIAS\" \/>\n<meta property=\"article:publisher\" content=\"https:\/\/www.facebook.com\/cvinoticias\" \/>\n<meta property=\"article:published_time\" content=\"2023-04-17T12:37:17+00:00\" \/>\n<meta property=\"og:image\" content=\"https:\/\/cvinoticias.com\/wp-content\/uploads\/2023\/04\/IMG-20230417-WA0028.jpg\" \/>\n\t<meta property=\"og:image:width\" content=\"1200\" \/>\n\t<meta property=\"og:image:height\" content=\"1600\" \/>\n\t<meta property=\"og:image:type\" content=\"image\/jpeg\" \/>\n<meta name=\"author\" content=\"f1000024\" \/>\n<meta name=\"twitter:card\" content=\"summary_large_image\" \/>\n<meta name=\"twitter:label1\" content=\"Escrito por\" \/>\n\t<meta name=\"twitter:data1\" content=\"f1000024\" \/>\n\t<meta name=\"twitter:label2\" content=\"Tiempo de lectura\" \/>\n\t<meta name=\"twitter:data2\" content=\"5 minutos\" \/>\n<script type=\"application\/ld+json\" class=\"yoast-schema-graph\">{\"@context\":\"https:\\\/\\\/schema.org\",\"@graph\":[{\"@type\":\"Article\",\"@id\":\"https:\\\/\\\/cvinoticias.com\\\/v3\\\/excelente-velada-de-boxeo-el-fin-de-semana-en-iguazu\\\/#article\",\"isPartOf\":{\"@id\":\"https:\\\/\\\/cvinoticias.com\\\/v3\\\/excelente-velada-de-boxeo-el-fin-de-semana-en-iguazu\\\/\"},\"author\":{\"name\":\"f1000024\",\"@id\":\"https:\\\/\\\/cvinoticias.com\\\/v3\\\/#\\\/schema\\\/person\\\/2db77e3c6bc03c538495d7b2b8be9b66\"},\"headline\":\"Excelente velada de boxeo el fin de semana en Iguaz\u00fa\",\"datePublished\":\"2023-04-17T12:37:17+00:00\",\"mainEntityOfPage\":{\"@id\":\"https:\\\/\\\/cvinoticias.com\\\/v3\\\/excelente-velada-de-boxeo-el-fin-de-semana-en-iguazu\\\/\"},\"wordCount\":926,\"commentCount\":0,\"publisher\":{\"@id\":\"https:\\\/\\\/cvinoticias.com\\\/v3\\\/#organization\"},\"image\":{\"@id\":\"https:\\\/\\\/cvinoticias.com\\\/v3\\\/excelente-velada-de-boxeo-el-fin-de-semana-en-iguazu\\\/#primaryimage\"},\"thumbnailUrl\":\"https:\\\/\\\/cvinoticias.com\\\/wp-content\\\/uploads\\\/2023\\\/04\\\/IMG-20230417-WA0028.jpg\",\"articleSection\":[\"Locales\"],\"inLanguage\":\"es\",\"potentialAction\":[{\"@type\":\"CommentAction\",\"name\":\"Comment\",\"target\":[\"https:\\\/\\\/cvinoticias.com\\\/v3\\\/excelente-velada-de-boxeo-el-fin-de-semana-en-iguazu\\\/#respond\"]}]},{\"@type\":\"WebPage\",\"@id\":\"https:\\\/\\\/cvinoticias.com\\\/v3\\\/excelente-velada-de-boxeo-el-fin-de-semana-en-iguazu\\\/\",\"url\":\"https:\\\/\\\/cvinoticias.com\\\/v3\\\/excelente-velada-de-boxeo-el-fin-de-semana-en-iguazu\\\/\",\"name\":\"Excelente velada de boxeo el fin de semana en Iguaz\u00fa | CVI NOTICIAS\",\"isPartOf\":{\"@id\":\"https:\\\/\\\/cvinoticias.com\\\/v3\\\/#website\"},\"primaryImageOfPage\":{\"@id\":\"https:\\\/\\\/cvinoticias.com\\\/v3\\\/excelente-velada-de-boxeo-el-fin-de-semana-en-iguazu\\\/#primaryimage\"},\"image\":{\"@id\":\"https:\\\/\\\/cvinoticias.com\\\/v3\\\/excelente-velada-de-boxeo-el-fin-de-semana-en-iguazu\\\/#primaryimage\"},\"thumbnailUrl\":\"https:\\\/\\\/cvinoticias.com\\\/wp-content\\\/uploads\\\/2023\\\/04\\\/IMG-20230417-WA0028.jpg\",\"datePublished\":\"2023-04-17T12:37:17+00:00\",\"breadcrumb\":{\"@id\":\"https:\\\/\\\/cvinoticias.com\\\/v3\\\/excelente-velada-de-boxeo-el-fin-de-semana-en-iguazu\\\/#breadcrumb\"},\"inLanguage\":\"es\",\"potentialAction\":[{\"@type\":\"ReadAction\",\"target\":[\"https:\\\/\\\/cvinoticias.com\\\/v3\\\/excelente-velada-de-boxeo-el-fin-de-semana-en-iguazu\\\/\"]}]},{\"@type\":\"ImageObject\",\"inLanguage\":\"es\",\"@id\":\"https:\\\/\\\/cvinoticias.com\\\/v3\\\/excelente-velada-de-boxeo-el-fin-de-semana-en-iguazu\\\/#primaryimage\",\"url\":\"https:\\\/\\\/cvinoticias.com\\\/wp-content\\\/uploads\\\/2023\\\/04\\\/IMG-20230417-WA0028.jpg\",\"contentUrl\":\"https:\\\/\\\/cvinoticias.com\\\/wp-content\\\/uploads\\\/2023\\\/04\\\/IMG-20230417-WA0028.jpg\",\"width\":1200,\"height\":1600},{\"@type\":\"BreadcrumbList\",\"@id\":\"https:\\\/\\\/cvinoticias.com\\\/v3\\\/excelente-velada-de-boxeo-el-fin-de-semana-en-iguazu\\\/#breadcrumb\",\"itemListElement\":[{\"@type\":\"ListItem\",\"position\":1,\"name\":\"Portada\",\"item\":\"https:\\\/\\\/cvinoticias.com\\\/v3\\\/\"},{\"@type\":\"ListItem\",\"position\":2,\"name\":\"Excelente velada de boxeo el fin de semana en Iguaz\u00fa\"}]},{\"@type\":\"WebSite\",\"@id\":\"https:\\\/\\\/cvinoticias.com\\\/v3\\\/#website\",\"url\":\"https:\\\/\\\/cvinoticias.com\\\/v3\\\/\",\"name\":\"CVI NOTICIAS\",\"description\":\"\",\"publisher\":{\"@id\":\"https:\\\/\\\/cvinoticias.com\\\/v3\\\/#organization\"},\"alternateName\":\"CVI\",\"potentialAction\":[{\"@type\":\"SearchAction\",\"target\":{\"@type\":\"EntryPoint\",\"urlTemplate\":\"https:\\\/\\\/cvinoticias.com\\\/v3\\\/?s={search_term_string}\"},\"query-input\":{\"@type\":\"PropertyValueSpecification\",\"valueRequired\":true,\"valueName\":\"search_term_string\"}}],\"inLanguage\":\"es\"},{\"@type\":\"Organization\",\"@id\":\"https:\\\/\\\/cvinoticias.com\\\/v3\\\/#organization\",\"name\":\"CVI NOTICIAS\",\"url\":\"https:\\\/\\\/cvinoticias.com\\\/v3\\\/\",\"logo\":{\"@type\":\"ImageObject\",\"inLanguage\":\"es\",\"@id\":\"https:\\\/\\\/cvinoticias.com\\\/v3\\\/#\\\/schema\\\/logo\\\/image\\\/\",\"url\":\"https:\\\/\\\/cvinoticias.com\\\/wp-content\\\/uploads\\\/2023\\\/04\\\/cropped-cropped-cropped-cropped-cropped-3-1.png\",\"contentUrl\":\"https:\\\/\\\/cvinoticias.com\\\/wp-content\\\/uploads\\\/2023\\\/04\\\/cropped-cropped-cropped-cropped-cropped-3-1.png\",\"width\":95,\"height\":122,\"caption\":\"CVI NOTICIAS\"},\"image\":{\"@id\":\"https:\\\/\\\/cvinoticias.com\\\/v3\\\/#\\\/schema\\\/logo\\\/image\\\/\"},\"sameAs\":[\"https:\\\/\\\/www.facebook.com\\\/cvinoticias\",\"https:\\\/\\\/www.instagram.com\\\/cvinoticias\\\/\",\"https:\\\/\\\/www.youtube.com\\\/@CVINOTICIAS\"]},{\"@type\":\"Person\",\"@id\":\"https:\\\/\\\/cvinoticias.com\\\/v3\\\/#\\\/schema\\\/person\\\/2db77e3c6bc03c538495d7b2b8be9b66\",\"name\":\"f1000024\",\"image\":{\"@type\":\"ImageObject\",\"inLanguage\":\"es\",\"@id\":\"https:\\\/\\\/secure.gravatar.com\\\/avatar\\\/d4fe7459cfc51ff5129ce1a732bbef5928568b8092d412ef95611616376bbeed?s=96&d=mm&r=g\",\"url\":\"https:\\\/\\\/secure.gravatar.com\\\/avatar\\\/d4fe7459cfc51ff5129ce1a732bbef5928568b8092d412ef95611616376bbeed?s=96&d=mm&r=g\",\"contentUrl\":\"https:\\\/\\\/secure.gravatar.com\\\/avatar\\\/d4fe7459cfc51ff5129ce1a732bbef5928568b8092d412ef95611616376bbeed?s=96&d=mm&r=g\",\"caption\":\"f1000024\"},\"url\":\"https:\\\/\\\/cvinoticias.com\\\/v3\\\/author\\\/f1000024\\\/\"}]}<\/script>\n<!-- \/ Yoast SEO plugin. -->","yoast_head_json":{"title":"Excelente velada de boxeo el fin de semana en Iguaz\u00fa | CVI NOTICIAS","robots":{"index":"index","follow":"follow","max-snippet":"max-snippet:-1","max-image-preview":"max-image-preview:large","max-video-preview":"max-video-preview:-1"},"canonical":"https:\/\/cvinoticias.com\/v3\/excelente-velada-de-boxeo-el-fin-de-semana-en-iguazu\/","og_locale":"es_ES","og_type":"article","og_title":"Excelente velada de boxeo el fin de semana en Iguaz\u00fa | CVI NOTICIAS","og_description":"Todo un \u00e9xito el evento de boxeo llevado a cabo en la noche del s\u00e1bado 15 de abril en el Polideportivo Danielito Pinoff, donde estuvieron presentes distintos competidores de la Provincia, como tambi\u00e9n de la Provincia de Corrientes y del vecino pa\u00eds Brasil. El festival inicio cerca de las 21.30 con el acto de apertura, [&hellip;]","og_url":"https:\/\/cvinoticias.com\/v3\/excelente-velada-de-boxeo-el-fin-de-semana-en-iguazu\/","og_site_name":"CVI NOTICIAS","article_publisher":"https:\/\/www.facebook.com\/cvinoticias","article_published_time":"2023-04-17T12:37:17+00:00","og_image":[{"width":1200,"height":1600,"url":"https:\/\/cvinoticias.com\/wp-content\/uploads\/2023\/04\/IMG-20230417-WA0028.jpg","type":"image\/jpeg"}],"author":"f1000024","twitter_card":"summary_large_image","twitter_misc":{"Escrito por":"f1000024","Tiempo de lectura":"5 minutos"},"schema":{"@context":"https:\/\/schema.org","@graph":[{"@type":"Article","@id":"https:\/\/cvinoticias.com\/v3\/excelente-velada-de-boxeo-el-fin-de-semana-en-iguazu\/#article","isPartOf":{"@id":"https:\/\/cvinoticias.com\/v3\/excelente-velada-de-boxeo-el-fin-de-semana-en-iguazu\/"},"author":{"name":"f1000024","@id":"https:\/\/cvinoticias.com\/v3\/#\/schema\/person\/2db77e3c6bc03c538495d7b2b8be9b66"},"headline":"Excelente velada de boxeo el fin de semana en Iguaz\u00fa","datePublished":"2023-04-17T12:37:17+00:00","mainEntityOfPage":{"@id":"https:\/\/cvinoticias.com\/v3\/excelente-velada-de-boxeo-el-fin-de-semana-en-iguazu\/"},"wordCount":926,"commentCount":0,"publisher":{"@id":"https:\/\/cvinoticias.com\/v3\/#organization"},"image":{"@id":"https:\/\/cvinoticias.com\/v3\/excelente-velada-de-boxeo-el-fin-de-semana-en-iguazu\/#primaryimage"},"thumbnailUrl":"https:\/\/cvinoticias.com\/wp-content\/uploads\/2023\/04\/IMG-20230417-WA0028.jpg","articleSection":["Locales"],"inLanguage":"es","potentialAction":[{"@type":"CommentAction","name":"Comment","target":["https:\/\/cvinoticias.com\/v3\/excelente-velada-de-boxeo-el-fin-de-semana-en-iguazu\/#respond"]}]},{"@type":"WebPage","@id":"https:\/\/cvinoticias.com\/v3\/excelente-velada-de-boxeo-el-fin-de-semana-en-iguazu\/","url":"https:\/\/cvinoticias.com\/v3\/excelente-velada-de-boxeo-el-fin-de-semana-en-iguazu\/","name":"Excelente velada de boxeo el fin de semana en Iguaz\u00fa | CVI NOTICIAS","isPartOf":{"@id":"https:\/\/cvinoticias.com\/v3\/#website"},"primaryImageOfPage":{"@id":"https:\/\/cvinoticias.com\/v3\/excelente-velada-de-boxeo-el-fin-de-semana-en-iguazu\/#primaryimage"},"image":{"@id":"https:\/\/cvinoticias.com\/v3\/excelente-velada-de-boxeo-el-fin-de-semana-en-iguazu\/#primaryimage"},"thumbnailUrl":"https:\/\/cvinoticias.com\/wp-content\/uploads\/2023\/04\/IMG-20230417-WA0028.jpg","datePublished":"2023-04-17T12:37:17+00:00","breadcrumb":{"@id":"https:\/\/cvinoticias.com\/v3\/excelente-velada-de-boxeo-el-fin-de-semana-en-iguazu\/#breadcrumb"},"inLanguage":"es","potentialAction":[{"@type":"ReadAction","target":["https:\/\/cvinoticias.com\/v3\/excelente-velada-de-boxeo-el-fin-de-semana-en-iguazu\/"]}]},{"@type":"ImageObject","inLanguage":"es","@id":"https:\/\/cvinoticias.com\/v3\/excelente-velada-de-boxeo-el-fin-de-semana-en-iguazu\/#primaryimage","url":"https:\/\/cvinoticias.com\/wp-content\/uploads\/2023\/04\/IMG-20230417-WA0028.jpg","contentUrl":"https:\/\/cvinoticias.com\/wp-content\/uploads\/2023\/04\/IMG-20230417-WA0028.jpg","width":1200,"height":1600},{"@type":"BreadcrumbList","@id":"https:\/\/cvinoticias.com\/v3\/excelente-velada-de-boxeo-el-fin-de-semana-en-iguazu\/#breadcrumb","itemListElement":[{"@type":"ListItem","position":1,"name":"Portada","item":"https:\/\/cvinoticias.com\/v3\/"},{"@type":"ListItem","position":2,"name":"Excelente velada de boxeo el fin de semana en Iguaz\u00fa"}]},{"@type":"WebSite","@id":"https:\/\/cvinoticias.com\/v3\/#website","url":"https:\/\/cvinoticias.com\/v3\/","name":"CVI NOTICIAS","description":"","publisher":{"@id":"https:\/\/cvinoticias.com\/v3\/#organization"},"alternateName":"CVI","potentialAction":[{"@type":"SearchAction","target":{"@type":"EntryPoint","urlTemplate":"https:\/\/cvinoticias.com\/v3\/?s={search_term_string}"},"query-input":{"@type":"PropertyValueSpecification","valueRequired":true,"valueName":"search_term_string"}}],"inLanguage":"es"},{"@type":"Organization","@id":"https:\/\/cvinoticias.com\/v3\/#organization","name":"CVI NOTICIAS","url":"https:\/\/cvinoticias.com\/v3\/","logo":{"@type":"ImageObject","inLanguage":"es","@id":"https:\/\/cvinoticias.com\/v3\/#\/schema\/logo\/image\/","url":"https:\/\/cvinoticias.com\/wp-content\/uploads\/2023\/04\/cropped-cropped-cropped-cropped-cropped-3-1.png","contentUrl":"https:\/\/cvinoticias.com\/wp-content\/uploads\/2023\/04\/cropped-cropped-cropped-cropped-cropped-3-1.png","width":95,"height":122,"caption":"CVI NOTICIAS"},"image":{"@id":"https:\/\/cvinoticias.com\/v3\/#\/schema\/logo\/image\/"},"sameAs":["https:\/\/www.facebook.com\/cvinoticias","https:\/\/www.instagram.com\/cvinoticias\/","https:\/\/www.youtube.com\/@CVINOTICIAS"]},{"@type":"Person","@id":"https:\/\/cvinoticias.com\/v3\/#\/schema\/person\/2db77e3c6bc03c538495d7b2b8be9b66","name":"f1000024","image":{"@type":"ImageObject","inLanguage":"es","@id":"https:\/\/secure.gravatar.com\/avatar\/d4fe7459cfc51ff5129ce1a732bbef5928568b8092d412ef95611616376bbeed?s=96&d=mm&r=g","url":"https:\/\/secure.gravatar.com\/avatar\/d4fe7459cfc51ff5129ce1a732bbef5928568b8092d412ef95611616376bbeed?s=96&d=mm&r=g","contentUrl":"https:\/\/secure.gravatar.com\/avatar\/d4fe7459cfc51ff5129ce1a732bbef5928568b8092d412ef95611616376bbeed?s=96&d=mm&r=g","caption":"f1000024"},"url":"https:\/\/cvinoticias.com\/v3\/author\/f1000024\/"}]}},"_links":{"self":[{"href":"https:\/\/cvinoticias.com\/v3\/wp-json\/wp\/v2\/posts\/24116","targetHints":{"allow":["GET"]}}],"collection":[{"href":"https:\/\/cvinoticias.com\/v3\/wp-json\/wp\/v2\/posts"}],"about":[{"href":"https:\/\/cvinoticias.com\/v3\/wp-json\/wp\/v2\/types\/post"}],"author":[{"embeddable":true,"href":"https:\/\/cvinoticias.com\/v3\/wp-json\/wp\/v2\/users\/2"}],"replies":[{"embeddable":true,"href":"https:\/\/cvinoticias.com\/v3\/wp-json\/wp\/v2\/comments?post=24116"}],"version-history":[{"count":1,"href":"https:\/\/cvinoticias.com\/v3\/wp-json\/wp\/v2\/posts\/24116\/revisions"}],"predecessor-version":[{"id":24121,"href":"https:\/\/cvinoticias.com\/v3\/wp-json\/wp\/v2\/posts\/24116\/revisions\/24121"}],"wp:featuredmedia":[{"embeddable":true,"href":"https:\/\/cvinoticias.com\/v3\/wp-json\/wp\/v2\/media\/24120"}],"wp:attachment":[{"href":"https:\/\/cvinoticias.com\/v3\/wp-json\/wp\/v2\/media?parent=24116"}],"wp:term":[{"taxonomy":"category","embeddable":true,"href":"https:\/\/cvinoticias.com\/v3\/wp-json\/wp\/v2\/categories?post=24116"},{"taxonomy":"post_tag","embeddable":true,"href":"https:\/\/cvinoticias.com\/v3\/wp-json\/wp\/v2\/tags?post=24116"}],"curies":[{"name":"wp","href":"https:\/\/api.w.org\/{rel}","templated":true}]}}