{"id":24106,"date":"2023-04-17T11:04:52","date_gmt":"2023-04-17T11:04:52","guid":{"rendered":"https:\/\/cvinoticias.com\/v3\/?p=24106"},"modified":"2023-04-17T11:04:52","modified_gmt":"2023-04-17T11:04:52","slug":"llega-al-pais-una-de-las-100-supercomputadoras-mas-potentes-del-mundo","status":"publish","type":"post","link":"https:\/\/cvinoticias.com\/v3\/llega-al-pais-una-de-las-100-supercomputadoras-mas-potentes-del-mundo\/","title":{"rendered":"Llega al pa\u00eds una de las 100 supercomputadoras m\u00e1s potentes del mundo"},"content":{"rendered":"\n<p><strong><em>Llega al pa\u00eds una de las 100 supercomputadoras m\u00e1s potentes del mundo Ser\u00e1 40 veces m\u00e1s poderosa que la que se usa actualmente, la Huayra Muyu. Se espera que est\u00e9 en funcionamiento en los pr\u00f3ximos meses.<\/em><\/strong><\/p>\n\n\n\n<p>Argentina crece a pura potencia! El pa\u00eds tendr\u00e1 una supercomputadora que est\u00e1 dentro de las 100 m\u00e1s potentes del mundo y que ser\u00e1 utilizada inicialmente en el centro de datos del Servicio Meteorol\u00f3gico Nacional (SMN) para llevar a cabo tareas relacionadas con el an\u00e1lisis del clima.<\/p>\n\n\n\n<p>\u201cLas expectativas en relaci\u00f3n a la supercomputadora que va a llegar al pa\u00eds en los pr\u00f3ximos d\u00edas son altas, partiendo de la base que es el sistema de c\u00f3mputos m\u00e1s grande que va a haber dedicado a la actividad cient\u00edfica en toda Latinoam\u00e9rica. Creo que todos tenemos que tomarlo como un logro general para todo el sector cient\u00edfico\u201d, le dijo a diario Hoy la doctora Celeste Saulo, investigadora del Conicet y directora del SMN.<\/p>\n\n\n\n<p>Y ampli\u00f3: \u201cLa idea surgi\u00f3 del Ministerio de Ciencia y T\u00e9cnica y, por supuesto, la inversi\u00f3n, que est\u00e1 cerca de los cinco millones de d\u00f3lares, la efect\u00faa el Ministerio de Ciencia y T\u00e9cnica; el Ministerio de Defensa acompa\u00f1a generando adecuaciones edilicias en el servicio meteorol\u00f3gico para poder albergar esa computadora\u201d.<\/p>\n\n\n\n<p>El uso de la m\u00e1quina por parte del SMN representa el 10% de la capacidad de la computadora, por lo que el 90% estar\u00e1 a disposici\u00f3n de todas las demandas del sistema cient\u00edfico nacional.<\/p>\n\n\n\n<p><strong>Funciones<\/strong><\/p>\n\n\n\n<p>\u201cAl SMN le va a servir como a todo sistema cient\u00edfico, en particular porque nosotros hacemos muchas tareas de investigaci\u00f3n que hoy por hoy quedan siempre relegadas a la disponibilidad de tiempo en la supercomputadora que tenemos, que es bastante m\u00e1s peque\u00f1a que esta que est\u00e1 entrando. Entonces, nuestros cient\u00edficos y cient\u00edficas no pueden realizar todos los experimentos que necesitar\u00edan; y eso es un cuello de botella porque, en definitiva, para poder mejorar continuamente el pron\u00f3stico hay que estar continuamente haciendo nuevas pruebas, nuevos experimentos para ver qu\u00e9 cuestiones es necesario modificar\u201d, detall\u00f3 Saulo.<\/p>\n\n\n\n<p>En n\u00fameros, la capacidad de c\u00e1lculo de este equipo es de 15.3 petaflops, usando sus aceleradoras GPU; y 440 teraflops, usando sus procesadores CPUS. Seg\u00fan el propio Gobierno argentino, la m\u00e1quina es capaz de realizar 15,300 billones de operaciones matem\u00e1ticas elementales por segundo.<\/p>\n\n\n\n<p>La supercomputadora estar\u00e1 funcional a partir del mes de mayo o junio y ser\u00e1 40 veces m\u00e1s potente que la que se usa actualmente en el pa\u00eds, la Huayra Muyu.<\/p>\n\n\n\n<p>\u201cLa ventaja, como dije, es que Huayra Muyu hoy tiene casi toda su carga dedicada a la parte operativa y un poquito para la parte de investigaci\u00f3n. Entonces ahora vamos a aliviar a Huayra Muyu y va a estar toda dedicada al operativo. Por otro lado, tambi\u00e9n va a ser una especie de respaldo en caso de que Huayra Muyu tuviera alg\u00fan inconveniente funcional. Tendr\u00edamos la posibilidad de emigrar nuestro sistema operativo a esta nueva supercomputadora a modo de contingencia\u201d, precis\u00f3 la especialista.<\/p>\n\n\n\n<p>Y complet\u00f3: \u201cLos beneficios para otras instituciones son much\u00edsimos justamente porque van a poder acceder a realizar sus experimentos. Como dije, estas supercomputadoras lo que tienen es la posibilidad de poder realizar muchas operaciones por segundo y poder correr experimentos de distintas disciplinas, no solo de las ciencias de la atm\u00f3sfera, digamos, desde nanomateriales, fluidos, ingenier\u00eda\u201d.<\/p>\n","protected":false},"excerpt":{"rendered":"<p>Llega al pa\u00eds una de las 100 supercomputadoras m\u00e1s potentes del mundo Ser\u00e1 40 veces m\u00e1s poderosa que la que se usa actualmente, la Huayra Muyu. Se espera que est\u00e9 en funcionamiento en los pr\u00f3ximos meses. Argentina crece a pura potencia! El pa\u00eds tendr\u00e1 una supercomputadora que est\u00e1 dentro de las 100 m\u00e1s potentes del [&hellip;]<\/p>\n","protected":false},"author":2,"featured_media":24108,"comment_status":"open","ping_status":"open","sticky":false,"template":"","format":"standard","meta":{"footnotes":""},"categories":[424],"tags":[],"class_list":["post-24106","post","type-post","status-publish","format-standard","has-post-thumbnail","hentry","category-tecnologia"],"yoast_head":"<!-- This site is optimized with the Yoast SEO plugin v27.5 - https:\/\/yoast.com\/product\/yoast-seo-wordpress\/ -->\n<title>Llega al pa\u00eds una de las 100 supercomputadoras m\u00e1s potentes del mundo | CVI NOTICIAS<\/title>\n<meta name=\"robots\" content=\"index, follow, max-snippet:-1, max-image-preview:large, max-video-preview:-1\" \/>\n<link rel=\"canonical\" href=\"https:\/\/cvinoticias.com\/v3\/llega-al-pais-una-de-las-100-supercomputadoras-mas-potentes-del-mundo\/\" \/>\n<meta property=\"og:locale\" content=\"es_ES\" \/>\n<meta property=\"og:type\" content=\"article\" \/>\n<meta property=\"og:title\" content=\"Llega al pa\u00eds una de las 100 supercomputadoras m\u00e1s potentes del mundo | CVI NOTICIAS\" \/>\n<meta property=\"og:description\" content=\"Llega al pa\u00eds una de las 100 supercomputadoras m\u00e1s potentes del mundo Ser\u00e1 40 veces m\u00e1s poderosa que la que se usa actualmente, la Huayra Muyu. Se espera que est\u00e9 en funcionamiento en los pr\u00f3ximos meses. Argentina crece a pura potencia! El pa\u00eds tendr\u00e1 una supercomputadora que est\u00e1 dentro de las 100 m\u00e1s potentes del [&hellip;]\" \/>\n<meta property=\"og:url\" content=\"https:\/\/cvinoticias.com\/v3\/llega-al-pais-una-de-las-100-supercomputadoras-mas-potentes-del-mundo\/\" \/>\n<meta property=\"og:site_name\" content=\"CVI NOTICIAS\" \/>\n<meta property=\"article:publisher\" content=\"https:\/\/www.facebook.com\/cvinoticias\" \/>\n<meta property=\"article:published_time\" content=\"2023-04-17T11:04:52+00:00\" \/>\n<meta property=\"og:image\" content=\"https:\/\/cvinoticias.com\/wp-content\/uploads\/2023\/04\/0000134788.png\" \/>\n\t<meta property=\"og:image:width\" content=\"980\" \/>\n\t<meta property=\"og:image:height\" content=\"640\" \/>\n\t<meta property=\"og:image:type\" content=\"image\/png\" \/>\n<meta name=\"author\" content=\"f1000024\" \/>\n<meta name=\"twitter:card\" content=\"summary_large_image\" \/>\n<meta name=\"twitter:label1\" content=\"Escrito por\" \/>\n\t<meta name=\"twitter:data1\" content=\"f1000024\" \/>\n\t<meta name=\"twitter:label2\" content=\"Tiempo de lectura\" \/>\n\t<meta name=\"twitter:data2\" content=\"3 minutos\" \/>\n<script type=\"application\/ld+json\" class=\"yoast-schema-graph\">{\"@context\":\"https:\\\/\\\/schema.org\",\"@graph\":[{\"@type\":\"Article\",\"@id\":\"https:\\\/\\\/cvinoticias.com\\\/v3\\\/llega-al-pais-una-de-las-100-supercomputadoras-mas-potentes-del-mundo\\\/#article\",\"isPartOf\":{\"@id\":\"https:\\\/\\\/cvinoticias.com\\\/v3\\\/llega-al-pais-una-de-las-100-supercomputadoras-mas-potentes-del-mundo\\\/\"},\"author\":{\"name\":\"f1000024\",\"@id\":\"https:\\\/\\\/cvinoticias.com\\\/v3\\\/#\\\/schema\\\/person\\\/2db77e3c6bc03c538495d7b2b8be9b66\"},\"headline\":\"Llega al pa\u00eds una de las 100 supercomputadoras m\u00e1s potentes del mundo\",\"datePublished\":\"2023-04-17T11:04:52+00:00\",\"mainEntityOfPage\":{\"@id\":\"https:\\\/\\\/cvinoticias.com\\\/v3\\\/llega-al-pais-una-de-las-100-supercomputadoras-mas-potentes-del-mundo\\\/\"},\"wordCount\":600,\"commentCount\":0,\"publisher\":{\"@id\":\"https:\\\/\\\/cvinoticias.com\\\/v3\\\/#organization\"},\"image\":{\"@id\":\"https:\\\/\\\/cvinoticias.com\\\/v3\\\/llega-al-pais-una-de-las-100-supercomputadoras-mas-potentes-del-mundo\\\/#primaryimage\"},\"thumbnailUrl\":\"https:\\\/\\\/cvinoticias.com\\\/wp-content\\\/uploads\\\/2023\\\/04\\\/0000134788.png\",\"articleSection\":[\"Tecnolog\u00eda\"],\"inLanguage\":\"es\",\"potentialAction\":[{\"@type\":\"CommentAction\",\"name\":\"Comment\",\"target\":[\"https:\\\/\\\/cvinoticias.com\\\/v3\\\/llega-al-pais-una-de-las-100-supercomputadoras-mas-potentes-del-mundo\\\/#respond\"]}]},{\"@type\":\"WebPage\",\"@id\":\"https:\\\/\\\/cvinoticias.com\\\/v3\\\/llega-al-pais-una-de-las-100-supercomputadoras-mas-potentes-del-mundo\\\/\",\"url\":\"https:\\\/\\\/cvinoticias.com\\\/v3\\\/llega-al-pais-una-de-las-100-supercomputadoras-mas-potentes-del-mundo\\\/\",\"name\":\"Llega al pa\u00eds una de las 100 supercomputadoras m\u00e1s potentes del mundo | CVI NOTICIAS\",\"isPartOf\":{\"@id\":\"https:\\\/\\\/cvinoticias.com\\\/v3\\\/#website\"},\"primaryImageOfPage\":{\"@id\":\"https:\\\/\\\/cvinoticias.com\\\/v3\\\/llega-al-pais-una-de-las-100-supercomputadoras-mas-potentes-del-mundo\\\/#primaryimage\"},\"image\":{\"@id\":\"https:\\\/\\\/cvinoticias.com\\\/v3\\\/llega-al-pais-una-de-las-100-supercomputadoras-mas-potentes-del-mundo\\\/#primaryimage\"},\"thumbnailUrl\":\"https:\\\/\\\/cvinoticias.com\\\/wp-content\\\/uploads\\\/2023\\\/04\\\/0000134788.png\",\"datePublished\":\"2023-04-17T11:04:52+00:00\",\"breadcrumb\":{\"@id\":\"https:\\\/\\\/cvinoticias.com\\\/v3\\\/llega-al-pais-una-de-las-100-supercomputadoras-mas-potentes-del-mundo\\\/#breadcrumb\"},\"inLanguage\":\"es\",\"potentialAction\":[{\"@type\":\"ReadAction\",\"target\":[\"https:\\\/\\\/cvinoticias.com\\\/v3\\\/llega-al-pais-una-de-las-100-supercomputadoras-mas-potentes-del-mundo\\\/\"]}]},{\"@type\":\"ImageObject\",\"inLanguage\":\"es\",\"@id\":\"https:\\\/\\\/cvinoticias.com\\\/v3\\\/llega-al-pais-una-de-las-100-supercomputadoras-mas-potentes-del-mundo\\\/#primaryimage\",\"url\":\"https:\\\/\\\/cvinoticias.com\\\/wp-content\\\/uploads\\\/2023\\\/04\\\/0000134788.png\",\"contentUrl\":\"https:\\\/\\\/cvinoticias.com\\\/wp-content\\\/uploads\\\/2023\\\/04\\\/0000134788.png\",\"width\":980,\"height\":640},{\"@type\":\"BreadcrumbList\",\"@id\":\"https:\\\/\\\/cvinoticias.com\\\/v3\\\/llega-al-pais-una-de-las-100-supercomputadoras-mas-potentes-del-mundo\\\/#breadcrumb\",\"itemListElement\":[{\"@type\":\"ListItem\",\"position\":1,\"name\":\"Portada\",\"item\":\"https:\\\/\\\/cvinoticias.com\\\/v3\\\/\"},{\"@type\":\"ListItem\",\"position\":2,\"name\":\"Llega al pa\u00eds una de las 100 supercomputadoras m\u00e1s potentes del mundo\"}]},{\"@type\":\"WebSite\",\"@id\":\"https:\\\/\\\/cvinoticias.com\\\/v3\\\/#website\",\"url\":\"https:\\\/\\\/cvinoticias.com\\\/v3\\\/\",\"name\":\"CVI NOTICIAS\",\"description\":\"\",\"publisher\":{\"@id\":\"https:\\\/\\\/cvinoticias.com\\\/v3\\\/#organization\"},\"alternateName\":\"CVI\",\"potentialAction\":[{\"@type\":\"SearchAction\",\"target\":{\"@type\":\"EntryPoint\",\"urlTemplate\":\"https:\\\/\\\/cvinoticias.com\\\/v3\\\/?s={search_term_string}\"},\"query-input\":{\"@type\":\"PropertyValueSpecification\",\"valueRequired\":true,\"valueName\":\"search_term_string\"}}],\"inLanguage\":\"es\"},{\"@type\":\"Organization\",\"@id\":\"https:\\\/\\\/cvinoticias.com\\\/v3\\\/#organization\",\"name\":\"CVI NOTICIAS\",\"url\":\"https:\\\/\\\/cvinoticias.com\\\/v3\\\/\",\"logo\":{\"@type\":\"ImageObject\",\"inLanguage\":\"es\",\"@id\":\"https:\\\/\\\/cvinoticias.com\\\/v3\\\/#\\\/schema\\\/logo\\\/image\\\/\",\"url\":\"https:\\\/\\\/cvinoticias.com\\\/wp-content\\\/uploads\\\/2023\\\/04\\\/cropped-cropped-cropped-cropped-cropped-3-1.png\",\"contentUrl\":\"https:\\\/\\\/cvinoticias.com\\\/wp-content\\\/uploads\\\/2023\\\/04\\\/cropped-cropped-cropped-cropped-cropped-3-1.png\",\"width\":95,\"height\":122,\"caption\":\"CVI NOTICIAS\"},\"image\":{\"@id\":\"https:\\\/\\\/cvinoticias.com\\\/v3\\\/#\\\/schema\\\/logo\\\/image\\\/\"},\"sameAs\":[\"https:\\\/\\\/www.facebook.com\\\/cvinoticias\",\"https:\\\/\\\/www.instagram.com\\\/cvinoticias\\\/\",\"https:\\\/\\\/www.youtube.com\\\/@CVINOTICIAS\"]},{\"@type\":\"Person\",\"@id\":\"https:\\\/\\\/cvinoticias.com\\\/v3\\\/#\\\/schema\\\/person\\\/2db77e3c6bc03c538495d7b2b8be9b66\",\"name\":\"f1000024\",\"image\":{\"@type\":\"ImageObject\",\"inLanguage\":\"es\",\"@id\":\"https:\\\/\\\/secure.gravatar.com\\\/avatar\\\/d4fe7459cfc51ff5129ce1a732bbef5928568b8092d412ef95611616376bbeed?s=96&d=mm&r=g\",\"url\":\"https:\\\/\\\/secure.gravatar.com\\\/avatar\\\/d4fe7459cfc51ff5129ce1a732bbef5928568b8092d412ef95611616376bbeed?s=96&d=mm&r=g\",\"contentUrl\":\"https:\\\/\\\/secure.gravatar.com\\\/avatar\\\/d4fe7459cfc51ff5129ce1a732bbef5928568b8092d412ef95611616376bbeed?s=96&d=mm&r=g\",\"caption\":\"f1000024\"},\"url\":\"https:\\\/\\\/cvinoticias.com\\\/v3\\\/author\\\/f1000024\\\/\"}]}<\/script>\n<!-- \/ Yoast SEO plugin. -->","yoast_head_json":{"title":"Llega al pa\u00eds una de las 100 supercomputadoras m\u00e1s potentes del mundo | CVI NOTICIAS","robots":{"index":"index","follow":"follow","max-snippet":"max-snippet:-1","max-image-preview":"max-image-preview:large","max-video-preview":"max-video-preview:-1"},"canonical":"https:\/\/cvinoticias.com\/v3\/llega-al-pais-una-de-las-100-supercomputadoras-mas-potentes-del-mundo\/","og_locale":"es_ES","og_type":"article","og_title":"Llega al pa\u00eds una de las 100 supercomputadoras m\u00e1s potentes del mundo | CVI NOTICIAS","og_description":"Llega al pa\u00eds una de las 100 supercomputadoras m\u00e1s potentes del mundo Ser\u00e1 40 veces m\u00e1s poderosa que la que se usa actualmente, la Huayra Muyu. Se espera que est\u00e9 en funcionamiento en los pr\u00f3ximos meses. Argentina crece a pura potencia! El pa\u00eds tendr\u00e1 una supercomputadora que est\u00e1 dentro de las 100 m\u00e1s potentes del [&hellip;]","og_url":"https:\/\/cvinoticias.com\/v3\/llega-al-pais-una-de-las-100-supercomputadoras-mas-potentes-del-mundo\/","og_site_name":"CVI NOTICIAS","article_publisher":"https:\/\/www.facebook.com\/cvinoticias","article_published_time":"2023-04-17T11:04:52+00:00","og_image":[{"width":980,"height":640,"url":"https:\/\/cvinoticias.com\/wp-content\/uploads\/2023\/04\/0000134788.png","type":"image\/png"}],"author":"f1000024","twitter_card":"summary_large_image","twitter_misc":{"Escrito por":"f1000024","Tiempo de lectura":"3 minutos"},"schema":{"@context":"https:\/\/schema.org","@graph":[{"@type":"Article","@id":"https:\/\/cvinoticias.com\/v3\/llega-al-pais-una-de-las-100-supercomputadoras-mas-potentes-del-mundo\/#article","isPartOf":{"@id":"https:\/\/cvinoticias.com\/v3\/llega-al-pais-una-de-las-100-supercomputadoras-mas-potentes-del-mundo\/"},"author":{"name":"f1000024","@id":"https:\/\/cvinoticias.com\/v3\/#\/schema\/person\/2db77e3c6bc03c538495d7b2b8be9b66"},"headline":"Llega al pa\u00eds una de las 100 supercomputadoras m\u00e1s potentes del mundo","datePublished":"2023-04-17T11:04:52+00:00","mainEntityOfPage":{"@id":"https:\/\/cvinoticias.com\/v3\/llega-al-pais-una-de-las-100-supercomputadoras-mas-potentes-del-mundo\/"},"wordCount":600,"commentCount":0,"publisher":{"@id":"https:\/\/cvinoticias.com\/v3\/#organization"},"image":{"@id":"https:\/\/cvinoticias.com\/v3\/llega-al-pais-una-de-las-100-supercomputadoras-mas-potentes-del-mundo\/#primaryimage"},"thumbnailUrl":"https:\/\/cvinoticias.com\/wp-content\/uploads\/2023\/04\/0000134788.png","articleSection":["Tecnolog\u00eda"],"inLanguage":"es","potentialAction":[{"@type":"CommentAction","name":"Comment","target":["https:\/\/cvinoticias.com\/v3\/llega-al-pais-una-de-las-100-supercomputadoras-mas-potentes-del-mundo\/#respond"]}]},{"@type":"WebPage","@id":"https:\/\/cvinoticias.com\/v3\/llega-al-pais-una-de-las-100-supercomputadoras-mas-potentes-del-mundo\/","url":"https:\/\/cvinoticias.com\/v3\/llega-al-pais-una-de-las-100-supercomputadoras-mas-potentes-del-mundo\/","name":"Llega al pa\u00eds una de las 100 supercomputadoras m\u00e1s potentes del mundo | CVI NOTICIAS","isPartOf":{"@id":"https:\/\/cvinoticias.com\/v3\/#website"},"primaryImageOfPage":{"@id":"https:\/\/cvinoticias.com\/v3\/llega-al-pais-una-de-las-100-supercomputadoras-mas-potentes-del-mundo\/#primaryimage"},"image":{"@id":"https:\/\/cvinoticias.com\/v3\/llega-al-pais-una-de-las-100-supercomputadoras-mas-potentes-del-mundo\/#primaryimage"},"thumbnailUrl":"https:\/\/cvinoticias.com\/wp-content\/uploads\/2023\/04\/0000134788.png","datePublished":"2023-04-17T11:04:52+00:00","breadcrumb":{"@id":"https:\/\/cvinoticias.com\/v3\/llega-al-pais-una-de-las-100-supercomputadoras-mas-potentes-del-mundo\/#breadcrumb"},"inLanguage":"es","potentialAction":[{"@type":"ReadAction","target":["https:\/\/cvinoticias.com\/v3\/llega-al-pais-una-de-las-100-supercomputadoras-mas-potentes-del-mundo\/"]}]},{"@type":"ImageObject","inLanguage":"es","@id":"https:\/\/cvinoticias.com\/v3\/llega-al-pais-una-de-las-100-supercomputadoras-mas-potentes-del-mundo\/#primaryimage","url":"https:\/\/cvinoticias.com\/wp-content\/uploads\/2023\/04\/0000134788.png","contentUrl":"https:\/\/cvinoticias.com\/wp-content\/uploads\/2023\/04\/0000134788.png","width":980,"height":640},{"@type":"BreadcrumbList","@id":"https:\/\/cvinoticias.com\/v3\/llega-al-pais-una-de-las-100-supercomputadoras-mas-potentes-del-mundo\/#breadcrumb","itemListElement":[{"@type":"ListItem","position":1,"name":"Portada","item":"https:\/\/cvinoticias.com\/v3\/"},{"@type":"ListItem","position":2,"name":"Llega al pa\u00eds una de las 100 supercomputadoras m\u00e1s potentes del mundo"}]},{"@type":"WebSite","@id":"https:\/\/cvinoticias.com\/v3\/#website","url":"https:\/\/cvinoticias.com\/v3\/","name":"CVI NOTICIAS","description":"","publisher":{"@id":"https:\/\/cvinoticias.com\/v3\/#organization"},"alternateName":"CVI","potentialAction":[{"@type":"SearchAction","target":{"@type":"EntryPoint","urlTemplate":"https:\/\/cvinoticias.com\/v3\/?s={search_term_string}"},"query-input":{"@type":"PropertyValueSpecification","valueRequired":true,"valueName":"search_term_string"}}],"inLanguage":"es"},{"@type":"Organization","@id":"https:\/\/cvinoticias.com\/v3\/#organization","name":"CVI NOTICIAS","url":"https:\/\/cvinoticias.com\/v3\/","logo":{"@type":"ImageObject","inLanguage":"es","@id":"https:\/\/cvinoticias.com\/v3\/#\/schema\/logo\/image\/","url":"https:\/\/cvinoticias.com\/wp-content\/uploads\/2023\/04\/cropped-cropped-cropped-cropped-cropped-3-1.png","contentUrl":"https:\/\/cvinoticias.com\/wp-content\/uploads\/2023\/04\/cropped-cropped-cropped-cropped-cropped-3-1.png","width":95,"height":122,"caption":"CVI NOTICIAS"},"image":{"@id":"https:\/\/cvinoticias.com\/v3\/#\/schema\/logo\/image\/"},"sameAs":["https:\/\/www.facebook.com\/cvinoticias","https:\/\/www.instagram.com\/cvinoticias\/","https:\/\/www.youtube.com\/@CVINOTICIAS"]},{"@type":"Person","@id":"https:\/\/cvinoticias.com\/v3\/#\/schema\/person\/2db77e3c6bc03c538495d7b2b8be9b66","name":"f1000024","image":{"@type":"ImageObject","inLanguage":"es","@id":"https:\/\/secure.gravatar.com\/avatar\/d4fe7459cfc51ff5129ce1a732bbef5928568b8092d412ef95611616376bbeed?s=96&d=mm&r=g","url":"https:\/\/secure.gravatar.com\/avatar\/d4fe7459cfc51ff5129ce1a732bbef5928568b8092d412ef95611616376bbeed?s=96&d=mm&r=g","contentUrl":"https:\/\/secure.gravatar.com\/avatar\/d4fe7459cfc51ff5129ce1a732bbef5928568b8092d412ef95611616376bbeed?s=96&d=mm&r=g","caption":"f1000024"},"url":"https:\/\/cvinoticias.com\/v3\/author\/f1000024\/"}]}},"_links":{"self":[{"href":"https:\/\/cvinoticias.com\/v3\/wp-json\/wp\/v2\/posts\/24106","targetHints":{"allow":["GET"]}}],"collection":[{"href":"https:\/\/cvinoticias.com\/v3\/wp-json\/wp\/v2\/posts"}],"about":[{"href":"https:\/\/cvinoticias.com\/v3\/wp-json\/wp\/v2\/types\/post"}],"author":[{"embeddable":true,"href":"https:\/\/cvinoticias.com\/v3\/wp-json\/wp\/v2\/users\/2"}],"replies":[{"embeddable":true,"href":"https:\/\/cvinoticias.com\/v3\/wp-json\/wp\/v2\/comments?post=24106"}],"version-history":[{"count":1,"href":"https:\/\/cvinoticias.com\/v3\/wp-json\/wp\/v2\/posts\/24106\/revisions"}],"predecessor-version":[{"id":24109,"href":"https:\/\/cvinoticias.com\/v3\/wp-json\/wp\/v2\/posts\/24106\/revisions\/24109"}],"wp:featuredmedia":[{"embeddable":true,"href":"https:\/\/cvinoticias.com\/v3\/wp-json\/wp\/v2\/media\/24108"}],"wp:attachment":[{"href":"https:\/\/cvinoticias.com\/v3\/wp-json\/wp\/v2\/media?parent=24106"}],"wp:term":[{"taxonomy":"category","embeddable":true,"href":"https:\/\/cvinoticias.com\/v3\/wp-json\/wp\/v2\/categories?post=24106"},{"taxonomy":"post_tag","embeddable":true,"href":"https:\/\/cvinoticias.com\/v3\/wp-json\/wp\/v2\/tags?post=24106"}],"curies":[{"name":"wp","href":"https:\/\/api.w.org\/{rel}","templated":true}]}}