{"id":24103,"date":"2023-04-17T10:54:49","date_gmt":"2023-04-17T10:54:49","guid":{"rendered":"https:\/\/cvinoticias.com\/v3\/?p=24103"},"modified":"2023-04-17T10:54:49","modified_gmt":"2023-04-17T10:54:49","slug":"figueroa-elegido-nuevo-gobernador-de-neuquen-pone-fin-a-hegemonia-de-seis-decadas-del-mpn","status":"publish","type":"post","link":"https:\/\/cvinoticias.com\/v3\/figueroa-elegido-nuevo-gobernador-de-neuquen-pone-fin-a-hegemonia-de-seis-decadas-del-mpn\/","title":{"rendered":"Figueroa, elegido nuevo gobernador de Neuqu\u00e9n, pone fin a hegemon\u00eda de seis d\u00e9cadas del MPN"},"content":{"rendered":"\n<p><strong><em>El exvicegobernador y actual diputado nacional Rolando Figueroa fue elegido nuevo gobernador de Neuqu\u00e9n al vencer, encabezando una alianza pluripartidaria, al actual vicegobernador Marcos Koopmann, y termin\u00f3 as\u00ed con m\u00e1s de seis d\u00e9cadas de hegemon\u00eda pol\u00edtica del partido fundado por la familia Sapag.<\/em><\/strong><\/p>\n\n\n\n<p>Figueroa se hizo de la gobernaci\u00f3n al obtener 35,63% de los votos contra el 33,15% de Koopmann, mientras en la ciudad capital el MPN retuvo la intendencia, en manos de Mariano Gaido, quien consigui\u00f3 una holgada victoria.<\/p>\n\n\n\n<p>De esta manera, Figueroa, quien rompi\u00f3 con el MPN cuando le pusieron escollos para competir por la gobernaci\u00f3n y arm\u00f3 su propia coalici\u00f3n, rompi\u00f3 la hegemon\u00eda del m\u00edtico partido en la provincia patag\u00f3nica, que ha gobernado en forma ininterrumpida durante todos los mandatos democr\u00e1ticos desde 1962, un caso \u00fanico en la pol\u00edtica argentina.<\/p>\n\n\n\n<p>\u00ab40 a\u00f1os de democracia, los neuquinos los festejamos con m\u00e1s democracia y tambi\u00e9n con un mensaje muy fuerte hacia la pol\u00edtica, desde Neuqu\u00e9n y R\u00edo Negro, que las grietas hacen mucho da\u00f1o\u00bb, expres\u00f3 el gobernador electo en una conferencia de prensa realizada anoche.<\/p>\n\n\n\n<p>Asimismo, se\u00f1al\u00f3 que \u00ablo primero que festejo es este acto de democracia que hemos tenido en la provincia. Hoy en d\u00eda el pueblo se ha manifestado y nosotros tenemos una alt\u00edsima responsabilidad de conducir a la provincia m\u00e1s linda y m\u00e1s importante, a nuestro criterio, del pa\u00eds; conducirla de la mejor manera para que a los neuquinos nos vaya bien\u00bb.<\/p>\n\n\n\n<p>Al ser consultado por la hist\u00f3rica derrota del MPN, Figueroa expres\u00f3 que \u00ablo que nosotros vemos es que ac\u00e1 ganamos todos los neuquinos porque hemos elegido libremente, sin miedo, hemos dado yo creo que una manifestaci\u00f3n para poder llevar hacia adelante las posibilidades que tiene esta provincia para poder crecer quiz\u00e1s de otra manera\u00bb.<\/p>\n\n\n\n<p>\u00abYo creo que la gente eligi\u00f3, creo que se han hecho varias cosas bien, pero la gente quiere m\u00e1s porque Neuqu\u00e9n se merece m\u00e1s; por eso es que se manifest\u00f3 para darnos una oportunidad para poder crecer de otra manera, porque nos merecemos crecer de otra manera\u00bb, sostuvo.<\/p>\n\n\n\n<p>Figueroa se refiri\u00f3 tambi\u00e9n a la transici\u00f3n del gobierno y manifest\u00f3 que \u00abla transici\u00f3n est\u00e1 estipulada espec\u00edficamente en una ley. Sin embargo, yo s\u00e9 que el gobernador (Omar Guti\u00e9rrez) es un hombre de Estado que no va a tener ning\u00fan tipo de inconveniente en poder reunirnos y poder proyectar todo esto que viene\u00bb.<\/p>\n","protected":false},"excerpt":{"rendered":"<p>El exvicegobernador y actual diputado nacional Rolando Figueroa fue elegido nuevo gobernador de Neuqu\u00e9n al vencer, encabezando una alianza pluripartidaria, al actual vicegobernador Marcos Koopmann, y termin\u00f3 as\u00ed con m\u00e1s de seis d\u00e9cadas de hegemon\u00eda pol\u00edtica del partido fundado por la familia Sapag. Figueroa se hizo de la gobernaci\u00f3n al obtener 35,63% de los votos [&hellip;]<\/p>\n","protected":false},"author":2,"featured_media":24104,"comment_status":"open","ping_status":"open","sticky":false,"template":"","format":"standard","meta":{"footnotes":""},"categories":[42],"tags":[],"class_list":["post-24103","post","type-post","status-publish","format-standard","has-post-thumbnail","hentry","category-politica"],"yoast_head":"<!-- This site is optimized with the Yoast SEO plugin v27.4 - https:\/\/yoast.com\/product\/yoast-seo-wordpress\/ -->\n<title>Figueroa, elegido nuevo gobernador de Neuqu\u00e9n, pone fin a hegemon\u00eda de seis d\u00e9cadas del MPN | CVI NOTICIAS<\/title>\n<meta name=\"robots\" content=\"index, follow, max-snippet:-1, max-image-preview:large, max-video-preview:-1\" \/>\n<link rel=\"canonical\" href=\"https:\/\/cvinoticias.com\/v3\/figueroa-elegido-nuevo-gobernador-de-neuquen-pone-fin-a-hegemonia-de-seis-decadas-del-mpn\/\" \/>\n<meta property=\"og:locale\" content=\"es_ES\" \/>\n<meta property=\"og:type\" content=\"article\" \/>\n<meta property=\"og:title\" content=\"Figueroa, elegido nuevo gobernador de Neuqu\u00e9n, pone fin a hegemon\u00eda de seis d\u00e9cadas del MPN | CVI NOTICIAS\" \/>\n<meta property=\"og:description\" content=\"El exvicegobernador y actual diputado nacional Rolando Figueroa fue elegido nuevo gobernador de Neuqu\u00e9n al vencer, encabezando una alianza pluripartidaria, al actual vicegobernador Marcos Koopmann, y termin\u00f3 as\u00ed con m\u00e1s de seis d\u00e9cadas de hegemon\u00eda pol\u00edtica del partido fundado por la familia Sapag. Figueroa se hizo de la gobernaci\u00f3n al obtener 35,63% de los votos [&hellip;]\" \/>\n<meta property=\"og:url\" content=\"https:\/\/cvinoticias.com\/v3\/figueroa-elegido-nuevo-gobernador-de-neuquen-pone-fin-a-hegemonia-de-seis-decadas-del-mpn\/\" \/>\n<meta property=\"og:site_name\" content=\"CVI NOTICIAS\" \/>\n<meta property=\"article:publisher\" content=\"https:\/\/www.facebook.com\/cvinoticias\" \/>\n<meta property=\"article:published_time\" content=\"2023-04-17T10:54:49+00:00\" \/>\n<meta property=\"og:image\" content=\"https:\/\/cvinoticias.com\/wp-content\/uploads\/2023\/04\/multimedia.normal.a7b834cfa4b6b034.726f6c6f206669677565726f615f6e6f726d616c2e6a7067.jpg\" \/>\n\t<meta property=\"og:image:width\" content=\"1332\" \/>\n\t<meta property=\"og:image:height\" content=\"813\" \/>\n\t<meta property=\"og:image:type\" content=\"image\/jpeg\" \/>\n<meta name=\"author\" content=\"f1000024\" \/>\n<meta name=\"twitter:card\" content=\"summary_large_image\" \/>\n<meta name=\"twitter:label1\" content=\"Escrito por\" \/>\n\t<meta name=\"twitter:data1\" content=\"f1000024\" \/>\n\t<meta name=\"twitter:label2\" content=\"Tiempo de lectura\" \/>\n\t<meta name=\"twitter:data2\" content=\"2 minutos\" \/>\n<script type=\"application\/ld+json\" class=\"yoast-schema-graph\">{\"@context\":\"https:\\\/\\\/schema.org\",\"@graph\":[{\"@type\":\"Article\",\"@id\":\"https:\\\/\\\/cvinoticias.com\\\/v3\\\/figueroa-elegido-nuevo-gobernador-de-neuquen-pone-fin-a-hegemonia-de-seis-decadas-del-mpn\\\/#article\",\"isPartOf\":{\"@id\":\"https:\\\/\\\/cvinoticias.com\\\/v3\\\/figueroa-elegido-nuevo-gobernador-de-neuquen-pone-fin-a-hegemonia-de-seis-decadas-del-mpn\\\/\"},\"author\":{\"name\":\"f1000024\",\"@id\":\"https:\\\/\\\/cvinoticias.com\\\/v3\\\/#\\\/schema\\\/person\\\/2db77e3c6bc03c538495d7b2b8be9b66\"},\"headline\":\"Figueroa, elegido nuevo gobernador de Neuqu\u00e9n, pone fin a hegemon\u00eda de seis d\u00e9cadas del MPN\",\"datePublished\":\"2023-04-17T10:54:49+00:00\",\"mainEntityOfPage\":{\"@id\":\"https:\\\/\\\/cvinoticias.com\\\/v3\\\/figueroa-elegido-nuevo-gobernador-de-neuquen-pone-fin-a-hegemonia-de-seis-decadas-del-mpn\\\/\"},\"wordCount\":443,\"commentCount\":0,\"publisher\":{\"@id\":\"https:\\\/\\\/cvinoticias.com\\\/v3\\\/#organization\"},\"image\":{\"@id\":\"https:\\\/\\\/cvinoticias.com\\\/v3\\\/figueroa-elegido-nuevo-gobernador-de-neuquen-pone-fin-a-hegemonia-de-seis-decadas-del-mpn\\\/#primaryimage\"},\"thumbnailUrl\":\"https:\\\/\\\/cvinoticias.com\\\/wp-content\\\/uploads\\\/2023\\\/04\\\/multimedia.normal.a7b834cfa4b6b034.726f6c6f206669677565726f615f6e6f726d616c2e6a7067.jpg\",\"articleSection\":[\"Politica\"],\"inLanguage\":\"es\",\"potentialAction\":[{\"@type\":\"CommentAction\",\"name\":\"Comment\",\"target\":[\"https:\\\/\\\/cvinoticias.com\\\/v3\\\/figueroa-elegido-nuevo-gobernador-de-neuquen-pone-fin-a-hegemonia-de-seis-decadas-del-mpn\\\/#respond\"]}]},{\"@type\":\"WebPage\",\"@id\":\"https:\\\/\\\/cvinoticias.com\\\/v3\\\/figueroa-elegido-nuevo-gobernador-de-neuquen-pone-fin-a-hegemonia-de-seis-decadas-del-mpn\\\/\",\"url\":\"https:\\\/\\\/cvinoticias.com\\\/v3\\\/figueroa-elegido-nuevo-gobernador-de-neuquen-pone-fin-a-hegemonia-de-seis-decadas-del-mpn\\\/\",\"name\":\"Figueroa, elegido nuevo gobernador de Neuqu\u00e9n, pone fin a hegemon\u00eda de seis d\u00e9cadas del MPN | CVI NOTICIAS\",\"isPartOf\":{\"@id\":\"https:\\\/\\\/cvinoticias.com\\\/v3\\\/#website\"},\"primaryImageOfPage\":{\"@id\":\"https:\\\/\\\/cvinoticias.com\\\/v3\\\/figueroa-elegido-nuevo-gobernador-de-neuquen-pone-fin-a-hegemonia-de-seis-decadas-del-mpn\\\/#primaryimage\"},\"image\":{\"@id\":\"https:\\\/\\\/cvinoticias.com\\\/v3\\\/figueroa-elegido-nuevo-gobernador-de-neuquen-pone-fin-a-hegemonia-de-seis-decadas-del-mpn\\\/#primaryimage\"},\"thumbnailUrl\":\"https:\\\/\\\/cvinoticias.com\\\/wp-content\\\/uploads\\\/2023\\\/04\\\/multimedia.normal.a7b834cfa4b6b034.726f6c6f206669677565726f615f6e6f726d616c2e6a7067.jpg\",\"datePublished\":\"2023-04-17T10:54:49+00:00\",\"breadcrumb\":{\"@id\":\"https:\\\/\\\/cvinoticias.com\\\/v3\\\/figueroa-elegido-nuevo-gobernador-de-neuquen-pone-fin-a-hegemonia-de-seis-decadas-del-mpn\\\/#breadcrumb\"},\"inLanguage\":\"es\",\"potentialAction\":[{\"@type\":\"ReadAction\",\"target\":[\"https:\\\/\\\/cvinoticias.com\\\/v3\\\/figueroa-elegido-nuevo-gobernador-de-neuquen-pone-fin-a-hegemonia-de-seis-decadas-del-mpn\\\/\"]}]},{\"@type\":\"ImageObject\",\"inLanguage\":\"es\",\"@id\":\"https:\\\/\\\/cvinoticias.com\\\/v3\\\/figueroa-elegido-nuevo-gobernador-de-neuquen-pone-fin-a-hegemonia-de-seis-decadas-del-mpn\\\/#primaryimage\",\"url\":\"https:\\\/\\\/cvinoticias.com\\\/wp-content\\\/uploads\\\/2023\\\/04\\\/multimedia.normal.a7b834cfa4b6b034.726f6c6f206669677565726f615f6e6f726d616c2e6a7067.jpg\",\"contentUrl\":\"https:\\\/\\\/cvinoticias.com\\\/wp-content\\\/uploads\\\/2023\\\/04\\\/multimedia.normal.a7b834cfa4b6b034.726f6c6f206669677565726f615f6e6f726d616c2e6a7067.jpg\",\"width\":1332,\"height\":813},{\"@type\":\"BreadcrumbList\",\"@id\":\"https:\\\/\\\/cvinoticias.com\\\/v3\\\/figueroa-elegido-nuevo-gobernador-de-neuquen-pone-fin-a-hegemonia-de-seis-decadas-del-mpn\\\/#breadcrumb\",\"itemListElement\":[{\"@type\":\"ListItem\",\"position\":1,\"name\":\"Portada\",\"item\":\"https:\\\/\\\/cvinoticias.com\\\/v3\\\/\"},{\"@type\":\"ListItem\",\"position\":2,\"name\":\"Figueroa, elegido nuevo gobernador de Neuqu\u00e9n, pone fin a hegemon\u00eda de seis d\u00e9cadas del MPN\"}]},{\"@type\":\"WebSite\",\"@id\":\"https:\\\/\\\/cvinoticias.com\\\/v3\\\/#website\",\"url\":\"https:\\\/\\\/cvinoticias.com\\\/v3\\\/\",\"name\":\"CVI NOTICIAS\",\"description\":\"\",\"publisher\":{\"@id\":\"https:\\\/\\\/cvinoticias.com\\\/v3\\\/#organization\"},\"alternateName\":\"CVI\",\"potentialAction\":[{\"@type\":\"SearchAction\",\"target\":{\"@type\":\"EntryPoint\",\"urlTemplate\":\"https:\\\/\\\/cvinoticias.com\\\/v3\\\/?s={search_term_string}\"},\"query-input\":{\"@type\":\"PropertyValueSpecification\",\"valueRequired\":true,\"valueName\":\"search_term_string\"}}],\"inLanguage\":\"es\"},{\"@type\":\"Organization\",\"@id\":\"https:\\\/\\\/cvinoticias.com\\\/v3\\\/#organization\",\"name\":\"CVI NOTICIAS\",\"url\":\"https:\\\/\\\/cvinoticias.com\\\/v3\\\/\",\"logo\":{\"@type\":\"ImageObject\",\"inLanguage\":\"es\",\"@id\":\"https:\\\/\\\/cvinoticias.com\\\/v3\\\/#\\\/schema\\\/logo\\\/image\\\/\",\"url\":\"https:\\\/\\\/cvinoticias.com\\\/wp-content\\\/uploads\\\/2023\\\/04\\\/cropped-cropped-cropped-cropped-cropped-3-1.png\",\"contentUrl\":\"https:\\\/\\\/cvinoticias.com\\\/wp-content\\\/uploads\\\/2023\\\/04\\\/cropped-cropped-cropped-cropped-cropped-3-1.png\",\"width\":95,\"height\":122,\"caption\":\"CVI NOTICIAS\"},\"image\":{\"@id\":\"https:\\\/\\\/cvinoticias.com\\\/v3\\\/#\\\/schema\\\/logo\\\/image\\\/\"},\"sameAs\":[\"https:\\\/\\\/www.facebook.com\\\/cvinoticias\",\"https:\\\/\\\/www.instagram.com\\\/cvinoticias\\\/\",\"https:\\\/\\\/www.youtube.com\\\/@CVINOTICIAS\"]},{\"@type\":\"Person\",\"@id\":\"https:\\\/\\\/cvinoticias.com\\\/v3\\\/#\\\/schema\\\/person\\\/2db77e3c6bc03c538495d7b2b8be9b66\",\"name\":\"f1000024\",\"image\":{\"@type\":\"ImageObject\",\"inLanguage\":\"es\",\"@id\":\"https:\\\/\\\/secure.gravatar.com\\\/avatar\\\/d4fe7459cfc51ff5129ce1a732bbef5928568b8092d412ef95611616376bbeed?s=96&d=mm&r=g\",\"url\":\"https:\\\/\\\/secure.gravatar.com\\\/avatar\\\/d4fe7459cfc51ff5129ce1a732bbef5928568b8092d412ef95611616376bbeed?s=96&d=mm&r=g\",\"contentUrl\":\"https:\\\/\\\/secure.gravatar.com\\\/avatar\\\/d4fe7459cfc51ff5129ce1a732bbef5928568b8092d412ef95611616376bbeed?s=96&d=mm&r=g\",\"caption\":\"f1000024\"},\"url\":\"https:\\\/\\\/cvinoticias.com\\\/v3\\\/author\\\/f1000024\\\/\"}]}<\/script>\n<!-- \/ Yoast SEO plugin. -->","yoast_head_json":{"title":"Figueroa, elegido nuevo gobernador de Neuqu\u00e9n, pone fin a hegemon\u00eda de seis d\u00e9cadas del MPN | CVI NOTICIAS","robots":{"index":"index","follow":"follow","max-snippet":"max-snippet:-1","max-image-preview":"max-image-preview:large","max-video-preview":"max-video-preview:-1"},"canonical":"https:\/\/cvinoticias.com\/v3\/figueroa-elegido-nuevo-gobernador-de-neuquen-pone-fin-a-hegemonia-de-seis-decadas-del-mpn\/","og_locale":"es_ES","og_type":"article","og_title":"Figueroa, elegido nuevo gobernador de Neuqu\u00e9n, pone fin a hegemon\u00eda de seis d\u00e9cadas del MPN | CVI NOTICIAS","og_description":"El exvicegobernador y actual diputado nacional Rolando Figueroa fue elegido nuevo gobernador de Neuqu\u00e9n al vencer, encabezando una alianza pluripartidaria, al actual vicegobernador Marcos Koopmann, y termin\u00f3 as\u00ed con m\u00e1s de seis d\u00e9cadas de hegemon\u00eda pol\u00edtica del partido fundado por la familia Sapag. Figueroa se hizo de la gobernaci\u00f3n al obtener 35,63% de los votos [&hellip;]","og_url":"https:\/\/cvinoticias.com\/v3\/figueroa-elegido-nuevo-gobernador-de-neuquen-pone-fin-a-hegemonia-de-seis-decadas-del-mpn\/","og_site_name":"CVI NOTICIAS","article_publisher":"https:\/\/www.facebook.com\/cvinoticias","article_published_time":"2023-04-17T10:54:49+00:00","og_image":[{"width":1332,"height":813,"url":"https:\/\/cvinoticias.com\/wp-content\/uploads\/2023\/04\/multimedia.normal.a7b834cfa4b6b034.726f6c6f206669677565726f615f6e6f726d616c2e6a7067.jpg","type":"image\/jpeg"}],"author":"f1000024","twitter_card":"summary_large_image","twitter_misc":{"Escrito por":"f1000024","Tiempo de lectura":"2 minutos"},"schema":{"@context":"https:\/\/schema.org","@graph":[{"@type":"Article","@id":"https:\/\/cvinoticias.com\/v3\/figueroa-elegido-nuevo-gobernador-de-neuquen-pone-fin-a-hegemonia-de-seis-decadas-del-mpn\/#article","isPartOf":{"@id":"https:\/\/cvinoticias.com\/v3\/figueroa-elegido-nuevo-gobernador-de-neuquen-pone-fin-a-hegemonia-de-seis-decadas-del-mpn\/"},"author":{"name":"f1000024","@id":"https:\/\/cvinoticias.com\/v3\/#\/schema\/person\/2db77e3c6bc03c538495d7b2b8be9b66"},"headline":"Figueroa, elegido nuevo gobernador de Neuqu\u00e9n, pone fin a hegemon\u00eda de seis d\u00e9cadas del MPN","datePublished":"2023-04-17T10:54:49+00:00","mainEntityOfPage":{"@id":"https:\/\/cvinoticias.com\/v3\/figueroa-elegido-nuevo-gobernador-de-neuquen-pone-fin-a-hegemonia-de-seis-decadas-del-mpn\/"},"wordCount":443,"commentCount":0,"publisher":{"@id":"https:\/\/cvinoticias.com\/v3\/#organization"},"image":{"@id":"https:\/\/cvinoticias.com\/v3\/figueroa-elegido-nuevo-gobernador-de-neuquen-pone-fin-a-hegemonia-de-seis-decadas-del-mpn\/#primaryimage"},"thumbnailUrl":"https:\/\/cvinoticias.com\/wp-content\/uploads\/2023\/04\/multimedia.normal.a7b834cfa4b6b034.726f6c6f206669677565726f615f6e6f726d616c2e6a7067.jpg","articleSection":["Politica"],"inLanguage":"es","potentialAction":[{"@type":"CommentAction","name":"Comment","target":["https:\/\/cvinoticias.com\/v3\/figueroa-elegido-nuevo-gobernador-de-neuquen-pone-fin-a-hegemonia-de-seis-decadas-del-mpn\/#respond"]}]},{"@type":"WebPage","@id":"https:\/\/cvinoticias.com\/v3\/figueroa-elegido-nuevo-gobernador-de-neuquen-pone-fin-a-hegemonia-de-seis-decadas-del-mpn\/","url":"https:\/\/cvinoticias.com\/v3\/figueroa-elegido-nuevo-gobernador-de-neuquen-pone-fin-a-hegemonia-de-seis-decadas-del-mpn\/","name":"Figueroa, elegido nuevo gobernador de Neuqu\u00e9n, pone fin a hegemon\u00eda de seis d\u00e9cadas del MPN | CVI NOTICIAS","isPartOf":{"@id":"https:\/\/cvinoticias.com\/v3\/#website"},"primaryImageOfPage":{"@id":"https:\/\/cvinoticias.com\/v3\/figueroa-elegido-nuevo-gobernador-de-neuquen-pone-fin-a-hegemonia-de-seis-decadas-del-mpn\/#primaryimage"},"image":{"@id":"https:\/\/cvinoticias.com\/v3\/figueroa-elegido-nuevo-gobernador-de-neuquen-pone-fin-a-hegemonia-de-seis-decadas-del-mpn\/#primaryimage"},"thumbnailUrl":"https:\/\/cvinoticias.com\/wp-content\/uploads\/2023\/04\/multimedia.normal.a7b834cfa4b6b034.726f6c6f206669677565726f615f6e6f726d616c2e6a7067.jpg","datePublished":"2023-04-17T10:54:49+00:00","breadcrumb":{"@id":"https:\/\/cvinoticias.com\/v3\/figueroa-elegido-nuevo-gobernador-de-neuquen-pone-fin-a-hegemonia-de-seis-decadas-del-mpn\/#breadcrumb"},"inLanguage":"es","potentialAction":[{"@type":"ReadAction","target":["https:\/\/cvinoticias.com\/v3\/figueroa-elegido-nuevo-gobernador-de-neuquen-pone-fin-a-hegemonia-de-seis-decadas-del-mpn\/"]}]},{"@type":"ImageObject","inLanguage":"es","@id":"https:\/\/cvinoticias.com\/v3\/figueroa-elegido-nuevo-gobernador-de-neuquen-pone-fin-a-hegemonia-de-seis-decadas-del-mpn\/#primaryimage","url":"https:\/\/cvinoticias.com\/wp-content\/uploads\/2023\/04\/multimedia.normal.a7b834cfa4b6b034.726f6c6f206669677565726f615f6e6f726d616c2e6a7067.jpg","contentUrl":"https:\/\/cvinoticias.com\/wp-content\/uploads\/2023\/04\/multimedia.normal.a7b834cfa4b6b034.726f6c6f206669677565726f615f6e6f726d616c2e6a7067.jpg","width":1332,"height":813},{"@type":"BreadcrumbList","@id":"https:\/\/cvinoticias.com\/v3\/figueroa-elegido-nuevo-gobernador-de-neuquen-pone-fin-a-hegemonia-de-seis-decadas-del-mpn\/#breadcrumb","itemListElement":[{"@type":"ListItem","position":1,"name":"Portada","item":"https:\/\/cvinoticias.com\/v3\/"},{"@type":"ListItem","position":2,"name":"Figueroa, elegido nuevo gobernador de Neuqu\u00e9n, pone fin a hegemon\u00eda de seis d\u00e9cadas del MPN"}]},{"@type":"WebSite","@id":"https:\/\/cvinoticias.com\/v3\/#website","url":"https:\/\/cvinoticias.com\/v3\/","name":"CVI NOTICIAS","description":"","publisher":{"@id":"https:\/\/cvinoticias.com\/v3\/#organization"},"alternateName":"CVI","potentialAction":[{"@type":"SearchAction","target":{"@type":"EntryPoint","urlTemplate":"https:\/\/cvinoticias.com\/v3\/?s={search_term_string}"},"query-input":{"@type":"PropertyValueSpecification","valueRequired":true,"valueName":"search_term_string"}}],"inLanguage":"es"},{"@type":"Organization","@id":"https:\/\/cvinoticias.com\/v3\/#organization","name":"CVI NOTICIAS","url":"https:\/\/cvinoticias.com\/v3\/","logo":{"@type":"ImageObject","inLanguage":"es","@id":"https:\/\/cvinoticias.com\/v3\/#\/schema\/logo\/image\/","url":"https:\/\/cvinoticias.com\/wp-content\/uploads\/2023\/04\/cropped-cropped-cropped-cropped-cropped-3-1.png","contentUrl":"https:\/\/cvinoticias.com\/wp-content\/uploads\/2023\/04\/cropped-cropped-cropped-cropped-cropped-3-1.png","width":95,"height":122,"caption":"CVI NOTICIAS"},"image":{"@id":"https:\/\/cvinoticias.com\/v3\/#\/schema\/logo\/image\/"},"sameAs":["https:\/\/www.facebook.com\/cvinoticias","https:\/\/www.instagram.com\/cvinoticias\/","https:\/\/www.youtube.com\/@CVINOTICIAS"]},{"@type":"Person","@id":"https:\/\/cvinoticias.com\/v3\/#\/schema\/person\/2db77e3c6bc03c538495d7b2b8be9b66","name":"f1000024","image":{"@type":"ImageObject","inLanguage":"es","@id":"https:\/\/secure.gravatar.com\/avatar\/d4fe7459cfc51ff5129ce1a732bbef5928568b8092d412ef95611616376bbeed?s=96&d=mm&r=g","url":"https:\/\/secure.gravatar.com\/avatar\/d4fe7459cfc51ff5129ce1a732bbef5928568b8092d412ef95611616376bbeed?s=96&d=mm&r=g","contentUrl":"https:\/\/secure.gravatar.com\/avatar\/d4fe7459cfc51ff5129ce1a732bbef5928568b8092d412ef95611616376bbeed?s=96&d=mm&r=g","caption":"f1000024"},"url":"https:\/\/cvinoticias.com\/v3\/author\/f1000024\/"}]}},"_links":{"self":[{"href":"https:\/\/cvinoticias.com\/v3\/wp-json\/wp\/v2\/posts\/24103","targetHints":{"allow":["GET"]}}],"collection":[{"href":"https:\/\/cvinoticias.com\/v3\/wp-json\/wp\/v2\/posts"}],"about":[{"href":"https:\/\/cvinoticias.com\/v3\/wp-json\/wp\/v2\/types\/post"}],"author":[{"embeddable":true,"href":"https:\/\/cvinoticias.com\/v3\/wp-json\/wp\/v2\/users\/2"}],"replies":[{"embeddable":true,"href":"https:\/\/cvinoticias.com\/v3\/wp-json\/wp\/v2\/comments?post=24103"}],"version-history":[{"count":1,"href":"https:\/\/cvinoticias.com\/v3\/wp-json\/wp\/v2\/posts\/24103\/revisions"}],"predecessor-version":[{"id":24105,"href":"https:\/\/cvinoticias.com\/v3\/wp-json\/wp\/v2\/posts\/24103\/revisions\/24105"}],"wp:featuredmedia":[{"embeddable":true,"href":"https:\/\/cvinoticias.com\/v3\/wp-json\/wp\/v2\/media\/24104"}],"wp:attachment":[{"href":"https:\/\/cvinoticias.com\/v3\/wp-json\/wp\/v2\/media?parent=24103"}],"wp:term":[{"taxonomy":"category","embeddable":true,"href":"https:\/\/cvinoticias.com\/v3\/wp-json\/wp\/v2\/categories?post=24103"},{"taxonomy":"post_tag","embeddable":true,"href":"https:\/\/cvinoticias.com\/v3\/wp-json\/wp\/v2\/tags?post=24103"}],"curies":[{"name":"wp","href":"https:\/\/api.w.org\/{rel}","templated":true}]}}