{"id":24100,"date":"2023-04-17T02:16:05","date_gmt":"2023-04-17T02:16:05","guid":{"rendered":"https:\/\/cvinoticias.com\/v3\/?p=24100"},"modified":"2023-04-17T02:16:05","modified_gmt":"2023-04-17T02:16:05","slug":"el-gobierno-confirmo-que-la-cepa-de-dengue-que-circula-en-argentina-es-la-peor-de-todas","status":"publish","type":"post","link":"https:\/\/cvinoticias.com\/v3\/el-gobierno-confirmo-que-la-cepa-de-dengue-que-circula-en-argentina-es-la-peor-de-todas\/","title":{"rendered":"El gobierno confirm\u00f3 que la cepa de dengue que circula en Argentina es \u201cla peor de todas\u201d"},"content":{"rendered":"\n<p><strong><em>El Ministerio de Salud confirm\u00f3 que la epidemia de dengue est\u00e1 siendo m\u00e1s agresiva y la nueva cepa que circula por el pa\u00eds posee una mayor tasa de mortalidad que las anteriores.<\/em><\/strong><\/p>\n\n\n\n<p>La epidemia de dengue en Argentina est\u00e1 siendo m\u00e1s agresiva que en a\u00f1os anteriores, de acuerdo con el \u00faltimo Bolet\u00edn Epidemiol\u00f3gico del Ministerio de Salud de la Naci\u00f3n. Hasta el momento, se registraron m\u00e1s de 41 mil casos en todo el pa\u00eds y se confirm\u00f3 que la nueva cepa posee una tasa de mortalidad m\u00e1s elevada y crece m\u00e1s r\u00e1pido que las anteriores.<\/p>\n\n\n\n<p>El gobierno inform\u00f3 que la cepa que est\u00e1 circulando es \u201cla peor de todas\u201d debido a la agresividad del tipo de mosquito. La infect\u00f3loga Griselda Berberian explic\u00f3 que la virulencia propia de la cepa en acci\u00f3n hoy es la principal causa de la agresividad de la epidemia.<\/p>\n\n\n\n<p>Adem\u00e1s, la circulaci\u00f3n del serotipo 2 contribuye a que haya una mayor propagaci\u00f3n del virus. Este subtipo es considerado el m\u00e1s predominante y peligroso, capaz de producir cuadros graves incluso en una primera infecci\u00f3n.<\/p>\n\n\n\n<p>Hasta el momento, la epidemia dej\u00f3 un saldo de 35 muertes en el pa\u00eds, siendo las dos \u00faltimas en la Ciudad de Buenos Aires. Del total de muertes, el 76% corresponde al serotipo DENV-2.<\/p>\n\n\n\n<p>Salta es la provincia con mayor cantidad de muertes (10), seguida de Tucum\u00e1n (9) y Santa Fe (5), mientras que el resto de las provincias afectadas suman un total de 11 muertes. La propagaci\u00f3n del virus se relaciona con la susceptibilidad de la poblaci\u00f3n que ya contrajo dengue en el pasado, siendo m\u00e1s propensos a una segunda infecci\u00f3n.<\/p>\n\n\n\n<p>El virus del dengue puede tener hasta cuatro serotipos y este a\u00f1o, seg\u00fan el Ministerio de Salud, en Argentina circulan el 1 y el 2. A diferencia de epidemias anteriores, la mala noticia es que esta es la primera vez que DENV-2 es predominante, lo que aumenta el riesgo de contagio.<\/p>\n\n\n\n<p>Es importante que la poblaci\u00f3n tome medidas preventivas, como el uso de repelente, la eliminaci\u00f3n de criaderos de mosquitos y la consulta inmediata al m\u00e9dico en caso de presentar s\u00edntomas de dengue.<\/p>\n\n\n\n<p><strong>Cu\u00e1les son los principales s\u00edntomas del dengue<\/strong><\/p>\n\n\n\n<ul class=\"wp-block-list\">\n<li>Fiebre alta<\/li>\n\n\n\n<li>Dolor de cabeza<\/li>\n\n\n\n<li>Dolor detr\u00e1s de los ojos<\/li>\n\n\n\n<li>Dolor muscular y articular<\/li>\n\n\n\n<li>N\u00e1useas<\/li>\n\n\n\n<li>V\u00f3mitos<\/li>\n\n\n\n<li>Fatiga<\/li>\n\n\n\n<li>Erupci\u00f3n cut\u00e1nea<\/li>\n<\/ul>\n\n\n\n<p>El Ministerio de Salud insta a la poblaci\u00f3n a seguir las recomendaciones de prevenci\u00f3n para evitar m\u00e1s casos y muertes por dengue. Cabe destacar que es una enfermedad prevenible y controlable si se toman las medidas necesarias, por lo que es fundamental estar informado sobre los s\u00edntomas para detectar y tratar el dengue a tiempo.<\/p>\n","protected":false},"excerpt":{"rendered":"<p>El Ministerio de Salud confirm\u00f3 que la epidemia de dengue est\u00e1 siendo m\u00e1s agresiva y la nueva cepa que circula por el pa\u00eds posee una mayor tasa de mortalidad que las anteriores. La epidemia de dengue en Argentina est\u00e1 siendo m\u00e1s agresiva que en a\u00f1os anteriores, de acuerdo con el \u00faltimo Bolet\u00edn Epidemiol\u00f3gico del Ministerio [&hellip;]<\/p>\n","protected":false},"author":2,"featured_media":24101,"comment_status":"open","ping_status":"open","sticky":false,"template":"","format":"standard","meta":{"footnotes":""},"categories":[30],"tags":[],"class_list":["post-24100","post","type-post","status-publish","format-standard","has-post-thumbnail","hentry","category-dengue"],"yoast_head":"<!-- This site is optimized with the Yoast SEO plugin v27.4 - https:\/\/yoast.com\/product\/yoast-seo-wordpress\/ -->\n<title>El gobierno confirm\u00f3 que la cepa de dengue que circula en Argentina es \u201cla peor de todas\u201d | CVI NOTICIAS<\/title>\n<meta name=\"robots\" content=\"index, follow, max-snippet:-1, max-image-preview:large, max-video-preview:-1\" \/>\n<link rel=\"canonical\" href=\"https:\/\/cvinoticias.com\/v3\/el-gobierno-confirmo-que-la-cepa-de-dengue-que-circula-en-argentina-es-la-peor-de-todas\/\" \/>\n<meta property=\"og:locale\" content=\"es_ES\" \/>\n<meta property=\"og:type\" content=\"article\" \/>\n<meta property=\"og:title\" content=\"El gobierno confirm\u00f3 que la cepa de dengue que circula en Argentina es \u201cla peor de todas\u201d | CVI NOTICIAS\" \/>\n<meta property=\"og:description\" content=\"El Ministerio de Salud confirm\u00f3 que la epidemia de dengue est\u00e1 siendo m\u00e1s agresiva y la nueva cepa que circula por el pa\u00eds posee una mayor tasa de mortalidad que las anteriores. La epidemia de dengue en Argentina est\u00e1 siendo m\u00e1s agresiva que en a\u00f1os anteriores, de acuerdo con el \u00faltimo Bolet\u00edn Epidemiol\u00f3gico del Ministerio [&hellip;]\" \/>\n<meta property=\"og:url\" content=\"https:\/\/cvinoticias.com\/v3\/el-gobierno-confirmo-que-la-cepa-de-dengue-que-circula-en-argentina-es-la-peor-de-todas\/\" \/>\n<meta property=\"og:site_name\" content=\"CVI NOTICIAS\" \/>\n<meta property=\"article:publisher\" content=\"https:\/\/www.facebook.com\/cvinoticias\" \/>\n<meta property=\"article:published_time\" content=\"2023-04-17T02:16:05+00:00\" \/>\n<meta property=\"og:image\" content=\"https:\/\/cvinoticias.com\/wp-content\/uploads\/2023\/04\/EYOQA5PTRFGHXGLDLT4OAQBHJA.jpeg\" \/>\n\t<meta property=\"og:image:width\" content=\"992\" \/>\n\t<meta property=\"og:image:height\" content=\"496\" \/>\n\t<meta property=\"og:image:type\" content=\"image\/jpeg\" \/>\n<meta name=\"author\" content=\"f1000024\" \/>\n<meta name=\"twitter:card\" content=\"summary_large_image\" \/>\n<meta name=\"twitter:label1\" content=\"Escrito por\" \/>\n\t<meta name=\"twitter:data1\" content=\"f1000024\" \/>\n\t<meta name=\"twitter:label2\" content=\"Tiempo de lectura\" \/>\n\t<meta name=\"twitter:data2\" content=\"2 minutos\" \/>\n<script type=\"application\/ld+json\" class=\"yoast-schema-graph\">{\"@context\":\"https:\\\/\\\/schema.org\",\"@graph\":[{\"@type\":\"Article\",\"@id\":\"https:\\\/\\\/cvinoticias.com\\\/v3\\\/el-gobierno-confirmo-que-la-cepa-de-dengue-que-circula-en-argentina-es-la-peor-de-todas\\\/#article\",\"isPartOf\":{\"@id\":\"https:\\\/\\\/cvinoticias.com\\\/v3\\\/el-gobierno-confirmo-que-la-cepa-de-dengue-que-circula-en-argentina-es-la-peor-de-todas\\\/\"},\"author\":{\"name\":\"f1000024\",\"@id\":\"https:\\\/\\\/cvinoticias.com\\\/v3\\\/#\\\/schema\\\/person\\\/2db77e3c6bc03c538495d7b2b8be9b66\"},\"headline\":\"El gobierno confirm\u00f3 que la cepa de dengue que circula en Argentina es \u201cla peor de todas\u201d\",\"datePublished\":\"2023-04-17T02:16:05+00:00\",\"mainEntityOfPage\":{\"@id\":\"https:\\\/\\\/cvinoticias.com\\\/v3\\\/el-gobierno-confirmo-que-la-cepa-de-dengue-que-circula-en-argentina-es-la-peor-de-todas\\\/\"},\"wordCount\":481,\"commentCount\":0,\"publisher\":{\"@id\":\"https:\\\/\\\/cvinoticias.com\\\/v3\\\/#organization\"},\"image\":{\"@id\":\"https:\\\/\\\/cvinoticias.com\\\/v3\\\/el-gobierno-confirmo-que-la-cepa-de-dengue-que-circula-en-argentina-es-la-peor-de-todas\\\/#primaryimage\"},\"thumbnailUrl\":\"https:\\\/\\\/cvinoticias.com\\\/wp-content\\\/uploads\\\/2023\\\/04\\\/EYOQA5PTRFGHXGLDLT4OAQBHJA.jpeg\",\"articleSection\":[\"Dengue\"],\"inLanguage\":\"es\",\"potentialAction\":[{\"@type\":\"CommentAction\",\"name\":\"Comment\",\"target\":[\"https:\\\/\\\/cvinoticias.com\\\/v3\\\/el-gobierno-confirmo-que-la-cepa-de-dengue-que-circula-en-argentina-es-la-peor-de-todas\\\/#respond\"]}]},{\"@type\":\"WebPage\",\"@id\":\"https:\\\/\\\/cvinoticias.com\\\/v3\\\/el-gobierno-confirmo-que-la-cepa-de-dengue-que-circula-en-argentina-es-la-peor-de-todas\\\/\",\"url\":\"https:\\\/\\\/cvinoticias.com\\\/v3\\\/el-gobierno-confirmo-que-la-cepa-de-dengue-que-circula-en-argentina-es-la-peor-de-todas\\\/\",\"name\":\"El gobierno confirm\u00f3 que la cepa de dengue que circula en Argentina es \u201cla peor de todas\u201d | CVI NOTICIAS\",\"isPartOf\":{\"@id\":\"https:\\\/\\\/cvinoticias.com\\\/v3\\\/#website\"},\"primaryImageOfPage\":{\"@id\":\"https:\\\/\\\/cvinoticias.com\\\/v3\\\/el-gobierno-confirmo-que-la-cepa-de-dengue-que-circula-en-argentina-es-la-peor-de-todas\\\/#primaryimage\"},\"image\":{\"@id\":\"https:\\\/\\\/cvinoticias.com\\\/v3\\\/el-gobierno-confirmo-que-la-cepa-de-dengue-que-circula-en-argentina-es-la-peor-de-todas\\\/#primaryimage\"},\"thumbnailUrl\":\"https:\\\/\\\/cvinoticias.com\\\/wp-content\\\/uploads\\\/2023\\\/04\\\/EYOQA5PTRFGHXGLDLT4OAQBHJA.jpeg\",\"datePublished\":\"2023-04-17T02:16:05+00:00\",\"breadcrumb\":{\"@id\":\"https:\\\/\\\/cvinoticias.com\\\/v3\\\/el-gobierno-confirmo-que-la-cepa-de-dengue-que-circula-en-argentina-es-la-peor-de-todas\\\/#breadcrumb\"},\"inLanguage\":\"es\",\"potentialAction\":[{\"@type\":\"ReadAction\",\"target\":[\"https:\\\/\\\/cvinoticias.com\\\/v3\\\/el-gobierno-confirmo-que-la-cepa-de-dengue-que-circula-en-argentina-es-la-peor-de-todas\\\/\"]}]},{\"@type\":\"ImageObject\",\"inLanguage\":\"es\",\"@id\":\"https:\\\/\\\/cvinoticias.com\\\/v3\\\/el-gobierno-confirmo-que-la-cepa-de-dengue-que-circula-en-argentina-es-la-peor-de-todas\\\/#primaryimage\",\"url\":\"https:\\\/\\\/cvinoticias.com\\\/wp-content\\\/uploads\\\/2023\\\/04\\\/EYOQA5PTRFGHXGLDLT4OAQBHJA.jpeg\",\"contentUrl\":\"https:\\\/\\\/cvinoticias.com\\\/wp-content\\\/uploads\\\/2023\\\/04\\\/EYOQA5PTRFGHXGLDLT4OAQBHJA.jpeg\",\"width\":992,\"height\":496},{\"@type\":\"BreadcrumbList\",\"@id\":\"https:\\\/\\\/cvinoticias.com\\\/v3\\\/el-gobierno-confirmo-que-la-cepa-de-dengue-que-circula-en-argentina-es-la-peor-de-todas\\\/#breadcrumb\",\"itemListElement\":[{\"@type\":\"ListItem\",\"position\":1,\"name\":\"Portada\",\"item\":\"https:\\\/\\\/cvinoticias.com\\\/v3\\\/\"},{\"@type\":\"ListItem\",\"position\":2,\"name\":\"El gobierno confirm\u00f3 que la cepa de dengue que circula en Argentina es \u201cla peor de todas\u201d\"}]},{\"@type\":\"WebSite\",\"@id\":\"https:\\\/\\\/cvinoticias.com\\\/v3\\\/#website\",\"url\":\"https:\\\/\\\/cvinoticias.com\\\/v3\\\/\",\"name\":\"CVI NOTICIAS\",\"description\":\"\",\"publisher\":{\"@id\":\"https:\\\/\\\/cvinoticias.com\\\/v3\\\/#organization\"},\"alternateName\":\"CVI\",\"potentialAction\":[{\"@type\":\"SearchAction\",\"target\":{\"@type\":\"EntryPoint\",\"urlTemplate\":\"https:\\\/\\\/cvinoticias.com\\\/v3\\\/?s={search_term_string}\"},\"query-input\":{\"@type\":\"PropertyValueSpecification\",\"valueRequired\":true,\"valueName\":\"search_term_string\"}}],\"inLanguage\":\"es\"},{\"@type\":\"Organization\",\"@id\":\"https:\\\/\\\/cvinoticias.com\\\/v3\\\/#organization\",\"name\":\"CVI NOTICIAS\",\"url\":\"https:\\\/\\\/cvinoticias.com\\\/v3\\\/\",\"logo\":{\"@type\":\"ImageObject\",\"inLanguage\":\"es\",\"@id\":\"https:\\\/\\\/cvinoticias.com\\\/v3\\\/#\\\/schema\\\/logo\\\/image\\\/\",\"url\":\"https:\\\/\\\/cvinoticias.com\\\/wp-content\\\/uploads\\\/2023\\\/04\\\/cropped-cropped-cropped-cropped-cropped-3-1.png\",\"contentUrl\":\"https:\\\/\\\/cvinoticias.com\\\/wp-content\\\/uploads\\\/2023\\\/04\\\/cropped-cropped-cropped-cropped-cropped-3-1.png\",\"width\":95,\"height\":122,\"caption\":\"CVI NOTICIAS\"},\"image\":{\"@id\":\"https:\\\/\\\/cvinoticias.com\\\/v3\\\/#\\\/schema\\\/logo\\\/image\\\/\"},\"sameAs\":[\"https:\\\/\\\/www.facebook.com\\\/cvinoticias\",\"https:\\\/\\\/www.instagram.com\\\/cvinoticias\\\/\",\"https:\\\/\\\/www.youtube.com\\\/@CVINOTICIAS\"]},{\"@type\":\"Person\",\"@id\":\"https:\\\/\\\/cvinoticias.com\\\/v3\\\/#\\\/schema\\\/person\\\/2db77e3c6bc03c538495d7b2b8be9b66\",\"name\":\"f1000024\",\"image\":{\"@type\":\"ImageObject\",\"inLanguage\":\"es\",\"@id\":\"https:\\\/\\\/secure.gravatar.com\\\/avatar\\\/d4fe7459cfc51ff5129ce1a732bbef5928568b8092d412ef95611616376bbeed?s=96&d=mm&r=g\",\"url\":\"https:\\\/\\\/secure.gravatar.com\\\/avatar\\\/d4fe7459cfc51ff5129ce1a732bbef5928568b8092d412ef95611616376bbeed?s=96&d=mm&r=g\",\"contentUrl\":\"https:\\\/\\\/secure.gravatar.com\\\/avatar\\\/d4fe7459cfc51ff5129ce1a732bbef5928568b8092d412ef95611616376bbeed?s=96&d=mm&r=g\",\"caption\":\"f1000024\"},\"url\":\"https:\\\/\\\/cvinoticias.com\\\/v3\\\/author\\\/f1000024\\\/\"}]}<\/script>\n<!-- \/ Yoast SEO plugin. -->","yoast_head_json":{"title":"El gobierno confirm\u00f3 que la cepa de dengue que circula en Argentina es \u201cla peor de todas\u201d | CVI NOTICIAS","robots":{"index":"index","follow":"follow","max-snippet":"max-snippet:-1","max-image-preview":"max-image-preview:large","max-video-preview":"max-video-preview:-1"},"canonical":"https:\/\/cvinoticias.com\/v3\/el-gobierno-confirmo-que-la-cepa-de-dengue-que-circula-en-argentina-es-la-peor-de-todas\/","og_locale":"es_ES","og_type":"article","og_title":"El gobierno confirm\u00f3 que la cepa de dengue que circula en Argentina es \u201cla peor de todas\u201d | CVI NOTICIAS","og_description":"El Ministerio de Salud confirm\u00f3 que la epidemia de dengue est\u00e1 siendo m\u00e1s agresiva y la nueva cepa que circula por el pa\u00eds posee una mayor tasa de mortalidad que las anteriores. La epidemia de dengue en Argentina est\u00e1 siendo m\u00e1s agresiva que en a\u00f1os anteriores, de acuerdo con el \u00faltimo Bolet\u00edn Epidemiol\u00f3gico del Ministerio [&hellip;]","og_url":"https:\/\/cvinoticias.com\/v3\/el-gobierno-confirmo-que-la-cepa-de-dengue-que-circula-en-argentina-es-la-peor-de-todas\/","og_site_name":"CVI NOTICIAS","article_publisher":"https:\/\/www.facebook.com\/cvinoticias","article_published_time":"2023-04-17T02:16:05+00:00","og_image":[{"width":992,"height":496,"url":"https:\/\/cvinoticias.com\/wp-content\/uploads\/2023\/04\/EYOQA5PTRFGHXGLDLT4OAQBHJA.jpeg","type":"image\/jpeg"}],"author":"f1000024","twitter_card":"summary_large_image","twitter_misc":{"Escrito por":"f1000024","Tiempo de lectura":"2 minutos"},"schema":{"@context":"https:\/\/schema.org","@graph":[{"@type":"Article","@id":"https:\/\/cvinoticias.com\/v3\/el-gobierno-confirmo-que-la-cepa-de-dengue-que-circula-en-argentina-es-la-peor-de-todas\/#article","isPartOf":{"@id":"https:\/\/cvinoticias.com\/v3\/el-gobierno-confirmo-que-la-cepa-de-dengue-que-circula-en-argentina-es-la-peor-de-todas\/"},"author":{"name":"f1000024","@id":"https:\/\/cvinoticias.com\/v3\/#\/schema\/person\/2db77e3c6bc03c538495d7b2b8be9b66"},"headline":"El gobierno confirm\u00f3 que la cepa de dengue que circula en Argentina es \u201cla peor de todas\u201d","datePublished":"2023-04-17T02:16:05+00:00","mainEntityOfPage":{"@id":"https:\/\/cvinoticias.com\/v3\/el-gobierno-confirmo-que-la-cepa-de-dengue-que-circula-en-argentina-es-la-peor-de-todas\/"},"wordCount":481,"commentCount":0,"publisher":{"@id":"https:\/\/cvinoticias.com\/v3\/#organization"},"image":{"@id":"https:\/\/cvinoticias.com\/v3\/el-gobierno-confirmo-que-la-cepa-de-dengue-que-circula-en-argentina-es-la-peor-de-todas\/#primaryimage"},"thumbnailUrl":"https:\/\/cvinoticias.com\/wp-content\/uploads\/2023\/04\/EYOQA5PTRFGHXGLDLT4OAQBHJA.jpeg","articleSection":["Dengue"],"inLanguage":"es","potentialAction":[{"@type":"CommentAction","name":"Comment","target":["https:\/\/cvinoticias.com\/v3\/el-gobierno-confirmo-que-la-cepa-de-dengue-que-circula-en-argentina-es-la-peor-de-todas\/#respond"]}]},{"@type":"WebPage","@id":"https:\/\/cvinoticias.com\/v3\/el-gobierno-confirmo-que-la-cepa-de-dengue-que-circula-en-argentina-es-la-peor-de-todas\/","url":"https:\/\/cvinoticias.com\/v3\/el-gobierno-confirmo-que-la-cepa-de-dengue-que-circula-en-argentina-es-la-peor-de-todas\/","name":"El gobierno confirm\u00f3 que la cepa de dengue que circula en Argentina es \u201cla peor de todas\u201d | CVI NOTICIAS","isPartOf":{"@id":"https:\/\/cvinoticias.com\/v3\/#website"},"primaryImageOfPage":{"@id":"https:\/\/cvinoticias.com\/v3\/el-gobierno-confirmo-que-la-cepa-de-dengue-que-circula-en-argentina-es-la-peor-de-todas\/#primaryimage"},"image":{"@id":"https:\/\/cvinoticias.com\/v3\/el-gobierno-confirmo-que-la-cepa-de-dengue-que-circula-en-argentina-es-la-peor-de-todas\/#primaryimage"},"thumbnailUrl":"https:\/\/cvinoticias.com\/wp-content\/uploads\/2023\/04\/EYOQA5PTRFGHXGLDLT4OAQBHJA.jpeg","datePublished":"2023-04-17T02:16:05+00:00","breadcrumb":{"@id":"https:\/\/cvinoticias.com\/v3\/el-gobierno-confirmo-que-la-cepa-de-dengue-que-circula-en-argentina-es-la-peor-de-todas\/#breadcrumb"},"inLanguage":"es","potentialAction":[{"@type":"ReadAction","target":["https:\/\/cvinoticias.com\/v3\/el-gobierno-confirmo-que-la-cepa-de-dengue-que-circula-en-argentina-es-la-peor-de-todas\/"]}]},{"@type":"ImageObject","inLanguage":"es","@id":"https:\/\/cvinoticias.com\/v3\/el-gobierno-confirmo-que-la-cepa-de-dengue-que-circula-en-argentina-es-la-peor-de-todas\/#primaryimage","url":"https:\/\/cvinoticias.com\/wp-content\/uploads\/2023\/04\/EYOQA5PTRFGHXGLDLT4OAQBHJA.jpeg","contentUrl":"https:\/\/cvinoticias.com\/wp-content\/uploads\/2023\/04\/EYOQA5PTRFGHXGLDLT4OAQBHJA.jpeg","width":992,"height":496},{"@type":"BreadcrumbList","@id":"https:\/\/cvinoticias.com\/v3\/el-gobierno-confirmo-que-la-cepa-de-dengue-que-circula-en-argentina-es-la-peor-de-todas\/#breadcrumb","itemListElement":[{"@type":"ListItem","position":1,"name":"Portada","item":"https:\/\/cvinoticias.com\/v3\/"},{"@type":"ListItem","position":2,"name":"El gobierno confirm\u00f3 que la cepa de dengue que circula en Argentina es \u201cla peor de todas\u201d"}]},{"@type":"WebSite","@id":"https:\/\/cvinoticias.com\/v3\/#website","url":"https:\/\/cvinoticias.com\/v3\/","name":"CVI NOTICIAS","description":"","publisher":{"@id":"https:\/\/cvinoticias.com\/v3\/#organization"},"alternateName":"CVI","potentialAction":[{"@type":"SearchAction","target":{"@type":"EntryPoint","urlTemplate":"https:\/\/cvinoticias.com\/v3\/?s={search_term_string}"},"query-input":{"@type":"PropertyValueSpecification","valueRequired":true,"valueName":"search_term_string"}}],"inLanguage":"es"},{"@type":"Organization","@id":"https:\/\/cvinoticias.com\/v3\/#organization","name":"CVI NOTICIAS","url":"https:\/\/cvinoticias.com\/v3\/","logo":{"@type":"ImageObject","inLanguage":"es","@id":"https:\/\/cvinoticias.com\/v3\/#\/schema\/logo\/image\/","url":"https:\/\/cvinoticias.com\/wp-content\/uploads\/2023\/04\/cropped-cropped-cropped-cropped-cropped-3-1.png","contentUrl":"https:\/\/cvinoticias.com\/wp-content\/uploads\/2023\/04\/cropped-cropped-cropped-cropped-cropped-3-1.png","width":95,"height":122,"caption":"CVI NOTICIAS"},"image":{"@id":"https:\/\/cvinoticias.com\/v3\/#\/schema\/logo\/image\/"},"sameAs":["https:\/\/www.facebook.com\/cvinoticias","https:\/\/www.instagram.com\/cvinoticias\/","https:\/\/www.youtube.com\/@CVINOTICIAS"]},{"@type":"Person","@id":"https:\/\/cvinoticias.com\/v3\/#\/schema\/person\/2db77e3c6bc03c538495d7b2b8be9b66","name":"f1000024","image":{"@type":"ImageObject","inLanguage":"es","@id":"https:\/\/secure.gravatar.com\/avatar\/d4fe7459cfc51ff5129ce1a732bbef5928568b8092d412ef95611616376bbeed?s=96&d=mm&r=g","url":"https:\/\/secure.gravatar.com\/avatar\/d4fe7459cfc51ff5129ce1a732bbef5928568b8092d412ef95611616376bbeed?s=96&d=mm&r=g","contentUrl":"https:\/\/secure.gravatar.com\/avatar\/d4fe7459cfc51ff5129ce1a732bbef5928568b8092d412ef95611616376bbeed?s=96&d=mm&r=g","caption":"f1000024"},"url":"https:\/\/cvinoticias.com\/v3\/author\/f1000024\/"}]}},"_links":{"self":[{"href":"https:\/\/cvinoticias.com\/v3\/wp-json\/wp\/v2\/posts\/24100","targetHints":{"allow":["GET"]}}],"collection":[{"href":"https:\/\/cvinoticias.com\/v3\/wp-json\/wp\/v2\/posts"}],"about":[{"href":"https:\/\/cvinoticias.com\/v3\/wp-json\/wp\/v2\/types\/post"}],"author":[{"embeddable":true,"href":"https:\/\/cvinoticias.com\/v3\/wp-json\/wp\/v2\/users\/2"}],"replies":[{"embeddable":true,"href":"https:\/\/cvinoticias.com\/v3\/wp-json\/wp\/v2\/comments?post=24100"}],"version-history":[{"count":1,"href":"https:\/\/cvinoticias.com\/v3\/wp-json\/wp\/v2\/posts\/24100\/revisions"}],"predecessor-version":[{"id":24102,"href":"https:\/\/cvinoticias.com\/v3\/wp-json\/wp\/v2\/posts\/24100\/revisions\/24102"}],"wp:featuredmedia":[{"embeddable":true,"href":"https:\/\/cvinoticias.com\/v3\/wp-json\/wp\/v2\/media\/24101"}],"wp:attachment":[{"href":"https:\/\/cvinoticias.com\/v3\/wp-json\/wp\/v2\/media?parent=24100"}],"wp:term":[{"taxonomy":"category","embeddable":true,"href":"https:\/\/cvinoticias.com\/v3\/wp-json\/wp\/v2\/categories?post=24100"},{"taxonomy":"post_tag","embeddable":true,"href":"https:\/\/cvinoticias.com\/v3\/wp-json\/wp\/v2\/tags?post=24100"}],"curies":[{"name":"wp","href":"https:\/\/api.w.org\/{rel}","templated":true}]}}