{"id":24097,"date":"2023-04-16T23:27:35","date_gmt":"2023-04-16T23:27:35","guid":{"rendered":"https:\/\/cvinoticias.com\/v3\/?p=24097"},"modified":"2023-04-16T23:27:35","modified_gmt":"2023-04-16T23:27:35","slug":"iguazu-compro-una-moto-de-dudosa-procedencia-y-su-suegra-lo-denuncio","status":"publish","type":"post","link":"https:\/\/cvinoticias.com\/v3\/iguazu-compro-una-moto-de-dudosa-procedencia-y-su-suegra-lo-denuncio\/","title":{"rendered":"Iguaz\u00fa: Compr\u00f3 una moto de dudosa procedencia y su suegra lo denunci\u00f3."},"content":{"rendered":"\n<p><strong><em>Hoy a las 15.15 horas en el marco de los operativos de prevenci\u00f3n que se ejecutan en ciudad, m\u00e1s precisamente en el barrio Bicentenario, efectivos policiales de la comisar\u00eda seccional 4ta. constataron un desorden frente a una vivienda donde involucraba varias personas respecto del origen de un motoveh\u00edculo marca Honda modelo Wave de 110 c.c. color negro.<\/em><\/strong><\/p>\n\n\n\n<p>Inmediatamente una mujer quien resulta ser propietaria del inmueble, se aperson\u00f3 a la comisi\u00f3n policial y mencion\u00f3 a los uniformados que en el predio residen su hija junto a su pareja, un joven de 23 a\u00f1os, quien habr\u00eda llegado con una motocicleta y ante la procedencia dudosa del motoveh\u00edculo la mujer hizo entrega voluntaria a los uniformados. Al requerimiento de las documentaciones el yerno de la mujer no logr\u00f3 justificar la propiedad del rodado manifestando haberlo adquirido de buena f\u00e9 en la noche de ayer a un desconocido. Tras el entrecruzamiento de datos se logr\u00f3 establecer que el Motoveh\u00edculo hab\u00eda sido sustra\u00eddo y ten\u00eda pedido de secuestro por robo desde el pasado 17\/09\/22 en jurisdicci\u00f3n de la comisar\u00eda seccional Primera URV.<\/p>\n\n\n\n<p>El rodado fue secuestrado y depositado en sede policial una vez y una vez finalizada las actuaciones legales, ser\u00e1 restituida a su damnificado.<\/p>\n","protected":false},"excerpt":{"rendered":"<p>Hoy a las 15.15 horas en el marco de los operativos de prevenci\u00f3n que se ejecutan en ciudad, m\u00e1s precisamente en el barrio Bicentenario, efectivos policiales de la comisar\u00eda seccional 4ta. constataron un desorden frente a una vivienda donde involucraba varias personas respecto del origen de un motoveh\u00edculo marca Honda modelo Wave de 110 c.c. [&hellip;]<\/p>\n","protected":false},"author":2,"featured_media":24098,"comment_status":"open","ping_status":"open","sticky":false,"template":"","format":"standard","meta":{"footnotes":""},"categories":[29,41],"tags":[],"class_list":["post-24097","post","type-post","status-publish","format-standard","has-post-thumbnail","hentry","category-locales","category-policiales"],"yoast_head":"<!-- This site is optimized with the Yoast SEO plugin v27.4 - https:\/\/yoast.com\/product\/yoast-seo-wordpress\/ -->\n<title>Iguaz\u00fa: Compr\u00f3 una moto de dudosa procedencia y su suegra lo denunci\u00f3. | CVI NOTICIAS<\/title>\n<meta name=\"robots\" content=\"index, follow, max-snippet:-1, max-image-preview:large, max-video-preview:-1\" \/>\n<link rel=\"canonical\" href=\"https:\/\/cvinoticias.com\/v3\/iguazu-compro-una-moto-de-dudosa-procedencia-y-su-suegra-lo-denuncio\/\" \/>\n<meta property=\"og:locale\" content=\"es_ES\" \/>\n<meta property=\"og:type\" content=\"article\" \/>\n<meta property=\"og:title\" content=\"Iguaz\u00fa: Compr\u00f3 una moto de dudosa procedencia y su suegra lo denunci\u00f3. | CVI NOTICIAS\" \/>\n<meta property=\"og:description\" content=\"Hoy a las 15.15 horas en el marco de los operativos de prevenci\u00f3n que se ejecutan en ciudad, m\u00e1s precisamente en el barrio Bicentenario, efectivos policiales de la comisar\u00eda seccional 4ta. constataron un desorden frente a una vivienda donde involucraba varias personas respecto del origen de un motoveh\u00edculo marca Honda modelo Wave de 110 c.c. [&hellip;]\" \/>\n<meta property=\"og:url\" content=\"https:\/\/cvinoticias.com\/v3\/iguazu-compro-una-moto-de-dudosa-procedencia-y-su-suegra-lo-denuncio\/\" \/>\n<meta property=\"og:site_name\" content=\"CVI NOTICIAS\" \/>\n<meta property=\"article:publisher\" content=\"https:\/\/www.facebook.com\/cvinoticias\" \/>\n<meta property=\"article:published_time\" content=\"2023-04-16T23:27:35+00:00\" \/>\n<meta property=\"og:image\" content=\"https:\/\/cvinoticias.com\/wp-content\/uploads\/2023\/04\/FB_IMG_1681687509995.jpg\" \/>\n\t<meta property=\"og:image:width\" content=\"737\" \/>\n\t<meta property=\"og:image:height\" content=\"960\" \/>\n\t<meta property=\"og:image:type\" content=\"image\/jpeg\" \/>\n<meta name=\"author\" content=\"f1000024\" \/>\n<meta name=\"twitter:card\" content=\"summary_large_image\" \/>\n<meta name=\"twitter:label1\" content=\"Escrito por\" \/>\n\t<meta name=\"twitter:data1\" content=\"f1000024\" \/>\n\t<meta name=\"twitter:label2\" content=\"Tiempo de lectura\" \/>\n\t<meta name=\"twitter:data2\" content=\"1 minuto\" \/>\n<script type=\"application\/ld+json\" class=\"yoast-schema-graph\">{\"@context\":\"https:\\\/\\\/schema.org\",\"@graph\":[{\"@type\":\"Article\",\"@id\":\"https:\\\/\\\/cvinoticias.com\\\/v3\\\/iguazu-compro-una-moto-de-dudosa-procedencia-y-su-suegra-lo-denuncio\\\/#article\",\"isPartOf\":{\"@id\":\"https:\\\/\\\/cvinoticias.com\\\/v3\\\/iguazu-compro-una-moto-de-dudosa-procedencia-y-su-suegra-lo-denuncio\\\/\"},\"author\":{\"name\":\"f1000024\",\"@id\":\"https:\\\/\\\/cvinoticias.com\\\/v3\\\/#\\\/schema\\\/person\\\/2db77e3c6bc03c538495d7b2b8be9b66\"},\"headline\":\"Iguaz\u00fa: Compr\u00f3 una moto de dudosa procedencia y su suegra lo denunci\u00f3.\",\"datePublished\":\"2023-04-16T23:27:35+00:00\",\"mainEntityOfPage\":{\"@id\":\"https:\\\/\\\/cvinoticias.com\\\/v3\\\/iguazu-compro-una-moto-de-dudosa-procedencia-y-su-suegra-lo-denuncio\\\/\"},\"wordCount\":224,\"commentCount\":0,\"publisher\":{\"@id\":\"https:\\\/\\\/cvinoticias.com\\\/v3\\\/#organization\"},\"image\":{\"@id\":\"https:\\\/\\\/cvinoticias.com\\\/v3\\\/iguazu-compro-una-moto-de-dudosa-procedencia-y-su-suegra-lo-denuncio\\\/#primaryimage\"},\"thumbnailUrl\":\"https:\\\/\\\/cvinoticias.com\\\/wp-content\\\/uploads\\\/2023\\\/04\\\/FB_IMG_1681687509995.jpg\",\"articleSection\":[\"Locales\",\"Policiales\"],\"inLanguage\":\"es\",\"potentialAction\":[{\"@type\":\"CommentAction\",\"name\":\"Comment\",\"target\":[\"https:\\\/\\\/cvinoticias.com\\\/v3\\\/iguazu-compro-una-moto-de-dudosa-procedencia-y-su-suegra-lo-denuncio\\\/#respond\"]}]},{\"@type\":\"WebPage\",\"@id\":\"https:\\\/\\\/cvinoticias.com\\\/v3\\\/iguazu-compro-una-moto-de-dudosa-procedencia-y-su-suegra-lo-denuncio\\\/\",\"url\":\"https:\\\/\\\/cvinoticias.com\\\/v3\\\/iguazu-compro-una-moto-de-dudosa-procedencia-y-su-suegra-lo-denuncio\\\/\",\"name\":\"Iguaz\u00fa: Compr\u00f3 una moto de dudosa procedencia y su suegra lo denunci\u00f3. | CVI NOTICIAS\",\"isPartOf\":{\"@id\":\"https:\\\/\\\/cvinoticias.com\\\/v3\\\/#website\"},\"primaryImageOfPage\":{\"@id\":\"https:\\\/\\\/cvinoticias.com\\\/v3\\\/iguazu-compro-una-moto-de-dudosa-procedencia-y-su-suegra-lo-denuncio\\\/#primaryimage\"},\"image\":{\"@id\":\"https:\\\/\\\/cvinoticias.com\\\/v3\\\/iguazu-compro-una-moto-de-dudosa-procedencia-y-su-suegra-lo-denuncio\\\/#primaryimage\"},\"thumbnailUrl\":\"https:\\\/\\\/cvinoticias.com\\\/wp-content\\\/uploads\\\/2023\\\/04\\\/FB_IMG_1681687509995.jpg\",\"datePublished\":\"2023-04-16T23:27:35+00:00\",\"breadcrumb\":{\"@id\":\"https:\\\/\\\/cvinoticias.com\\\/v3\\\/iguazu-compro-una-moto-de-dudosa-procedencia-y-su-suegra-lo-denuncio\\\/#breadcrumb\"},\"inLanguage\":\"es\",\"potentialAction\":[{\"@type\":\"ReadAction\",\"target\":[\"https:\\\/\\\/cvinoticias.com\\\/v3\\\/iguazu-compro-una-moto-de-dudosa-procedencia-y-su-suegra-lo-denuncio\\\/\"]}]},{\"@type\":\"ImageObject\",\"inLanguage\":\"es\",\"@id\":\"https:\\\/\\\/cvinoticias.com\\\/v3\\\/iguazu-compro-una-moto-de-dudosa-procedencia-y-su-suegra-lo-denuncio\\\/#primaryimage\",\"url\":\"https:\\\/\\\/cvinoticias.com\\\/wp-content\\\/uploads\\\/2023\\\/04\\\/FB_IMG_1681687509995.jpg\",\"contentUrl\":\"https:\\\/\\\/cvinoticias.com\\\/wp-content\\\/uploads\\\/2023\\\/04\\\/FB_IMG_1681687509995.jpg\",\"width\":737,\"height\":960},{\"@type\":\"BreadcrumbList\",\"@id\":\"https:\\\/\\\/cvinoticias.com\\\/v3\\\/iguazu-compro-una-moto-de-dudosa-procedencia-y-su-suegra-lo-denuncio\\\/#breadcrumb\",\"itemListElement\":[{\"@type\":\"ListItem\",\"position\":1,\"name\":\"Portada\",\"item\":\"https:\\\/\\\/cvinoticias.com\\\/v3\\\/\"},{\"@type\":\"ListItem\",\"position\":2,\"name\":\"Iguaz\u00fa: Compr\u00f3 una moto de dudosa procedencia y su suegra lo denunci\u00f3.\"}]},{\"@type\":\"WebSite\",\"@id\":\"https:\\\/\\\/cvinoticias.com\\\/v3\\\/#website\",\"url\":\"https:\\\/\\\/cvinoticias.com\\\/v3\\\/\",\"name\":\"CVI NOTICIAS\",\"description\":\"\",\"publisher\":{\"@id\":\"https:\\\/\\\/cvinoticias.com\\\/v3\\\/#organization\"},\"alternateName\":\"CVI\",\"potentialAction\":[{\"@type\":\"SearchAction\",\"target\":{\"@type\":\"EntryPoint\",\"urlTemplate\":\"https:\\\/\\\/cvinoticias.com\\\/v3\\\/?s={search_term_string}\"},\"query-input\":{\"@type\":\"PropertyValueSpecification\",\"valueRequired\":true,\"valueName\":\"search_term_string\"}}],\"inLanguage\":\"es\"},{\"@type\":\"Organization\",\"@id\":\"https:\\\/\\\/cvinoticias.com\\\/v3\\\/#organization\",\"name\":\"CVI NOTICIAS\",\"url\":\"https:\\\/\\\/cvinoticias.com\\\/v3\\\/\",\"logo\":{\"@type\":\"ImageObject\",\"inLanguage\":\"es\",\"@id\":\"https:\\\/\\\/cvinoticias.com\\\/v3\\\/#\\\/schema\\\/logo\\\/image\\\/\",\"url\":\"https:\\\/\\\/cvinoticias.com\\\/wp-content\\\/uploads\\\/2023\\\/04\\\/cropped-cropped-cropped-cropped-cropped-3-1.png\",\"contentUrl\":\"https:\\\/\\\/cvinoticias.com\\\/wp-content\\\/uploads\\\/2023\\\/04\\\/cropped-cropped-cropped-cropped-cropped-3-1.png\",\"width\":95,\"height\":122,\"caption\":\"CVI NOTICIAS\"},\"image\":{\"@id\":\"https:\\\/\\\/cvinoticias.com\\\/v3\\\/#\\\/schema\\\/logo\\\/image\\\/\"},\"sameAs\":[\"https:\\\/\\\/www.facebook.com\\\/cvinoticias\",\"https:\\\/\\\/www.instagram.com\\\/cvinoticias\\\/\",\"https:\\\/\\\/www.youtube.com\\\/@CVINOTICIAS\"]},{\"@type\":\"Person\",\"@id\":\"https:\\\/\\\/cvinoticias.com\\\/v3\\\/#\\\/schema\\\/person\\\/2db77e3c6bc03c538495d7b2b8be9b66\",\"name\":\"f1000024\",\"image\":{\"@type\":\"ImageObject\",\"inLanguage\":\"es\",\"@id\":\"https:\\\/\\\/secure.gravatar.com\\\/avatar\\\/d4fe7459cfc51ff5129ce1a732bbef5928568b8092d412ef95611616376bbeed?s=96&d=mm&r=g\",\"url\":\"https:\\\/\\\/secure.gravatar.com\\\/avatar\\\/d4fe7459cfc51ff5129ce1a732bbef5928568b8092d412ef95611616376bbeed?s=96&d=mm&r=g\",\"contentUrl\":\"https:\\\/\\\/secure.gravatar.com\\\/avatar\\\/d4fe7459cfc51ff5129ce1a732bbef5928568b8092d412ef95611616376bbeed?s=96&d=mm&r=g\",\"caption\":\"f1000024\"},\"url\":\"https:\\\/\\\/cvinoticias.com\\\/v3\\\/author\\\/f1000024\\\/\"}]}<\/script>\n<!-- \/ Yoast SEO plugin. -->","yoast_head_json":{"title":"Iguaz\u00fa: Compr\u00f3 una moto de dudosa procedencia y su suegra lo denunci\u00f3. | CVI NOTICIAS","robots":{"index":"index","follow":"follow","max-snippet":"max-snippet:-1","max-image-preview":"max-image-preview:large","max-video-preview":"max-video-preview:-1"},"canonical":"https:\/\/cvinoticias.com\/v3\/iguazu-compro-una-moto-de-dudosa-procedencia-y-su-suegra-lo-denuncio\/","og_locale":"es_ES","og_type":"article","og_title":"Iguaz\u00fa: Compr\u00f3 una moto de dudosa procedencia y su suegra lo denunci\u00f3. | CVI NOTICIAS","og_description":"Hoy a las 15.15 horas en el marco de los operativos de prevenci\u00f3n que se ejecutan en ciudad, m\u00e1s precisamente en el barrio Bicentenario, efectivos policiales de la comisar\u00eda seccional 4ta. constataron un desorden frente a una vivienda donde involucraba varias personas respecto del origen de un motoveh\u00edculo marca Honda modelo Wave de 110 c.c. [&hellip;]","og_url":"https:\/\/cvinoticias.com\/v3\/iguazu-compro-una-moto-de-dudosa-procedencia-y-su-suegra-lo-denuncio\/","og_site_name":"CVI NOTICIAS","article_publisher":"https:\/\/www.facebook.com\/cvinoticias","article_published_time":"2023-04-16T23:27:35+00:00","og_image":[{"width":737,"height":960,"url":"https:\/\/cvinoticias.com\/wp-content\/uploads\/2023\/04\/FB_IMG_1681687509995.jpg","type":"image\/jpeg"}],"author":"f1000024","twitter_card":"summary_large_image","twitter_misc":{"Escrito por":"f1000024","Tiempo de lectura":"1 minuto"},"schema":{"@context":"https:\/\/schema.org","@graph":[{"@type":"Article","@id":"https:\/\/cvinoticias.com\/v3\/iguazu-compro-una-moto-de-dudosa-procedencia-y-su-suegra-lo-denuncio\/#article","isPartOf":{"@id":"https:\/\/cvinoticias.com\/v3\/iguazu-compro-una-moto-de-dudosa-procedencia-y-su-suegra-lo-denuncio\/"},"author":{"name":"f1000024","@id":"https:\/\/cvinoticias.com\/v3\/#\/schema\/person\/2db77e3c6bc03c538495d7b2b8be9b66"},"headline":"Iguaz\u00fa: Compr\u00f3 una moto de dudosa procedencia y su suegra lo denunci\u00f3.","datePublished":"2023-04-16T23:27:35+00:00","mainEntityOfPage":{"@id":"https:\/\/cvinoticias.com\/v3\/iguazu-compro-una-moto-de-dudosa-procedencia-y-su-suegra-lo-denuncio\/"},"wordCount":224,"commentCount":0,"publisher":{"@id":"https:\/\/cvinoticias.com\/v3\/#organization"},"image":{"@id":"https:\/\/cvinoticias.com\/v3\/iguazu-compro-una-moto-de-dudosa-procedencia-y-su-suegra-lo-denuncio\/#primaryimage"},"thumbnailUrl":"https:\/\/cvinoticias.com\/wp-content\/uploads\/2023\/04\/FB_IMG_1681687509995.jpg","articleSection":["Locales","Policiales"],"inLanguage":"es","potentialAction":[{"@type":"CommentAction","name":"Comment","target":["https:\/\/cvinoticias.com\/v3\/iguazu-compro-una-moto-de-dudosa-procedencia-y-su-suegra-lo-denuncio\/#respond"]}]},{"@type":"WebPage","@id":"https:\/\/cvinoticias.com\/v3\/iguazu-compro-una-moto-de-dudosa-procedencia-y-su-suegra-lo-denuncio\/","url":"https:\/\/cvinoticias.com\/v3\/iguazu-compro-una-moto-de-dudosa-procedencia-y-su-suegra-lo-denuncio\/","name":"Iguaz\u00fa: Compr\u00f3 una moto de dudosa procedencia y su suegra lo denunci\u00f3. | CVI NOTICIAS","isPartOf":{"@id":"https:\/\/cvinoticias.com\/v3\/#website"},"primaryImageOfPage":{"@id":"https:\/\/cvinoticias.com\/v3\/iguazu-compro-una-moto-de-dudosa-procedencia-y-su-suegra-lo-denuncio\/#primaryimage"},"image":{"@id":"https:\/\/cvinoticias.com\/v3\/iguazu-compro-una-moto-de-dudosa-procedencia-y-su-suegra-lo-denuncio\/#primaryimage"},"thumbnailUrl":"https:\/\/cvinoticias.com\/wp-content\/uploads\/2023\/04\/FB_IMG_1681687509995.jpg","datePublished":"2023-04-16T23:27:35+00:00","breadcrumb":{"@id":"https:\/\/cvinoticias.com\/v3\/iguazu-compro-una-moto-de-dudosa-procedencia-y-su-suegra-lo-denuncio\/#breadcrumb"},"inLanguage":"es","potentialAction":[{"@type":"ReadAction","target":["https:\/\/cvinoticias.com\/v3\/iguazu-compro-una-moto-de-dudosa-procedencia-y-su-suegra-lo-denuncio\/"]}]},{"@type":"ImageObject","inLanguage":"es","@id":"https:\/\/cvinoticias.com\/v3\/iguazu-compro-una-moto-de-dudosa-procedencia-y-su-suegra-lo-denuncio\/#primaryimage","url":"https:\/\/cvinoticias.com\/wp-content\/uploads\/2023\/04\/FB_IMG_1681687509995.jpg","contentUrl":"https:\/\/cvinoticias.com\/wp-content\/uploads\/2023\/04\/FB_IMG_1681687509995.jpg","width":737,"height":960},{"@type":"BreadcrumbList","@id":"https:\/\/cvinoticias.com\/v3\/iguazu-compro-una-moto-de-dudosa-procedencia-y-su-suegra-lo-denuncio\/#breadcrumb","itemListElement":[{"@type":"ListItem","position":1,"name":"Portada","item":"https:\/\/cvinoticias.com\/v3\/"},{"@type":"ListItem","position":2,"name":"Iguaz\u00fa: Compr\u00f3 una moto de dudosa procedencia y su suegra lo denunci\u00f3."}]},{"@type":"WebSite","@id":"https:\/\/cvinoticias.com\/v3\/#website","url":"https:\/\/cvinoticias.com\/v3\/","name":"CVI NOTICIAS","description":"","publisher":{"@id":"https:\/\/cvinoticias.com\/v3\/#organization"},"alternateName":"CVI","potentialAction":[{"@type":"SearchAction","target":{"@type":"EntryPoint","urlTemplate":"https:\/\/cvinoticias.com\/v3\/?s={search_term_string}"},"query-input":{"@type":"PropertyValueSpecification","valueRequired":true,"valueName":"search_term_string"}}],"inLanguage":"es"},{"@type":"Organization","@id":"https:\/\/cvinoticias.com\/v3\/#organization","name":"CVI NOTICIAS","url":"https:\/\/cvinoticias.com\/v3\/","logo":{"@type":"ImageObject","inLanguage":"es","@id":"https:\/\/cvinoticias.com\/v3\/#\/schema\/logo\/image\/","url":"https:\/\/cvinoticias.com\/wp-content\/uploads\/2023\/04\/cropped-cropped-cropped-cropped-cropped-3-1.png","contentUrl":"https:\/\/cvinoticias.com\/wp-content\/uploads\/2023\/04\/cropped-cropped-cropped-cropped-cropped-3-1.png","width":95,"height":122,"caption":"CVI NOTICIAS"},"image":{"@id":"https:\/\/cvinoticias.com\/v3\/#\/schema\/logo\/image\/"},"sameAs":["https:\/\/www.facebook.com\/cvinoticias","https:\/\/www.instagram.com\/cvinoticias\/","https:\/\/www.youtube.com\/@CVINOTICIAS"]},{"@type":"Person","@id":"https:\/\/cvinoticias.com\/v3\/#\/schema\/person\/2db77e3c6bc03c538495d7b2b8be9b66","name":"f1000024","image":{"@type":"ImageObject","inLanguage":"es","@id":"https:\/\/secure.gravatar.com\/avatar\/d4fe7459cfc51ff5129ce1a732bbef5928568b8092d412ef95611616376bbeed?s=96&d=mm&r=g","url":"https:\/\/secure.gravatar.com\/avatar\/d4fe7459cfc51ff5129ce1a732bbef5928568b8092d412ef95611616376bbeed?s=96&d=mm&r=g","contentUrl":"https:\/\/secure.gravatar.com\/avatar\/d4fe7459cfc51ff5129ce1a732bbef5928568b8092d412ef95611616376bbeed?s=96&d=mm&r=g","caption":"f1000024"},"url":"https:\/\/cvinoticias.com\/v3\/author\/f1000024\/"}]}},"_links":{"self":[{"href":"https:\/\/cvinoticias.com\/v3\/wp-json\/wp\/v2\/posts\/24097","targetHints":{"allow":["GET"]}}],"collection":[{"href":"https:\/\/cvinoticias.com\/v3\/wp-json\/wp\/v2\/posts"}],"about":[{"href":"https:\/\/cvinoticias.com\/v3\/wp-json\/wp\/v2\/types\/post"}],"author":[{"embeddable":true,"href":"https:\/\/cvinoticias.com\/v3\/wp-json\/wp\/v2\/users\/2"}],"replies":[{"embeddable":true,"href":"https:\/\/cvinoticias.com\/v3\/wp-json\/wp\/v2\/comments?post=24097"}],"version-history":[{"count":1,"href":"https:\/\/cvinoticias.com\/v3\/wp-json\/wp\/v2\/posts\/24097\/revisions"}],"predecessor-version":[{"id":24099,"href":"https:\/\/cvinoticias.com\/v3\/wp-json\/wp\/v2\/posts\/24097\/revisions\/24099"}],"wp:featuredmedia":[{"embeddable":true,"href":"https:\/\/cvinoticias.com\/v3\/wp-json\/wp\/v2\/media\/24098"}],"wp:attachment":[{"href":"https:\/\/cvinoticias.com\/v3\/wp-json\/wp\/v2\/media?parent=24097"}],"wp:term":[{"taxonomy":"category","embeddable":true,"href":"https:\/\/cvinoticias.com\/v3\/wp-json\/wp\/v2\/categories?post=24097"},{"taxonomy":"post_tag","embeddable":true,"href":"https:\/\/cvinoticias.com\/v3\/wp-json\/wp\/v2\/tags?post=24097"}],"curies":[{"name":"wp","href":"https:\/\/api.w.org\/{rel}","templated":true}]}}