{"id":24083,"date":"2023-04-16T13:25:30","date_gmt":"2023-04-16T13:25:30","guid":{"rendered":"https:\/\/cvinoticias.com\/v3\/?p=24083"},"modified":"2023-04-16T13:25:30","modified_gmt":"2023-04-16T13:25:30","slug":"la-eficacia-de-la-gestion","status":"publish","type":"post","link":"https:\/\/cvinoticias.com\/v3\/la-eficacia-de-la-gestion\/","title":{"rendered":"La eficacia de la gesti\u00f3n"},"content":{"rendered":"\n<p><strong>Por Fiorella Del Piano<\/strong><\/p>\n\n\n\n<p><strong><em>Las pr\u00f3ximas elecciones del 7 de mayo presentan la pugna entre un modelo pensado por y para los misioneros y distintas variantes de ideas pol\u00edticas m\u00e1s ligadas a ser sat\u00e9lites de quienes conduzcan eventualmente la Naci\u00f3n.<\/em><\/strong><\/p>\n\n\n\n<p>A tres semanas que Misiones elija autoridades provinciales, el escenario exhibe una particular claridad, elemento poco habitual en Argentina, con respecto a lo que se dirimir\u00e1 en las urnas: por un lado, el Frente Renovador ostenta una gesti\u00f3n revalidada una y otra vez por la ciudadan\u00eda gracias a la praxis pol\u00edtica pensada y ejecutada por y para los misioneros; por el otro, la din\u00e1mica opositora replica lo que sucede a nivel nacional, es decir, internas, disputas est\u00e9riles alejadas de las problem\u00e1ticas del misionero de a pie. A lo que se agrega una irritante dependencia de lo que se decide a m\u00e1s de mil kil\u00f3metros de la tierra colorada.<\/p>\n\n\n\n<p>El trayecto renovador en la pol\u00edtica vern\u00e1cula tiene diversidad de hitos para destacar, pero en esta campa\u00f1a el discurso est\u00e1 enfocado no solo en resaltarlos, sino en proponer y explicitar el camino hacia el futuro: \u201cNo tenemos l\u00edmites en nuestras ideas, en nuestra visi\u00f3n, en la posibilidad de incorporar cada vez con m\u00e1s fuerza el vigor de la inteligencia, del conocimiento de la ciencia al quehacer cotidiano. Traerlo a la mesa de los misioneros\u201d, argumentaba el Ing. Rovira, conductor de la Renovaci\u00f3n, en el marco de la presentaci\u00f3n de los candidatos del FR. Y conclu\u00eda su parlamento invitando a la totalidad de los misioneros a \u201cseguir con la innovaci\u00f3n, que hoy nos trae m\u00e1s trabajo, a seguir con la creatividad en todas las chacras y en todos los pueblos de Misiones\u201d.<\/p>\n\n\n\n<figure class=\"wp-block-image size-large\"><a href=\"https:\/\/cvinoticias.com\/wp-content\/uploads\/2023\/04\/IMG-20230416-WA0015.jpg\"><img decoding=\"async\" width=\"1024\" height=\"682\" data-src=\"https:\/\/cvinoticias.com\/wp-content\/uploads\/2023\/04\/IMG-20230416-WA0015-1024x682.jpg\" alt=\"\" class=\"wp-image-24084 lazyload\" data-srcset=\"https:\/\/cvinoticias.com\/wp-content\/uploads\/2023\/04\/IMG-20230416-WA0015-1024x682.jpg 1024w, https:\/\/cvinoticias.com\/wp-content\/uploads\/2023\/04\/IMG-20230416-WA0015-300x200.jpg 300w, https:\/\/cvinoticias.com\/wp-content\/uploads\/2023\/04\/IMG-20230416-WA0015-768x511.jpg 768w, https:\/\/cvinoticias.com\/wp-content\/uploads\/2023\/04\/IMG-20230416-WA0015.jpg 1080w\" data-sizes=\"(max-width: 1024px) 100vw, 1024px\" src=\"data:image\/svg+xml;base64,PHN2ZyB3aWR0aD0iMSIgaGVpZ2h0PSIxIiB4bWxucz0iaHR0cDovL3d3dy53My5vcmcvMjAwMC9zdmciPjwvc3ZnPg==\" style=\"--smush-placeholder-width: 1024px; --smush-placeholder-aspect-ratio: 1024\/682;\" \/><\/a><\/figure>\n\n\n\n<p>En el mismo sentido se expresaba el candidato a gobernador Hugo Passalacqua en aquel encuentro pol\u00edtico, en su caso respecto a la disputa con Naci\u00f3n: \u201ces una pelea muy grande que vamos dar con el poder central, desde nuestro lugar provincialista, hay que invitar a todos los sectores pol\u00edticos, sin distinci\u00f3n, no somos sectaristas\u201d.<\/p>\n\n\n\n<p>Este fragmento destaca lo que es un aspecto central de la pol\u00edtica de gobierno: salirse de lo que vulgarmente se conoce como la \u201cgrieta\u201d y evitar todo tipo de sectarismos. Los hechos respaldan esa postura, en los \u00faltimos tiempos se han sumado distintos sectores al Frente; desde profesionales independientes sin experiencia pol\u00edtica partidario, pasando por j\u00f3venes que reci\u00e9n comienzan a militar dentro de un espacio que los pone en una posici\u00f3n central, hasta desencantados de las dos grandes coaliciones nacionales.<\/p>\n\n\n\n<p>El desencantamiento relatado se aprecia claramente en los sucesos nacionales, que tuvieron repercusiones provinciales de las que Misiones no est\u00e1 exenta, que involucraron a Horacio Rodr\u00edguez Larreta, Mauricio Macri, Patricia Bullrich, Mar\u00eda Eugenia Vidal, entre otros ilustres hombres y mujeres. Esa interna, de la que aprovechan Milei y los radicales para llevar agua a su molino, ser\u00eda tragic\u00f3mica si no fuera porque la disputa es por quien se muestra m\u00e1s intransigente de cara a 2024: van aumentando la apuesta sobre quien ser\u00e1 el que quite m\u00e1s derechos, el que menos proteja a los que menos tienen y el que se convierta en el mayor destructor del tejido industrial, productivo y tecnol\u00f3gico de Argentina.<br>Las r\u00e9plicas de aquel sismo se expresaron en Mendoza, donde el diputado y candidato a gobernador De Marchi desafi\u00f3 a la conducci\u00f3n nacional del PRO y anunci\u00f3 que va a la Justicia rechazando la decisi\u00f3n de un conocido de la casa como el senador Humberto Schiavoni, quien oficia de interventor de Propuesta Republicana en la tierra del buen vino.<\/p>\n\n\n\n<p>Otro tanto sucedi\u00f3 aqu\u00ed, puesto que el hist\u00f3rico dirigente y presidente del bloque del PRO en la Legislatura misionera Jorge Ratier Berrondo y el ex concejal radical Osvaldo Navarro mantienen fuertes diferencias con la actual dirigencia de Juntos por el Cambio en la provincia, y dejaron trascender que existe la posibilidad de que compitan en las PASO del 13 de agosto con una lista por fuera de la estructura cambiemita.<\/p>\n\n\n\n<p><strong>Una provincia sustentable<\/strong><\/p>\n\n\n\n<p>El ecosistema disruptivo (Silicon Misiones, Escuela de Rob\u00f3tica, Secundaria de Innovaci\u00f3n, Parque Industrial, Polo Tic) es reconocido en toda la regi\u00f3n, la potencia del turismo es innegable, se observa en los datos luego de cada fin de semana largo, una atenci\u00f3n sanitaria de primer nivel (que incluye a la \u00fanica cirug\u00eda rob\u00f3tica del pa\u00eds y Am\u00e9rica) y una herramienta dinamizadora de la econom\u00eda como el Puerto de Posadas son aspectos valorados de manera casi un\u00e1nime por la ciudadan\u00eda.<\/p>\n\n\n\n<p>A ellos se le suma el papel que est\u00e1 llevando Misiones en cuanto a la producci\u00f3n agrosustentable, en la que se destaca a nivel pa\u00eds gracias a un modelo de uso masivo de bioinsumos de producci\u00f3n propia, en detrimento de distintos qu\u00edmicos utilizados en otras regiones. Quien describe con claridad como se lleva a cabo este proceso es el candidato a vicegobernador, Lucas Romero Spinelli: \u201chemos encarado un programa de bioinsumos enorme este \u00faltimo a\u00f1o (biofertilizantes y biopesticidas). Una propuesta que incrementa el valor de la producci\u00f3n, que cuida la salud de nuestros productores, porque no son qu\u00edmicos, son org\u00e1nicos. Tambi\u00e9n hemos encarado un trabajo hist\u00f3rico en las chacras misioneras llev\u00e1ndoles kits solares, para proveer energ\u00eda, eso tambi\u00e9n es tecnolog\u00eda. Al igual que las antenas digitales\u201d.<\/p>\n\n\n\n<p>Una novedad en ese campo es la que se dar\u00e1 a conocer en los pr\u00f3ximos d\u00edas y ata\u00f1e a la Certificaci\u00f3n Agrosustentable, lo que significar\u00e1 un fuerte impulso a la exportaci\u00f3n de productos misioneros. Ligado a lo anterior, tambi\u00e9n es inminente la inauguraci\u00f3n de una f\u00e1brica de bioinsumos, \u00fanica de su tipo en la regi\u00f3n, que abastecer\u00e1 al pa\u00eds y exportar\u00e1 al mundo.<\/p>\n","protected":false},"excerpt":{"rendered":"<p>Por Fiorella Del Piano Las pr\u00f3ximas elecciones del 7 de mayo presentan la pugna entre un modelo pensado por y para los misioneros y distintas variantes de ideas pol\u00edticas m\u00e1s ligadas a ser sat\u00e9lites de quienes conduzcan eventualmente la Naci\u00f3n. A tres semanas que Misiones elija autoridades provinciales, el escenario exhibe una particular claridad, elemento [&hellip;]<\/p>\n","protected":false},"author":2,"featured_media":24085,"comment_status":"open","ping_status":"open","sticky":false,"template":"","format":"standard","meta":{"footnotes":""},"categories":[42],"tags":[],"class_list":["post-24083","post","type-post","status-publish","format-standard","has-post-thumbnail","hentry","category-politica"],"yoast_head":"<!-- This site is optimized with the Yoast SEO plugin v27.4 - https:\/\/yoast.com\/product\/yoast-seo-wordpress\/ -->\n<title>La eficacia de la gesti\u00f3n | CVI NOTICIAS<\/title>\n<meta name=\"robots\" content=\"index, follow, max-snippet:-1, max-image-preview:large, max-video-preview:-1\" \/>\n<link rel=\"canonical\" href=\"https:\/\/cvinoticias.com\/v3\/la-eficacia-de-la-gestion\/\" \/>\n<meta property=\"og:locale\" content=\"es_ES\" \/>\n<meta property=\"og:type\" content=\"article\" \/>\n<meta property=\"og:title\" content=\"La eficacia de la gesti\u00f3n | CVI NOTICIAS\" \/>\n<meta property=\"og:description\" content=\"Por Fiorella Del Piano Las pr\u00f3ximas elecciones del 7 de mayo presentan la pugna entre un modelo pensado por y para los misioneros y distintas variantes de ideas pol\u00edticas m\u00e1s ligadas a ser sat\u00e9lites de quienes conduzcan eventualmente la Naci\u00f3n. A tres semanas que Misiones elija autoridades provinciales, el escenario exhibe una particular claridad, elemento [&hellip;]\" \/>\n<meta property=\"og:url\" content=\"https:\/\/cvinoticias.com\/v3\/la-eficacia-de-la-gestion\/\" \/>\n<meta property=\"og:site_name\" content=\"CVI NOTICIAS\" \/>\n<meta property=\"article:publisher\" content=\"https:\/\/www.facebook.com\/cvinoticias\" \/>\n<meta property=\"article:published_time\" content=\"2023-04-16T13:25:30+00:00\" \/>\n<meta property=\"og:image\" content=\"https:\/\/cvinoticias.com\/wp-content\/uploads\/2023\/04\/IMG-20230416-WA0014.jpg\" \/>\n\t<meta property=\"og:image:width\" content=\"1080\" \/>\n\t<meta property=\"og:image:height\" content=\"720\" \/>\n\t<meta property=\"og:image:type\" content=\"image\/jpeg\" \/>\n<meta name=\"author\" content=\"f1000024\" \/>\n<meta name=\"twitter:card\" content=\"summary_large_image\" \/>\n<meta name=\"twitter:label1\" content=\"Escrito por\" \/>\n\t<meta name=\"twitter:data1\" content=\"f1000024\" \/>\n\t<meta name=\"twitter:label2\" content=\"Tiempo de lectura\" \/>\n\t<meta name=\"twitter:data2\" content=\"5 minutos\" \/>\n<script type=\"application\/ld+json\" class=\"yoast-schema-graph\">{\"@context\":\"https:\\\/\\\/schema.org\",\"@graph\":[{\"@type\":\"Article\",\"@id\":\"https:\\\/\\\/cvinoticias.com\\\/v3\\\/la-eficacia-de-la-gestion\\\/#article\",\"isPartOf\":{\"@id\":\"https:\\\/\\\/cvinoticias.com\\\/v3\\\/la-eficacia-de-la-gestion\\\/\"},\"author\":{\"name\":\"f1000024\",\"@id\":\"https:\\\/\\\/cvinoticias.com\\\/v3\\\/#\\\/schema\\\/person\\\/2db77e3c6bc03c538495d7b2b8be9b66\"},\"headline\":\"La eficacia de la gesti\u00f3n\",\"datePublished\":\"2023-04-16T13:25:30+00:00\",\"mainEntityOfPage\":{\"@id\":\"https:\\\/\\\/cvinoticias.com\\\/v3\\\/la-eficacia-de-la-gestion\\\/\"},\"wordCount\":1007,\"commentCount\":0,\"publisher\":{\"@id\":\"https:\\\/\\\/cvinoticias.com\\\/v3\\\/#organization\"},\"image\":{\"@id\":\"https:\\\/\\\/cvinoticias.com\\\/v3\\\/la-eficacia-de-la-gestion\\\/#primaryimage\"},\"thumbnailUrl\":\"https:\\\/\\\/cvinoticias.com\\\/wp-content\\\/uploads\\\/2023\\\/04\\\/IMG-20230416-WA0014.jpg\",\"articleSection\":[\"Politica\"],\"inLanguage\":\"es\",\"potentialAction\":[{\"@type\":\"CommentAction\",\"name\":\"Comment\",\"target\":[\"https:\\\/\\\/cvinoticias.com\\\/v3\\\/la-eficacia-de-la-gestion\\\/#respond\"]}]},{\"@type\":\"WebPage\",\"@id\":\"https:\\\/\\\/cvinoticias.com\\\/v3\\\/la-eficacia-de-la-gestion\\\/\",\"url\":\"https:\\\/\\\/cvinoticias.com\\\/v3\\\/la-eficacia-de-la-gestion\\\/\",\"name\":\"La eficacia de la gesti\u00f3n | CVI NOTICIAS\",\"isPartOf\":{\"@id\":\"https:\\\/\\\/cvinoticias.com\\\/v3\\\/#website\"},\"primaryImageOfPage\":{\"@id\":\"https:\\\/\\\/cvinoticias.com\\\/v3\\\/la-eficacia-de-la-gestion\\\/#primaryimage\"},\"image\":{\"@id\":\"https:\\\/\\\/cvinoticias.com\\\/v3\\\/la-eficacia-de-la-gestion\\\/#primaryimage\"},\"thumbnailUrl\":\"https:\\\/\\\/cvinoticias.com\\\/wp-content\\\/uploads\\\/2023\\\/04\\\/IMG-20230416-WA0014.jpg\",\"datePublished\":\"2023-04-16T13:25:30+00:00\",\"breadcrumb\":{\"@id\":\"https:\\\/\\\/cvinoticias.com\\\/v3\\\/la-eficacia-de-la-gestion\\\/#breadcrumb\"},\"inLanguage\":\"es\",\"potentialAction\":[{\"@type\":\"ReadAction\",\"target\":[\"https:\\\/\\\/cvinoticias.com\\\/v3\\\/la-eficacia-de-la-gestion\\\/\"]}]},{\"@type\":\"ImageObject\",\"inLanguage\":\"es\",\"@id\":\"https:\\\/\\\/cvinoticias.com\\\/v3\\\/la-eficacia-de-la-gestion\\\/#primaryimage\",\"url\":\"https:\\\/\\\/cvinoticias.com\\\/wp-content\\\/uploads\\\/2023\\\/04\\\/IMG-20230416-WA0014.jpg\",\"contentUrl\":\"https:\\\/\\\/cvinoticias.com\\\/wp-content\\\/uploads\\\/2023\\\/04\\\/IMG-20230416-WA0014.jpg\",\"width\":1080,\"height\":720},{\"@type\":\"BreadcrumbList\",\"@id\":\"https:\\\/\\\/cvinoticias.com\\\/v3\\\/la-eficacia-de-la-gestion\\\/#breadcrumb\",\"itemListElement\":[{\"@type\":\"ListItem\",\"position\":1,\"name\":\"Portada\",\"item\":\"https:\\\/\\\/cvinoticias.com\\\/v3\\\/\"},{\"@type\":\"ListItem\",\"position\":2,\"name\":\"La eficacia de la gesti\u00f3n\"}]},{\"@type\":\"WebSite\",\"@id\":\"https:\\\/\\\/cvinoticias.com\\\/v3\\\/#website\",\"url\":\"https:\\\/\\\/cvinoticias.com\\\/v3\\\/\",\"name\":\"CVI NOTICIAS\",\"description\":\"\",\"publisher\":{\"@id\":\"https:\\\/\\\/cvinoticias.com\\\/v3\\\/#organization\"},\"alternateName\":\"CVI\",\"potentialAction\":[{\"@type\":\"SearchAction\",\"target\":{\"@type\":\"EntryPoint\",\"urlTemplate\":\"https:\\\/\\\/cvinoticias.com\\\/v3\\\/?s={search_term_string}\"},\"query-input\":{\"@type\":\"PropertyValueSpecification\",\"valueRequired\":true,\"valueName\":\"search_term_string\"}}],\"inLanguage\":\"es\"},{\"@type\":\"Organization\",\"@id\":\"https:\\\/\\\/cvinoticias.com\\\/v3\\\/#organization\",\"name\":\"CVI NOTICIAS\",\"url\":\"https:\\\/\\\/cvinoticias.com\\\/v3\\\/\",\"logo\":{\"@type\":\"ImageObject\",\"inLanguage\":\"es\",\"@id\":\"https:\\\/\\\/cvinoticias.com\\\/v3\\\/#\\\/schema\\\/logo\\\/image\\\/\",\"url\":\"https:\\\/\\\/cvinoticias.com\\\/wp-content\\\/uploads\\\/2023\\\/04\\\/cropped-cropped-cropped-cropped-cropped-3-1.png\",\"contentUrl\":\"https:\\\/\\\/cvinoticias.com\\\/wp-content\\\/uploads\\\/2023\\\/04\\\/cropped-cropped-cropped-cropped-cropped-3-1.png\",\"width\":95,\"height\":122,\"caption\":\"CVI NOTICIAS\"},\"image\":{\"@id\":\"https:\\\/\\\/cvinoticias.com\\\/v3\\\/#\\\/schema\\\/logo\\\/image\\\/\"},\"sameAs\":[\"https:\\\/\\\/www.facebook.com\\\/cvinoticias\",\"https:\\\/\\\/www.instagram.com\\\/cvinoticias\\\/\",\"https:\\\/\\\/www.youtube.com\\\/@CVINOTICIAS\"]},{\"@type\":\"Person\",\"@id\":\"https:\\\/\\\/cvinoticias.com\\\/v3\\\/#\\\/schema\\\/person\\\/2db77e3c6bc03c538495d7b2b8be9b66\",\"name\":\"f1000024\",\"image\":{\"@type\":\"ImageObject\",\"inLanguage\":\"es\",\"@id\":\"https:\\\/\\\/secure.gravatar.com\\\/avatar\\\/d4fe7459cfc51ff5129ce1a732bbef5928568b8092d412ef95611616376bbeed?s=96&d=mm&r=g\",\"url\":\"https:\\\/\\\/secure.gravatar.com\\\/avatar\\\/d4fe7459cfc51ff5129ce1a732bbef5928568b8092d412ef95611616376bbeed?s=96&d=mm&r=g\",\"contentUrl\":\"https:\\\/\\\/secure.gravatar.com\\\/avatar\\\/d4fe7459cfc51ff5129ce1a732bbef5928568b8092d412ef95611616376bbeed?s=96&d=mm&r=g\",\"caption\":\"f1000024\"},\"url\":\"https:\\\/\\\/cvinoticias.com\\\/v3\\\/author\\\/f1000024\\\/\"}]}<\/script>\n<!-- \/ Yoast SEO plugin. -->","yoast_head_json":{"title":"La eficacia de la gesti\u00f3n | CVI NOTICIAS","robots":{"index":"index","follow":"follow","max-snippet":"max-snippet:-1","max-image-preview":"max-image-preview:large","max-video-preview":"max-video-preview:-1"},"canonical":"https:\/\/cvinoticias.com\/v3\/la-eficacia-de-la-gestion\/","og_locale":"es_ES","og_type":"article","og_title":"La eficacia de la gesti\u00f3n | CVI NOTICIAS","og_description":"Por Fiorella Del Piano Las pr\u00f3ximas elecciones del 7 de mayo presentan la pugna entre un modelo pensado por y para los misioneros y distintas variantes de ideas pol\u00edticas m\u00e1s ligadas a ser sat\u00e9lites de quienes conduzcan eventualmente la Naci\u00f3n. A tres semanas que Misiones elija autoridades provinciales, el escenario exhibe una particular claridad, elemento [&hellip;]","og_url":"https:\/\/cvinoticias.com\/v3\/la-eficacia-de-la-gestion\/","og_site_name":"CVI NOTICIAS","article_publisher":"https:\/\/www.facebook.com\/cvinoticias","article_published_time":"2023-04-16T13:25:30+00:00","og_image":[{"width":1080,"height":720,"url":"https:\/\/cvinoticias.com\/wp-content\/uploads\/2023\/04\/IMG-20230416-WA0014.jpg","type":"image\/jpeg"}],"author":"f1000024","twitter_card":"summary_large_image","twitter_misc":{"Escrito por":"f1000024","Tiempo de lectura":"5 minutos"},"schema":{"@context":"https:\/\/schema.org","@graph":[{"@type":"Article","@id":"https:\/\/cvinoticias.com\/v3\/la-eficacia-de-la-gestion\/#article","isPartOf":{"@id":"https:\/\/cvinoticias.com\/v3\/la-eficacia-de-la-gestion\/"},"author":{"name":"f1000024","@id":"https:\/\/cvinoticias.com\/v3\/#\/schema\/person\/2db77e3c6bc03c538495d7b2b8be9b66"},"headline":"La eficacia de la gesti\u00f3n","datePublished":"2023-04-16T13:25:30+00:00","mainEntityOfPage":{"@id":"https:\/\/cvinoticias.com\/v3\/la-eficacia-de-la-gestion\/"},"wordCount":1007,"commentCount":0,"publisher":{"@id":"https:\/\/cvinoticias.com\/v3\/#organization"},"image":{"@id":"https:\/\/cvinoticias.com\/v3\/la-eficacia-de-la-gestion\/#primaryimage"},"thumbnailUrl":"https:\/\/cvinoticias.com\/wp-content\/uploads\/2023\/04\/IMG-20230416-WA0014.jpg","articleSection":["Politica"],"inLanguage":"es","potentialAction":[{"@type":"CommentAction","name":"Comment","target":["https:\/\/cvinoticias.com\/v3\/la-eficacia-de-la-gestion\/#respond"]}]},{"@type":"WebPage","@id":"https:\/\/cvinoticias.com\/v3\/la-eficacia-de-la-gestion\/","url":"https:\/\/cvinoticias.com\/v3\/la-eficacia-de-la-gestion\/","name":"La eficacia de la gesti\u00f3n | CVI NOTICIAS","isPartOf":{"@id":"https:\/\/cvinoticias.com\/v3\/#website"},"primaryImageOfPage":{"@id":"https:\/\/cvinoticias.com\/v3\/la-eficacia-de-la-gestion\/#primaryimage"},"image":{"@id":"https:\/\/cvinoticias.com\/v3\/la-eficacia-de-la-gestion\/#primaryimage"},"thumbnailUrl":"https:\/\/cvinoticias.com\/wp-content\/uploads\/2023\/04\/IMG-20230416-WA0014.jpg","datePublished":"2023-04-16T13:25:30+00:00","breadcrumb":{"@id":"https:\/\/cvinoticias.com\/v3\/la-eficacia-de-la-gestion\/#breadcrumb"},"inLanguage":"es","potentialAction":[{"@type":"ReadAction","target":["https:\/\/cvinoticias.com\/v3\/la-eficacia-de-la-gestion\/"]}]},{"@type":"ImageObject","inLanguage":"es","@id":"https:\/\/cvinoticias.com\/v3\/la-eficacia-de-la-gestion\/#primaryimage","url":"https:\/\/cvinoticias.com\/wp-content\/uploads\/2023\/04\/IMG-20230416-WA0014.jpg","contentUrl":"https:\/\/cvinoticias.com\/wp-content\/uploads\/2023\/04\/IMG-20230416-WA0014.jpg","width":1080,"height":720},{"@type":"BreadcrumbList","@id":"https:\/\/cvinoticias.com\/v3\/la-eficacia-de-la-gestion\/#breadcrumb","itemListElement":[{"@type":"ListItem","position":1,"name":"Portada","item":"https:\/\/cvinoticias.com\/v3\/"},{"@type":"ListItem","position":2,"name":"La eficacia de la gesti\u00f3n"}]},{"@type":"WebSite","@id":"https:\/\/cvinoticias.com\/v3\/#website","url":"https:\/\/cvinoticias.com\/v3\/","name":"CVI NOTICIAS","description":"","publisher":{"@id":"https:\/\/cvinoticias.com\/v3\/#organization"},"alternateName":"CVI","potentialAction":[{"@type":"SearchAction","target":{"@type":"EntryPoint","urlTemplate":"https:\/\/cvinoticias.com\/v3\/?s={search_term_string}"},"query-input":{"@type":"PropertyValueSpecification","valueRequired":true,"valueName":"search_term_string"}}],"inLanguage":"es"},{"@type":"Organization","@id":"https:\/\/cvinoticias.com\/v3\/#organization","name":"CVI NOTICIAS","url":"https:\/\/cvinoticias.com\/v3\/","logo":{"@type":"ImageObject","inLanguage":"es","@id":"https:\/\/cvinoticias.com\/v3\/#\/schema\/logo\/image\/","url":"https:\/\/cvinoticias.com\/wp-content\/uploads\/2023\/04\/cropped-cropped-cropped-cropped-cropped-3-1.png","contentUrl":"https:\/\/cvinoticias.com\/wp-content\/uploads\/2023\/04\/cropped-cropped-cropped-cropped-cropped-3-1.png","width":95,"height":122,"caption":"CVI NOTICIAS"},"image":{"@id":"https:\/\/cvinoticias.com\/v3\/#\/schema\/logo\/image\/"},"sameAs":["https:\/\/www.facebook.com\/cvinoticias","https:\/\/www.instagram.com\/cvinoticias\/","https:\/\/www.youtube.com\/@CVINOTICIAS"]},{"@type":"Person","@id":"https:\/\/cvinoticias.com\/v3\/#\/schema\/person\/2db77e3c6bc03c538495d7b2b8be9b66","name":"f1000024","image":{"@type":"ImageObject","inLanguage":"es","@id":"https:\/\/secure.gravatar.com\/avatar\/d4fe7459cfc51ff5129ce1a732bbef5928568b8092d412ef95611616376bbeed?s=96&d=mm&r=g","url":"https:\/\/secure.gravatar.com\/avatar\/d4fe7459cfc51ff5129ce1a732bbef5928568b8092d412ef95611616376bbeed?s=96&d=mm&r=g","contentUrl":"https:\/\/secure.gravatar.com\/avatar\/d4fe7459cfc51ff5129ce1a732bbef5928568b8092d412ef95611616376bbeed?s=96&d=mm&r=g","caption":"f1000024"},"url":"https:\/\/cvinoticias.com\/v3\/author\/f1000024\/"}]}},"_links":{"self":[{"href":"https:\/\/cvinoticias.com\/v3\/wp-json\/wp\/v2\/posts\/24083","targetHints":{"allow":["GET"]}}],"collection":[{"href":"https:\/\/cvinoticias.com\/v3\/wp-json\/wp\/v2\/posts"}],"about":[{"href":"https:\/\/cvinoticias.com\/v3\/wp-json\/wp\/v2\/types\/post"}],"author":[{"embeddable":true,"href":"https:\/\/cvinoticias.com\/v3\/wp-json\/wp\/v2\/users\/2"}],"replies":[{"embeddable":true,"href":"https:\/\/cvinoticias.com\/v3\/wp-json\/wp\/v2\/comments?post=24083"}],"version-history":[{"count":1,"href":"https:\/\/cvinoticias.com\/v3\/wp-json\/wp\/v2\/posts\/24083\/revisions"}],"predecessor-version":[{"id":24086,"href":"https:\/\/cvinoticias.com\/v3\/wp-json\/wp\/v2\/posts\/24083\/revisions\/24086"}],"wp:featuredmedia":[{"embeddable":true,"href":"https:\/\/cvinoticias.com\/v3\/wp-json\/wp\/v2\/media\/24085"}],"wp:attachment":[{"href":"https:\/\/cvinoticias.com\/v3\/wp-json\/wp\/v2\/media?parent=24083"}],"wp:term":[{"taxonomy":"category","embeddable":true,"href":"https:\/\/cvinoticias.com\/v3\/wp-json\/wp\/v2\/categories?post=24083"},{"taxonomy":"post_tag","embeddable":true,"href":"https:\/\/cvinoticias.com\/v3\/wp-json\/wp\/v2\/tags?post=24083"}],"curies":[{"name":"wp","href":"https:\/\/api.w.org\/{rel}","templated":true}]}}