{"id":24075,"date":"2023-04-16T12:46:00","date_gmt":"2023-04-16T12:46:00","guid":{"rendered":"https:\/\/cvinoticias.com\/v3\/?p=24075"},"modified":"2023-04-17T16:50:47","modified_gmt":"2023-04-17T16:50:47","slug":"se-esta-desarrollando-en-iguazu-la-1-edicion-del-3-naciones-trail-2023","status":"publish","type":"post","link":"https:\/\/cvinoticias.com\/v3\/se-esta-desarrollando-en-iguazu-la-1-edicion-del-3-naciones-trail-2023\/","title":{"rendered":"Se esta desarrollando en Iguaz\u00fa la 1 edici\u00f3n del 3 Naciones Trail 2023"},"content":{"rendered":"\n<p><strong><em>El 3 Naciones Trail es una nueva carrera de 100% trail en la selva que cuenta con diferentes modalidades y distancias como ser 21K, 14K y 7K.<br>, este Medio CVI NOTICIAS &#8211; \u00fanico medio presente en el lugar &#8211; va presentando a los primeros ganadores en llegar.<\/em><\/strong><\/p>\n\n\n\n<ul class=\"wp-block-list\">\n<li>Emiliano Meza ganador de la categor\u00eda 7km del Trail 3 naciones con finalizaci\u00f3n del recorrido en 43 minutos.<\/li>\n\n\n\n<li>Mientras que Matias Moreira es el primero en la categor\u00eda de 21 km<\/li>\n<\/ul>\n\n\n\n<figure class=\"wp-block-image size-large is-resized\"><a href=\"https:\/\/cvinoticias.com\/wp-content\/uploads\/2023\/04\/IMG-20230416-WA0008.jpg\"><img decoding=\"async\" data-src=\"https:\/\/cvinoticias.com\/wp-content\/uploads\/2023\/04\/IMG-20230416-WA0008-1024x461.jpg\" alt=\"\" class=\"wp-image-24093 lazyload\" width=\"683\" height=\"307\" data-srcset=\"https:\/\/cvinoticias.com\/wp-content\/uploads\/2023\/04\/IMG-20230416-WA0008-1024x461.jpg 1024w, https:\/\/cvinoticias.com\/wp-content\/uploads\/2023\/04\/IMG-20230416-WA0008-300x135.jpg 300w, https:\/\/cvinoticias.com\/wp-content\/uploads\/2023\/04\/IMG-20230416-WA0008-768x346.jpg 768w, https:\/\/cvinoticias.com\/wp-content\/uploads\/2023\/04\/IMG-20230416-WA0008.jpg 1280w\" data-sizes=\"(max-width: 683px) 100vw, 683px\" src=\"data:image\/svg+xml;base64,PHN2ZyB3aWR0aD0iMSIgaGVpZ2h0PSIxIiB4bWxucz0iaHR0cDovL3d3dy53My5vcmcvMjAwMC9zdmciPjwvc3ZnPg==\" style=\"--smush-placeholder-width: 683px; --smush-placeholder-aspect-ratio: 683\/307;\" \/><\/a><\/figure>\n\n\n\n<p>Los circuitos habilitados para los mas de 300 corredores fueron Puerto Pen\u00ednsula, Costa del R\u00edo Paran\u00e1, Arroyos, 2.000 Hect\u00e1reas, Salto El Turista, Salto Mbocay, Salto Mariposa, Salto Escondido entre otros.  <\/p>\n\n\n\n<p>Este evento est\u00e1 organizado por Eventos Iguaz\u00fa cont\u00f3 con la participaci\u00f3n de teams de Argentina, Brasil y Paraguay, fue declarado de Inter\u00e9s Provincial y Municipal, cuenta con el apoyo de la Municipalidad, el Iturem (Iguaz\u00fa Turismo Ente Municipal) y del Ej\u00e9rcito Argentino.<\/p>\n\n\n\n<p><strong>Fotos CVI<\/strong><\/p>\n\n\n\n<figure class=\"wp-block-image size-large\"><a href=\"https:\/\/cvinoticias.com\/wp-content\/uploads\/2023\/04\/IMG-20230416-WA0004.jpg\"><img decoding=\"async\" width=\"1024\" height=\"461\" data-src=\"https:\/\/cvinoticias.com\/wp-content\/uploads\/2023\/04\/IMG-20230416-WA0004-1024x461.jpg\" alt=\"\" class=\"wp-image-24077 lazyload\" data-srcset=\"https:\/\/cvinoticias.com\/wp-content\/uploads\/2023\/04\/IMG-20230416-WA0004-1024x461.jpg 1024w, https:\/\/cvinoticias.com\/wp-content\/uploads\/2023\/04\/IMG-20230416-WA0004-300x135.jpg 300w, https:\/\/cvinoticias.com\/wp-content\/uploads\/2023\/04\/IMG-20230416-WA0004-768x346.jpg 768w, https:\/\/cvinoticias.com\/wp-content\/uploads\/2023\/04\/IMG-20230416-WA0004.jpg 1280w\" data-sizes=\"(max-width: 1024px) 100vw, 1024px\" src=\"data:image\/svg+xml;base64,PHN2ZyB3aWR0aD0iMSIgaGVpZ2h0PSIxIiB4bWxucz0iaHR0cDovL3d3dy53My5vcmcvMjAwMC9zdmciPjwvc3ZnPg==\" style=\"--smush-placeholder-width: 1024px; --smush-placeholder-aspect-ratio: 1024\/461;\" \/><\/a><\/figure>\n\n\n\n<p><\/p>\n\n\n\n<p><strong>Las posiciones finales fueron las siguientes en categor\u00eda general:<\/strong><\/p>\n\n\n\n<ul class=\"wp-block-list\">\n<li><strong>CATEGOR\u00cdA MASCULINOS<\/strong>:<\/li>\n<\/ul>\n\n\n\n<p>-Tiempo Nombre Distancia<\/p>\n\n\n\n<p>1)01:51:15 Moreira Andrade, Matias Alexander 21K<\/p>\n\n\n\n<p>2)02:05:23 Esquivel, Fabian Marcelo 21K<\/p>\n\n\n\n<p>3) 02:05:36 L\u00f3pez, Leandro 21K<\/p>\n\n\n\n<p>-Posici\u00f3n Tiempo Nombre Distancia<\/p>\n\n\n\n<p>1)01:31:26 Ben\u00edtez Oviedo, Francisco Javier 14K<\/p>\n\n\n\n<p>2)01:42:09 De Lima, Carlos 14K<\/p>\n\n\n\n<p>3) 01:48:43 C\u00e1ceres, Mat\u00edas Armando 14K<\/p>\n\n\n\n<p>-Posici\u00f3n Tiempo Nombre Distancia<\/p>\n\n\n\n<p>1)00:43:42 Meza, Emiliano Javier 7K<\/p>\n\n\n\n<p>2)00:46:00 Mattje, Guillermo 7K<\/p>\n\n\n\n<p>3) 00:47:55 Ledezma, Horacio Daniel 7K<\/p>\n\n\n\n<ul class=\"wp-block-list\">\n<li><strong>CATEGOR\u00cdA FEMENINOS:<\/strong><\/li>\n<\/ul>\n\n\n\n<p>-Posici\u00f3n Tiempo Nombre Distancia<\/p>\n\n\n\n<p>1) 02:27:08 Fiol, Maria Fernanda 21K<\/p>\n\n\n\n<p>2) 02:29:09 Ponce, Karen Andrea 21K<\/p>\n\n\n\n<p>3) 02:29:09 Gill Benitez, Norma Raquel 21K<\/p>\n\n\n\n<p>-Posici\u00f3n Tiempo Nombre Distancia<\/p>\n\n\n\n<p>1) 01:51:19 Scherbak, Natalia 14K<\/p>\n\n\n\n<p>2) 01:55:39 Baez, Silvia Patricia 14K<\/p>\n\n\n\n<p>3) 02:04:12 Molina, Maria 14K<\/p>\n\n\n\n<p>-Posici\u00f3n Tiempo Nombre Distancia<\/p>\n\n\n\n<p>1) 01:00:07 Benitez, Cintia Belen 7K<\/p>\n\n\n\n<p>2) 01:01:30 Jelen, Natalia 7K<\/p>\n\n\n\n<p>3) 01:02:38 Amarilla, Luisiana Valentina 7K<\/p>\n","protected":false},"excerpt":{"rendered":"<p>El 3 Naciones Trail es una nueva carrera de 100% trail en la selva que cuenta con diferentes modalidades y distancias como ser 21K, 14K y 7K., este Medio CVI NOTICIAS &#8211; \u00fanico medio presente en el lugar &#8211; va presentando a los primeros ganadores en llegar. Los circuitos habilitados para los mas de 300 [&hellip;]<\/p>\n","protected":false},"author":2,"featured_media":24078,"comment_status":"open","ping_status":"open","sticky":false,"template":"","format":"standard","meta":{"footnotes":""},"categories":[29],"tags":[],"class_list":["post-24075","post","type-post","status-publish","format-standard","has-post-thumbnail","hentry","category-locales"],"yoast_head":"<!-- This site is optimized with the Yoast SEO plugin v27.4 - https:\/\/yoast.com\/product\/yoast-seo-wordpress\/ -->\n<title>Se esta desarrollando en Iguaz\u00fa la 1 edici\u00f3n del 3 Naciones Trail 2023 | CVI NOTICIAS<\/title>\n<meta name=\"robots\" content=\"index, follow, max-snippet:-1, max-image-preview:large, max-video-preview:-1\" \/>\n<link rel=\"canonical\" href=\"https:\/\/cvinoticias.com\/v3\/se-esta-desarrollando-en-iguazu-la-1-edicion-del-3-naciones-trail-2023\/\" \/>\n<meta property=\"og:locale\" content=\"es_ES\" \/>\n<meta property=\"og:type\" content=\"article\" \/>\n<meta property=\"og:title\" content=\"Se esta desarrollando en Iguaz\u00fa la 1 edici\u00f3n del 3 Naciones Trail 2023 | CVI NOTICIAS\" \/>\n<meta property=\"og:description\" content=\"El 3 Naciones Trail es una nueva carrera de 100% trail en la selva que cuenta con diferentes modalidades y distancias como ser 21K, 14K y 7K., este Medio CVI NOTICIAS &#8211; \u00fanico medio presente en el lugar &#8211; va presentando a los primeros ganadores en llegar. Los circuitos habilitados para los mas de 300 [&hellip;]\" \/>\n<meta property=\"og:url\" content=\"https:\/\/cvinoticias.com\/v3\/se-esta-desarrollando-en-iguazu-la-1-edicion-del-3-naciones-trail-2023\/\" \/>\n<meta property=\"og:site_name\" content=\"CVI NOTICIAS\" \/>\n<meta property=\"article:publisher\" content=\"https:\/\/www.facebook.com\/cvinoticias\" \/>\n<meta property=\"article:published_time\" content=\"2023-04-16T12:46:00+00:00\" \/>\n<meta property=\"article:modified_time\" content=\"2023-04-17T16:50:47+00:00\" \/>\n<meta property=\"og:image\" content=\"https:\/\/cvinoticias.com\/wp-content\/uploads\/2023\/04\/IMG_20230416_091658_854.webp\" \/>\n\t<meta property=\"og:image:width\" content=\"1100\" \/>\n\t<meta property=\"og:image:height\" content=\"576\" \/>\n\t<meta property=\"og:image:type\" content=\"image\/webp\" \/>\n<meta name=\"author\" content=\"f1000024\" \/>\n<meta name=\"twitter:card\" content=\"summary_large_image\" \/>\n<meta name=\"twitter:label1\" content=\"Escrito por\" \/>\n\t<meta name=\"twitter:data1\" content=\"f1000024\" \/>\n\t<meta name=\"twitter:label2\" content=\"Tiempo de lectura\" \/>\n\t<meta name=\"twitter:data2\" content=\"1 minuto\" \/>\n<script type=\"application\/ld+json\" class=\"yoast-schema-graph\">{\"@context\":\"https:\\\/\\\/schema.org\",\"@graph\":[{\"@type\":\"Article\",\"@id\":\"https:\\\/\\\/cvinoticias.com\\\/v3\\\/se-esta-desarrollando-en-iguazu-la-1-edicion-del-3-naciones-trail-2023\\\/#article\",\"isPartOf\":{\"@id\":\"https:\\\/\\\/cvinoticias.com\\\/v3\\\/se-esta-desarrollando-en-iguazu-la-1-edicion-del-3-naciones-trail-2023\\\/\"},\"author\":{\"name\":\"f1000024\",\"@id\":\"https:\\\/\\\/cvinoticias.com\\\/v3\\\/#\\\/schema\\\/person\\\/2db77e3c6bc03c538495d7b2b8be9b66\"},\"headline\":\"Se esta desarrollando en Iguaz\u00fa la 1 edici\u00f3n del 3 Naciones Trail 2023\",\"datePublished\":\"2023-04-16T12:46:00+00:00\",\"dateModified\":\"2023-04-17T16:50:47+00:00\",\"mainEntityOfPage\":{\"@id\":\"https:\\\/\\\/cvinoticias.com\\\/v3\\\/se-esta-desarrollando-en-iguazu-la-1-edicion-del-3-naciones-trail-2023\\\/\"},\"wordCount\":283,\"commentCount\":0,\"publisher\":{\"@id\":\"https:\\\/\\\/cvinoticias.com\\\/v3\\\/#organization\"},\"image\":{\"@id\":\"https:\\\/\\\/cvinoticias.com\\\/v3\\\/se-esta-desarrollando-en-iguazu-la-1-edicion-del-3-naciones-trail-2023\\\/#primaryimage\"},\"thumbnailUrl\":\"https:\\\/\\\/cvinoticias.com\\\/wp-content\\\/uploads\\\/2023\\\/04\\\/IMG_20230416_091658_854.webp\",\"articleSection\":[\"Locales\"],\"inLanguage\":\"es\",\"potentialAction\":[{\"@type\":\"CommentAction\",\"name\":\"Comment\",\"target\":[\"https:\\\/\\\/cvinoticias.com\\\/v3\\\/se-esta-desarrollando-en-iguazu-la-1-edicion-del-3-naciones-trail-2023\\\/#respond\"]}]},{\"@type\":\"WebPage\",\"@id\":\"https:\\\/\\\/cvinoticias.com\\\/v3\\\/se-esta-desarrollando-en-iguazu-la-1-edicion-del-3-naciones-trail-2023\\\/\",\"url\":\"https:\\\/\\\/cvinoticias.com\\\/v3\\\/se-esta-desarrollando-en-iguazu-la-1-edicion-del-3-naciones-trail-2023\\\/\",\"name\":\"Se esta desarrollando en Iguaz\u00fa la 1 edici\u00f3n del 3 Naciones Trail 2023 | CVI NOTICIAS\",\"isPartOf\":{\"@id\":\"https:\\\/\\\/cvinoticias.com\\\/v3\\\/#website\"},\"primaryImageOfPage\":{\"@id\":\"https:\\\/\\\/cvinoticias.com\\\/v3\\\/se-esta-desarrollando-en-iguazu-la-1-edicion-del-3-naciones-trail-2023\\\/#primaryimage\"},\"image\":{\"@id\":\"https:\\\/\\\/cvinoticias.com\\\/v3\\\/se-esta-desarrollando-en-iguazu-la-1-edicion-del-3-naciones-trail-2023\\\/#primaryimage\"},\"thumbnailUrl\":\"https:\\\/\\\/cvinoticias.com\\\/wp-content\\\/uploads\\\/2023\\\/04\\\/IMG_20230416_091658_854.webp\",\"datePublished\":\"2023-04-16T12:46:00+00:00\",\"dateModified\":\"2023-04-17T16:50:47+00:00\",\"breadcrumb\":{\"@id\":\"https:\\\/\\\/cvinoticias.com\\\/v3\\\/se-esta-desarrollando-en-iguazu-la-1-edicion-del-3-naciones-trail-2023\\\/#breadcrumb\"},\"inLanguage\":\"es\",\"potentialAction\":[{\"@type\":\"ReadAction\",\"target\":[\"https:\\\/\\\/cvinoticias.com\\\/v3\\\/se-esta-desarrollando-en-iguazu-la-1-edicion-del-3-naciones-trail-2023\\\/\"]}]},{\"@type\":\"ImageObject\",\"inLanguage\":\"es\",\"@id\":\"https:\\\/\\\/cvinoticias.com\\\/v3\\\/se-esta-desarrollando-en-iguazu-la-1-edicion-del-3-naciones-trail-2023\\\/#primaryimage\",\"url\":\"https:\\\/\\\/cvinoticias.com\\\/wp-content\\\/uploads\\\/2023\\\/04\\\/IMG_20230416_091658_854.webp\",\"contentUrl\":\"https:\\\/\\\/cvinoticias.com\\\/wp-content\\\/uploads\\\/2023\\\/04\\\/IMG_20230416_091658_854.webp\",\"width\":1100,\"height\":576},{\"@type\":\"BreadcrumbList\",\"@id\":\"https:\\\/\\\/cvinoticias.com\\\/v3\\\/se-esta-desarrollando-en-iguazu-la-1-edicion-del-3-naciones-trail-2023\\\/#breadcrumb\",\"itemListElement\":[{\"@type\":\"ListItem\",\"position\":1,\"name\":\"Portada\",\"item\":\"https:\\\/\\\/cvinoticias.com\\\/v3\\\/\"},{\"@type\":\"ListItem\",\"position\":2,\"name\":\"Se esta desarrollando en Iguaz\u00fa la 1 edici\u00f3n del 3 Naciones Trail 2023\"}]},{\"@type\":\"WebSite\",\"@id\":\"https:\\\/\\\/cvinoticias.com\\\/v3\\\/#website\",\"url\":\"https:\\\/\\\/cvinoticias.com\\\/v3\\\/\",\"name\":\"CVI NOTICIAS\",\"description\":\"\",\"publisher\":{\"@id\":\"https:\\\/\\\/cvinoticias.com\\\/v3\\\/#organization\"},\"alternateName\":\"CVI\",\"potentialAction\":[{\"@type\":\"SearchAction\",\"target\":{\"@type\":\"EntryPoint\",\"urlTemplate\":\"https:\\\/\\\/cvinoticias.com\\\/v3\\\/?s={search_term_string}\"},\"query-input\":{\"@type\":\"PropertyValueSpecification\",\"valueRequired\":true,\"valueName\":\"search_term_string\"}}],\"inLanguage\":\"es\"},{\"@type\":\"Organization\",\"@id\":\"https:\\\/\\\/cvinoticias.com\\\/v3\\\/#organization\",\"name\":\"CVI NOTICIAS\",\"url\":\"https:\\\/\\\/cvinoticias.com\\\/v3\\\/\",\"logo\":{\"@type\":\"ImageObject\",\"inLanguage\":\"es\",\"@id\":\"https:\\\/\\\/cvinoticias.com\\\/v3\\\/#\\\/schema\\\/logo\\\/image\\\/\",\"url\":\"https:\\\/\\\/cvinoticias.com\\\/wp-content\\\/uploads\\\/2023\\\/04\\\/cropped-cropped-cropped-cropped-cropped-3-1.png\",\"contentUrl\":\"https:\\\/\\\/cvinoticias.com\\\/wp-content\\\/uploads\\\/2023\\\/04\\\/cropped-cropped-cropped-cropped-cropped-3-1.png\",\"width\":95,\"height\":122,\"caption\":\"CVI NOTICIAS\"},\"image\":{\"@id\":\"https:\\\/\\\/cvinoticias.com\\\/v3\\\/#\\\/schema\\\/logo\\\/image\\\/\"},\"sameAs\":[\"https:\\\/\\\/www.facebook.com\\\/cvinoticias\",\"https:\\\/\\\/www.instagram.com\\\/cvinoticias\\\/\",\"https:\\\/\\\/www.youtube.com\\\/@CVINOTICIAS\"]},{\"@type\":\"Person\",\"@id\":\"https:\\\/\\\/cvinoticias.com\\\/v3\\\/#\\\/schema\\\/person\\\/2db77e3c6bc03c538495d7b2b8be9b66\",\"name\":\"f1000024\",\"image\":{\"@type\":\"ImageObject\",\"inLanguage\":\"es\",\"@id\":\"https:\\\/\\\/secure.gravatar.com\\\/avatar\\\/d4fe7459cfc51ff5129ce1a732bbef5928568b8092d412ef95611616376bbeed?s=96&d=mm&r=g\",\"url\":\"https:\\\/\\\/secure.gravatar.com\\\/avatar\\\/d4fe7459cfc51ff5129ce1a732bbef5928568b8092d412ef95611616376bbeed?s=96&d=mm&r=g\",\"contentUrl\":\"https:\\\/\\\/secure.gravatar.com\\\/avatar\\\/d4fe7459cfc51ff5129ce1a732bbef5928568b8092d412ef95611616376bbeed?s=96&d=mm&r=g\",\"caption\":\"f1000024\"},\"url\":\"https:\\\/\\\/cvinoticias.com\\\/v3\\\/author\\\/f1000024\\\/\"}]}<\/script>\n<!-- \/ Yoast SEO plugin. -->","yoast_head_json":{"title":"Se esta desarrollando en Iguaz\u00fa la 1 edici\u00f3n del 3 Naciones Trail 2023 | CVI NOTICIAS","robots":{"index":"index","follow":"follow","max-snippet":"max-snippet:-1","max-image-preview":"max-image-preview:large","max-video-preview":"max-video-preview:-1"},"canonical":"https:\/\/cvinoticias.com\/v3\/se-esta-desarrollando-en-iguazu-la-1-edicion-del-3-naciones-trail-2023\/","og_locale":"es_ES","og_type":"article","og_title":"Se esta desarrollando en Iguaz\u00fa la 1 edici\u00f3n del 3 Naciones Trail 2023 | CVI NOTICIAS","og_description":"El 3 Naciones Trail es una nueva carrera de 100% trail en la selva que cuenta con diferentes modalidades y distancias como ser 21K, 14K y 7K., este Medio CVI NOTICIAS &#8211; \u00fanico medio presente en el lugar &#8211; va presentando a los primeros ganadores en llegar. Los circuitos habilitados para los mas de 300 [&hellip;]","og_url":"https:\/\/cvinoticias.com\/v3\/se-esta-desarrollando-en-iguazu-la-1-edicion-del-3-naciones-trail-2023\/","og_site_name":"CVI NOTICIAS","article_publisher":"https:\/\/www.facebook.com\/cvinoticias","article_published_time":"2023-04-16T12:46:00+00:00","article_modified_time":"2023-04-17T16:50:47+00:00","og_image":[{"width":1100,"height":576,"url":"https:\/\/cvinoticias.com\/wp-content\/uploads\/2023\/04\/IMG_20230416_091658_854.webp","type":"image\/webp"}],"author":"f1000024","twitter_card":"summary_large_image","twitter_misc":{"Escrito por":"f1000024","Tiempo de lectura":"1 minuto"},"schema":{"@context":"https:\/\/schema.org","@graph":[{"@type":"Article","@id":"https:\/\/cvinoticias.com\/v3\/se-esta-desarrollando-en-iguazu-la-1-edicion-del-3-naciones-trail-2023\/#article","isPartOf":{"@id":"https:\/\/cvinoticias.com\/v3\/se-esta-desarrollando-en-iguazu-la-1-edicion-del-3-naciones-trail-2023\/"},"author":{"name":"f1000024","@id":"https:\/\/cvinoticias.com\/v3\/#\/schema\/person\/2db77e3c6bc03c538495d7b2b8be9b66"},"headline":"Se esta desarrollando en Iguaz\u00fa la 1 edici\u00f3n del 3 Naciones Trail 2023","datePublished":"2023-04-16T12:46:00+00:00","dateModified":"2023-04-17T16:50:47+00:00","mainEntityOfPage":{"@id":"https:\/\/cvinoticias.com\/v3\/se-esta-desarrollando-en-iguazu-la-1-edicion-del-3-naciones-trail-2023\/"},"wordCount":283,"commentCount":0,"publisher":{"@id":"https:\/\/cvinoticias.com\/v3\/#organization"},"image":{"@id":"https:\/\/cvinoticias.com\/v3\/se-esta-desarrollando-en-iguazu-la-1-edicion-del-3-naciones-trail-2023\/#primaryimage"},"thumbnailUrl":"https:\/\/cvinoticias.com\/wp-content\/uploads\/2023\/04\/IMG_20230416_091658_854.webp","articleSection":["Locales"],"inLanguage":"es","potentialAction":[{"@type":"CommentAction","name":"Comment","target":["https:\/\/cvinoticias.com\/v3\/se-esta-desarrollando-en-iguazu-la-1-edicion-del-3-naciones-trail-2023\/#respond"]}]},{"@type":"WebPage","@id":"https:\/\/cvinoticias.com\/v3\/se-esta-desarrollando-en-iguazu-la-1-edicion-del-3-naciones-trail-2023\/","url":"https:\/\/cvinoticias.com\/v3\/se-esta-desarrollando-en-iguazu-la-1-edicion-del-3-naciones-trail-2023\/","name":"Se esta desarrollando en Iguaz\u00fa la 1 edici\u00f3n del 3 Naciones Trail 2023 | CVI NOTICIAS","isPartOf":{"@id":"https:\/\/cvinoticias.com\/v3\/#website"},"primaryImageOfPage":{"@id":"https:\/\/cvinoticias.com\/v3\/se-esta-desarrollando-en-iguazu-la-1-edicion-del-3-naciones-trail-2023\/#primaryimage"},"image":{"@id":"https:\/\/cvinoticias.com\/v3\/se-esta-desarrollando-en-iguazu-la-1-edicion-del-3-naciones-trail-2023\/#primaryimage"},"thumbnailUrl":"https:\/\/cvinoticias.com\/wp-content\/uploads\/2023\/04\/IMG_20230416_091658_854.webp","datePublished":"2023-04-16T12:46:00+00:00","dateModified":"2023-04-17T16:50:47+00:00","breadcrumb":{"@id":"https:\/\/cvinoticias.com\/v3\/se-esta-desarrollando-en-iguazu-la-1-edicion-del-3-naciones-trail-2023\/#breadcrumb"},"inLanguage":"es","potentialAction":[{"@type":"ReadAction","target":["https:\/\/cvinoticias.com\/v3\/se-esta-desarrollando-en-iguazu-la-1-edicion-del-3-naciones-trail-2023\/"]}]},{"@type":"ImageObject","inLanguage":"es","@id":"https:\/\/cvinoticias.com\/v3\/se-esta-desarrollando-en-iguazu-la-1-edicion-del-3-naciones-trail-2023\/#primaryimage","url":"https:\/\/cvinoticias.com\/wp-content\/uploads\/2023\/04\/IMG_20230416_091658_854.webp","contentUrl":"https:\/\/cvinoticias.com\/wp-content\/uploads\/2023\/04\/IMG_20230416_091658_854.webp","width":1100,"height":576},{"@type":"BreadcrumbList","@id":"https:\/\/cvinoticias.com\/v3\/se-esta-desarrollando-en-iguazu-la-1-edicion-del-3-naciones-trail-2023\/#breadcrumb","itemListElement":[{"@type":"ListItem","position":1,"name":"Portada","item":"https:\/\/cvinoticias.com\/v3\/"},{"@type":"ListItem","position":2,"name":"Se esta desarrollando en Iguaz\u00fa la 1 edici\u00f3n del 3 Naciones Trail 2023"}]},{"@type":"WebSite","@id":"https:\/\/cvinoticias.com\/v3\/#website","url":"https:\/\/cvinoticias.com\/v3\/","name":"CVI NOTICIAS","description":"","publisher":{"@id":"https:\/\/cvinoticias.com\/v3\/#organization"},"alternateName":"CVI","potentialAction":[{"@type":"SearchAction","target":{"@type":"EntryPoint","urlTemplate":"https:\/\/cvinoticias.com\/v3\/?s={search_term_string}"},"query-input":{"@type":"PropertyValueSpecification","valueRequired":true,"valueName":"search_term_string"}}],"inLanguage":"es"},{"@type":"Organization","@id":"https:\/\/cvinoticias.com\/v3\/#organization","name":"CVI NOTICIAS","url":"https:\/\/cvinoticias.com\/v3\/","logo":{"@type":"ImageObject","inLanguage":"es","@id":"https:\/\/cvinoticias.com\/v3\/#\/schema\/logo\/image\/","url":"https:\/\/cvinoticias.com\/wp-content\/uploads\/2023\/04\/cropped-cropped-cropped-cropped-cropped-3-1.png","contentUrl":"https:\/\/cvinoticias.com\/wp-content\/uploads\/2023\/04\/cropped-cropped-cropped-cropped-cropped-3-1.png","width":95,"height":122,"caption":"CVI NOTICIAS"},"image":{"@id":"https:\/\/cvinoticias.com\/v3\/#\/schema\/logo\/image\/"},"sameAs":["https:\/\/www.facebook.com\/cvinoticias","https:\/\/www.instagram.com\/cvinoticias\/","https:\/\/www.youtube.com\/@CVINOTICIAS"]},{"@type":"Person","@id":"https:\/\/cvinoticias.com\/v3\/#\/schema\/person\/2db77e3c6bc03c538495d7b2b8be9b66","name":"f1000024","image":{"@type":"ImageObject","inLanguage":"es","@id":"https:\/\/secure.gravatar.com\/avatar\/d4fe7459cfc51ff5129ce1a732bbef5928568b8092d412ef95611616376bbeed?s=96&d=mm&r=g","url":"https:\/\/secure.gravatar.com\/avatar\/d4fe7459cfc51ff5129ce1a732bbef5928568b8092d412ef95611616376bbeed?s=96&d=mm&r=g","contentUrl":"https:\/\/secure.gravatar.com\/avatar\/d4fe7459cfc51ff5129ce1a732bbef5928568b8092d412ef95611616376bbeed?s=96&d=mm&r=g","caption":"f1000024"},"url":"https:\/\/cvinoticias.com\/v3\/author\/f1000024\/"}]}},"_links":{"self":[{"href":"https:\/\/cvinoticias.com\/v3\/wp-json\/wp\/v2\/posts\/24075","targetHints":{"allow":["GET"]}}],"collection":[{"href":"https:\/\/cvinoticias.com\/v3\/wp-json\/wp\/v2\/posts"}],"about":[{"href":"https:\/\/cvinoticias.com\/v3\/wp-json\/wp\/v2\/types\/post"}],"author":[{"embeddable":true,"href":"https:\/\/cvinoticias.com\/v3\/wp-json\/wp\/v2\/users\/2"}],"replies":[{"embeddable":true,"href":"https:\/\/cvinoticias.com\/v3\/wp-json\/wp\/v2\/comments?post=24075"}],"version-history":[{"count":5,"href":"https:\/\/cvinoticias.com\/v3\/wp-json\/wp\/v2\/posts\/24075\/revisions"}],"predecessor-version":[{"id":24133,"href":"https:\/\/cvinoticias.com\/v3\/wp-json\/wp\/v2\/posts\/24075\/revisions\/24133"}],"wp:featuredmedia":[{"embeddable":true,"href":"https:\/\/cvinoticias.com\/v3\/wp-json\/wp\/v2\/media\/24078"}],"wp:attachment":[{"href":"https:\/\/cvinoticias.com\/v3\/wp-json\/wp\/v2\/media?parent=24075"}],"wp:term":[{"taxonomy":"category","embeddable":true,"href":"https:\/\/cvinoticias.com\/v3\/wp-json\/wp\/v2\/categories?post=24075"},{"taxonomy":"post_tag","embeddable":true,"href":"https:\/\/cvinoticias.com\/v3\/wp-json\/wp\/v2\/tags?post=24075"}],"curies":[{"name":"wp","href":"https:\/\/api.w.org\/{rel}","templated":true}]}}