{"id":24057,"date":"2023-04-15T00:19:57","date_gmt":"2023-04-15T00:19:57","guid":{"rendered":"https:\/\/cvinoticias.com\/v3\/?p=24057"},"modified":"2023-04-15T00:19:57","modified_gmt":"2023-04-15T00:19:57","slug":"javier-milei-bajo-a-sus-candidatos-en-corrientes-y-misiones","status":"publish","type":"post","link":"https:\/\/cvinoticias.com\/v3\/javier-milei-bajo-a-sus-candidatos-en-corrientes-y-misiones\/","title":{"rendered":"Javier Milei baj\u00f3 a sus candidatos en Corrientes y Misiones"},"content":{"rendered":"\n<p><strong><em>Los libertarios no presentar\u00e1n listas propias en los comicios para gobernador de Misiones y los de medio t\u00e9rmino en Corrientes.<\/em><\/strong><\/p>\n\n\n\n<p>En menos de una semana, los libertarios de Javier Milei se quedaron sin candidatos en las elecciones provinciales de Corrientes y Misiones.<\/p>\n\n\n\n<p>La decisi\u00f3n de no competir lleg\u00f3 desde Buenos Aires y tendr\u00eda relaci\u00f3n con el escaso caudal electoral que recoger\u00edan en dos provincias donde se espera una fuerte polarizaci\u00f3n.<\/p>\n\n\n\n<p>En Corrientesesta semana cerraron los plazos de inscripci\u00f3n de las alianzas y partidos. All\u00ed, el partido Uni\u00f3n Celeste y Blanca, identificado con Milei, no se anot\u00f3 para los comicios de medio t\u00e9rmino.<\/p>\n\n\n\n<p>El concejal capitalino y referente de los liberales, Lisandro Almir\u00f3n, admiti\u00f3 que hubo un \u201cacuerdo nacional de no participar en las eleccionesy reservarnos para la contienda electoral mas importante que es la nacional\u201d.<\/p>\n\n\n\n<p>En Misiones, el partido de Milei no hab\u00eda completado el tr\u00e1mite de inscripci\u00f3n ante el Tribunal Electoral para los comicios del 7 de mayo, pero a \u00faltima hora lograron subirse a la pelea de la mano del Partido de Integraci\u00f3n y Militancia (PIM), que le cedi\u00f3 a la libertaria Ninfa Alvarenga la candidatura a gobernadora.<\/p>\n\n\n\n<p>A fines de marzo pasado, Alvarenga confirm\u00f3 que \u201cme postulo como candidata a gobernadora con la lista 644\u201d. Sobre el armado de las listas, la dirigente destac\u00f3 que la mayor\u00eda de los candidatos que presentaron son \u201ct\u00edpicos j\u00f3venes libertarios\u201d que est\u00e1n vinculados a la econom\u00eda y comulgan con las ideas de Milei. \u201cOtros s\u00f3lo son simpatizantes que se acercan para colaborar porque buscan un cambio\u201d, agreg\u00f3.<\/p>\n\n\n\n<p>\u201cEn estos \u00faltimos meses nos pas\u00f3 de todo. Hace m\u00e1s de un mes estamos esperando que la Justicia de Misiones resuelva un recurso de amparo que presentamos porque el Tribunal Electoral no cont\u00f3 las fichas de afiliaci\u00f3n que presentamos para habilitarnos a competir con nuestro partido que se llama Vida y Libertad\u201d, cont\u00f3 la dirigente, que calific\u00f3 la decisi\u00f3n judicial como \u201cproscripci\u00f3n\u201d.<\/p>\n\n\n\n<p>Pero la presencia de los libertarios en el ring electoral de Misiones dur\u00f3 muy poco, porque esta semana Alvarenga envi\u00f3 al Tribunal Electoral una nota con su renuncia a la candidatura y la decisi\u00f3n de bajar todas las listas para intendentes y concejales que hab\u00edan sumado al PIM.<\/p>\n\n\n\n<p>La libertaria asegur\u00f3 que no particip\u00f3 de las negociaciones con el partido provincial que les prest\u00f3 el sello para competir. \u201cNunca pude saber qu\u00e9 hab\u00edan pactado\u201d, asegur\u00f3.<\/p>\n\n\n\n<p>Y que desde un primer momento \u201cempezamos a tener problemas con esta gente, porque no es la misma manera de hacer pol\u00edtica, muchas dificultades en la comunicaci\u00f3n, en modos, aprietes, cuestiones a las que no estamos acostumbrados\u201d, sostuvo para justificar su decisi\u00f3n de bajar las candidaturas libertarias.<\/p>\n\n\n\n<p>Sin embargo, la orden de no participar en las elecciones locales la habr\u00eda bajado Carlos Kikuchi, el armador del candidato presidencial de La Libertad Avanza a nivel nacional.<\/p>\n\n\n\n<p>Desde Buenos Aires alegaron que \u201cno estaban dadas las condiciones\u201d para estar presentes en las elecciones del 7 de mayo porque \u201cno podemos arriesgar a que Milei saque menos de dos d\u00edgitos en las provinciales de Misiones\u201d.<\/p>\n\n\n\n<p>La dirigente aclar\u00f3 que s\u00ed ser\u00e1n parte de la oferta electoral en las PASO y en las elecciones nacionales porque \u201cel objetivo de todo es Javier Milei presidente\u201d, afirm\u00f3.<\/p>\n\n\n\n<p>Lo ins\u00f3lito del caso es que el Tribunal Electoral de Misiones rechaz\u00f3 la renuncia de Alvarenga, quien aleg\u00f3 en su nota diferencias insalvables con el PIM.<\/p>\n\n\n\n<p>Las autoridades electorales apuntaron en su resoluci\u00f3n que \u201cla renuncia fue presentada ante este Tribunal y no ante el Partido Integraci\u00f3n y Militancia que la postulara\u201d, adem\u00e1s de \u201cla posici\u00f3n asumida al respecto por dicha agrupaci\u00f3n pol\u00edtica (de sostener las postulaciones), y el avanzado estado del proceso electoral en curso\u201d.<\/p>\n","protected":false},"excerpt":{"rendered":"<p>Los libertarios no presentar\u00e1n listas propias en los comicios para gobernador de Misiones y los de medio t\u00e9rmino en Corrientes. En menos de una semana, los libertarios de Javier Milei se quedaron sin candidatos en las elecciones provinciales de Corrientes y Misiones. La decisi\u00f3n de no competir lleg\u00f3 desde Buenos Aires y tendr\u00eda relaci\u00f3n con [&hellip;]<\/p>\n","protected":false},"author":2,"featured_media":24058,"comment_status":"open","ping_status":"open","sticky":false,"template":"","format":"standard","meta":{"footnotes":""},"categories":[42],"tags":[],"class_list":["post-24057","post","type-post","status-publish","format-standard","has-post-thumbnail","hentry","category-politica"],"yoast_head":"<!-- This site is optimized with the Yoast SEO plugin v27.4 - https:\/\/yoast.com\/product\/yoast-seo-wordpress\/ -->\n<title>Javier Milei baj\u00f3 a sus candidatos en Corrientes y Misiones | CVI NOTICIAS<\/title>\n<meta name=\"robots\" content=\"index, follow, max-snippet:-1, max-image-preview:large, max-video-preview:-1\" \/>\n<link rel=\"canonical\" href=\"https:\/\/cvinoticias.com\/v3\/javier-milei-bajo-a-sus-candidatos-en-corrientes-y-misiones\/\" \/>\n<meta property=\"og:locale\" content=\"es_ES\" \/>\n<meta property=\"og:type\" content=\"article\" \/>\n<meta property=\"og:title\" content=\"Javier Milei baj\u00f3 a sus candidatos en Corrientes y Misiones | CVI NOTICIAS\" \/>\n<meta property=\"og:description\" content=\"Los libertarios no presentar\u00e1n listas propias en los comicios para gobernador de Misiones y los de medio t\u00e9rmino en Corrientes. En menos de una semana, los libertarios de Javier Milei se quedaron sin candidatos en las elecciones provinciales de Corrientes y Misiones. La decisi\u00f3n de no competir lleg\u00f3 desde Buenos Aires y tendr\u00eda relaci\u00f3n con [&hellip;]\" \/>\n<meta property=\"og:url\" content=\"https:\/\/cvinoticias.com\/v3\/javier-milei-bajo-a-sus-candidatos-en-corrientes-y-misiones\/\" \/>\n<meta property=\"og:site_name\" content=\"CVI NOTICIAS\" \/>\n<meta property=\"article:publisher\" content=\"https:\/\/www.facebook.com\/cvinoticias\" \/>\n<meta property=\"article:published_time\" content=\"2023-04-15T00:19:57+00:00\" \/>\n<meta property=\"og:image\" content=\"https:\/\/cvinoticias.com\/wp-content\/uploads\/2023\/04\/javier-milei-20220921-1423951jpg.jpg\" \/>\n\t<meta property=\"og:image:width\" content=\"790\" \/>\n\t<meta property=\"og:image:height\" content=\"444\" \/>\n\t<meta property=\"og:image:type\" content=\"image\/jpeg\" \/>\n<meta name=\"author\" content=\"f1000024\" \/>\n<meta name=\"twitter:card\" content=\"summary_large_image\" \/>\n<meta name=\"twitter:label1\" content=\"Escrito por\" \/>\n\t<meta name=\"twitter:data1\" content=\"f1000024\" \/>\n\t<meta name=\"twitter:label2\" content=\"Tiempo de lectura\" \/>\n\t<meta name=\"twitter:data2\" content=\"3 minutos\" \/>\n<script type=\"application\/ld+json\" class=\"yoast-schema-graph\">{\"@context\":\"https:\\\/\\\/schema.org\",\"@graph\":[{\"@type\":\"Article\",\"@id\":\"https:\\\/\\\/cvinoticias.com\\\/v3\\\/javier-milei-bajo-a-sus-candidatos-en-corrientes-y-misiones\\\/#article\",\"isPartOf\":{\"@id\":\"https:\\\/\\\/cvinoticias.com\\\/v3\\\/javier-milei-bajo-a-sus-candidatos-en-corrientes-y-misiones\\\/\"},\"author\":{\"name\":\"f1000024\",\"@id\":\"https:\\\/\\\/cvinoticias.com\\\/v3\\\/#\\\/schema\\\/person\\\/2db77e3c6bc03c538495d7b2b8be9b66\"},\"headline\":\"Javier Milei baj\u00f3 a sus candidatos en Corrientes y Misiones\",\"datePublished\":\"2023-04-15T00:19:57+00:00\",\"mainEntityOfPage\":{\"@id\":\"https:\\\/\\\/cvinoticias.com\\\/v3\\\/javier-milei-bajo-a-sus-candidatos-en-corrientes-y-misiones\\\/\"},\"wordCount\":658,\"commentCount\":0,\"publisher\":{\"@id\":\"https:\\\/\\\/cvinoticias.com\\\/v3\\\/#organization\"},\"image\":{\"@id\":\"https:\\\/\\\/cvinoticias.com\\\/v3\\\/javier-milei-bajo-a-sus-candidatos-en-corrientes-y-misiones\\\/#primaryimage\"},\"thumbnailUrl\":\"https:\\\/\\\/cvinoticias.com\\\/wp-content\\\/uploads\\\/2023\\\/04\\\/javier-milei-20220921-1423951jpg.jpg\",\"articleSection\":[\"Politica\"],\"inLanguage\":\"es\",\"potentialAction\":[{\"@type\":\"CommentAction\",\"name\":\"Comment\",\"target\":[\"https:\\\/\\\/cvinoticias.com\\\/v3\\\/javier-milei-bajo-a-sus-candidatos-en-corrientes-y-misiones\\\/#respond\"]}]},{\"@type\":\"WebPage\",\"@id\":\"https:\\\/\\\/cvinoticias.com\\\/v3\\\/javier-milei-bajo-a-sus-candidatos-en-corrientes-y-misiones\\\/\",\"url\":\"https:\\\/\\\/cvinoticias.com\\\/v3\\\/javier-milei-bajo-a-sus-candidatos-en-corrientes-y-misiones\\\/\",\"name\":\"Javier Milei baj\u00f3 a sus candidatos en Corrientes y Misiones | CVI NOTICIAS\",\"isPartOf\":{\"@id\":\"https:\\\/\\\/cvinoticias.com\\\/v3\\\/#website\"},\"primaryImageOfPage\":{\"@id\":\"https:\\\/\\\/cvinoticias.com\\\/v3\\\/javier-milei-bajo-a-sus-candidatos-en-corrientes-y-misiones\\\/#primaryimage\"},\"image\":{\"@id\":\"https:\\\/\\\/cvinoticias.com\\\/v3\\\/javier-milei-bajo-a-sus-candidatos-en-corrientes-y-misiones\\\/#primaryimage\"},\"thumbnailUrl\":\"https:\\\/\\\/cvinoticias.com\\\/wp-content\\\/uploads\\\/2023\\\/04\\\/javier-milei-20220921-1423951jpg.jpg\",\"datePublished\":\"2023-04-15T00:19:57+00:00\",\"breadcrumb\":{\"@id\":\"https:\\\/\\\/cvinoticias.com\\\/v3\\\/javier-milei-bajo-a-sus-candidatos-en-corrientes-y-misiones\\\/#breadcrumb\"},\"inLanguage\":\"es\",\"potentialAction\":[{\"@type\":\"ReadAction\",\"target\":[\"https:\\\/\\\/cvinoticias.com\\\/v3\\\/javier-milei-bajo-a-sus-candidatos-en-corrientes-y-misiones\\\/\"]}]},{\"@type\":\"ImageObject\",\"inLanguage\":\"es\",\"@id\":\"https:\\\/\\\/cvinoticias.com\\\/v3\\\/javier-milei-bajo-a-sus-candidatos-en-corrientes-y-misiones\\\/#primaryimage\",\"url\":\"https:\\\/\\\/cvinoticias.com\\\/wp-content\\\/uploads\\\/2023\\\/04\\\/javier-milei-20220921-1423951jpg.jpg\",\"contentUrl\":\"https:\\\/\\\/cvinoticias.com\\\/wp-content\\\/uploads\\\/2023\\\/04\\\/javier-milei-20220921-1423951jpg.jpg\",\"width\":790,\"height\":444},{\"@type\":\"BreadcrumbList\",\"@id\":\"https:\\\/\\\/cvinoticias.com\\\/v3\\\/javier-milei-bajo-a-sus-candidatos-en-corrientes-y-misiones\\\/#breadcrumb\",\"itemListElement\":[{\"@type\":\"ListItem\",\"position\":1,\"name\":\"Portada\",\"item\":\"https:\\\/\\\/cvinoticias.com\\\/v3\\\/\"},{\"@type\":\"ListItem\",\"position\":2,\"name\":\"Javier Milei baj\u00f3 a sus candidatos en Corrientes y Misiones\"}]},{\"@type\":\"WebSite\",\"@id\":\"https:\\\/\\\/cvinoticias.com\\\/v3\\\/#website\",\"url\":\"https:\\\/\\\/cvinoticias.com\\\/v3\\\/\",\"name\":\"CVI NOTICIAS\",\"description\":\"\",\"publisher\":{\"@id\":\"https:\\\/\\\/cvinoticias.com\\\/v3\\\/#organization\"},\"alternateName\":\"CVI\",\"potentialAction\":[{\"@type\":\"SearchAction\",\"target\":{\"@type\":\"EntryPoint\",\"urlTemplate\":\"https:\\\/\\\/cvinoticias.com\\\/v3\\\/?s={search_term_string}\"},\"query-input\":{\"@type\":\"PropertyValueSpecification\",\"valueRequired\":true,\"valueName\":\"search_term_string\"}}],\"inLanguage\":\"es\"},{\"@type\":\"Organization\",\"@id\":\"https:\\\/\\\/cvinoticias.com\\\/v3\\\/#organization\",\"name\":\"CVI NOTICIAS\",\"url\":\"https:\\\/\\\/cvinoticias.com\\\/v3\\\/\",\"logo\":{\"@type\":\"ImageObject\",\"inLanguage\":\"es\",\"@id\":\"https:\\\/\\\/cvinoticias.com\\\/v3\\\/#\\\/schema\\\/logo\\\/image\\\/\",\"url\":\"https:\\\/\\\/cvinoticias.com\\\/wp-content\\\/uploads\\\/2023\\\/04\\\/cropped-cropped-cropped-cropped-cropped-3-1.png\",\"contentUrl\":\"https:\\\/\\\/cvinoticias.com\\\/wp-content\\\/uploads\\\/2023\\\/04\\\/cropped-cropped-cropped-cropped-cropped-3-1.png\",\"width\":95,\"height\":122,\"caption\":\"CVI NOTICIAS\"},\"image\":{\"@id\":\"https:\\\/\\\/cvinoticias.com\\\/v3\\\/#\\\/schema\\\/logo\\\/image\\\/\"},\"sameAs\":[\"https:\\\/\\\/www.facebook.com\\\/cvinoticias\",\"https:\\\/\\\/www.instagram.com\\\/cvinoticias\\\/\",\"https:\\\/\\\/www.youtube.com\\\/@CVINOTICIAS\"]},{\"@type\":\"Person\",\"@id\":\"https:\\\/\\\/cvinoticias.com\\\/v3\\\/#\\\/schema\\\/person\\\/2db77e3c6bc03c538495d7b2b8be9b66\",\"name\":\"f1000024\",\"image\":{\"@type\":\"ImageObject\",\"inLanguage\":\"es\",\"@id\":\"https:\\\/\\\/secure.gravatar.com\\\/avatar\\\/d4fe7459cfc51ff5129ce1a732bbef5928568b8092d412ef95611616376bbeed?s=96&d=mm&r=g\",\"url\":\"https:\\\/\\\/secure.gravatar.com\\\/avatar\\\/d4fe7459cfc51ff5129ce1a732bbef5928568b8092d412ef95611616376bbeed?s=96&d=mm&r=g\",\"contentUrl\":\"https:\\\/\\\/secure.gravatar.com\\\/avatar\\\/d4fe7459cfc51ff5129ce1a732bbef5928568b8092d412ef95611616376bbeed?s=96&d=mm&r=g\",\"caption\":\"f1000024\"},\"url\":\"https:\\\/\\\/cvinoticias.com\\\/v3\\\/author\\\/f1000024\\\/\"}]}<\/script>\n<!-- \/ Yoast SEO plugin. -->","yoast_head_json":{"title":"Javier Milei baj\u00f3 a sus candidatos en Corrientes y Misiones | CVI NOTICIAS","robots":{"index":"index","follow":"follow","max-snippet":"max-snippet:-1","max-image-preview":"max-image-preview:large","max-video-preview":"max-video-preview:-1"},"canonical":"https:\/\/cvinoticias.com\/v3\/javier-milei-bajo-a-sus-candidatos-en-corrientes-y-misiones\/","og_locale":"es_ES","og_type":"article","og_title":"Javier Milei baj\u00f3 a sus candidatos en Corrientes y Misiones | CVI NOTICIAS","og_description":"Los libertarios no presentar\u00e1n listas propias en los comicios para gobernador de Misiones y los de medio t\u00e9rmino en Corrientes. En menos de una semana, los libertarios de Javier Milei se quedaron sin candidatos en las elecciones provinciales de Corrientes y Misiones. La decisi\u00f3n de no competir lleg\u00f3 desde Buenos Aires y tendr\u00eda relaci\u00f3n con [&hellip;]","og_url":"https:\/\/cvinoticias.com\/v3\/javier-milei-bajo-a-sus-candidatos-en-corrientes-y-misiones\/","og_site_name":"CVI NOTICIAS","article_publisher":"https:\/\/www.facebook.com\/cvinoticias","article_published_time":"2023-04-15T00:19:57+00:00","og_image":[{"width":790,"height":444,"url":"https:\/\/cvinoticias.com\/wp-content\/uploads\/2023\/04\/javier-milei-20220921-1423951jpg.jpg","type":"image\/jpeg"}],"author":"f1000024","twitter_card":"summary_large_image","twitter_misc":{"Escrito por":"f1000024","Tiempo de lectura":"3 minutos"},"schema":{"@context":"https:\/\/schema.org","@graph":[{"@type":"Article","@id":"https:\/\/cvinoticias.com\/v3\/javier-milei-bajo-a-sus-candidatos-en-corrientes-y-misiones\/#article","isPartOf":{"@id":"https:\/\/cvinoticias.com\/v3\/javier-milei-bajo-a-sus-candidatos-en-corrientes-y-misiones\/"},"author":{"name":"f1000024","@id":"https:\/\/cvinoticias.com\/v3\/#\/schema\/person\/2db77e3c6bc03c538495d7b2b8be9b66"},"headline":"Javier Milei baj\u00f3 a sus candidatos en Corrientes y Misiones","datePublished":"2023-04-15T00:19:57+00:00","mainEntityOfPage":{"@id":"https:\/\/cvinoticias.com\/v3\/javier-milei-bajo-a-sus-candidatos-en-corrientes-y-misiones\/"},"wordCount":658,"commentCount":0,"publisher":{"@id":"https:\/\/cvinoticias.com\/v3\/#organization"},"image":{"@id":"https:\/\/cvinoticias.com\/v3\/javier-milei-bajo-a-sus-candidatos-en-corrientes-y-misiones\/#primaryimage"},"thumbnailUrl":"https:\/\/cvinoticias.com\/wp-content\/uploads\/2023\/04\/javier-milei-20220921-1423951jpg.jpg","articleSection":["Politica"],"inLanguage":"es","potentialAction":[{"@type":"CommentAction","name":"Comment","target":["https:\/\/cvinoticias.com\/v3\/javier-milei-bajo-a-sus-candidatos-en-corrientes-y-misiones\/#respond"]}]},{"@type":"WebPage","@id":"https:\/\/cvinoticias.com\/v3\/javier-milei-bajo-a-sus-candidatos-en-corrientes-y-misiones\/","url":"https:\/\/cvinoticias.com\/v3\/javier-milei-bajo-a-sus-candidatos-en-corrientes-y-misiones\/","name":"Javier Milei baj\u00f3 a sus candidatos en Corrientes y Misiones | CVI NOTICIAS","isPartOf":{"@id":"https:\/\/cvinoticias.com\/v3\/#website"},"primaryImageOfPage":{"@id":"https:\/\/cvinoticias.com\/v3\/javier-milei-bajo-a-sus-candidatos-en-corrientes-y-misiones\/#primaryimage"},"image":{"@id":"https:\/\/cvinoticias.com\/v3\/javier-milei-bajo-a-sus-candidatos-en-corrientes-y-misiones\/#primaryimage"},"thumbnailUrl":"https:\/\/cvinoticias.com\/wp-content\/uploads\/2023\/04\/javier-milei-20220921-1423951jpg.jpg","datePublished":"2023-04-15T00:19:57+00:00","breadcrumb":{"@id":"https:\/\/cvinoticias.com\/v3\/javier-milei-bajo-a-sus-candidatos-en-corrientes-y-misiones\/#breadcrumb"},"inLanguage":"es","potentialAction":[{"@type":"ReadAction","target":["https:\/\/cvinoticias.com\/v3\/javier-milei-bajo-a-sus-candidatos-en-corrientes-y-misiones\/"]}]},{"@type":"ImageObject","inLanguage":"es","@id":"https:\/\/cvinoticias.com\/v3\/javier-milei-bajo-a-sus-candidatos-en-corrientes-y-misiones\/#primaryimage","url":"https:\/\/cvinoticias.com\/wp-content\/uploads\/2023\/04\/javier-milei-20220921-1423951jpg.jpg","contentUrl":"https:\/\/cvinoticias.com\/wp-content\/uploads\/2023\/04\/javier-milei-20220921-1423951jpg.jpg","width":790,"height":444},{"@type":"BreadcrumbList","@id":"https:\/\/cvinoticias.com\/v3\/javier-milei-bajo-a-sus-candidatos-en-corrientes-y-misiones\/#breadcrumb","itemListElement":[{"@type":"ListItem","position":1,"name":"Portada","item":"https:\/\/cvinoticias.com\/v3\/"},{"@type":"ListItem","position":2,"name":"Javier Milei baj\u00f3 a sus candidatos en Corrientes y Misiones"}]},{"@type":"WebSite","@id":"https:\/\/cvinoticias.com\/v3\/#website","url":"https:\/\/cvinoticias.com\/v3\/","name":"CVI NOTICIAS","description":"","publisher":{"@id":"https:\/\/cvinoticias.com\/v3\/#organization"},"alternateName":"CVI","potentialAction":[{"@type":"SearchAction","target":{"@type":"EntryPoint","urlTemplate":"https:\/\/cvinoticias.com\/v3\/?s={search_term_string}"},"query-input":{"@type":"PropertyValueSpecification","valueRequired":true,"valueName":"search_term_string"}}],"inLanguage":"es"},{"@type":"Organization","@id":"https:\/\/cvinoticias.com\/v3\/#organization","name":"CVI NOTICIAS","url":"https:\/\/cvinoticias.com\/v3\/","logo":{"@type":"ImageObject","inLanguage":"es","@id":"https:\/\/cvinoticias.com\/v3\/#\/schema\/logo\/image\/","url":"https:\/\/cvinoticias.com\/wp-content\/uploads\/2023\/04\/cropped-cropped-cropped-cropped-cropped-3-1.png","contentUrl":"https:\/\/cvinoticias.com\/wp-content\/uploads\/2023\/04\/cropped-cropped-cropped-cropped-cropped-3-1.png","width":95,"height":122,"caption":"CVI NOTICIAS"},"image":{"@id":"https:\/\/cvinoticias.com\/v3\/#\/schema\/logo\/image\/"},"sameAs":["https:\/\/www.facebook.com\/cvinoticias","https:\/\/www.instagram.com\/cvinoticias\/","https:\/\/www.youtube.com\/@CVINOTICIAS"]},{"@type":"Person","@id":"https:\/\/cvinoticias.com\/v3\/#\/schema\/person\/2db77e3c6bc03c538495d7b2b8be9b66","name":"f1000024","image":{"@type":"ImageObject","inLanguage":"es","@id":"https:\/\/secure.gravatar.com\/avatar\/d4fe7459cfc51ff5129ce1a732bbef5928568b8092d412ef95611616376bbeed?s=96&d=mm&r=g","url":"https:\/\/secure.gravatar.com\/avatar\/d4fe7459cfc51ff5129ce1a732bbef5928568b8092d412ef95611616376bbeed?s=96&d=mm&r=g","contentUrl":"https:\/\/secure.gravatar.com\/avatar\/d4fe7459cfc51ff5129ce1a732bbef5928568b8092d412ef95611616376bbeed?s=96&d=mm&r=g","caption":"f1000024"},"url":"https:\/\/cvinoticias.com\/v3\/author\/f1000024\/"}]}},"_links":{"self":[{"href":"https:\/\/cvinoticias.com\/v3\/wp-json\/wp\/v2\/posts\/24057","targetHints":{"allow":["GET"]}}],"collection":[{"href":"https:\/\/cvinoticias.com\/v3\/wp-json\/wp\/v2\/posts"}],"about":[{"href":"https:\/\/cvinoticias.com\/v3\/wp-json\/wp\/v2\/types\/post"}],"author":[{"embeddable":true,"href":"https:\/\/cvinoticias.com\/v3\/wp-json\/wp\/v2\/users\/2"}],"replies":[{"embeddable":true,"href":"https:\/\/cvinoticias.com\/v3\/wp-json\/wp\/v2\/comments?post=24057"}],"version-history":[{"count":1,"href":"https:\/\/cvinoticias.com\/v3\/wp-json\/wp\/v2\/posts\/24057\/revisions"}],"predecessor-version":[{"id":24059,"href":"https:\/\/cvinoticias.com\/v3\/wp-json\/wp\/v2\/posts\/24057\/revisions\/24059"}],"wp:featuredmedia":[{"embeddable":true,"href":"https:\/\/cvinoticias.com\/v3\/wp-json\/wp\/v2\/media\/24058"}],"wp:attachment":[{"href":"https:\/\/cvinoticias.com\/v3\/wp-json\/wp\/v2\/media?parent=24057"}],"wp:term":[{"taxonomy":"category","embeddable":true,"href":"https:\/\/cvinoticias.com\/v3\/wp-json\/wp\/v2\/categories?post=24057"},{"taxonomy":"post_tag","embeddable":true,"href":"https:\/\/cvinoticias.com\/v3\/wp-json\/wp\/v2\/tags?post=24057"}],"curies":[{"name":"wp","href":"https:\/\/api.w.org\/{rel}","templated":true}]}}