{"id":24051,"date":"2023-04-14T12:42:10","date_gmt":"2023-04-14T12:42:10","guid":{"rendered":"https:\/\/cvinoticias.com\/v3\/?p=24051"},"modified":"2023-04-14T12:42:10","modified_gmt":"2023-04-14T12:42:10","slug":"rodriguez-larreta-salio-al-cruce-de-anibal-fernandez","status":"publish","type":"post","link":"https:\/\/cvinoticias.com\/v3\/rodriguez-larreta-salio-al-cruce-de-anibal-fernandez\/","title":{"rendered":"Rodr\u00edguez Larreta sali\u00f3 al cruce de An\u00edbal Fern\u00e1ndez"},"content":{"rendered":"\n<p><strong><em>Critic\u00f3 los dichos que se\u00f1alan que, de ganar la oposici\u00f3n, \u00ablas calles van a estar regadas e sangre y muertos\u00bb.<\/em><\/strong><\/p>\n\n\n\n<ul class=\"wp-block-list\">\n<li>El precandidato a Presidente rechaz\u00f3 los dichos de Fern\u00e1ndez quien, sobre un eventual triunfo de la oposici\u00f3n en las urnas, sostuvo que habr\u00e1 conflictos graves en el pa\u00eds.<\/li>\n\n\n\n<li>Larreta repudi\u00f3 los se\u00f1alamientos subrayando: \u201cviolentos nunca m\u00e1s\u201d.<\/li>\n<\/ul>\n\n\n\n<p>D\u00edas pasados, el precandidato a presidente de Juntos por el Cambio, Horacio Rodr\u00edguez Larreta, sali\u00f3 al cruce del Ministro de Seguridad de la Naci\u00f3n, An\u00edbal Fern\u00e1ndez, quien hab\u00eda afirmado que, de ganar las elecciones la oposici\u00f3n, \u201clas calles van a estar regadas de sangre y de muertos\u201d.<\/p>\n\n\n\n<p>A trav\u00e9s de su cuenta de Twitter y otras redes sociales, en referencia a los dichos, Rodr\u00edguez Larreta, afirm\u00f3: \u00abNi sangre ni muertos. Est\u00e1n los que encienden el fuego. Y estamos los que lo apagamos. Violentos nunca m\u00e1s\u00bb\u00a8.<\/p>\n","protected":false},"excerpt":{"rendered":"<p>Critic\u00f3 los dichos que se\u00f1alan que, de ganar la oposici\u00f3n, \u00ablas calles van a estar regadas e sangre y muertos\u00bb. D\u00edas pasados, el precandidato a presidente de Juntos por el Cambio, Horacio Rodr\u00edguez Larreta, sali\u00f3 al cruce del Ministro de Seguridad de la Naci\u00f3n, An\u00edbal Fern\u00e1ndez, quien hab\u00eda afirmado que, de ganar las elecciones la [&hellip;]<\/p>\n","protected":false},"author":2,"featured_media":24052,"comment_status":"open","ping_status":"open","sticky":false,"template":"","format":"standard","meta":{"footnotes":""},"categories":[42],"tags":[],"class_list":["post-24051","post","type-post","status-publish","format-standard","has-post-thumbnail","hentry","category-politica"],"yoast_head":"<!-- This site is optimized with the Yoast SEO plugin v27.5 - https:\/\/yoast.com\/product\/yoast-seo-wordpress\/ -->\n<title>Rodr\u00edguez Larreta sali\u00f3 al cruce de An\u00edbal Fern\u00e1ndez | CVI NOTICIAS<\/title>\n<meta name=\"robots\" content=\"index, follow, max-snippet:-1, max-image-preview:large, max-video-preview:-1\" \/>\n<link rel=\"canonical\" href=\"https:\/\/cvinoticias.com\/v3\/rodriguez-larreta-salio-al-cruce-de-anibal-fernandez\/\" \/>\n<meta property=\"og:locale\" content=\"es_ES\" \/>\n<meta property=\"og:type\" content=\"article\" \/>\n<meta property=\"og:title\" content=\"Rodr\u00edguez Larreta sali\u00f3 al cruce de An\u00edbal Fern\u00e1ndez | CVI NOTICIAS\" \/>\n<meta property=\"og:description\" content=\"Critic\u00f3 los dichos que se\u00f1alan que, de ganar la oposici\u00f3n, \u00ablas calles van a estar regadas e sangre y muertos\u00bb. D\u00edas pasados, el precandidato a presidente de Juntos por el Cambio, Horacio Rodr\u00edguez Larreta, sali\u00f3 al cruce del Ministro de Seguridad de la Naci\u00f3n, An\u00edbal Fern\u00e1ndez, quien hab\u00eda afirmado que, de ganar las elecciones la [&hellip;]\" \/>\n<meta property=\"og:url\" content=\"https:\/\/cvinoticias.com\/v3\/rodriguez-larreta-salio-al-cruce-de-anibal-fernandez\/\" \/>\n<meta property=\"og:site_name\" content=\"CVI NOTICIAS\" \/>\n<meta property=\"article:publisher\" content=\"https:\/\/www.facebook.com\/cvinoticias\" \/>\n<meta property=\"article:published_time\" content=\"2023-04-14T12:42:10+00:00\" \/>\n<meta property=\"og:image\" content=\"https:\/\/cvinoticias.com\/wp-content\/uploads\/2023\/04\/1jpg.jpg\" \/>\n\t<meta property=\"og:image:width\" content=\"1200\" \/>\n\t<meta property=\"og:image:height\" content=\"675\" \/>\n\t<meta property=\"og:image:type\" content=\"image\/jpeg\" \/>\n<meta name=\"author\" content=\"f1000024\" \/>\n<meta name=\"twitter:card\" content=\"summary_large_image\" \/>\n<meta name=\"twitter:label1\" content=\"Escrito por\" \/>\n\t<meta name=\"twitter:data1\" content=\"f1000024\" \/>\n\t<meta name=\"twitter:label2\" content=\"Tiempo de lectura\" \/>\n\t<meta name=\"twitter:data2\" content=\"1 minuto\" \/>\n<script type=\"application\/ld+json\" class=\"yoast-schema-graph\">{\"@context\":\"https:\\\/\\\/schema.org\",\"@graph\":[{\"@type\":\"Article\",\"@id\":\"https:\\\/\\\/cvinoticias.com\\\/v3\\\/rodriguez-larreta-salio-al-cruce-de-anibal-fernandez\\\/#article\",\"isPartOf\":{\"@id\":\"https:\\\/\\\/cvinoticias.com\\\/v3\\\/rodriguez-larreta-salio-al-cruce-de-anibal-fernandez\\\/\"},\"author\":{\"name\":\"f1000024\",\"@id\":\"https:\\\/\\\/cvinoticias.com\\\/v3\\\/#\\\/schema\\\/person\\\/2db77e3c6bc03c538495d7b2b8be9b66\"},\"headline\":\"Rodr\u00edguez Larreta sali\u00f3 al cruce de An\u00edbal Fern\u00e1ndez\",\"datePublished\":\"2023-04-14T12:42:10+00:00\",\"mainEntityOfPage\":{\"@id\":\"https:\\\/\\\/cvinoticias.com\\\/v3\\\/rodriguez-larreta-salio-al-cruce-de-anibal-fernandez\\\/\"},\"wordCount\":170,\"commentCount\":0,\"publisher\":{\"@id\":\"https:\\\/\\\/cvinoticias.com\\\/v3\\\/#organization\"},\"image\":{\"@id\":\"https:\\\/\\\/cvinoticias.com\\\/v3\\\/rodriguez-larreta-salio-al-cruce-de-anibal-fernandez\\\/#primaryimage\"},\"thumbnailUrl\":\"https:\\\/\\\/cvinoticias.com\\\/wp-content\\\/uploads\\\/2023\\\/04\\\/1jpg.jpg\",\"articleSection\":[\"Politica\"],\"inLanguage\":\"es\",\"potentialAction\":[{\"@type\":\"CommentAction\",\"name\":\"Comment\",\"target\":[\"https:\\\/\\\/cvinoticias.com\\\/v3\\\/rodriguez-larreta-salio-al-cruce-de-anibal-fernandez\\\/#respond\"]}]},{\"@type\":\"WebPage\",\"@id\":\"https:\\\/\\\/cvinoticias.com\\\/v3\\\/rodriguez-larreta-salio-al-cruce-de-anibal-fernandez\\\/\",\"url\":\"https:\\\/\\\/cvinoticias.com\\\/v3\\\/rodriguez-larreta-salio-al-cruce-de-anibal-fernandez\\\/\",\"name\":\"Rodr\u00edguez Larreta sali\u00f3 al cruce de An\u00edbal Fern\u00e1ndez | CVI NOTICIAS\",\"isPartOf\":{\"@id\":\"https:\\\/\\\/cvinoticias.com\\\/v3\\\/#website\"},\"primaryImageOfPage\":{\"@id\":\"https:\\\/\\\/cvinoticias.com\\\/v3\\\/rodriguez-larreta-salio-al-cruce-de-anibal-fernandez\\\/#primaryimage\"},\"image\":{\"@id\":\"https:\\\/\\\/cvinoticias.com\\\/v3\\\/rodriguez-larreta-salio-al-cruce-de-anibal-fernandez\\\/#primaryimage\"},\"thumbnailUrl\":\"https:\\\/\\\/cvinoticias.com\\\/wp-content\\\/uploads\\\/2023\\\/04\\\/1jpg.jpg\",\"datePublished\":\"2023-04-14T12:42:10+00:00\",\"breadcrumb\":{\"@id\":\"https:\\\/\\\/cvinoticias.com\\\/v3\\\/rodriguez-larreta-salio-al-cruce-de-anibal-fernandez\\\/#breadcrumb\"},\"inLanguage\":\"es\",\"potentialAction\":[{\"@type\":\"ReadAction\",\"target\":[\"https:\\\/\\\/cvinoticias.com\\\/v3\\\/rodriguez-larreta-salio-al-cruce-de-anibal-fernandez\\\/\"]}]},{\"@type\":\"ImageObject\",\"inLanguage\":\"es\",\"@id\":\"https:\\\/\\\/cvinoticias.com\\\/v3\\\/rodriguez-larreta-salio-al-cruce-de-anibal-fernandez\\\/#primaryimage\",\"url\":\"https:\\\/\\\/cvinoticias.com\\\/wp-content\\\/uploads\\\/2023\\\/04\\\/1jpg.jpg\",\"contentUrl\":\"https:\\\/\\\/cvinoticias.com\\\/wp-content\\\/uploads\\\/2023\\\/04\\\/1jpg.jpg\",\"width\":1200,\"height\":675},{\"@type\":\"BreadcrumbList\",\"@id\":\"https:\\\/\\\/cvinoticias.com\\\/v3\\\/rodriguez-larreta-salio-al-cruce-de-anibal-fernandez\\\/#breadcrumb\",\"itemListElement\":[{\"@type\":\"ListItem\",\"position\":1,\"name\":\"Portada\",\"item\":\"https:\\\/\\\/cvinoticias.com\\\/v3\\\/\"},{\"@type\":\"ListItem\",\"position\":2,\"name\":\"Rodr\u00edguez Larreta sali\u00f3 al cruce de An\u00edbal Fern\u00e1ndez\"}]},{\"@type\":\"WebSite\",\"@id\":\"https:\\\/\\\/cvinoticias.com\\\/v3\\\/#website\",\"url\":\"https:\\\/\\\/cvinoticias.com\\\/v3\\\/\",\"name\":\"CVI NOTICIAS\",\"description\":\"\",\"publisher\":{\"@id\":\"https:\\\/\\\/cvinoticias.com\\\/v3\\\/#organization\"},\"alternateName\":\"CVI\",\"potentialAction\":[{\"@type\":\"SearchAction\",\"target\":{\"@type\":\"EntryPoint\",\"urlTemplate\":\"https:\\\/\\\/cvinoticias.com\\\/v3\\\/?s={search_term_string}\"},\"query-input\":{\"@type\":\"PropertyValueSpecification\",\"valueRequired\":true,\"valueName\":\"search_term_string\"}}],\"inLanguage\":\"es\"},{\"@type\":\"Organization\",\"@id\":\"https:\\\/\\\/cvinoticias.com\\\/v3\\\/#organization\",\"name\":\"CVI NOTICIAS\",\"url\":\"https:\\\/\\\/cvinoticias.com\\\/v3\\\/\",\"logo\":{\"@type\":\"ImageObject\",\"inLanguage\":\"es\",\"@id\":\"https:\\\/\\\/cvinoticias.com\\\/v3\\\/#\\\/schema\\\/logo\\\/image\\\/\",\"url\":\"https:\\\/\\\/cvinoticias.com\\\/wp-content\\\/uploads\\\/2023\\\/04\\\/cropped-cropped-cropped-cropped-cropped-3-1.png\",\"contentUrl\":\"https:\\\/\\\/cvinoticias.com\\\/wp-content\\\/uploads\\\/2023\\\/04\\\/cropped-cropped-cropped-cropped-cropped-3-1.png\",\"width\":95,\"height\":122,\"caption\":\"CVI NOTICIAS\"},\"image\":{\"@id\":\"https:\\\/\\\/cvinoticias.com\\\/v3\\\/#\\\/schema\\\/logo\\\/image\\\/\"},\"sameAs\":[\"https:\\\/\\\/www.facebook.com\\\/cvinoticias\",\"https:\\\/\\\/www.instagram.com\\\/cvinoticias\\\/\",\"https:\\\/\\\/www.youtube.com\\\/@CVINOTICIAS\"]},{\"@type\":\"Person\",\"@id\":\"https:\\\/\\\/cvinoticias.com\\\/v3\\\/#\\\/schema\\\/person\\\/2db77e3c6bc03c538495d7b2b8be9b66\",\"name\":\"f1000024\",\"image\":{\"@type\":\"ImageObject\",\"inLanguage\":\"es\",\"@id\":\"https:\\\/\\\/secure.gravatar.com\\\/avatar\\\/d4fe7459cfc51ff5129ce1a732bbef5928568b8092d412ef95611616376bbeed?s=96&d=mm&r=g\",\"url\":\"https:\\\/\\\/secure.gravatar.com\\\/avatar\\\/d4fe7459cfc51ff5129ce1a732bbef5928568b8092d412ef95611616376bbeed?s=96&d=mm&r=g\",\"contentUrl\":\"https:\\\/\\\/secure.gravatar.com\\\/avatar\\\/d4fe7459cfc51ff5129ce1a732bbef5928568b8092d412ef95611616376bbeed?s=96&d=mm&r=g\",\"caption\":\"f1000024\"},\"url\":\"https:\\\/\\\/cvinoticias.com\\\/v3\\\/author\\\/f1000024\\\/\"}]}<\/script>\n<!-- \/ Yoast SEO plugin. -->","yoast_head_json":{"title":"Rodr\u00edguez Larreta sali\u00f3 al cruce de An\u00edbal Fern\u00e1ndez | CVI NOTICIAS","robots":{"index":"index","follow":"follow","max-snippet":"max-snippet:-1","max-image-preview":"max-image-preview:large","max-video-preview":"max-video-preview:-1"},"canonical":"https:\/\/cvinoticias.com\/v3\/rodriguez-larreta-salio-al-cruce-de-anibal-fernandez\/","og_locale":"es_ES","og_type":"article","og_title":"Rodr\u00edguez Larreta sali\u00f3 al cruce de An\u00edbal Fern\u00e1ndez | CVI NOTICIAS","og_description":"Critic\u00f3 los dichos que se\u00f1alan que, de ganar la oposici\u00f3n, \u00ablas calles van a estar regadas e sangre y muertos\u00bb. D\u00edas pasados, el precandidato a presidente de Juntos por el Cambio, Horacio Rodr\u00edguez Larreta, sali\u00f3 al cruce del Ministro de Seguridad de la Naci\u00f3n, An\u00edbal Fern\u00e1ndez, quien hab\u00eda afirmado que, de ganar las elecciones la [&hellip;]","og_url":"https:\/\/cvinoticias.com\/v3\/rodriguez-larreta-salio-al-cruce-de-anibal-fernandez\/","og_site_name":"CVI NOTICIAS","article_publisher":"https:\/\/www.facebook.com\/cvinoticias","article_published_time":"2023-04-14T12:42:10+00:00","og_image":[{"width":1200,"height":675,"url":"https:\/\/cvinoticias.com\/wp-content\/uploads\/2023\/04\/1jpg.jpg","type":"image\/jpeg"}],"author":"f1000024","twitter_card":"summary_large_image","twitter_misc":{"Escrito por":"f1000024","Tiempo de lectura":"1 minuto"},"schema":{"@context":"https:\/\/schema.org","@graph":[{"@type":"Article","@id":"https:\/\/cvinoticias.com\/v3\/rodriguez-larreta-salio-al-cruce-de-anibal-fernandez\/#article","isPartOf":{"@id":"https:\/\/cvinoticias.com\/v3\/rodriguez-larreta-salio-al-cruce-de-anibal-fernandez\/"},"author":{"name":"f1000024","@id":"https:\/\/cvinoticias.com\/v3\/#\/schema\/person\/2db77e3c6bc03c538495d7b2b8be9b66"},"headline":"Rodr\u00edguez Larreta sali\u00f3 al cruce de An\u00edbal Fern\u00e1ndez","datePublished":"2023-04-14T12:42:10+00:00","mainEntityOfPage":{"@id":"https:\/\/cvinoticias.com\/v3\/rodriguez-larreta-salio-al-cruce-de-anibal-fernandez\/"},"wordCount":170,"commentCount":0,"publisher":{"@id":"https:\/\/cvinoticias.com\/v3\/#organization"},"image":{"@id":"https:\/\/cvinoticias.com\/v3\/rodriguez-larreta-salio-al-cruce-de-anibal-fernandez\/#primaryimage"},"thumbnailUrl":"https:\/\/cvinoticias.com\/wp-content\/uploads\/2023\/04\/1jpg.jpg","articleSection":["Politica"],"inLanguage":"es","potentialAction":[{"@type":"CommentAction","name":"Comment","target":["https:\/\/cvinoticias.com\/v3\/rodriguez-larreta-salio-al-cruce-de-anibal-fernandez\/#respond"]}]},{"@type":"WebPage","@id":"https:\/\/cvinoticias.com\/v3\/rodriguez-larreta-salio-al-cruce-de-anibal-fernandez\/","url":"https:\/\/cvinoticias.com\/v3\/rodriguez-larreta-salio-al-cruce-de-anibal-fernandez\/","name":"Rodr\u00edguez Larreta sali\u00f3 al cruce de An\u00edbal Fern\u00e1ndez | CVI NOTICIAS","isPartOf":{"@id":"https:\/\/cvinoticias.com\/v3\/#website"},"primaryImageOfPage":{"@id":"https:\/\/cvinoticias.com\/v3\/rodriguez-larreta-salio-al-cruce-de-anibal-fernandez\/#primaryimage"},"image":{"@id":"https:\/\/cvinoticias.com\/v3\/rodriguez-larreta-salio-al-cruce-de-anibal-fernandez\/#primaryimage"},"thumbnailUrl":"https:\/\/cvinoticias.com\/wp-content\/uploads\/2023\/04\/1jpg.jpg","datePublished":"2023-04-14T12:42:10+00:00","breadcrumb":{"@id":"https:\/\/cvinoticias.com\/v3\/rodriguez-larreta-salio-al-cruce-de-anibal-fernandez\/#breadcrumb"},"inLanguage":"es","potentialAction":[{"@type":"ReadAction","target":["https:\/\/cvinoticias.com\/v3\/rodriguez-larreta-salio-al-cruce-de-anibal-fernandez\/"]}]},{"@type":"ImageObject","inLanguage":"es","@id":"https:\/\/cvinoticias.com\/v3\/rodriguez-larreta-salio-al-cruce-de-anibal-fernandez\/#primaryimage","url":"https:\/\/cvinoticias.com\/wp-content\/uploads\/2023\/04\/1jpg.jpg","contentUrl":"https:\/\/cvinoticias.com\/wp-content\/uploads\/2023\/04\/1jpg.jpg","width":1200,"height":675},{"@type":"BreadcrumbList","@id":"https:\/\/cvinoticias.com\/v3\/rodriguez-larreta-salio-al-cruce-de-anibal-fernandez\/#breadcrumb","itemListElement":[{"@type":"ListItem","position":1,"name":"Portada","item":"https:\/\/cvinoticias.com\/v3\/"},{"@type":"ListItem","position":2,"name":"Rodr\u00edguez Larreta sali\u00f3 al cruce de An\u00edbal Fern\u00e1ndez"}]},{"@type":"WebSite","@id":"https:\/\/cvinoticias.com\/v3\/#website","url":"https:\/\/cvinoticias.com\/v3\/","name":"CVI NOTICIAS","description":"","publisher":{"@id":"https:\/\/cvinoticias.com\/v3\/#organization"},"alternateName":"CVI","potentialAction":[{"@type":"SearchAction","target":{"@type":"EntryPoint","urlTemplate":"https:\/\/cvinoticias.com\/v3\/?s={search_term_string}"},"query-input":{"@type":"PropertyValueSpecification","valueRequired":true,"valueName":"search_term_string"}}],"inLanguage":"es"},{"@type":"Organization","@id":"https:\/\/cvinoticias.com\/v3\/#organization","name":"CVI NOTICIAS","url":"https:\/\/cvinoticias.com\/v3\/","logo":{"@type":"ImageObject","inLanguage":"es","@id":"https:\/\/cvinoticias.com\/v3\/#\/schema\/logo\/image\/","url":"https:\/\/cvinoticias.com\/wp-content\/uploads\/2023\/04\/cropped-cropped-cropped-cropped-cropped-3-1.png","contentUrl":"https:\/\/cvinoticias.com\/wp-content\/uploads\/2023\/04\/cropped-cropped-cropped-cropped-cropped-3-1.png","width":95,"height":122,"caption":"CVI NOTICIAS"},"image":{"@id":"https:\/\/cvinoticias.com\/v3\/#\/schema\/logo\/image\/"},"sameAs":["https:\/\/www.facebook.com\/cvinoticias","https:\/\/www.instagram.com\/cvinoticias\/","https:\/\/www.youtube.com\/@CVINOTICIAS"]},{"@type":"Person","@id":"https:\/\/cvinoticias.com\/v3\/#\/schema\/person\/2db77e3c6bc03c538495d7b2b8be9b66","name":"f1000024","image":{"@type":"ImageObject","inLanguage":"es","@id":"https:\/\/secure.gravatar.com\/avatar\/d4fe7459cfc51ff5129ce1a732bbef5928568b8092d412ef95611616376bbeed?s=96&d=mm&r=g","url":"https:\/\/secure.gravatar.com\/avatar\/d4fe7459cfc51ff5129ce1a732bbef5928568b8092d412ef95611616376bbeed?s=96&d=mm&r=g","contentUrl":"https:\/\/secure.gravatar.com\/avatar\/d4fe7459cfc51ff5129ce1a732bbef5928568b8092d412ef95611616376bbeed?s=96&d=mm&r=g","caption":"f1000024"},"url":"https:\/\/cvinoticias.com\/v3\/author\/f1000024\/"}]}},"_links":{"self":[{"href":"https:\/\/cvinoticias.com\/v3\/wp-json\/wp\/v2\/posts\/24051","targetHints":{"allow":["GET"]}}],"collection":[{"href":"https:\/\/cvinoticias.com\/v3\/wp-json\/wp\/v2\/posts"}],"about":[{"href":"https:\/\/cvinoticias.com\/v3\/wp-json\/wp\/v2\/types\/post"}],"author":[{"embeddable":true,"href":"https:\/\/cvinoticias.com\/v3\/wp-json\/wp\/v2\/users\/2"}],"replies":[{"embeddable":true,"href":"https:\/\/cvinoticias.com\/v3\/wp-json\/wp\/v2\/comments?post=24051"}],"version-history":[{"count":1,"href":"https:\/\/cvinoticias.com\/v3\/wp-json\/wp\/v2\/posts\/24051\/revisions"}],"predecessor-version":[{"id":24053,"href":"https:\/\/cvinoticias.com\/v3\/wp-json\/wp\/v2\/posts\/24051\/revisions\/24053"}],"wp:featuredmedia":[{"embeddable":true,"href":"https:\/\/cvinoticias.com\/v3\/wp-json\/wp\/v2\/media\/24052"}],"wp:attachment":[{"href":"https:\/\/cvinoticias.com\/v3\/wp-json\/wp\/v2\/media?parent=24051"}],"wp:term":[{"taxonomy":"category","embeddable":true,"href":"https:\/\/cvinoticias.com\/v3\/wp-json\/wp\/v2\/categories?post=24051"},{"taxonomy":"post_tag","embeddable":true,"href":"https:\/\/cvinoticias.com\/v3\/wp-json\/wp\/v2\/tags?post=24051"}],"curies":[{"name":"wp","href":"https:\/\/api.w.org\/{rel}","templated":true}]}}