{"id":24045,"date":"2023-04-14T11:37:48","date_gmt":"2023-04-14T11:37:48","guid":{"rendered":"https:\/\/cvinoticias.com\/v3\/?p=24045"},"modified":"2023-04-14T11:37:48","modified_gmt":"2023-04-14T11:37:48","slug":"el-parque-tematico-de-la-cruz-de-santa-ana-celebra-este-viernes-su-12-aniversario","status":"publish","type":"post","link":"https:\/\/cvinoticias.com\/v3\/el-parque-tematico-de-la-cruz-de-santa-ana-celebra-este-viernes-su-12-aniversario\/","title":{"rendered":"El Parque Tem\u00e1tico de la Cruz de Santa Ana celebra este viernes su 12\u00b0 aniversario"},"content":{"rendered":"\n<p><strong><em>El Parque Tem\u00e1tico la Cruz de Santa Ana cumple hoy viernes doce a\u00f1os y lo celebrar\u00e1 liberando el acceso al predio durante todo el d\u00eda, como as\u00ed tambi\u00e9n el ascenso a los brazos de la Cruz.<\/em><\/strong><\/p>\n\n\n\n<p>Los visitantes, adem\u00e1s, recibir\u00e1n gratis plantines que son producidos en el vivero del lugar. A las 16.00, se realizar\u00e1 la tradicional misa, en la capilla, donde se puede contemplar una obra de arte de origen liban\u00e9s, donada por el Vaticano, en el marco del buen augurio que signific\u00f3 la creaci\u00f3n del parque.<\/p>\n\n\n\n<p>El \u00edcono bizantino de \u2018Virgen y el Ni\u00f1o\u2019 o theotokos \u2018la que dio a luz a Dios\u2019, est\u00e1 detr\u00e1s de un cristal, como para comunicar que alguna grandeza guarda. La reliquia data del siglo XV. Lleg\u00f3 en 2009, como parte de la gesti\u00f3n del Cardenal Leonardo Sandri que conect\u00f3 al entonces Papa Benedicto XVI con autoridades misioneras.<\/p>\n\n\n\n<p>Adem\u00e1s, en el marco del aniversario, el viernes 21 de abril, el director de Scholas Ocurrentes World designado por el Papa Francisco, Jos\u00e9 Mar\u00eda del Corral, plantar\u00e1 un olivo que simboliza la paz, un acto fraterno que se realiza en todo el mundo. Esta fecha recibe el benepl\u00e1cito de la C\u00e1mara de Representantes de la provincia, presentada por el diputado Hugo Passalacqua.<\/p>\n\n\n\n<p>El Parque Tem\u00e1tico de la Cruz se encuentra sobre el cerro Santa Ana, a 360 metros de altura sobre el nivel del mar. Se encuentra en un predio de 57,5 hect\u00e1reas de puro monte nativo misionero, con vertientes de agua, especies arb\u00f3reas aut\u00f3ctonas, aves de la zona y miradores naturales.<\/p>\n\n\n\n<p>Ofrece espacios para detenerse y contemplar, caminos para observar y aprender. Vivero, mariposario, orquideario, senderismo, son algunas de las propuestas.<\/p>\n\n\n\n<p>Es importante destacar que los senderos son totalmente accesibles tanto para sillas de ruedas como para cochecitos de beb\u00e9, permiten el disfrute de los distintos sectores a trav\u00e9s de ellos; mientras que el ascenso a los brazos de la Cruz se realiza por medio de un ascensor, siempre y cuando las condiciones clim\u00e1ticas as\u00ed lo permitan.<\/p>\n\n\n\n<p>El Parque Tem\u00e1tico la Cruz de Santa Ana cumple hoy viernes doce a\u00f1os y lo celebrar\u00e1 liberando el acceso al predio durante todo el d\u00eda, como as\u00ed tambi\u00e9n el ascenso a los brazos de la Cruz.<\/p>\n\n\n\n<p>Los visitantes, adem\u00e1s, recibir\u00e1n gratis plantines que son producidos en el vivero del lugar. A las 16.00, se realizar\u00e1 la tradicional misa, en la capilla, donde se puede contemplar una obra de arte de origen liban\u00e9s, donada por el Vaticano, en el marco del buen augurio que signific\u00f3 la creaci\u00f3n del parque.<\/p>\n\n\n\n<p>El \u00edcono bizantino de \u2018Virgen y el Ni\u00f1o\u2019 o theotokos \u2018la que dio a luz a Dios\u2019, est\u00e1 detr\u00e1s de un cristal, como para comunicar que alguna grandeza guarda. La reliquia data del siglo XV. Lleg\u00f3 en 2009, como parte de la gesti\u00f3n del Cardenal Leonardo Sandri que conect\u00f3 al entonces Papa Benedicto XVI con autoridades misioneras.<\/p>\n\n\n\n<p>Adem\u00e1s, en el marco del aniversario, el viernes 21 de abril, el director de Scholas Ocurrentes World designado por el Papa Francisco, Jos\u00e9 Mar\u00eda del Corral, plantar\u00e1 un olivo que simboliza la paz, un acto fraterno que se realiza en todo el mundo. Esta fecha recibe el benepl\u00e1cito de la C\u00e1mara de Representantes de la provincia, presentada por el diputado Hugo Passalacqua.<\/p>\n\n\n\n<p>El Parque Tem\u00e1tico de la Cruz se encuentra sobre el cerro Santa Ana, a 360 metros de altura sobre el nivel del mar. Se encuentra en un predio de 57,5 hect\u00e1reas de puro monte nativo misionero, con vertientes de agua, especies arb\u00f3reas aut\u00f3ctonas, aves de la zona y miradores naturales.<\/p>\n\n\n\n<p>Ofrece espacios para detenerse y contemplar, caminos para observar y aprender. Vivero, mariposario, orquideario, senderismo, son algunas de las propuestas.<\/p>\n\n\n\n<p>Es importante destacar que los senderos son totalmente accesibles tanto para sillas de ruedas como para cochecitos de beb\u00e9, permiten el disfrute de los distintos sectores a trav\u00e9s de ellos; mientras que el ascenso a los brazos de la Cruz se realiza por medio de un ascensor, siempre y cuando las condiciones clim\u00e1ticas as\u00ed lo permitan. (R.E)<\/p>\n","protected":false},"excerpt":{"rendered":"<p>El Parque Tem\u00e1tico la Cruz de Santa Ana cumple hoy viernes doce a\u00f1os y lo celebrar\u00e1 liberando el acceso al predio durante todo el d\u00eda, como as\u00ed tambi\u00e9n el ascenso a los brazos de la Cruz. Los visitantes, adem\u00e1s, recibir\u00e1n gratis plantines que son producidos en el vivero del lugar. A las 16.00, se realizar\u00e1 [&hellip;]<\/p>\n","protected":false},"author":2,"featured_media":24046,"comment_status":"open","ping_status":"open","sticky":false,"template":"","format":"standard","meta":{"footnotes":""},"categories":[50],"tags":[],"class_list":["post-24045","post","type-post","status-publish","format-standard","has-post-thumbnail","hentry","category-turismo"],"yoast_head":"<!-- This site is optimized with the Yoast SEO plugin v27.5 - https:\/\/yoast.com\/product\/yoast-seo-wordpress\/ -->\n<title>El Parque Tem\u00e1tico de la Cruz de Santa Ana celebra este viernes su 12\u00b0 aniversario | CVI NOTICIAS<\/title>\n<meta name=\"robots\" content=\"index, follow, max-snippet:-1, max-image-preview:large, max-video-preview:-1\" \/>\n<link rel=\"canonical\" href=\"https:\/\/cvinoticias.com\/v3\/el-parque-tematico-de-la-cruz-de-santa-ana-celebra-este-viernes-su-12-aniversario\/\" \/>\n<meta property=\"og:locale\" content=\"es_ES\" \/>\n<meta property=\"og:type\" content=\"article\" \/>\n<meta property=\"og:title\" content=\"El Parque Tem\u00e1tico de la Cruz de Santa Ana celebra este viernes su 12\u00b0 aniversario | CVI NOTICIAS\" \/>\n<meta property=\"og:description\" content=\"El Parque Tem\u00e1tico la Cruz de Santa Ana cumple hoy viernes doce a\u00f1os y lo celebrar\u00e1 liberando el acceso al predio durante todo el d\u00eda, como as\u00ed tambi\u00e9n el ascenso a los brazos de la Cruz. Los visitantes, adem\u00e1s, recibir\u00e1n gratis plantines que son producidos en el vivero del lugar. A las 16.00, se realizar\u00e1 [&hellip;]\" \/>\n<meta property=\"og:url\" content=\"https:\/\/cvinoticias.com\/v3\/el-parque-tematico-de-la-cruz-de-santa-ana-celebra-este-viernes-su-12-aniversario\/\" \/>\n<meta property=\"og:site_name\" content=\"CVI NOTICIAS\" \/>\n<meta property=\"article:publisher\" content=\"https:\/\/www.facebook.com\/cvinoticias\" \/>\n<meta property=\"article:published_time\" content=\"2023-04-14T11:37:48+00:00\" \/>\n<meta property=\"og:image\" content=\"https:\/\/cvinoticias.com\/wp-content\/uploads\/2023\/04\/CRUZ.jpg\" \/>\n\t<meta property=\"og:image:width\" content=\"700\" \/>\n\t<meta property=\"og:image:height\" content=\"700\" \/>\n\t<meta property=\"og:image:type\" content=\"image\/jpeg\" \/>\n<meta name=\"author\" content=\"f1000024\" \/>\n<meta name=\"twitter:card\" content=\"summary_large_image\" \/>\n<meta name=\"twitter:label1\" content=\"Escrito por\" \/>\n\t<meta name=\"twitter:data1\" content=\"f1000024\" \/>\n\t<meta name=\"twitter:label2\" content=\"Tiempo de lectura\" \/>\n\t<meta name=\"twitter:data2\" content=\"4 minutos\" \/>\n<script type=\"application\/ld+json\" class=\"yoast-schema-graph\">{\"@context\":\"https:\\\/\\\/schema.org\",\"@graph\":[{\"@type\":\"Article\",\"@id\":\"https:\\\/\\\/cvinoticias.com\\\/v3\\\/el-parque-tematico-de-la-cruz-de-santa-ana-celebra-este-viernes-su-12-aniversario\\\/#article\",\"isPartOf\":{\"@id\":\"https:\\\/\\\/cvinoticias.com\\\/v3\\\/el-parque-tematico-de-la-cruz-de-santa-ana-celebra-este-viernes-su-12-aniversario\\\/\"},\"author\":{\"name\":\"f1000024\",\"@id\":\"https:\\\/\\\/cvinoticias.com\\\/v3\\\/#\\\/schema\\\/person\\\/2db77e3c6bc03c538495d7b2b8be9b66\"},\"headline\":\"El Parque Tem\u00e1tico de la Cruz de Santa Ana celebra este viernes su 12\u00b0 aniversario\",\"datePublished\":\"2023-04-14T11:37:48+00:00\",\"mainEntityOfPage\":{\"@id\":\"https:\\\/\\\/cvinoticias.com\\\/v3\\\/el-parque-tematico-de-la-cruz-de-santa-ana-celebra-este-viernes-su-12-aniversario\\\/\"},\"wordCount\":715,\"commentCount\":0,\"publisher\":{\"@id\":\"https:\\\/\\\/cvinoticias.com\\\/v3\\\/#organization\"},\"image\":{\"@id\":\"https:\\\/\\\/cvinoticias.com\\\/v3\\\/el-parque-tematico-de-la-cruz-de-santa-ana-celebra-este-viernes-su-12-aniversario\\\/#primaryimage\"},\"thumbnailUrl\":\"https:\\\/\\\/cvinoticias.com\\\/wp-content\\\/uploads\\\/2023\\\/04\\\/CRUZ.jpg\",\"articleSection\":[\"Turismo\"],\"inLanguage\":\"es\",\"potentialAction\":[{\"@type\":\"CommentAction\",\"name\":\"Comment\",\"target\":[\"https:\\\/\\\/cvinoticias.com\\\/v3\\\/el-parque-tematico-de-la-cruz-de-santa-ana-celebra-este-viernes-su-12-aniversario\\\/#respond\"]}]},{\"@type\":\"WebPage\",\"@id\":\"https:\\\/\\\/cvinoticias.com\\\/v3\\\/el-parque-tematico-de-la-cruz-de-santa-ana-celebra-este-viernes-su-12-aniversario\\\/\",\"url\":\"https:\\\/\\\/cvinoticias.com\\\/v3\\\/el-parque-tematico-de-la-cruz-de-santa-ana-celebra-este-viernes-su-12-aniversario\\\/\",\"name\":\"El Parque Tem\u00e1tico de la Cruz de Santa Ana celebra este viernes su 12\u00b0 aniversario | CVI NOTICIAS\",\"isPartOf\":{\"@id\":\"https:\\\/\\\/cvinoticias.com\\\/v3\\\/#website\"},\"primaryImageOfPage\":{\"@id\":\"https:\\\/\\\/cvinoticias.com\\\/v3\\\/el-parque-tematico-de-la-cruz-de-santa-ana-celebra-este-viernes-su-12-aniversario\\\/#primaryimage\"},\"image\":{\"@id\":\"https:\\\/\\\/cvinoticias.com\\\/v3\\\/el-parque-tematico-de-la-cruz-de-santa-ana-celebra-este-viernes-su-12-aniversario\\\/#primaryimage\"},\"thumbnailUrl\":\"https:\\\/\\\/cvinoticias.com\\\/wp-content\\\/uploads\\\/2023\\\/04\\\/CRUZ.jpg\",\"datePublished\":\"2023-04-14T11:37:48+00:00\",\"breadcrumb\":{\"@id\":\"https:\\\/\\\/cvinoticias.com\\\/v3\\\/el-parque-tematico-de-la-cruz-de-santa-ana-celebra-este-viernes-su-12-aniversario\\\/#breadcrumb\"},\"inLanguage\":\"es\",\"potentialAction\":[{\"@type\":\"ReadAction\",\"target\":[\"https:\\\/\\\/cvinoticias.com\\\/v3\\\/el-parque-tematico-de-la-cruz-de-santa-ana-celebra-este-viernes-su-12-aniversario\\\/\"]}]},{\"@type\":\"ImageObject\",\"inLanguage\":\"es\",\"@id\":\"https:\\\/\\\/cvinoticias.com\\\/v3\\\/el-parque-tematico-de-la-cruz-de-santa-ana-celebra-este-viernes-su-12-aniversario\\\/#primaryimage\",\"url\":\"https:\\\/\\\/cvinoticias.com\\\/wp-content\\\/uploads\\\/2023\\\/04\\\/CRUZ.jpg\",\"contentUrl\":\"https:\\\/\\\/cvinoticias.com\\\/wp-content\\\/uploads\\\/2023\\\/04\\\/CRUZ.jpg\",\"width\":700,\"height\":700},{\"@type\":\"BreadcrumbList\",\"@id\":\"https:\\\/\\\/cvinoticias.com\\\/v3\\\/el-parque-tematico-de-la-cruz-de-santa-ana-celebra-este-viernes-su-12-aniversario\\\/#breadcrumb\",\"itemListElement\":[{\"@type\":\"ListItem\",\"position\":1,\"name\":\"Portada\",\"item\":\"https:\\\/\\\/cvinoticias.com\\\/v3\\\/\"},{\"@type\":\"ListItem\",\"position\":2,\"name\":\"El Parque Tem\u00e1tico de la Cruz de Santa Ana celebra este viernes su 12\u00b0 aniversario\"}]},{\"@type\":\"WebSite\",\"@id\":\"https:\\\/\\\/cvinoticias.com\\\/v3\\\/#website\",\"url\":\"https:\\\/\\\/cvinoticias.com\\\/v3\\\/\",\"name\":\"CVI NOTICIAS\",\"description\":\"\",\"publisher\":{\"@id\":\"https:\\\/\\\/cvinoticias.com\\\/v3\\\/#organization\"},\"alternateName\":\"CVI\",\"potentialAction\":[{\"@type\":\"SearchAction\",\"target\":{\"@type\":\"EntryPoint\",\"urlTemplate\":\"https:\\\/\\\/cvinoticias.com\\\/v3\\\/?s={search_term_string}\"},\"query-input\":{\"@type\":\"PropertyValueSpecification\",\"valueRequired\":true,\"valueName\":\"search_term_string\"}}],\"inLanguage\":\"es\"},{\"@type\":\"Organization\",\"@id\":\"https:\\\/\\\/cvinoticias.com\\\/v3\\\/#organization\",\"name\":\"CVI NOTICIAS\",\"url\":\"https:\\\/\\\/cvinoticias.com\\\/v3\\\/\",\"logo\":{\"@type\":\"ImageObject\",\"inLanguage\":\"es\",\"@id\":\"https:\\\/\\\/cvinoticias.com\\\/v3\\\/#\\\/schema\\\/logo\\\/image\\\/\",\"url\":\"https:\\\/\\\/cvinoticias.com\\\/wp-content\\\/uploads\\\/2023\\\/04\\\/cropped-cropped-cropped-cropped-cropped-3-1.png\",\"contentUrl\":\"https:\\\/\\\/cvinoticias.com\\\/wp-content\\\/uploads\\\/2023\\\/04\\\/cropped-cropped-cropped-cropped-cropped-3-1.png\",\"width\":95,\"height\":122,\"caption\":\"CVI NOTICIAS\"},\"image\":{\"@id\":\"https:\\\/\\\/cvinoticias.com\\\/v3\\\/#\\\/schema\\\/logo\\\/image\\\/\"},\"sameAs\":[\"https:\\\/\\\/www.facebook.com\\\/cvinoticias\",\"https:\\\/\\\/www.instagram.com\\\/cvinoticias\\\/\",\"https:\\\/\\\/www.youtube.com\\\/@CVINOTICIAS\"]},{\"@type\":\"Person\",\"@id\":\"https:\\\/\\\/cvinoticias.com\\\/v3\\\/#\\\/schema\\\/person\\\/2db77e3c6bc03c538495d7b2b8be9b66\",\"name\":\"f1000024\",\"image\":{\"@type\":\"ImageObject\",\"inLanguage\":\"es\",\"@id\":\"https:\\\/\\\/secure.gravatar.com\\\/avatar\\\/d4fe7459cfc51ff5129ce1a732bbef5928568b8092d412ef95611616376bbeed?s=96&d=mm&r=g\",\"url\":\"https:\\\/\\\/secure.gravatar.com\\\/avatar\\\/d4fe7459cfc51ff5129ce1a732bbef5928568b8092d412ef95611616376bbeed?s=96&d=mm&r=g\",\"contentUrl\":\"https:\\\/\\\/secure.gravatar.com\\\/avatar\\\/d4fe7459cfc51ff5129ce1a732bbef5928568b8092d412ef95611616376bbeed?s=96&d=mm&r=g\",\"caption\":\"f1000024\"},\"url\":\"https:\\\/\\\/cvinoticias.com\\\/v3\\\/author\\\/f1000024\\\/\"}]}<\/script>\n<!-- \/ Yoast SEO plugin. -->","yoast_head_json":{"title":"El Parque Tem\u00e1tico de la Cruz de Santa Ana celebra este viernes su 12\u00b0 aniversario | CVI NOTICIAS","robots":{"index":"index","follow":"follow","max-snippet":"max-snippet:-1","max-image-preview":"max-image-preview:large","max-video-preview":"max-video-preview:-1"},"canonical":"https:\/\/cvinoticias.com\/v3\/el-parque-tematico-de-la-cruz-de-santa-ana-celebra-este-viernes-su-12-aniversario\/","og_locale":"es_ES","og_type":"article","og_title":"El Parque Tem\u00e1tico de la Cruz de Santa Ana celebra este viernes su 12\u00b0 aniversario | CVI NOTICIAS","og_description":"El Parque Tem\u00e1tico la Cruz de Santa Ana cumple hoy viernes doce a\u00f1os y lo celebrar\u00e1 liberando el acceso al predio durante todo el d\u00eda, como as\u00ed tambi\u00e9n el ascenso a los brazos de la Cruz. Los visitantes, adem\u00e1s, recibir\u00e1n gratis plantines que son producidos en el vivero del lugar. A las 16.00, se realizar\u00e1 [&hellip;]","og_url":"https:\/\/cvinoticias.com\/v3\/el-parque-tematico-de-la-cruz-de-santa-ana-celebra-este-viernes-su-12-aniversario\/","og_site_name":"CVI NOTICIAS","article_publisher":"https:\/\/www.facebook.com\/cvinoticias","article_published_time":"2023-04-14T11:37:48+00:00","og_image":[{"width":700,"height":700,"url":"https:\/\/cvinoticias.com\/wp-content\/uploads\/2023\/04\/CRUZ.jpg","type":"image\/jpeg"}],"author":"f1000024","twitter_card":"summary_large_image","twitter_misc":{"Escrito por":"f1000024","Tiempo de lectura":"4 minutos"},"schema":{"@context":"https:\/\/schema.org","@graph":[{"@type":"Article","@id":"https:\/\/cvinoticias.com\/v3\/el-parque-tematico-de-la-cruz-de-santa-ana-celebra-este-viernes-su-12-aniversario\/#article","isPartOf":{"@id":"https:\/\/cvinoticias.com\/v3\/el-parque-tematico-de-la-cruz-de-santa-ana-celebra-este-viernes-su-12-aniversario\/"},"author":{"name":"f1000024","@id":"https:\/\/cvinoticias.com\/v3\/#\/schema\/person\/2db77e3c6bc03c538495d7b2b8be9b66"},"headline":"El Parque Tem\u00e1tico de la Cruz de Santa Ana celebra este viernes su 12\u00b0 aniversario","datePublished":"2023-04-14T11:37:48+00:00","mainEntityOfPage":{"@id":"https:\/\/cvinoticias.com\/v3\/el-parque-tematico-de-la-cruz-de-santa-ana-celebra-este-viernes-su-12-aniversario\/"},"wordCount":715,"commentCount":0,"publisher":{"@id":"https:\/\/cvinoticias.com\/v3\/#organization"},"image":{"@id":"https:\/\/cvinoticias.com\/v3\/el-parque-tematico-de-la-cruz-de-santa-ana-celebra-este-viernes-su-12-aniversario\/#primaryimage"},"thumbnailUrl":"https:\/\/cvinoticias.com\/wp-content\/uploads\/2023\/04\/CRUZ.jpg","articleSection":["Turismo"],"inLanguage":"es","potentialAction":[{"@type":"CommentAction","name":"Comment","target":["https:\/\/cvinoticias.com\/v3\/el-parque-tematico-de-la-cruz-de-santa-ana-celebra-este-viernes-su-12-aniversario\/#respond"]}]},{"@type":"WebPage","@id":"https:\/\/cvinoticias.com\/v3\/el-parque-tematico-de-la-cruz-de-santa-ana-celebra-este-viernes-su-12-aniversario\/","url":"https:\/\/cvinoticias.com\/v3\/el-parque-tematico-de-la-cruz-de-santa-ana-celebra-este-viernes-su-12-aniversario\/","name":"El Parque Tem\u00e1tico de la Cruz de Santa Ana celebra este viernes su 12\u00b0 aniversario | CVI NOTICIAS","isPartOf":{"@id":"https:\/\/cvinoticias.com\/v3\/#website"},"primaryImageOfPage":{"@id":"https:\/\/cvinoticias.com\/v3\/el-parque-tematico-de-la-cruz-de-santa-ana-celebra-este-viernes-su-12-aniversario\/#primaryimage"},"image":{"@id":"https:\/\/cvinoticias.com\/v3\/el-parque-tematico-de-la-cruz-de-santa-ana-celebra-este-viernes-su-12-aniversario\/#primaryimage"},"thumbnailUrl":"https:\/\/cvinoticias.com\/wp-content\/uploads\/2023\/04\/CRUZ.jpg","datePublished":"2023-04-14T11:37:48+00:00","breadcrumb":{"@id":"https:\/\/cvinoticias.com\/v3\/el-parque-tematico-de-la-cruz-de-santa-ana-celebra-este-viernes-su-12-aniversario\/#breadcrumb"},"inLanguage":"es","potentialAction":[{"@type":"ReadAction","target":["https:\/\/cvinoticias.com\/v3\/el-parque-tematico-de-la-cruz-de-santa-ana-celebra-este-viernes-su-12-aniversario\/"]}]},{"@type":"ImageObject","inLanguage":"es","@id":"https:\/\/cvinoticias.com\/v3\/el-parque-tematico-de-la-cruz-de-santa-ana-celebra-este-viernes-su-12-aniversario\/#primaryimage","url":"https:\/\/cvinoticias.com\/wp-content\/uploads\/2023\/04\/CRUZ.jpg","contentUrl":"https:\/\/cvinoticias.com\/wp-content\/uploads\/2023\/04\/CRUZ.jpg","width":700,"height":700},{"@type":"BreadcrumbList","@id":"https:\/\/cvinoticias.com\/v3\/el-parque-tematico-de-la-cruz-de-santa-ana-celebra-este-viernes-su-12-aniversario\/#breadcrumb","itemListElement":[{"@type":"ListItem","position":1,"name":"Portada","item":"https:\/\/cvinoticias.com\/v3\/"},{"@type":"ListItem","position":2,"name":"El Parque Tem\u00e1tico de la Cruz de Santa Ana celebra este viernes su 12\u00b0 aniversario"}]},{"@type":"WebSite","@id":"https:\/\/cvinoticias.com\/v3\/#website","url":"https:\/\/cvinoticias.com\/v3\/","name":"CVI NOTICIAS","description":"","publisher":{"@id":"https:\/\/cvinoticias.com\/v3\/#organization"},"alternateName":"CVI","potentialAction":[{"@type":"SearchAction","target":{"@type":"EntryPoint","urlTemplate":"https:\/\/cvinoticias.com\/v3\/?s={search_term_string}"},"query-input":{"@type":"PropertyValueSpecification","valueRequired":true,"valueName":"search_term_string"}}],"inLanguage":"es"},{"@type":"Organization","@id":"https:\/\/cvinoticias.com\/v3\/#organization","name":"CVI NOTICIAS","url":"https:\/\/cvinoticias.com\/v3\/","logo":{"@type":"ImageObject","inLanguage":"es","@id":"https:\/\/cvinoticias.com\/v3\/#\/schema\/logo\/image\/","url":"https:\/\/cvinoticias.com\/wp-content\/uploads\/2023\/04\/cropped-cropped-cropped-cropped-cropped-3-1.png","contentUrl":"https:\/\/cvinoticias.com\/wp-content\/uploads\/2023\/04\/cropped-cropped-cropped-cropped-cropped-3-1.png","width":95,"height":122,"caption":"CVI NOTICIAS"},"image":{"@id":"https:\/\/cvinoticias.com\/v3\/#\/schema\/logo\/image\/"},"sameAs":["https:\/\/www.facebook.com\/cvinoticias","https:\/\/www.instagram.com\/cvinoticias\/","https:\/\/www.youtube.com\/@CVINOTICIAS"]},{"@type":"Person","@id":"https:\/\/cvinoticias.com\/v3\/#\/schema\/person\/2db77e3c6bc03c538495d7b2b8be9b66","name":"f1000024","image":{"@type":"ImageObject","inLanguage":"es","@id":"https:\/\/secure.gravatar.com\/avatar\/d4fe7459cfc51ff5129ce1a732bbef5928568b8092d412ef95611616376bbeed?s=96&d=mm&r=g","url":"https:\/\/secure.gravatar.com\/avatar\/d4fe7459cfc51ff5129ce1a732bbef5928568b8092d412ef95611616376bbeed?s=96&d=mm&r=g","contentUrl":"https:\/\/secure.gravatar.com\/avatar\/d4fe7459cfc51ff5129ce1a732bbef5928568b8092d412ef95611616376bbeed?s=96&d=mm&r=g","caption":"f1000024"},"url":"https:\/\/cvinoticias.com\/v3\/author\/f1000024\/"}]}},"_links":{"self":[{"href":"https:\/\/cvinoticias.com\/v3\/wp-json\/wp\/v2\/posts\/24045","targetHints":{"allow":["GET"]}}],"collection":[{"href":"https:\/\/cvinoticias.com\/v3\/wp-json\/wp\/v2\/posts"}],"about":[{"href":"https:\/\/cvinoticias.com\/v3\/wp-json\/wp\/v2\/types\/post"}],"author":[{"embeddable":true,"href":"https:\/\/cvinoticias.com\/v3\/wp-json\/wp\/v2\/users\/2"}],"replies":[{"embeddable":true,"href":"https:\/\/cvinoticias.com\/v3\/wp-json\/wp\/v2\/comments?post=24045"}],"version-history":[{"count":1,"href":"https:\/\/cvinoticias.com\/v3\/wp-json\/wp\/v2\/posts\/24045\/revisions"}],"predecessor-version":[{"id":24047,"href":"https:\/\/cvinoticias.com\/v3\/wp-json\/wp\/v2\/posts\/24045\/revisions\/24047"}],"wp:featuredmedia":[{"embeddable":true,"href":"https:\/\/cvinoticias.com\/v3\/wp-json\/wp\/v2\/media\/24046"}],"wp:attachment":[{"href":"https:\/\/cvinoticias.com\/v3\/wp-json\/wp\/v2\/media?parent=24045"}],"wp:term":[{"taxonomy":"category","embeddable":true,"href":"https:\/\/cvinoticias.com\/v3\/wp-json\/wp\/v2\/categories?post=24045"},{"taxonomy":"post_tag","embeddable":true,"href":"https:\/\/cvinoticias.com\/v3\/wp-json\/wp\/v2\/tags?post=24045"}],"curies":[{"name":"wp","href":"https:\/\/api.w.org\/{rel}","templated":true}]}}