{"id":24037,"date":"2023-04-14T09:44:46","date_gmt":"2023-04-14T09:44:46","guid":{"rendered":"https:\/\/cvinoticias.com\/v3\/?p=24037"},"modified":"2023-04-14T09:44:46","modified_gmt":"2023-04-14T09:44:46","slug":"es-ley-el-proyecto-que-reconoce-la-lengua-de-senas-en-todo-el-pais-como-idioma-viso-gestual","status":"publish","type":"post","link":"https:\/\/cvinoticias.com\/v3\/es-ley-el-proyecto-que-reconoce-la-lengua-de-senas-en-todo-el-pais-como-idioma-viso-gestual\/","title":{"rendered":"Es ley el proyecto que reconoce la Lengua de Se\u00f1as en todo el pa\u00eds como idioma viso-gestual"},"content":{"rendered":"\n<p><strong><em>El Senado aprob\u00f3 por unanimidad en la sesi\u00f3n de este jueves la iniciativa que era largamente reclamada por organizaciones de la comunidad sorda.<\/em><\/strong><\/p>\n\n\n\n<p>La Lengua de Se\u00f1as como idioma viso-gestual en todo el pa\u00eds es ley por unanimidad -63 votos afirmativos-. As\u00ed lo indic\u00f3 el tablero del recinto del Senado en la sesi\u00f3n de este jueves tras debatir la iniciativa reclamada desde hace a\u00f1os por organizaciones de personas sordas.<\/p>\n\n\n\n<p>El texto que lleg\u00f3 al recinto fue producto de un consenso entre propuestas impulsadas por los diputados Lucila Masin (FdT), Leonardo Grosso (FdT) y Julio Cobos (UCR).<\/p>\n\n\n\n<p>A trav\u00e9s de la iniciativa se reconoce a la LSA como una lengua natural y originaria que conforma un legado hist\u00f3rico inmaterial como parte de la identidad ling\u00fc\u00edstica y la herencia cultural de las personas sordas en todo el territorio de la Naci\u00f3n Argentina, y que garantiza su participaci\u00f3n e inclusi\u00f3n plena, como as\u00ed tambi\u00e9n de las personas que, por cualquier motivo, elijan comunicarse en dicha lengua.<\/p>\n\n\n\n<p>En cuanto a su definici\u00f3n, se se\u00f1ala que \u201cla LSA posee una estructura gramatical completa, compleja y distinta del castellano\u201d y \u201cal ser visual, es completamente accesible desde el punto de vista perceptual para las personas sordas, como as\u00ed tambi\u00e9n para todas las personas\u201d.<\/p>\n\n\n\n<p>Ser\u00e1n organismos leg\u00edtimos de consulta sobre la LSA aquellas organizaciones constituidas \u00edntegramente por personas sordas que las representen en todo el territorio de la Rep\u00fablica Argentina y que se encuentren oficialmente constituidas e inscriptas con reconocimiento de los Estados nacional, provincial y municipal.<\/p>\n\n\n\n<p>El proyecto faculta al Poder Ejecutivo para \u201cfomentar e impulsar en los distintos \u00e1mbitos de su competencia el acceso y el uso de la LSA de todas las personas que, por cualquier motivo, elijan comunicarse en dicha lengua\u201d.<\/p>\n\n\n\n<p>Esto ser\u00e1 bajo los objetivos de tener una accesibilidad efectiva y plena a la vida social; eliminar barreras comunicacionales y actitudinales; equiparar oportunidades tendientes a impulsar y fortalecer la independencia, autonom\u00eda personal y toma de decisiones; y dise\u00f1ar y ejecutar estrategias que aseguren la accesibilidad comunicacional en todas las pol\u00edticas p\u00fablicas dirigidas a la sociedad.<\/p>\n","protected":false},"excerpt":{"rendered":"<p>El Senado aprob\u00f3 por unanimidad en la sesi\u00f3n de este jueves la iniciativa que era largamente reclamada por organizaciones de la comunidad sorda. La Lengua de Se\u00f1as como idioma viso-gestual en todo el pa\u00eds es ley por unanimidad -63 votos afirmativos-. As\u00ed lo indic\u00f3 el tablero del recinto del Senado en la sesi\u00f3n de este [&hellip;]<\/p>\n","protected":false},"author":2,"featured_media":24038,"comment_status":"open","ping_status":"open","sticky":false,"template":"","format":"standard","meta":{"footnotes":""},"categories":[39],"tags":[],"class_list":["post-24037","post","type-post","status-publish","format-standard","has-post-thumbnail","hentry","category-nacionales"],"yoast_head":"<!-- This site is optimized with the Yoast SEO plugin v27.5 - https:\/\/yoast.com\/product\/yoast-seo-wordpress\/ -->\n<title>Es ley el proyecto que reconoce la Lengua de Se\u00f1as en todo el pa\u00eds como idioma viso-gestual | CVI NOTICIAS<\/title>\n<meta name=\"robots\" content=\"index, follow, max-snippet:-1, max-image-preview:large, max-video-preview:-1\" \/>\n<link rel=\"canonical\" href=\"https:\/\/cvinoticias.com\/v3\/es-ley-el-proyecto-que-reconoce-la-lengua-de-senas-en-todo-el-pais-como-idioma-viso-gestual\/\" \/>\n<meta property=\"og:locale\" content=\"es_ES\" \/>\n<meta property=\"og:type\" content=\"article\" \/>\n<meta property=\"og:title\" content=\"Es ley el proyecto que reconoce la Lengua de Se\u00f1as en todo el pa\u00eds como idioma viso-gestual | CVI NOTICIAS\" \/>\n<meta property=\"og:description\" content=\"El Senado aprob\u00f3 por unanimidad en la sesi\u00f3n de este jueves la iniciativa que era largamente reclamada por organizaciones de la comunidad sorda. La Lengua de Se\u00f1as como idioma viso-gestual en todo el pa\u00eds es ley por unanimidad -63 votos afirmativos-. As\u00ed lo indic\u00f3 el tablero del recinto del Senado en la sesi\u00f3n de este [&hellip;]\" \/>\n<meta property=\"og:url\" content=\"https:\/\/cvinoticias.com\/v3\/es-ley-el-proyecto-que-reconoce-la-lengua-de-senas-en-todo-el-pais-como-idioma-viso-gestual\/\" \/>\n<meta property=\"og:site_name\" content=\"CVI NOTICIAS\" \/>\n<meta property=\"article:publisher\" content=\"https:\/\/www.facebook.com\/cvinoticias\" \/>\n<meta property=\"article:published_time\" content=\"2023-04-14T09:44:46+00:00\" \/>\n<meta property=\"og:image\" content=\"https:\/\/cvinoticias.com\/wp-content\/uploads\/2023\/04\/ZQNB3QIO65FAXJRLLALOWZLJXU.jpeg\" \/>\n\t<meta property=\"og:image:width\" content=\"1200\" \/>\n\t<meta property=\"og:image:height\" content=\"630\" \/>\n\t<meta property=\"og:image:type\" content=\"image\/jpeg\" \/>\n<meta name=\"author\" content=\"f1000024\" \/>\n<meta name=\"twitter:card\" content=\"summary_large_image\" \/>\n<meta name=\"twitter:label1\" content=\"Escrito por\" \/>\n\t<meta name=\"twitter:data1\" content=\"f1000024\" \/>\n\t<meta name=\"twitter:label2\" content=\"Tiempo de lectura\" \/>\n\t<meta name=\"twitter:data2\" content=\"2 minutos\" \/>\n<script type=\"application\/ld+json\" class=\"yoast-schema-graph\">{\"@context\":\"https:\\\/\\\/schema.org\",\"@graph\":[{\"@type\":\"Article\",\"@id\":\"https:\\\/\\\/cvinoticias.com\\\/v3\\\/es-ley-el-proyecto-que-reconoce-la-lengua-de-senas-en-todo-el-pais-como-idioma-viso-gestual\\\/#article\",\"isPartOf\":{\"@id\":\"https:\\\/\\\/cvinoticias.com\\\/v3\\\/es-ley-el-proyecto-que-reconoce-la-lengua-de-senas-en-todo-el-pais-como-idioma-viso-gestual\\\/\"},\"author\":{\"name\":\"f1000024\",\"@id\":\"https:\\\/\\\/cvinoticias.com\\\/v3\\\/#\\\/schema\\\/person\\\/2db77e3c6bc03c538495d7b2b8be9b66\"},\"headline\":\"Es ley el proyecto que reconoce la Lengua de Se\u00f1as en todo el pa\u00eds como idioma viso-gestual\",\"datePublished\":\"2023-04-14T09:44:46+00:00\",\"mainEntityOfPage\":{\"@id\":\"https:\\\/\\\/cvinoticias.com\\\/v3\\\/es-ley-el-proyecto-que-reconoce-la-lengua-de-senas-en-todo-el-pais-como-idioma-viso-gestual\\\/\"},\"wordCount\":384,\"commentCount\":0,\"publisher\":{\"@id\":\"https:\\\/\\\/cvinoticias.com\\\/v3\\\/#organization\"},\"image\":{\"@id\":\"https:\\\/\\\/cvinoticias.com\\\/v3\\\/es-ley-el-proyecto-que-reconoce-la-lengua-de-senas-en-todo-el-pais-como-idioma-viso-gestual\\\/#primaryimage\"},\"thumbnailUrl\":\"https:\\\/\\\/cvinoticias.com\\\/wp-content\\\/uploads\\\/2023\\\/04\\\/ZQNB3QIO65FAXJRLLALOWZLJXU.jpeg\",\"articleSection\":[\"Nacionales\"],\"inLanguage\":\"es\",\"potentialAction\":[{\"@type\":\"CommentAction\",\"name\":\"Comment\",\"target\":[\"https:\\\/\\\/cvinoticias.com\\\/v3\\\/es-ley-el-proyecto-que-reconoce-la-lengua-de-senas-en-todo-el-pais-como-idioma-viso-gestual\\\/#respond\"]}]},{\"@type\":\"WebPage\",\"@id\":\"https:\\\/\\\/cvinoticias.com\\\/v3\\\/es-ley-el-proyecto-que-reconoce-la-lengua-de-senas-en-todo-el-pais-como-idioma-viso-gestual\\\/\",\"url\":\"https:\\\/\\\/cvinoticias.com\\\/v3\\\/es-ley-el-proyecto-que-reconoce-la-lengua-de-senas-en-todo-el-pais-como-idioma-viso-gestual\\\/\",\"name\":\"Es ley el proyecto que reconoce la Lengua de Se\u00f1as en todo el pa\u00eds como idioma viso-gestual | CVI NOTICIAS\",\"isPartOf\":{\"@id\":\"https:\\\/\\\/cvinoticias.com\\\/v3\\\/#website\"},\"primaryImageOfPage\":{\"@id\":\"https:\\\/\\\/cvinoticias.com\\\/v3\\\/es-ley-el-proyecto-que-reconoce-la-lengua-de-senas-en-todo-el-pais-como-idioma-viso-gestual\\\/#primaryimage\"},\"image\":{\"@id\":\"https:\\\/\\\/cvinoticias.com\\\/v3\\\/es-ley-el-proyecto-que-reconoce-la-lengua-de-senas-en-todo-el-pais-como-idioma-viso-gestual\\\/#primaryimage\"},\"thumbnailUrl\":\"https:\\\/\\\/cvinoticias.com\\\/wp-content\\\/uploads\\\/2023\\\/04\\\/ZQNB3QIO65FAXJRLLALOWZLJXU.jpeg\",\"datePublished\":\"2023-04-14T09:44:46+00:00\",\"breadcrumb\":{\"@id\":\"https:\\\/\\\/cvinoticias.com\\\/v3\\\/es-ley-el-proyecto-que-reconoce-la-lengua-de-senas-en-todo-el-pais-como-idioma-viso-gestual\\\/#breadcrumb\"},\"inLanguage\":\"es\",\"potentialAction\":[{\"@type\":\"ReadAction\",\"target\":[\"https:\\\/\\\/cvinoticias.com\\\/v3\\\/es-ley-el-proyecto-que-reconoce-la-lengua-de-senas-en-todo-el-pais-como-idioma-viso-gestual\\\/\"]}]},{\"@type\":\"ImageObject\",\"inLanguage\":\"es\",\"@id\":\"https:\\\/\\\/cvinoticias.com\\\/v3\\\/es-ley-el-proyecto-que-reconoce-la-lengua-de-senas-en-todo-el-pais-como-idioma-viso-gestual\\\/#primaryimage\",\"url\":\"https:\\\/\\\/cvinoticias.com\\\/wp-content\\\/uploads\\\/2023\\\/04\\\/ZQNB3QIO65FAXJRLLALOWZLJXU.jpeg\",\"contentUrl\":\"https:\\\/\\\/cvinoticias.com\\\/wp-content\\\/uploads\\\/2023\\\/04\\\/ZQNB3QIO65FAXJRLLALOWZLJXU.jpeg\",\"width\":1200,\"height\":630},{\"@type\":\"BreadcrumbList\",\"@id\":\"https:\\\/\\\/cvinoticias.com\\\/v3\\\/es-ley-el-proyecto-que-reconoce-la-lengua-de-senas-en-todo-el-pais-como-idioma-viso-gestual\\\/#breadcrumb\",\"itemListElement\":[{\"@type\":\"ListItem\",\"position\":1,\"name\":\"Portada\",\"item\":\"https:\\\/\\\/cvinoticias.com\\\/v3\\\/\"},{\"@type\":\"ListItem\",\"position\":2,\"name\":\"Es ley el proyecto que reconoce la Lengua de Se\u00f1as en todo el pa\u00eds como idioma viso-gestual\"}]},{\"@type\":\"WebSite\",\"@id\":\"https:\\\/\\\/cvinoticias.com\\\/v3\\\/#website\",\"url\":\"https:\\\/\\\/cvinoticias.com\\\/v3\\\/\",\"name\":\"CVI NOTICIAS\",\"description\":\"\",\"publisher\":{\"@id\":\"https:\\\/\\\/cvinoticias.com\\\/v3\\\/#organization\"},\"alternateName\":\"CVI\",\"potentialAction\":[{\"@type\":\"SearchAction\",\"target\":{\"@type\":\"EntryPoint\",\"urlTemplate\":\"https:\\\/\\\/cvinoticias.com\\\/v3\\\/?s={search_term_string}\"},\"query-input\":{\"@type\":\"PropertyValueSpecification\",\"valueRequired\":true,\"valueName\":\"search_term_string\"}}],\"inLanguage\":\"es\"},{\"@type\":\"Organization\",\"@id\":\"https:\\\/\\\/cvinoticias.com\\\/v3\\\/#organization\",\"name\":\"CVI NOTICIAS\",\"url\":\"https:\\\/\\\/cvinoticias.com\\\/v3\\\/\",\"logo\":{\"@type\":\"ImageObject\",\"inLanguage\":\"es\",\"@id\":\"https:\\\/\\\/cvinoticias.com\\\/v3\\\/#\\\/schema\\\/logo\\\/image\\\/\",\"url\":\"https:\\\/\\\/cvinoticias.com\\\/wp-content\\\/uploads\\\/2023\\\/04\\\/cropped-cropped-cropped-cropped-cropped-3-1.png\",\"contentUrl\":\"https:\\\/\\\/cvinoticias.com\\\/wp-content\\\/uploads\\\/2023\\\/04\\\/cropped-cropped-cropped-cropped-cropped-3-1.png\",\"width\":95,\"height\":122,\"caption\":\"CVI NOTICIAS\"},\"image\":{\"@id\":\"https:\\\/\\\/cvinoticias.com\\\/v3\\\/#\\\/schema\\\/logo\\\/image\\\/\"},\"sameAs\":[\"https:\\\/\\\/www.facebook.com\\\/cvinoticias\",\"https:\\\/\\\/www.instagram.com\\\/cvinoticias\\\/\",\"https:\\\/\\\/www.youtube.com\\\/@CVINOTICIAS\"]},{\"@type\":\"Person\",\"@id\":\"https:\\\/\\\/cvinoticias.com\\\/v3\\\/#\\\/schema\\\/person\\\/2db77e3c6bc03c538495d7b2b8be9b66\",\"name\":\"f1000024\",\"image\":{\"@type\":\"ImageObject\",\"inLanguage\":\"es\",\"@id\":\"https:\\\/\\\/secure.gravatar.com\\\/avatar\\\/d4fe7459cfc51ff5129ce1a732bbef5928568b8092d412ef95611616376bbeed?s=96&d=mm&r=g\",\"url\":\"https:\\\/\\\/secure.gravatar.com\\\/avatar\\\/d4fe7459cfc51ff5129ce1a732bbef5928568b8092d412ef95611616376bbeed?s=96&d=mm&r=g\",\"contentUrl\":\"https:\\\/\\\/secure.gravatar.com\\\/avatar\\\/d4fe7459cfc51ff5129ce1a732bbef5928568b8092d412ef95611616376bbeed?s=96&d=mm&r=g\",\"caption\":\"f1000024\"},\"url\":\"https:\\\/\\\/cvinoticias.com\\\/v3\\\/author\\\/f1000024\\\/\"}]}<\/script>\n<!-- \/ Yoast SEO plugin. -->","yoast_head_json":{"title":"Es ley el proyecto que reconoce la Lengua de Se\u00f1as en todo el pa\u00eds como idioma viso-gestual | CVI NOTICIAS","robots":{"index":"index","follow":"follow","max-snippet":"max-snippet:-1","max-image-preview":"max-image-preview:large","max-video-preview":"max-video-preview:-1"},"canonical":"https:\/\/cvinoticias.com\/v3\/es-ley-el-proyecto-que-reconoce-la-lengua-de-senas-en-todo-el-pais-como-idioma-viso-gestual\/","og_locale":"es_ES","og_type":"article","og_title":"Es ley el proyecto que reconoce la Lengua de Se\u00f1as en todo el pa\u00eds como idioma viso-gestual | CVI NOTICIAS","og_description":"El Senado aprob\u00f3 por unanimidad en la sesi\u00f3n de este jueves la iniciativa que era largamente reclamada por organizaciones de la comunidad sorda. La Lengua de Se\u00f1as como idioma viso-gestual en todo el pa\u00eds es ley por unanimidad -63 votos afirmativos-. As\u00ed lo indic\u00f3 el tablero del recinto del Senado en la sesi\u00f3n de este [&hellip;]","og_url":"https:\/\/cvinoticias.com\/v3\/es-ley-el-proyecto-que-reconoce-la-lengua-de-senas-en-todo-el-pais-como-idioma-viso-gestual\/","og_site_name":"CVI NOTICIAS","article_publisher":"https:\/\/www.facebook.com\/cvinoticias","article_published_time":"2023-04-14T09:44:46+00:00","og_image":[{"width":1200,"height":630,"url":"https:\/\/cvinoticias.com\/wp-content\/uploads\/2023\/04\/ZQNB3QIO65FAXJRLLALOWZLJXU.jpeg","type":"image\/jpeg"}],"author":"f1000024","twitter_card":"summary_large_image","twitter_misc":{"Escrito por":"f1000024","Tiempo de lectura":"2 minutos"},"schema":{"@context":"https:\/\/schema.org","@graph":[{"@type":"Article","@id":"https:\/\/cvinoticias.com\/v3\/es-ley-el-proyecto-que-reconoce-la-lengua-de-senas-en-todo-el-pais-como-idioma-viso-gestual\/#article","isPartOf":{"@id":"https:\/\/cvinoticias.com\/v3\/es-ley-el-proyecto-que-reconoce-la-lengua-de-senas-en-todo-el-pais-como-idioma-viso-gestual\/"},"author":{"name":"f1000024","@id":"https:\/\/cvinoticias.com\/v3\/#\/schema\/person\/2db77e3c6bc03c538495d7b2b8be9b66"},"headline":"Es ley el proyecto que reconoce la Lengua de Se\u00f1as en todo el pa\u00eds como idioma viso-gestual","datePublished":"2023-04-14T09:44:46+00:00","mainEntityOfPage":{"@id":"https:\/\/cvinoticias.com\/v3\/es-ley-el-proyecto-que-reconoce-la-lengua-de-senas-en-todo-el-pais-como-idioma-viso-gestual\/"},"wordCount":384,"commentCount":0,"publisher":{"@id":"https:\/\/cvinoticias.com\/v3\/#organization"},"image":{"@id":"https:\/\/cvinoticias.com\/v3\/es-ley-el-proyecto-que-reconoce-la-lengua-de-senas-en-todo-el-pais-como-idioma-viso-gestual\/#primaryimage"},"thumbnailUrl":"https:\/\/cvinoticias.com\/wp-content\/uploads\/2023\/04\/ZQNB3QIO65FAXJRLLALOWZLJXU.jpeg","articleSection":["Nacionales"],"inLanguage":"es","potentialAction":[{"@type":"CommentAction","name":"Comment","target":["https:\/\/cvinoticias.com\/v3\/es-ley-el-proyecto-que-reconoce-la-lengua-de-senas-en-todo-el-pais-como-idioma-viso-gestual\/#respond"]}]},{"@type":"WebPage","@id":"https:\/\/cvinoticias.com\/v3\/es-ley-el-proyecto-que-reconoce-la-lengua-de-senas-en-todo-el-pais-como-idioma-viso-gestual\/","url":"https:\/\/cvinoticias.com\/v3\/es-ley-el-proyecto-que-reconoce-la-lengua-de-senas-en-todo-el-pais-como-idioma-viso-gestual\/","name":"Es ley el proyecto que reconoce la Lengua de Se\u00f1as en todo el pa\u00eds como idioma viso-gestual | CVI NOTICIAS","isPartOf":{"@id":"https:\/\/cvinoticias.com\/v3\/#website"},"primaryImageOfPage":{"@id":"https:\/\/cvinoticias.com\/v3\/es-ley-el-proyecto-que-reconoce-la-lengua-de-senas-en-todo-el-pais-como-idioma-viso-gestual\/#primaryimage"},"image":{"@id":"https:\/\/cvinoticias.com\/v3\/es-ley-el-proyecto-que-reconoce-la-lengua-de-senas-en-todo-el-pais-como-idioma-viso-gestual\/#primaryimage"},"thumbnailUrl":"https:\/\/cvinoticias.com\/wp-content\/uploads\/2023\/04\/ZQNB3QIO65FAXJRLLALOWZLJXU.jpeg","datePublished":"2023-04-14T09:44:46+00:00","breadcrumb":{"@id":"https:\/\/cvinoticias.com\/v3\/es-ley-el-proyecto-que-reconoce-la-lengua-de-senas-en-todo-el-pais-como-idioma-viso-gestual\/#breadcrumb"},"inLanguage":"es","potentialAction":[{"@type":"ReadAction","target":["https:\/\/cvinoticias.com\/v3\/es-ley-el-proyecto-que-reconoce-la-lengua-de-senas-en-todo-el-pais-como-idioma-viso-gestual\/"]}]},{"@type":"ImageObject","inLanguage":"es","@id":"https:\/\/cvinoticias.com\/v3\/es-ley-el-proyecto-que-reconoce-la-lengua-de-senas-en-todo-el-pais-como-idioma-viso-gestual\/#primaryimage","url":"https:\/\/cvinoticias.com\/wp-content\/uploads\/2023\/04\/ZQNB3QIO65FAXJRLLALOWZLJXU.jpeg","contentUrl":"https:\/\/cvinoticias.com\/wp-content\/uploads\/2023\/04\/ZQNB3QIO65FAXJRLLALOWZLJXU.jpeg","width":1200,"height":630},{"@type":"BreadcrumbList","@id":"https:\/\/cvinoticias.com\/v3\/es-ley-el-proyecto-que-reconoce-la-lengua-de-senas-en-todo-el-pais-como-idioma-viso-gestual\/#breadcrumb","itemListElement":[{"@type":"ListItem","position":1,"name":"Portada","item":"https:\/\/cvinoticias.com\/v3\/"},{"@type":"ListItem","position":2,"name":"Es ley el proyecto que reconoce la Lengua de Se\u00f1as en todo el pa\u00eds como idioma viso-gestual"}]},{"@type":"WebSite","@id":"https:\/\/cvinoticias.com\/v3\/#website","url":"https:\/\/cvinoticias.com\/v3\/","name":"CVI NOTICIAS","description":"","publisher":{"@id":"https:\/\/cvinoticias.com\/v3\/#organization"},"alternateName":"CVI","potentialAction":[{"@type":"SearchAction","target":{"@type":"EntryPoint","urlTemplate":"https:\/\/cvinoticias.com\/v3\/?s={search_term_string}"},"query-input":{"@type":"PropertyValueSpecification","valueRequired":true,"valueName":"search_term_string"}}],"inLanguage":"es"},{"@type":"Organization","@id":"https:\/\/cvinoticias.com\/v3\/#organization","name":"CVI NOTICIAS","url":"https:\/\/cvinoticias.com\/v3\/","logo":{"@type":"ImageObject","inLanguage":"es","@id":"https:\/\/cvinoticias.com\/v3\/#\/schema\/logo\/image\/","url":"https:\/\/cvinoticias.com\/wp-content\/uploads\/2023\/04\/cropped-cropped-cropped-cropped-cropped-3-1.png","contentUrl":"https:\/\/cvinoticias.com\/wp-content\/uploads\/2023\/04\/cropped-cropped-cropped-cropped-cropped-3-1.png","width":95,"height":122,"caption":"CVI NOTICIAS"},"image":{"@id":"https:\/\/cvinoticias.com\/v3\/#\/schema\/logo\/image\/"},"sameAs":["https:\/\/www.facebook.com\/cvinoticias","https:\/\/www.instagram.com\/cvinoticias\/","https:\/\/www.youtube.com\/@CVINOTICIAS"]},{"@type":"Person","@id":"https:\/\/cvinoticias.com\/v3\/#\/schema\/person\/2db77e3c6bc03c538495d7b2b8be9b66","name":"f1000024","image":{"@type":"ImageObject","inLanguage":"es","@id":"https:\/\/secure.gravatar.com\/avatar\/d4fe7459cfc51ff5129ce1a732bbef5928568b8092d412ef95611616376bbeed?s=96&d=mm&r=g","url":"https:\/\/secure.gravatar.com\/avatar\/d4fe7459cfc51ff5129ce1a732bbef5928568b8092d412ef95611616376bbeed?s=96&d=mm&r=g","contentUrl":"https:\/\/secure.gravatar.com\/avatar\/d4fe7459cfc51ff5129ce1a732bbef5928568b8092d412ef95611616376bbeed?s=96&d=mm&r=g","caption":"f1000024"},"url":"https:\/\/cvinoticias.com\/v3\/author\/f1000024\/"}]}},"_links":{"self":[{"href":"https:\/\/cvinoticias.com\/v3\/wp-json\/wp\/v2\/posts\/24037","targetHints":{"allow":["GET"]}}],"collection":[{"href":"https:\/\/cvinoticias.com\/v3\/wp-json\/wp\/v2\/posts"}],"about":[{"href":"https:\/\/cvinoticias.com\/v3\/wp-json\/wp\/v2\/types\/post"}],"author":[{"embeddable":true,"href":"https:\/\/cvinoticias.com\/v3\/wp-json\/wp\/v2\/users\/2"}],"replies":[{"embeddable":true,"href":"https:\/\/cvinoticias.com\/v3\/wp-json\/wp\/v2\/comments?post=24037"}],"version-history":[{"count":1,"href":"https:\/\/cvinoticias.com\/v3\/wp-json\/wp\/v2\/posts\/24037\/revisions"}],"predecessor-version":[{"id":24039,"href":"https:\/\/cvinoticias.com\/v3\/wp-json\/wp\/v2\/posts\/24037\/revisions\/24039"}],"wp:featuredmedia":[{"embeddable":true,"href":"https:\/\/cvinoticias.com\/v3\/wp-json\/wp\/v2\/media\/24038"}],"wp:attachment":[{"href":"https:\/\/cvinoticias.com\/v3\/wp-json\/wp\/v2\/media?parent=24037"}],"wp:term":[{"taxonomy":"category","embeddable":true,"href":"https:\/\/cvinoticias.com\/v3\/wp-json\/wp\/v2\/categories?post=24037"},{"taxonomy":"post_tag","embeddable":true,"href":"https:\/\/cvinoticias.com\/v3\/wp-json\/wp\/v2\/tags?post=24037"}],"curies":[{"name":"wp","href":"https:\/\/api.w.org\/{rel}","templated":true}]}}