{"id":24023,"date":"2023-04-13T22:43:11","date_gmt":"2023-04-13T22:43:11","guid":{"rendered":"https:\/\/cvinoticias.com\/v3\/?p=24023"},"modified":"2023-04-13T22:43:11","modified_gmt":"2023-04-13T22:43:11","slug":"el-senado-aprobo-la-ley-lucio-que-busca-prevenir-la-violencia-contra-las-infancias","status":"publish","type":"post","link":"https:\/\/cvinoticias.com\/v3\/el-senado-aprobo-la-ley-lucio-que-busca-prevenir-la-violencia-contra-las-infancias\/","title":{"rendered":"El Senado aprob\u00f3 la Ley Lucio, que busca prevenir la violencia contra las infancias"},"content":{"rendered":"\n<p><strong><em>El expediente plantea capacitaciones, campa\u00f1as de concientizaci\u00f3n y mayor presupuesto para luchar contra la violencia en perjuicio de ni\u00f1as, ni\u00f1os y adolescentes. El proyecto surgi\u00f3 tras el asesinato de Lucio Dupuy, de 5 a\u00f1os, en noviembre de 2021<\/em><\/strong><\/p>\n\n\n\n<p>El Senado de la Naci\u00f3n aprob\u00f3 hoy por unanimidad y convirti\u00f3 en ley un proyecto que busca prevenir las violencias y abusos en la infancia, impulsado tras el caso de&nbsp;Lucio Dupuy, el ni\u00f1o de cinco a\u00f1os asesinado a golpes&nbsp;en La Pampa, por el que fueron juzgadas y condenadas su madre y la pareja de esta.<\/p>\n\n\n\n<p>El proyecto fue debatido en el recinto de sesiones durante poco m\u00e1s de una hora, ya que exist\u00eda la intenci\u00f3n entre los legisladores de sancionar r\u00e1pidamente la iniciativa.<\/p>\n\n\n\n<p>El expediente plantea capacitaciones continuas y obligatorias, campa\u00f1as de concientizaci\u00f3n y mayor presupuesto para luchar contra la violencia en perjuicio de ni\u00f1as, ni\u00f1os y adolescentes.<\/p>\n\n\n\n<p>En su articulado se crea el Plan Federal de Capacitaci\u00f3n de car\u00e1cter continuo, permanente y obligatorio en Derechos de Ni\u00f1os, Ni\u00f1as y Adolescentes (NNyA), plan que le da nombre a la ley, dirigido a todas las personas que se desempe\u00f1en en la funci\u00f3n p\u00fablica en todos sus niveles y jerarqu\u00edas en los poderes Ejecutivo, Legislativo y Judicial.<\/p>\n\n\n\n<p>La capacitaci\u00f3n prevista puede extenderse a administraciones provinciales y municipales y organizaciones sociales, deportivas, recreativas y culturales.<\/p>\n\n\n\n<p>La secretar\u00eda Nacional de Ni\u00f1ez, Adolescencia y Familia (Senaf), dependiente del Ministerio de Desarrollo Social, ser\u00e1 la autoridad de aplicaci\u00f3n de la ley, por lo que tendr\u00e1 una&nbsp;<strong>\u00abobligaci\u00f3n inmediata y directa\u00bb<\/strong>&nbsp;en las capacitaciones y campa\u00f1as de concientizaci\u00f3n que deber\u00e1n realizarse, en lo que ya cuentan con \u00abcierta experiencia acumulada\u00bb.<\/p>\n\n\n\n<p>Uno de los art\u00edculos de la ley plantea, adem\u00e1s, la creaci\u00f3n de&nbsp;<strong>campa\u00f1as de concientizaci\u00f3n<\/strong>&nbsp;para que toda la poblaci\u00f3n se involucre en la promoci\u00f3n y defensa de los derechos de NNyA.<\/p>\n\n\n\n<p>Asimismo, otro eje central es la protecci\u00f3n de los denunciantes en los casos de posible vulneraci\u00f3n, procurando \u00abla reserva de identidad del denunciante y la protecci\u00f3n de su integridad\u00bb.<\/p>\n\n\n\n<p>La ley enfatiza en el&nbsp;<strong>deber de comunicar<\/strong>&nbsp;una vulneraci\u00f3n o amenaza de derechos y el deber de recibir y tramitar una denuncia por parte del funcionario p\u00fablico, conforme lo establecido en la ley 26.061 de Protecci\u00f3n Integral de los Derechos de NNyA y la 27.455 de Abuso en la Infancia.<\/p>\n\n\n\n<p><strong>El proyecto de ley surgi\u00f3 tras el asesinato de Lucio<\/strong>&nbsp;(de cinco a\u00f1os de edad) en noviembre de 2021 en Santa Rosa, La Pampa, hecho por el que fueron juzgadas y condenadas a perpetua su madre, Magdalena Esp\u00f3sito Valenti, y la pareja de \u00e9sta, Abigail P\u00e1ez.<\/p>\n\n\n\n<p>En el recinto se encontraba presente el abuelo del ni\u00f1o, Ram\u00f3n Dupuy, quien arrib\u00f3 al Congreso junto a otros familiares y reclam\u00f3 la aprobaci\u00f3n de la iniciativa, que tiene media sanci\u00f3n de la C\u00e1mara de Diputados desde el 9 de noviembre de 2022.<\/p>\n\n\n\n<p>Diez senadores de las distintas bancadas se anotaron en la lista de oradores para exponer sobre esta iniciativa, que llev\u00f3 poco m\u00e1s de una hora ya que los legisladores quer\u00edan sancionar el proyecto lo m\u00e1s r\u00e1pido posible.<\/p>\n\n\n\n<p>En representaci\u00f3n del Frente de Todos (FdT), el primer orador, el senador Daniel Bensus\u00e1n (La Pampa), expres\u00f3 que \u00abla violencia de nuestras infancias atraviesa toda la sociedad y nos interpela a quienes tenemos responsabilidades institucionales y pol\u00edticas\u00bb.<\/p>\n\n\n\n<p>El senador destac\u00f3 \u00abla importancia de legislar sobre el tema para evitar la violencia que se ejerci\u00f3 contra Lucio Dupuy\u00bb, pidi\u00f3 que \u00abse dejen de meter bajo la alfombra (este tipo de hechos)\u00bb y consider\u00f3 que con esta ley se estar\u00e1 \u00abrespondiendo en forma madura como sociedad\u00bb.<\/p>\n\n\n\n<p>Por la oposici\u00f3n, Mar\u00eda Bel\u00e9n Tapia, senadora por Santa Cruz, dijo que el abuelo de Lucio fue \u00abun ejemplo\u00bb porque \u00absac\u00f3 fuerzas de donde tal vez no sab\u00eda que las ten\u00eda\u00bb al pedir justicia y record\u00f3 que todos los espacios pol\u00edticos \u00abtienen intenciones de legislar\u00bb sobre este tipo de casos desde hace tiempo.<\/p>\n","protected":false},"excerpt":{"rendered":"<p>El expediente plantea capacitaciones, campa\u00f1as de concientizaci\u00f3n y mayor presupuesto para luchar contra la violencia en perjuicio de ni\u00f1as, ni\u00f1os y adolescentes. El proyecto surgi\u00f3 tras el asesinato de Lucio Dupuy, de 5 a\u00f1os, en noviembre de 2021 El Senado de la Naci\u00f3n aprob\u00f3 hoy por unanimidad y convirti\u00f3 en ley un proyecto que busca [&hellip;]<\/p>\n","protected":false},"author":2,"featured_media":24024,"comment_status":"open","ping_status":"open","sticky":false,"template":"","format":"standard","meta":{"footnotes":""},"categories":[39],"tags":[],"class_list":["post-24023","post","type-post","status-publish","format-standard","has-post-thumbnail","hentry","category-nacionales"],"yoast_head":"<!-- This site is optimized with the Yoast SEO plugin v27.5 - https:\/\/yoast.com\/product\/yoast-seo-wordpress\/ -->\n<title>El Senado aprob\u00f3 la Ley Lucio, que busca prevenir la violencia contra las infancias | CVI NOTICIAS<\/title>\n<meta name=\"robots\" content=\"index, follow, max-snippet:-1, max-image-preview:large, max-video-preview:-1\" \/>\n<link rel=\"canonical\" href=\"https:\/\/cvinoticias.com\/v3\/el-senado-aprobo-la-ley-lucio-que-busca-prevenir-la-violencia-contra-las-infancias\/\" \/>\n<meta property=\"og:locale\" content=\"es_ES\" \/>\n<meta property=\"og:type\" content=\"article\" \/>\n<meta property=\"og:title\" content=\"El Senado aprob\u00f3 la Ley Lucio, que busca prevenir la violencia contra las infancias | CVI NOTICIAS\" \/>\n<meta property=\"og:description\" content=\"El expediente plantea capacitaciones, campa\u00f1as de concientizaci\u00f3n y mayor presupuesto para luchar contra la violencia en perjuicio de ni\u00f1as, ni\u00f1os y adolescentes. El proyecto surgi\u00f3 tras el asesinato de Lucio Dupuy, de 5 a\u00f1os, en noviembre de 2021 El Senado de la Naci\u00f3n aprob\u00f3 hoy por unanimidad y convirti\u00f3 en ley un proyecto que busca [&hellip;]\" \/>\n<meta property=\"og:url\" content=\"https:\/\/cvinoticias.com\/v3\/el-senado-aprobo-la-ley-lucio-que-busca-prevenir-la-violencia-contra-las-infancias\/\" \/>\n<meta property=\"og:site_name\" content=\"CVI NOTICIAS\" \/>\n<meta property=\"article:publisher\" content=\"https:\/\/www.facebook.com\/cvinoticias\" \/>\n<meta property=\"article:published_time\" content=\"2023-04-13T22:43:11+00:00\" \/>\n<meta property=\"og:image\" content=\"https:\/\/cvinoticias.com\/wp-content\/uploads\/2023\/04\/Screenshot_20230413_194142_Facebook.jpg\" \/>\n\t<meta property=\"og:image:width\" content=\"1078\" \/>\n\t<meta property=\"og:image:height\" content=\"600\" \/>\n\t<meta property=\"og:image:type\" content=\"image\/jpeg\" \/>\n<meta name=\"author\" content=\"f1000024\" \/>\n<meta name=\"twitter:card\" content=\"summary_large_image\" \/>\n<meta name=\"twitter:label1\" content=\"Escrito por\" \/>\n\t<meta name=\"twitter:data1\" content=\"f1000024\" \/>\n\t<meta name=\"twitter:label2\" content=\"Tiempo de lectura\" \/>\n\t<meta name=\"twitter:data2\" content=\"4 minutos\" \/>\n<script type=\"application\/ld+json\" class=\"yoast-schema-graph\">{\"@context\":\"https:\\\/\\\/schema.org\",\"@graph\":[{\"@type\":\"Article\",\"@id\":\"https:\\\/\\\/cvinoticias.com\\\/v3\\\/el-senado-aprobo-la-ley-lucio-que-busca-prevenir-la-violencia-contra-las-infancias\\\/#article\",\"isPartOf\":{\"@id\":\"https:\\\/\\\/cvinoticias.com\\\/v3\\\/el-senado-aprobo-la-ley-lucio-que-busca-prevenir-la-violencia-contra-las-infancias\\\/\"},\"author\":{\"name\":\"f1000024\",\"@id\":\"https:\\\/\\\/cvinoticias.com\\\/v3\\\/#\\\/schema\\\/person\\\/2db77e3c6bc03c538495d7b2b8be9b66\"},\"headline\":\"El Senado aprob\u00f3 la Ley Lucio, que busca prevenir la violencia contra las infancias\",\"datePublished\":\"2023-04-13T22:43:11+00:00\",\"mainEntityOfPage\":{\"@id\":\"https:\\\/\\\/cvinoticias.com\\\/v3\\\/el-senado-aprobo-la-ley-lucio-que-busca-prevenir-la-violencia-contra-las-infancias\\\/\"},\"wordCount\":730,\"commentCount\":0,\"publisher\":{\"@id\":\"https:\\\/\\\/cvinoticias.com\\\/v3\\\/#organization\"},\"image\":{\"@id\":\"https:\\\/\\\/cvinoticias.com\\\/v3\\\/el-senado-aprobo-la-ley-lucio-que-busca-prevenir-la-violencia-contra-las-infancias\\\/#primaryimage\"},\"thumbnailUrl\":\"https:\\\/\\\/cvinoticias.com\\\/wp-content\\\/uploads\\\/2023\\\/04\\\/Screenshot_20230413_194142_Facebook.jpg\",\"articleSection\":[\"Nacionales\"],\"inLanguage\":\"es\",\"potentialAction\":[{\"@type\":\"CommentAction\",\"name\":\"Comment\",\"target\":[\"https:\\\/\\\/cvinoticias.com\\\/v3\\\/el-senado-aprobo-la-ley-lucio-que-busca-prevenir-la-violencia-contra-las-infancias\\\/#respond\"]}]},{\"@type\":\"WebPage\",\"@id\":\"https:\\\/\\\/cvinoticias.com\\\/v3\\\/el-senado-aprobo-la-ley-lucio-que-busca-prevenir-la-violencia-contra-las-infancias\\\/\",\"url\":\"https:\\\/\\\/cvinoticias.com\\\/v3\\\/el-senado-aprobo-la-ley-lucio-que-busca-prevenir-la-violencia-contra-las-infancias\\\/\",\"name\":\"El Senado aprob\u00f3 la Ley Lucio, que busca prevenir la violencia contra las infancias | CVI NOTICIAS\",\"isPartOf\":{\"@id\":\"https:\\\/\\\/cvinoticias.com\\\/v3\\\/#website\"},\"primaryImageOfPage\":{\"@id\":\"https:\\\/\\\/cvinoticias.com\\\/v3\\\/el-senado-aprobo-la-ley-lucio-que-busca-prevenir-la-violencia-contra-las-infancias\\\/#primaryimage\"},\"image\":{\"@id\":\"https:\\\/\\\/cvinoticias.com\\\/v3\\\/el-senado-aprobo-la-ley-lucio-que-busca-prevenir-la-violencia-contra-las-infancias\\\/#primaryimage\"},\"thumbnailUrl\":\"https:\\\/\\\/cvinoticias.com\\\/wp-content\\\/uploads\\\/2023\\\/04\\\/Screenshot_20230413_194142_Facebook.jpg\",\"datePublished\":\"2023-04-13T22:43:11+00:00\",\"breadcrumb\":{\"@id\":\"https:\\\/\\\/cvinoticias.com\\\/v3\\\/el-senado-aprobo-la-ley-lucio-que-busca-prevenir-la-violencia-contra-las-infancias\\\/#breadcrumb\"},\"inLanguage\":\"es\",\"potentialAction\":[{\"@type\":\"ReadAction\",\"target\":[\"https:\\\/\\\/cvinoticias.com\\\/v3\\\/el-senado-aprobo-la-ley-lucio-que-busca-prevenir-la-violencia-contra-las-infancias\\\/\"]}]},{\"@type\":\"ImageObject\",\"inLanguage\":\"es\",\"@id\":\"https:\\\/\\\/cvinoticias.com\\\/v3\\\/el-senado-aprobo-la-ley-lucio-que-busca-prevenir-la-violencia-contra-las-infancias\\\/#primaryimage\",\"url\":\"https:\\\/\\\/cvinoticias.com\\\/wp-content\\\/uploads\\\/2023\\\/04\\\/Screenshot_20230413_194142_Facebook.jpg\",\"contentUrl\":\"https:\\\/\\\/cvinoticias.com\\\/wp-content\\\/uploads\\\/2023\\\/04\\\/Screenshot_20230413_194142_Facebook.jpg\",\"width\":1078,\"height\":600},{\"@type\":\"BreadcrumbList\",\"@id\":\"https:\\\/\\\/cvinoticias.com\\\/v3\\\/el-senado-aprobo-la-ley-lucio-que-busca-prevenir-la-violencia-contra-las-infancias\\\/#breadcrumb\",\"itemListElement\":[{\"@type\":\"ListItem\",\"position\":1,\"name\":\"Portada\",\"item\":\"https:\\\/\\\/cvinoticias.com\\\/v3\\\/\"},{\"@type\":\"ListItem\",\"position\":2,\"name\":\"El Senado aprob\u00f3 la Ley Lucio, que busca prevenir la violencia contra las infancias\"}]},{\"@type\":\"WebSite\",\"@id\":\"https:\\\/\\\/cvinoticias.com\\\/v3\\\/#website\",\"url\":\"https:\\\/\\\/cvinoticias.com\\\/v3\\\/\",\"name\":\"CVI NOTICIAS\",\"description\":\"\",\"publisher\":{\"@id\":\"https:\\\/\\\/cvinoticias.com\\\/v3\\\/#organization\"},\"alternateName\":\"CVI\",\"potentialAction\":[{\"@type\":\"SearchAction\",\"target\":{\"@type\":\"EntryPoint\",\"urlTemplate\":\"https:\\\/\\\/cvinoticias.com\\\/v3\\\/?s={search_term_string}\"},\"query-input\":{\"@type\":\"PropertyValueSpecification\",\"valueRequired\":true,\"valueName\":\"search_term_string\"}}],\"inLanguage\":\"es\"},{\"@type\":\"Organization\",\"@id\":\"https:\\\/\\\/cvinoticias.com\\\/v3\\\/#organization\",\"name\":\"CVI NOTICIAS\",\"url\":\"https:\\\/\\\/cvinoticias.com\\\/v3\\\/\",\"logo\":{\"@type\":\"ImageObject\",\"inLanguage\":\"es\",\"@id\":\"https:\\\/\\\/cvinoticias.com\\\/v3\\\/#\\\/schema\\\/logo\\\/image\\\/\",\"url\":\"https:\\\/\\\/cvinoticias.com\\\/wp-content\\\/uploads\\\/2023\\\/04\\\/cropped-cropped-cropped-cropped-cropped-3-1.png\",\"contentUrl\":\"https:\\\/\\\/cvinoticias.com\\\/wp-content\\\/uploads\\\/2023\\\/04\\\/cropped-cropped-cropped-cropped-cropped-3-1.png\",\"width\":95,\"height\":122,\"caption\":\"CVI NOTICIAS\"},\"image\":{\"@id\":\"https:\\\/\\\/cvinoticias.com\\\/v3\\\/#\\\/schema\\\/logo\\\/image\\\/\"},\"sameAs\":[\"https:\\\/\\\/www.facebook.com\\\/cvinoticias\",\"https:\\\/\\\/www.instagram.com\\\/cvinoticias\\\/\",\"https:\\\/\\\/www.youtube.com\\\/@CVINOTICIAS\"]},{\"@type\":\"Person\",\"@id\":\"https:\\\/\\\/cvinoticias.com\\\/v3\\\/#\\\/schema\\\/person\\\/2db77e3c6bc03c538495d7b2b8be9b66\",\"name\":\"f1000024\",\"image\":{\"@type\":\"ImageObject\",\"inLanguage\":\"es\",\"@id\":\"https:\\\/\\\/secure.gravatar.com\\\/avatar\\\/d4fe7459cfc51ff5129ce1a732bbef5928568b8092d412ef95611616376bbeed?s=96&d=mm&r=g\",\"url\":\"https:\\\/\\\/secure.gravatar.com\\\/avatar\\\/d4fe7459cfc51ff5129ce1a732bbef5928568b8092d412ef95611616376bbeed?s=96&d=mm&r=g\",\"contentUrl\":\"https:\\\/\\\/secure.gravatar.com\\\/avatar\\\/d4fe7459cfc51ff5129ce1a732bbef5928568b8092d412ef95611616376bbeed?s=96&d=mm&r=g\",\"caption\":\"f1000024\"},\"url\":\"https:\\\/\\\/cvinoticias.com\\\/v3\\\/author\\\/f1000024\\\/\"}]}<\/script>\n<!-- \/ Yoast SEO plugin. -->","yoast_head_json":{"title":"El Senado aprob\u00f3 la Ley Lucio, que busca prevenir la violencia contra las infancias | CVI NOTICIAS","robots":{"index":"index","follow":"follow","max-snippet":"max-snippet:-1","max-image-preview":"max-image-preview:large","max-video-preview":"max-video-preview:-1"},"canonical":"https:\/\/cvinoticias.com\/v3\/el-senado-aprobo-la-ley-lucio-que-busca-prevenir-la-violencia-contra-las-infancias\/","og_locale":"es_ES","og_type":"article","og_title":"El Senado aprob\u00f3 la Ley Lucio, que busca prevenir la violencia contra las infancias | CVI NOTICIAS","og_description":"El expediente plantea capacitaciones, campa\u00f1as de concientizaci\u00f3n y mayor presupuesto para luchar contra la violencia en perjuicio de ni\u00f1as, ni\u00f1os y adolescentes. El proyecto surgi\u00f3 tras el asesinato de Lucio Dupuy, de 5 a\u00f1os, en noviembre de 2021 El Senado de la Naci\u00f3n aprob\u00f3 hoy por unanimidad y convirti\u00f3 en ley un proyecto que busca [&hellip;]","og_url":"https:\/\/cvinoticias.com\/v3\/el-senado-aprobo-la-ley-lucio-que-busca-prevenir-la-violencia-contra-las-infancias\/","og_site_name":"CVI NOTICIAS","article_publisher":"https:\/\/www.facebook.com\/cvinoticias","article_published_time":"2023-04-13T22:43:11+00:00","og_image":[{"width":1078,"height":600,"url":"https:\/\/cvinoticias.com\/wp-content\/uploads\/2023\/04\/Screenshot_20230413_194142_Facebook.jpg","type":"image\/jpeg"}],"author":"f1000024","twitter_card":"summary_large_image","twitter_misc":{"Escrito por":"f1000024","Tiempo de lectura":"4 minutos"},"schema":{"@context":"https:\/\/schema.org","@graph":[{"@type":"Article","@id":"https:\/\/cvinoticias.com\/v3\/el-senado-aprobo-la-ley-lucio-que-busca-prevenir-la-violencia-contra-las-infancias\/#article","isPartOf":{"@id":"https:\/\/cvinoticias.com\/v3\/el-senado-aprobo-la-ley-lucio-que-busca-prevenir-la-violencia-contra-las-infancias\/"},"author":{"name":"f1000024","@id":"https:\/\/cvinoticias.com\/v3\/#\/schema\/person\/2db77e3c6bc03c538495d7b2b8be9b66"},"headline":"El Senado aprob\u00f3 la Ley Lucio, que busca prevenir la violencia contra las infancias","datePublished":"2023-04-13T22:43:11+00:00","mainEntityOfPage":{"@id":"https:\/\/cvinoticias.com\/v3\/el-senado-aprobo-la-ley-lucio-que-busca-prevenir-la-violencia-contra-las-infancias\/"},"wordCount":730,"commentCount":0,"publisher":{"@id":"https:\/\/cvinoticias.com\/v3\/#organization"},"image":{"@id":"https:\/\/cvinoticias.com\/v3\/el-senado-aprobo-la-ley-lucio-que-busca-prevenir-la-violencia-contra-las-infancias\/#primaryimage"},"thumbnailUrl":"https:\/\/cvinoticias.com\/wp-content\/uploads\/2023\/04\/Screenshot_20230413_194142_Facebook.jpg","articleSection":["Nacionales"],"inLanguage":"es","potentialAction":[{"@type":"CommentAction","name":"Comment","target":["https:\/\/cvinoticias.com\/v3\/el-senado-aprobo-la-ley-lucio-que-busca-prevenir-la-violencia-contra-las-infancias\/#respond"]}]},{"@type":"WebPage","@id":"https:\/\/cvinoticias.com\/v3\/el-senado-aprobo-la-ley-lucio-que-busca-prevenir-la-violencia-contra-las-infancias\/","url":"https:\/\/cvinoticias.com\/v3\/el-senado-aprobo-la-ley-lucio-que-busca-prevenir-la-violencia-contra-las-infancias\/","name":"El Senado aprob\u00f3 la Ley Lucio, que busca prevenir la violencia contra las infancias | CVI NOTICIAS","isPartOf":{"@id":"https:\/\/cvinoticias.com\/v3\/#website"},"primaryImageOfPage":{"@id":"https:\/\/cvinoticias.com\/v3\/el-senado-aprobo-la-ley-lucio-que-busca-prevenir-la-violencia-contra-las-infancias\/#primaryimage"},"image":{"@id":"https:\/\/cvinoticias.com\/v3\/el-senado-aprobo-la-ley-lucio-que-busca-prevenir-la-violencia-contra-las-infancias\/#primaryimage"},"thumbnailUrl":"https:\/\/cvinoticias.com\/wp-content\/uploads\/2023\/04\/Screenshot_20230413_194142_Facebook.jpg","datePublished":"2023-04-13T22:43:11+00:00","breadcrumb":{"@id":"https:\/\/cvinoticias.com\/v3\/el-senado-aprobo-la-ley-lucio-que-busca-prevenir-la-violencia-contra-las-infancias\/#breadcrumb"},"inLanguage":"es","potentialAction":[{"@type":"ReadAction","target":["https:\/\/cvinoticias.com\/v3\/el-senado-aprobo-la-ley-lucio-que-busca-prevenir-la-violencia-contra-las-infancias\/"]}]},{"@type":"ImageObject","inLanguage":"es","@id":"https:\/\/cvinoticias.com\/v3\/el-senado-aprobo-la-ley-lucio-que-busca-prevenir-la-violencia-contra-las-infancias\/#primaryimage","url":"https:\/\/cvinoticias.com\/wp-content\/uploads\/2023\/04\/Screenshot_20230413_194142_Facebook.jpg","contentUrl":"https:\/\/cvinoticias.com\/wp-content\/uploads\/2023\/04\/Screenshot_20230413_194142_Facebook.jpg","width":1078,"height":600},{"@type":"BreadcrumbList","@id":"https:\/\/cvinoticias.com\/v3\/el-senado-aprobo-la-ley-lucio-que-busca-prevenir-la-violencia-contra-las-infancias\/#breadcrumb","itemListElement":[{"@type":"ListItem","position":1,"name":"Portada","item":"https:\/\/cvinoticias.com\/v3\/"},{"@type":"ListItem","position":2,"name":"El Senado aprob\u00f3 la Ley Lucio, que busca prevenir la violencia contra las infancias"}]},{"@type":"WebSite","@id":"https:\/\/cvinoticias.com\/v3\/#website","url":"https:\/\/cvinoticias.com\/v3\/","name":"CVI NOTICIAS","description":"","publisher":{"@id":"https:\/\/cvinoticias.com\/v3\/#organization"},"alternateName":"CVI","potentialAction":[{"@type":"SearchAction","target":{"@type":"EntryPoint","urlTemplate":"https:\/\/cvinoticias.com\/v3\/?s={search_term_string}"},"query-input":{"@type":"PropertyValueSpecification","valueRequired":true,"valueName":"search_term_string"}}],"inLanguage":"es"},{"@type":"Organization","@id":"https:\/\/cvinoticias.com\/v3\/#organization","name":"CVI NOTICIAS","url":"https:\/\/cvinoticias.com\/v3\/","logo":{"@type":"ImageObject","inLanguage":"es","@id":"https:\/\/cvinoticias.com\/v3\/#\/schema\/logo\/image\/","url":"https:\/\/cvinoticias.com\/wp-content\/uploads\/2023\/04\/cropped-cropped-cropped-cropped-cropped-3-1.png","contentUrl":"https:\/\/cvinoticias.com\/wp-content\/uploads\/2023\/04\/cropped-cropped-cropped-cropped-cropped-3-1.png","width":95,"height":122,"caption":"CVI NOTICIAS"},"image":{"@id":"https:\/\/cvinoticias.com\/v3\/#\/schema\/logo\/image\/"},"sameAs":["https:\/\/www.facebook.com\/cvinoticias","https:\/\/www.instagram.com\/cvinoticias\/","https:\/\/www.youtube.com\/@CVINOTICIAS"]},{"@type":"Person","@id":"https:\/\/cvinoticias.com\/v3\/#\/schema\/person\/2db77e3c6bc03c538495d7b2b8be9b66","name":"f1000024","image":{"@type":"ImageObject","inLanguage":"es","@id":"https:\/\/secure.gravatar.com\/avatar\/d4fe7459cfc51ff5129ce1a732bbef5928568b8092d412ef95611616376bbeed?s=96&d=mm&r=g","url":"https:\/\/secure.gravatar.com\/avatar\/d4fe7459cfc51ff5129ce1a732bbef5928568b8092d412ef95611616376bbeed?s=96&d=mm&r=g","contentUrl":"https:\/\/secure.gravatar.com\/avatar\/d4fe7459cfc51ff5129ce1a732bbef5928568b8092d412ef95611616376bbeed?s=96&d=mm&r=g","caption":"f1000024"},"url":"https:\/\/cvinoticias.com\/v3\/author\/f1000024\/"}]}},"_links":{"self":[{"href":"https:\/\/cvinoticias.com\/v3\/wp-json\/wp\/v2\/posts\/24023","targetHints":{"allow":["GET"]}}],"collection":[{"href":"https:\/\/cvinoticias.com\/v3\/wp-json\/wp\/v2\/posts"}],"about":[{"href":"https:\/\/cvinoticias.com\/v3\/wp-json\/wp\/v2\/types\/post"}],"author":[{"embeddable":true,"href":"https:\/\/cvinoticias.com\/v3\/wp-json\/wp\/v2\/users\/2"}],"replies":[{"embeddable":true,"href":"https:\/\/cvinoticias.com\/v3\/wp-json\/wp\/v2\/comments?post=24023"}],"version-history":[{"count":1,"href":"https:\/\/cvinoticias.com\/v3\/wp-json\/wp\/v2\/posts\/24023\/revisions"}],"predecessor-version":[{"id":24025,"href":"https:\/\/cvinoticias.com\/v3\/wp-json\/wp\/v2\/posts\/24023\/revisions\/24025"}],"wp:featuredmedia":[{"embeddable":true,"href":"https:\/\/cvinoticias.com\/v3\/wp-json\/wp\/v2\/media\/24024"}],"wp:attachment":[{"href":"https:\/\/cvinoticias.com\/v3\/wp-json\/wp\/v2\/media?parent=24023"}],"wp:term":[{"taxonomy":"category","embeddable":true,"href":"https:\/\/cvinoticias.com\/v3\/wp-json\/wp\/v2\/categories?post=24023"},{"taxonomy":"post_tag","embeddable":true,"href":"https:\/\/cvinoticias.com\/v3\/wp-json\/wp\/v2\/tags?post=24023"}],"curies":[{"name":"wp","href":"https:\/\/api.w.org\/{rel}","templated":true}]}}