{"id":2401,"date":"2021-02-04T19:18:57","date_gmt":"2021-02-04T19:18:57","guid":{"rendered":"https:\/\/cvinoticias.com\/v3\/?p=2401"},"modified":"2021-02-05T00:27:09","modified_gmt":"2021-02-05T00:27:09","slug":"santa-maria-del-yguazu-fue-declarada-patrimonio-de-inty-historico-de-interes-historico-cultural","status":"publish","type":"post","link":"https:\/\/cvinoticias.com\/v3\/santa-maria-del-yguazu-fue-declarada-patrimonio-de-inty-historico-de-interes-historico-cultural\/","title":{"rendered":"Santa Mar\u00eda del Yguaz\u00fa fue declarada \u00abPatrimonio de Inter\u00e9s Hist\u00f3rico Cultural\u00bb"},"content":{"rendered":"\n<p><strong><em>Don Rodolfo Allou hab\u00eda tallado la imagen en 1980, inspir\u00e1ndose en la mujer pobre y campesina, que habita nuestras picadas.<\/em><\/strong><\/p>\n\n\n\n<p>Corr\u00eda el a\u00f1o 1986 cuando se crea la Di\u00f3cesis de Iguaz\u00fa bajo la conducci\u00f3n del Obispo jesuita Joaqu\u00edn Pi\u00f1a. Al a\u00f1o siguiente surgi\u00f3 la voz del pueblo solicitando nombrar una patrona de la Di\u00f3cesis, protectora del pueblo.<\/p>\n\n\n\n<p>Los datos hist\u00f3ricos demostraban que en 1626 hab\u00eda existido una reducci\u00f3n jesu\u00edtica junto a las cataratas que se llamaba Santa Mar\u00eda del Yguaz\u00fa, pero de la cual no quedaron restos porque estuvo pocos a\u00f1os. Sus fundadores fueron los padres Diego Boroa y Claudio Buyer.<\/p>\n\n\n\n<p>Esta reducci\u00f3n se traslad\u00f3 al sur de la provincia de Misiones donde est\u00e1n actualmente las ruinas de Santa Mar\u00eda, cerca de Concepci\u00f3n, por la persecuci\u00f3n de los mamelucos, y porque quedaba muy aislada de las dem\u00e1s reducciones. Cuando se intent\u00f3 rescatar de las cenizas el t\u00edtulo de Santa Maria del Yguaz\u00fa, su imagen no exist\u00eda m\u00e1s.<\/p>\n\n\n\n<p>Por esto, en un primer momento se pens\u00f3 en encargar una talla, r\u00e9plica de alguna de estas antiguas im\u00e1genes jesu\u00edticas, del cl\u00e1sico barroco colonial. Pero parece que la Virgen no quiso que fuera as\u00ed. Tal vez porque, lo que hoy pretendemos no es exactamente reeditar lo que fue, sino crear algo nuevo, aunque en la l\u00ednea hist\u00f3rica de lo que fue.<\/p>\n\n\n\n<p>Por esto, y de un modo providencial, aparece esta imagen, que es una creaci\u00f3n art\u00edstica, de un estilo nuevo, original, pero sobre todo aut\u00f3ctona de profundas ra\u00edces en la tierra, como las del tronco de este \u00e1rbol misionero que se llama cancharana. Don Rodolfo Allou lo hab\u00eda tallado en 1980, inspir\u00e1ndose en la mujer pobre y campesina, que habita nuestras<br>picadas. Mujer sufrida con su hijito en los brazos, que acuna y estrecha contra su pecho en actitud de mucha protecci\u00f3n. Sus manos no es que sean tan finas y femeninas, exactamente como las de la mujer del campo, que tiene que trabajar la chacra. Est\u00e1 parada, y tiene en sus brazos al Ni\u00f1o, para que todo se centre mejor en el misterio de su hijo Jes\u00fas. El rol de Mar\u00eda ser\u00e1 siempre llevar a Jes\u00fas.<\/p>\n","protected":false},"excerpt":{"rendered":"<p>Don Rodolfo Allou hab\u00eda tallado la imagen en 1980, inspir\u00e1ndose en la mujer pobre y campesina, que habita nuestras picadas. Corr\u00eda el a\u00f1o 1986 cuando se crea la Di\u00f3cesis de Iguaz\u00fa bajo la conducci\u00f3n del Obispo jesuita Joaqu\u00edn Pi\u00f1a. Al a\u00f1o siguiente surgi\u00f3 la voz del pueblo solicitando nombrar una patrona de la Di\u00f3cesis, protectora [&hellip;]<\/p>\n","protected":false},"author":2,"featured_media":2402,"comment_status":"open","ping_status":"open","sticky":false,"template":"","format":"standard","meta":{"footnotes":""},"categories":[29],"tags":[],"class_list":["post-2401","post","type-post","status-publish","format-standard","has-post-thumbnail","hentry","category-locales"],"yoast_head":"<!-- This site is optimized with the Yoast SEO plugin v27.4 - https:\/\/yoast.com\/product\/yoast-seo-wordpress\/ -->\n<title>Santa Mar\u00eda del Yguaz\u00fa fue declarada &quot;Patrimonio de Inter\u00e9s Hist\u00f3rico Cultural&quot; | CVI NOTICIAS<\/title>\n<meta name=\"robots\" content=\"index, follow, max-snippet:-1, max-image-preview:large, max-video-preview:-1\" \/>\n<link rel=\"canonical\" href=\"https:\/\/cvinoticias.com\/v3\/santa-maria-del-yguazu-fue-declarada-patrimonio-de-inty-historico-de-interes-historico-cultural\/\" \/>\n<meta property=\"og:locale\" content=\"es_ES\" \/>\n<meta property=\"og:type\" content=\"article\" \/>\n<meta property=\"og:title\" content=\"Santa Mar\u00eda del Yguaz\u00fa fue declarada &quot;Patrimonio de Inter\u00e9s Hist\u00f3rico Cultural&quot; | CVI NOTICIAS\" \/>\n<meta property=\"og:description\" content=\"Don Rodolfo Allou hab\u00eda tallado la imagen en 1980, inspir\u00e1ndose en la mujer pobre y campesina, que habita nuestras picadas. Corr\u00eda el a\u00f1o 1986 cuando se crea la Di\u00f3cesis de Iguaz\u00fa bajo la conducci\u00f3n del Obispo jesuita Joaqu\u00edn Pi\u00f1a. Al a\u00f1o siguiente surgi\u00f3 la voz del pueblo solicitando nombrar una patrona de la Di\u00f3cesis, protectora [&hellip;]\" \/>\n<meta property=\"og:url\" content=\"https:\/\/cvinoticias.com\/v3\/santa-maria-del-yguazu-fue-declarada-patrimonio-de-inty-historico-de-interes-historico-cultural\/\" \/>\n<meta property=\"og:site_name\" content=\"CVI NOTICIAS\" \/>\n<meta property=\"article:publisher\" content=\"https:\/\/www.facebook.com\/cvinoticias\" \/>\n<meta property=\"article:published_time\" content=\"2021-02-04T19:18:57+00:00\" \/>\n<meta property=\"article:modified_time\" content=\"2021-02-05T00:27:09+00:00\" \/>\n<meta property=\"og:image\" content=\"https:\/\/cvinoticias.com\/wp-content\/uploads\/2021\/02\/FB_IMG_1612464597423.jpg\" \/>\n\t<meta property=\"og:image:width\" content=\"904\" \/>\n\t<meta property=\"og:image:height\" content=\"1280\" \/>\n\t<meta property=\"og:image:type\" content=\"image\/jpeg\" \/>\n<meta name=\"author\" content=\"f1000024\" \/>\n<meta name=\"twitter:card\" content=\"summary_large_image\" \/>\n<meta name=\"twitter:label1\" content=\"Escrito por\" \/>\n\t<meta name=\"twitter:data1\" content=\"f1000024\" \/>\n\t<meta name=\"twitter:label2\" content=\"Tiempo de lectura\" \/>\n\t<meta name=\"twitter:data2\" content=\"2 minutos\" \/>\n<script type=\"application\/ld+json\" class=\"yoast-schema-graph\">{\"@context\":\"https:\\\/\\\/schema.org\",\"@graph\":[{\"@type\":\"Article\",\"@id\":\"https:\\\/\\\/cvinoticias.com\\\/v3\\\/santa-maria-del-yguazu-fue-declarada-patrimonio-de-inty-historico-de-interes-historico-cultural\\\/#article\",\"isPartOf\":{\"@id\":\"https:\\\/\\\/cvinoticias.com\\\/v3\\\/santa-maria-del-yguazu-fue-declarada-patrimonio-de-inty-historico-de-interes-historico-cultural\\\/\"},\"author\":{\"name\":\"f1000024\",\"@id\":\"https:\\\/\\\/cvinoticias.com\\\/v3\\\/#\\\/schema\\\/person\\\/2db77e3c6bc03c538495d7b2b8be9b66\"},\"headline\":\"Santa Mar\u00eda del Yguaz\u00fa fue declarada \u00abPatrimonio de Inter\u00e9s Hist\u00f3rico Cultural\u00bb\",\"datePublished\":\"2021-02-04T19:18:57+00:00\",\"dateModified\":\"2021-02-05T00:27:09+00:00\",\"mainEntityOfPage\":{\"@id\":\"https:\\\/\\\/cvinoticias.com\\\/v3\\\/santa-maria-del-yguazu-fue-declarada-patrimonio-de-inty-historico-de-interes-historico-cultural\\\/\"},\"wordCount\":405,\"commentCount\":0,\"publisher\":{\"@id\":\"https:\\\/\\\/cvinoticias.com\\\/v3\\\/#organization\"},\"image\":{\"@id\":\"https:\\\/\\\/cvinoticias.com\\\/v3\\\/santa-maria-del-yguazu-fue-declarada-patrimonio-de-inty-historico-de-interes-historico-cultural\\\/#primaryimage\"},\"thumbnailUrl\":\"https:\\\/\\\/cvinoticias.com\\\/wp-content\\\/uploads\\\/2021\\\/02\\\/FB_IMG_1612464597423.jpg\",\"articleSection\":[\"Locales\"],\"inLanguage\":\"es\",\"potentialAction\":[{\"@type\":\"CommentAction\",\"name\":\"Comment\",\"target\":[\"https:\\\/\\\/cvinoticias.com\\\/v3\\\/santa-maria-del-yguazu-fue-declarada-patrimonio-de-inty-historico-de-interes-historico-cultural\\\/#respond\"]}]},{\"@type\":\"WebPage\",\"@id\":\"https:\\\/\\\/cvinoticias.com\\\/v3\\\/santa-maria-del-yguazu-fue-declarada-patrimonio-de-inty-historico-de-interes-historico-cultural\\\/\",\"url\":\"https:\\\/\\\/cvinoticias.com\\\/v3\\\/santa-maria-del-yguazu-fue-declarada-patrimonio-de-inty-historico-de-interes-historico-cultural\\\/\",\"name\":\"Santa Mar\u00eda del Yguaz\u00fa fue declarada \\\"Patrimonio de Inter\u00e9s Hist\u00f3rico Cultural\\\" | CVI NOTICIAS\",\"isPartOf\":{\"@id\":\"https:\\\/\\\/cvinoticias.com\\\/v3\\\/#website\"},\"primaryImageOfPage\":{\"@id\":\"https:\\\/\\\/cvinoticias.com\\\/v3\\\/santa-maria-del-yguazu-fue-declarada-patrimonio-de-inty-historico-de-interes-historico-cultural\\\/#primaryimage\"},\"image\":{\"@id\":\"https:\\\/\\\/cvinoticias.com\\\/v3\\\/santa-maria-del-yguazu-fue-declarada-patrimonio-de-inty-historico-de-interes-historico-cultural\\\/#primaryimage\"},\"thumbnailUrl\":\"https:\\\/\\\/cvinoticias.com\\\/wp-content\\\/uploads\\\/2021\\\/02\\\/FB_IMG_1612464597423.jpg\",\"datePublished\":\"2021-02-04T19:18:57+00:00\",\"dateModified\":\"2021-02-05T00:27:09+00:00\",\"breadcrumb\":{\"@id\":\"https:\\\/\\\/cvinoticias.com\\\/v3\\\/santa-maria-del-yguazu-fue-declarada-patrimonio-de-inty-historico-de-interes-historico-cultural\\\/#breadcrumb\"},\"inLanguage\":\"es\",\"potentialAction\":[{\"@type\":\"ReadAction\",\"target\":[\"https:\\\/\\\/cvinoticias.com\\\/v3\\\/santa-maria-del-yguazu-fue-declarada-patrimonio-de-inty-historico-de-interes-historico-cultural\\\/\"]}]},{\"@type\":\"ImageObject\",\"inLanguage\":\"es\",\"@id\":\"https:\\\/\\\/cvinoticias.com\\\/v3\\\/santa-maria-del-yguazu-fue-declarada-patrimonio-de-inty-historico-de-interes-historico-cultural\\\/#primaryimage\",\"url\":\"https:\\\/\\\/cvinoticias.com\\\/wp-content\\\/uploads\\\/2021\\\/02\\\/FB_IMG_1612464597423.jpg\",\"contentUrl\":\"https:\\\/\\\/cvinoticias.com\\\/wp-content\\\/uploads\\\/2021\\\/02\\\/FB_IMG_1612464597423.jpg\",\"width\":904,\"height\":1280},{\"@type\":\"BreadcrumbList\",\"@id\":\"https:\\\/\\\/cvinoticias.com\\\/v3\\\/santa-maria-del-yguazu-fue-declarada-patrimonio-de-inty-historico-de-interes-historico-cultural\\\/#breadcrumb\",\"itemListElement\":[{\"@type\":\"ListItem\",\"position\":1,\"name\":\"Portada\",\"item\":\"https:\\\/\\\/cvinoticias.com\\\/v3\\\/\"},{\"@type\":\"ListItem\",\"position\":2,\"name\":\"Santa Mar\u00eda del Yguaz\u00fa fue declarada \u00abPatrimonio de Inter\u00e9s Hist\u00f3rico Cultural\u00bb\"}]},{\"@type\":\"WebSite\",\"@id\":\"https:\\\/\\\/cvinoticias.com\\\/v3\\\/#website\",\"url\":\"https:\\\/\\\/cvinoticias.com\\\/v3\\\/\",\"name\":\"CVI NOTICIAS\",\"description\":\"\",\"publisher\":{\"@id\":\"https:\\\/\\\/cvinoticias.com\\\/v3\\\/#organization\"},\"alternateName\":\"CVI\",\"potentialAction\":[{\"@type\":\"SearchAction\",\"target\":{\"@type\":\"EntryPoint\",\"urlTemplate\":\"https:\\\/\\\/cvinoticias.com\\\/v3\\\/?s={search_term_string}\"},\"query-input\":{\"@type\":\"PropertyValueSpecification\",\"valueRequired\":true,\"valueName\":\"search_term_string\"}}],\"inLanguage\":\"es\"},{\"@type\":\"Organization\",\"@id\":\"https:\\\/\\\/cvinoticias.com\\\/v3\\\/#organization\",\"name\":\"CVI NOTICIAS\",\"url\":\"https:\\\/\\\/cvinoticias.com\\\/v3\\\/\",\"logo\":{\"@type\":\"ImageObject\",\"inLanguage\":\"es\",\"@id\":\"https:\\\/\\\/cvinoticias.com\\\/v3\\\/#\\\/schema\\\/logo\\\/image\\\/\",\"url\":\"https:\\\/\\\/cvinoticias.com\\\/wp-content\\\/uploads\\\/2023\\\/04\\\/cropped-cropped-cropped-cropped-cropped-3-1.png\",\"contentUrl\":\"https:\\\/\\\/cvinoticias.com\\\/wp-content\\\/uploads\\\/2023\\\/04\\\/cropped-cropped-cropped-cropped-cropped-3-1.png\",\"width\":95,\"height\":122,\"caption\":\"CVI NOTICIAS\"},\"image\":{\"@id\":\"https:\\\/\\\/cvinoticias.com\\\/v3\\\/#\\\/schema\\\/logo\\\/image\\\/\"},\"sameAs\":[\"https:\\\/\\\/www.facebook.com\\\/cvinoticias\",\"https:\\\/\\\/www.instagram.com\\\/cvinoticias\\\/\",\"https:\\\/\\\/www.youtube.com\\\/@CVINOTICIAS\"]},{\"@type\":\"Person\",\"@id\":\"https:\\\/\\\/cvinoticias.com\\\/v3\\\/#\\\/schema\\\/person\\\/2db77e3c6bc03c538495d7b2b8be9b66\",\"name\":\"f1000024\",\"image\":{\"@type\":\"ImageObject\",\"inLanguage\":\"es\",\"@id\":\"https:\\\/\\\/secure.gravatar.com\\\/avatar\\\/d4fe7459cfc51ff5129ce1a732bbef5928568b8092d412ef95611616376bbeed?s=96&d=mm&r=g\",\"url\":\"https:\\\/\\\/secure.gravatar.com\\\/avatar\\\/d4fe7459cfc51ff5129ce1a732bbef5928568b8092d412ef95611616376bbeed?s=96&d=mm&r=g\",\"contentUrl\":\"https:\\\/\\\/secure.gravatar.com\\\/avatar\\\/d4fe7459cfc51ff5129ce1a732bbef5928568b8092d412ef95611616376bbeed?s=96&d=mm&r=g\",\"caption\":\"f1000024\"},\"url\":\"https:\\\/\\\/cvinoticias.com\\\/v3\\\/author\\\/f1000024\\\/\"}]}<\/script>\n<!-- \/ Yoast SEO plugin. -->","yoast_head_json":{"title":"Santa Mar\u00eda del Yguaz\u00fa fue declarada \"Patrimonio de Inter\u00e9s Hist\u00f3rico Cultural\" | CVI NOTICIAS","robots":{"index":"index","follow":"follow","max-snippet":"max-snippet:-1","max-image-preview":"max-image-preview:large","max-video-preview":"max-video-preview:-1"},"canonical":"https:\/\/cvinoticias.com\/v3\/santa-maria-del-yguazu-fue-declarada-patrimonio-de-inty-historico-de-interes-historico-cultural\/","og_locale":"es_ES","og_type":"article","og_title":"Santa Mar\u00eda del Yguaz\u00fa fue declarada \"Patrimonio de Inter\u00e9s Hist\u00f3rico Cultural\" | CVI NOTICIAS","og_description":"Don Rodolfo Allou hab\u00eda tallado la imagen en 1980, inspir\u00e1ndose en la mujer pobre y campesina, que habita nuestras picadas. Corr\u00eda el a\u00f1o 1986 cuando se crea la Di\u00f3cesis de Iguaz\u00fa bajo la conducci\u00f3n del Obispo jesuita Joaqu\u00edn Pi\u00f1a. Al a\u00f1o siguiente surgi\u00f3 la voz del pueblo solicitando nombrar una patrona de la Di\u00f3cesis, protectora [&hellip;]","og_url":"https:\/\/cvinoticias.com\/v3\/santa-maria-del-yguazu-fue-declarada-patrimonio-de-inty-historico-de-interes-historico-cultural\/","og_site_name":"CVI NOTICIAS","article_publisher":"https:\/\/www.facebook.com\/cvinoticias","article_published_time":"2021-02-04T19:18:57+00:00","article_modified_time":"2021-02-05T00:27:09+00:00","og_image":[{"width":904,"height":1280,"url":"https:\/\/cvinoticias.com\/wp-content\/uploads\/2021\/02\/FB_IMG_1612464597423.jpg","type":"image\/jpeg"}],"author":"f1000024","twitter_card":"summary_large_image","twitter_misc":{"Escrito por":"f1000024","Tiempo de lectura":"2 minutos"},"schema":{"@context":"https:\/\/schema.org","@graph":[{"@type":"Article","@id":"https:\/\/cvinoticias.com\/v3\/santa-maria-del-yguazu-fue-declarada-patrimonio-de-inty-historico-de-interes-historico-cultural\/#article","isPartOf":{"@id":"https:\/\/cvinoticias.com\/v3\/santa-maria-del-yguazu-fue-declarada-patrimonio-de-inty-historico-de-interes-historico-cultural\/"},"author":{"name":"f1000024","@id":"https:\/\/cvinoticias.com\/v3\/#\/schema\/person\/2db77e3c6bc03c538495d7b2b8be9b66"},"headline":"Santa Mar\u00eda del Yguaz\u00fa fue declarada \u00abPatrimonio de Inter\u00e9s Hist\u00f3rico Cultural\u00bb","datePublished":"2021-02-04T19:18:57+00:00","dateModified":"2021-02-05T00:27:09+00:00","mainEntityOfPage":{"@id":"https:\/\/cvinoticias.com\/v3\/santa-maria-del-yguazu-fue-declarada-patrimonio-de-inty-historico-de-interes-historico-cultural\/"},"wordCount":405,"commentCount":0,"publisher":{"@id":"https:\/\/cvinoticias.com\/v3\/#organization"},"image":{"@id":"https:\/\/cvinoticias.com\/v3\/santa-maria-del-yguazu-fue-declarada-patrimonio-de-inty-historico-de-interes-historico-cultural\/#primaryimage"},"thumbnailUrl":"https:\/\/cvinoticias.com\/wp-content\/uploads\/2021\/02\/FB_IMG_1612464597423.jpg","articleSection":["Locales"],"inLanguage":"es","potentialAction":[{"@type":"CommentAction","name":"Comment","target":["https:\/\/cvinoticias.com\/v3\/santa-maria-del-yguazu-fue-declarada-patrimonio-de-inty-historico-de-interes-historico-cultural\/#respond"]}]},{"@type":"WebPage","@id":"https:\/\/cvinoticias.com\/v3\/santa-maria-del-yguazu-fue-declarada-patrimonio-de-inty-historico-de-interes-historico-cultural\/","url":"https:\/\/cvinoticias.com\/v3\/santa-maria-del-yguazu-fue-declarada-patrimonio-de-inty-historico-de-interes-historico-cultural\/","name":"Santa Mar\u00eda del Yguaz\u00fa fue declarada \"Patrimonio de Inter\u00e9s Hist\u00f3rico Cultural\" | CVI NOTICIAS","isPartOf":{"@id":"https:\/\/cvinoticias.com\/v3\/#website"},"primaryImageOfPage":{"@id":"https:\/\/cvinoticias.com\/v3\/santa-maria-del-yguazu-fue-declarada-patrimonio-de-inty-historico-de-interes-historico-cultural\/#primaryimage"},"image":{"@id":"https:\/\/cvinoticias.com\/v3\/santa-maria-del-yguazu-fue-declarada-patrimonio-de-inty-historico-de-interes-historico-cultural\/#primaryimage"},"thumbnailUrl":"https:\/\/cvinoticias.com\/wp-content\/uploads\/2021\/02\/FB_IMG_1612464597423.jpg","datePublished":"2021-02-04T19:18:57+00:00","dateModified":"2021-02-05T00:27:09+00:00","breadcrumb":{"@id":"https:\/\/cvinoticias.com\/v3\/santa-maria-del-yguazu-fue-declarada-patrimonio-de-inty-historico-de-interes-historico-cultural\/#breadcrumb"},"inLanguage":"es","potentialAction":[{"@type":"ReadAction","target":["https:\/\/cvinoticias.com\/v3\/santa-maria-del-yguazu-fue-declarada-patrimonio-de-inty-historico-de-interes-historico-cultural\/"]}]},{"@type":"ImageObject","inLanguage":"es","@id":"https:\/\/cvinoticias.com\/v3\/santa-maria-del-yguazu-fue-declarada-patrimonio-de-inty-historico-de-interes-historico-cultural\/#primaryimage","url":"https:\/\/cvinoticias.com\/wp-content\/uploads\/2021\/02\/FB_IMG_1612464597423.jpg","contentUrl":"https:\/\/cvinoticias.com\/wp-content\/uploads\/2021\/02\/FB_IMG_1612464597423.jpg","width":904,"height":1280},{"@type":"BreadcrumbList","@id":"https:\/\/cvinoticias.com\/v3\/santa-maria-del-yguazu-fue-declarada-patrimonio-de-inty-historico-de-interes-historico-cultural\/#breadcrumb","itemListElement":[{"@type":"ListItem","position":1,"name":"Portada","item":"https:\/\/cvinoticias.com\/v3\/"},{"@type":"ListItem","position":2,"name":"Santa Mar\u00eda del Yguaz\u00fa fue declarada \u00abPatrimonio de Inter\u00e9s Hist\u00f3rico Cultural\u00bb"}]},{"@type":"WebSite","@id":"https:\/\/cvinoticias.com\/v3\/#website","url":"https:\/\/cvinoticias.com\/v3\/","name":"CVI NOTICIAS","description":"","publisher":{"@id":"https:\/\/cvinoticias.com\/v3\/#organization"},"alternateName":"CVI","potentialAction":[{"@type":"SearchAction","target":{"@type":"EntryPoint","urlTemplate":"https:\/\/cvinoticias.com\/v3\/?s={search_term_string}"},"query-input":{"@type":"PropertyValueSpecification","valueRequired":true,"valueName":"search_term_string"}}],"inLanguage":"es"},{"@type":"Organization","@id":"https:\/\/cvinoticias.com\/v3\/#organization","name":"CVI NOTICIAS","url":"https:\/\/cvinoticias.com\/v3\/","logo":{"@type":"ImageObject","inLanguage":"es","@id":"https:\/\/cvinoticias.com\/v3\/#\/schema\/logo\/image\/","url":"https:\/\/cvinoticias.com\/wp-content\/uploads\/2023\/04\/cropped-cropped-cropped-cropped-cropped-3-1.png","contentUrl":"https:\/\/cvinoticias.com\/wp-content\/uploads\/2023\/04\/cropped-cropped-cropped-cropped-cropped-3-1.png","width":95,"height":122,"caption":"CVI NOTICIAS"},"image":{"@id":"https:\/\/cvinoticias.com\/v3\/#\/schema\/logo\/image\/"},"sameAs":["https:\/\/www.facebook.com\/cvinoticias","https:\/\/www.instagram.com\/cvinoticias\/","https:\/\/www.youtube.com\/@CVINOTICIAS"]},{"@type":"Person","@id":"https:\/\/cvinoticias.com\/v3\/#\/schema\/person\/2db77e3c6bc03c538495d7b2b8be9b66","name":"f1000024","image":{"@type":"ImageObject","inLanguage":"es","@id":"https:\/\/secure.gravatar.com\/avatar\/d4fe7459cfc51ff5129ce1a732bbef5928568b8092d412ef95611616376bbeed?s=96&d=mm&r=g","url":"https:\/\/secure.gravatar.com\/avatar\/d4fe7459cfc51ff5129ce1a732bbef5928568b8092d412ef95611616376bbeed?s=96&d=mm&r=g","contentUrl":"https:\/\/secure.gravatar.com\/avatar\/d4fe7459cfc51ff5129ce1a732bbef5928568b8092d412ef95611616376bbeed?s=96&d=mm&r=g","caption":"f1000024"},"url":"https:\/\/cvinoticias.com\/v3\/author\/f1000024\/"}]}},"_links":{"self":[{"href":"https:\/\/cvinoticias.com\/v3\/wp-json\/wp\/v2\/posts\/2401","targetHints":{"allow":["GET"]}}],"collection":[{"href":"https:\/\/cvinoticias.com\/v3\/wp-json\/wp\/v2\/posts"}],"about":[{"href":"https:\/\/cvinoticias.com\/v3\/wp-json\/wp\/v2\/types\/post"}],"author":[{"embeddable":true,"href":"https:\/\/cvinoticias.com\/v3\/wp-json\/wp\/v2\/users\/2"}],"replies":[{"embeddable":true,"href":"https:\/\/cvinoticias.com\/v3\/wp-json\/wp\/v2\/comments?post=2401"}],"version-history":[{"count":3,"href":"https:\/\/cvinoticias.com\/v3\/wp-json\/wp\/v2\/posts\/2401\/revisions"}],"predecessor-version":[{"id":2424,"href":"https:\/\/cvinoticias.com\/v3\/wp-json\/wp\/v2\/posts\/2401\/revisions\/2424"}],"wp:featuredmedia":[{"embeddable":true,"href":"https:\/\/cvinoticias.com\/v3\/wp-json\/wp\/v2\/media\/2402"}],"wp:attachment":[{"href":"https:\/\/cvinoticias.com\/v3\/wp-json\/wp\/v2\/media?parent=2401"}],"wp:term":[{"taxonomy":"category","embeddable":true,"href":"https:\/\/cvinoticias.com\/v3\/wp-json\/wp\/v2\/categories?post=2401"},{"taxonomy":"post_tag","embeddable":true,"href":"https:\/\/cvinoticias.com\/v3\/wp-json\/wp\/v2\/tags?post=2401"}],"curies":[{"name":"wp","href":"https:\/\/api.w.org\/{rel}","templated":true}]}}