{"id":24006,"date":"2023-04-13T10:25:38","date_gmt":"2023-04-13T10:25:38","guid":{"rendered":"https:\/\/cvinoticias.com\/v3\/?p=24006"},"modified":"2023-04-13T10:25:38","modified_gmt":"2023-04-13T10:25:38","slug":"este-jueves-debatiran-la-ley-lucio-alcohol-cero-y-la-designacion-de-jueces-en-santa-fe","status":"publish","type":"post","link":"https:\/\/cvinoticias.com\/v3\/este-jueves-debatiran-la-ley-lucio-alcohol-cero-y-la-designacion-de-jueces-en-santa-fe\/","title":{"rendered":"Este jueves debatir\u00e1n la Ley Lucio, Alcohol Cero y la designaci\u00f3n de jueces en Santa Fe"},"content":{"rendered":"\n<p><strong><em>Luego de que la sesi\u00f3n se cayera porque los legisladores de Juntos por el Cambio se retiraron del recinto, se volver\u00e1n a tratar las iniciativas ya aprobadas en Diputados.<\/em><\/strong><\/p>\n\n\n\n<p>El Senado de la Naci\u00f3n volver\u00e1 a sesionar para debatir una serie de iniciativas que cuentan con el aval de Diputados, entre las que est\u00e1n la denominada Ley Lucio y de Alcohol Cero, as\u00ed como el acuerdo para designar jueces y fiscales para integrar juzgados nacionales en la provincia de Santa Fe.<\/p>\n\n\n\n<p>El acuerdo para abrir el recinto, sin sesiones desde noviembre del a\u00f1o pasado, fue establecido por los bloques que integran la C\u00e1mara alta: el Frente de Todos, Juntos por el Cambio y Unidad Federal, este \u00faltimo conformado por peronistas disidentes.<\/p>\n\n\n\n<p>En una reuni\u00f3n llevada a cabo al mediod\u00eda en el Sal\u00f3n Gris del Palacio Legislativo, encabezada por la presidenta Provisional del Senado, Claudia Ledesma Abdala de Zamora, los senadores del oficialismo y de la oposici\u00f3n decidieron sesionar ma\u00f1ana desde las 12.<\/p>\n\n\n\n<p>Al encuentro asistieron los titulares de los bloques que conforman el oficialismo, el formose\u00f1o Jos\u00e9 Mayans, la bonaerense Juliana Di Tullio y la mendocina Anabel Fern\u00e1ndez Sagasti.<\/p>\n\n\n\n<p>Tambi\u00e9n sus pares de JxC Alfredo Cornejo, Luis Naidenoff y Humberto Schiavoni, y los conductores de UF, Guillermo Snopek y Alejandra Vigo.<\/p>\n\n\n\n<p>En el encuentro se acord\u00f3 tratar, entre otros temas, la designaci\u00f3n de jueces para las provincias de Santa Fe y C\u00f3rdoba, la Ley Lucio de capacitaci\u00f3n para personal de los distintos poderes del Estado sobre violencia contra la ni\u00f1ez y la adolescencia y la ley que proh\u00edbe el consumo de alcohol inmediatamente antes de conducir.<\/p>\n\n\n\n<p>Tambi\u00e9n se incluy\u00f3 en el temario el proyecto de ley del senador Pablo Yedlin (Frente de Todos-Tucum\u00e1n) que apunta a jerarquizar la carrera de enfermer\u00eda con capacitaci\u00f3n permanente y un nuevo r\u00e9gimen de becas.<\/p>\n\n\n\n<p>La intenci\u00f3n de todos los espacios fue avanzar en una sesi\u00f3n que termine con el par\u00e9ntesis legislativo que se abri\u00f3 a mediados de noviembre del a\u00f1o pasado y que se agudiz\u00f3 luego de que el oficialismo perdiera el qu\u00f3rum por la salida de cuatro senadores que ahora integran la bancada de UF.<\/p>\n\n\n\n<p>El 31 de marzo oficialistas y opositores se trenzaron en una disputa sobre el temario que llevaron al recinto y, ante la decisi\u00f3n del oficialismo de hacer votar un apartamiento del reglamento para modificar el orden de los temas, JxC y UF se retiraron y dejaron sin qu\u00f3rum la sesi\u00f3n.<\/p>\n\n\n\n<p>El argumento de los opositores fue que la presidenta provisional del cuerpo, quien conduc\u00eda la discusi\u00f3n, interpret\u00f3 el reglamento y que no correspond\u00eda hacer votar un apartamiento del orden normativo, para lo cual se necesitaban los dos tercios de los votos de los presentes, sino una mera moci\u00f3n de orden, con mayor\u00eda simple.<\/p>\n\n\n\n<p>Entre los proyectos que ser\u00e1n debatidos ma\u00f1ana figuran el Certificado \u00danico de Discapacidad, la Ley Lucio y la Ley de Cardiopat\u00edas Cong\u00e9nitas.<\/p>\n\n\n\n<p>Tambi\u00e9n fue incluido el proyecto que elimina la \u00abfe de vida\u00bb para los jubilados, la exenci\u00f3n del Impuesto a las Ganancias para personal de salud por guardia adicional y el que reconoce como natural al lenguaje de se\u00f1as.<\/p>\n\n\n\n<p>Todos los expedientes ya fueron aprobados en la C\u00e1mara de Diputados por lo que, si el Senado los sanciona sin cambios, ser\u00e1n convertidos en ley.<\/p>\n\n\n\n<p>A esa lista de iniciativas se les sum\u00f3 el acuerdo para integrar tres juzgados federales en la ciudad de Rosario y otros seis en la provincia de C\u00f3rdoba, en un intento por controlar el avance del narcotr\u00e1fico en la regi\u00f3n.<\/p>\n\n\n\n<p>Adem\u00e1s, el proyecto de Ley de Alcohol Cero, cuyos votos a favor y en contra atraviesan de manera transversal a todos los bloques, fue incluido en el \u00faltimo lugar del temario.<\/p>\n\n\n\n<p>La reuni\u00f3n de Labor de hoy fue la primera en m\u00e1s de nueve meses y permiti\u00f3 el acuerdo del temario porque, desde principios de marzo, la salida de cuatro senadores del Frente de Todos (para integrar Unidad Federal) dej\u00f3 al oficialismo sin qu\u00f3rum y coloc\u00f3 a Juntos por el Cambio como la primera minor\u00eda.<\/p>\n","protected":false},"excerpt":{"rendered":"<p>Luego de que la sesi\u00f3n se cayera porque los legisladores de Juntos por el Cambio se retiraron del recinto, se volver\u00e1n a tratar las iniciativas ya aprobadas en Diputados. El Senado de la Naci\u00f3n volver\u00e1 a sesionar para debatir una serie de iniciativas que cuentan con el aval de Diputados, entre las que est\u00e1n la [&hellip;]<\/p>\n","protected":false},"author":2,"featured_media":24007,"comment_status":"open","ping_status":"open","sticky":false,"template":"","format":"standard","meta":{"footnotes":""},"categories":[39],"tags":[],"class_list":["post-24006","post","type-post","status-publish","format-standard","has-post-thumbnail","hentry","category-nacionales"],"yoast_head":"<!-- This site is optimized with the Yoast SEO plugin v27.5 - https:\/\/yoast.com\/product\/yoast-seo-wordpress\/ -->\n<title>Este jueves debatir\u00e1n la Ley Lucio, Alcohol Cero y la designaci\u00f3n de jueces en Santa Fe | CVI NOTICIAS<\/title>\n<meta name=\"robots\" content=\"index, follow, max-snippet:-1, max-image-preview:large, max-video-preview:-1\" \/>\n<link rel=\"canonical\" href=\"https:\/\/cvinoticias.com\/v3\/este-jueves-debatiran-la-ley-lucio-alcohol-cero-y-la-designacion-de-jueces-en-santa-fe\/\" \/>\n<meta property=\"og:locale\" content=\"es_ES\" \/>\n<meta property=\"og:type\" content=\"article\" \/>\n<meta property=\"og:title\" content=\"Este jueves debatir\u00e1n la Ley Lucio, Alcohol Cero y la designaci\u00f3n de jueces en Santa Fe | CVI NOTICIAS\" \/>\n<meta property=\"og:description\" content=\"Luego de que la sesi\u00f3n se cayera porque los legisladores de Juntos por el Cambio se retiraron del recinto, se volver\u00e1n a tratar las iniciativas ya aprobadas en Diputados. El Senado de la Naci\u00f3n volver\u00e1 a sesionar para debatir una serie de iniciativas que cuentan con el aval de Diputados, entre las que est\u00e1n la [&hellip;]\" \/>\n<meta property=\"og:url\" content=\"https:\/\/cvinoticias.com\/v3\/este-jueves-debatiran-la-ley-lucio-alcohol-cero-y-la-designacion-de-jueces-en-santa-fe\/\" \/>\n<meta property=\"og:site_name\" content=\"CVI NOTICIAS\" \/>\n<meta property=\"article:publisher\" content=\"https:\/\/www.facebook.com\/cvinoticias\" \/>\n<meta property=\"article:published_time\" content=\"2023-04-13T10:25:38+00:00\" \/>\n<meta property=\"og:image\" content=\"https:\/\/cvinoticias.com\/wp-content\/uploads\/2023\/04\/0000134496.png\" \/>\n\t<meta property=\"og:image:width\" content=\"610\" \/>\n\t<meta property=\"og:image:height\" content=\"406\" \/>\n\t<meta property=\"og:image:type\" content=\"image\/png\" \/>\n<meta name=\"author\" content=\"f1000024\" \/>\n<meta name=\"twitter:card\" content=\"summary_large_image\" \/>\n<meta name=\"twitter:label1\" content=\"Escrito por\" \/>\n\t<meta name=\"twitter:data1\" content=\"f1000024\" \/>\n\t<meta name=\"twitter:label2\" content=\"Tiempo de lectura\" \/>\n\t<meta name=\"twitter:data2\" content=\"4 minutos\" \/>\n<script type=\"application\/ld+json\" class=\"yoast-schema-graph\">{\"@context\":\"https:\\\/\\\/schema.org\",\"@graph\":[{\"@type\":\"Article\",\"@id\":\"https:\\\/\\\/cvinoticias.com\\\/v3\\\/este-jueves-debatiran-la-ley-lucio-alcohol-cero-y-la-designacion-de-jueces-en-santa-fe\\\/#article\",\"isPartOf\":{\"@id\":\"https:\\\/\\\/cvinoticias.com\\\/v3\\\/este-jueves-debatiran-la-ley-lucio-alcohol-cero-y-la-designacion-de-jueces-en-santa-fe\\\/\"},\"author\":{\"name\":\"f1000024\",\"@id\":\"https:\\\/\\\/cvinoticias.com\\\/v3\\\/#\\\/schema\\\/person\\\/2db77e3c6bc03c538495d7b2b8be9b66\"},\"headline\":\"Este jueves debatir\u00e1n la Ley Lucio, Alcohol Cero y la designaci\u00f3n de jueces en Santa Fe\",\"datePublished\":\"2023-04-13T10:25:38+00:00\",\"mainEntityOfPage\":{\"@id\":\"https:\\\/\\\/cvinoticias.com\\\/v3\\\/este-jueves-debatiran-la-ley-lucio-alcohol-cero-y-la-designacion-de-jueces-en-santa-fe\\\/\"},\"wordCount\":735,\"commentCount\":0,\"publisher\":{\"@id\":\"https:\\\/\\\/cvinoticias.com\\\/v3\\\/#organization\"},\"image\":{\"@id\":\"https:\\\/\\\/cvinoticias.com\\\/v3\\\/este-jueves-debatiran-la-ley-lucio-alcohol-cero-y-la-designacion-de-jueces-en-santa-fe\\\/#primaryimage\"},\"thumbnailUrl\":\"https:\\\/\\\/cvinoticias.com\\\/wp-content\\\/uploads\\\/2023\\\/04\\\/0000134496.png\",\"articleSection\":[\"Nacionales\"],\"inLanguage\":\"es\",\"potentialAction\":[{\"@type\":\"CommentAction\",\"name\":\"Comment\",\"target\":[\"https:\\\/\\\/cvinoticias.com\\\/v3\\\/este-jueves-debatiran-la-ley-lucio-alcohol-cero-y-la-designacion-de-jueces-en-santa-fe\\\/#respond\"]}]},{\"@type\":\"WebPage\",\"@id\":\"https:\\\/\\\/cvinoticias.com\\\/v3\\\/este-jueves-debatiran-la-ley-lucio-alcohol-cero-y-la-designacion-de-jueces-en-santa-fe\\\/\",\"url\":\"https:\\\/\\\/cvinoticias.com\\\/v3\\\/este-jueves-debatiran-la-ley-lucio-alcohol-cero-y-la-designacion-de-jueces-en-santa-fe\\\/\",\"name\":\"Este jueves debatir\u00e1n la Ley Lucio, Alcohol Cero y la designaci\u00f3n de jueces en Santa Fe | CVI NOTICIAS\",\"isPartOf\":{\"@id\":\"https:\\\/\\\/cvinoticias.com\\\/v3\\\/#website\"},\"primaryImageOfPage\":{\"@id\":\"https:\\\/\\\/cvinoticias.com\\\/v3\\\/este-jueves-debatiran-la-ley-lucio-alcohol-cero-y-la-designacion-de-jueces-en-santa-fe\\\/#primaryimage\"},\"image\":{\"@id\":\"https:\\\/\\\/cvinoticias.com\\\/v3\\\/este-jueves-debatiran-la-ley-lucio-alcohol-cero-y-la-designacion-de-jueces-en-santa-fe\\\/#primaryimage\"},\"thumbnailUrl\":\"https:\\\/\\\/cvinoticias.com\\\/wp-content\\\/uploads\\\/2023\\\/04\\\/0000134496.png\",\"datePublished\":\"2023-04-13T10:25:38+00:00\",\"breadcrumb\":{\"@id\":\"https:\\\/\\\/cvinoticias.com\\\/v3\\\/este-jueves-debatiran-la-ley-lucio-alcohol-cero-y-la-designacion-de-jueces-en-santa-fe\\\/#breadcrumb\"},\"inLanguage\":\"es\",\"potentialAction\":[{\"@type\":\"ReadAction\",\"target\":[\"https:\\\/\\\/cvinoticias.com\\\/v3\\\/este-jueves-debatiran-la-ley-lucio-alcohol-cero-y-la-designacion-de-jueces-en-santa-fe\\\/\"]}]},{\"@type\":\"ImageObject\",\"inLanguage\":\"es\",\"@id\":\"https:\\\/\\\/cvinoticias.com\\\/v3\\\/este-jueves-debatiran-la-ley-lucio-alcohol-cero-y-la-designacion-de-jueces-en-santa-fe\\\/#primaryimage\",\"url\":\"https:\\\/\\\/cvinoticias.com\\\/wp-content\\\/uploads\\\/2023\\\/04\\\/0000134496.png\",\"contentUrl\":\"https:\\\/\\\/cvinoticias.com\\\/wp-content\\\/uploads\\\/2023\\\/04\\\/0000134496.png\",\"width\":610,\"height\":406},{\"@type\":\"BreadcrumbList\",\"@id\":\"https:\\\/\\\/cvinoticias.com\\\/v3\\\/este-jueves-debatiran-la-ley-lucio-alcohol-cero-y-la-designacion-de-jueces-en-santa-fe\\\/#breadcrumb\",\"itemListElement\":[{\"@type\":\"ListItem\",\"position\":1,\"name\":\"Portada\",\"item\":\"https:\\\/\\\/cvinoticias.com\\\/v3\\\/\"},{\"@type\":\"ListItem\",\"position\":2,\"name\":\"Este jueves debatir\u00e1n la Ley Lucio, Alcohol Cero y la designaci\u00f3n de jueces en Santa Fe\"}]},{\"@type\":\"WebSite\",\"@id\":\"https:\\\/\\\/cvinoticias.com\\\/v3\\\/#website\",\"url\":\"https:\\\/\\\/cvinoticias.com\\\/v3\\\/\",\"name\":\"CVI NOTICIAS\",\"description\":\"\",\"publisher\":{\"@id\":\"https:\\\/\\\/cvinoticias.com\\\/v3\\\/#organization\"},\"alternateName\":\"CVI\",\"potentialAction\":[{\"@type\":\"SearchAction\",\"target\":{\"@type\":\"EntryPoint\",\"urlTemplate\":\"https:\\\/\\\/cvinoticias.com\\\/v3\\\/?s={search_term_string}\"},\"query-input\":{\"@type\":\"PropertyValueSpecification\",\"valueRequired\":true,\"valueName\":\"search_term_string\"}}],\"inLanguage\":\"es\"},{\"@type\":\"Organization\",\"@id\":\"https:\\\/\\\/cvinoticias.com\\\/v3\\\/#organization\",\"name\":\"CVI NOTICIAS\",\"url\":\"https:\\\/\\\/cvinoticias.com\\\/v3\\\/\",\"logo\":{\"@type\":\"ImageObject\",\"inLanguage\":\"es\",\"@id\":\"https:\\\/\\\/cvinoticias.com\\\/v3\\\/#\\\/schema\\\/logo\\\/image\\\/\",\"url\":\"https:\\\/\\\/cvinoticias.com\\\/wp-content\\\/uploads\\\/2023\\\/04\\\/cropped-cropped-cropped-cropped-cropped-3-1.png\",\"contentUrl\":\"https:\\\/\\\/cvinoticias.com\\\/wp-content\\\/uploads\\\/2023\\\/04\\\/cropped-cropped-cropped-cropped-cropped-3-1.png\",\"width\":95,\"height\":122,\"caption\":\"CVI NOTICIAS\"},\"image\":{\"@id\":\"https:\\\/\\\/cvinoticias.com\\\/v3\\\/#\\\/schema\\\/logo\\\/image\\\/\"},\"sameAs\":[\"https:\\\/\\\/www.facebook.com\\\/cvinoticias\",\"https:\\\/\\\/www.instagram.com\\\/cvinoticias\\\/\",\"https:\\\/\\\/www.youtube.com\\\/@CVINOTICIAS\"]},{\"@type\":\"Person\",\"@id\":\"https:\\\/\\\/cvinoticias.com\\\/v3\\\/#\\\/schema\\\/person\\\/2db77e3c6bc03c538495d7b2b8be9b66\",\"name\":\"f1000024\",\"image\":{\"@type\":\"ImageObject\",\"inLanguage\":\"es\",\"@id\":\"https:\\\/\\\/secure.gravatar.com\\\/avatar\\\/d4fe7459cfc51ff5129ce1a732bbef5928568b8092d412ef95611616376bbeed?s=96&d=mm&r=g\",\"url\":\"https:\\\/\\\/secure.gravatar.com\\\/avatar\\\/d4fe7459cfc51ff5129ce1a732bbef5928568b8092d412ef95611616376bbeed?s=96&d=mm&r=g\",\"contentUrl\":\"https:\\\/\\\/secure.gravatar.com\\\/avatar\\\/d4fe7459cfc51ff5129ce1a732bbef5928568b8092d412ef95611616376bbeed?s=96&d=mm&r=g\",\"caption\":\"f1000024\"},\"url\":\"https:\\\/\\\/cvinoticias.com\\\/v3\\\/author\\\/f1000024\\\/\"}]}<\/script>\n<!-- \/ Yoast SEO plugin. -->","yoast_head_json":{"title":"Este jueves debatir\u00e1n la Ley Lucio, Alcohol Cero y la designaci\u00f3n de jueces en Santa Fe | CVI NOTICIAS","robots":{"index":"index","follow":"follow","max-snippet":"max-snippet:-1","max-image-preview":"max-image-preview:large","max-video-preview":"max-video-preview:-1"},"canonical":"https:\/\/cvinoticias.com\/v3\/este-jueves-debatiran-la-ley-lucio-alcohol-cero-y-la-designacion-de-jueces-en-santa-fe\/","og_locale":"es_ES","og_type":"article","og_title":"Este jueves debatir\u00e1n la Ley Lucio, Alcohol Cero y la designaci\u00f3n de jueces en Santa Fe | CVI NOTICIAS","og_description":"Luego de que la sesi\u00f3n se cayera porque los legisladores de Juntos por el Cambio se retiraron del recinto, se volver\u00e1n a tratar las iniciativas ya aprobadas en Diputados. El Senado de la Naci\u00f3n volver\u00e1 a sesionar para debatir una serie de iniciativas que cuentan con el aval de Diputados, entre las que est\u00e1n la [&hellip;]","og_url":"https:\/\/cvinoticias.com\/v3\/este-jueves-debatiran-la-ley-lucio-alcohol-cero-y-la-designacion-de-jueces-en-santa-fe\/","og_site_name":"CVI NOTICIAS","article_publisher":"https:\/\/www.facebook.com\/cvinoticias","article_published_time":"2023-04-13T10:25:38+00:00","og_image":[{"width":610,"height":406,"url":"https:\/\/cvinoticias.com\/wp-content\/uploads\/2023\/04\/0000134496.png","type":"image\/png"}],"author":"f1000024","twitter_card":"summary_large_image","twitter_misc":{"Escrito por":"f1000024","Tiempo de lectura":"4 minutos"},"schema":{"@context":"https:\/\/schema.org","@graph":[{"@type":"Article","@id":"https:\/\/cvinoticias.com\/v3\/este-jueves-debatiran-la-ley-lucio-alcohol-cero-y-la-designacion-de-jueces-en-santa-fe\/#article","isPartOf":{"@id":"https:\/\/cvinoticias.com\/v3\/este-jueves-debatiran-la-ley-lucio-alcohol-cero-y-la-designacion-de-jueces-en-santa-fe\/"},"author":{"name":"f1000024","@id":"https:\/\/cvinoticias.com\/v3\/#\/schema\/person\/2db77e3c6bc03c538495d7b2b8be9b66"},"headline":"Este jueves debatir\u00e1n la Ley Lucio, Alcohol Cero y la designaci\u00f3n de jueces en Santa Fe","datePublished":"2023-04-13T10:25:38+00:00","mainEntityOfPage":{"@id":"https:\/\/cvinoticias.com\/v3\/este-jueves-debatiran-la-ley-lucio-alcohol-cero-y-la-designacion-de-jueces-en-santa-fe\/"},"wordCount":735,"commentCount":0,"publisher":{"@id":"https:\/\/cvinoticias.com\/v3\/#organization"},"image":{"@id":"https:\/\/cvinoticias.com\/v3\/este-jueves-debatiran-la-ley-lucio-alcohol-cero-y-la-designacion-de-jueces-en-santa-fe\/#primaryimage"},"thumbnailUrl":"https:\/\/cvinoticias.com\/wp-content\/uploads\/2023\/04\/0000134496.png","articleSection":["Nacionales"],"inLanguage":"es","potentialAction":[{"@type":"CommentAction","name":"Comment","target":["https:\/\/cvinoticias.com\/v3\/este-jueves-debatiran-la-ley-lucio-alcohol-cero-y-la-designacion-de-jueces-en-santa-fe\/#respond"]}]},{"@type":"WebPage","@id":"https:\/\/cvinoticias.com\/v3\/este-jueves-debatiran-la-ley-lucio-alcohol-cero-y-la-designacion-de-jueces-en-santa-fe\/","url":"https:\/\/cvinoticias.com\/v3\/este-jueves-debatiran-la-ley-lucio-alcohol-cero-y-la-designacion-de-jueces-en-santa-fe\/","name":"Este jueves debatir\u00e1n la Ley Lucio, Alcohol Cero y la designaci\u00f3n de jueces en Santa Fe | CVI NOTICIAS","isPartOf":{"@id":"https:\/\/cvinoticias.com\/v3\/#website"},"primaryImageOfPage":{"@id":"https:\/\/cvinoticias.com\/v3\/este-jueves-debatiran-la-ley-lucio-alcohol-cero-y-la-designacion-de-jueces-en-santa-fe\/#primaryimage"},"image":{"@id":"https:\/\/cvinoticias.com\/v3\/este-jueves-debatiran-la-ley-lucio-alcohol-cero-y-la-designacion-de-jueces-en-santa-fe\/#primaryimage"},"thumbnailUrl":"https:\/\/cvinoticias.com\/wp-content\/uploads\/2023\/04\/0000134496.png","datePublished":"2023-04-13T10:25:38+00:00","breadcrumb":{"@id":"https:\/\/cvinoticias.com\/v3\/este-jueves-debatiran-la-ley-lucio-alcohol-cero-y-la-designacion-de-jueces-en-santa-fe\/#breadcrumb"},"inLanguage":"es","potentialAction":[{"@type":"ReadAction","target":["https:\/\/cvinoticias.com\/v3\/este-jueves-debatiran-la-ley-lucio-alcohol-cero-y-la-designacion-de-jueces-en-santa-fe\/"]}]},{"@type":"ImageObject","inLanguage":"es","@id":"https:\/\/cvinoticias.com\/v3\/este-jueves-debatiran-la-ley-lucio-alcohol-cero-y-la-designacion-de-jueces-en-santa-fe\/#primaryimage","url":"https:\/\/cvinoticias.com\/wp-content\/uploads\/2023\/04\/0000134496.png","contentUrl":"https:\/\/cvinoticias.com\/wp-content\/uploads\/2023\/04\/0000134496.png","width":610,"height":406},{"@type":"BreadcrumbList","@id":"https:\/\/cvinoticias.com\/v3\/este-jueves-debatiran-la-ley-lucio-alcohol-cero-y-la-designacion-de-jueces-en-santa-fe\/#breadcrumb","itemListElement":[{"@type":"ListItem","position":1,"name":"Portada","item":"https:\/\/cvinoticias.com\/v3\/"},{"@type":"ListItem","position":2,"name":"Este jueves debatir\u00e1n la Ley Lucio, Alcohol Cero y la designaci\u00f3n de jueces en Santa Fe"}]},{"@type":"WebSite","@id":"https:\/\/cvinoticias.com\/v3\/#website","url":"https:\/\/cvinoticias.com\/v3\/","name":"CVI NOTICIAS","description":"","publisher":{"@id":"https:\/\/cvinoticias.com\/v3\/#organization"},"alternateName":"CVI","potentialAction":[{"@type":"SearchAction","target":{"@type":"EntryPoint","urlTemplate":"https:\/\/cvinoticias.com\/v3\/?s={search_term_string}"},"query-input":{"@type":"PropertyValueSpecification","valueRequired":true,"valueName":"search_term_string"}}],"inLanguage":"es"},{"@type":"Organization","@id":"https:\/\/cvinoticias.com\/v3\/#organization","name":"CVI NOTICIAS","url":"https:\/\/cvinoticias.com\/v3\/","logo":{"@type":"ImageObject","inLanguage":"es","@id":"https:\/\/cvinoticias.com\/v3\/#\/schema\/logo\/image\/","url":"https:\/\/cvinoticias.com\/wp-content\/uploads\/2023\/04\/cropped-cropped-cropped-cropped-cropped-3-1.png","contentUrl":"https:\/\/cvinoticias.com\/wp-content\/uploads\/2023\/04\/cropped-cropped-cropped-cropped-cropped-3-1.png","width":95,"height":122,"caption":"CVI NOTICIAS"},"image":{"@id":"https:\/\/cvinoticias.com\/v3\/#\/schema\/logo\/image\/"},"sameAs":["https:\/\/www.facebook.com\/cvinoticias","https:\/\/www.instagram.com\/cvinoticias\/","https:\/\/www.youtube.com\/@CVINOTICIAS"]},{"@type":"Person","@id":"https:\/\/cvinoticias.com\/v3\/#\/schema\/person\/2db77e3c6bc03c538495d7b2b8be9b66","name":"f1000024","image":{"@type":"ImageObject","inLanguage":"es","@id":"https:\/\/secure.gravatar.com\/avatar\/d4fe7459cfc51ff5129ce1a732bbef5928568b8092d412ef95611616376bbeed?s=96&d=mm&r=g","url":"https:\/\/secure.gravatar.com\/avatar\/d4fe7459cfc51ff5129ce1a732bbef5928568b8092d412ef95611616376bbeed?s=96&d=mm&r=g","contentUrl":"https:\/\/secure.gravatar.com\/avatar\/d4fe7459cfc51ff5129ce1a732bbef5928568b8092d412ef95611616376bbeed?s=96&d=mm&r=g","caption":"f1000024"},"url":"https:\/\/cvinoticias.com\/v3\/author\/f1000024\/"}]}},"_links":{"self":[{"href":"https:\/\/cvinoticias.com\/v3\/wp-json\/wp\/v2\/posts\/24006","targetHints":{"allow":["GET"]}}],"collection":[{"href":"https:\/\/cvinoticias.com\/v3\/wp-json\/wp\/v2\/posts"}],"about":[{"href":"https:\/\/cvinoticias.com\/v3\/wp-json\/wp\/v2\/types\/post"}],"author":[{"embeddable":true,"href":"https:\/\/cvinoticias.com\/v3\/wp-json\/wp\/v2\/users\/2"}],"replies":[{"embeddable":true,"href":"https:\/\/cvinoticias.com\/v3\/wp-json\/wp\/v2\/comments?post=24006"}],"version-history":[{"count":1,"href":"https:\/\/cvinoticias.com\/v3\/wp-json\/wp\/v2\/posts\/24006\/revisions"}],"predecessor-version":[{"id":24008,"href":"https:\/\/cvinoticias.com\/v3\/wp-json\/wp\/v2\/posts\/24006\/revisions\/24008"}],"wp:featuredmedia":[{"embeddable":true,"href":"https:\/\/cvinoticias.com\/v3\/wp-json\/wp\/v2\/media\/24007"}],"wp:attachment":[{"href":"https:\/\/cvinoticias.com\/v3\/wp-json\/wp\/v2\/media?parent=24006"}],"wp:term":[{"taxonomy":"category","embeddable":true,"href":"https:\/\/cvinoticias.com\/v3\/wp-json\/wp\/v2\/categories?post=24006"},{"taxonomy":"post_tag","embeddable":true,"href":"https:\/\/cvinoticias.com\/v3\/wp-json\/wp\/v2\/tags?post=24006"}],"curies":[{"name":"wp","href":"https:\/\/api.w.org\/{rel}","templated":true}]}}