{"id":23981,"date":"2023-04-12T10:39:53","date_gmt":"2023-04-12T10:39:53","guid":{"rendered":"https:\/\/cvinoticias.com\/v3\/?p=23981"},"modified":"2023-04-12T10:39:53","modified_gmt":"2023-04-12T10:39:53","slug":"el-gobierno-nacional-anuncio-un-aumento-del-35-en-el-monto-de-la-prestacion-alimentar","status":"publish","type":"post","link":"https:\/\/cvinoticias.com\/v3\/el-gobierno-nacional-anuncio-un-aumento-del-35-en-el-monto-de-la-prestacion-alimentar\/","title":{"rendered":"El Gobierno nacional anunci\u00f3 un aumento del 35% en el monto de la Prestaci\u00f3n Alimentar"},"content":{"rendered":"\n<p><strong><em>La medida alcanza a 2.458.238 titulares y tiene un impacto en 4.000.0000 de ni\u00f1os, ni\u00f1as y adolescentes.<\/em><\/strong><\/p>\n\n\n\n<p>El Gobierno nacional anunci\u00f3 un aumento de 35%, y dos nuevos ajustes trimestrales, en los montos de la Prestaci\u00f3n Alimentar para las familias con hijas e hijos de hasta catorce a\u00f1os que reciben la Asignaci\u00f3n Universal por Hijo (AUH), la Asignaci\u00f3n Universal por Hijo con Discapacidad, la Asignaci\u00f3n por Embarazo o la Pensi\u00f3n Contributiva para madre de 7 o m\u00e1s hijos\/as.<\/p>\n\n\n\n<p>La medida, que alcanza a 2.458.238 titulares y tiene un impacto en 4.000.0000 de ni\u00f1os, ni\u00f1as y adolescentes, fue anunciada al t\u00e9rmino de una reuni\u00f3n que encabez\u00f3 el presidente Alberto Fern\u00e1ndez en la Residencia de Olivos junto al ministro de Econom\u00eda, Sergio Massa, y la ministra de Desarrollo Social, Victoria Tolosa Paz, con el objetivo de reforzar la seguridad alimentaria.<\/p>\n\n\n\n<p>En este marco, Tolosa Paz inform\u00f3 que los nuevos montos \u201cimpactar\u00e1n en el cobro del mes de mayo\u201d y agreg\u00f3 que la AUH y la Tarjeta Alimentar \u201cson la cobertura necesaria para darle seguridad alimentaria a todos los ni\u00f1os, ni\u00f1as y adolescentes del pa\u00eds, llegando a los hogares de 2.300.000 madres en todo el territorio nacional\u201d.<\/p>\n\n\n\n<p>De esta manera, para las familias con un hijo\/a de 0 a 14 a\u00f1os la percepci\u00f3n pasar\u00e1 de 12.500 a 17.000 pesos; para las familias con dos hijos\/as pasar\u00e1 de 19.000 a 26.000, y para las familias con tres hijos\/as o m\u00e1s la cifra ascender\u00e1 de 25.000 a 34.000 pesos.<\/p>\n\n\n\n<p>Adem\u00e1s, la Prestaci\u00f3n Alimentar tendr\u00e1 dos nuevos ajustes trimestrales, por lo que la inversi\u00f3n del Estado nacional sumar\u00e1 121.000 millones de pesos adicionales en lo que resta de 2023.<\/p>\n\n\n\n<p>Este programa establecido por el Ministerio de Desarrollo Social busca garantizar el acceso a la canasta b\u00e1sica alimentaria, mediante la compra con esa prestaci\u00f3n de todo tipo de alimentos y bebidas, con excepci\u00f3n de bebidas alcoh\u00f3licas.<\/p>\n","protected":false},"excerpt":{"rendered":"<p>La medida alcanza a 2.458.238 titulares y tiene un impacto en 4.000.0000 de ni\u00f1os, ni\u00f1as y adolescentes. El Gobierno nacional anunci\u00f3 un aumento de 35%, y dos nuevos ajustes trimestrales, en los montos de la Prestaci\u00f3n Alimentar para las familias con hijas e hijos de hasta catorce a\u00f1os que reciben la Asignaci\u00f3n Universal por Hijo [&hellip;]<\/p>\n","protected":false},"author":2,"featured_media":23982,"comment_status":"open","ping_status":"open","sticky":false,"template":"","format":"standard","meta":{"footnotes":""},"categories":[32],"tags":[],"class_list":["post-23981","post","type-post","status-publish","format-standard","has-post-thumbnail","hentry","category-economia"],"yoast_head":"<!-- This site is optimized with the Yoast SEO plugin v27.5 - https:\/\/yoast.com\/product\/yoast-seo-wordpress\/ -->\n<title>El Gobierno nacional anunci\u00f3 un aumento del 35% en el monto de la Prestaci\u00f3n Alimentar | CVI NOTICIAS<\/title>\n<meta name=\"robots\" content=\"index, follow, max-snippet:-1, max-image-preview:large, max-video-preview:-1\" \/>\n<link rel=\"canonical\" href=\"https:\/\/cvinoticias.com\/v3\/el-gobierno-nacional-anuncio-un-aumento-del-35-en-el-monto-de-la-prestacion-alimentar\/\" \/>\n<meta property=\"og:locale\" content=\"es_ES\" \/>\n<meta property=\"og:type\" content=\"article\" \/>\n<meta property=\"og:title\" content=\"El Gobierno nacional anunci\u00f3 un aumento del 35% en el monto de la Prestaci\u00f3n Alimentar | CVI NOTICIAS\" \/>\n<meta property=\"og:description\" content=\"La medida alcanza a 2.458.238 titulares y tiene un impacto en 4.000.0000 de ni\u00f1os, ni\u00f1as y adolescentes. El Gobierno nacional anunci\u00f3 un aumento de 35%, y dos nuevos ajustes trimestrales, en los montos de la Prestaci\u00f3n Alimentar para las familias con hijas e hijos de hasta catorce a\u00f1os que reciben la Asignaci\u00f3n Universal por Hijo [&hellip;]\" \/>\n<meta property=\"og:url\" content=\"https:\/\/cvinoticias.com\/v3\/el-gobierno-nacional-anuncio-un-aumento-del-35-en-el-monto-de-la-prestacion-alimentar\/\" \/>\n<meta property=\"og:site_name\" content=\"CVI NOTICIAS\" \/>\n<meta property=\"article:publisher\" content=\"https:\/\/www.facebook.com\/cvinoticias\" \/>\n<meta property=\"article:published_time\" content=\"2023-04-12T10:39:53+00:00\" \/>\n<meta property=\"og:image\" content=\"https:\/\/cvinoticias.com\/wp-content\/uploads\/2023\/04\/20afe030-d4c6-4e0f-99ec-e507f020e459_16-9-discover-aspect-ratio_default_0.jpg\" \/>\n\t<meta property=\"og:image:width\" content=\"1200\" \/>\n\t<meta property=\"og:image:height\" content=\"675\" \/>\n\t<meta property=\"og:image:type\" content=\"image\/jpeg\" \/>\n<meta name=\"author\" content=\"f1000024\" \/>\n<meta name=\"twitter:card\" content=\"summary_large_image\" \/>\n<meta name=\"twitter:label1\" content=\"Escrito por\" \/>\n\t<meta name=\"twitter:data1\" content=\"f1000024\" \/>\n\t<meta name=\"twitter:label2\" content=\"Tiempo de lectura\" \/>\n\t<meta name=\"twitter:data2\" content=\"2 minutos\" \/>\n<script type=\"application\/ld+json\" class=\"yoast-schema-graph\">{\"@context\":\"https:\\\/\\\/schema.org\",\"@graph\":[{\"@type\":\"Article\",\"@id\":\"https:\\\/\\\/cvinoticias.com\\\/v3\\\/el-gobierno-nacional-anuncio-un-aumento-del-35-en-el-monto-de-la-prestacion-alimentar\\\/#article\",\"isPartOf\":{\"@id\":\"https:\\\/\\\/cvinoticias.com\\\/v3\\\/el-gobierno-nacional-anuncio-un-aumento-del-35-en-el-monto-de-la-prestacion-alimentar\\\/\"},\"author\":{\"name\":\"f1000024\",\"@id\":\"https:\\\/\\\/cvinoticias.com\\\/v3\\\/#\\\/schema\\\/person\\\/2db77e3c6bc03c538495d7b2b8be9b66\"},\"headline\":\"El Gobierno nacional anunci\u00f3 un aumento del 35% en el monto de la Prestaci\u00f3n Alimentar\",\"datePublished\":\"2023-04-12T10:39:53+00:00\",\"mainEntityOfPage\":{\"@id\":\"https:\\\/\\\/cvinoticias.com\\\/v3\\\/el-gobierno-nacional-anuncio-un-aumento-del-35-en-el-monto-de-la-prestacion-alimentar\\\/\"},\"wordCount\":340,\"commentCount\":0,\"publisher\":{\"@id\":\"https:\\\/\\\/cvinoticias.com\\\/v3\\\/#organization\"},\"image\":{\"@id\":\"https:\\\/\\\/cvinoticias.com\\\/v3\\\/el-gobierno-nacional-anuncio-un-aumento-del-35-en-el-monto-de-la-prestacion-alimentar\\\/#primaryimage\"},\"thumbnailUrl\":\"https:\\\/\\\/cvinoticias.com\\\/wp-content\\\/uploads\\\/2023\\\/04\\\/20afe030-d4c6-4e0f-99ec-e507f020e459_16-9-discover-aspect-ratio_default_0.jpg\",\"articleSection\":[\"Econom\u00eda\"],\"inLanguage\":\"es\",\"potentialAction\":[{\"@type\":\"CommentAction\",\"name\":\"Comment\",\"target\":[\"https:\\\/\\\/cvinoticias.com\\\/v3\\\/el-gobierno-nacional-anuncio-un-aumento-del-35-en-el-monto-de-la-prestacion-alimentar\\\/#respond\"]}]},{\"@type\":\"WebPage\",\"@id\":\"https:\\\/\\\/cvinoticias.com\\\/v3\\\/el-gobierno-nacional-anuncio-un-aumento-del-35-en-el-monto-de-la-prestacion-alimentar\\\/\",\"url\":\"https:\\\/\\\/cvinoticias.com\\\/v3\\\/el-gobierno-nacional-anuncio-un-aumento-del-35-en-el-monto-de-la-prestacion-alimentar\\\/\",\"name\":\"El Gobierno nacional anunci\u00f3 un aumento del 35% en el monto de la Prestaci\u00f3n Alimentar | CVI NOTICIAS\",\"isPartOf\":{\"@id\":\"https:\\\/\\\/cvinoticias.com\\\/v3\\\/#website\"},\"primaryImageOfPage\":{\"@id\":\"https:\\\/\\\/cvinoticias.com\\\/v3\\\/el-gobierno-nacional-anuncio-un-aumento-del-35-en-el-monto-de-la-prestacion-alimentar\\\/#primaryimage\"},\"image\":{\"@id\":\"https:\\\/\\\/cvinoticias.com\\\/v3\\\/el-gobierno-nacional-anuncio-un-aumento-del-35-en-el-monto-de-la-prestacion-alimentar\\\/#primaryimage\"},\"thumbnailUrl\":\"https:\\\/\\\/cvinoticias.com\\\/wp-content\\\/uploads\\\/2023\\\/04\\\/20afe030-d4c6-4e0f-99ec-e507f020e459_16-9-discover-aspect-ratio_default_0.jpg\",\"datePublished\":\"2023-04-12T10:39:53+00:00\",\"breadcrumb\":{\"@id\":\"https:\\\/\\\/cvinoticias.com\\\/v3\\\/el-gobierno-nacional-anuncio-un-aumento-del-35-en-el-monto-de-la-prestacion-alimentar\\\/#breadcrumb\"},\"inLanguage\":\"es\",\"potentialAction\":[{\"@type\":\"ReadAction\",\"target\":[\"https:\\\/\\\/cvinoticias.com\\\/v3\\\/el-gobierno-nacional-anuncio-un-aumento-del-35-en-el-monto-de-la-prestacion-alimentar\\\/\"]}]},{\"@type\":\"ImageObject\",\"inLanguage\":\"es\",\"@id\":\"https:\\\/\\\/cvinoticias.com\\\/v3\\\/el-gobierno-nacional-anuncio-un-aumento-del-35-en-el-monto-de-la-prestacion-alimentar\\\/#primaryimage\",\"url\":\"https:\\\/\\\/cvinoticias.com\\\/wp-content\\\/uploads\\\/2023\\\/04\\\/20afe030-d4c6-4e0f-99ec-e507f020e459_16-9-discover-aspect-ratio_default_0.jpg\",\"contentUrl\":\"https:\\\/\\\/cvinoticias.com\\\/wp-content\\\/uploads\\\/2023\\\/04\\\/20afe030-d4c6-4e0f-99ec-e507f020e459_16-9-discover-aspect-ratio_default_0.jpg\",\"width\":1200,\"height\":675},{\"@type\":\"BreadcrumbList\",\"@id\":\"https:\\\/\\\/cvinoticias.com\\\/v3\\\/el-gobierno-nacional-anuncio-un-aumento-del-35-en-el-monto-de-la-prestacion-alimentar\\\/#breadcrumb\",\"itemListElement\":[{\"@type\":\"ListItem\",\"position\":1,\"name\":\"Portada\",\"item\":\"https:\\\/\\\/cvinoticias.com\\\/v3\\\/\"},{\"@type\":\"ListItem\",\"position\":2,\"name\":\"El Gobierno nacional anunci\u00f3 un aumento del 35% en el monto de la Prestaci\u00f3n Alimentar\"}]},{\"@type\":\"WebSite\",\"@id\":\"https:\\\/\\\/cvinoticias.com\\\/v3\\\/#website\",\"url\":\"https:\\\/\\\/cvinoticias.com\\\/v3\\\/\",\"name\":\"CVI NOTICIAS\",\"description\":\"\",\"publisher\":{\"@id\":\"https:\\\/\\\/cvinoticias.com\\\/v3\\\/#organization\"},\"alternateName\":\"CVI\",\"potentialAction\":[{\"@type\":\"SearchAction\",\"target\":{\"@type\":\"EntryPoint\",\"urlTemplate\":\"https:\\\/\\\/cvinoticias.com\\\/v3\\\/?s={search_term_string}\"},\"query-input\":{\"@type\":\"PropertyValueSpecification\",\"valueRequired\":true,\"valueName\":\"search_term_string\"}}],\"inLanguage\":\"es\"},{\"@type\":\"Organization\",\"@id\":\"https:\\\/\\\/cvinoticias.com\\\/v3\\\/#organization\",\"name\":\"CVI NOTICIAS\",\"url\":\"https:\\\/\\\/cvinoticias.com\\\/v3\\\/\",\"logo\":{\"@type\":\"ImageObject\",\"inLanguage\":\"es\",\"@id\":\"https:\\\/\\\/cvinoticias.com\\\/v3\\\/#\\\/schema\\\/logo\\\/image\\\/\",\"url\":\"https:\\\/\\\/cvinoticias.com\\\/wp-content\\\/uploads\\\/2023\\\/04\\\/cropped-cropped-cropped-cropped-cropped-3-1.png\",\"contentUrl\":\"https:\\\/\\\/cvinoticias.com\\\/wp-content\\\/uploads\\\/2023\\\/04\\\/cropped-cropped-cropped-cropped-cropped-3-1.png\",\"width\":95,\"height\":122,\"caption\":\"CVI NOTICIAS\"},\"image\":{\"@id\":\"https:\\\/\\\/cvinoticias.com\\\/v3\\\/#\\\/schema\\\/logo\\\/image\\\/\"},\"sameAs\":[\"https:\\\/\\\/www.facebook.com\\\/cvinoticias\",\"https:\\\/\\\/www.instagram.com\\\/cvinoticias\\\/\",\"https:\\\/\\\/www.youtube.com\\\/@CVINOTICIAS\"]},{\"@type\":\"Person\",\"@id\":\"https:\\\/\\\/cvinoticias.com\\\/v3\\\/#\\\/schema\\\/person\\\/2db77e3c6bc03c538495d7b2b8be9b66\",\"name\":\"f1000024\",\"image\":{\"@type\":\"ImageObject\",\"inLanguage\":\"es\",\"@id\":\"https:\\\/\\\/secure.gravatar.com\\\/avatar\\\/d4fe7459cfc51ff5129ce1a732bbef5928568b8092d412ef95611616376bbeed?s=96&d=mm&r=g\",\"url\":\"https:\\\/\\\/secure.gravatar.com\\\/avatar\\\/d4fe7459cfc51ff5129ce1a732bbef5928568b8092d412ef95611616376bbeed?s=96&d=mm&r=g\",\"contentUrl\":\"https:\\\/\\\/secure.gravatar.com\\\/avatar\\\/d4fe7459cfc51ff5129ce1a732bbef5928568b8092d412ef95611616376bbeed?s=96&d=mm&r=g\",\"caption\":\"f1000024\"},\"url\":\"https:\\\/\\\/cvinoticias.com\\\/v3\\\/author\\\/f1000024\\\/\"}]}<\/script>\n<!-- \/ Yoast SEO plugin. -->","yoast_head_json":{"title":"El Gobierno nacional anunci\u00f3 un aumento del 35% en el monto de la Prestaci\u00f3n Alimentar | CVI NOTICIAS","robots":{"index":"index","follow":"follow","max-snippet":"max-snippet:-1","max-image-preview":"max-image-preview:large","max-video-preview":"max-video-preview:-1"},"canonical":"https:\/\/cvinoticias.com\/v3\/el-gobierno-nacional-anuncio-un-aumento-del-35-en-el-monto-de-la-prestacion-alimentar\/","og_locale":"es_ES","og_type":"article","og_title":"El Gobierno nacional anunci\u00f3 un aumento del 35% en el monto de la Prestaci\u00f3n Alimentar | CVI NOTICIAS","og_description":"La medida alcanza a 2.458.238 titulares y tiene un impacto en 4.000.0000 de ni\u00f1os, ni\u00f1as y adolescentes. El Gobierno nacional anunci\u00f3 un aumento de 35%, y dos nuevos ajustes trimestrales, en los montos de la Prestaci\u00f3n Alimentar para las familias con hijas e hijos de hasta catorce a\u00f1os que reciben la Asignaci\u00f3n Universal por Hijo [&hellip;]","og_url":"https:\/\/cvinoticias.com\/v3\/el-gobierno-nacional-anuncio-un-aumento-del-35-en-el-monto-de-la-prestacion-alimentar\/","og_site_name":"CVI NOTICIAS","article_publisher":"https:\/\/www.facebook.com\/cvinoticias","article_published_time":"2023-04-12T10:39:53+00:00","og_image":[{"width":1200,"height":675,"url":"https:\/\/cvinoticias.com\/wp-content\/uploads\/2023\/04\/20afe030-d4c6-4e0f-99ec-e507f020e459_16-9-discover-aspect-ratio_default_0.jpg","type":"image\/jpeg"}],"author":"f1000024","twitter_card":"summary_large_image","twitter_misc":{"Escrito por":"f1000024","Tiempo de lectura":"2 minutos"},"schema":{"@context":"https:\/\/schema.org","@graph":[{"@type":"Article","@id":"https:\/\/cvinoticias.com\/v3\/el-gobierno-nacional-anuncio-un-aumento-del-35-en-el-monto-de-la-prestacion-alimentar\/#article","isPartOf":{"@id":"https:\/\/cvinoticias.com\/v3\/el-gobierno-nacional-anuncio-un-aumento-del-35-en-el-monto-de-la-prestacion-alimentar\/"},"author":{"name":"f1000024","@id":"https:\/\/cvinoticias.com\/v3\/#\/schema\/person\/2db77e3c6bc03c538495d7b2b8be9b66"},"headline":"El Gobierno nacional anunci\u00f3 un aumento del 35% en el monto de la Prestaci\u00f3n Alimentar","datePublished":"2023-04-12T10:39:53+00:00","mainEntityOfPage":{"@id":"https:\/\/cvinoticias.com\/v3\/el-gobierno-nacional-anuncio-un-aumento-del-35-en-el-monto-de-la-prestacion-alimentar\/"},"wordCount":340,"commentCount":0,"publisher":{"@id":"https:\/\/cvinoticias.com\/v3\/#organization"},"image":{"@id":"https:\/\/cvinoticias.com\/v3\/el-gobierno-nacional-anuncio-un-aumento-del-35-en-el-monto-de-la-prestacion-alimentar\/#primaryimage"},"thumbnailUrl":"https:\/\/cvinoticias.com\/wp-content\/uploads\/2023\/04\/20afe030-d4c6-4e0f-99ec-e507f020e459_16-9-discover-aspect-ratio_default_0.jpg","articleSection":["Econom\u00eda"],"inLanguage":"es","potentialAction":[{"@type":"CommentAction","name":"Comment","target":["https:\/\/cvinoticias.com\/v3\/el-gobierno-nacional-anuncio-un-aumento-del-35-en-el-monto-de-la-prestacion-alimentar\/#respond"]}]},{"@type":"WebPage","@id":"https:\/\/cvinoticias.com\/v3\/el-gobierno-nacional-anuncio-un-aumento-del-35-en-el-monto-de-la-prestacion-alimentar\/","url":"https:\/\/cvinoticias.com\/v3\/el-gobierno-nacional-anuncio-un-aumento-del-35-en-el-monto-de-la-prestacion-alimentar\/","name":"El Gobierno nacional anunci\u00f3 un aumento del 35% en el monto de la Prestaci\u00f3n Alimentar | CVI NOTICIAS","isPartOf":{"@id":"https:\/\/cvinoticias.com\/v3\/#website"},"primaryImageOfPage":{"@id":"https:\/\/cvinoticias.com\/v3\/el-gobierno-nacional-anuncio-un-aumento-del-35-en-el-monto-de-la-prestacion-alimentar\/#primaryimage"},"image":{"@id":"https:\/\/cvinoticias.com\/v3\/el-gobierno-nacional-anuncio-un-aumento-del-35-en-el-monto-de-la-prestacion-alimentar\/#primaryimage"},"thumbnailUrl":"https:\/\/cvinoticias.com\/wp-content\/uploads\/2023\/04\/20afe030-d4c6-4e0f-99ec-e507f020e459_16-9-discover-aspect-ratio_default_0.jpg","datePublished":"2023-04-12T10:39:53+00:00","breadcrumb":{"@id":"https:\/\/cvinoticias.com\/v3\/el-gobierno-nacional-anuncio-un-aumento-del-35-en-el-monto-de-la-prestacion-alimentar\/#breadcrumb"},"inLanguage":"es","potentialAction":[{"@type":"ReadAction","target":["https:\/\/cvinoticias.com\/v3\/el-gobierno-nacional-anuncio-un-aumento-del-35-en-el-monto-de-la-prestacion-alimentar\/"]}]},{"@type":"ImageObject","inLanguage":"es","@id":"https:\/\/cvinoticias.com\/v3\/el-gobierno-nacional-anuncio-un-aumento-del-35-en-el-monto-de-la-prestacion-alimentar\/#primaryimage","url":"https:\/\/cvinoticias.com\/wp-content\/uploads\/2023\/04\/20afe030-d4c6-4e0f-99ec-e507f020e459_16-9-discover-aspect-ratio_default_0.jpg","contentUrl":"https:\/\/cvinoticias.com\/wp-content\/uploads\/2023\/04\/20afe030-d4c6-4e0f-99ec-e507f020e459_16-9-discover-aspect-ratio_default_0.jpg","width":1200,"height":675},{"@type":"BreadcrumbList","@id":"https:\/\/cvinoticias.com\/v3\/el-gobierno-nacional-anuncio-un-aumento-del-35-en-el-monto-de-la-prestacion-alimentar\/#breadcrumb","itemListElement":[{"@type":"ListItem","position":1,"name":"Portada","item":"https:\/\/cvinoticias.com\/v3\/"},{"@type":"ListItem","position":2,"name":"El Gobierno nacional anunci\u00f3 un aumento del 35% en el monto de la Prestaci\u00f3n Alimentar"}]},{"@type":"WebSite","@id":"https:\/\/cvinoticias.com\/v3\/#website","url":"https:\/\/cvinoticias.com\/v3\/","name":"CVI NOTICIAS","description":"","publisher":{"@id":"https:\/\/cvinoticias.com\/v3\/#organization"},"alternateName":"CVI","potentialAction":[{"@type":"SearchAction","target":{"@type":"EntryPoint","urlTemplate":"https:\/\/cvinoticias.com\/v3\/?s={search_term_string}"},"query-input":{"@type":"PropertyValueSpecification","valueRequired":true,"valueName":"search_term_string"}}],"inLanguage":"es"},{"@type":"Organization","@id":"https:\/\/cvinoticias.com\/v3\/#organization","name":"CVI NOTICIAS","url":"https:\/\/cvinoticias.com\/v3\/","logo":{"@type":"ImageObject","inLanguage":"es","@id":"https:\/\/cvinoticias.com\/v3\/#\/schema\/logo\/image\/","url":"https:\/\/cvinoticias.com\/wp-content\/uploads\/2023\/04\/cropped-cropped-cropped-cropped-cropped-3-1.png","contentUrl":"https:\/\/cvinoticias.com\/wp-content\/uploads\/2023\/04\/cropped-cropped-cropped-cropped-cropped-3-1.png","width":95,"height":122,"caption":"CVI NOTICIAS"},"image":{"@id":"https:\/\/cvinoticias.com\/v3\/#\/schema\/logo\/image\/"},"sameAs":["https:\/\/www.facebook.com\/cvinoticias","https:\/\/www.instagram.com\/cvinoticias\/","https:\/\/www.youtube.com\/@CVINOTICIAS"]},{"@type":"Person","@id":"https:\/\/cvinoticias.com\/v3\/#\/schema\/person\/2db77e3c6bc03c538495d7b2b8be9b66","name":"f1000024","image":{"@type":"ImageObject","inLanguage":"es","@id":"https:\/\/secure.gravatar.com\/avatar\/d4fe7459cfc51ff5129ce1a732bbef5928568b8092d412ef95611616376bbeed?s=96&d=mm&r=g","url":"https:\/\/secure.gravatar.com\/avatar\/d4fe7459cfc51ff5129ce1a732bbef5928568b8092d412ef95611616376bbeed?s=96&d=mm&r=g","contentUrl":"https:\/\/secure.gravatar.com\/avatar\/d4fe7459cfc51ff5129ce1a732bbef5928568b8092d412ef95611616376bbeed?s=96&d=mm&r=g","caption":"f1000024"},"url":"https:\/\/cvinoticias.com\/v3\/author\/f1000024\/"}]}},"_links":{"self":[{"href":"https:\/\/cvinoticias.com\/v3\/wp-json\/wp\/v2\/posts\/23981","targetHints":{"allow":["GET"]}}],"collection":[{"href":"https:\/\/cvinoticias.com\/v3\/wp-json\/wp\/v2\/posts"}],"about":[{"href":"https:\/\/cvinoticias.com\/v3\/wp-json\/wp\/v2\/types\/post"}],"author":[{"embeddable":true,"href":"https:\/\/cvinoticias.com\/v3\/wp-json\/wp\/v2\/users\/2"}],"replies":[{"embeddable":true,"href":"https:\/\/cvinoticias.com\/v3\/wp-json\/wp\/v2\/comments?post=23981"}],"version-history":[{"count":1,"href":"https:\/\/cvinoticias.com\/v3\/wp-json\/wp\/v2\/posts\/23981\/revisions"}],"predecessor-version":[{"id":23983,"href":"https:\/\/cvinoticias.com\/v3\/wp-json\/wp\/v2\/posts\/23981\/revisions\/23983"}],"wp:featuredmedia":[{"embeddable":true,"href":"https:\/\/cvinoticias.com\/v3\/wp-json\/wp\/v2\/media\/23982"}],"wp:attachment":[{"href":"https:\/\/cvinoticias.com\/v3\/wp-json\/wp\/v2\/media?parent=23981"}],"wp:term":[{"taxonomy":"category","embeddable":true,"href":"https:\/\/cvinoticias.com\/v3\/wp-json\/wp\/v2\/categories?post=23981"},{"taxonomy":"post_tag","embeddable":true,"href":"https:\/\/cvinoticias.com\/v3\/wp-json\/wp\/v2\/tags?post=23981"}],"curies":[{"name":"wp","href":"https:\/\/api.w.org\/{rel}","templated":true}]}}