{"id":23957,"date":"2023-04-11T10:49:54","date_gmt":"2023-04-11T10:49:54","guid":{"rendered":"https:\/\/cvinoticias.com\/v3\/?p=23957"},"modified":"2023-04-11T10:49:54","modified_gmt":"2023-04-11T10:49:54","slug":"lammens-observa-una-oportunidad-para-que-argentina-reciba-en-2023-una-avalancha-de-turistas","status":"publish","type":"post","link":"https:\/\/cvinoticias.com\/v3\/lammens-observa-una-oportunidad-para-que-argentina-reciba-en-2023-una-avalancha-de-turistas\/","title":{"rendered":"Lammens observa una \u201coportunidad\u201d para que Argentina reciba en 2023 \u201cuna avalancha de turistas\u201d"},"content":{"rendered":"\n<p><strong><em>El ministro destac\u00f3 el el trabajo que realizan en cada provincia procurando mejorar las ofertas tur\u00edsticas y el acompa\u00f1amiento del sector privado. Anticip\u00f3 \u201cimportantes novedades\u201d en materia de inversiones.<\/em><\/strong><\/p>\n\n\n\n<p>El ministro de Turismo y Deportes, Mat\u00edas Lammens, analiz\u00f3 en di\u00e1logo radial el impacto positivo en el pa\u00eds que arroj\u00f3 el fin de semana largo r\u00e9cord de Semana Santa, donde se movilizaron 2,7 millones de personas, y dijo que el escenario permite visualizar \u201cuna oportunidad para tener este a\u00f1o una avalancha de turistas extranjeros\u201d.<\/p>\n\n\n\n<p>\u201cVemos una oportunidad para tener este a\u00f1o una avalancha de turistas extranjeros que nos permita no solamente seguir consolidando el turismo como una de las industrias m\u00e1s importantes en la econom\u00eda nacional, sino mayor generaci\u00f3n de empleo, aportando crecimiento y d\u00f3lares\u201d, expres\u00f3 Lammens.<\/p>\n\n\n\n<p>Sobre el receso extendido por Semana Santa, el ministro dijo que manifiesta \u201cla consolidaci\u00f3n del movimiento de turismo interno\u201d, redondeando \u201cotro fin de semana que termina por encima de 2022\u201d.<\/p>\n\n\n\n<p>\u201cUna ratificaci\u00f3n de lo que ven\u00edamos viendo, lo que hab\u00edamos visto en la temporada y despu\u00e9s. La buena noticia es la recuperaci\u00f3n pr\u00e1cticamente total del turismo receptivo en algunas provincias que tuvieron una importante llegada, sobre todo te dir\u00eda de turistas chilenos, uruguayos y brasile\u00f1os\u201d, indic\u00f3.<\/p>\n\n\n\n<p>Lammens subray\u00f3 que \u201cla recuperaci\u00f3n est\u00e1 siendo muy clara\u201d, y agreg\u00f3 que esto \u201cpotencia el desaf\u00edo de seguir mejorando y de tener ahora, ya en la pr\u00f3xima temporada de invierno, n\u00fameros que superen la temporada anterior, que se hab\u00eda sido buena\u201d.<\/p>\n\n\n\n<p>Por otro lado, Lammens ponder\u00f3 las diferentes herramientas que permiten desarrollar iniciativas en distintos puntos del pa\u00eds, y dio como ejemplo una l\u00ednea de cr\u00e9dito ofrecida por el Banco Naci\u00f3n.<\/p>\n\n\n\n<p>\u201cEstuvimos repasando con el equipo de la Secretar\u00eda de Desarrollo Estrat\u00e9gico la l\u00ednea de cr\u00e9dito del Banco Naci\u00f3n para ampliar la oferta hotelera, para que haya no solamente ampliaci\u00f3n de los establecimientos existentes, sino tambi\u00e9n el establecimiento nuevo que haya muchos, muchos empresarios de decididos y apostando al turismo\u201d, remarc\u00f3.<\/p>\n\n\n\n<p>El ministro puso en valor el trabajo que realizan en cada provincia procurando mejorar las ofertas tur\u00edsticas, el \u201cacompa\u00f1amiento\u201d del sector privado y anticip\u00f3 que \u201cen pocas semanas\u201d estar\u00e1n en condiciones de brindar \u201cimportantes novedades\u201d en materia de inversiones.<\/p>\n","protected":false},"excerpt":{"rendered":"<p>El ministro destac\u00f3 el el trabajo que realizan en cada provincia procurando mejorar las ofertas tur\u00edsticas y el acompa\u00f1amiento del sector privado. Anticip\u00f3 \u201cimportantes novedades\u201d en materia de inversiones. El ministro de Turismo y Deportes, Mat\u00edas Lammens, analiz\u00f3 en di\u00e1logo radial el impacto positivo en el pa\u00eds que arroj\u00f3 el fin de semana largo r\u00e9cord [&hellip;]<\/p>\n","protected":false},"author":2,"featured_media":23958,"comment_status":"open","ping_status":"open","sticky":false,"template":"","format":"standard","meta":{"footnotes":""},"categories":[50],"tags":[],"class_list":["post-23957","post","type-post","status-publish","format-standard","has-post-thumbnail","hentry","category-turismo"],"yoast_head":"<!-- This site is optimized with the Yoast SEO plugin v27.5 - https:\/\/yoast.com\/product\/yoast-seo-wordpress\/ -->\n<title>Lammens observa una \u201coportunidad\u201d para que Argentina reciba en 2023 \u201cuna avalancha de turistas\u201d | CVI NOTICIAS<\/title>\n<meta name=\"robots\" content=\"index, follow, max-snippet:-1, max-image-preview:large, max-video-preview:-1\" \/>\n<link rel=\"canonical\" href=\"https:\/\/cvinoticias.com\/v3\/lammens-observa-una-oportunidad-para-que-argentina-reciba-en-2023-una-avalancha-de-turistas\/\" \/>\n<meta property=\"og:locale\" content=\"es_ES\" \/>\n<meta property=\"og:type\" content=\"article\" \/>\n<meta property=\"og:title\" content=\"Lammens observa una \u201coportunidad\u201d para que Argentina reciba en 2023 \u201cuna avalancha de turistas\u201d | CVI NOTICIAS\" \/>\n<meta property=\"og:description\" content=\"El ministro destac\u00f3 el el trabajo que realizan en cada provincia procurando mejorar las ofertas tur\u00edsticas y el acompa\u00f1amiento del sector privado. Anticip\u00f3 \u201cimportantes novedades\u201d en materia de inversiones. El ministro de Turismo y Deportes, Mat\u00edas Lammens, analiz\u00f3 en di\u00e1logo radial el impacto positivo en el pa\u00eds que arroj\u00f3 el fin de semana largo r\u00e9cord [&hellip;]\" \/>\n<meta property=\"og:url\" content=\"https:\/\/cvinoticias.com\/v3\/lammens-observa-una-oportunidad-para-que-argentina-reciba-en-2023-una-avalancha-de-turistas\/\" \/>\n<meta property=\"og:site_name\" content=\"CVI NOTICIAS\" \/>\n<meta property=\"article:publisher\" content=\"https:\/\/www.facebook.com\/cvinoticias\" \/>\n<meta property=\"article:published_time\" content=\"2023-04-11T10:49:54+00:00\" \/>\n<meta property=\"og:image\" content=\"https:\/\/cvinoticias.com\/wp-content\/uploads\/2023\/04\/lammens_07-1024x683-1.jpg\" \/>\n\t<meta property=\"og:image:width\" content=\"1024\" \/>\n\t<meta property=\"og:image:height\" content=\"683\" \/>\n\t<meta property=\"og:image:type\" content=\"image\/jpeg\" \/>\n<meta name=\"author\" content=\"f1000024\" \/>\n<meta name=\"twitter:card\" content=\"summary_large_image\" \/>\n<meta name=\"twitter:label1\" content=\"Escrito por\" \/>\n\t<meta name=\"twitter:data1\" content=\"f1000024\" \/>\n\t<meta name=\"twitter:label2\" content=\"Tiempo de lectura\" \/>\n\t<meta name=\"twitter:data2\" content=\"2 minutos\" \/>\n<script type=\"application\/ld+json\" class=\"yoast-schema-graph\">{\"@context\":\"https:\\\/\\\/schema.org\",\"@graph\":[{\"@type\":\"Article\",\"@id\":\"https:\\\/\\\/cvinoticias.com\\\/v3\\\/lammens-observa-una-oportunidad-para-que-argentina-reciba-en-2023-una-avalancha-de-turistas\\\/#article\",\"isPartOf\":{\"@id\":\"https:\\\/\\\/cvinoticias.com\\\/v3\\\/lammens-observa-una-oportunidad-para-que-argentina-reciba-en-2023-una-avalancha-de-turistas\\\/\"},\"author\":{\"name\":\"f1000024\",\"@id\":\"https:\\\/\\\/cvinoticias.com\\\/v3\\\/#\\\/schema\\\/person\\\/2db77e3c6bc03c538495d7b2b8be9b66\"},\"headline\":\"Lammens observa una \u201coportunidad\u201d para que Argentina reciba en 2023 \u201cuna avalancha de turistas\u201d\",\"datePublished\":\"2023-04-11T10:49:54+00:00\",\"mainEntityOfPage\":{\"@id\":\"https:\\\/\\\/cvinoticias.com\\\/v3\\\/lammens-observa-una-oportunidad-para-que-argentina-reciba-en-2023-una-avalancha-de-turistas\\\/\"},\"wordCount\":413,\"commentCount\":0,\"publisher\":{\"@id\":\"https:\\\/\\\/cvinoticias.com\\\/v3\\\/#organization\"},\"image\":{\"@id\":\"https:\\\/\\\/cvinoticias.com\\\/v3\\\/lammens-observa-una-oportunidad-para-que-argentina-reciba-en-2023-una-avalancha-de-turistas\\\/#primaryimage\"},\"thumbnailUrl\":\"https:\\\/\\\/cvinoticias.com\\\/wp-content\\\/uploads\\\/2023\\\/04\\\/lammens_07-1024x683-1.jpg\",\"articleSection\":[\"Turismo\"],\"inLanguage\":\"es\",\"potentialAction\":[{\"@type\":\"CommentAction\",\"name\":\"Comment\",\"target\":[\"https:\\\/\\\/cvinoticias.com\\\/v3\\\/lammens-observa-una-oportunidad-para-que-argentina-reciba-en-2023-una-avalancha-de-turistas\\\/#respond\"]}]},{\"@type\":\"WebPage\",\"@id\":\"https:\\\/\\\/cvinoticias.com\\\/v3\\\/lammens-observa-una-oportunidad-para-que-argentina-reciba-en-2023-una-avalancha-de-turistas\\\/\",\"url\":\"https:\\\/\\\/cvinoticias.com\\\/v3\\\/lammens-observa-una-oportunidad-para-que-argentina-reciba-en-2023-una-avalancha-de-turistas\\\/\",\"name\":\"Lammens observa una \u201coportunidad\u201d para que Argentina reciba en 2023 \u201cuna avalancha de turistas\u201d | CVI NOTICIAS\",\"isPartOf\":{\"@id\":\"https:\\\/\\\/cvinoticias.com\\\/v3\\\/#website\"},\"primaryImageOfPage\":{\"@id\":\"https:\\\/\\\/cvinoticias.com\\\/v3\\\/lammens-observa-una-oportunidad-para-que-argentina-reciba-en-2023-una-avalancha-de-turistas\\\/#primaryimage\"},\"image\":{\"@id\":\"https:\\\/\\\/cvinoticias.com\\\/v3\\\/lammens-observa-una-oportunidad-para-que-argentina-reciba-en-2023-una-avalancha-de-turistas\\\/#primaryimage\"},\"thumbnailUrl\":\"https:\\\/\\\/cvinoticias.com\\\/wp-content\\\/uploads\\\/2023\\\/04\\\/lammens_07-1024x683-1.jpg\",\"datePublished\":\"2023-04-11T10:49:54+00:00\",\"breadcrumb\":{\"@id\":\"https:\\\/\\\/cvinoticias.com\\\/v3\\\/lammens-observa-una-oportunidad-para-que-argentina-reciba-en-2023-una-avalancha-de-turistas\\\/#breadcrumb\"},\"inLanguage\":\"es\",\"potentialAction\":[{\"@type\":\"ReadAction\",\"target\":[\"https:\\\/\\\/cvinoticias.com\\\/v3\\\/lammens-observa-una-oportunidad-para-que-argentina-reciba-en-2023-una-avalancha-de-turistas\\\/\"]}]},{\"@type\":\"ImageObject\",\"inLanguage\":\"es\",\"@id\":\"https:\\\/\\\/cvinoticias.com\\\/v3\\\/lammens-observa-una-oportunidad-para-que-argentina-reciba-en-2023-una-avalancha-de-turistas\\\/#primaryimage\",\"url\":\"https:\\\/\\\/cvinoticias.com\\\/wp-content\\\/uploads\\\/2023\\\/04\\\/lammens_07-1024x683-1.jpg\",\"contentUrl\":\"https:\\\/\\\/cvinoticias.com\\\/wp-content\\\/uploads\\\/2023\\\/04\\\/lammens_07-1024x683-1.jpg\",\"width\":1024,\"height\":683},{\"@type\":\"BreadcrumbList\",\"@id\":\"https:\\\/\\\/cvinoticias.com\\\/v3\\\/lammens-observa-una-oportunidad-para-que-argentina-reciba-en-2023-una-avalancha-de-turistas\\\/#breadcrumb\",\"itemListElement\":[{\"@type\":\"ListItem\",\"position\":1,\"name\":\"Portada\",\"item\":\"https:\\\/\\\/cvinoticias.com\\\/v3\\\/\"},{\"@type\":\"ListItem\",\"position\":2,\"name\":\"Lammens observa una \u201coportunidad\u201d para que Argentina reciba en 2023 \u201cuna avalancha de turistas\u201d\"}]},{\"@type\":\"WebSite\",\"@id\":\"https:\\\/\\\/cvinoticias.com\\\/v3\\\/#website\",\"url\":\"https:\\\/\\\/cvinoticias.com\\\/v3\\\/\",\"name\":\"CVI NOTICIAS\",\"description\":\"\",\"publisher\":{\"@id\":\"https:\\\/\\\/cvinoticias.com\\\/v3\\\/#organization\"},\"alternateName\":\"CVI\",\"potentialAction\":[{\"@type\":\"SearchAction\",\"target\":{\"@type\":\"EntryPoint\",\"urlTemplate\":\"https:\\\/\\\/cvinoticias.com\\\/v3\\\/?s={search_term_string}\"},\"query-input\":{\"@type\":\"PropertyValueSpecification\",\"valueRequired\":true,\"valueName\":\"search_term_string\"}}],\"inLanguage\":\"es\"},{\"@type\":\"Organization\",\"@id\":\"https:\\\/\\\/cvinoticias.com\\\/v3\\\/#organization\",\"name\":\"CVI NOTICIAS\",\"url\":\"https:\\\/\\\/cvinoticias.com\\\/v3\\\/\",\"logo\":{\"@type\":\"ImageObject\",\"inLanguage\":\"es\",\"@id\":\"https:\\\/\\\/cvinoticias.com\\\/v3\\\/#\\\/schema\\\/logo\\\/image\\\/\",\"url\":\"https:\\\/\\\/cvinoticias.com\\\/wp-content\\\/uploads\\\/2023\\\/04\\\/cropped-cropped-cropped-cropped-cropped-3-1.png\",\"contentUrl\":\"https:\\\/\\\/cvinoticias.com\\\/wp-content\\\/uploads\\\/2023\\\/04\\\/cropped-cropped-cropped-cropped-cropped-3-1.png\",\"width\":95,\"height\":122,\"caption\":\"CVI NOTICIAS\"},\"image\":{\"@id\":\"https:\\\/\\\/cvinoticias.com\\\/v3\\\/#\\\/schema\\\/logo\\\/image\\\/\"},\"sameAs\":[\"https:\\\/\\\/www.facebook.com\\\/cvinoticias\",\"https:\\\/\\\/www.instagram.com\\\/cvinoticias\\\/\",\"https:\\\/\\\/www.youtube.com\\\/@CVINOTICIAS\"]},{\"@type\":\"Person\",\"@id\":\"https:\\\/\\\/cvinoticias.com\\\/v3\\\/#\\\/schema\\\/person\\\/2db77e3c6bc03c538495d7b2b8be9b66\",\"name\":\"f1000024\",\"image\":{\"@type\":\"ImageObject\",\"inLanguage\":\"es\",\"@id\":\"https:\\\/\\\/secure.gravatar.com\\\/avatar\\\/d4fe7459cfc51ff5129ce1a732bbef5928568b8092d412ef95611616376bbeed?s=96&d=mm&r=g\",\"url\":\"https:\\\/\\\/secure.gravatar.com\\\/avatar\\\/d4fe7459cfc51ff5129ce1a732bbef5928568b8092d412ef95611616376bbeed?s=96&d=mm&r=g\",\"contentUrl\":\"https:\\\/\\\/secure.gravatar.com\\\/avatar\\\/d4fe7459cfc51ff5129ce1a732bbef5928568b8092d412ef95611616376bbeed?s=96&d=mm&r=g\",\"caption\":\"f1000024\"},\"url\":\"https:\\\/\\\/cvinoticias.com\\\/v3\\\/author\\\/f1000024\\\/\"}]}<\/script>\n<!-- \/ Yoast SEO plugin. -->","yoast_head_json":{"title":"Lammens observa una \u201coportunidad\u201d para que Argentina reciba en 2023 \u201cuna avalancha de turistas\u201d | CVI NOTICIAS","robots":{"index":"index","follow":"follow","max-snippet":"max-snippet:-1","max-image-preview":"max-image-preview:large","max-video-preview":"max-video-preview:-1"},"canonical":"https:\/\/cvinoticias.com\/v3\/lammens-observa-una-oportunidad-para-que-argentina-reciba-en-2023-una-avalancha-de-turistas\/","og_locale":"es_ES","og_type":"article","og_title":"Lammens observa una \u201coportunidad\u201d para que Argentina reciba en 2023 \u201cuna avalancha de turistas\u201d | CVI NOTICIAS","og_description":"El ministro destac\u00f3 el el trabajo que realizan en cada provincia procurando mejorar las ofertas tur\u00edsticas y el acompa\u00f1amiento del sector privado. Anticip\u00f3 \u201cimportantes novedades\u201d en materia de inversiones. El ministro de Turismo y Deportes, Mat\u00edas Lammens, analiz\u00f3 en di\u00e1logo radial el impacto positivo en el pa\u00eds que arroj\u00f3 el fin de semana largo r\u00e9cord [&hellip;]","og_url":"https:\/\/cvinoticias.com\/v3\/lammens-observa-una-oportunidad-para-que-argentina-reciba-en-2023-una-avalancha-de-turistas\/","og_site_name":"CVI NOTICIAS","article_publisher":"https:\/\/www.facebook.com\/cvinoticias","article_published_time":"2023-04-11T10:49:54+00:00","og_image":[{"width":1024,"height":683,"url":"https:\/\/cvinoticias.com\/wp-content\/uploads\/2023\/04\/lammens_07-1024x683-1.jpg","type":"image\/jpeg"}],"author":"f1000024","twitter_card":"summary_large_image","twitter_misc":{"Escrito por":"f1000024","Tiempo de lectura":"2 minutos"},"schema":{"@context":"https:\/\/schema.org","@graph":[{"@type":"Article","@id":"https:\/\/cvinoticias.com\/v3\/lammens-observa-una-oportunidad-para-que-argentina-reciba-en-2023-una-avalancha-de-turistas\/#article","isPartOf":{"@id":"https:\/\/cvinoticias.com\/v3\/lammens-observa-una-oportunidad-para-que-argentina-reciba-en-2023-una-avalancha-de-turistas\/"},"author":{"name":"f1000024","@id":"https:\/\/cvinoticias.com\/v3\/#\/schema\/person\/2db77e3c6bc03c538495d7b2b8be9b66"},"headline":"Lammens observa una \u201coportunidad\u201d para que Argentina reciba en 2023 \u201cuna avalancha de turistas\u201d","datePublished":"2023-04-11T10:49:54+00:00","mainEntityOfPage":{"@id":"https:\/\/cvinoticias.com\/v3\/lammens-observa-una-oportunidad-para-que-argentina-reciba-en-2023-una-avalancha-de-turistas\/"},"wordCount":413,"commentCount":0,"publisher":{"@id":"https:\/\/cvinoticias.com\/v3\/#organization"},"image":{"@id":"https:\/\/cvinoticias.com\/v3\/lammens-observa-una-oportunidad-para-que-argentina-reciba-en-2023-una-avalancha-de-turistas\/#primaryimage"},"thumbnailUrl":"https:\/\/cvinoticias.com\/wp-content\/uploads\/2023\/04\/lammens_07-1024x683-1.jpg","articleSection":["Turismo"],"inLanguage":"es","potentialAction":[{"@type":"CommentAction","name":"Comment","target":["https:\/\/cvinoticias.com\/v3\/lammens-observa-una-oportunidad-para-que-argentina-reciba-en-2023-una-avalancha-de-turistas\/#respond"]}]},{"@type":"WebPage","@id":"https:\/\/cvinoticias.com\/v3\/lammens-observa-una-oportunidad-para-que-argentina-reciba-en-2023-una-avalancha-de-turistas\/","url":"https:\/\/cvinoticias.com\/v3\/lammens-observa-una-oportunidad-para-que-argentina-reciba-en-2023-una-avalancha-de-turistas\/","name":"Lammens observa una \u201coportunidad\u201d para que Argentina reciba en 2023 \u201cuna avalancha de turistas\u201d | CVI NOTICIAS","isPartOf":{"@id":"https:\/\/cvinoticias.com\/v3\/#website"},"primaryImageOfPage":{"@id":"https:\/\/cvinoticias.com\/v3\/lammens-observa-una-oportunidad-para-que-argentina-reciba-en-2023-una-avalancha-de-turistas\/#primaryimage"},"image":{"@id":"https:\/\/cvinoticias.com\/v3\/lammens-observa-una-oportunidad-para-que-argentina-reciba-en-2023-una-avalancha-de-turistas\/#primaryimage"},"thumbnailUrl":"https:\/\/cvinoticias.com\/wp-content\/uploads\/2023\/04\/lammens_07-1024x683-1.jpg","datePublished":"2023-04-11T10:49:54+00:00","breadcrumb":{"@id":"https:\/\/cvinoticias.com\/v3\/lammens-observa-una-oportunidad-para-que-argentina-reciba-en-2023-una-avalancha-de-turistas\/#breadcrumb"},"inLanguage":"es","potentialAction":[{"@type":"ReadAction","target":["https:\/\/cvinoticias.com\/v3\/lammens-observa-una-oportunidad-para-que-argentina-reciba-en-2023-una-avalancha-de-turistas\/"]}]},{"@type":"ImageObject","inLanguage":"es","@id":"https:\/\/cvinoticias.com\/v3\/lammens-observa-una-oportunidad-para-que-argentina-reciba-en-2023-una-avalancha-de-turistas\/#primaryimage","url":"https:\/\/cvinoticias.com\/wp-content\/uploads\/2023\/04\/lammens_07-1024x683-1.jpg","contentUrl":"https:\/\/cvinoticias.com\/wp-content\/uploads\/2023\/04\/lammens_07-1024x683-1.jpg","width":1024,"height":683},{"@type":"BreadcrumbList","@id":"https:\/\/cvinoticias.com\/v3\/lammens-observa-una-oportunidad-para-que-argentina-reciba-en-2023-una-avalancha-de-turistas\/#breadcrumb","itemListElement":[{"@type":"ListItem","position":1,"name":"Portada","item":"https:\/\/cvinoticias.com\/v3\/"},{"@type":"ListItem","position":2,"name":"Lammens observa una \u201coportunidad\u201d para que Argentina reciba en 2023 \u201cuna avalancha de turistas\u201d"}]},{"@type":"WebSite","@id":"https:\/\/cvinoticias.com\/v3\/#website","url":"https:\/\/cvinoticias.com\/v3\/","name":"CVI NOTICIAS","description":"","publisher":{"@id":"https:\/\/cvinoticias.com\/v3\/#organization"},"alternateName":"CVI","potentialAction":[{"@type":"SearchAction","target":{"@type":"EntryPoint","urlTemplate":"https:\/\/cvinoticias.com\/v3\/?s={search_term_string}"},"query-input":{"@type":"PropertyValueSpecification","valueRequired":true,"valueName":"search_term_string"}}],"inLanguage":"es"},{"@type":"Organization","@id":"https:\/\/cvinoticias.com\/v3\/#organization","name":"CVI NOTICIAS","url":"https:\/\/cvinoticias.com\/v3\/","logo":{"@type":"ImageObject","inLanguage":"es","@id":"https:\/\/cvinoticias.com\/v3\/#\/schema\/logo\/image\/","url":"https:\/\/cvinoticias.com\/wp-content\/uploads\/2023\/04\/cropped-cropped-cropped-cropped-cropped-3-1.png","contentUrl":"https:\/\/cvinoticias.com\/wp-content\/uploads\/2023\/04\/cropped-cropped-cropped-cropped-cropped-3-1.png","width":95,"height":122,"caption":"CVI NOTICIAS"},"image":{"@id":"https:\/\/cvinoticias.com\/v3\/#\/schema\/logo\/image\/"},"sameAs":["https:\/\/www.facebook.com\/cvinoticias","https:\/\/www.instagram.com\/cvinoticias\/","https:\/\/www.youtube.com\/@CVINOTICIAS"]},{"@type":"Person","@id":"https:\/\/cvinoticias.com\/v3\/#\/schema\/person\/2db77e3c6bc03c538495d7b2b8be9b66","name":"f1000024","image":{"@type":"ImageObject","inLanguage":"es","@id":"https:\/\/secure.gravatar.com\/avatar\/d4fe7459cfc51ff5129ce1a732bbef5928568b8092d412ef95611616376bbeed?s=96&d=mm&r=g","url":"https:\/\/secure.gravatar.com\/avatar\/d4fe7459cfc51ff5129ce1a732bbef5928568b8092d412ef95611616376bbeed?s=96&d=mm&r=g","contentUrl":"https:\/\/secure.gravatar.com\/avatar\/d4fe7459cfc51ff5129ce1a732bbef5928568b8092d412ef95611616376bbeed?s=96&d=mm&r=g","caption":"f1000024"},"url":"https:\/\/cvinoticias.com\/v3\/author\/f1000024\/"}]}},"_links":{"self":[{"href":"https:\/\/cvinoticias.com\/v3\/wp-json\/wp\/v2\/posts\/23957","targetHints":{"allow":["GET"]}}],"collection":[{"href":"https:\/\/cvinoticias.com\/v3\/wp-json\/wp\/v2\/posts"}],"about":[{"href":"https:\/\/cvinoticias.com\/v3\/wp-json\/wp\/v2\/types\/post"}],"author":[{"embeddable":true,"href":"https:\/\/cvinoticias.com\/v3\/wp-json\/wp\/v2\/users\/2"}],"replies":[{"embeddable":true,"href":"https:\/\/cvinoticias.com\/v3\/wp-json\/wp\/v2\/comments?post=23957"}],"version-history":[{"count":1,"href":"https:\/\/cvinoticias.com\/v3\/wp-json\/wp\/v2\/posts\/23957\/revisions"}],"predecessor-version":[{"id":23959,"href":"https:\/\/cvinoticias.com\/v3\/wp-json\/wp\/v2\/posts\/23957\/revisions\/23959"}],"wp:featuredmedia":[{"embeddable":true,"href":"https:\/\/cvinoticias.com\/v3\/wp-json\/wp\/v2\/media\/23958"}],"wp:attachment":[{"href":"https:\/\/cvinoticias.com\/v3\/wp-json\/wp\/v2\/media?parent=23957"}],"wp:term":[{"taxonomy":"category","embeddable":true,"href":"https:\/\/cvinoticias.com\/v3\/wp-json\/wp\/v2\/categories?post=23957"},{"taxonomy":"post_tag","embeddable":true,"href":"https:\/\/cvinoticias.com\/v3\/wp-json\/wp\/v2\/tags?post=23957"}],"curies":[{"name":"wp","href":"https:\/\/api.w.org\/{rel}","templated":true}]}}