{"id":23935,"date":"2023-04-10T11:37:17","date_gmt":"2023-04-10T11:37:17","guid":{"rendered":"https:\/\/cvinoticias.com\/v3\/?p=23935"},"modified":"2023-04-10T11:37:17","modified_gmt":"2023-04-10T11:37:17","slug":"una-pareja-que-circulaba-en-una-camioneta-junto-a-cuatro-ninos-fue-demorada-en-san-luis-luego-de-que-se-negara-a-identificarse-ante-la-policia-local","status":"publish","type":"post","link":"https:\/\/cvinoticias.com\/v3\/una-pareja-que-circulaba-en-una-camioneta-junto-a-cuatro-ninos-fue-demorada-en-san-luis-luego-de-que-se-negara-a-identificarse-ante-la-policia-local\/","title":{"rendered":"Una pareja que circulaba en una camioneta junto a cuatro ni\u00f1os fue demorada en San Luis luego de que se negara a identificarse ante la Polic\u00eda local."},"content":{"rendered":"\n<p><strong><em>Ante la posibilidad de la existencia de alg\u00fan delito, la Justicia Federal dict\u00f3 medidas de protecci\u00f3n para los menores de 11, 8, 5 y 2 a\u00f1os, mientras se intentaba establecer la identidad de la supuesta familia.<\/em><\/strong><\/p>\n\n\n\n<p>Los mayores dijeron ser \u201cciudadanos del mundo\u201d y miembros de un grupo que no reconoce las leyes nacionales ni internacionales ni los l\u00edmites territoriales.<\/p>\n\n\n\n<p>Ya hab\u00edan intentado pasar hacia Chile desde Mendoza con la misma documentaci\u00f3n que les secuestraron en San Luis. Tambi\u00e9n utilizaron una maniobra similar en Salta, desde donde pretend\u00edan ingresar a Bolivia.<\/p>\n\n\n\n<p>Seg\u00fan se public\u00f3 en diarios digitales, la familia ingres\u00f3 a San Luis el lunes a la siesta por el Puesto Lim\u00edtrofe N\u00b0 11 de Las Palomas, en el norte provincial en una camioneta Honda CRV gris. En ese control policial exhibieron una especie de identificaci\u00f3n que dej\u00f3 at\u00f3nitos a los efectivos: \u201cUniversal Pass (pase universal) CESTUI QUE VIE 2022\u201d.<\/p>\n\n\n\n<p>\u201cMe considero un ser vivo autodeterminado\u201d, les contest\u00f3 el conductor a los agentes que le pidieron que se identificara. Luego explic\u00f3 que viajaban desde la zona de Mediolaza (C\u00f3rdoba) rumbo a la localidad puntana de Villa Praga.<\/p>\n\n\n\n<p>El hombre asegur\u00f3 no tener DNI, pasaporte, ni ning\u00fan otro tipo de documentaci\u00f3n de curso legal en el pa\u00eds. En la misma situaci\u00f3n se encontraban la mujer y los cuatro ni\u00f1os.<\/p>\n\n\n\n<p>Adem\u00e1s, la matr\u00edcula de la camioneta en la que se trasladaban no existe (UCC-1-308) y dec\u00eda \u201cPropiedad privada\u201d. La familia aclar\u00f3 que la patente original, emitida en Chile, fue dada de baja y que el veh\u00edculo era una \u201cterranave\u201d.<\/p>\n\n\n\n<p>Ante la ins\u00f3lita situaci\u00f3n, la fiscal adjunta Silvina Arg\u00fcello orden\u00f3 ese mismo lunes, aproximadamente a las 18, que la pareja y los ni\u00f1os fueran trasladados a la dependencia de Los Cajones.<\/p>\n\n\n\n<p>\u201cEn un primer momento intervino la Polic\u00eda provincial, pero ante la posible comisi\u00f3n de delitos de orden y competencia federal nos pasaron la competencia a nosotros\u201d, explic\u00f3 el juez federal de Villa Mercedes, Carlos Nacul, al medio puntano.<\/p>\n\n\n\n<p>\u201cNo sabemos qui\u00e9nes son, de d\u00f3nde vienen ni a d\u00f3nde van. Pero nuestra preocupaci\u00f3n, m\u00e1s all\u00e1 de la falta de identificaci\u00f3n y de colaboraci\u00f3n de los adultos, es la situaci\u00f3n de los menores\u201d, agreg\u00f3 el magistrado, que le corri\u00f3 vista al fiscal federal de San Luis, Cristian Rachid, quien dispuso una audiencia que se celebr\u00f3 el mi\u00e9rcoles a la ma\u00f1ana.<\/p>\n\n\n\n<p>Tras la audiencia, el juez cont\u00f3 que la pareja, que se identific\u00f3 como Sergio y An, no reconoci\u00f3 a ninguna autoridad, se levant\u00f3 y retir\u00f3 de la sala en la que estaban.<\/p>\n\n\n\n<p>Seg\u00fan manifestaron los medios informativos la mujer interrumpi\u00f3 a las autoridades federales durante toda la audiencia y que el hombre se limit\u00f3 a filmar un video que luego fue subido a Facebook por una usuaria identificada como Patricia Funes, con domicilio en San Rafael.<\/p>\n\n\n\n<p>Los magistrados ordenaron que se les extraigan las huellas dactilares a la pareja de \u201cmanera compulsiva\u201d para definir sus identidades, y que los cuatro ni\u00f1os quedaran bajo el resguardo de la Justicia provincial.<\/p>\n\n\n\n<p>Finalmente, este jueves Funes se\u00f1al\u00f3 a trav\u00e9s de su cuenta en Facebook que la pareja fue liberada. Y ante la consulta de una usuaria por la negativa a llevar documentos oficiales, respondi\u00f3: \u201cEl DNI es un fideicomiso del Estado y no suyo. Identificarse con esa ficci\u00f3n la hace responsable de responsabilidades del Estado\u201d.<\/p>\n","protected":false},"excerpt":{"rendered":"<p>Ante la posibilidad de la existencia de alg\u00fan delito, la Justicia Federal dict\u00f3 medidas de protecci\u00f3n para los menores de 11, 8, 5 y 2 a\u00f1os, mientras se intentaba establecer la identidad de la supuesta familia. Los mayores dijeron ser \u201cciudadanos del mundo\u201d y miembros de un grupo que no reconoce las leyes nacionales ni [&hellip;]<\/p>\n","protected":false},"author":2,"featured_media":23936,"comment_status":"open","ping_status":"open","sticky":false,"template":"","format":"standard","meta":{"footnotes":""},"categories":[39],"tags":[],"class_list":["post-23935","post","type-post","status-publish","format-standard","has-post-thumbnail","hentry","category-nacionales"],"yoast_head":"<!-- This site is optimized with the Yoast SEO plugin v27.5 - https:\/\/yoast.com\/product\/yoast-seo-wordpress\/ -->\n<title>Una pareja que circulaba en una camioneta junto a cuatro ni\u00f1os fue demorada en San Luis luego de que se negara a identificarse ante la Polic\u00eda local. | CVI NOTICIAS<\/title>\n<meta name=\"robots\" content=\"index, follow, max-snippet:-1, max-image-preview:large, max-video-preview:-1\" \/>\n<link rel=\"canonical\" href=\"https:\/\/cvinoticias.com\/v3\/una-pareja-que-circulaba-en-una-camioneta-junto-a-cuatro-ninos-fue-demorada-en-san-luis-luego-de-que-se-negara-a-identificarse-ante-la-policia-local\/\" \/>\n<meta property=\"og:locale\" content=\"es_ES\" \/>\n<meta property=\"og:type\" content=\"article\" \/>\n<meta property=\"og:title\" content=\"Una pareja que circulaba en una camioneta junto a cuatro ni\u00f1os fue demorada en San Luis luego de que se negara a identificarse ante la Polic\u00eda local. | CVI NOTICIAS\" \/>\n<meta property=\"og:description\" content=\"Ante la posibilidad de la existencia de alg\u00fan delito, la Justicia Federal dict\u00f3 medidas de protecci\u00f3n para los menores de 11, 8, 5 y 2 a\u00f1os, mientras se intentaba establecer la identidad de la supuesta familia. Los mayores dijeron ser \u201cciudadanos del mundo\u201d y miembros de un grupo que no reconoce las leyes nacionales ni [&hellip;]\" \/>\n<meta property=\"og:url\" content=\"https:\/\/cvinoticias.com\/v3\/una-pareja-que-circulaba-en-una-camioneta-junto-a-cuatro-ninos-fue-demorada-en-san-luis-luego-de-que-se-negara-a-identificarse-ante-la-policia-local\/\" \/>\n<meta property=\"og:site_name\" content=\"CVI NOTICIAS\" \/>\n<meta property=\"article:publisher\" content=\"https:\/\/www.facebook.com\/cvinoticias\" \/>\n<meta property=\"article:published_time\" content=\"2023-04-10T11:37:17+00:00\" \/>\n<meta property=\"og:image\" content=\"https:\/\/cvinoticias.com\/wp-content\/uploads\/2023\/04\/San-Luis-2.jpg\" \/>\n\t<meta property=\"og:image:width\" content=\"633\" \/>\n\t<meta property=\"og:image:height\" content=\"360\" \/>\n\t<meta property=\"og:image:type\" content=\"image\/jpeg\" \/>\n<meta name=\"author\" content=\"f1000024\" \/>\n<meta name=\"twitter:card\" content=\"summary_large_image\" \/>\n<meta name=\"twitter:label1\" content=\"Escrito por\" \/>\n\t<meta name=\"twitter:data1\" content=\"f1000024\" \/>\n\t<meta name=\"twitter:label2\" content=\"Tiempo de lectura\" \/>\n\t<meta name=\"twitter:data2\" content=\"3 minutos\" \/>\n<script type=\"application\/ld+json\" class=\"yoast-schema-graph\">{\"@context\":\"https:\\\/\\\/schema.org\",\"@graph\":[{\"@type\":\"Article\",\"@id\":\"https:\\\/\\\/cvinoticias.com\\\/v3\\\/una-pareja-que-circulaba-en-una-camioneta-junto-a-cuatro-ninos-fue-demorada-en-san-luis-luego-de-que-se-negara-a-identificarse-ante-la-policia-local\\\/#article\",\"isPartOf\":{\"@id\":\"https:\\\/\\\/cvinoticias.com\\\/v3\\\/una-pareja-que-circulaba-en-una-camioneta-junto-a-cuatro-ninos-fue-demorada-en-san-luis-luego-de-que-se-negara-a-identificarse-ante-la-policia-local\\\/\"},\"author\":{\"name\":\"f1000024\",\"@id\":\"https:\\\/\\\/cvinoticias.com\\\/v3\\\/#\\\/schema\\\/person\\\/2db77e3c6bc03c538495d7b2b8be9b66\"},\"headline\":\"Una pareja que circulaba en una camioneta junto a cuatro ni\u00f1os fue demorada en San Luis luego de que se negara a identificarse ante la Polic\u00eda local.\",\"datePublished\":\"2023-04-10T11:37:17+00:00\",\"mainEntityOfPage\":{\"@id\":\"https:\\\/\\\/cvinoticias.com\\\/v3\\\/una-pareja-que-circulaba-en-una-camioneta-junto-a-cuatro-ninos-fue-demorada-en-san-luis-luego-de-que-se-negara-a-identificarse-ante-la-policia-local\\\/\"},\"wordCount\":614,\"commentCount\":0,\"publisher\":{\"@id\":\"https:\\\/\\\/cvinoticias.com\\\/v3\\\/#organization\"},\"image\":{\"@id\":\"https:\\\/\\\/cvinoticias.com\\\/v3\\\/una-pareja-que-circulaba-en-una-camioneta-junto-a-cuatro-ninos-fue-demorada-en-san-luis-luego-de-que-se-negara-a-identificarse-ante-la-policia-local\\\/#primaryimage\"},\"thumbnailUrl\":\"https:\\\/\\\/cvinoticias.com\\\/wp-content\\\/uploads\\\/2023\\\/04\\\/San-Luis-2.jpg\",\"articleSection\":[\"Nacionales\"],\"inLanguage\":\"es\",\"potentialAction\":[{\"@type\":\"CommentAction\",\"name\":\"Comment\",\"target\":[\"https:\\\/\\\/cvinoticias.com\\\/v3\\\/una-pareja-que-circulaba-en-una-camioneta-junto-a-cuatro-ninos-fue-demorada-en-san-luis-luego-de-que-se-negara-a-identificarse-ante-la-policia-local\\\/#respond\"]}]},{\"@type\":\"WebPage\",\"@id\":\"https:\\\/\\\/cvinoticias.com\\\/v3\\\/una-pareja-que-circulaba-en-una-camioneta-junto-a-cuatro-ninos-fue-demorada-en-san-luis-luego-de-que-se-negara-a-identificarse-ante-la-policia-local\\\/\",\"url\":\"https:\\\/\\\/cvinoticias.com\\\/v3\\\/una-pareja-que-circulaba-en-una-camioneta-junto-a-cuatro-ninos-fue-demorada-en-san-luis-luego-de-que-se-negara-a-identificarse-ante-la-policia-local\\\/\",\"name\":\"Una pareja que circulaba en una camioneta junto a cuatro ni\u00f1os fue demorada en San Luis luego de que se negara a identificarse ante la Polic\u00eda local. | CVI NOTICIAS\",\"isPartOf\":{\"@id\":\"https:\\\/\\\/cvinoticias.com\\\/v3\\\/#website\"},\"primaryImageOfPage\":{\"@id\":\"https:\\\/\\\/cvinoticias.com\\\/v3\\\/una-pareja-que-circulaba-en-una-camioneta-junto-a-cuatro-ninos-fue-demorada-en-san-luis-luego-de-que-se-negara-a-identificarse-ante-la-policia-local\\\/#primaryimage\"},\"image\":{\"@id\":\"https:\\\/\\\/cvinoticias.com\\\/v3\\\/una-pareja-que-circulaba-en-una-camioneta-junto-a-cuatro-ninos-fue-demorada-en-san-luis-luego-de-que-se-negara-a-identificarse-ante-la-policia-local\\\/#primaryimage\"},\"thumbnailUrl\":\"https:\\\/\\\/cvinoticias.com\\\/wp-content\\\/uploads\\\/2023\\\/04\\\/San-Luis-2.jpg\",\"datePublished\":\"2023-04-10T11:37:17+00:00\",\"breadcrumb\":{\"@id\":\"https:\\\/\\\/cvinoticias.com\\\/v3\\\/una-pareja-que-circulaba-en-una-camioneta-junto-a-cuatro-ninos-fue-demorada-en-san-luis-luego-de-que-se-negara-a-identificarse-ante-la-policia-local\\\/#breadcrumb\"},\"inLanguage\":\"es\",\"potentialAction\":[{\"@type\":\"ReadAction\",\"target\":[\"https:\\\/\\\/cvinoticias.com\\\/v3\\\/una-pareja-que-circulaba-en-una-camioneta-junto-a-cuatro-ninos-fue-demorada-en-san-luis-luego-de-que-se-negara-a-identificarse-ante-la-policia-local\\\/\"]}]},{\"@type\":\"ImageObject\",\"inLanguage\":\"es\",\"@id\":\"https:\\\/\\\/cvinoticias.com\\\/v3\\\/una-pareja-que-circulaba-en-una-camioneta-junto-a-cuatro-ninos-fue-demorada-en-san-luis-luego-de-que-se-negara-a-identificarse-ante-la-policia-local\\\/#primaryimage\",\"url\":\"https:\\\/\\\/cvinoticias.com\\\/wp-content\\\/uploads\\\/2023\\\/04\\\/San-Luis-2.jpg\",\"contentUrl\":\"https:\\\/\\\/cvinoticias.com\\\/wp-content\\\/uploads\\\/2023\\\/04\\\/San-Luis-2.jpg\",\"width\":633,\"height\":360},{\"@type\":\"BreadcrumbList\",\"@id\":\"https:\\\/\\\/cvinoticias.com\\\/v3\\\/una-pareja-que-circulaba-en-una-camioneta-junto-a-cuatro-ninos-fue-demorada-en-san-luis-luego-de-que-se-negara-a-identificarse-ante-la-policia-local\\\/#breadcrumb\",\"itemListElement\":[{\"@type\":\"ListItem\",\"position\":1,\"name\":\"Portada\",\"item\":\"https:\\\/\\\/cvinoticias.com\\\/v3\\\/\"},{\"@type\":\"ListItem\",\"position\":2,\"name\":\"Una pareja que circulaba en una camioneta junto a cuatro ni\u00f1os fue demorada en San Luis luego de que se negara a identificarse ante la Polic\u00eda local.\"}]},{\"@type\":\"WebSite\",\"@id\":\"https:\\\/\\\/cvinoticias.com\\\/v3\\\/#website\",\"url\":\"https:\\\/\\\/cvinoticias.com\\\/v3\\\/\",\"name\":\"CVI NOTICIAS\",\"description\":\"\",\"publisher\":{\"@id\":\"https:\\\/\\\/cvinoticias.com\\\/v3\\\/#organization\"},\"alternateName\":\"CVI\",\"potentialAction\":[{\"@type\":\"SearchAction\",\"target\":{\"@type\":\"EntryPoint\",\"urlTemplate\":\"https:\\\/\\\/cvinoticias.com\\\/v3\\\/?s={search_term_string}\"},\"query-input\":{\"@type\":\"PropertyValueSpecification\",\"valueRequired\":true,\"valueName\":\"search_term_string\"}}],\"inLanguage\":\"es\"},{\"@type\":\"Organization\",\"@id\":\"https:\\\/\\\/cvinoticias.com\\\/v3\\\/#organization\",\"name\":\"CVI NOTICIAS\",\"url\":\"https:\\\/\\\/cvinoticias.com\\\/v3\\\/\",\"logo\":{\"@type\":\"ImageObject\",\"inLanguage\":\"es\",\"@id\":\"https:\\\/\\\/cvinoticias.com\\\/v3\\\/#\\\/schema\\\/logo\\\/image\\\/\",\"url\":\"https:\\\/\\\/cvinoticias.com\\\/wp-content\\\/uploads\\\/2023\\\/04\\\/cropped-cropped-cropped-cropped-cropped-3-1.png\",\"contentUrl\":\"https:\\\/\\\/cvinoticias.com\\\/wp-content\\\/uploads\\\/2023\\\/04\\\/cropped-cropped-cropped-cropped-cropped-3-1.png\",\"width\":95,\"height\":122,\"caption\":\"CVI NOTICIAS\"},\"image\":{\"@id\":\"https:\\\/\\\/cvinoticias.com\\\/v3\\\/#\\\/schema\\\/logo\\\/image\\\/\"},\"sameAs\":[\"https:\\\/\\\/www.facebook.com\\\/cvinoticias\",\"https:\\\/\\\/www.instagram.com\\\/cvinoticias\\\/\",\"https:\\\/\\\/www.youtube.com\\\/@CVINOTICIAS\"]},{\"@type\":\"Person\",\"@id\":\"https:\\\/\\\/cvinoticias.com\\\/v3\\\/#\\\/schema\\\/person\\\/2db77e3c6bc03c538495d7b2b8be9b66\",\"name\":\"f1000024\",\"image\":{\"@type\":\"ImageObject\",\"inLanguage\":\"es\",\"@id\":\"https:\\\/\\\/secure.gravatar.com\\\/avatar\\\/d4fe7459cfc51ff5129ce1a732bbef5928568b8092d412ef95611616376bbeed?s=96&d=mm&r=g\",\"url\":\"https:\\\/\\\/secure.gravatar.com\\\/avatar\\\/d4fe7459cfc51ff5129ce1a732bbef5928568b8092d412ef95611616376bbeed?s=96&d=mm&r=g\",\"contentUrl\":\"https:\\\/\\\/secure.gravatar.com\\\/avatar\\\/d4fe7459cfc51ff5129ce1a732bbef5928568b8092d412ef95611616376bbeed?s=96&d=mm&r=g\",\"caption\":\"f1000024\"},\"url\":\"https:\\\/\\\/cvinoticias.com\\\/v3\\\/author\\\/f1000024\\\/\"}]}<\/script>\n<!-- \/ Yoast SEO plugin. -->","yoast_head_json":{"title":"Una pareja que circulaba en una camioneta junto a cuatro ni\u00f1os fue demorada en San Luis luego de que se negara a identificarse ante la Polic\u00eda local. | CVI NOTICIAS","robots":{"index":"index","follow":"follow","max-snippet":"max-snippet:-1","max-image-preview":"max-image-preview:large","max-video-preview":"max-video-preview:-1"},"canonical":"https:\/\/cvinoticias.com\/v3\/una-pareja-que-circulaba-en-una-camioneta-junto-a-cuatro-ninos-fue-demorada-en-san-luis-luego-de-que-se-negara-a-identificarse-ante-la-policia-local\/","og_locale":"es_ES","og_type":"article","og_title":"Una pareja que circulaba en una camioneta junto a cuatro ni\u00f1os fue demorada en San Luis luego de que se negara a identificarse ante la Polic\u00eda local. | CVI NOTICIAS","og_description":"Ante la posibilidad de la existencia de alg\u00fan delito, la Justicia Federal dict\u00f3 medidas de protecci\u00f3n para los menores de 11, 8, 5 y 2 a\u00f1os, mientras se intentaba establecer la identidad de la supuesta familia. Los mayores dijeron ser \u201cciudadanos del mundo\u201d y miembros de un grupo que no reconoce las leyes nacionales ni [&hellip;]","og_url":"https:\/\/cvinoticias.com\/v3\/una-pareja-que-circulaba-en-una-camioneta-junto-a-cuatro-ninos-fue-demorada-en-san-luis-luego-de-que-se-negara-a-identificarse-ante-la-policia-local\/","og_site_name":"CVI NOTICIAS","article_publisher":"https:\/\/www.facebook.com\/cvinoticias","article_published_time":"2023-04-10T11:37:17+00:00","og_image":[{"width":633,"height":360,"url":"https:\/\/cvinoticias.com\/wp-content\/uploads\/2023\/04\/San-Luis-2.jpg","type":"image\/jpeg"}],"author":"f1000024","twitter_card":"summary_large_image","twitter_misc":{"Escrito por":"f1000024","Tiempo de lectura":"3 minutos"},"schema":{"@context":"https:\/\/schema.org","@graph":[{"@type":"Article","@id":"https:\/\/cvinoticias.com\/v3\/una-pareja-que-circulaba-en-una-camioneta-junto-a-cuatro-ninos-fue-demorada-en-san-luis-luego-de-que-se-negara-a-identificarse-ante-la-policia-local\/#article","isPartOf":{"@id":"https:\/\/cvinoticias.com\/v3\/una-pareja-que-circulaba-en-una-camioneta-junto-a-cuatro-ninos-fue-demorada-en-san-luis-luego-de-que-se-negara-a-identificarse-ante-la-policia-local\/"},"author":{"name":"f1000024","@id":"https:\/\/cvinoticias.com\/v3\/#\/schema\/person\/2db77e3c6bc03c538495d7b2b8be9b66"},"headline":"Una pareja que circulaba en una camioneta junto a cuatro ni\u00f1os fue demorada en San Luis luego de que se negara a identificarse ante la Polic\u00eda local.","datePublished":"2023-04-10T11:37:17+00:00","mainEntityOfPage":{"@id":"https:\/\/cvinoticias.com\/v3\/una-pareja-que-circulaba-en-una-camioneta-junto-a-cuatro-ninos-fue-demorada-en-san-luis-luego-de-que-se-negara-a-identificarse-ante-la-policia-local\/"},"wordCount":614,"commentCount":0,"publisher":{"@id":"https:\/\/cvinoticias.com\/v3\/#organization"},"image":{"@id":"https:\/\/cvinoticias.com\/v3\/una-pareja-que-circulaba-en-una-camioneta-junto-a-cuatro-ninos-fue-demorada-en-san-luis-luego-de-que-se-negara-a-identificarse-ante-la-policia-local\/#primaryimage"},"thumbnailUrl":"https:\/\/cvinoticias.com\/wp-content\/uploads\/2023\/04\/San-Luis-2.jpg","articleSection":["Nacionales"],"inLanguage":"es","potentialAction":[{"@type":"CommentAction","name":"Comment","target":["https:\/\/cvinoticias.com\/v3\/una-pareja-que-circulaba-en-una-camioneta-junto-a-cuatro-ninos-fue-demorada-en-san-luis-luego-de-que-se-negara-a-identificarse-ante-la-policia-local\/#respond"]}]},{"@type":"WebPage","@id":"https:\/\/cvinoticias.com\/v3\/una-pareja-que-circulaba-en-una-camioneta-junto-a-cuatro-ninos-fue-demorada-en-san-luis-luego-de-que-se-negara-a-identificarse-ante-la-policia-local\/","url":"https:\/\/cvinoticias.com\/v3\/una-pareja-que-circulaba-en-una-camioneta-junto-a-cuatro-ninos-fue-demorada-en-san-luis-luego-de-que-se-negara-a-identificarse-ante-la-policia-local\/","name":"Una pareja que circulaba en una camioneta junto a cuatro ni\u00f1os fue demorada en San Luis luego de que se negara a identificarse ante la Polic\u00eda local. | CVI NOTICIAS","isPartOf":{"@id":"https:\/\/cvinoticias.com\/v3\/#website"},"primaryImageOfPage":{"@id":"https:\/\/cvinoticias.com\/v3\/una-pareja-que-circulaba-en-una-camioneta-junto-a-cuatro-ninos-fue-demorada-en-san-luis-luego-de-que-se-negara-a-identificarse-ante-la-policia-local\/#primaryimage"},"image":{"@id":"https:\/\/cvinoticias.com\/v3\/una-pareja-que-circulaba-en-una-camioneta-junto-a-cuatro-ninos-fue-demorada-en-san-luis-luego-de-que-se-negara-a-identificarse-ante-la-policia-local\/#primaryimage"},"thumbnailUrl":"https:\/\/cvinoticias.com\/wp-content\/uploads\/2023\/04\/San-Luis-2.jpg","datePublished":"2023-04-10T11:37:17+00:00","breadcrumb":{"@id":"https:\/\/cvinoticias.com\/v3\/una-pareja-que-circulaba-en-una-camioneta-junto-a-cuatro-ninos-fue-demorada-en-san-luis-luego-de-que-se-negara-a-identificarse-ante-la-policia-local\/#breadcrumb"},"inLanguage":"es","potentialAction":[{"@type":"ReadAction","target":["https:\/\/cvinoticias.com\/v3\/una-pareja-que-circulaba-en-una-camioneta-junto-a-cuatro-ninos-fue-demorada-en-san-luis-luego-de-que-se-negara-a-identificarse-ante-la-policia-local\/"]}]},{"@type":"ImageObject","inLanguage":"es","@id":"https:\/\/cvinoticias.com\/v3\/una-pareja-que-circulaba-en-una-camioneta-junto-a-cuatro-ninos-fue-demorada-en-san-luis-luego-de-que-se-negara-a-identificarse-ante-la-policia-local\/#primaryimage","url":"https:\/\/cvinoticias.com\/wp-content\/uploads\/2023\/04\/San-Luis-2.jpg","contentUrl":"https:\/\/cvinoticias.com\/wp-content\/uploads\/2023\/04\/San-Luis-2.jpg","width":633,"height":360},{"@type":"BreadcrumbList","@id":"https:\/\/cvinoticias.com\/v3\/una-pareja-que-circulaba-en-una-camioneta-junto-a-cuatro-ninos-fue-demorada-en-san-luis-luego-de-que-se-negara-a-identificarse-ante-la-policia-local\/#breadcrumb","itemListElement":[{"@type":"ListItem","position":1,"name":"Portada","item":"https:\/\/cvinoticias.com\/v3\/"},{"@type":"ListItem","position":2,"name":"Una pareja que circulaba en una camioneta junto a cuatro ni\u00f1os fue demorada en San Luis luego de que se negara a identificarse ante la Polic\u00eda local."}]},{"@type":"WebSite","@id":"https:\/\/cvinoticias.com\/v3\/#website","url":"https:\/\/cvinoticias.com\/v3\/","name":"CVI NOTICIAS","description":"","publisher":{"@id":"https:\/\/cvinoticias.com\/v3\/#organization"},"alternateName":"CVI","potentialAction":[{"@type":"SearchAction","target":{"@type":"EntryPoint","urlTemplate":"https:\/\/cvinoticias.com\/v3\/?s={search_term_string}"},"query-input":{"@type":"PropertyValueSpecification","valueRequired":true,"valueName":"search_term_string"}}],"inLanguage":"es"},{"@type":"Organization","@id":"https:\/\/cvinoticias.com\/v3\/#organization","name":"CVI NOTICIAS","url":"https:\/\/cvinoticias.com\/v3\/","logo":{"@type":"ImageObject","inLanguage":"es","@id":"https:\/\/cvinoticias.com\/v3\/#\/schema\/logo\/image\/","url":"https:\/\/cvinoticias.com\/wp-content\/uploads\/2023\/04\/cropped-cropped-cropped-cropped-cropped-3-1.png","contentUrl":"https:\/\/cvinoticias.com\/wp-content\/uploads\/2023\/04\/cropped-cropped-cropped-cropped-cropped-3-1.png","width":95,"height":122,"caption":"CVI NOTICIAS"},"image":{"@id":"https:\/\/cvinoticias.com\/v3\/#\/schema\/logo\/image\/"},"sameAs":["https:\/\/www.facebook.com\/cvinoticias","https:\/\/www.instagram.com\/cvinoticias\/","https:\/\/www.youtube.com\/@CVINOTICIAS"]},{"@type":"Person","@id":"https:\/\/cvinoticias.com\/v3\/#\/schema\/person\/2db77e3c6bc03c538495d7b2b8be9b66","name":"f1000024","image":{"@type":"ImageObject","inLanguage":"es","@id":"https:\/\/secure.gravatar.com\/avatar\/d4fe7459cfc51ff5129ce1a732bbef5928568b8092d412ef95611616376bbeed?s=96&d=mm&r=g","url":"https:\/\/secure.gravatar.com\/avatar\/d4fe7459cfc51ff5129ce1a732bbef5928568b8092d412ef95611616376bbeed?s=96&d=mm&r=g","contentUrl":"https:\/\/secure.gravatar.com\/avatar\/d4fe7459cfc51ff5129ce1a732bbef5928568b8092d412ef95611616376bbeed?s=96&d=mm&r=g","caption":"f1000024"},"url":"https:\/\/cvinoticias.com\/v3\/author\/f1000024\/"}]}},"_links":{"self":[{"href":"https:\/\/cvinoticias.com\/v3\/wp-json\/wp\/v2\/posts\/23935","targetHints":{"allow":["GET"]}}],"collection":[{"href":"https:\/\/cvinoticias.com\/v3\/wp-json\/wp\/v2\/posts"}],"about":[{"href":"https:\/\/cvinoticias.com\/v3\/wp-json\/wp\/v2\/types\/post"}],"author":[{"embeddable":true,"href":"https:\/\/cvinoticias.com\/v3\/wp-json\/wp\/v2\/users\/2"}],"replies":[{"embeddable":true,"href":"https:\/\/cvinoticias.com\/v3\/wp-json\/wp\/v2\/comments?post=23935"}],"version-history":[{"count":1,"href":"https:\/\/cvinoticias.com\/v3\/wp-json\/wp\/v2\/posts\/23935\/revisions"}],"predecessor-version":[{"id":23937,"href":"https:\/\/cvinoticias.com\/v3\/wp-json\/wp\/v2\/posts\/23935\/revisions\/23937"}],"wp:featuredmedia":[{"embeddable":true,"href":"https:\/\/cvinoticias.com\/v3\/wp-json\/wp\/v2\/media\/23936"}],"wp:attachment":[{"href":"https:\/\/cvinoticias.com\/v3\/wp-json\/wp\/v2\/media?parent=23935"}],"wp:term":[{"taxonomy":"category","embeddable":true,"href":"https:\/\/cvinoticias.com\/v3\/wp-json\/wp\/v2\/categories?post=23935"},{"taxonomy":"post_tag","embeddable":true,"href":"https:\/\/cvinoticias.com\/v3\/wp-json\/wp\/v2\/tags?post=23935"}],"curies":[{"name":"wp","href":"https:\/\/api.w.org\/{rel}","templated":true}]}}