{"id":23932,"date":"2023-04-10T11:25:07","date_gmt":"2023-04-10T11:25:07","guid":{"rendered":"https:\/\/cvinoticias.com\/v3\/?p=23932"},"modified":"2023-04-10T11:25:07","modified_gmt":"2023-04-10T11:25:07","slug":"oficializaron-el-dolar-agro-y-los-beneficios-para-los-productores-afectados-por-la-sequia","status":"publish","type":"post","link":"https:\/\/cvinoticias.com\/v3\/oficializaron-el-dolar-agro-y-los-beneficios-para-los-productores-afectados-por-la-sequia\/","title":{"rendered":"Oficializaron el d\u00f3lar agro y los beneficios para los productores afectados por la sequ\u00eda"},"content":{"rendered":"\n<p><strong><em>El Gobierno formaliz\u00f3 hoy en el Bolet\u00edn Oficial, a trav\u00e9s del decreto 194\/2023, el d\u00f3lar agro, que tendr\u00e1 un tipo de cambio a $300 para la soja y productos de econom\u00edas regionales. Para el primer sector regir\u00e1 hasta el 31 de mayo pr\u00f3ximo. En tanto, para el segundo lo ser\u00e1 hasta el 31 de agosto.<\/em><\/strong><\/p>\n\n\n\n<p>Ese anexo habla de varios productos del complejo soja, incluyendo el grano, el aceite, la harina y el biodi\u00e9sel. Por las versiones I y II del d\u00f3lar soja, el Gobierno logr\u00f3 que ingresaran v\u00eda la exportaci\u00f3n unos US$11.000 millones. Ahora, con la oleaginosa la previsi\u00f3n es recaudar unos US$5000 millones. A este monto se agregar\u00edan otros US$3500 a 4000 millones con las econom\u00edas regionales.<\/p>\n\n\n\n<p>Por otro lado, mediante el decreto 193\/2023, el Ejecutivo nacional oficializ\u00f3 gozar\u00e1n los productores que se encuentran en zonas declaradas en emergencia o desastre agropecuario por sequ\u00eda.<\/p>\n\n\n\n<p>En este camino, los productores \u201cobtendr\u00e1n, autom\u00e1ticamente\u201d, los siguientes beneficios:<\/p>\n\n\n\n<p>\u201cSuspensi\u00f3n hasta el pr\u00f3ximo ciclo productivo despu\u00e9s de finalizado el per\u00edodo de emergencia y\/o desastre agropecuario por sequ\u00eda, de la iniciaci\u00f3n de juicios de ejecuci\u00f3n fiscal y traba de medidas cautelares, en los t\u00e9rminos del art\u00edculo 23 de la Ley N\u00b0 26.509 y sus modificatorias. Por el mismo per\u00edodo quedar\u00e1 suspendido el curso de los t\u00e9rminos procesales, de la prescripci\u00f3n y de la caducidad de instancia\u201d.<\/p>\n\n\n\n<p>En este punto se menciona que las ejecuciones fiscales por el cobro de impuestos adeudados iniciadas con posterioridad al 1\u00b0 de febrero de 2023 inclusive, \u201cy con anterioridad a la fecha de entrada en vigencia del presente decreto\u201d, ser\u00e1n suspendidas por el plazo indicado en el p\u00e1rrafo anterior.<\/p>\n\n\n\n<p>\u201cSi en el marco de dichos procesos se hubieran trabado embargos sobre fondos y\/o valores de cualquier naturaleza depositados en cuentas bancarias, no bancarias o de pago, o se hubiera efectivizado la intervenci\u00f3n judicial de caja, el representante de la Administraci\u00f3n Federal de Ingresos P\u00fablicos deber\u00e1 arbitrar los medios pertinentes para el levantamiento de la respectiva medida cautelar, sin transferencia de las sumas efectivamente incautadas, las que quedar\u00e1n a disposici\u00f3n del contribuyente\u201d, se consigna en este punto.<\/p>\n\n\n\n<p>\u201dSuspensi\u00f3n, hasta la finalizaci\u00f3n del ciclo productivo siguiente a aquel en que concluya el estado de emergencia y\/o desastre agropecuario, del ingreso de los anticipos correspondientes a los impuestos a las ganancias y\/o sobre los bienes personales y\/o del fondo para la educaci\u00f3n y promoci\u00f3n cooperativa,cuyos vencimientos hubieran sido fijados entre el 1\u00b0 de febrero de 2023, inclusive, y la fecha de finalizaci\u00f3n del per\u00edodo de vigencia del citado estado de emergencia y\/o desastre\u201d.\u201cDiferimiento hasta la finalizaci\u00f3n del ciclo productivo siguiente a aquel en que concluya el estado de emergencia y\/o desastre agropecuario por sequ\u00eda, del vencimiento de las obligaciones de pago de declaraciones juradas alcanzadas por el estado de que se trata, correspondientes a los impuestos a las ganancias -excluido el impuesto cedular previsto en el Cap\u00edtulo II del T\u00edtulo IV de la Ley de Impuesto a las Ganancias, texto ordenado en 2019 y sus modificatorias- y\/o sobre los bienes personales y\/o fondo para educaci\u00f3n y promoci\u00f3n cooperativa\u201d.<\/p>\n\n\n\n<p>Entre otras cosas, se aclar\u00f3 que \u201cno se encuentran comprendidas por los beneficios previstos en este art\u00edculo, las obligaciones impositivas respecto de las cuales los contribuyentes act\u00faen en car\u00e1cter de responsable sustituto\u201d.<\/p>\n\n\n\n<p>Seg\u00fan el decreto, se podr\u00e1 deducir en el balance impositivo del impuesto a las ganancias el 100% de los beneficios derivados de la venta forzosa de hacienda bovina, ovina, caprina o porcina.<\/p>\n\n\n\n<p>Por otra parte, el decreto ordena a la AFIP que instrumente y otorgue un plan de facilidades de pago de hasta 48 cuotas mensuales, iguales y consecutivas \u201caplicable para la cancelaci\u00f3n, total o parcial, de todos los tributos y de los recursos de la seguridad social, incluyendo sus intereses, multas y dem\u00e1s sanciones, que est\u00e9n a cargo del citado organismo, vencidos hasta el 31 de marzo de 2023, inclusive\u201d.<\/p>\n","protected":false},"excerpt":{"rendered":"<p>El Gobierno formaliz\u00f3 hoy en el Bolet\u00edn Oficial, a trav\u00e9s del decreto 194\/2023, el d\u00f3lar agro, que tendr\u00e1 un tipo de cambio a $300 para la soja y productos de econom\u00edas regionales. Para el primer sector regir\u00e1 hasta el 31 de mayo pr\u00f3ximo. En tanto, para el segundo lo ser\u00e1 hasta el 31 de agosto. [&hellip;]<\/p>\n","protected":false},"author":2,"featured_media":23933,"comment_status":"open","ping_status":"open","sticky":false,"template":"","format":"standard","meta":{"footnotes":""},"categories":[32],"tags":[],"class_list":["post-23932","post","type-post","status-publish","format-standard","has-post-thumbnail","hentry","category-economia"],"yoast_head":"<!-- This site is optimized with the Yoast SEO plugin v27.5 - https:\/\/yoast.com\/product\/yoast-seo-wordpress\/ -->\n<title>Oficializaron el d\u00f3lar agro y los beneficios para los productores afectados por la sequ\u00eda | CVI NOTICIAS<\/title>\n<meta name=\"robots\" content=\"index, follow, max-snippet:-1, max-image-preview:large, max-video-preview:-1\" \/>\n<link rel=\"canonical\" href=\"https:\/\/cvinoticias.com\/v3\/oficializaron-el-dolar-agro-y-los-beneficios-para-los-productores-afectados-por-la-sequia\/\" \/>\n<meta property=\"og:locale\" content=\"es_ES\" \/>\n<meta property=\"og:type\" content=\"article\" \/>\n<meta property=\"og:title\" content=\"Oficializaron el d\u00f3lar agro y los beneficios para los productores afectados por la sequ\u00eda | CVI NOTICIAS\" \/>\n<meta property=\"og:description\" content=\"El Gobierno formaliz\u00f3 hoy en el Bolet\u00edn Oficial, a trav\u00e9s del decreto 194\/2023, el d\u00f3lar agro, que tendr\u00e1 un tipo de cambio a $300 para la soja y productos de econom\u00edas regionales. Para el primer sector regir\u00e1 hasta el 31 de mayo pr\u00f3ximo. En tanto, para el segundo lo ser\u00e1 hasta el 31 de agosto. [&hellip;]\" \/>\n<meta property=\"og:url\" content=\"https:\/\/cvinoticias.com\/v3\/oficializaron-el-dolar-agro-y-los-beneficios-para-los-productores-afectados-por-la-sequia\/\" \/>\n<meta property=\"og:site_name\" content=\"CVI NOTICIAS\" \/>\n<meta property=\"article:publisher\" content=\"https:\/\/www.facebook.com\/cvinoticias\" \/>\n<meta property=\"article:published_time\" content=\"2023-04-10T11:25:07+00:00\" \/>\n<meta property=\"og:image\" content=\"https:\/\/cvinoticias.com\/wp-content\/uploads\/2023\/04\/dolar-soja-650x405-1-1.jpg\" \/>\n\t<meta property=\"og:image:width\" content=\"650\" \/>\n\t<meta property=\"og:image:height\" content=\"405\" \/>\n\t<meta property=\"og:image:type\" content=\"image\/jpeg\" \/>\n<meta name=\"author\" content=\"f1000024\" \/>\n<meta name=\"twitter:card\" content=\"summary_large_image\" \/>\n<meta name=\"twitter:label1\" content=\"Escrito por\" \/>\n\t<meta name=\"twitter:data1\" content=\"f1000024\" \/>\n\t<meta name=\"twitter:label2\" content=\"Tiempo de lectura\" \/>\n\t<meta name=\"twitter:data2\" content=\"3 minutos\" \/>\n<script type=\"application\/ld+json\" class=\"yoast-schema-graph\">{\"@context\":\"https:\\\/\\\/schema.org\",\"@graph\":[{\"@type\":\"Article\",\"@id\":\"https:\\\/\\\/cvinoticias.com\\\/v3\\\/oficializaron-el-dolar-agro-y-los-beneficios-para-los-productores-afectados-por-la-sequia\\\/#article\",\"isPartOf\":{\"@id\":\"https:\\\/\\\/cvinoticias.com\\\/v3\\\/oficializaron-el-dolar-agro-y-los-beneficios-para-los-productores-afectados-por-la-sequia\\\/\"},\"author\":{\"name\":\"f1000024\",\"@id\":\"https:\\\/\\\/cvinoticias.com\\\/v3\\\/#\\\/schema\\\/person\\\/2db77e3c6bc03c538495d7b2b8be9b66\"},\"headline\":\"Oficializaron el d\u00f3lar agro y los beneficios para los productores afectados por la sequ\u00eda\",\"datePublished\":\"2023-04-10T11:25:07+00:00\",\"mainEntityOfPage\":{\"@id\":\"https:\\\/\\\/cvinoticias.com\\\/v3\\\/oficializaron-el-dolar-agro-y-los-beneficios-para-los-productores-afectados-por-la-sequia\\\/\"},\"wordCount\":703,\"commentCount\":0,\"publisher\":{\"@id\":\"https:\\\/\\\/cvinoticias.com\\\/v3\\\/#organization\"},\"image\":{\"@id\":\"https:\\\/\\\/cvinoticias.com\\\/v3\\\/oficializaron-el-dolar-agro-y-los-beneficios-para-los-productores-afectados-por-la-sequia\\\/#primaryimage\"},\"thumbnailUrl\":\"https:\\\/\\\/cvinoticias.com\\\/wp-content\\\/uploads\\\/2023\\\/04\\\/dolar-soja-650x405-1-1.jpg\",\"articleSection\":[\"Econom\u00eda\"],\"inLanguage\":\"es\",\"potentialAction\":[{\"@type\":\"CommentAction\",\"name\":\"Comment\",\"target\":[\"https:\\\/\\\/cvinoticias.com\\\/v3\\\/oficializaron-el-dolar-agro-y-los-beneficios-para-los-productores-afectados-por-la-sequia\\\/#respond\"]}]},{\"@type\":\"WebPage\",\"@id\":\"https:\\\/\\\/cvinoticias.com\\\/v3\\\/oficializaron-el-dolar-agro-y-los-beneficios-para-los-productores-afectados-por-la-sequia\\\/\",\"url\":\"https:\\\/\\\/cvinoticias.com\\\/v3\\\/oficializaron-el-dolar-agro-y-los-beneficios-para-los-productores-afectados-por-la-sequia\\\/\",\"name\":\"Oficializaron el d\u00f3lar agro y los beneficios para los productores afectados por la sequ\u00eda | CVI NOTICIAS\",\"isPartOf\":{\"@id\":\"https:\\\/\\\/cvinoticias.com\\\/v3\\\/#website\"},\"primaryImageOfPage\":{\"@id\":\"https:\\\/\\\/cvinoticias.com\\\/v3\\\/oficializaron-el-dolar-agro-y-los-beneficios-para-los-productores-afectados-por-la-sequia\\\/#primaryimage\"},\"image\":{\"@id\":\"https:\\\/\\\/cvinoticias.com\\\/v3\\\/oficializaron-el-dolar-agro-y-los-beneficios-para-los-productores-afectados-por-la-sequia\\\/#primaryimage\"},\"thumbnailUrl\":\"https:\\\/\\\/cvinoticias.com\\\/wp-content\\\/uploads\\\/2023\\\/04\\\/dolar-soja-650x405-1-1.jpg\",\"datePublished\":\"2023-04-10T11:25:07+00:00\",\"breadcrumb\":{\"@id\":\"https:\\\/\\\/cvinoticias.com\\\/v3\\\/oficializaron-el-dolar-agro-y-los-beneficios-para-los-productores-afectados-por-la-sequia\\\/#breadcrumb\"},\"inLanguage\":\"es\",\"potentialAction\":[{\"@type\":\"ReadAction\",\"target\":[\"https:\\\/\\\/cvinoticias.com\\\/v3\\\/oficializaron-el-dolar-agro-y-los-beneficios-para-los-productores-afectados-por-la-sequia\\\/\"]}]},{\"@type\":\"ImageObject\",\"inLanguage\":\"es\",\"@id\":\"https:\\\/\\\/cvinoticias.com\\\/v3\\\/oficializaron-el-dolar-agro-y-los-beneficios-para-los-productores-afectados-por-la-sequia\\\/#primaryimage\",\"url\":\"https:\\\/\\\/cvinoticias.com\\\/wp-content\\\/uploads\\\/2023\\\/04\\\/dolar-soja-650x405-1-1.jpg\",\"contentUrl\":\"https:\\\/\\\/cvinoticias.com\\\/wp-content\\\/uploads\\\/2023\\\/04\\\/dolar-soja-650x405-1-1.jpg\",\"width\":650,\"height\":405},{\"@type\":\"BreadcrumbList\",\"@id\":\"https:\\\/\\\/cvinoticias.com\\\/v3\\\/oficializaron-el-dolar-agro-y-los-beneficios-para-los-productores-afectados-por-la-sequia\\\/#breadcrumb\",\"itemListElement\":[{\"@type\":\"ListItem\",\"position\":1,\"name\":\"Portada\",\"item\":\"https:\\\/\\\/cvinoticias.com\\\/v3\\\/\"},{\"@type\":\"ListItem\",\"position\":2,\"name\":\"Oficializaron el d\u00f3lar agro y los beneficios para los productores afectados por la sequ\u00eda\"}]},{\"@type\":\"WebSite\",\"@id\":\"https:\\\/\\\/cvinoticias.com\\\/v3\\\/#website\",\"url\":\"https:\\\/\\\/cvinoticias.com\\\/v3\\\/\",\"name\":\"CVI NOTICIAS\",\"description\":\"\",\"publisher\":{\"@id\":\"https:\\\/\\\/cvinoticias.com\\\/v3\\\/#organization\"},\"alternateName\":\"CVI\",\"potentialAction\":[{\"@type\":\"SearchAction\",\"target\":{\"@type\":\"EntryPoint\",\"urlTemplate\":\"https:\\\/\\\/cvinoticias.com\\\/v3\\\/?s={search_term_string}\"},\"query-input\":{\"@type\":\"PropertyValueSpecification\",\"valueRequired\":true,\"valueName\":\"search_term_string\"}}],\"inLanguage\":\"es\"},{\"@type\":\"Organization\",\"@id\":\"https:\\\/\\\/cvinoticias.com\\\/v3\\\/#organization\",\"name\":\"CVI NOTICIAS\",\"url\":\"https:\\\/\\\/cvinoticias.com\\\/v3\\\/\",\"logo\":{\"@type\":\"ImageObject\",\"inLanguage\":\"es\",\"@id\":\"https:\\\/\\\/cvinoticias.com\\\/v3\\\/#\\\/schema\\\/logo\\\/image\\\/\",\"url\":\"https:\\\/\\\/cvinoticias.com\\\/wp-content\\\/uploads\\\/2023\\\/04\\\/cropped-cropped-cropped-cropped-cropped-3-1.png\",\"contentUrl\":\"https:\\\/\\\/cvinoticias.com\\\/wp-content\\\/uploads\\\/2023\\\/04\\\/cropped-cropped-cropped-cropped-cropped-3-1.png\",\"width\":95,\"height\":122,\"caption\":\"CVI NOTICIAS\"},\"image\":{\"@id\":\"https:\\\/\\\/cvinoticias.com\\\/v3\\\/#\\\/schema\\\/logo\\\/image\\\/\"},\"sameAs\":[\"https:\\\/\\\/www.facebook.com\\\/cvinoticias\",\"https:\\\/\\\/www.instagram.com\\\/cvinoticias\\\/\",\"https:\\\/\\\/www.youtube.com\\\/@CVINOTICIAS\"]},{\"@type\":\"Person\",\"@id\":\"https:\\\/\\\/cvinoticias.com\\\/v3\\\/#\\\/schema\\\/person\\\/2db77e3c6bc03c538495d7b2b8be9b66\",\"name\":\"f1000024\",\"image\":{\"@type\":\"ImageObject\",\"inLanguage\":\"es\",\"@id\":\"https:\\\/\\\/secure.gravatar.com\\\/avatar\\\/d4fe7459cfc51ff5129ce1a732bbef5928568b8092d412ef95611616376bbeed?s=96&d=mm&r=g\",\"url\":\"https:\\\/\\\/secure.gravatar.com\\\/avatar\\\/d4fe7459cfc51ff5129ce1a732bbef5928568b8092d412ef95611616376bbeed?s=96&d=mm&r=g\",\"contentUrl\":\"https:\\\/\\\/secure.gravatar.com\\\/avatar\\\/d4fe7459cfc51ff5129ce1a732bbef5928568b8092d412ef95611616376bbeed?s=96&d=mm&r=g\",\"caption\":\"f1000024\"},\"url\":\"https:\\\/\\\/cvinoticias.com\\\/v3\\\/author\\\/f1000024\\\/\"}]}<\/script>\n<!-- \/ Yoast SEO plugin. -->","yoast_head_json":{"title":"Oficializaron el d\u00f3lar agro y los beneficios para los productores afectados por la sequ\u00eda | CVI NOTICIAS","robots":{"index":"index","follow":"follow","max-snippet":"max-snippet:-1","max-image-preview":"max-image-preview:large","max-video-preview":"max-video-preview:-1"},"canonical":"https:\/\/cvinoticias.com\/v3\/oficializaron-el-dolar-agro-y-los-beneficios-para-los-productores-afectados-por-la-sequia\/","og_locale":"es_ES","og_type":"article","og_title":"Oficializaron el d\u00f3lar agro y los beneficios para los productores afectados por la sequ\u00eda | CVI NOTICIAS","og_description":"El Gobierno formaliz\u00f3 hoy en el Bolet\u00edn Oficial, a trav\u00e9s del decreto 194\/2023, el d\u00f3lar agro, que tendr\u00e1 un tipo de cambio a $300 para la soja y productos de econom\u00edas regionales. Para el primer sector regir\u00e1 hasta el 31 de mayo pr\u00f3ximo. En tanto, para el segundo lo ser\u00e1 hasta el 31 de agosto. [&hellip;]","og_url":"https:\/\/cvinoticias.com\/v3\/oficializaron-el-dolar-agro-y-los-beneficios-para-los-productores-afectados-por-la-sequia\/","og_site_name":"CVI NOTICIAS","article_publisher":"https:\/\/www.facebook.com\/cvinoticias","article_published_time":"2023-04-10T11:25:07+00:00","og_image":[{"width":650,"height":405,"url":"https:\/\/cvinoticias.com\/wp-content\/uploads\/2023\/04\/dolar-soja-650x405-1-1.jpg","type":"image\/jpeg"}],"author":"f1000024","twitter_card":"summary_large_image","twitter_misc":{"Escrito por":"f1000024","Tiempo de lectura":"3 minutos"},"schema":{"@context":"https:\/\/schema.org","@graph":[{"@type":"Article","@id":"https:\/\/cvinoticias.com\/v3\/oficializaron-el-dolar-agro-y-los-beneficios-para-los-productores-afectados-por-la-sequia\/#article","isPartOf":{"@id":"https:\/\/cvinoticias.com\/v3\/oficializaron-el-dolar-agro-y-los-beneficios-para-los-productores-afectados-por-la-sequia\/"},"author":{"name":"f1000024","@id":"https:\/\/cvinoticias.com\/v3\/#\/schema\/person\/2db77e3c6bc03c538495d7b2b8be9b66"},"headline":"Oficializaron el d\u00f3lar agro y los beneficios para los productores afectados por la sequ\u00eda","datePublished":"2023-04-10T11:25:07+00:00","mainEntityOfPage":{"@id":"https:\/\/cvinoticias.com\/v3\/oficializaron-el-dolar-agro-y-los-beneficios-para-los-productores-afectados-por-la-sequia\/"},"wordCount":703,"commentCount":0,"publisher":{"@id":"https:\/\/cvinoticias.com\/v3\/#organization"},"image":{"@id":"https:\/\/cvinoticias.com\/v3\/oficializaron-el-dolar-agro-y-los-beneficios-para-los-productores-afectados-por-la-sequia\/#primaryimage"},"thumbnailUrl":"https:\/\/cvinoticias.com\/wp-content\/uploads\/2023\/04\/dolar-soja-650x405-1-1.jpg","articleSection":["Econom\u00eda"],"inLanguage":"es","potentialAction":[{"@type":"CommentAction","name":"Comment","target":["https:\/\/cvinoticias.com\/v3\/oficializaron-el-dolar-agro-y-los-beneficios-para-los-productores-afectados-por-la-sequia\/#respond"]}]},{"@type":"WebPage","@id":"https:\/\/cvinoticias.com\/v3\/oficializaron-el-dolar-agro-y-los-beneficios-para-los-productores-afectados-por-la-sequia\/","url":"https:\/\/cvinoticias.com\/v3\/oficializaron-el-dolar-agro-y-los-beneficios-para-los-productores-afectados-por-la-sequia\/","name":"Oficializaron el d\u00f3lar agro y los beneficios para los productores afectados por la sequ\u00eda | CVI NOTICIAS","isPartOf":{"@id":"https:\/\/cvinoticias.com\/v3\/#website"},"primaryImageOfPage":{"@id":"https:\/\/cvinoticias.com\/v3\/oficializaron-el-dolar-agro-y-los-beneficios-para-los-productores-afectados-por-la-sequia\/#primaryimage"},"image":{"@id":"https:\/\/cvinoticias.com\/v3\/oficializaron-el-dolar-agro-y-los-beneficios-para-los-productores-afectados-por-la-sequia\/#primaryimage"},"thumbnailUrl":"https:\/\/cvinoticias.com\/wp-content\/uploads\/2023\/04\/dolar-soja-650x405-1-1.jpg","datePublished":"2023-04-10T11:25:07+00:00","breadcrumb":{"@id":"https:\/\/cvinoticias.com\/v3\/oficializaron-el-dolar-agro-y-los-beneficios-para-los-productores-afectados-por-la-sequia\/#breadcrumb"},"inLanguage":"es","potentialAction":[{"@type":"ReadAction","target":["https:\/\/cvinoticias.com\/v3\/oficializaron-el-dolar-agro-y-los-beneficios-para-los-productores-afectados-por-la-sequia\/"]}]},{"@type":"ImageObject","inLanguage":"es","@id":"https:\/\/cvinoticias.com\/v3\/oficializaron-el-dolar-agro-y-los-beneficios-para-los-productores-afectados-por-la-sequia\/#primaryimage","url":"https:\/\/cvinoticias.com\/wp-content\/uploads\/2023\/04\/dolar-soja-650x405-1-1.jpg","contentUrl":"https:\/\/cvinoticias.com\/wp-content\/uploads\/2023\/04\/dolar-soja-650x405-1-1.jpg","width":650,"height":405},{"@type":"BreadcrumbList","@id":"https:\/\/cvinoticias.com\/v3\/oficializaron-el-dolar-agro-y-los-beneficios-para-los-productores-afectados-por-la-sequia\/#breadcrumb","itemListElement":[{"@type":"ListItem","position":1,"name":"Portada","item":"https:\/\/cvinoticias.com\/v3\/"},{"@type":"ListItem","position":2,"name":"Oficializaron el d\u00f3lar agro y los beneficios para los productores afectados por la sequ\u00eda"}]},{"@type":"WebSite","@id":"https:\/\/cvinoticias.com\/v3\/#website","url":"https:\/\/cvinoticias.com\/v3\/","name":"CVI NOTICIAS","description":"","publisher":{"@id":"https:\/\/cvinoticias.com\/v3\/#organization"},"alternateName":"CVI","potentialAction":[{"@type":"SearchAction","target":{"@type":"EntryPoint","urlTemplate":"https:\/\/cvinoticias.com\/v3\/?s={search_term_string}"},"query-input":{"@type":"PropertyValueSpecification","valueRequired":true,"valueName":"search_term_string"}}],"inLanguage":"es"},{"@type":"Organization","@id":"https:\/\/cvinoticias.com\/v3\/#organization","name":"CVI NOTICIAS","url":"https:\/\/cvinoticias.com\/v3\/","logo":{"@type":"ImageObject","inLanguage":"es","@id":"https:\/\/cvinoticias.com\/v3\/#\/schema\/logo\/image\/","url":"https:\/\/cvinoticias.com\/wp-content\/uploads\/2023\/04\/cropped-cropped-cropped-cropped-cropped-3-1.png","contentUrl":"https:\/\/cvinoticias.com\/wp-content\/uploads\/2023\/04\/cropped-cropped-cropped-cropped-cropped-3-1.png","width":95,"height":122,"caption":"CVI NOTICIAS"},"image":{"@id":"https:\/\/cvinoticias.com\/v3\/#\/schema\/logo\/image\/"},"sameAs":["https:\/\/www.facebook.com\/cvinoticias","https:\/\/www.instagram.com\/cvinoticias\/","https:\/\/www.youtube.com\/@CVINOTICIAS"]},{"@type":"Person","@id":"https:\/\/cvinoticias.com\/v3\/#\/schema\/person\/2db77e3c6bc03c538495d7b2b8be9b66","name":"f1000024","image":{"@type":"ImageObject","inLanguage":"es","@id":"https:\/\/secure.gravatar.com\/avatar\/d4fe7459cfc51ff5129ce1a732bbef5928568b8092d412ef95611616376bbeed?s=96&d=mm&r=g","url":"https:\/\/secure.gravatar.com\/avatar\/d4fe7459cfc51ff5129ce1a732bbef5928568b8092d412ef95611616376bbeed?s=96&d=mm&r=g","contentUrl":"https:\/\/secure.gravatar.com\/avatar\/d4fe7459cfc51ff5129ce1a732bbef5928568b8092d412ef95611616376bbeed?s=96&d=mm&r=g","caption":"f1000024"},"url":"https:\/\/cvinoticias.com\/v3\/author\/f1000024\/"}]}},"_links":{"self":[{"href":"https:\/\/cvinoticias.com\/v3\/wp-json\/wp\/v2\/posts\/23932","targetHints":{"allow":["GET"]}}],"collection":[{"href":"https:\/\/cvinoticias.com\/v3\/wp-json\/wp\/v2\/posts"}],"about":[{"href":"https:\/\/cvinoticias.com\/v3\/wp-json\/wp\/v2\/types\/post"}],"author":[{"embeddable":true,"href":"https:\/\/cvinoticias.com\/v3\/wp-json\/wp\/v2\/users\/2"}],"replies":[{"embeddable":true,"href":"https:\/\/cvinoticias.com\/v3\/wp-json\/wp\/v2\/comments?post=23932"}],"version-history":[{"count":1,"href":"https:\/\/cvinoticias.com\/v3\/wp-json\/wp\/v2\/posts\/23932\/revisions"}],"predecessor-version":[{"id":23934,"href":"https:\/\/cvinoticias.com\/v3\/wp-json\/wp\/v2\/posts\/23932\/revisions\/23934"}],"wp:featuredmedia":[{"embeddable":true,"href":"https:\/\/cvinoticias.com\/v3\/wp-json\/wp\/v2\/media\/23933"}],"wp:attachment":[{"href":"https:\/\/cvinoticias.com\/v3\/wp-json\/wp\/v2\/media?parent=23932"}],"wp:term":[{"taxonomy":"category","embeddable":true,"href":"https:\/\/cvinoticias.com\/v3\/wp-json\/wp\/v2\/categories?post=23932"},{"taxonomy":"post_tag","embeddable":true,"href":"https:\/\/cvinoticias.com\/v3\/wp-json\/wp\/v2\/tags?post=23932"}],"curies":[{"name":"wp","href":"https:\/\/api.w.org\/{rel}","templated":true}]}}