{"id":23926,"date":"2023-04-10T11:01:49","date_gmt":"2023-04-10T11:01:49","guid":{"rendered":"https:\/\/cvinoticias.com\/v3\/?p=23926"},"modified":"2023-04-10T11:01:49","modified_gmt":"2023-04-10T11:01:49","slug":"anses-como-tramitar-la-pension-por-fallecimiento","status":"publish","type":"post","link":"https:\/\/cvinoticias.com\/v3\/anses-como-tramitar-la-pension-por-fallecimiento\/","title":{"rendered":"ANSES: c\u00f3mo tramitar la pensi\u00f3n por fallecimiento"},"content":{"rendered":"\n<p><strong><em>Este tr\u00e1mite se puede solicitar luego de la muerte de un jubilado o trabajador registrado.Aqui te contamos como tramitarlo y los requisitos que se requieren<\/em><\/strong><\/p>\n\n\n\n<p>Los beneficiarios de la Administraci\u00f3n Nacional de la Seguridad Social (ANSES) pueden reclamar una pensi\u00f3n ante la muerte de un pariente jubilado o trabajador en actividad. Lo pueden solicitar tanto hijos menores de edad como parejas.<\/p>\n\n\n\n<p><strong>Pensi\u00f3n por fallecimiento de un jubilado<\/strong><\/p>\n\n\n\n<p>Le corresponde a c\u00f3nyuge, conviviente o hijos del o jubilado fallecido.<\/p>\n\n\n\n<p><strong>Requisitos<\/strong><\/p>\n\n\n\n<ul class=\"wp-block-list\">\n<li>C\u00f3nyuge: Partida de casamiento actualizada (la actualizaci\u00f3n debe ser posterior a la fecha de fallecimiento).<\/li>\n\n\n\n<li>Conviviente: Acreditar 5 a\u00f1os de convivencia antes de la fecha del fallecimiento. Si tienen una hijo reconocido por ambos, el plazo se reduce a 2 a\u00f1os.<\/li>\n\n\n\n<li>Hijos: Ser menor de 18 a\u00f1os, soltero y no cobrar otra prestaci\u00f3n. No hay l\u00edmite de edad en los casos que la hijo se encuentre incapacitado para trabajar y haya estado a cargo del jubilado fallecido.<\/li>\n<\/ul>\n\n\n\n<p><strong>Importante dato a tener en cuenta a la hora de tramitar la pensi\u00f3n de ANSES<\/strong><\/p>\n\n\n\n<p>-Deben haber transcurrido 10 d\u00edas h\u00e1biles del fallecimiento de la persona jubilada.<\/p>\n\n\n\n<p>-El fallecimiento debe haber ocurrido dentro de los \u00faltimos 4 meses.<\/p>\n\n\n\n<p>-La jubilaci\u00f3n de la persona fallecida a partir de la cual se tramita esta pensi\u00f3n debe pertenecer al r\u00e9gimen general y no a uno especial. La pensi\u00f3n tampoco puede ser derivada de una jubilaci\u00f3n adquirida con regularizaci\u00f3n de aportes por moratoria.<\/p>\n\n\n\n<p><strong>Documentaci\u00f3n necesaria<\/strong><\/p>\n\n\n\n<ul class=\"wp-block-list\">\n<li>Del jubilado fallecido<\/li>\n\n\n\n<li>Partida de defunci\u00f3n.<\/li>\n\n\n\n<li>Formulario de Informaci\u00f3n Bancaria en caso de no encontrarse registrada esta informaci\u00f3n en ANSES.<\/li>\n\n\n\n<li>Si sos c\u00f3nyuge o conviviente del jubilado<br>DNI.<\/li>\n\n\n\n<li>Declaraci\u00f3n Jurada.<\/li>\n\n\n\n<li>Si la persona fallecida se jubil\u00f3 por moratoria y existieran cuotas pendientes de pago se deber\u00e1 presentar el formulario de aceptaci\u00f3n de descuento de cuota de moratoria.<\/li>\n\n\n\n<li>Declaraci\u00f3n jurada sobre la eventual percepci\u00f3n de prestaciones en provincias no adheridas al SIPA o en las Fuerzas Armadas o de Seguridad.<\/li>\n<\/ul>\n\n\n\n<p><strong>Si sos hija o hijo incapacitado para trabajar<\/strong><\/p>\n\n\n\n<ul class=\"wp-block-list\">\n<li>Declaraci\u00f3n Jurada.<\/li>\n\n\n\n<li>Formulario de dependencia econ\u00f3mica titular.<\/li>\n\n\n\n<li>Formulario de dependencia econ\u00f3mica testimonial.<\/li>\n\n\n\n<li>Si sos hu\u00e9rfano de madre y padre ten\u00e9s que presentar original y copia del testimonio de tutor\u00eda o curatela transitoria o definitiva, con aceptaci\u00f3n de cargo, discernimiento y autorizaci\u00f3n para percibir haberes devengados y a devengar.<\/li>\n<\/ul>\n\n\n\n<p><strong>Pensi\u00f3n por fallecimiento de un trabajador<\/strong><\/p>\n\n\n\n<p>Le corresponde a c\u00f3nyuge, conviviente o hijos\/hijas del trabajador o trabajadora fallecida.<\/p>\n\n\n\n<p><strong>Requisitos<\/strong><\/p>\n\n\n\n<p>De las personas que pueden solicitar la prestaci\u00f3n<\/p>\n\n\n\n<p>C\u00f3nyuge. Partida de Casamiento actualizada (la actualizaci\u00f3n debe ser posterior a la fecha de fallecimiento).<\/p>\n\n\n\n<p>Conviviente. Acreditar cinco a\u00f1os de convivencia antes de la fecha del fallecimiento. Si tienen un hijo reconocido por ambos, el plazo se reduce a dos a\u00f1os.<\/p>\n\n\n\n<p>Hijos. Ser menor de 18 a\u00f1os, soltero y no cobrar otra prestaci\u00f3n. No hay l\u00edmite de edad en los casos que el hijo se encuentre incapacitado para trabajar y haya estado a cargo del trabajador fallecido.<\/p>\n\n\n\n<p>De la trabajadora o trabajador fallecido, cumplir alguno de los siguientes<\/p>\n\n\n\n<p>Tener 30 a\u00f1os de aportes para el r\u00e9gimen com\u00fan.<\/p>\n\n\n\n<p>Haber aportado 30 meses o m\u00e1s dentro de los \u00faltimos 36 meses antes de su fallecimiento.<\/p>\n\n\n\n<p>Haber aportado 18 meses o m\u00e1s dentro de los \u00faltimos 36 meses antes de su fallecimiento.<\/p>\n\n\n\n<p>Haber aportado 12 meses dentro de los \u00faltimos 60 meses antes de su fallecimiento y tener la mitad del total de a\u00f1os exigidos por el r\u00e9gimen com\u00fan o diferencial. En caso de no cumplir con este requisito el solicitante puede completar los a\u00f1os de aportes, computando servicios regularizados por alguna de las Moratorias Previsionales.<\/p>\n\n\n\n<p><strong>Documentaci\u00f3n<\/strong><\/p>\n\n\n\n<p>Si hay aportes que no est\u00e1n registrados, es necesario reunir la documentaci\u00f3n que pruebe los per\u00edodos trabajados: certificaciones de servicios, recibos de sueldo, comprobantes de afiliaci\u00f3n a obra social, Declaraci\u00f3n Jurada que acredite los servicios del trabajador o trabajadora fallecida.<\/p>\n","protected":false},"excerpt":{"rendered":"<p>Este tr\u00e1mite se puede solicitar luego de la muerte de un jubilado o trabajador registrado.Aqui te contamos como tramitarlo y los requisitos que se requieren Los beneficiarios de la Administraci\u00f3n Nacional de la Seguridad Social (ANSES) pueden reclamar una pensi\u00f3n ante la muerte de un pariente jubilado o trabajador en actividad. Lo pueden solicitar tanto [&hellip;]<\/p>\n","protected":false},"author":2,"featured_media":23782,"comment_status":"open","ping_status":"open","sticky":false,"template":"","format":"standard","meta":{"footnotes":""},"categories":[35],"tags":[],"class_list":["post-23926","post","type-post","status-publish","format-standard","has-post-thumbnail","hentry","category-informacion-general"],"yoast_head":"<!-- This site is optimized with the Yoast SEO plugin v27.5 - https:\/\/yoast.com\/product\/yoast-seo-wordpress\/ -->\n<title>ANSES: c\u00f3mo tramitar la pensi\u00f3n por fallecimiento | CVI NOTICIAS<\/title>\n<meta name=\"robots\" content=\"index, follow, max-snippet:-1, max-image-preview:large, max-video-preview:-1\" \/>\n<link rel=\"canonical\" href=\"https:\/\/cvinoticias.com\/v3\/anses-como-tramitar-la-pension-por-fallecimiento\/\" \/>\n<meta property=\"og:locale\" content=\"es_ES\" \/>\n<meta property=\"og:type\" content=\"article\" \/>\n<meta property=\"og:title\" content=\"ANSES: c\u00f3mo tramitar la pensi\u00f3n por fallecimiento | CVI NOTICIAS\" \/>\n<meta property=\"og:description\" content=\"Este tr\u00e1mite se puede solicitar luego de la muerte de un jubilado o trabajador registrado.Aqui te contamos como tramitarlo y los requisitos que se requieren Los beneficiarios de la Administraci\u00f3n Nacional de la Seguridad Social (ANSES) pueden reclamar una pensi\u00f3n ante la muerte de un pariente jubilado o trabajador en actividad. Lo pueden solicitar tanto [&hellip;]\" \/>\n<meta property=\"og:url\" content=\"https:\/\/cvinoticias.com\/v3\/anses-como-tramitar-la-pension-por-fallecimiento\/\" \/>\n<meta property=\"og:site_name\" content=\"CVI NOTICIAS\" \/>\n<meta property=\"article:publisher\" content=\"https:\/\/www.facebook.com\/cvinoticias\" \/>\n<meta property=\"article:published_time\" content=\"2023-04-10T11:01:49+00:00\" \/>\n<meta property=\"og:image\" content=\"https:\/\/cvinoticias.com\/wp-content\/uploads\/2023\/04\/Anses-1024x575-1.jpg\" \/>\n\t<meta property=\"og:image:width\" content=\"1024\" \/>\n\t<meta property=\"og:image:height\" content=\"575\" \/>\n\t<meta property=\"og:image:type\" content=\"image\/jpeg\" \/>\n<meta name=\"author\" content=\"f1000024\" \/>\n<meta name=\"twitter:card\" content=\"summary_large_image\" \/>\n<meta name=\"twitter:label1\" content=\"Escrito por\" \/>\n\t<meta name=\"twitter:data1\" content=\"f1000024\" \/>\n\t<meta name=\"twitter:label2\" content=\"Tiempo de lectura\" \/>\n\t<meta name=\"twitter:data2\" content=\"3 minutos\" \/>\n<script type=\"application\/ld+json\" class=\"yoast-schema-graph\">{\"@context\":\"https:\\\/\\\/schema.org\",\"@graph\":[{\"@type\":\"Article\",\"@id\":\"https:\\\/\\\/cvinoticias.com\\\/v3\\\/anses-como-tramitar-la-pension-por-fallecimiento\\\/#article\",\"isPartOf\":{\"@id\":\"https:\\\/\\\/cvinoticias.com\\\/v3\\\/anses-como-tramitar-la-pension-por-fallecimiento\\\/\"},\"author\":{\"name\":\"f1000024\",\"@id\":\"https:\\\/\\\/cvinoticias.com\\\/v3\\\/#\\\/schema\\\/person\\\/2db77e3c6bc03c538495d7b2b8be9b66\"},\"headline\":\"ANSES: c\u00f3mo tramitar la pensi\u00f3n por fallecimiento\",\"datePublished\":\"2023-04-10T11:01:49+00:00\",\"mainEntityOfPage\":{\"@id\":\"https:\\\/\\\/cvinoticias.com\\\/v3\\\/anses-como-tramitar-la-pension-por-fallecimiento\\\/\"},\"wordCount\":683,\"commentCount\":0,\"publisher\":{\"@id\":\"https:\\\/\\\/cvinoticias.com\\\/v3\\\/#organization\"},\"image\":{\"@id\":\"https:\\\/\\\/cvinoticias.com\\\/v3\\\/anses-como-tramitar-la-pension-por-fallecimiento\\\/#primaryimage\"},\"thumbnailUrl\":\"https:\\\/\\\/cvinoticias.com\\\/wp-content\\\/uploads\\\/2023\\\/04\\\/Anses-1024x575-1.jpg\",\"articleSection\":[\"Informaci\u00f3n General\"],\"inLanguage\":\"es\",\"potentialAction\":[{\"@type\":\"CommentAction\",\"name\":\"Comment\",\"target\":[\"https:\\\/\\\/cvinoticias.com\\\/v3\\\/anses-como-tramitar-la-pension-por-fallecimiento\\\/#respond\"]}]},{\"@type\":\"WebPage\",\"@id\":\"https:\\\/\\\/cvinoticias.com\\\/v3\\\/anses-como-tramitar-la-pension-por-fallecimiento\\\/\",\"url\":\"https:\\\/\\\/cvinoticias.com\\\/v3\\\/anses-como-tramitar-la-pension-por-fallecimiento\\\/\",\"name\":\"ANSES: c\u00f3mo tramitar la pensi\u00f3n por fallecimiento | CVI NOTICIAS\",\"isPartOf\":{\"@id\":\"https:\\\/\\\/cvinoticias.com\\\/v3\\\/#website\"},\"primaryImageOfPage\":{\"@id\":\"https:\\\/\\\/cvinoticias.com\\\/v3\\\/anses-como-tramitar-la-pension-por-fallecimiento\\\/#primaryimage\"},\"image\":{\"@id\":\"https:\\\/\\\/cvinoticias.com\\\/v3\\\/anses-como-tramitar-la-pension-por-fallecimiento\\\/#primaryimage\"},\"thumbnailUrl\":\"https:\\\/\\\/cvinoticias.com\\\/wp-content\\\/uploads\\\/2023\\\/04\\\/Anses-1024x575-1.jpg\",\"datePublished\":\"2023-04-10T11:01:49+00:00\",\"breadcrumb\":{\"@id\":\"https:\\\/\\\/cvinoticias.com\\\/v3\\\/anses-como-tramitar-la-pension-por-fallecimiento\\\/#breadcrumb\"},\"inLanguage\":\"es\",\"potentialAction\":[{\"@type\":\"ReadAction\",\"target\":[\"https:\\\/\\\/cvinoticias.com\\\/v3\\\/anses-como-tramitar-la-pension-por-fallecimiento\\\/\"]}]},{\"@type\":\"ImageObject\",\"inLanguage\":\"es\",\"@id\":\"https:\\\/\\\/cvinoticias.com\\\/v3\\\/anses-como-tramitar-la-pension-por-fallecimiento\\\/#primaryimage\",\"url\":\"https:\\\/\\\/cvinoticias.com\\\/wp-content\\\/uploads\\\/2023\\\/04\\\/Anses-1024x575-1.jpg\",\"contentUrl\":\"https:\\\/\\\/cvinoticias.com\\\/wp-content\\\/uploads\\\/2023\\\/04\\\/Anses-1024x575-1.jpg\",\"width\":1024,\"height\":575},{\"@type\":\"BreadcrumbList\",\"@id\":\"https:\\\/\\\/cvinoticias.com\\\/v3\\\/anses-como-tramitar-la-pension-por-fallecimiento\\\/#breadcrumb\",\"itemListElement\":[{\"@type\":\"ListItem\",\"position\":1,\"name\":\"Portada\",\"item\":\"https:\\\/\\\/cvinoticias.com\\\/v3\\\/\"},{\"@type\":\"ListItem\",\"position\":2,\"name\":\"ANSES: c\u00f3mo tramitar la pensi\u00f3n por fallecimiento\"}]},{\"@type\":\"WebSite\",\"@id\":\"https:\\\/\\\/cvinoticias.com\\\/v3\\\/#website\",\"url\":\"https:\\\/\\\/cvinoticias.com\\\/v3\\\/\",\"name\":\"CVI NOTICIAS\",\"description\":\"\",\"publisher\":{\"@id\":\"https:\\\/\\\/cvinoticias.com\\\/v3\\\/#organization\"},\"alternateName\":\"CVI\",\"potentialAction\":[{\"@type\":\"SearchAction\",\"target\":{\"@type\":\"EntryPoint\",\"urlTemplate\":\"https:\\\/\\\/cvinoticias.com\\\/v3\\\/?s={search_term_string}\"},\"query-input\":{\"@type\":\"PropertyValueSpecification\",\"valueRequired\":true,\"valueName\":\"search_term_string\"}}],\"inLanguage\":\"es\"},{\"@type\":\"Organization\",\"@id\":\"https:\\\/\\\/cvinoticias.com\\\/v3\\\/#organization\",\"name\":\"CVI NOTICIAS\",\"url\":\"https:\\\/\\\/cvinoticias.com\\\/v3\\\/\",\"logo\":{\"@type\":\"ImageObject\",\"inLanguage\":\"es\",\"@id\":\"https:\\\/\\\/cvinoticias.com\\\/v3\\\/#\\\/schema\\\/logo\\\/image\\\/\",\"url\":\"https:\\\/\\\/cvinoticias.com\\\/wp-content\\\/uploads\\\/2023\\\/04\\\/cropped-cropped-cropped-cropped-cropped-3-1.png\",\"contentUrl\":\"https:\\\/\\\/cvinoticias.com\\\/wp-content\\\/uploads\\\/2023\\\/04\\\/cropped-cropped-cropped-cropped-cropped-3-1.png\",\"width\":95,\"height\":122,\"caption\":\"CVI NOTICIAS\"},\"image\":{\"@id\":\"https:\\\/\\\/cvinoticias.com\\\/v3\\\/#\\\/schema\\\/logo\\\/image\\\/\"},\"sameAs\":[\"https:\\\/\\\/www.facebook.com\\\/cvinoticias\",\"https:\\\/\\\/www.instagram.com\\\/cvinoticias\\\/\",\"https:\\\/\\\/www.youtube.com\\\/@CVINOTICIAS\"]},{\"@type\":\"Person\",\"@id\":\"https:\\\/\\\/cvinoticias.com\\\/v3\\\/#\\\/schema\\\/person\\\/2db77e3c6bc03c538495d7b2b8be9b66\",\"name\":\"f1000024\",\"image\":{\"@type\":\"ImageObject\",\"inLanguage\":\"es\",\"@id\":\"https:\\\/\\\/secure.gravatar.com\\\/avatar\\\/d4fe7459cfc51ff5129ce1a732bbef5928568b8092d412ef95611616376bbeed?s=96&d=mm&r=g\",\"url\":\"https:\\\/\\\/secure.gravatar.com\\\/avatar\\\/d4fe7459cfc51ff5129ce1a732bbef5928568b8092d412ef95611616376bbeed?s=96&d=mm&r=g\",\"contentUrl\":\"https:\\\/\\\/secure.gravatar.com\\\/avatar\\\/d4fe7459cfc51ff5129ce1a732bbef5928568b8092d412ef95611616376bbeed?s=96&d=mm&r=g\",\"caption\":\"f1000024\"},\"url\":\"https:\\\/\\\/cvinoticias.com\\\/v3\\\/author\\\/f1000024\\\/\"}]}<\/script>\n<!-- \/ Yoast SEO plugin. -->","yoast_head_json":{"title":"ANSES: c\u00f3mo tramitar la pensi\u00f3n por fallecimiento | CVI NOTICIAS","robots":{"index":"index","follow":"follow","max-snippet":"max-snippet:-1","max-image-preview":"max-image-preview:large","max-video-preview":"max-video-preview:-1"},"canonical":"https:\/\/cvinoticias.com\/v3\/anses-como-tramitar-la-pension-por-fallecimiento\/","og_locale":"es_ES","og_type":"article","og_title":"ANSES: c\u00f3mo tramitar la pensi\u00f3n por fallecimiento | CVI NOTICIAS","og_description":"Este tr\u00e1mite se puede solicitar luego de la muerte de un jubilado o trabajador registrado.Aqui te contamos como tramitarlo y los requisitos que se requieren Los beneficiarios de la Administraci\u00f3n Nacional de la Seguridad Social (ANSES) pueden reclamar una pensi\u00f3n ante la muerte de un pariente jubilado o trabajador en actividad. Lo pueden solicitar tanto [&hellip;]","og_url":"https:\/\/cvinoticias.com\/v3\/anses-como-tramitar-la-pension-por-fallecimiento\/","og_site_name":"CVI NOTICIAS","article_publisher":"https:\/\/www.facebook.com\/cvinoticias","article_published_time":"2023-04-10T11:01:49+00:00","og_image":[{"width":1024,"height":575,"url":"https:\/\/cvinoticias.com\/wp-content\/uploads\/2023\/04\/Anses-1024x575-1.jpg","type":"image\/jpeg"}],"author":"f1000024","twitter_card":"summary_large_image","twitter_misc":{"Escrito por":"f1000024","Tiempo de lectura":"3 minutos"},"schema":{"@context":"https:\/\/schema.org","@graph":[{"@type":"Article","@id":"https:\/\/cvinoticias.com\/v3\/anses-como-tramitar-la-pension-por-fallecimiento\/#article","isPartOf":{"@id":"https:\/\/cvinoticias.com\/v3\/anses-como-tramitar-la-pension-por-fallecimiento\/"},"author":{"name":"f1000024","@id":"https:\/\/cvinoticias.com\/v3\/#\/schema\/person\/2db77e3c6bc03c538495d7b2b8be9b66"},"headline":"ANSES: c\u00f3mo tramitar la pensi\u00f3n por fallecimiento","datePublished":"2023-04-10T11:01:49+00:00","mainEntityOfPage":{"@id":"https:\/\/cvinoticias.com\/v3\/anses-como-tramitar-la-pension-por-fallecimiento\/"},"wordCount":683,"commentCount":0,"publisher":{"@id":"https:\/\/cvinoticias.com\/v3\/#organization"},"image":{"@id":"https:\/\/cvinoticias.com\/v3\/anses-como-tramitar-la-pension-por-fallecimiento\/#primaryimage"},"thumbnailUrl":"https:\/\/cvinoticias.com\/wp-content\/uploads\/2023\/04\/Anses-1024x575-1.jpg","articleSection":["Informaci\u00f3n General"],"inLanguage":"es","potentialAction":[{"@type":"CommentAction","name":"Comment","target":["https:\/\/cvinoticias.com\/v3\/anses-como-tramitar-la-pension-por-fallecimiento\/#respond"]}]},{"@type":"WebPage","@id":"https:\/\/cvinoticias.com\/v3\/anses-como-tramitar-la-pension-por-fallecimiento\/","url":"https:\/\/cvinoticias.com\/v3\/anses-como-tramitar-la-pension-por-fallecimiento\/","name":"ANSES: c\u00f3mo tramitar la pensi\u00f3n por fallecimiento | CVI NOTICIAS","isPartOf":{"@id":"https:\/\/cvinoticias.com\/v3\/#website"},"primaryImageOfPage":{"@id":"https:\/\/cvinoticias.com\/v3\/anses-como-tramitar-la-pension-por-fallecimiento\/#primaryimage"},"image":{"@id":"https:\/\/cvinoticias.com\/v3\/anses-como-tramitar-la-pension-por-fallecimiento\/#primaryimage"},"thumbnailUrl":"https:\/\/cvinoticias.com\/wp-content\/uploads\/2023\/04\/Anses-1024x575-1.jpg","datePublished":"2023-04-10T11:01:49+00:00","breadcrumb":{"@id":"https:\/\/cvinoticias.com\/v3\/anses-como-tramitar-la-pension-por-fallecimiento\/#breadcrumb"},"inLanguage":"es","potentialAction":[{"@type":"ReadAction","target":["https:\/\/cvinoticias.com\/v3\/anses-como-tramitar-la-pension-por-fallecimiento\/"]}]},{"@type":"ImageObject","inLanguage":"es","@id":"https:\/\/cvinoticias.com\/v3\/anses-como-tramitar-la-pension-por-fallecimiento\/#primaryimage","url":"https:\/\/cvinoticias.com\/wp-content\/uploads\/2023\/04\/Anses-1024x575-1.jpg","contentUrl":"https:\/\/cvinoticias.com\/wp-content\/uploads\/2023\/04\/Anses-1024x575-1.jpg","width":1024,"height":575},{"@type":"BreadcrumbList","@id":"https:\/\/cvinoticias.com\/v3\/anses-como-tramitar-la-pension-por-fallecimiento\/#breadcrumb","itemListElement":[{"@type":"ListItem","position":1,"name":"Portada","item":"https:\/\/cvinoticias.com\/v3\/"},{"@type":"ListItem","position":2,"name":"ANSES: c\u00f3mo tramitar la pensi\u00f3n por fallecimiento"}]},{"@type":"WebSite","@id":"https:\/\/cvinoticias.com\/v3\/#website","url":"https:\/\/cvinoticias.com\/v3\/","name":"CVI NOTICIAS","description":"","publisher":{"@id":"https:\/\/cvinoticias.com\/v3\/#organization"},"alternateName":"CVI","potentialAction":[{"@type":"SearchAction","target":{"@type":"EntryPoint","urlTemplate":"https:\/\/cvinoticias.com\/v3\/?s={search_term_string}"},"query-input":{"@type":"PropertyValueSpecification","valueRequired":true,"valueName":"search_term_string"}}],"inLanguage":"es"},{"@type":"Organization","@id":"https:\/\/cvinoticias.com\/v3\/#organization","name":"CVI NOTICIAS","url":"https:\/\/cvinoticias.com\/v3\/","logo":{"@type":"ImageObject","inLanguage":"es","@id":"https:\/\/cvinoticias.com\/v3\/#\/schema\/logo\/image\/","url":"https:\/\/cvinoticias.com\/wp-content\/uploads\/2023\/04\/cropped-cropped-cropped-cropped-cropped-3-1.png","contentUrl":"https:\/\/cvinoticias.com\/wp-content\/uploads\/2023\/04\/cropped-cropped-cropped-cropped-cropped-3-1.png","width":95,"height":122,"caption":"CVI NOTICIAS"},"image":{"@id":"https:\/\/cvinoticias.com\/v3\/#\/schema\/logo\/image\/"},"sameAs":["https:\/\/www.facebook.com\/cvinoticias","https:\/\/www.instagram.com\/cvinoticias\/","https:\/\/www.youtube.com\/@CVINOTICIAS"]},{"@type":"Person","@id":"https:\/\/cvinoticias.com\/v3\/#\/schema\/person\/2db77e3c6bc03c538495d7b2b8be9b66","name":"f1000024","image":{"@type":"ImageObject","inLanguage":"es","@id":"https:\/\/secure.gravatar.com\/avatar\/d4fe7459cfc51ff5129ce1a732bbef5928568b8092d412ef95611616376bbeed?s=96&d=mm&r=g","url":"https:\/\/secure.gravatar.com\/avatar\/d4fe7459cfc51ff5129ce1a732bbef5928568b8092d412ef95611616376bbeed?s=96&d=mm&r=g","contentUrl":"https:\/\/secure.gravatar.com\/avatar\/d4fe7459cfc51ff5129ce1a732bbef5928568b8092d412ef95611616376bbeed?s=96&d=mm&r=g","caption":"f1000024"},"url":"https:\/\/cvinoticias.com\/v3\/author\/f1000024\/"}]}},"_links":{"self":[{"href":"https:\/\/cvinoticias.com\/v3\/wp-json\/wp\/v2\/posts\/23926","targetHints":{"allow":["GET"]}}],"collection":[{"href":"https:\/\/cvinoticias.com\/v3\/wp-json\/wp\/v2\/posts"}],"about":[{"href":"https:\/\/cvinoticias.com\/v3\/wp-json\/wp\/v2\/types\/post"}],"author":[{"embeddable":true,"href":"https:\/\/cvinoticias.com\/v3\/wp-json\/wp\/v2\/users\/2"}],"replies":[{"embeddable":true,"href":"https:\/\/cvinoticias.com\/v3\/wp-json\/wp\/v2\/comments?post=23926"}],"version-history":[{"count":1,"href":"https:\/\/cvinoticias.com\/v3\/wp-json\/wp\/v2\/posts\/23926\/revisions"}],"predecessor-version":[{"id":23928,"href":"https:\/\/cvinoticias.com\/v3\/wp-json\/wp\/v2\/posts\/23926\/revisions\/23928"}],"wp:featuredmedia":[{"embeddable":true,"href":"https:\/\/cvinoticias.com\/v3\/wp-json\/wp\/v2\/media\/23782"}],"wp:attachment":[{"href":"https:\/\/cvinoticias.com\/v3\/wp-json\/wp\/v2\/media?parent=23926"}],"wp:term":[{"taxonomy":"category","embeddable":true,"href":"https:\/\/cvinoticias.com\/v3\/wp-json\/wp\/v2\/categories?post=23926"},{"taxonomy":"post_tag","embeddable":true,"href":"https:\/\/cvinoticias.com\/v3\/wp-json\/wp\/v2\/tags?post=23926"}],"curies":[{"name":"wp","href":"https:\/\/api.w.org\/{rel}","templated":true}]}}