{"id":23918,"date":"2023-04-10T04:13:14","date_gmt":"2023-04-10T04:13:14","guid":{"rendered":"https:\/\/cvinoticias.com\/v3\/?p=23918"},"modified":"2023-04-10T04:13:14","modified_gmt":"2023-04-10T04:13:14","slug":"semana-santa-2023-en-cataratastodoelano","status":"publish","type":"post","link":"https:\/\/cvinoticias.com\/v3\/semana-santa-2023-en-cataratastodoelano\/","title":{"rendered":"Semana Santa 2023 en #CataratasTodoElA\u00f1o"},"content":{"rendered":"\n<p><strong><em>Luego de transitar un excelente #Verano2023, la mirada, como actores de la preciada actividad tur\u00edstica, estuvo puesta en el desarrollo del feriado de la Semana Santa.<\/em><\/strong><\/p>\n\n\n\n<p>Hist\u00f3ricamente estos d\u00edas forman parte de un ciclo que tiende a crecer el flujo de visitantes que llegan seducidos por un destino de naturaleza, un destino sustentable. El 89% elige Puerto Iguaz\u00fa, por actividades y contacto con la naturaleza<\/p>\n\n\n\n<p>Esta Semana Santa finaliz\u00f3 con una ocupaci\u00f3n promedio del 94% con, inclusive, muchos establecimientos trabajando al 100%. Por su parte, los ingresos al Parque Nacional Iguaz\u00fa se situaron en 26.188 visitantes durante los 4 d\u00edas del feriado, arrojando as\u00ed, un promedio de poco\u00a0 m\u00e1s de 6.500 ingresos diarios. Los d\u00edas de mayor afluencia fueron el viernes y s\u00e1bado, con 9.758 Y 8.541 respectivamente.<\/p>\n\n\n\n<figure class=\"wp-block-image size-full\"><a href=\"https:\/\/cvinoticias.com\/wp-content\/uploads\/2023\/04\/IMG-20230409-WA0073.jpg\"><img decoding=\"async\" width=\"1024\" height=\"768\" data-src=\"https:\/\/cvinoticias.com\/wp-content\/uploads\/2023\/04\/IMG-20230409-WA0073.jpg\" alt=\"\" class=\"wp-image-23919 lazyload\" data-srcset=\"https:\/\/cvinoticias.com\/wp-content\/uploads\/2023\/04\/IMG-20230409-WA0073.jpg 1024w, https:\/\/cvinoticias.com\/wp-content\/uploads\/2023\/04\/IMG-20230409-WA0073-300x225.jpg 300w, https:\/\/cvinoticias.com\/wp-content\/uploads\/2023\/04\/IMG-20230409-WA0073-768x576.jpg 768w\" data-sizes=\"(max-width: 1024px) 100vw, 1024px\" src=\"data:image\/svg+xml;base64,PHN2ZyB3aWR0aD0iMSIgaGVpZ2h0PSIxIiB4bWxucz0iaHR0cDovL3d3dy53My5vcmcvMjAwMC9zdmciPjwvc3ZnPg==\" style=\"--smush-placeholder-width: 1024px; --smush-placeholder-aspect-ratio: 1024\/768;\" \/><\/a><\/figure>\n\n\n\n<p>Seg\u00fan lo informado por el Ministerio de Turismo de Misiones, se generaron m\u00e1s de 22 mil arribos a la ciudad y m\u00e1s de 65 mil pernoctaciones, destacando as\u00ed una estad\u00eda promedio de 3,7 noches. En cuanto al movimiento econ\u00f3mico, en concepto de gasto que dejaron los visitantes en la ciudad, super\u00f3 los 698 millones de pesos.<\/p>\n\n\n\n<p>\u201cTuvimos un excelente fin de semana largo con gran movimiento tur\u00edstico, los turistas utilizaron todos los medios de transporte, en a\u00e9reo hubo refuerzos&nbsp; y mayoritariamente llegaron con autom\u00f3vil propio\u201d, se\u00f1alaron desde el Iturem.<\/p>\n\n\n\n<p>Asi mismo a\u00f1adieron \u00abcelebramos otra #SemanaSanta en #IguazuTodoElA\u00f1o, entendiendo que m\u00e1s turismo es m\u00e1s trabajo; y por eso nuestra m\u00e1xima labor es continuar desarrollando la sinergia entre los sectores p\u00fablico-privado y las cualidades que tenemos como destino\u00bb.<\/p>\n\n\n\n<figure class=\"wp-block-image size-full\"><a href=\"https:\/\/cvinoticias.com\/wp-content\/uploads\/2023\/04\/IMG-20230409-WA0070.jpg\"><img decoding=\"async\" width=\"1024\" height=\"680\" data-src=\"https:\/\/cvinoticias.com\/wp-content\/uploads\/2023\/04\/IMG-20230409-WA0070.jpg\" alt=\"\" class=\"wp-image-23920 lazyload\" data-srcset=\"https:\/\/cvinoticias.com\/wp-content\/uploads\/2023\/04\/IMG-20230409-WA0070.jpg 1024w, https:\/\/cvinoticias.com\/wp-content\/uploads\/2023\/04\/IMG-20230409-WA0070-300x199.jpg 300w, https:\/\/cvinoticias.com\/wp-content\/uploads\/2023\/04\/IMG-20230409-WA0070-768x510.jpg 768w\" data-sizes=\"(max-width: 1024px) 100vw, 1024px\" src=\"data:image\/svg+xml;base64,PHN2ZyB3aWR0aD0iMSIgaGVpZ2h0PSIxIiB4bWxucz0iaHR0cDovL3d3dy53My5vcmcvMjAwMC9zdmciPjwvc3ZnPg==\" style=\"--smush-placeholder-width: 1024px; --smush-placeholder-aspect-ratio: 1024\/680;\" \/><\/a><\/figure>\n","protected":false},"excerpt":{"rendered":"<p>Luego de transitar un excelente #Verano2023, la mirada, como actores de la preciada actividad tur\u00edstica, estuvo puesta en el desarrollo del feriado de la Semana Santa. Hist\u00f3ricamente estos d\u00edas forman parte de un ciclo que tiende a crecer el flujo de visitantes que llegan seducidos por un destino de naturaleza, un destino sustentable. El 89% [&hellip;]<\/p>\n","protected":false},"author":2,"featured_media":23921,"comment_status":"open","ping_status":"open","sticky":false,"template":"","format":"standard","meta":{"footnotes":""},"categories":[50],"tags":[],"class_list":["post-23918","post","type-post","status-publish","format-standard","has-post-thumbnail","hentry","category-turismo"],"yoast_head":"<!-- This site is optimized with the Yoast SEO plugin v27.5 - https:\/\/yoast.com\/product\/yoast-seo-wordpress\/ -->\n<title>Semana Santa 2023 en #CataratasTodoElA\u00f1o | CVI NOTICIAS<\/title>\n<meta name=\"robots\" content=\"index, follow, max-snippet:-1, max-image-preview:large, max-video-preview:-1\" \/>\n<link rel=\"canonical\" href=\"https:\/\/cvinoticias.com\/v3\/semana-santa-2023-en-cataratastodoelano\/\" \/>\n<meta property=\"og:locale\" content=\"es_ES\" \/>\n<meta property=\"og:type\" content=\"article\" \/>\n<meta property=\"og:title\" content=\"Semana Santa 2023 en #CataratasTodoElA\u00f1o | CVI NOTICIAS\" \/>\n<meta property=\"og:description\" content=\"Luego de transitar un excelente #Verano2023, la mirada, como actores de la preciada actividad tur\u00edstica, estuvo puesta en el desarrollo del feriado de la Semana Santa. Hist\u00f3ricamente estos d\u00edas forman parte de un ciclo que tiende a crecer el flujo de visitantes que llegan seducidos por un destino de naturaleza, un destino sustentable. El 89% [&hellip;]\" \/>\n<meta property=\"og:url\" content=\"https:\/\/cvinoticias.com\/v3\/semana-santa-2023-en-cataratastodoelano\/\" \/>\n<meta property=\"og:site_name\" content=\"CVI NOTICIAS\" \/>\n<meta property=\"article:publisher\" content=\"https:\/\/www.facebook.com\/cvinoticias\" \/>\n<meta property=\"article:published_time\" content=\"2023-04-10T04:13:14+00:00\" \/>\n<meta property=\"og:image\" content=\"https:\/\/cvinoticias.com\/wp-content\/uploads\/2023\/04\/IMG-20230409-WA0071.jpg\" \/>\n\t<meta property=\"og:image:width\" content=\"576\" \/>\n\t<meta property=\"og:image:height\" content=\"1024\" \/>\n\t<meta property=\"og:image:type\" content=\"image\/jpeg\" \/>\n<meta name=\"author\" content=\"f1000024\" \/>\n<meta name=\"twitter:card\" content=\"summary_large_image\" \/>\n<meta name=\"twitter:label1\" content=\"Escrito por\" \/>\n\t<meta name=\"twitter:data1\" content=\"f1000024\" \/>\n\t<meta name=\"twitter:label2\" content=\"Tiempo de lectura\" \/>\n\t<meta name=\"twitter:data2\" content=\"1 minuto\" \/>\n<script type=\"application\/ld+json\" class=\"yoast-schema-graph\">{\"@context\":\"https:\\\/\\\/schema.org\",\"@graph\":[{\"@type\":\"Article\",\"@id\":\"https:\\\/\\\/cvinoticias.com\\\/v3\\\/semana-santa-2023-en-cataratastodoelano\\\/#article\",\"isPartOf\":{\"@id\":\"https:\\\/\\\/cvinoticias.com\\\/v3\\\/semana-santa-2023-en-cataratastodoelano\\\/\"},\"author\":{\"name\":\"f1000024\",\"@id\":\"https:\\\/\\\/cvinoticias.com\\\/v3\\\/#\\\/schema\\\/person\\\/2db77e3c6bc03c538495d7b2b8be9b66\"},\"headline\":\"Semana Santa 2023 en #CataratasTodoElA\u00f1o\",\"datePublished\":\"2023-04-10T04:13:14+00:00\",\"mainEntityOfPage\":{\"@id\":\"https:\\\/\\\/cvinoticias.com\\\/v3\\\/semana-santa-2023-en-cataratastodoelano\\\/\"},\"wordCount\":271,\"commentCount\":0,\"publisher\":{\"@id\":\"https:\\\/\\\/cvinoticias.com\\\/v3\\\/#organization\"},\"image\":{\"@id\":\"https:\\\/\\\/cvinoticias.com\\\/v3\\\/semana-santa-2023-en-cataratastodoelano\\\/#primaryimage\"},\"thumbnailUrl\":\"https:\\\/\\\/cvinoticias.com\\\/wp-content\\\/uploads\\\/2023\\\/04\\\/IMG-20230409-WA0071.jpg\",\"articleSection\":[\"Turismo\"],\"inLanguage\":\"es\",\"potentialAction\":[{\"@type\":\"CommentAction\",\"name\":\"Comment\",\"target\":[\"https:\\\/\\\/cvinoticias.com\\\/v3\\\/semana-santa-2023-en-cataratastodoelano\\\/#respond\"]}]},{\"@type\":\"WebPage\",\"@id\":\"https:\\\/\\\/cvinoticias.com\\\/v3\\\/semana-santa-2023-en-cataratastodoelano\\\/\",\"url\":\"https:\\\/\\\/cvinoticias.com\\\/v3\\\/semana-santa-2023-en-cataratastodoelano\\\/\",\"name\":\"Semana Santa 2023 en #CataratasTodoElA\u00f1o | CVI NOTICIAS\",\"isPartOf\":{\"@id\":\"https:\\\/\\\/cvinoticias.com\\\/v3\\\/#website\"},\"primaryImageOfPage\":{\"@id\":\"https:\\\/\\\/cvinoticias.com\\\/v3\\\/semana-santa-2023-en-cataratastodoelano\\\/#primaryimage\"},\"image\":{\"@id\":\"https:\\\/\\\/cvinoticias.com\\\/v3\\\/semana-santa-2023-en-cataratastodoelano\\\/#primaryimage\"},\"thumbnailUrl\":\"https:\\\/\\\/cvinoticias.com\\\/wp-content\\\/uploads\\\/2023\\\/04\\\/IMG-20230409-WA0071.jpg\",\"datePublished\":\"2023-04-10T04:13:14+00:00\",\"breadcrumb\":{\"@id\":\"https:\\\/\\\/cvinoticias.com\\\/v3\\\/semana-santa-2023-en-cataratastodoelano\\\/#breadcrumb\"},\"inLanguage\":\"es\",\"potentialAction\":[{\"@type\":\"ReadAction\",\"target\":[\"https:\\\/\\\/cvinoticias.com\\\/v3\\\/semana-santa-2023-en-cataratastodoelano\\\/\"]}]},{\"@type\":\"ImageObject\",\"inLanguage\":\"es\",\"@id\":\"https:\\\/\\\/cvinoticias.com\\\/v3\\\/semana-santa-2023-en-cataratastodoelano\\\/#primaryimage\",\"url\":\"https:\\\/\\\/cvinoticias.com\\\/wp-content\\\/uploads\\\/2023\\\/04\\\/IMG-20230409-WA0071.jpg\",\"contentUrl\":\"https:\\\/\\\/cvinoticias.com\\\/wp-content\\\/uploads\\\/2023\\\/04\\\/IMG-20230409-WA0071.jpg\",\"width\":576,\"height\":1024},{\"@type\":\"BreadcrumbList\",\"@id\":\"https:\\\/\\\/cvinoticias.com\\\/v3\\\/semana-santa-2023-en-cataratastodoelano\\\/#breadcrumb\",\"itemListElement\":[{\"@type\":\"ListItem\",\"position\":1,\"name\":\"Portada\",\"item\":\"https:\\\/\\\/cvinoticias.com\\\/v3\\\/\"},{\"@type\":\"ListItem\",\"position\":2,\"name\":\"Semana Santa 2023 en #CataratasTodoElA\u00f1o\"}]},{\"@type\":\"WebSite\",\"@id\":\"https:\\\/\\\/cvinoticias.com\\\/v3\\\/#website\",\"url\":\"https:\\\/\\\/cvinoticias.com\\\/v3\\\/\",\"name\":\"CVI NOTICIAS\",\"description\":\"\",\"publisher\":{\"@id\":\"https:\\\/\\\/cvinoticias.com\\\/v3\\\/#organization\"},\"alternateName\":\"CVI\",\"potentialAction\":[{\"@type\":\"SearchAction\",\"target\":{\"@type\":\"EntryPoint\",\"urlTemplate\":\"https:\\\/\\\/cvinoticias.com\\\/v3\\\/?s={search_term_string}\"},\"query-input\":{\"@type\":\"PropertyValueSpecification\",\"valueRequired\":true,\"valueName\":\"search_term_string\"}}],\"inLanguage\":\"es\"},{\"@type\":\"Organization\",\"@id\":\"https:\\\/\\\/cvinoticias.com\\\/v3\\\/#organization\",\"name\":\"CVI NOTICIAS\",\"url\":\"https:\\\/\\\/cvinoticias.com\\\/v3\\\/\",\"logo\":{\"@type\":\"ImageObject\",\"inLanguage\":\"es\",\"@id\":\"https:\\\/\\\/cvinoticias.com\\\/v3\\\/#\\\/schema\\\/logo\\\/image\\\/\",\"url\":\"https:\\\/\\\/cvinoticias.com\\\/wp-content\\\/uploads\\\/2023\\\/04\\\/cropped-cropped-cropped-cropped-cropped-3-1.png\",\"contentUrl\":\"https:\\\/\\\/cvinoticias.com\\\/wp-content\\\/uploads\\\/2023\\\/04\\\/cropped-cropped-cropped-cropped-cropped-3-1.png\",\"width\":95,\"height\":122,\"caption\":\"CVI NOTICIAS\"},\"image\":{\"@id\":\"https:\\\/\\\/cvinoticias.com\\\/v3\\\/#\\\/schema\\\/logo\\\/image\\\/\"},\"sameAs\":[\"https:\\\/\\\/www.facebook.com\\\/cvinoticias\",\"https:\\\/\\\/www.instagram.com\\\/cvinoticias\\\/\",\"https:\\\/\\\/www.youtube.com\\\/@CVINOTICIAS\"]},{\"@type\":\"Person\",\"@id\":\"https:\\\/\\\/cvinoticias.com\\\/v3\\\/#\\\/schema\\\/person\\\/2db77e3c6bc03c538495d7b2b8be9b66\",\"name\":\"f1000024\",\"image\":{\"@type\":\"ImageObject\",\"inLanguage\":\"es\",\"@id\":\"https:\\\/\\\/secure.gravatar.com\\\/avatar\\\/d4fe7459cfc51ff5129ce1a732bbef5928568b8092d412ef95611616376bbeed?s=96&d=mm&r=g\",\"url\":\"https:\\\/\\\/secure.gravatar.com\\\/avatar\\\/d4fe7459cfc51ff5129ce1a732bbef5928568b8092d412ef95611616376bbeed?s=96&d=mm&r=g\",\"contentUrl\":\"https:\\\/\\\/secure.gravatar.com\\\/avatar\\\/d4fe7459cfc51ff5129ce1a732bbef5928568b8092d412ef95611616376bbeed?s=96&d=mm&r=g\",\"caption\":\"f1000024\"},\"url\":\"https:\\\/\\\/cvinoticias.com\\\/v3\\\/author\\\/f1000024\\\/\"}]}<\/script>\n<!-- \/ Yoast SEO plugin. -->","yoast_head_json":{"title":"Semana Santa 2023 en #CataratasTodoElA\u00f1o | CVI NOTICIAS","robots":{"index":"index","follow":"follow","max-snippet":"max-snippet:-1","max-image-preview":"max-image-preview:large","max-video-preview":"max-video-preview:-1"},"canonical":"https:\/\/cvinoticias.com\/v3\/semana-santa-2023-en-cataratastodoelano\/","og_locale":"es_ES","og_type":"article","og_title":"Semana Santa 2023 en #CataratasTodoElA\u00f1o | CVI NOTICIAS","og_description":"Luego de transitar un excelente #Verano2023, la mirada, como actores de la preciada actividad tur\u00edstica, estuvo puesta en el desarrollo del feriado de la Semana Santa. Hist\u00f3ricamente estos d\u00edas forman parte de un ciclo que tiende a crecer el flujo de visitantes que llegan seducidos por un destino de naturaleza, un destino sustentable. El 89% [&hellip;]","og_url":"https:\/\/cvinoticias.com\/v3\/semana-santa-2023-en-cataratastodoelano\/","og_site_name":"CVI NOTICIAS","article_publisher":"https:\/\/www.facebook.com\/cvinoticias","article_published_time":"2023-04-10T04:13:14+00:00","og_image":[{"width":576,"height":1024,"url":"https:\/\/cvinoticias.com\/wp-content\/uploads\/2023\/04\/IMG-20230409-WA0071.jpg","type":"image\/jpeg"}],"author":"f1000024","twitter_card":"summary_large_image","twitter_misc":{"Escrito por":"f1000024","Tiempo de lectura":"1 minuto"},"schema":{"@context":"https:\/\/schema.org","@graph":[{"@type":"Article","@id":"https:\/\/cvinoticias.com\/v3\/semana-santa-2023-en-cataratastodoelano\/#article","isPartOf":{"@id":"https:\/\/cvinoticias.com\/v3\/semana-santa-2023-en-cataratastodoelano\/"},"author":{"name":"f1000024","@id":"https:\/\/cvinoticias.com\/v3\/#\/schema\/person\/2db77e3c6bc03c538495d7b2b8be9b66"},"headline":"Semana Santa 2023 en #CataratasTodoElA\u00f1o","datePublished":"2023-04-10T04:13:14+00:00","mainEntityOfPage":{"@id":"https:\/\/cvinoticias.com\/v3\/semana-santa-2023-en-cataratastodoelano\/"},"wordCount":271,"commentCount":0,"publisher":{"@id":"https:\/\/cvinoticias.com\/v3\/#organization"},"image":{"@id":"https:\/\/cvinoticias.com\/v3\/semana-santa-2023-en-cataratastodoelano\/#primaryimage"},"thumbnailUrl":"https:\/\/cvinoticias.com\/wp-content\/uploads\/2023\/04\/IMG-20230409-WA0071.jpg","articleSection":["Turismo"],"inLanguage":"es","potentialAction":[{"@type":"CommentAction","name":"Comment","target":["https:\/\/cvinoticias.com\/v3\/semana-santa-2023-en-cataratastodoelano\/#respond"]}]},{"@type":"WebPage","@id":"https:\/\/cvinoticias.com\/v3\/semana-santa-2023-en-cataratastodoelano\/","url":"https:\/\/cvinoticias.com\/v3\/semana-santa-2023-en-cataratastodoelano\/","name":"Semana Santa 2023 en #CataratasTodoElA\u00f1o | CVI NOTICIAS","isPartOf":{"@id":"https:\/\/cvinoticias.com\/v3\/#website"},"primaryImageOfPage":{"@id":"https:\/\/cvinoticias.com\/v3\/semana-santa-2023-en-cataratastodoelano\/#primaryimage"},"image":{"@id":"https:\/\/cvinoticias.com\/v3\/semana-santa-2023-en-cataratastodoelano\/#primaryimage"},"thumbnailUrl":"https:\/\/cvinoticias.com\/wp-content\/uploads\/2023\/04\/IMG-20230409-WA0071.jpg","datePublished":"2023-04-10T04:13:14+00:00","breadcrumb":{"@id":"https:\/\/cvinoticias.com\/v3\/semana-santa-2023-en-cataratastodoelano\/#breadcrumb"},"inLanguage":"es","potentialAction":[{"@type":"ReadAction","target":["https:\/\/cvinoticias.com\/v3\/semana-santa-2023-en-cataratastodoelano\/"]}]},{"@type":"ImageObject","inLanguage":"es","@id":"https:\/\/cvinoticias.com\/v3\/semana-santa-2023-en-cataratastodoelano\/#primaryimage","url":"https:\/\/cvinoticias.com\/wp-content\/uploads\/2023\/04\/IMG-20230409-WA0071.jpg","contentUrl":"https:\/\/cvinoticias.com\/wp-content\/uploads\/2023\/04\/IMG-20230409-WA0071.jpg","width":576,"height":1024},{"@type":"BreadcrumbList","@id":"https:\/\/cvinoticias.com\/v3\/semana-santa-2023-en-cataratastodoelano\/#breadcrumb","itemListElement":[{"@type":"ListItem","position":1,"name":"Portada","item":"https:\/\/cvinoticias.com\/v3\/"},{"@type":"ListItem","position":2,"name":"Semana Santa 2023 en #CataratasTodoElA\u00f1o"}]},{"@type":"WebSite","@id":"https:\/\/cvinoticias.com\/v3\/#website","url":"https:\/\/cvinoticias.com\/v3\/","name":"CVI NOTICIAS","description":"","publisher":{"@id":"https:\/\/cvinoticias.com\/v3\/#organization"},"alternateName":"CVI","potentialAction":[{"@type":"SearchAction","target":{"@type":"EntryPoint","urlTemplate":"https:\/\/cvinoticias.com\/v3\/?s={search_term_string}"},"query-input":{"@type":"PropertyValueSpecification","valueRequired":true,"valueName":"search_term_string"}}],"inLanguage":"es"},{"@type":"Organization","@id":"https:\/\/cvinoticias.com\/v3\/#organization","name":"CVI NOTICIAS","url":"https:\/\/cvinoticias.com\/v3\/","logo":{"@type":"ImageObject","inLanguage":"es","@id":"https:\/\/cvinoticias.com\/v3\/#\/schema\/logo\/image\/","url":"https:\/\/cvinoticias.com\/wp-content\/uploads\/2023\/04\/cropped-cropped-cropped-cropped-cropped-3-1.png","contentUrl":"https:\/\/cvinoticias.com\/wp-content\/uploads\/2023\/04\/cropped-cropped-cropped-cropped-cropped-3-1.png","width":95,"height":122,"caption":"CVI NOTICIAS"},"image":{"@id":"https:\/\/cvinoticias.com\/v3\/#\/schema\/logo\/image\/"},"sameAs":["https:\/\/www.facebook.com\/cvinoticias","https:\/\/www.instagram.com\/cvinoticias\/","https:\/\/www.youtube.com\/@CVINOTICIAS"]},{"@type":"Person","@id":"https:\/\/cvinoticias.com\/v3\/#\/schema\/person\/2db77e3c6bc03c538495d7b2b8be9b66","name":"f1000024","image":{"@type":"ImageObject","inLanguage":"es","@id":"https:\/\/secure.gravatar.com\/avatar\/d4fe7459cfc51ff5129ce1a732bbef5928568b8092d412ef95611616376bbeed?s=96&d=mm&r=g","url":"https:\/\/secure.gravatar.com\/avatar\/d4fe7459cfc51ff5129ce1a732bbef5928568b8092d412ef95611616376bbeed?s=96&d=mm&r=g","contentUrl":"https:\/\/secure.gravatar.com\/avatar\/d4fe7459cfc51ff5129ce1a732bbef5928568b8092d412ef95611616376bbeed?s=96&d=mm&r=g","caption":"f1000024"},"url":"https:\/\/cvinoticias.com\/v3\/author\/f1000024\/"}]}},"_links":{"self":[{"href":"https:\/\/cvinoticias.com\/v3\/wp-json\/wp\/v2\/posts\/23918","targetHints":{"allow":["GET"]}}],"collection":[{"href":"https:\/\/cvinoticias.com\/v3\/wp-json\/wp\/v2\/posts"}],"about":[{"href":"https:\/\/cvinoticias.com\/v3\/wp-json\/wp\/v2\/types\/post"}],"author":[{"embeddable":true,"href":"https:\/\/cvinoticias.com\/v3\/wp-json\/wp\/v2\/users\/2"}],"replies":[{"embeddable":true,"href":"https:\/\/cvinoticias.com\/v3\/wp-json\/wp\/v2\/comments?post=23918"}],"version-history":[{"count":1,"href":"https:\/\/cvinoticias.com\/v3\/wp-json\/wp\/v2\/posts\/23918\/revisions"}],"predecessor-version":[{"id":23922,"href":"https:\/\/cvinoticias.com\/v3\/wp-json\/wp\/v2\/posts\/23918\/revisions\/23922"}],"wp:featuredmedia":[{"embeddable":true,"href":"https:\/\/cvinoticias.com\/v3\/wp-json\/wp\/v2\/media\/23921"}],"wp:attachment":[{"href":"https:\/\/cvinoticias.com\/v3\/wp-json\/wp\/v2\/media?parent=23918"}],"wp:term":[{"taxonomy":"category","embeddable":true,"href":"https:\/\/cvinoticias.com\/v3\/wp-json\/wp\/v2\/categories?post=23918"},{"taxonomy":"post_tag","embeddable":true,"href":"https:\/\/cvinoticias.com\/v3\/wp-json\/wp\/v2\/tags?post=23918"}],"curies":[{"name":"wp","href":"https:\/\/api.w.org\/{rel}","templated":true}]}}