{"id":23901,"date":"2023-04-09T12:27:34","date_gmt":"2023-04-09T12:27:34","guid":{"rendered":"https:\/\/cvinoticias.com\/v3\/?p=23901"},"modified":"2023-04-09T12:27:34","modified_gmt":"2023-04-09T12:27:34","slug":"por-primera-vez-en-el-pais-se-lanzo-un-programa-universitario-de-capacitacion-en-victimas-de-delitos","status":"publish","type":"post","link":"https:\/\/cvinoticias.com\/v3\/por-primera-vez-en-el-pais-se-lanzo-un-programa-universitario-de-capacitacion-en-victimas-de-delitos\/","title":{"rendered":"Por primera vez en el pa\u00eds se lanz\u00f3 un programa universitario de capacitaci\u00f3n en v\u00edctimas de delitos"},"content":{"rendered":"\n<p><strong><em>Es organizado por la Asociaci\u00f3n Civil Usina de la Justicia en conjunto con la Universidad Argentina de la Empresa (UADE). El programa es gratuito y abierto a todos.<\/em><\/strong><\/p>\n\n\n\n<p>La Asociaci\u00f3n Civil Usina de Justicia y la Facultad de Ciencias Jur\u00eddicas y Sociales de la UADE presentaron un novedoso Programa de Capacitaci\u00f3n en V\u00edctimas de Delitos que por primera vez se dictar\u00e1 en el pa\u00eds.<\/p>\n\n\n\n<p>Se trata de una iniciativa que busca establecer un cambio de paradigma en el Sistema Penal actual brindando herramientas para la protecci\u00f3n y asistencia a las v\u00edctimas de delitos. El programa, coordinado por el abogado Daniel Roggero, se llevar\u00e1 a cabo de manera presencial durante cuatro jueves consecutivos, del 13 de abril al 4 de mayo, de 15 a 18 hs.<\/p>\n\n\n\n<p>La inauguraci\u00f3n estar\u00e1 a cargo de la Presidenta de la Asociaci\u00f3n Usina de Justicia, Diana Cohen Agrest, y del Decano de la Facultad de Ciencias Jur\u00eddicas y Sociales de la UADE, Nicol\u00e1s Durrieu.<\/p>\n\n\n\n<p>El primer m\u00f3dulo, el 13 de abril, tratar\u00e1 sobre \u201cV\u00edctimas y Poder Judicial\u201d, con la presencia de Marcelo Aebi, profesor titular en la Universidad de Lausana, Suiza, donde est\u00e1 radicado, y actualmente secretario ejecutivo de la Sociedad Europea de Criminolog\u00eda; y Sandra Arroyo Salgado, jueza frderal en lo Criminal y Correccional N\u00b01 de San Isidro.<\/p>\n\n\n\n<p>El segundo m\u00f3dulo, el 20 de abril, abordar\u00e1 la \u201cLegislaci\u00f3n Vigente: Derechos Humanos de las V\u00edctimas\u201d, con la participaci\u00f3n de Daniel Sabsay, Catedr\u00e1tico especializado en derecho constitucional y Presidente de la Asociaci\u00f3n Argentina de Derecho Constitucional; y de Eduardo Gerome, ex Juez, abogado penalista.<\/p>\n\n\n\n<p>El tercer m\u00f3dulo, el 27 de abril, presentar\u00e1 la \u201cVisi\u00f3n desde la Sociedad Civil\u201d, con la participaci\u00f3n de Raquel Slotolow, Ex Juez del Juzgado en lo Correccional N\u00b0 2 del Departamento Judicial Z\u00e1rate-Campana y miembro de Usina de Justicia; de Mariana Romano (Abogada) y de Karina Massa, v\u00edctima de delito.<\/p>\n\n\n\n<p>El cuarto y \u00faltimo m\u00f3dulo, el 4 de mayo, tratar\u00e1 sobre \u201cPerspectiva de V\u00edctimas: un cambio de paradigma\u201d, con la presencia de Liliana Bruto, Abogada Especialista en Derecho Penal y Doctora en Derecho Penal y Ciencias Penales; Sandra Elena Furio, Subsecretaria a Cargo del Departamento de Asistencia a V\u00edctimas, Denuncias y Resoluci\u00f3n Alternativa de Conflictos dependiente de la Secretar\u00eda de Pol\u00edtica Criminal de la Procuraci\u00f3n General ante La Suprema Corte de la Provincia de Buenos Aires y Daniel Roggero, coordinador del Programa.<\/p>\n\n\n\n<p>Las inscripciones para el Programa de Capacitaci\u00f3n en V\u00edctimas de Delitos ya est\u00e1n abiertas y pueden realizarse a trav\u00e9s del enlace proporcionado: abogacia@uade.edu.ar.<\/p>\n\n\n\n<p>Los cuatro encuentros presenciales tendr\u00e1n lugar en el Auditorio Principal de la UADE (Sede Recoleta), en la calle Libertad 1340 de CABA.<\/p>\n\n\n\n<p>Esta capacitaci\u00f3n, que se brinda de manera gratuita, es una oportunidad para aprender de expertos en diferentes \u00e1reas del derecho y la justicia, y brindar asistencia y protecci\u00f3n a las v\u00edctimas de delitos.<\/p>\n\n\n\n<p>La asociaci\u00f3n civil Usina de Justicia, creada en 2014, tiene justamente como objetivo el acompa\u00f1amiento de las v\u00edctimas de homicidio, no s\u00f3lo en el plano emocional sino en el legal. La finalidad es que las v\u00edctimas participen del proceso penal y de la ejecuci\u00f3n de las penas, \u201cen paridad de condiciones con las del imputado y el agente fiscal\u201d, seg\u00fan expresa la ong.<\/p>\n\n\n\n<p>El creciente activismo de los familiares de las v\u00edctimas<\/p>\n\n\n\n<p>El flagelo de la violencia delictiva, ante la cual hasta ahora las autoridades se han mostrado impotentes, ha llevado a las propias v\u00edctimas, directas y secundarias, de los delitos a organizarse y movilizarse para obligar a los legisladores y funcionarios de los poderes ejecutivo y judicial a ocuparse de esta problem\u00e1tica de modo m\u00e1s eficiente. As\u00ed fue como se logr\u00f3, entre otras cosas, la sanci\u00f3n de la Ley de Derechos y Garant\u00edas de las Personas V\u00edctimas de Delitos, n\u00b0 27372, en junio de 2017.<\/p>\n\n\n\n<p>En mayo del a\u00f1o pasado, el entonces presidente de la C\u00e1mara de Diputados, Sergio Massa, recibi\u00f3 en el Congreso de la Naci\u00f3n a organizaciones de familiares y v\u00edctimas de siniestros viales, en el marco de la Semana Mundial de Acci\u00f3n por la Seguridad Vial.<\/p>\n\n\n\n<p>Junto a ellos estuvieron la referente de Madres del Dolor, Viviam Perrone, referentes de la organizaci\u00f3n Estrellas Amarrillas y representantes de organizaciones de todo el pa\u00eds, en una mesa compartida con el objetivo de trabajar en medidas legislativas para reducir los siniestros viales en la que Massa escuch\u00f3 a las v\u00edctimas y familiares.<\/p>\n\n\n\n<p>Todas estas ONGs fueron invitadas para que pudieran expresarse sobre los proyectos de Alcohol Cero al Volante; la Ley Tahiel y el proyecto para limitar la velocidad m\u00e1xima en los barrios a 30 km\/h.<\/p>\n\n\n\n<p>En ese contexto, Massa destac\u00f3 al rol del Observatorio de V\u00edctimas de la C\u00e1mara Baja: \u201cEs importante que tengamos la capacidad de aprovechar el instrumento que representa el Observatorio para poner blanco sobre negro a nuestra sociedad, a esos jueces que tardan 5, 6, 7 a\u00f1os en impartir justicia, que buscan los vericuetos y los escondites de los C\u00f3digos para tratar de beneficiar a los asesinos que, en lugar de usar un rev\u00f3lver, usan un veh\u00edculo\u201d.<\/p>\n\n\n\n<p>En esa l\u00ednea, expres\u00f3 que es necesario mostrarle a la sociedad argentina \u201ca aquellos que no cumplen con su tarea y revictimizan a la v\u00edctima y a su familia cuando, en nombre de derechos y garant\u00edas inexistentes, terminan beneficiando a los que asesinan al volante\u201d.<\/p>\n","protected":false},"excerpt":{"rendered":"<p>Es organizado por la Asociaci\u00f3n Civil Usina de la Justicia en conjunto con la Universidad Argentina de la Empresa (UADE). El programa es gratuito y abierto a todos. La Asociaci\u00f3n Civil Usina de Justicia y la Facultad de Ciencias Jur\u00eddicas y Sociales de la UADE presentaron un novedoso Programa de Capacitaci\u00f3n en V\u00edctimas de Delitos [&hellip;]<\/p>\n","protected":false},"author":2,"featured_media":23902,"comment_status":"open","ping_status":"open","sticky":false,"template":"","format":"standard","meta":{"footnotes":""},"categories":[39],"tags":[],"class_list":["post-23901","post","type-post","status-publish","format-standard","has-post-thumbnail","hentry","category-nacionales"],"yoast_head":"<!-- This site is optimized with the Yoast SEO plugin v27.5 - https:\/\/yoast.com\/product\/yoast-seo-wordpress\/ -->\n<title>Por primera vez en el pa\u00eds se lanz\u00f3 un programa universitario de capacitaci\u00f3n en v\u00edctimas de delitos | CVI NOTICIAS<\/title>\n<meta name=\"robots\" content=\"index, follow, max-snippet:-1, max-image-preview:large, max-video-preview:-1\" \/>\n<link rel=\"canonical\" href=\"https:\/\/cvinoticias.com\/v3\/por-primera-vez-en-el-pais-se-lanzo-un-programa-universitario-de-capacitacion-en-victimas-de-delitos\/\" \/>\n<meta property=\"og:locale\" content=\"es_ES\" \/>\n<meta property=\"og:type\" content=\"article\" \/>\n<meta property=\"og:title\" content=\"Por primera vez en el pa\u00eds se lanz\u00f3 un programa universitario de capacitaci\u00f3n en v\u00edctimas de delitos | CVI NOTICIAS\" \/>\n<meta property=\"og:description\" content=\"Es organizado por la Asociaci\u00f3n Civil Usina de la Justicia en conjunto con la Universidad Argentina de la Empresa (UADE). El programa es gratuito y abierto a todos. La Asociaci\u00f3n Civil Usina de Justicia y la Facultad de Ciencias Jur\u00eddicas y Sociales de la UADE presentaron un novedoso Programa de Capacitaci\u00f3n en V\u00edctimas de Delitos [&hellip;]\" \/>\n<meta property=\"og:url\" content=\"https:\/\/cvinoticias.com\/v3\/por-primera-vez-en-el-pais-se-lanzo-un-programa-universitario-de-capacitacion-en-victimas-de-delitos\/\" \/>\n<meta property=\"og:site_name\" content=\"CVI NOTICIAS\" \/>\n<meta property=\"article:publisher\" content=\"https:\/\/www.facebook.com\/cvinoticias\" \/>\n<meta property=\"article:published_time\" content=\"2023-04-09T12:27:34+00:00\" \/>\n<meta property=\"og:image\" content=\"https:\/\/cvinoticias.com\/wp-content\/uploads\/2023\/04\/0000134113.jpg\" \/>\n\t<meta property=\"og:image:width\" content=\"1500\" \/>\n\t<meta property=\"og:image:height\" content=\"870\" \/>\n\t<meta property=\"og:image:type\" content=\"image\/jpeg\" \/>\n<meta name=\"author\" content=\"f1000024\" \/>\n<meta name=\"twitter:card\" content=\"summary_large_image\" \/>\n<meta name=\"twitter:label1\" content=\"Escrito por\" \/>\n\t<meta name=\"twitter:data1\" content=\"f1000024\" \/>\n\t<meta name=\"twitter:label2\" content=\"Tiempo de lectura\" \/>\n\t<meta name=\"twitter:data2\" content=\"5 minutos\" \/>\n<script type=\"application\/ld+json\" class=\"yoast-schema-graph\">{\"@context\":\"https:\\\/\\\/schema.org\",\"@graph\":[{\"@type\":\"Article\",\"@id\":\"https:\\\/\\\/cvinoticias.com\\\/v3\\\/por-primera-vez-en-el-pais-se-lanzo-un-programa-universitario-de-capacitacion-en-victimas-de-delitos\\\/#article\",\"isPartOf\":{\"@id\":\"https:\\\/\\\/cvinoticias.com\\\/v3\\\/por-primera-vez-en-el-pais-se-lanzo-un-programa-universitario-de-capacitacion-en-victimas-de-delitos\\\/\"},\"author\":{\"name\":\"f1000024\",\"@id\":\"https:\\\/\\\/cvinoticias.com\\\/v3\\\/#\\\/schema\\\/person\\\/2db77e3c6bc03c538495d7b2b8be9b66\"},\"headline\":\"Por primera vez en el pa\u00eds se lanz\u00f3 un programa universitario de capacitaci\u00f3n en v\u00edctimas de delitos\",\"datePublished\":\"2023-04-09T12:27:34+00:00\",\"mainEntityOfPage\":{\"@id\":\"https:\\\/\\\/cvinoticias.com\\\/v3\\\/por-primera-vez-en-el-pais-se-lanzo-un-programa-universitario-de-capacitacion-en-victimas-de-delitos\\\/\"},\"wordCount\":955,\"commentCount\":0,\"publisher\":{\"@id\":\"https:\\\/\\\/cvinoticias.com\\\/v3\\\/#organization\"},\"image\":{\"@id\":\"https:\\\/\\\/cvinoticias.com\\\/v3\\\/por-primera-vez-en-el-pais-se-lanzo-un-programa-universitario-de-capacitacion-en-victimas-de-delitos\\\/#primaryimage\"},\"thumbnailUrl\":\"https:\\\/\\\/cvinoticias.com\\\/wp-content\\\/uploads\\\/2023\\\/04\\\/0000134113.jpg\",\"articleSection\":[\"Nacionales\"],\"inLanguage\":\"es\",\"potentialAction\":[{\"@type\":\"CommentAction\",\"name\":\"Comment\",\"target\":[\"https:\\\/\\\/cvinoticias.com\\\/v3\\\/por-primera-vez-en-el-pais-se-lanzo-un-programa-universitario-de-capacitacion-en-victimas-de-delitos\\\/#respond\"]}]},{\"@type\":\"WebPage\",\"@id\":\"https:\\\/\\\/cvinoticias.com\\\/v3\\\/por-primera-vez-en-el-pais-se-lanzo-un-programa-universitario-de-capacitacion-en-victimas-de-delitos\\\/\",\"url\":\"https:\\\/\\\/cvinoticias.com\\\/v3\\\/por-primera-vez-en-el-pais-se-lanzo-un-programa-universitario-de-capacitacion-en-victimas-de-delitos\\\/\",\"name\":\"Por primera vez en el pa\u00eds se lanz\u00f3 un programa universitario de capacitaci\u00f3n en v\u00edctimas de delitos | CVI NOTICIAS\",\"isPartOf\":{\"@id\":\"https:\\\/\\\/cvinoticias.com\\\/v3\\\/#website\"},\"primaryImageOfPage\":{\"@id\":\"https:\\\/\\\/cvinoticias.com\\\/v3\\\/por-primera-vez-en-el-pais-se-lanzo-un-programa-universitario-de-capacitacion-en-victimas-de-delitos\\\/#primaryimage\"},\"image\":{\"@id\":\"https:\\\/\\\/cvinoticias.com\\\/v3\\\/por-primera-vez-en-el-pais-se-lanzo-un-programa-universitario-de-capacitacion-en-victimas-de-delitos\\\/#primaryimage\"},\"thumbnailUrl\":\"https:\\\/\\\/cvinoticias.com\\\/wp-content\\\/uploads\\\/2023\\\/04\\\/0000134113.jpg\",\"datePublished\":\"2023-04-09T12:27:34+00:00\",\"breadcrumb\":{\"@id\":\"https:\\\/\\\/cvinoticias.com\\\/v3\\\/por-primera-vez-en-el-pais-se-lanzo-un-programa-universitario-de-capacitacion-en-victimas-de-delitos\\\/#breadcrumb\"},\"inLanguage\":\"es\",\"potentialAction\":[{\"@type\":\"ReadAction\",\"target\":[\"https:\\\/\\\/cvinoticias.com\\\/v3\\\/por-primera-vez-en-el-pais-se-lanzo-un-programa-universitario-de-capacitacion-en-victimas-de-delitos\\\/\"]}]},{\"@type\":\"ImageObject\",\"inLanguage\":\"es\",\"@id\":\"https:\\\/\\\/cvinoticias.com\\\/v3\\\/por-primera-vez-en-el-pais-se-lanzo-un-programa-universitario-de-capacitacion-en-victimas-de-delitos\\\/#primaryimage\",\"url\":\"https:\\\/\\\/cvinoticias.com\\\/wp-content\\\/uploads\\\/2023\\\/04\\\/0000134113.jpg\",\"contentUrl\":\"https:\\\/\\\/cvinoticias.com\\\/wp-content\\\/uploads\\\/2023\\\/04\\\/0000134113.jpg\",\"width\":1500,\"height\":870},{\"@type\":\"BreadcrumbList\",\"@id\":\"https:\\\/\\\/cvinoticias.com\\\/v3\\\/por-primera-vez-en-el-pais-se-lanzo-un-programa-universitario-de-capacitacion-en-victimas-de-delitos\\\/#breadcrumb\",\"itemListElement\":[{\"@type\":\"ListItem\",\"position\":1,\"name\":\"Portada\",\"item\":\"https:\\\/\\\/cvinoticias.com\\\/v3\\\/\"},{\"@type\":\"ListItem\",\"position\":2,\"name\":\"Por primera vez en el pa\u00eds se lanz\u00f3 un programa universitario de capacitaci\u00f3n en v\u00edctimas de delitos\"}]},{\"@type\":\"WebSite\",\"@id\":\"https:\\\/\\\/cvinoticias.com\\\/v3\\\/#website\",\"url\":\"https:\\\/\\\/cvinoticias.com\\\/v3\\\/\",\"name\":\"CVI NOTICIAS\",\"description\":\"\",\"publisher\":{\"@id\":\"https:\\\/\\\/cvinoticias.com\\\/v3\\\/#organization\"},\"alternateName\":\"CVI\",\"potentialAction\":[{\"@type\":\"SearchAction\",\"target\":{\"@type\":\"EntryPoint\",\"urlTemplate\":\"https:\\\/\\\/cvinoticias.com\\\/v3\\\/?s={search_term_string}\"},\"query-input\":{\"@type\":\"PropertyValueSpecification\",\"valueRequired\":true,\"valueName\":\"search_term_string\"}}],\"inLanguage\":\"es\"},{\"@type\":\"Organization\",\"@id\":\"https:\\\/\\\/cvinoticias.com\\\/v3\\\/#organization\",\"name\":\"CVI NOTICIAS\",\"url\":\"https:\\\/\\\/cvinoticias.com\\\/v3\\\/\",\"logo\":{\"@type\":\"ImageObject\",\"inLanguage\":\"es\",\"@id\":\"https:\\\/\\\/cvinoticias.com\\\/v3\\\/#\\\/schema\\\/logo\\\/image\\\/\",\"url\":\"https:\\\/\\\/cvinoticias.com\\\/wp-content\\\/uploads\\\/2023\\\/04\\\/cropped-cropped-cropped-cropped-cropped-3-1.png\",\"contentUrl\":\"https:\\\/\\\/cvinoticias.com\\\/wp-content\\\/uploads\\\/2023\\\/04\\\/cropped-cropped-cropped-cropped-cropped-3-1.png\",\"width\":95,\"height\":122,\"caption\":\"CVI NOTICIAS\"},\"image\":{\"@id\":\"https:\\\/\\\/cvinoticias.com\\\/v3\\\/#\\\/schema\\\/logo\\\/image\\\/\"},\"sameAs\":[\"https:\\\/\\\/www.facebook.com\\\/cvinoticias\",\"https:\\\/\\\/www.instagram.com\\\/cvinoticias\\\/\",\"https:\\\/\\\/www.youtube.com\\\/@CVINOTICIAS\"]},{\"@type\":\"Person\",\"@id\":\"https:\\\/\\\/cvinoticias.com\\\/v3\\\/#\\\/schema\\\/person\\\/2db77e3c6bc03c538495d7b2b8be9b66\",\"name\":\"f1000024\",\"image\":{\"@type\":\"ImageObject\",\"inLanguage\":\"es\",\"@id\":\"https:\\\/\\\/secure.gravatar.com\\\/avatar\\\/d4fe7459cfc51ff5129ce1a732bbef5928568b8092d412ef95611616376bbeed?s=96&d=mm&r=g\",\"url\":\"https:\\\/\\\/secure.gravatar.com\\\/avatar\\\/d4fe7459cfc51ff5129ce1a732bbef5928568b8092d412ef95611616376bbeed?s=96&d=mm&r=g\",\"contentUrl\":\"https:\\\/\\\/secure.gravatar.com\\\/avatar\\\/d4fe7459cfc51ff5129ce1a732bbef5928568b8092d412ef95611616376bbeed?s=96&d=mm&r=g\",\"caption\":\"f1000024\"},\"url\":\"https:\\\/\\\/cvinoticias.com\\\/v3\\\/author\\\/f1000024\\\/\"}]}<\/script>\n<!-- \/ Yoast SEO plugin. -->","yoast_head_json":{"title":"Por primera vez en el pa\u00eds se lanz\u00f3 un programa universitario de capacitaci\u00f3n en v\u00edctimas de delitos | CVI NOTICIAS","robots":{"index":"index","follow":"follow","max-snippet":"max-snippet:-1","max-image-preview":"max-image-preview:large","max-video-preview":"max-video-preview:-1"},"canonical":"https:\/\/cvinoticias.com\/v3\/por-primera-vez-en-el-pais-se-lanzo-un-programa-universitario-de-capacitacion-en-victimas-de-delitos\/","og_locale":"es_ES","og_type":"article","og_title":"Por primera vez en el pa\u00eds se lanz\u00f3 un programa universitario de capacitaci\u00f3n en v\u00edctimas de delitos | CVI NOTICIAS","og_description":"Es organizado por la Asociaci\u00f3n Civil Usina de la Justicia en conjunto con la Universidad Argentina de la Empresa (UADE). El programa es gratuito y abierto a todos. La Asociaci\u00f3n Civil Usina de Justicia y la Facultad de Ciencias Jur\u00eddicas y Sociales de la UADE presentaron un novedoso Programa de Capacitaci\u00f3n en V\u00edctimas de Delitos [&hellip;]","og_url":"https:\/\/cvinoticias.com\/v3\/por-primera-vez-en-el-pais-se-lanzo-un-programa-universitario-de-capacitacion-en-victimas-de-delitos\/","og_site_name":"CVI NOTICIAS","article_publisher":"https:\/\/www.facebook.com\/cvinoticias","article_published_time":"2023-04-09T12:27:34+00:00","og_image":[{"width":1500,"height":870,"url":"https:\/\/cvinoticias.com\/wp-content\/uploads\/2023\/04\/0000134113.jpg","type":"image\/jpeg"}],"author":"f1000024","twitter_card":"summary_large_image","twitter_misc":{"Escrito por":"f1000024","Tiempo de lectura":"5 minutos"},"schema":{"@context":"https:\/\/schema.org","@graph":[{"@type":"Article","@id":"https:\/\/cvinoticias.com\/v3\/por-primera-vez-en-el-pais-se-lanzo-un-programa-universitario-de-capacitacion-en-victimas-de-delitos\/#article","isPartOf":{"@id":"https:\/\/cvinoticias.com\/v3\/por-primera-vez-en-el-pais-se-lanzo-un-programa-universitario-de-capacitacion-en-victimas-de-delitos\/"},"author":{"name":"f1000024","@id":"https:\/\/cvinoticias.com\/v3\/#\/schema\/person\/2db77e3c6bc03c538495d7b2b8be9b66"},"headline":"Por primera vez en el pa\u00eds se lanz\u00f3 un programa universitario de capacitaci\u00f3n en v\u00edctimas de delitos","datePublished":"2023-04-09T12:27:34+00:00","mainEntityOfPage":{"@id":"https:\/\/cvinoticias.com\/v3\/por-primera-vez-en-el-pais-se-lanzo-un-programa-universitario-de-capacitacion-en-victimas-de-delitos\/"},"wordCount":955,"commentCount":0,"publisher":{"@id":"https:\/\/cvinoticias.com\/v3\/#organization"},"image":{"@id":"https:\/\/cvinoticias.com\/v3\/por-primera-vez-en-el-pais-se-lanzo-un-programa-universitario-de-capacitacion-en-victimas-de-delitos\/#primaryimage"},"thumbnailUrl":"https:\/\/cvinoticias.com\/wp-content\/uploads\/2023\/04\/0000134113.jpg","articleSection":["Nacionales"],"inLanguage":"es","potentialAction":[{"@type":"CommentAction","name":"Comment","target":["https:\/\/cvinoticias.com\/v3\/por-primera-vez-en-el-pais-se-lanzo-un-programa-universitario-de-capacitacion-en-victimas-de-delitos\/#respond"]}]},{"@type":"WebPage","@id":"https:\/\/cvinoticias.com\/v3\/por-primera-vez-en-el-pais-se-lanzo-un-programa-universitario-de-capacitacion-en-victimas-de-delitos\/","url":"https:\/\/cvinoticias.com\/v3\/por-primera-vez-en-el-pais-se-lanzo-un-programa-universitario-de-capacitacion-en-victimas-de-delitos\/","name":"Por primera vez en el pa\u00eds se lanz\u00f3 un programa universitario de capacitaci\u00f3n en v\u00edctimas de delitos | CVI NOTICIAS","isPartOf":{"@id":"https:\/\/cvinoticias.com\/v3\/#website"},"primaryImageOfPage":{"@id":"https:\/\/cvinoticias.com\/v3\/por-primera-vez-en-el-pais-se-lanzo-un-programa-universitario-de-capacitacion-en-victimas-de-delitos\/#primaryimage"},"image":{"@id":"https:\/\/cvinoticias.com\/v3\/por-primera-vez-en-el-pais-se-lanzo-un-programa-universitario-de-capacitacion-en-victimas-de-delitos\/#primaryimage"},"thumbnailUrl":"https:\/\/cvinoticias.com\/wp-content\/uploads\/2023\/04\/0000134113.jpg","datePublished":"2023-04-09T12:27:34+00:00","breadcrumb":{"@id":"https:\/\/cvinoticias.com\/v3\/por-primera-vez-en-el-pais-se-lanzo-un-programa-universitario-de-capacitacion-en-victimas-de-delitos\/#breadcrumb"},"inLanguage":"es","potentialAction":[{"@type":"ReadAction","target":["https:\/\/cvinoticias.com\/v3\/por-primera-vez-en-el-pais-se-lanzo-un-programa-universitario-de-capacitacion-en-victimas-de-delitos\/"]}]},{"@type":"ImageObject","inLanguage":"es","@id":"https:\/\/cvinoticias.com\/v3\/por-primera-vez-en-el-pais-se-lanzo-un-programa-universitario-de-capacitacion-en-victimas-de-delitos\/#primaryimage","url":"https:\/\/cvinoticias.com\/wp-content\/uploads\/2023\/04\/0000134113.jpg","contentUrl":"https:\/\/cvinoticias.com\/wp-content\/uploads\/2023\/04\/0000134113.jpg","width":1500,"height":870},{"@type":"BreadcrumbList","@id":"https:\/\/cvinoticias.com\/v3\/por-primera-vez-en-el-pais-se-lanzo-un-programa-universitario-de-capacitacion-en-victimas-de-delitos\/#breadcrumb","itemListElement":[{"@type":"ListItem","position":1,"name":"Portada","item":"https:\/\/cvinoticias.com\/v3\/"},{"@type":"ListItem","position":2,"name":"Por primera vez en el pa\u00eds se lanz\u00f3 un programa universitario de capacitaci\u00f3n en v\u00edctimas de delitos"}]},{"@type":"WebSite","@id":"https:\/\/cvinoticias.com\/v3\/#website","url":"https:\/\/cvinoticias.com\/v3\/","name":"CVI NOTICIAS","description":"","publisher":{"@id":"https:\/\/cvinoticias.com\/v3\/#organization"},"alternateName":"CVI","potentialAction":[{"@type":"SearchAction","target":{"@type":"EntryPoint","urlTemplate":"https:\/\/cvinoticias.com\/v3\/?s={search_term_string}"},"query-input":{"@type":"PropertyValueSpecification","valueRequired":true,"valueName":"search_term_string"}}],"inLanguage":"es"},{"@type":"Organization","@id":"https:\/\/cvinoticias.com\/v3\/#organization","name":"CVI NOTICIAS","url":"https:\/\/cvinoticias.com\/v3\/","logo":{"@type":"ImageObject","inLanguage":"es","@id":"https:\/\/cvinoticias.com\/v3\/#\/schema\/logo\/image\/","url":"https:\/\/cvinoticias.com\/wp-content\/uploads\/2023\/04\/cropped-cropped-cropped-cropped-cropped-3-1.png","contentUrl":"https:\/\/cvinoticias.com\/wp-content\/uploads\/2023\/04\/cropped-cropped-cropped-cropped-cropped-3-1.png","width":95,"height":122,"caption":"CVI NOTICIAS"},"image":{"@id":"https:\/\/cvinoticias.com\/v3\/#\/schema\/logo\/image\/"},"sameAs":["https:\/\/www.facebook.com\/cvinoticias","https:\/\/www.instagram.com\/cvinoticias\/","https:\/\/www.youtube.com\/@CVINOTICIAS"]},{"@type":"Person","@id":"https:\/\/cvinoticias.com\/v3\/#\/schema\/person\/2db77e3c6bc03c538495d7b2b8be9b66","name":"f1000024","image":{"@type":"ImageObject","inLanguage":"es","@id":"https:\/\/secure.gravatar.com\/avatar\/d4fe7459cfc51ff5129ce1a732bbef5928568b8092d412ef95611616376bbeed?s=96&d=mm&r=g","url":"https:\/\/secure.gravatar.com\/avatar\/d4fe7459cfc51ff5129ce1a732bbef5928568b8092d412ef95611616376bbeed?s=96&d=mm&r=g","contentUrl":"https:\/\/secure.gravatar.com\/avatar\/d4fe7459cfc51ff5129ce1a732bbef5928568b8092d412ef95611616376bbeed?s=96&d=mm&r=g","caption":"f1000024"},"url":"https:\/\/cvinoticias.com\/v3\/author\/f1000024\/"}]}},"_links":{"self":[{"href":"https:\/\/cvinoticias.com\/v3\/wp-json\/wp\/v2\/posts\/23901","targetHints":{"allow":["GET"]}}],"collection":[{"href":"https:\/\/cvinoticias.com\/v3\/wp-json\/wp\/v2\/posts"}],"about":[{"href":"https:\/\/cvinoticias.com\/v3\/wp-json\/wp\/v2\/types\/post"}],"author":[{"embeddable":true,"href":"https:\/\/cvinoticias.com\/v3\/wp-json\/wp\/v2\/users\/2"}],"replies":[{"embeddable":true,"href":"https:\/\/cvinoticias.com\/v3\/wp-json\/wp\/v2\/comments?post=23901"}],"version-history":[{"count":1,"href":"https:\/\/cvinoticias.com\/v3\/wp-json\/wp\/v2\/posts\/23901\/revisions"}],"predecessor-version":[{"id":23903,"href":"https:\/\/cvinoticias.com\/v3\/wp-json\/wp\/v2\/posts\/23901\/revisions\/23903"}],"wp:featuredmedia":[{"embeddable":true,"href":"https:\/\/cvinoticias.com\/v3\/wp-json\/wp\/v2\/media\/23902"}],"wp:attachment":[{"href":"https:\/\/cvinoticias.com\/v3\/wp-json\/wp\/v2\/media?parent=23901"}],"wp:term":[{"taxonomy":"category","embeddable":true,"href":"https:\/\/cvinoticias.com\/v3\/wp-json\/wp\/v2\/categories?post=23901"},{"taxonomy":"post_tag","embeddable":true,"href":"https:\/\/cvinoticias.com\/v3\/wp-json\/wp\/v2\/tags?post=23901"}],"curies":[{"name":"wp","href":"https:\/\/api.w.org\/{rel}","templated":true}]}}