{"id":23892,"date":"2023-04-08T19:30:51","date_gmt":"2023-04-08T19:30:51","guid":{"rendered":"https:\/\/cvinoticias.com\/v3\/?p=23892"},"modified":"2023-04-08T19:30:51","modified_gmt":"2023-04-08T19:30:51","slug":"gran-movimiento-turistico-en-varias-localidades-de-la-provincia","status":"publish","type":"post","link":"https:\/\/cvinoticias.com\/v3\/gran-movimiento-turistico-en-varias-localidades-de-la-provincia\/","title":{"rendered":"Gran movimiento tur\u00edstico en varias localidades de la provincia"},"content":{"rendered":"\n<p><strong><em>M\u00e1s de 13 mil personas visitaron las Cataratas durante el jueves y viernes santo. Los parques provinciales tuvieron un flujo de movimiento repleto a lo largo de las dos jornadas.<\/em><\/strong><\/p>\n\n\n\n<p>Semana Santa y su fin de semana largo traen consigo atractivas propuestas. Entre ellas, de los parques provinciales e incluso nacional como el de Iguaz\u00fa. Desde este jueves 6, estos espacios iniciaron su ciclo de actividades para promover el turismo por todo el pulm\u00f3n verde de Misiones.<\/p>\n\n\n\n<p>En este marco, el Parque Nacional Iguaz\u00fa ampli\u00f3 su horario de visita el viernes y s\u00e1bado de 7:00 a 19:00, aunque las puertas de ingreso estar\u00e1n abiertas hasta las 16:00. El \u00faltimo tren a la Garganta del Diablo ser\u00e1 a las 16:30. Cabe destacar que los visitantes podr\u00e1n acceder a un 50% de descuento en el ticket en el segundo d\u00eda.<\/p>\n\n\n\n<p>Seg\u00fan datos oficiales, el d\u00eda jueves ingresaron a observar la maravilla natural mundial 3.803 turistas. Mientras el viernes, hicieron lo propio 9.758 dando n\u00fameros hist\u00f3ricos para los primeros d\u00edas de Semana Santa.<\/p>\n\n\n\n<p>Adem\u00e1s, para aquellos turistas que ingresen despu\u00e9s de las 9, el Parque sugiere utilizar el servicio de transporte p\u00fablico o privado, dado que el estacionamiento estar\u00e1 congestionado por la alta afluencia de visitantes.<\/p>\n\n\n\n<p>El Parque Tem\u00e1tico de la Cruz en Santa Ana abrir\u00e1 de lunes a domingo de 9:00 a 17:00 con permanencia hasta las 18:00; el s\u00e1bado de 9:00 a 23:00, y el mariposario, de lunes a domingo hasta las 18:00. El valor de las entradas se puede observar en este enlace. Ayer viernes se vio colmado de visitantes desde horas tempranas.<\/p>\n\n\n\n<p>El Parque Provincial Mocon\u00e1 funcionar\u00e1 de lunes a domingos de 9:30 a 17:00, con permanencia hasta las 17:30. En cuanto al horario de los paseos n\u00e1uticos, ser\u00e1 de 9.30 a 16.45.<\/p>\n\n\n\n<p>All\u00ed mismo, habr\u00e1 una feria de emprendedores locales con productos agroecol\u00f3gicos, esencias, medicina y cosm\u00e9tica natural.<\/p>\n\n\n\n<p>Las entradas del paseo n\u00e1utico son sin reserva y se adquieren en el Parque por orden de llegada. Para m\u00e1s informaci\u00f3n, escribir al +5493755661312.<\/p>\n\n\n\n<p>Las Reducciones de San Ignacio estar\u00e1n abiertas al p\u00fablico de lunes a domingo, de 7.30 a 18:00, con permanencia hasta las 19:00. El valor de las tarifas pueden encontrarse ac\u00e1.<\/p>\n\n\n\n<p>Por otro lado, el Centro de Interpretaci\u00f3n Jesu\u00edtico Guaran\u00ed de Corpus Christi comenz\u00f3 este Jueves Santo. El viernes estar\u00e1 cerrado, el S\u00e1bado Santo abrir\u00e1 de 16:00 a 21:00 y el Domingo de Pascuas, de 9:00 a 17:00. La entrada es libre y gratuita.<\/p>\n","protected":false},"excerpt":{"rendered":"<p>M\u00e1s de 13 mil personas visitaron las Cataratas durante el jueves y viernes santo. Los parques provinciales tuvieron un flujo de movimiento repleto a lo largo de las dos jornadas. Semana Santa y su fin de semana largo traen consigo atractivas propuestas. Entre ellas, de los parques provinciales e incluso nacional como el de Iguaz\u00fa. [&hellip;]<\/p>\n","protected":false},"author":2,"featured_media":23893,"comment_status":"open","ping_status":"open","sticky":false,"template":"","format":"standard","meta":{"footnotes":""},"categories":[50],"tags":[],"class_list":["post-23892","post","type-post","status-publish","format-standard","has-post-thumbnail","hentry","category-turismo"],"yoast_head":"<!-- This site is optimized with the Yoast SEO plugin v27.5 - https:\/\/yoast.com\/product\/yoast-seo-wordpress\/ -->\n<title>Gran movimiento tur\u00edstico en varias localidades de la provincia | CVI NOTICIAS<\/title>\n<meta name=\"robots\" content=\"index, follow, max-snippet:-1, max-image-preview:large, max-video-preview:-1\" \/>\n<link rel=\"canonical\" href=\"https:\/\/cvinoticias.com\/v3\/gran-movimiento-turistico-en-varias-localidades-de-la-provincia\/\" \/>\n<meta property=\"og:locale\" content=\"es_ES\" \/>\n<meta property=\"og:type\" content=\"article\" \/>\n<meta property=\"og:title\" content=\"Gran movimiento tur\u00edstico en varias localidades de la provincia | CVI NOTICIAS\" \/>\n<meta property=\"og:description\" content=\"M\u00e1s de 13 mil personas visitaron las Cataratas durante el jueves y viernes santo. Los parques provinciales tuvieron un flujo de movimiento repleto a lo largo de las dos jornadas. Semana Santa y su fin de semana largo traen consigo atractivas propuestas. Entre ellas, de los parques provinciales e incluso nacional como el de Iguaz\u00fa. [&hellip;]\" \/>\n<meta property=\"og:url\" content=\"https:\/\/cvinoticias.com\/v3\/gran-movimiento-turistico-en-varias-localidades-de-la-provincia\/\" \/>\n<meta property=\"og:site_name\" content=\"CVI NOTICIAS\" \/>\n<meta property=\"article:publisher\" content=\"https:\/\/www.facebook.com\/cvinoticias\" \/>\n<meta property=\"article:published_time\" content=\"2023-04-08T19:30:51+00:00\" \/>\n<meta property=\"og:image\" content=\"https:\/\/cvinoticias.com\/wp-content\/uploads\/2023\/04\/Screenshot_20230407_121930_WhatsApp.jpg\" \/>\n\t<meta property=\"og:image:width\" content=\"1080\" \/>\n\t<meta property=\"og:image:height\" content=\"716\" \/>\n\t<meta property=\"og:image:type\" content=\"image\/jpeg\" \/>\n<meta name=\"author\" content=\"f1000024\" \/>\n<meta name=\"twitter:card\" content=\"summary_large_image\" \/>\n<meta name=\"twitter:label1\" content=\"Escrito por\" \/>\n\t<meta name=\"twitter:data1\" content=\"f1000024\" \/>\n\t<meta name=\"twitter:label2\" content=\"Tiempo de lectura\" \/>\n\t<meta name=\"twitter:data2\" content=\"2 minutos\" \/>\n<script type=\"application\/ld+json\" class=\"yoast-schema-graph\">{\"@context\":\"https:\\\/\\\/schema.org\",\"@graph\":[{\"@type\":\"Article\",\"@id\":\"https:\\\/\\\/cvinoticias.com\\\/v3\\\/gran-movimiento-turistico-en-varias-localidades-de-la-provincia\\\/#article\",\"isPartOf\":{\"@id\":\"https:\\\/\\\/cvinoticias.com\\\/v3\\\/gran-movimiento-turistico-en-varias-localidades-de-la-provincia\\\/\"},\"author\":{\"name\":\"f1000024\",\"@id\":\"https:\\\/\\\/cvinoticias.com\\\/v3\\\/#\\\/schema\\\/person\\\/2db77e3c6bc03c538495d7b2b8be9b66\"},\"headline\":\"Gran movimiento tur\u00edstico en varias localidades de la provincia\",\"datePublished\":\"2023-04-08T19:30:51+00:00\",\"mainEntityOfPage\":{\"@id\":\"https:\\\/\\\/cvinoticias.com\\\/v3\\\/gran-movimiento-turistico-en-varias-localidades-de-la-provincia\\\/\"},\"wordCount\":415,\"commentCount\":0,\"publisher\":{\"@id\":\"https:\\\/\\\/cvinoticias.com\\\/v3\\\/#organization\"},\"image\":{\"@id\":\"https:\\\/\\\/cvinoticias.com\\\/v3\\\/gran-movimiento-turistico-en-varias-localidades-de-la-provincia\\\/#primaryimage\"},\"thumbnailUrl\":\"https:\\\/\\\/cvinoticias.com\\\/wp-content\\\/uploads\\\/2023\\\/04\\\/Screenshot_20230407_121930_WhatsApp.jpg\",\"articleSection\":[\"Turismo\"],\"inLanguage\":\"es\",\"potentialAction\":[{\"@type\":\"CommentAction\",\"name\":\"Comment\",\"target\":[\"https:\\\/\\\/cvinoticias.com\\\/v3\\\/gran-movimiento-turistico-en-varias-localidades-de-la-provincia\\\/#respond\"]}]},{\"@type\":\"WebPage\",\"@id\":\"https:\\\/\\\/cvinoticias.com\\\/v3\\\/gran-movimiento-turistico-en-varias-localidades-de-la-provincia\\\/\",\"url\":\"https:\\\/\\\/cvinoticias.com\\\/v3\\\/gran-movimiento-turistico-en-varias-localidades-de-la-provincia\\\/\",\"name\":\"Gran movimiento tur\u00edstico en varias localidades de la provincia | CVI NOTICIAS\",\"isPartOf\":{\"@id\":\"https:\\\/\\\/cvinoticias.com\\\/v3\\\/#website\"},\"primaryImageOfPage\":{\"@id\":\"https:\\\/\\\/cvinoticias.com\\\/v3\\\/gran-movimiento-turistico-en-varias-localidades-de-la-provincia\\\/#primaryimage\"},\"image\":{\"@id\":\"https:\\\/\\\/cvinoticias.com\\\/v3\\\/gran-movimiento-turistico-en-varias-localidades-de-la-provincia\\\/#primaryimage\"},\"thumbnailUrl\":\"https:\\\/\\\/cvinoticias.com\\\/wp-content\\\/uploads\\\/2023\\\/04\\\/Screenshot_20230407_121930_WhatsApp.jpg\",\"datePublished\":\"2023-04-08T19:30:51+00:00\",\"breadcrumb\":{\"@id\":\"https:\\\/\\\/cvinoticias.com\\\/v3\\\/gran-movimiento-turistico-en-varias-localidades-de-la-provincia\\\/#breadcrumb\"},\"inLanguage\":\"es\",\"potentialAction\":[{\"@type\":\"ReadAction\",\"target\":[\"https:\\\/\\\/cvinoticias.com\\\/v3\\\/gran-movimiento-turistico-en-varias-localidades-de-la-provincia\\\/\"]}]},{\"@type\":\"ImageObject\",\"inLanguage\":\"es\",\"@id\":\"https:\\\/\\\/cvinoticias.com\\\/v3\\\/gran-movimiento-turistico-en-varias-localidades-de-la-provincia\\\/#primaryimage\",\"url\":\"https:\\\/\\\/cvinoticias.com\\\/wp-content\\\/uploads\\\/2023\\\/04\\\/Screenshot_20230407_121930_WhatsApp.jpg\",\"contentUrl\":\"https:\\\/\\\/cvinoticias.com\\\/wp-content\\\/uploads\\\/2023\\\/04\\\/Screenshot_20230407_121930_WhatsApp.jpg\",\"width\":1080,\"height\":716},{\"@type\":\"BreadcrumbList\",\"@id\":\"https:\\\/\\\/cvinoticias.com\\\/v3\\\/gran-movimiento-turistico-en-varias-localidades-de-la-provincia\\\/#breadcrumb\",\"itemListElement\":[{\"@type\":\"ListItem\",\"position\":1,\"name\":\"Portada\",\"item\":\"https:\\\/\\\/cvinoticias.com\\\/v3\\\/\"},{\"@type\":\"ListItem\",\"position\":2,\"name\":\"Gran movimiento tur\u00edstico en varias localidades de la provincia\"}]},{\"@type\":\"WebSite\",\"@id\":\"https:\\\/\\\/cvinoticias.com\\\/v3\\\/#website\",\"url\":\"https:\\\/\\\/cvinoticias.com\\\/v3\\\/\",\"name\":\"CVI NOTICIAS\",\"description\":\"\",\"publisher\":{\"@id\":\"https:\\\/\\\/cvinoticias.com\\\/v3\\\/#organization\"},\"alternateName\":\"CVI\",\"potentialAction\":[{\"@type\":\"SearchAction\",\"target\":{\"@type\":\"EntryPoint\",\"urlTemplate\":\"https:\\\/\\\/cvinoticias.com\\\/v3\\\/?s={search_term_string}\"},\"query-input\":{\"@type\":\"PropertyValueSpecification\",\"valueRequired\":true,\"valueName\":\"search_term_string\"}}],\"inLanguage\":\"es\"},{\"@type\":\"Organization\",\"@id\":\"https:\\\/\\\/cvinoticias.com\\\/v3\\\/#organization\",\"name\":\"CVI NOTICIAS\",\"url\":\"https:\\\/\\\/cvinoticias.com\\\/v3\\\/\",\"logo\":{\"@type\":\"ImageObject\",\"inLanguage\":\"es\",\"@id\":\"https:\\\/\\\/cvinoticias.com\\\/v3\\\/#\\\/schema\\\/logo\\\/image\\\/\",\"url\":\"https:\\\/\\\/cvinoticias.com\\\/wp-content\\\/uploads\\\/2023\\\/04\\\/cropped-cropped-cropped-cropped-cropped-3-1.png\",\"contentUrl\":\"https:\\\/\\\/cvinoticias.com\\\/wp-content\\\/uploads\\\/2023\\\/04\\\/cropped-cropped-cropped-cropped-cropped-3-1.png\",\"width\":95,\"height\":122,\"caption\":\"CVI NOTICIAS\"},\"image\":{\"@id\":\"https:\\\/\\\/cvinoticias.com\\\/v3\\\/#\\\/schema\\\/logo\\\/image\\\/\"},\"sameAs\":[\"https:\\\/\\\/www.facebook.com\\\/cvinoticias\",\"https:\\\/\\\/www.instagram.com\\\/cvinoticias\\\/\",\"https:\\\/\\\/www.youtube.com\\\/@CVINOTICIAS\"]},{\"@type\":\"Person\",\"@id\":\"https:\\\/\\\/cvinoticias.com\\\/v3\\\/#\\\/schema\\\/person\\\/2db77e3c6bc03c538495d7b2b8be9b66\",\"name\":\"f1000024\",\"image\":{\"@type\":\"ImageObject\",\"inLanguage\":\"es\",\"@id\":\"https:\\\/\\\/secure.gravatar.com\\\/avatar\\\/d4fe7459cfc51ff5129ce1a732bbef5928568b8092d412ef95611616376bbeed?s=96&d=mm&r=g\",\"url\":\"https:\\\/\\\/secure.gravatar.com\\\/avatar\\\/d4fe7459cfc51ff5129ce1a732bbef5928568b8092d412ef95611616376bbeed?s=96&d=mm&r=g\",\"contentUrl\":\"https:\\\/\\\/secure.gravatar.com\\\/avatar\\\/d4fe7459cfc51ff5129ce1a732bbef5928568b8092d412ef95611616376bbeed?s=96&d=mm&r=g\",\"caption\":\"f1000024\"},\"url\":\"https:\\\/\\\/cvinoticias.com\\\/v3\\\/author\\\/f1000024\\\/\"}]}<\/script>\n<!-- \/ Yoast SEO plugin. -->","yoast_head_json":{"title":"Gran movimiento tur\u00edstico en varias localidades de la provincia | CVI NOTICIAS","robots":{"index":"index","follow":"follow","max-snippet":"max-snippet:-1","max-image-preview":"max-image-preview:large","max-video-preview":"max-video-preview:-1"},"canonical":"https:\/\/cvinoticias.com\/v3\/gran-movimiento-turistico-en-varias-localidades-de-la-provincia\/","og_locale":"es_ES","og_type":"article","og_title":"Gran movimiento tur\u00edstico en varias localidades de la provincia | CVI NOTICIAS","og_description":"M\u00e1s de 13 mil personas visitaron las Cataratas durante el jueves y viernes santo. Los parques provinciales tuvieron un flujo de movimiento repleto a lo largo de las dos jornadas. Semana Santa y su fin de semana largo traen consigo atractivas propuestas. Entre ellas, de los parques provinciales e incluso nacional como el de Iguaz\u00fa. [&hellip;]","og_url":"https:\/\/cvinoticias.com\/v3\/gran-movimiento-turistico-en-varias-localidades-de-la-provincia\/","og_site_name":"CVI NOTICIAS","article_publisher":"https:\/\/www.facebook.com\/cvinoticias","article_published_time":"2023-04-08T19:30:51+00:00","og_image":[{"width":1080,"height":716,"url":"https:\/\/cvinoticias.com\/wp-content\/uploads\/2023\/04\/Screenshot_20230407_121930_WhatsApp.jpg","type":"image\/jpeg"}],"author":"f1000024","twitter_card":"summary_large_image","twitter_misc":{"Escrito por":"f1000024","Tiempo de lectura":"2 minutos"},"schema":{"@context":"https:\/\/schema.org","@graph":[{"@type":"Article","@id":"https:\/\/cvinoticias.com\/v3\/gran-movimiento-turistico-en-varias-localidades-de-la-provincia\/#article","isPartOf":{"@id":"https:\/\/cvinoticias.com\/v3\/gran-movimiento-turistico-en-varias-localidades-de-la-provincia\/"},"author":{"name":"f1000024","@id":"https:\/\/cvinoticias.com\/v3\/#\/schema\/person\/2db77e3c6bc03c538495d7b2b8be9b66"},"headline":"Gran movimiento tur\u00edstico en varias localidades de la provincia","datePublished":"2023-04-08T19:30:51+00:00","mainEntityOfPage":{"@id":"https:\/\/cvinoticias.com\/v3\/gran-movimiento-turistico-en-varias-localidades-de-la-provincia\/"},"wordCount":415,"commentCount":0,"publisher":{"@id":"https:\/\/cvinoticias.com\/v3\/#organization"},"image":{"@id":"https:\/\/cvinoticias.com\/v3\/gran-movimiento-turistico-en-varias-localidades-de-la-provincia\/#primaryimage"},"thumbnailUrl":"https:\/\/cvinoticias.com\/wp-content\/uploads\/2023\/04\/Screenshot_20230407_121930_WhatsApp.jpg","articleSection":["Turismo"],"inLanguage":"es","potentialAction":[{"@type":"CommentAction","name":"Comment","target":["https:\/\/cvinoticias.com\/v3\/gran-movimiento-turistico-en-varias-localidades-de-la-provincia\/#respond"]}]},{"@type":"WebPage","@id":"https:\/\/cvinoticias.com\/v3\/gran-movimiento-turistico-en-varias-localidades-de-la-provincia\/","url":"https:\/\/cvinoticias.com\/v3\/gran-movimiento-turistico-en-varias-localidades-de-la-provincia\/","name":"Gran movimiento tur\u00edstico en varias localidades de la provincia | CVI NOTICIAS","isPartOf":{"@id":"https:\/\/cvinoticias.com\/v3\/#website"},"primaryImageOfPage":{"@id":"https:\/\/cvinoticias.com\/v3\/gran-movimiento-turistico-en-varias-localidades-de-la-provincia\/#primaryimage"},"image":{"@id":"https:\/\/cvinoticias.com\/v3\/gran-movimiento-turistico-en-varias-localidades-de-la-provincia\/#primaryimage"},"thumbnailUrl":"https:\/\/cvinoticias.com\/wp-content\/uploads\/2023\/04\/Screenshot_20230407_121930_WhatsApp.jpg","datePublished":"2023-04-08T19:30:51+00:00","breadcrumb":{"@id":"https:\/\/cvinoticias.com\/v3\/gran-movimiento-turistico-en-varias-localidades-de-la-provincia\/#breadcrumb"},"inLanguage":"es","potentialAction":[{"@type":"ReadAction","target":["https:\/\/cvinoticias.com\/v3\/gran-movimiento-turistico-en-varias-localidades-de-la-provincia\/"]}]},{"@type":"ImageObject","inLanguage":"es","@id":"https:\/\/cvinoticias.com\/v3\/gran-movimiento-turistico-en-varias-localidades-de-la-provincia\/#primaryimage","url":"https:\/\/cvinoticias.com\/wp-content\/uploads\/2023\/04\/Screenshot_20230407_121930_WhatsApp.jpg","contentUrl":"https:\/\/cvinoticias.com\/wp-content\/uploads\/2023\/04\/Screenshot_20230407_121930_WhatsApp.jpg","width":1080,"height":716},{"@type":"BreadcrumbList","@id":"https:\/\/cvinoticias.com\/v3\/gran-movimiento-turistico-en-varias-localidades-de-la-provincia\/#breadcrumb","itemListElement":[{"@type":"ListItem","position":1,"name":"Portada","item":"https:\/\/cvinoticias.com\/v3\/"},{"@type":"ListItem","position":2,"name":"Gran movimiento tur\u00edstico en varias localidades de la provincia"}]},{"@type":"WebSite","@id":"https:\/\/cvinoticias.com\/v3\/#website","url":"https:\/\/cvinoticias.com\/v3\/","name":"CVI NOTICIAS","description":"","publisher":{"@id":"https:\/\/cvinoticias.com\/v3\/#organization"},"alternateName":"CVI","potentialAction":[{"@type":"SearchAction","target":{"@type":"EntryPoint","urlTemplate":"https:\/\/cvinoticias.com\/v3\/?s={search_term_string}"},"query-input":{"@type":"PropertyValueSpecification","valueRequired":true,"valueName":"search_term_string"}}],"inLanguage":"es"},{"@type":"Organization","@id":"https:\/\/cvinoticias.com\/v3\/#organization","name":"CVI NOTICIAS","url":"https:\/\/cvinoticias.com\/v3\/","logo":{"@type":"ImageObject","inLanguage":"es","@id":"https:\/\/cvinoticias.com\/v3\/#\/schema\/logo\/image\/","url":"https:\/\/cvinoticias.com\/wp-content\/uploads\/2023\/04\/cropped-cropped-cropped-cropped-cropped-3-1.png","contentUrl":"https:\/\/cvinoticias.com\/wp-content\/uploads\/2023\/04\/cropped-cropped-cropped-cropped-cropped-3-1.png","width":95,"height":122,"caption":"CVI NOTICIAS"},"image":{"@id":"https:\/\/cvinoticias.com\/v3\/#\/schema\/logo\/image\/"},"sameAs":["https:\/\/www.facebook.com\/cvinoticias","https:\/\/www.instagram.com\/cvinoticias\/","https:\/\/www.youtube.com\/@CVINOTICIAS"]},{"@type":"Person","@id":"https:\/\/cvinoticias.com\/v3\/#\/schema\/person\/2db77e3c6bc03c538495d7b2b8be9b66","name":"f1000024","image":{"@type":"ImageObject","inLanguage":"es","@id":"https:\/\/secure.gravatar.com\/avatar\/d4fe7459cfc51ff5129ce1a732bbef5928568b8092d412ef95611616376bbeed?s=96&d=mm&r=g","url":"https:\/\/secure.gravatar.com\/avatar\/d4fe7459cfc51ff5129ce1a732bbef5928568b8092d412ef95611616376bbeed?s=96&d=mm&r=g","contentUrl":"https:\/\/secure.gravatar.com\/avatar\/d4fe7459cfc51ff5129ce1a732bbef5928568b8092d412ef95611616376bbeed?s=96&d=mm&r=g","caption":"f1000024"},"url":"https:\/\/cvinoticias.com\/v3\/author\/f1000024\/"}]}},"_links":{"self":[{"href":"https:\/\/cvinoticias.com\/v3\/wp-json\/wp\/v2\/posts\/23892","targetHints":{"allow":["GET"]}}],"collection":[{"href":"https:\/\/cvinoticias.com\/v3\/wp-json\/wp\/v2\/posts"}],"about":[{"href":"https:\/\/cvinoticias.com\/v3\/wp-json\/wp\/v2\/types\/post"}],"author":[{"embeddable":true,"href":"https:\/\/cvinoticias.com\/v3\/wp-json\/wp\/v2\/users\/2"}],"replies":[{"embeddable":true,"href":"https:\/\/cvinoticias.com\/v3\/wp-json\/wp\/v2\/comments?post=23892"}],"version-history":[{"count":1,"href":"https:\/\/cvinoticias.com\/v3\/wp-json\/wp\/v2\/posts\/23892\/revisions"}],"predecessor-version":[{"id":23894,"href":"https:\/\/cvinoticias.com\/v3\/wp-json\/wp\/v2\/posts\/23892\/revisions\/23894"}],"wp:featuredmedia":[{"embeddable":true,"href":"https:\/\/cvinoticias.com\/v3\/wp-json\/wp\/v2\/media\/23893"}],"wp:attachment":[{"href":"https:\/\/cvinoticias.com\/v3\/wp-json\/wp\/v2\/media?parent=23892"}],"wp:term":[{"taxonomy":"category","embeddable":true,"href":"https:\/\/cvinoticias.com\/v3\/wp-json\/wp\/v2\/categories?post=23892"},{"taxonomy":"post_tag","embeddable":true,"href":"https:\/\/cvinoticias.com\/v3\/wp-json\/wp\/v2\/tags?post=23892"}],"curies":[{"name":"wp","href":"https:\/\/api.w.org\/{rel}","templated":true}]}}