{"id":23883,"date":"2023-04-08T11:20:38","date_gmt":"2023-04-08T11:20:38","guid":{"rendered":"https:\/\/cvinoticias.com\/v3\/?p=23883"},"modified":"2023-04-08T11:20:38","modified_gmt":"2023-04-08T11:20:38","slug":"publican-documentos-historicos-que-reflejan-los-reclamos-argentinos-sobre-malvinas","status":"publish","type":"post","link":"https:\/\/cvinoticias.com\/v3\/publican-documentos-historicos-que-reflejan-los-reclamos-argentinos-sobre-malvinas\/","title":{"rendered":"Publican documentos hist\u00f3ricos que reflejan los reclamos argentinos sobre Malvinas"},"content":{"rendered":"\n<p><strong><em>Se trata de una serie de documentos hist\u00f3ricos e in\u00e9ditos con numerosos reclamos formulados por el entonces embajador argentino en el Reino Unido, Manuel Moreno, quien tuvo un \u00abrol fundamental\u00bb en su labor diplom\u00e1tica en defensa de los derechos nacionales sobre los archipi\u00e9lagos australes, seg\u00fan manifestaron desde el Gobierno Nacional.<\/em><\/strong><\/p>\n\n\n\n<p>En ese sentido, el Poder Ejecutivo public\u00f3 este jueves los textos, que revelan los en\u00e9rgicos pedidos tras la usurpaci\u00f3n brit\u00e1nica de las Islas Malvinas en 1833.<\/p>\n\n\n\n<p>\u00abManuel Moreno desempe\u00f1\u00f3 una importante, y fundamental, labor diplom\u00e1tica en la defensa de los derechos argentinos sobre las Islas Malvinas\u00bb, explic\u00f3 a la agencia de noticias T\u00e9lam Facundo Rodr\u00edguez, coordinador del Consejo Consultivo sobre temas vinculados al Atl\u00e1ntico Sur (Casur), de la Canciller\u00eda argentina, quien tuvo a su cargo la publicaci\u00f3n hist\u00f3rica.<\/p>\n\n\n\n<p>Rodr\u00edguez explic\u00f3 que Moreno, entre los a\u00f1os 1833, 1834, 1841 y 1849, expuso \u00abclaramente los argumentos hist\u00f3ricos y jur\u00eddicos\u00bb sobre los que se fundamentan los derechos de Argentina sobre las Islas Malvinas frente a los distintos funcionarios del Ministerio de Relaciones Exteriores del Reino Unido.<\/p>\n\n\n\n<p>El funcionario de Canciller\u00eda record\u00f3 que esta es la segunda publicaci\u00f3n de documentos relacionados con la \u00abCuesti\u00f3n Malvinas\u00bb, como se denomina en la diplomacia al reclamo argentino en las Naciones Unidas (ONU), organismo mundial que en 1965 dict\u00f3 una resoluci\u00f3n -la 2065- que estableci\u00f3 la existencia de una \u00abdisputa de soberan\u00eda\u00bb sobre las islas.<\/p>\n\n\n\n<p>Quien desee consultar estos materiales puede hacerlo a trav\u00e9s del sitio oficial, donde el acceso a esta informaci\u00f3n es libre y gratuito para todos los usuarios de internet que quieran visitar esa p\u00e1gina.<\/p>\n\n\n\n<p>La publicaci\u00f3n de documentos -hist\u00f3ricos e in\u00e9ditos- fue anunciada el pasado lunes 3 de abril, en el Palacio San Mart\u00edn, durante un acto de homenaje a los veteranos y veteranas de la Guerra de Malvinas que fue encabezado por el canciller Santiago Cafiero; el secretario de Malvinas, Ant\u00e1rtida y Atl\u00e1ntico Sur, Guillermo Carmona; la directora Nacional de Malvinas y Atl\u00e1ntico Sur, Sandra Pitta, y cont\u00f3 adem\u00e1s con la presencia de Rodr\u00edguez.<\/p>\n\n\n\n<p>\u00abLa idea es acercarle a la gente los motivos por los cuales las Malvinas son argentinas. Si hay algo que nosotros sabemos desde el jard\u00edn es que las islas nos pertenecen. Pero no lo son simplemente por una cuesti\u00f3n de sentimiento patri\u00f3tico o pol\u00edtico, sino que son argentinas porque el derecho internacional as\u00ed lo establece\u00bb, subray\u00f3 Rodr\u00edguez.<\/p>\n\n\n\n<p>El Reino Unido acept\u00f3 negociar con Argentina tras la resoluci\u00f3n de las Naciones Unidas, en 1965, que inst\u00f3 a ambos pa\u00edses a dialogar, pero tras la Guerra de Malvinas (1982), los brit\u00e1nicos congelaron ese v\u00ednculo, desoyendo el derecho internacional.<\/p>\n\n\n\n<p>Moreno. pol\u00edtico, periodista y m\u00e9dico, naci\u00f3 en 1782 en Buenos Aires y era el hermano menor del secretario de la Primera Junta, Mariano Moreno.<\/p>\n","protected":false},"excerpt":{"rendered":"<p>Se trata de una serie de documentos hist\u00f3ricos e in\u00e9ditos con numerosos reclamos formulados por el entonces embajador argentino en el Reino Unido, Manuel Moreno, quien tuvo un \u00abrol fundamental\u00bb en su labor diplom\u00e1tica en defensa de los derechos nacionales sobre los archipi\u00e9lagos australes, seg\u00fan manifestaron desde el Gobierno Nacional. En ese sentido, el Poder [&hellip;]<\/p>\n","protected":false},"author":2,"featured_media":23884,"comment_status":"open","ping_status":"open","sticky":false,"template":"","format":"standard","meta":{"footnotes":""},"categories":[39],"tags":[],"class_list":["post-23883","post","type-post","status-publish","format-standard","has-post-thumbnail","hentry","category-nacionales"],"yoast_head":"<!-- This site is optimized with the Yoast SEO plugin v27.5 - https:\/\/yoast.com\/product\/yoast-seo-wordpress\/ -->\n<title>Publican documentos hist\u00f3ricos que reflejan los reclamos argentinos sobre Malvinas | CVI NOTICIAS<\/title>\n<meta name=\"robots\" content=\"index, follow, max-snippet:-1, max-image-preview:large, max-video-preview:-1\" \/>\n<link rel=\"canonical\" href=\"https:\/\/cvinoticias.com\/v3\/publican-documentos-historicos-que-reflejan-los-reclamos-argentinos-sobre-malvinas\/\" \/>\n<meta property=\"og:locale\" content=\"es_ES\" \/>\n<meta property=\"og:type\" content=\"article\" \/>\n<meta property=\"og:title\" content=\"Publican documentos hist\u00f3ricos que reflejan los reclamos argentinos sobre Malvinas | CVI NOTICIAS\" \/>\n<meta property=\"og:description\" content=\"Se trata de una serie de documentos hist\u00f3ricos e in\u00e9ditos con numerosos reclamos formulados por el entonces embajador argentino en el Reino Unido, Manuel Moreno, quien tuvo un \u00abrol fundamental\u00bb en su labor diplom\u00e1tica en defensa de los derechos nacionales sobre los archipi\u00e9lagos australes, seg\u00fan manifestaron desde el Gobierno Nacional. En ese sentido, el Poder [&hellip;]\" \/>\n<meta property=\"og:url\" content=\"https:\/\/cvinoticias.com\/v3\/publican-documentos-historicos-que-reflejan-los-reclamos-argentinos-sobre-malvinas\/\" \/>\n<meta property=\"og:site_name\" content=\"CVI NOTICIAS\" \/>\n<meta property=\"article:publisher\" content=\"https:\/\/www.facebook.com\/cvinoticias\" \/>\n<meta property=\"article:published_time\" content=\"2023-04-08T11:20:38+00:00\" \/>\n<meta property=\"og:image\" content=\"https:\/\/cvinoticias.com\/wp-content\/uploads\/2023\/04\/Fs0eKePXwAQoUTX.jpeg\" \/>\n\t<meta property=\"og:image:width\" content=\"680\" \/>\n\t<meta property=\"og:image:height\" content=\"453\" \/>\n\t<meta property=\"og:image:type\" content=\"image\/jpeg\" \/>\n<meta name=\"author\" content=\"f1000024\" \/>\n<meta name=\"twitter:card\" content=\"summary_large_image\" \/>\n<meta name=\"twitter:label1\" content=\"Escrito por\" \/>\n\t<meta name=\"twitter:data1\" content=\"f1000024\" \/>\n\t<meta name=\"twitter:label2\" content=\"Tiempo de lectura\" \/>\n\t<meta name=\"twitter:data2\" content=\"2 minutos\" \/>\n<script type=\"application\/ld+json\" class=\"yoast-schema-graph\">{\"@context\":\"https:\\\/\\\/schema.org\",\"@graph\":[{\"@type\":\"Article\",\"@id\":\"https:\\\/\\\/cvinoticias.com\\\/v3\\\/publican-documentos-historicos-que-reflejan-los-reclamos-argentinos-sobre-malvinas\\\/#article\",\"isPartOf\":{\"@id\":\"https:\\\/\\\/cvinoticias.com\\\/v3\\\/publican-documentos-historicos-que-reflejan-los-reclamos-argentinos-sobre-malvinas\\\/\"},\"author\":{\"name\":\"f1000024\",\"@id\":\"https:\\\/\\\/cvinoticias.com\\\/v3\\\/#\\\/schema\\\/person\\\/2db77e3c6bc03c538495d7b2b8be9b66\"},\"headline\":\"Publican documentos hist\u00f3ricos que reflejan los reclamos argentinos sobre Malvinas\",\"datePublished\":\"2023-04-08T11:20:38+00:00\",\"mainEntityOfPage\":{\"@id\":\"https:\\\/\\\/cvinoticias.com\\\/v3\\\/publican-documentos-historicos-que-reflejan-los-reclamos-argentinos-sobre-malvinas\\\/\"},\"wordCount\":499,\"commentCount\":0,\"publisher\":{\"@id\":\"https:\\\/\\\/cvinoticias.com\\\/v3\\\/#organization\"},\"image\":{\"@id\":\"https:\\\/\\\/cvinoticias.com\\\/v3\\\/publican-documentos-historicos-que-reflejan-los-reclamos-argentinos-sobre-malvinas\\\/#primaryimage\"},\"thumbnailUrl\":\"https:\\\/\\\/cvinoticias.com\\\/wp-content\\\/uploads\\\/2023\\\/04\\\/Fs0eKePXwAQoUTX.jpeg\",\"articleSection\":[\"Nacionales\"],\"inLanguage\":\"es\",\"potentialAction\":[{\"@type\":\"CommentAction\",\"name\":\"Comment\",\"target\":[\"https:\\\/\\\/cvinoticias.com\\\/v3\\\/publican-documentos-historicos-que-reflejan-los-reclamos-argentinos-sobre-malvinas\\\/#respond\"]}]},{\"@type\":\"WebPage\",\"@id\":\"https:\\\/\\\/cvinoticias.com\\\/v3\\\/publican-documentos-historicos-que-reflejan-los-reclamos-argentinos-sobre-malvinas\\\/\",\"url\":\"https:\\\/\\\/cvinoticias.com\\\/v3\\\/publican-documentos-historicos-que-reflejan-los-reclamos-argentinos-sobre-malvinas\\\/\",\"name\":\"Publican documentos hist\u00f3ricos que reflejan los reclamos argentinos sobre Malvinas | CVI NOTICIAS\",\"isPartOf\":{\"@id\":\"https:\\\/\\\/cvinoticias.com\\\/v3\\\/#website\"},\"primaryImageOfPage\":{\"@id\":\"https:\\\/\\\/cvinoticias.com\\\/v3\\\/publican-documentos-historicos-que-reflejan-los-reclamos-argentinos-sobre-malvinas\\\/#primaryimage\"},\"image\":{\"@id\":\"https:\\\/\\\/cvinoticias.com\\\/v3\\\/publican-documentos-historicos-que-reflejan-los-reclamos-argentinos-sobre-malvinas\\\/#primaryimage\"},\"thumbnailUrl\":\"https:\\\/\\\/cvinoticias.com\\\/wp-content\\\/uploads\\\/2023\\\/04\\\/Fs0eKePXwAQoUTX.jpeg\",\"datePublished\":\"2023-04-08T11:20:38+00:00\",\"breadcrumb\":{\"@id\":\"https:\\\/\\\/cvinoticias.com\\\/v3\\\/publican-documentos-historicos-que-reflejan-los-reclamos-argentinos-sobre-malvinas\\\/#breadcrumb\"},\"inLanguage\":\"es\",\"potentialAction\":[{\"@type\":\"ReadAction\",\"target\":[\"https:\\\/\\\/cvinoticias.com\\\/v3\\\/publican-documentos-historicos-que-reflejan-los-reclamos-argentinos-sobre-malvinas\\\/\"]}]},{\"@type\":\"ImageObject\",\"inLanguage\":\"es\",\"@id\":\"https:\\\/\\\/cvinoticias.com\\\/v3\\\/publican-documentos-historicos-que-reflejan-los-reclamos-argentinos-sobre-malvinas\\\/#primaryimage\",\"url\":\"https:\\\/\\\/cvinoticias.com\\\/wp-content\\\/uploads\\\/2023\\\/04\\\/Fs0eKePXwAQoUTX.jpeg\",\"contentUrl\":\"https:\\\/\\\/cvinoticias.com\\\/wp-content\\\/uploads\\\/2023\\\/04\\\/Fs0eKePXwAQoUTX.jpeg\",\"width\":680,\"height\":453},{\"@type\":\"BreadcrumbList\",\"@id\":\"https:\\\/\\\/cvinoticias.com\\\/v3\\\/publican-documentos-historicos-que-reflejan-los-reclamos-argentinos-sobre-malvinas\\\/#breadcrumb\",\"itemListElement\":[{\"@type\":\"ListItem\",\"position\":1,\"name\":\"Portada\",\"item\":\"https:\\\/\\\/cvinoticias.com\\\/v3\\\/\"},{\"@type\":\"ListItem\",\"position\":2,\"name\":\"Publican documentos hist\u00f3ricos que reflejan los reclamos argentinos sobre Malvinas\"}]},{\"@type\":\"WebSite\",\"@id\":\"https:\\\/\\\/cvinoticias.com\\\/v3\\\/#website\",\"url\":\"https:\\\/\\\/cvinoticias.com\\\/v3\\\/\",\"name\":\"CVI NOTICIAS\",\"description\":\"\",\"publisher\":{\"@id\":\"https:\\\/\\\/cvinoticias.com\\\/v3\\\/#organization\"},\"alternateName\":\"CVI\",\"potentialAction\":[{\"@type\":\"SearchAction\",\"target\":{\"@type\":\"EntryPoint\",\"urlTemplate\":\"https:\\\/\\\/cvinoticias.com\\\/v3\\\/?s={search_term_string}\"},\"query-input\":{\"@type\":\"PropertyValueSpecification\",\"valueRequired\":true,\"valueName\":\"search_term_string\"}}],\"inLanguage\":\"es\"},{\"@type\":\"Organization\",\"@id\":\"https:\\\/\\\/cvinoticias.com\\\/v3\\\/#organization\",\"name\":\"CVI NOTICIAS\",\"url\":\"https:\\\/\\\/cvinoticias.com\\\/v3\\\/\",\"logo\":{\"@type\":\"ImageObject\",\"inLanguage\":\"es\",\"@id\":\"https:\\\/\\\/cvinoticias.com\\\/v3\\\/#\\\/schema\\\/logo\\\/image\\\/\",\"url\":\"https:\\\/\\\/cvinoticias.com\\\/wp-content\\\/uploads\\\/2023\\\/04\\\/cropped-cropped-cropped-cropped-cropped-3-1.png\",\"contentUrl\":\"https:\\\/\\\/cvinoticias.com\\\/wp-content\\\/uploads\\\/2023\\\/04\\\/cropped-cropped-cropped-cropped-cropped-3-1.png\",\"width\":95,\"height\":122,\"caption\":\"CVI NOTICIAS\"},\"image\":{\"@id\":\"https:\\\/\\\/cvinoticias.com\\\/v3\\\/#\\\/schema\\\/logo\\\/image\\\/\"},\"sameAs\":[\"https:\\\/\\\/www.facebook.com\\\/cvinoticias\",\"https:\\\/\\\/www.instagram.com\\\/cvinoticias\\\/\",\"https:\\\/\\\/www.youtube.com\\\/@CVINOTICIAS\"]},{\"@type\":\"Person\",\"@id\":\"https:\\\/\\\/cvinoticias.com\\\/v3\\\/#\\\/schema\\\/person\\\/2db77e3c6bc03c538495d7b2b8be9b66\",\"name\":\"f1000024\",\"image\":{\"@type\":\"ImageObject\",\"inLanguage\":\"es\",\"@id\":\"https:\\\/\\\/secure.gravatar.com\\\/avatar\\\/d4fe7459cfc51ff5129ce1a732bbef5928568b8092d412ef95611616376bbeed?s=96&d=mm&r=g\",\"url\":\"https:\\\/\\\/secure.gravatar.com\\\/avatar\\\/d4fe7459cfc51ff5129ce1a732bbef5928568b8092d412ef95611616376bbeed?s=96&d=mm&r=g\",\"contentUrl\":\"https:\\\/\\\/secure.gravatar.com\\\/avatar\\\/d4fe7459cfc51ff5129ce1a732bbef5928568b8092d412ef95611616376bbeed?s=96&d=mm&r=g\",\"caption\":\"f1000024\"},\"url\":\"https:\\\/\\\/cvinoticias.com\\\/v3\\\/author\\\/f1000024\\\/\"}]}<\/script>\n<!-- \/ Yoast SEO plugin. -->","yoast_head_json":{"title":"Publican documentos hist\u00f3ricos que reflejan los reclamos argentinos sobre Malvinas | CVI NOTICIAS","robots":{"index":"index","follow":"follow","max-snippet":"max-snippet:-1","max-image-preview":"max-image-preview:large","max-video-preview":"max-video-preview:-1"},"canonical":"https:\/\/cvinoticias.com\/v3\/publican-documentos-historicos-que-reflejan-los-reclamos-argentinos-sobre-malvinas\/","og_locale":"es_ES","og_type":"article","og_title":"Publican documentos hist\u00f3ricos que reflejan los reclamos argentinos sobre Malvinas | CVI NOTICIAS","og_description":"Se trata de una serie de documentos hist\u00f3ricos e in\u00e9ditos con numerosos reclamos formulados por el entonces embajador argentino en el Reino Unido, Manuel Moreno, quien tuvo un \u00abrol fundamental\u00bb en su labor diplom\u00e1tica en defensa de los derechos nacionales sobre los archipi\u00e9lagos australes, seg\u00fan manifestaron desde el Gobierno Nacional. En ese sentido, el Poder [&hellip;]","og_url":"https:\/\/cvinoticias.com\/v3\/publican-documentos-historicos-que-reflejan-los-reclamos-argentinos-sobre-malvinas\/","og_site_name":"CVI NOTICIAS","article_publisher":"https:\/\/www.facebook.com\/cvinoticias","article_published_time":"2023-04-08T11:20:38+00:00","og_image":[{"width":680,"height":453,"url":"https:\/\/cvinoticias.com\/wp-content\/uploads\/2023\/04\/Fs0eKePXwAQoUTX.jpeg","type":"image\/jpeg"}],"author":"f1000024","twitter_card":"summary_large_image","twitter_misc":{"Escrito por":"f1000024","Tiempo de lectura":"2 minutos"},"schema":{"@context":"https:\/\/schema.org","@graph":[{"@type":"Article","@id":"https:\/\/cvinoticias.com\/v3\/publican-documentos-historicos-que-reflejan-los-reclamos-argentinos-sobre-malvinas\/#article","isPartOf":{"@id":"https:\/\/cvinoticias.com\/v3\/publican-documentos-historicos-que-reflejan-los-reclamos-argentinos-sobre-malvinas\/"},"author":{"name":"f1000024","@id":"https:\/\/cvinoticias.com\/v3\/#\/schema\/person\/2db77e3c6bc03c538495d7b2b8be9b66"},"headline":"Publican documentos hist\u00f3ricos que reflejan los reclamos argentinos sobre Malvinas","datePublished":"2023-04-08T11:20:38+00:00","mainEntityOfPage":{"@id":"https:\/\/cvinoticias.com\/v3\/publican-documentos-historicos-que-reflejan-los-reclamos-argentinos-sobre-malvinas\/"},"wordCount":499,"commentCount":0,"publisher":{"@id":"https:\/\/cvinoticias.com\/v3\/#organization"},"image":{"@id":"https:\/\/cvinoticias.com\/v3\/publican-documentos-historicos-que-reflejan-los-reclamos-argentinos-sobre-malvinas\/#primaryimage"},"thumbnailUrl":"https:\/\/cvinoticias.com\/wp-content\/uploads\/2023\/04\/Fs0eKePXwAQoUTX.jpeg","articleSection":["Nacionales"],"inLanguage":"es","potentialAction":[{"@type":"CommentAction","name":"Comment","target":["https:\/\/cvinoticias.com\/v3\/publican-documentos-historicos-que-reflejan-los-reclamos-argentinos-sobre-malvinas\/#respond"]}]},{"@type":"WebPage","@id":"https:\/\/cvinoticias.com\/v3\/publican-documentos-historicos-que-reflejan-los-reclamos-argentinos-sobre-malvinas\/","url":"https:\/\/cvinoticias.com\/v3\/publican-documentos-historicos-que-reflejan-los-reclamos-argentinos-sobre-malvinas\/","name":"Publican documentos hist\u00f3ricos que reflejan los reclamos argentinos sobre Malvinas | CVI NOTICIAS","isPartOf":{"@id":"https:\/\/cvinoticias.com\/v3\/#website"},"primaryImageOfPage":{"@id":"https:\/\/cvinoticias.com\/v3\/publican-documentos-historicos-que-reflejan-los-reclamos-argentinos-sobre-malvinas\/#primaryimage"},"image":{"@id":"https:\/\/cvinoticias.com\/v3\/publican-documentos-historicos-que-reflejan-los-reclamos-argentinos-sobre-malvinas\/#primaryimage"},"thumbnailUrl":"https:\/\/cvinoticias.com\/wp-content\/uploads\/2023\/04\/Fs0eKePXwAQoUTX.jpeg","datePublished":"2023-04-08T11:20:38+00:00","breadcrumb":{"@id":"https:\/\/cvinoticias.com\/v3\/publican-documentos-historicos-que-reflejan-los-reclamos-argentinos-sobre-malvinas\/#breadcrumb"},"inLanguage":"es","potentialAction":[{"@type":"ReadAction","target":["https:\/\/cvinoticias.com\/v3\/publican-documentos-historicos-que-reflejan-los-reclamos-argentinos-sobre-malvinas\/"]}]},{"@type":"ImageObject","inLanguage":"es","@id":"https:\/\/cvinoticias.com\/v3\/publican-documentos-historicos-que-reflejan-los-reclamos-argentinos-sobre-malvinas\/#primaryimage","url":"https:\/\/cvinoticias.com\/wp-content\/uploads\/2023\/04\/Fs0eKePXwAQoUTX.jpeg","contentUrl":"https:\/\/cvinoticias.com\/wp-content\/uploads\/2023\/04\/Fs0eKePXwAQoUTX.jpeg","width":680,"height":453},{"@type":"BreadcrumbList","@id":"https:\/\/cvinoticias.com\/v3\/publican-documentos-historicos-que-reflejan-los-reclamos-argentinos-sobre-malvinas\/#breadcrumb","itemListElement":[{"@type":"ListItem","position":1,"name":"Portada","item":"https:\/\/cvinoticias.com\/v3\/"},{"@type":"ListItem","position":2,"name":"Publican documentos hist\u00f3ricos que reflejan los reclamos argentinos sobre Malvinas"}]},{"@type":"WebSite","@id":"https:\/\/cvinoticias.com\/v3\/#website","url":"https:\/\/cvinoticias.com\/v3\/","name":"CVI NOTICIAS","description":"","publisher":{"@id":"https:\/\/cvinoticias.com\/v3\/#organization"},"alternateName":"CVI","potentialAction":[{"@type":"SearchAction","target":{"@type":"EntryPoint","urlTemplate":"https:\/\/cvinoticias.com\/v3\/?s={search_term_string}"},"query-input":{"@type":"PropertyValueSpecification","valueRequired":true,"valueName":"search_term_string"}}],"inLanguage":"es"},{"@type":"Organization","@id":"https:\/\/cvinoticias.com\/v3\/#organization","name":"CVI NOTICIAS","url":"https:\/\/cvinoticias.com\/v3\/","logo":{"@type":"ImageObject","inLanguage":"es","@id":"https:\/\/cvinoticias.com\/v3\/#\/schema\/logo\/image\/","url":"https:\/\/cvinoticias.com\/wp-content\/uploads\/2023\/04\/cropped-cropped-cropped-cropped-cropped-3-1.png","contentUrl":"https:\/\/cvinoticias.com\/wp-content\/uploads\/2023\/04\/cropped-cropped-cropped-cropped-cropped-3-1.png","width":95,"height":122,"caption":"CVI NOTICIAS"},"image":{"@id":"https:\/\/cvinoticias.com\/v3\/#\/schema\/logo\/image\/"},"sameAs":["https:\/\/www.facebook.com\/cvinoticias","https:\/\/www.instagram.com\/cvinoticias\/","https:\/\/www.youtube.com\/@CVINOTICIAS"]},{"@type":"Person","@id":"https:\/\/cvinoticias.com\/v3\/#\/schema\/person\/2db77e3c6bc03c538495d7b2b8be9b66","name":"f1000024","image":{"@type":"ImageObject","inLanguage":"es","@id":"https:\/\/secure.gravatar.com\/avatar\/d4fe7459cfc51ff5129ce1a732bbef5928568b8092d412ef95611616376bbeed?s=96&d=mm&r=g","url":"https:\/\/secure.gravatar.com\/avatar\/d4fe7459cfc51ff5129ce1a732bbef5928568b8092d412ef95611616376bbeed?s=96&d=mm&r=g","contentUrl":"https:\/\/secure.gravatar.com\/avatar\/d4fe7459cfc51ff5129ce1a732bbef5928568b8092d412ef95611616376bbeed?s=96&d=mm&r=g","caption":"f1000024"},"url":"https:\/\/cvinoticias.com\/v3\/author\/f1000024\/"}]}},"_links":{"self":[{"href":"https:\/\/cvinoticias.com\/v3\/wp-json\/wp\/v2\/posts\/23883","targetHints":{"allow":["GET"]}}],"collection":[{"href":"https:\/\/cvinoticias.com\/v3\/wp-json\/wp\/v2\/posts"}],"about":[{"href":"https:\/\/cvinoticias.com\/v3\/wp-json\/wp\/v2\/types\/post"}],"author":[{"embeddable":true,"href":"https:\/\/cvinoticias.com\/v3\/wp-json\/wp\/v2\/users\/2"}],"replies":[{"embeddable":true,"href":"https:\/\/cvinoticias.com\/v3\/wp-json\/wp\/v2\/comments?post=23883"}],"version-history":[{"count":1,"href":"https:\/\/cvinoticias.com\/v3\/wp-json\/wp\/v2\/posts\/23883\/revisions"}],"predecessor-version":[{"id":23885,"href":"https:\/\/cvinoticias.com\/v3\/wp-json\/wp\/v2\/posts\/23883\/revisions\/23885"}],"wp:featuredmedia":[{"embeddable":true,"href":"https:\/\/cvinoticias.com\/v3\/wp-json\/wp\/v2\/media\/23884"}],"wp:attachment":[{"href":"https:\/\/cvinoticias.com\/v3\/wp-json\/wp\/v2\/media?parent=23883"}],"wp:term":[{"taxonomy":"category","embeddable":true,"href":"https:\/\/cvinoticias.com\/v3\/wp-json\/wp\/v2\/categories?post=23883"},{"taxonomy":"post_tag","embeddable":true,"href":"https:\/\/cvinoticias.com\/v3\/wp-json\/wp\/v2\/tags?post=23883"}],"curies":[{"name":"wp","href":"https:\/\/api.w.org\/{rel}","templated":true}]}}