{"id":23851,"date":"2023-04-06T14:08:36","date_gmt":"2023-04-06T14:08:36","guid":{"rendered":"https:\/\/cvinoticias.com\/v3\/?p=23851"},"modified":"2023-04-06T14:08:36","modified_gmt":"2023-04-06T14:08:36","slug":"los-destinos-mas-elegidos-en-semana-santa","status":"publish","type":"post","link":"https:\/\/cvinoticias.com\/v3\/los-destinos-mas-elegidos-en-semana-santa\/","title":{"rendered":"Los destinos m\u00e1s elegidos en Semana Santa"},"content":{"rendered":"\n<p><strong><em>\u00abEl sector tur\u00edstico sigue siendo uno de los grandes protagonistas de la econom\u00eda argentina\u00bb, asegur\u00f3 Lammens.<\/em><\/strong><\/p>\n\n\n\n<p>De acuerdo a los primeros relevamientos del Observatorio Argentino de Turismo (OAT), habr\u00e1 un gran movimiento tur\u00edstico en todo el pa\u00eds durante Semana Santa, con ocupaci\u00f3n plena en los destinos del Norte y en torno del 90% en la Patagonia. Adem\u00e1s, se prev\u00e9 un intenso ingreso de visitantes desde Chile y Uruguay en el contexto de la recuperaci\u00f3n del turismo receptivo, que ya alcanz\u00f3 niveles prepandemia.<\/p>\n\n\n\n<p>Adem\u00e1s, Aerol\u00edneas Argentinas inform\u00f3 que, desde el mi\u00e9rcoles 5 hasta el lunes 10 de abril inclusive, transportar\u00e1 a 207.425 pasajeros en toda la red. S\u00f3lo en vuelos de cabotaje, el tr\u00e1fico es de 167.885 y la ocupaci\u00f3n promedio es del 80%, un incremento del 3% en comparaci\u00f3n con la prepandemia. San Carlos de Bariloche, Puerto Iguaz\u00fa, El Calafate, Ushuaia y C\u00f3rdoba fueron los destinos m\u00e1s elegidos.<\/p>\n\n\n\n<p>\u201cEsperamos tener un gran movimiento tur\u00edstico en destinos de todo el pa\u00eds durante Semana Santa, en l\u00ednea con las cifras r\u00e9cord que se registraron durante la \u00faltima temporada de verano y el fin de semana extralargo de Carnaval. En paralelo, estamos recuperando el turismo receptivo, con n\u00fameros similares a la prepandemia. El sector sigue siendo uno de los grandes protagonistas de la econom\u00eda argentina\u201d, asegur\u00f3 el ministro de Turismo y Deportes de la Naci\u00f3n, Mat\u00edas Lammens.<\/p>\n\n\n\n<p>En el mismo sentido, el presidente de la C\u00e1mara Argentina de Turismo (CAT), Gustavo Hani, declar\u00f3: \u201cTenemos un excelente nivel de reservas a nivel pa\u00eds para este fin de semana largo, lo que refleja el inter\u00e9s de los viajeros por un turismo cada vez m\u00e1s federal, con una Argentina que sigue desarrollando destinos atractivos en cada provincia\u201d. Y finaliz\u00f3: \u201cEl fortalecimiento del receptivo y el gran crecimiento del turismo interno nos permiten tener grandes expectativas en lo que refiere al impacto de la Semana Santa en nuestra industria\u201d.<\/p>\n\n\n\n<p>Observatorio Argentino de Turismo (OAT) &#8211; Niveles de reservas (los datos podr\u00edan subir entre un 5% y un 10% durante el fin de semana largo).<\/p>\n","protected":false},"excerpt":{"rendered":"<p>\u00abEl sector tur\u00edstico sigue siendo uno de los grandes protagonistas de la econom\u00eda argentina\u00bb, asegur\u00f3 Lammens. De acuerdo a los primeros relevamientos del Observatorio Argentino de Turismo (OAT), habr\u00e1 un gran movimiento tur\u00edstico en todo el pa\u00eds durante Semana Santa, con ocupaci\u00f3n plena en los destinos del Norte y en torno del 90% en la [&hellip;]<\/p>\n","protected":false},"author":2,"featured_media":23852,"comment_status":"open","ping_status":"open","sticky":false,"template":"","format":"standard","meta":{"footnotes":""},"categories":[50],"tags":[],"class_list":["post-23851","post","type-post","status-publish","format-standard","has-post-thumbnail","hentry","category-turismo"],"yoast_head":"<!-- This site is optimized with the Yoast SEO plugin v27.5 - https:\/\/yoast.com\/product\/yoast-seo-wordpress\/ -->\n<title>Los destinos m\u00e1s elegidos en Semana Santa | CVI NOTICIAS<\/title>\n<meta name=\"robots\" content=\"index, follow, max-snippet:-1, max-image-preview:large, max-video-preview:-1\" \/>\n<link rel=\"canonical\" href=\"https:\/\/cvinoticias.com\/v3\/los-destinos-mas-elegidos-en-semana-santa\/\" \/>\n<meta property=\"og:locale\" content=\"es_ES\" \/>\n<meta property=\"og:type\" content=\"article\" \/>\n<meta property=\"og:title\" content=\"Los destinos m\u00e1s elegidos en Semana Santa | CVI NOTICIAS\" \/>\n<meta property=\"og:description\" content=\"\u00abEl sector tur\u00edstico sigue siendo uno de los grandes protagonistas de la econom\u00eda argentina\u00bb, asegur\u00f3 Lammens. De acuerdo a los primeros relevamientos del Observatorio Argentino de Turismo (OAT), habr\u00e1 un gran movimiento tur\u00edstico en todo el pa\u00eds durante Semana Santa, con ocupaci\u00f3n plena en los destinos del Norte y en torno del 90% en la [&hellip;]\" \/>\n<meta property=\"og:url\" content=\"https:\/\/cvinoticias.com\/v3\/los-destinos-mas-elegidos-en-semana-santa\/\" \/>\n<meta property=\"og:site_name\" content=\"CVI NOTICIAS\" \/>\n<meta property=\"article:publisher\" content=\"https:\/\/www.facebook.com\/cvinoticias\" \/>\n<meta property=\"article:published_time\" content=\"2023-04-06T14:08:36+00:00\" \/>\n<meta property=\"og:image\" content=\"https:\/\/cvinoticias.com\/wp-content\/uploads\/2023\/04\/0000133864.jpg\" \/>\n\t<meta property=\"og:image:width\" content=\"1500\" \/>\n\t<meta property=\"og:image:height\" content=\"870\" \/>\n\t<meta property=\"og:image:type\" content=\"image\/jpeg\" \/>\n<meta name=\"author\" content=\"f1000024\" \/>\n<meta name=\"twitter:card\" content=\"summary_large_image\" \/>\n<meta name=\"twitter:label1\" content=\"Escrito por\" \/>\n\t<meta name=\"twitter:data1\" content=\"f1000024\" \/>\n\t<meta name=\"twitter:label2\" content=\"Tiempo de lectura\" \/>\n\t<meta name=\"twitter:data2\" content=\"2 minutos\" \/>\n<script type=\"application\/ld+json\" class=\"yoast-schema-graph\">{\"@context\":\"https:\\\/\\\/schema.org\",\"@graph\":[{\"@type\":\"Article\",\"@id\":\"https:\\\/\\\/cvinoticias.com\\\/v3\\\/los-destinos-mas-elegidos-en-semana-santa\\\/#article\",\"isPartOf\":{\"@id\":\"https:\\\/\\\/cvinoticias.com\\\/v3\\\/los-destinos-mas-elegidos-en-semana-santa\\\/\"},\"author\":{\"name\":\"f1000024\",\"@id\":\"https:\\\/\\\/cvinoticias.com\\\/v3\\\/#\\\/schema\\\/person\\\/2db77e3c6bc03c538495d7b2b8be9b66\"},\"headline\":\"Los destinos m\u00e1s elegidos en Semana Santa\",\"datePublished\":\"2023-04-06T14:08:36+00:00\",\"mainEntityOfPage\":{\"@id\":\"https:\\\/\\\/cvinoticias.com\\\/v3\\\/los-destinos-mas-elegidos-en-semana-santa\\\/\"},\"wordCount\":365,\"commentCount\":0,\"publisher\":{\"@id\":\"https:\\\/\\\/cvinoticias.com\\\/v3\\\/#organization\"},\"image\":{\"@id\":\"https:\\\/\\\/cvinoticias.com\\\/v3\\\/los-destinos-mas-elegidos-en-semana-santa\\\/#primaryimage\"},\"thumbnailUrl\":\"https:\\\/\\\/cvinoticias.com\\\/wp-content\\\/uploads\\\/2023\\\/04\\\/0000133864.jpg\",\"articleSection\":[\"Turismo\"],\"inLanguage\":\"es\",\"potentialAction\":[{\"@type\":\"CommentAction\",\"name\":\"Comment\",\"target\":[\"https:\\\/\\\/cvinoticias.com\\\/v3\\\/los-destinos-mas-elegidos-en-semana-santa\\\/#respond\"]}]},{\"@type\":\"WebPage\",\"@id\":\"https:\\\/\\\/cvinoticias.com\\\/v3\\\/los-destinos-mas-elegidos-en-semana-santa\\\/\",\"url\":\"https:\\\/\\\/cvinoticias.com\\\/v3\\\/los-destinos-mas-elegidos-en-semana-santa\\\/\",\"name\":\"Los destinos m\u00e1s elegidos en Semana Santa | CVI NOTICIAS\",\"isPartOf\":{\"@id\":\"https:\\\/\\\/cvinoticias.com\\\/v3\\\/#website\"},\"primaryImageOfPage\":{\"@id\":\"https:\\\/\\\/cvinoticias.com\\\/v3\\\/los-destinos-mas-elegidos-en-semana-santa\\\/#primaryimage\"},\"image\":{\"@id\":\"https:\\\/\\\/cvinoticias.com\\\/v3\\\/los-destinos-mas-elegidos-en-semana-santa\\\/#primaryimage\"},\"thumbnailUrl\":\"https:\\\/\\\/cvinoticias.com\\\/wp-content\\\/uploads\\\/2023\\\/04\\\/0000133864.jpg\",\"datePublished\":\"2023-04-06T14:08:36+00:00\",\"breadcrumb\":{\"@id\":\"https:\\\/\\\/cvinoticias.com\\\/v3\\\/los-destinos-mas-elegidos-en-semana-santa\\\/#breadcrumb\"},\"inLanguage\":\"es\",\"potentialAction\":[{\"@type\":\"ReadAction\",\"target\":[\"https:\\\/\\\/cvinoticias.com\\\/v3\\\/los-destinos-mas-elegidos-en-semana-santa\\\/\"]}]},{\"@type\":\"ImageObject\",\"inLanguage\":\"es\",\"@id\":\"https:\\\/\\\/cvinoticias.com\\\/v3\\\/los-destinos-mas-elegidos-en-semana-santa\\\/#primaryimage\",\"url\":\"https:\\\/\\\/cvinoticias.com\\\/wp-content\\\/uploads\\\/2023\\\/04\\\/0000133864.jpg\",\"contentUrl\":\"https:\\\/\\\/cvinoticias.com\\\/wp-content\\\/uploads\\\/2023\\\/04\\\/0000133864.jpg\",\"width\":1500,\"height\":870},{\"@type\":\"BreadcrumbList\",\"@id\":\"https:\\\/\\\/cvinoticias.com\\\/v3\\\/los-destinos-mas-elegidos-en-semana-santa\\\/#breadcrumb\",\"itemListElement\":[{\"@type\":\"ListItem\",\"position\":1,\"name\":\"Portada\",\"item\":\"https:\\\/\\\/cvinoticias.com\\\/v3\\\/\"},{\"@type\":\"ListItem\",\"position\":2,\"name\":\"Los destinos m\u00e1s elegidos en Semana Santa\"}]},{\"@type\":\"WebSite\",\"@id\":\"https:\\\/\\\/cvinoticias.com\\\/v3\\\/#website\",\"url\":\"https:\\\/\\\/cvinoticias.com\\\/v3\\\/\",\"name\":\"CVI NOTICIAS\",\"description\":\"\",\"publisher\":{\"@id\":\"https:\\\/\\\/cvinoticias.com\\\/v3\\\/#organization\"},\"alternateName\":\"CVI\",\"potentialAction\":[{\"@type\":\"SearchAction\",\"target\":{\"@type\":\"EntryPoint\",\"urlTemplate\":\"https:\\\/\\\/cvinoticias.com\\\/v3\\\/?s={search_term_string}\"},\"query-input\":{\"@type\":\"PropertyValueSpecification\",\"valueRequired\":true,\"valueName\":\"search_term_string\"}}],\"inLanguage\":\"es\"},{\"@type\":\"Organization\",\"@id\":\"https:\\\/\\\/cvinoticias.com\\\/v3\\\/#organization\",\"name\":\"CVI NOTICIAS\",\"url\":\"https:\\\/\\\/cvinoticias.com\\\/v3\\\/\",\"logo\":{\"@type\":\"ImageObject\",\"inLanguage\":\"es\",\"@id\":\"https:\\\/\\\/cvinoticias.com\\\/v3\\\/#\\\/schema\\\/logo\\\/image\\\/\",\"url\":\"https:\\\/\\\/cvinoticias.com\\\/wp-content\\\/uploads\\\/2023\\\/04\\\/cropped-cropped-cropped-cropped-cropped-3-1.png\",\"contentUrl\":\"https:\\\/\\\/cvinoticias.com\\\/wp-content\\\/uploads\\\/2023\\\/04\\\/cropped-cropped-cropped-cropped-cropped-3-1.png\",\"width\":95,\"height\":122,\"caption\":\"CVI NOTICIAS\"},\"image\":{\"@id\":\"https:\\\/\\\/cvinoticias.com\\\/v3\\\/#\\\/schema\\\/logo\\\/image\\\/\"},\"sameAs\":[\"https:\\\/\\\/www.facebook.com\\\/cvinoticias\",\"https:\\\/\\\/www.instagram.com\\\/cvinoticias\\\/\",\"https:\\\/\\\/www.youtube.com\\\/@CVINOTICIAS\"]},{\"@type\":\"Person\",\"@id\":\"https:\\\/\\\/cvinoticias.com\\\/v3\\\/#\\\/schema\\\/person\\\/2db77e3c6bc03c538495d7b2b8be9b66\",\"name\":\"f1000024\",\"image\":{\"@type\":\"ImageObject\",\"inLanguage\":\"es\",\"@id\":\"https:\\\/\\\/secure.gravatar.com\\\/avatar\\\/d4fe7459cfc51ff5129ce1a732bbef5928568b8092d412ef95611616376bbeed?s=96&d=mm&r=g\",\"url\":\"https:\\\/\\\/secure.gravatar.com\\\/avatar\\\/d4fe7459cfc51ff5129ce1a732bbef5928568b8092d412ef95611616376bbeed?s=96&d=mm&r=g\",\"contentUrl\":\"https:\\\/\\\/secure.gravatar.com\\\/avatar\\\/d4fe7459cfc51ff5129ce1a732bbef5928568b8092d412ef95611616376bbeed?s=96&d=mm&r=g\",\"caption\":\"f1000024\"},\"url\":\"https:\\\/\\\/cvinoticias.com\\\/v3\\\/author\\\/f1000024\\\/\"}]}<\/script>\n<!-- \/ Yoast SEO plugin. -->","yoast_head_json":{"title":"Los destinos m\u00e1s elegidos en Semana Santa | CVI NOTICIAS","robots":{"index":"index","follow":"follow","max-snippet":"max-snippet:-1","max-image-preview":"max-image-preview:large","max-video-preview":"max-video-preview:-1"},"canonical":"https:\/\/cvinoticias.com\/v3\/los-destinos-mas-elegidos-en-semana-santa\/","og_locale":"es_ES","og_type":"article","og_title":"Los destinos m\u00e1s elegidos en Semana Santa | CVI NOTICIAS","og_description":"\u00abEl sector tur\u00edstico sigue siendo uno de los grandes protagonistas de la econom\u00eda argentina\u00bb, asegur\u00f3 Lammens. De acuerdo a los primeros relevamientos del Observatorio Argentino de Turismo (OAT), habr\u00e1 un gran movimiento tur\u00edstico en todo el pa\u00eds durante Semana Santa, con ocupaci\u00f3n plena en los destinos del Norte y en torno del 90% en la [&hellip;]","og_url":"https:\/\/cvinoticias.com\/v3\/los-destinos-mas-elegidos-en-semana-santa\/","og_site_name":"CVI NOTICIAS","article_publisher":"https:\/\/www.facebook.com\/cvinoticias","article_published_time":"2023-04-06T14:08:36+00:00","og_image":[{"width":1500,"height":870,"url":"https:\/\/cvinoticias.com\/wp-content\/uploads\/2023\/04\/0000133864.jpg","type":"image\/jpeg"}],"author":"f1000024","twitter_card":"summary_large_image","twitter_misc":{"Escrito por":"f1000024","Tiempo de lectura":"2 minutos"},"schema":{"@context":"https:\/\/schema.org","@graph":[{"@type":"Article","@id":"https:\/\/cvinoticias.com\/v3\/los-destinos-mas-elegidos-en-semana-santa\/#article","isPartOf":{"@id":"https:\/\/cvinoticias.com\/v3\/los-destinos-mas-elegidos-en-semana-santa\/"},"author":{"name":"f1000024","@id":"https:\/\/cvinoticias.com\/v3\/#\/schema\/person\/2db77e3c6bc03c538495d7b2b8be9b66"},"headline":"Los destinos m\u00e1s elegidos en Semana Santa","datePublished":"2023-04-06T14:08:36+00:00","mainEntityOfPage":{"@id":"https:\/\/cvinoticias.com\/v3\/los-destinos-mas-elegidos-en-semana-santa\/"},"wordCount":365,"commentCount":0,"publisher":{"@id":"https:\/\/cvinoticias.com\/v3\/#organization"},"image":{"@id":"https:\/\/cvinoticias.com\/v3\/los-destinos-mas-elegidos-en-semana-santa\/#primaryimage"},"thumbnailUrl":"https:\/\/cvinoticias.com\/wp-content\/uploads\/2023\/04\/0000133864.jpg","articleSection":["Turismo"],"inLanguage":"es","potentialAction":[{"@type":"CommentAction","name":"Comment","target":["https:\/\/cvinoticias.com\/v3\/los-destinos-mas-elegidos-en-semana-santa\/#respond"]}]},{"@type":"WebPage","@id":"https:\/\/cvinoticias.com\/v3\/los-destinos-mas-elegidos-en-semana-santa\/","url":"https:\/\/cvinoticias.com\/v3\/los-destinos-mas-elegidos-en-semana-santa\/","name":"Los destinos m\u00e1s elegidos en Semana Santa | CVI NOTICIAS","isPartOf":{"@id":"https:\/\/cvinoticias.com\/v3\/#website"},"primaryImageOfPage":{"@id":"https:\/\/cvinoticias.com\/v3\/los-destinos-mas-elegidos-en-semana-santa\/#primaryimage"},"image":{"@id":"https:\/\/cvinoticias.com\/v3\/los-destinos-mas-elegidos-en-semana-santa\/#primaryimage"},"thumbnailUrl":"https:\/\/cvinoticias.com\/wp-content\/uploads\/2023\/04\/0000133864.jpg","datePublished":"2023-04-06T14:08:36+00:00","breadcrumb":{"@id":"https:\/\/cvinoticias.com\/v3\/los-destinos-mas-elegidos-en-semana-santa\/#breadcrumb"},"inLanguage":"es","potentialAction":[{"@type":"ReadAction","target":["https:\/\/cvinoticias.com\/v3\/los-destinos-mas-elegidos-en-semana-santa\/"]}]},{"@type":"ImageObject","inLanguage":"es","@id":"https:\/\/cvinoticias.com\/v3\/los-destinos-mas-elegidos-en-semana-santa\/#primaryimage","url":"https:\/\/cvinoticias.com\/wp-content\/uploads\/2023\/04\/0000133864.jpg","contentUrl":"https:\/\/cvinoticias.com\/wp-content\/uploads\/2023\/04\/0000133864.jpg","width":1500,"height":870},{"@type":"BreadcrumbList","@id":"https:\/\/cvinoticias.com\/v3\/los-destinos-mas-elegidos-en-semana-santa\/#breadcrumb","itemListElement":[{"@type":"ListItem","position":1,"name":"Portada","item":"https:\/\/cvinoticias.com\/v3\/"},{"@type":"ListItem","position":2,"name":"Los destinos m\u00e1s elegidos en Semana Santa"}]},{"@type":"WebSite","@id":"https:\/\/cvinoticias.com\/v3\/#website","url":"https:\/\/cvinoticias.com\/v3\/","name":"CVI NOTICIAS","description":"","publisher":{"@id":"https:\/\/cvinoticias.com\/v3\/#organization"},"alternateName":"CVI","potentialAction":[{"@type":"SearchAction","target":{"@type":"EntryPoint","urlTemplate":"https:\/\/cvinoticias.com\/v3\/?s={search_term_string}"},"query-input":{"@type":"PropertyValueSpecification","valueRequired":true,"valueName":"search_term_string"}}],"inLanguage":"es"},{"@type":"Organization","@id":"https:\/\/cvinoticias.com\/v3\/#organization","name":"CVI NOTICIAS","url":"https:\/\/cvinoticias.com\/v3\/","logo":{"@type":"ImageObject","inLanguage":"es","@id":"https:\/\/cvinoticias.com\/v3\/#\/schema\/logo\/image\/","url":"https:\/\/cvinoticias.com\/wp-content\/uploads\/2023\/04\/cropped-cropped-cropped-cropped-cropped-3-1.png","contentUrl":"https:\/\/cvinoticias.com\/wp-content\/uploads\/2023\/04\/cropped-cropped-cropped-cropped-cropped-3-1.png","width":95,"height":122,"caption":"CVI NOTICIAS"},"image":{"@id":"https:\/\/cvinoticias.com\/v3\/#\/schema\/logo\/image\/"},"sameAs":["https:\/\/www.facebook.com\/cvinoticias","https:\/\/www.instagram.com\/cvinoticias\/","https:\/\/www.youtube.com\/@CVINOTICIAS"]},{"@type":"Person","@id":"https:\/\/cvinoticias.com\/v3\/#\/schema\/person\/2db77e3c6bc03c538495d7b2b8be9b66","name":"f1000024","image":{"@type":"ImageObject","inLanguage":"es","@id":"https:\/\/secure.gravatar.com\/avatar\/d4fe7459cfc51ff5129ce1a732bbef5928568b8092d412ef95611616376bbeed?s=96&d=mm&r=g","url":"https:\/\/secure.gravatar.com\/avatar\/d4fe7459cfc51ff5129ce1a732bbef5928568b8092d412ef95611616376bbeed?s=96&d=mm&r=g","contentUrl":"https:\/\/secure.gravatar.com\/avatar\/d4fe7459cfc51ff5129ce1a732bbef5928568b8092d412ef95611616376bbeed?s=96&d=mm&r=g","caption":"f1000024"},"url":"https:\/\/cvinoticias.com\/v3\/author\/f1000024\/"}]}},"_links":{"self":[{"href":"https:\/\/cvinoticias.com\/v3\/wp-json\/wp\/v2\/posts\/23851","targetHints":{"allow":["GET"]}}],"collection":[{"href":"https:\/\/cvinoticias.com\/v3\/wp-json\/wp\/v2\/posts"}],"about":[{"href":"https:\/\/cvinoticias.com\/v3\/wp-json\/wp\/v2\/types\/post"}],"author":[{"embeddable":true,"href":"https:\/\/cvinoticias.com\/v3\/wp-json\/wp\/v2\/users\/2"}],"replies":[{"embeddable":true,"href":"https:\/\/cvinoticias.com\/v3\/wp-json\/wp\/v2\/comments?post=23851"}],"version-history":[{"count":1,"href":"https:\/\/cvinoticias.com\/v3\/wp-json\/wp\/v2\/posts\/23851\/revisions"}],"predecessor-version":[{"id":23853,"href":"https:\/\/cvinoticias.com\/v3\/wp-json\/wp\/v2\/posts\/23851\/revisions\/23853"}],"wp:featuredmedia":[{"embeddable":true,"href":"https:\/\/cvinoticias.com\/v3\/wp-json\/wp\/v2\/media\/23852"}],"wp:attachment":[{"href":"https:\/\/cvinoticias.com\/v3\/wp-json\/wp\/v2\/media?parent=23851"}],"wp:term":[{"taxonomy":"category","embeddable":true,"href":"https:\/\/cvinoticias.com\/v3\/wp-json\/wp\/v2\/categories?post=23851"},{"taxonomy":"post_tag","embeddable":true,"href":"https:\/\/cvinoticias.com\/v3\/wp-json\/wp\/v2\/tags?post=23851"}],"curies":[{"name":"wp","href":"https:\/\/api.w.org\/{rel}","templated":true}]}}