{"id":23817,"date":"2023-04-05T10:47:54","date_gmt":"2023-04-05T10:47:54","guid":{"rendered":"https:\/\/cvinoticias.com\/v3\/?p=23817"},"modified":"2023-04-05T10:47:54","modified_gmt":"2023-04-05T10:47:54","slug":"reglamentan-una-ley-para-asistir-a-las-personas-en-situacion-de-calle","status":"publish","type":"post","link":"https:\/\/cvinoticias.com\/v3\/reglamentan-una-ley-para-asistir-a-las-personas-en-situacion-de-calle\/","title":{"rendered":"Reglamentan una ley para asistir a las personas en situaci\u00f3n de calle"},"content":{"rendered":"\n<p><strong><em>La norma ordena, entre otras cosas, realizar un relevamiento a nivel nacional y crear una re de centros de integraci\u00f3n nacional.<\/em><\/strong><\/p>\n\n\n\n<p>Mediante el decreto 183\/2023 publicado este mi\u00e9rcoles en el Bolet\u00edn Oficial, el Gobierno nacional reglament\u00f3 la Ley 27.654 que ayuda a la problem\u00e1tica de las personas en situaci\u00f3n de calle y familias sin techo. Se trata de una normativa que hab\u00eda sido aprobada en el Congreso en diciembre de 2021.<\/p>\n\n\n\n<p>Seg\u00fan los considerando del decreto, esta ley \u00abconstituye un instrumento jur\u00eddico fundamental que tiene por objeto garantizar integralmente y hacer operativos los derechos humanos de las personas en situaci\u00f3n de calle y en riesgo a la situaci\u00f3n de calle que se encuentren\u00bb en la Argentina.<\/p>\n\n\n\n<p>\u00abPara hacer efectivos estos derechos se encomienda al Poder Ejecutivo que elabore y desarrolle una pol\u00edtica p\u00fablica integral, coherente y de alcance nacional\u00bb, se afirma.<\/p>\n\n\n\n<p>Entre los derechos que buscan garantizarse, se encuentra el de la identidad personal, es decir \u00abtener un nombre propio, una personalidad jur\u00eddica y una nacionalidad\u00bb. En ese sentido, el Estado debe realizar acciones para que las personas puedan hacer \u00aben forma gratuita los documentos de identidad personal\u00bb, tales como partida de nacimiento, documento nacional de identidad, las claves \u00fanicas de inscripci\u00f3n laboral y tributaria, etc.<\/p>\n\n\n\n<p>Tambi\u00e9n se destaca el \u00abderecho al acceso y al uso de los servicios, de la infraestructura y de los espacios p\u00fablicos sin discriminaci\u00f3n por su condici\u00f3n de vulnerabilidad\u00bb.<\/p>\n\n\n\n<p>Asimismo, \u00abel derecho a acceder a los servicios socioasistenciales y de salud de las instituciones p\u00fablicas o privadas con convenio con el Estado\u00bb, as\u00ed como tambi\u00e9n \u00aba los servicios de apoyo para lograr un trabajo digno\u00bb.<\/p>\n\n\n\n<p>Por otro lado, se ordena \u00abrealizar un relevamiento nacional de las personas en situaci\u00f3n de calle y en riesgo a la situaci\u00f3n de calle, en forma coordinada con el Instituto Nacional de Estad\u00edstica y Censos (INDEC). El objetivo es \u00abtener informaci\u00f3n para hacer un diagn\u00f3stico y luego implementar las pol\u00edticas p\u00fablicas nacionales, considerando sus diferentes subgrupos\u00bb.<\/p>\n\n\n\n<p>Tambi\u00e9n se le exige al Estado \u00abpropiciar y coordinar la creaci\u00f3n de una Red Nacional de Centros de Integraci\u00f3n Social, de atenci\u00f3n permanente y continua, que funcionen las 24 horas del d\u00eda, los 365 d\u00edas del a\u00f1o, que presten servicios socioasistenciales b\u00e1sicos de alojamiento, alimentaci\u00f3n, higiene y cuidados de la salud y adem\u00e1s desarrollen actividades de capacitaci\u00f3n y ocupaci\u00f3n, adaptadas a los conocimientos y necesidades de los destinatarios y las destinatarias\u00bb.<\/p>\n\n\n\n<p>El Presupuesto 2023 fija partidas destinadas para personas en situaci\u00f3n de calle. La secretar\u00eda de Municipios, que depende del Ministerio del Interior, por ejemplo, es una de las reparticiones encargadas de atender esta problem\u00e1tica. Tambi\u00e9n est\u00e1 la secretar\u00eda de Abordaje Integral del Ministerio de Desarrollo Social, que depende de Victoria Tolosa Paz, y para completar la estructura institucional est\u00e1 la Sedronar, que atiende puntualmente las cuestiones de adicciones.<\/p>\n","protected":false},"excerpt":{"rendered":"<p>La norma ordena, entre otras cosas, realizar un relevamiento a nivel nacional y crear una re de centros de integraci\u00f3n nacional. Mediante el decreto 183\/2023 publicado este mi\u00e9rcoles en el Bolet\u00edn Oficial, el Gobierno nacional reglament\u00f3 la Ley 27.654 que ayuda a la problem\u00e1tica de las personas en situaci\u00f3n de calle y familias sin techo. [&hellip;]<\/p>\n","protected":false},"author":2,"featured_media":23818,"comment_status":"open","ping_status":"open","sticky":false,"template":"","format":"standard","meta":{"footnotes":""},"categories":[39],"tags":[],"class_list":["post-23817","post","type-post","status-publish","format-standard","has-post-thumbnail","hentry","category-nacionales"],"yoast_head":"<!-- This site is optimized with the Yoast SEO plugin v27.5 - https:\/\/yoast.com\/product\/yoast-seo-wordpress\/ -->\n<title>Reglamentan una ley para asistir a las personas en situaci\u00f3n de calle | CVI NOTICIAS<\/title>\n<meta name=\"robots\" content=\"index, follow, max-snippet:-1, max-image-preview:large, max-video-preview:-1\" \/>\n<link rel=\"canonical\" href=\"https:\/\/cvinoticias.com\/v3\/reglamentan-una-ley-para-asistir-a-las-personas-en-situacion-de-calle\/\" \/>\n<meta property=\"og:locale\" content=\"es_ES\" \/>\n<meta property=\"og:type\" content=\"article\" \/>\n<meta property=\"og:title\" content=\"Reglamentan una ley para asistir a las personas en situaci\u00f3n de calle | CVI NOTICIAS\" \/>\n<meta property=\"og:description\" content=\"La norma ordena, entre otras cosas, realizar un relevamiento a nivel nacional y crear una re de centros de integraci\u00f3n nacional. Mediante el decreto 183\/2023 publicado este mi\u00e9rcoles en el Bolet\u00edn Oficial, el Gobierno nacional reglament\u00f3 la Ley 27.654 que ayuda a la problem\u00e1tica de las personas en situaci\u00f3n de calle y familias sin techo. [&hellip;]\" \/>\n<meta property=\"og:url\" content=\"https:\/\/cvinoticias.com\/v3\/reglamentan-una-ley-para-asistir-a-las-personas-en-situacion-de-calle\/\" \/>\n<meta property=\"og:site_name\" content=\"CVI NOTICIAS\" \/>\n<meta property=\"article:publisher\" content=\"https:\/\/www.facebook.com\/cvinoticias\" \/>\n<meta property=\"article:published_time\" content=\"2023-04-05T10:47:54+00:00\" \/>\n<meta property=\"og:image\" content=\"https:\/\/cvinoticias.com\/wp-content\/uploads\/2023\/04\/0000044028.jpg\" \/>\n\t<meta property=\"og:image:width\" content=\"1104\" \/>\n\t<meta property=\"og:image:height\" content=\"622\" \/>\n\t<meta property=\"og:image:type\" content=\"image\/jpeg\" \/>\n<meta name=\"author\" content=\"f1000024\" \/>\n<meta name=\"twitter:card\" content=\"summary_large_image\" \/>\n<meta name=\"twitter:label1\" content=\"Escrito por\" \/>\n\t<meta name=\"twitter:data1\" content=\"f1000024\" \/>\n\t<meta name=\"twitter:label2\" content=\"Tiempo de lectura\" \/>\n\t<meta name=\"twitter:data2\" content=\"3 minutos\" \/>\n<script type=\"application\/ld+json\" class=\"yoast-schema-graph\">{\"@context\":\"https:\\\/\\\/schema.org\",\"@graph\":[{\"@type\":\"Article\",\"@id\":\"https:\\\/\\\/cvinoticias.com\\\/v3\\\/reglamentan-una-ley-para-asistir-a-las-personas-en-situacion-de-calle\\\/#article\",\"isPartOf\":{\"@id\":\"https:\\\/\\\/cvinoticias.com\\\/v3\\\/reglamentan-una-ley-para-asistir-a-las-personas-en-situacion-de-calle\\\/\"},\"author\":{\"name\":\"f1000024\",\"@id\":\"https:\\\/\\\/cvinoticias.com\\\/v3\\\/#\\\/schema\\\/person\\\/2db77e3c6bc03c538495d7b2b8be9b66\"},\"headline\":\"Reglamentan una ley para asistir a las personas en situaci\u00f3n de calle\",\"datePublished\":\"2023-04-05T10:47:54+00:00\",\"mainEntityOfPage\":{\"@id\":\"https:\\\/\\\/cvinoticias.com\\\/v3\\\/reglamentan-una-ley-para-asistir-a-las-personas-en-situacion-de-calle\\\/\"},\"wordCount\":516,\"commentCount\":0,\"publisher\":{\"@id\":\"https:\\\/\\\/cvinoticias.com\\\/v3\\\/#organization\"},\"image\":{\"@id\":\"https:\\\/\\\/cvinoticias.com\\\/v3\\\/reglamentan-una-ley-para-asistir-a-las-personas-en-situacion-de-calle\\\/#primaryimage\"},\"thumbnailUrl\":\"https:\\\/\\\/cvinoticias.com\\\/wp-content\\\/uploads\\\/2023\\\/04\\\/0000044028.jpg\",\"articleSection\":[\"Nacionales\"],\"inLanguage\":\"es\",\"potentialAction\":[{\"@type\":\"CommentAction\",\"name\":\"Comment\",\"target\":[\"https:\\\/\\\/cvinoticias.com\\\/v3\\\/reglamentan-una-ley-para-asistir-a-las-personas-en-situacion-de-calle\\\/#respond\"]}]},{\"@type\":\"WebPage\",\"@id\":\"https:\\\/\\\/cvinoticias.com\\\/v3\\\/reglamentan-una-ley-para-asistir-a-las-personas-en-situacion-de-calle\\\/\",\"url\":\"https:\\\/\\\/cvinoticias.com\\\/v3\\\/reglamentan-una-ley-para-asistir-a-las-personas-en-situacion-de-calle\\\/\",\"name\":\"Reglamentan una ley para asistir a las personas en situaci\u00f3n de calle | CVI NOTICIAS\",\"isPartOf\":{\"@id\":\"https:\\\/\\\/cvinoticias.com\\\/v3\\\/#website\"},\"primaryImageOfPage\":{\"@id\":\"https:\\\/\\\/cvinoticias.com\\\/v3\\\/reglamentan-una-ley-para-asistir-a-las-personas-en-situacion-de-calle\\\/#primaryimage\"},\"image\":{\"@id\":\"https:\\\/\\\/cvinoticias.com\\\/v3\\\/reglamentan-una-ley-para-asistir-a-las-personas-en-situacion-de-calle\\\/#primaryimage\"},\"thumbnailUrl\":\"https:\\\/\\\/cvinoticias.com\\\/wp-content\\\/uploads\\\/2023\\\/04\\\/0000044028.jpg\",\"datePublished\":\"2023-04-05T10:47:54+00:00\",\"breadcrumb\":{\"@id\":\"https:\\\/\\\/cvinoticias.com\\\/v3\\\/reglamentan-una-ley-para-asistir-a-las-personas-en-situacion-de-calle\\\/#breadcrumb\"},\"inLanguage\":\"es\",\"potentialAction\":[{\"@type\":\"ReadAction\",\"target\":[\"https:\\\/\\\/cvinoticias.com\\\/v3\\\/reglamentan-una-ley-para-asistir-a-las-personas-en-situacion-de-calle\\\/\"]}]},{\"@type\":\"ImageObject\",\"inLanguage\":\"es\",\"@id\":\"https:\\\/\\\/cvinoticias.com\\\/v3\\\/reglamentan-una-ley-para-asistir-a-las-personas-en-situacion-de-calle\\\/#primaryimage\",\"url\":\"https:\\\/\\\/cvinoticias.com\\\/wp-content\\\/uploads\\\/2023\\\/04\\\/0000044028.jpg\",\"contentUrl\":\"https:\\\/\\\/cvinoticias.com\\\/wp-content\\\/uploads\\\/2023\\\/04\\\/0000044028.jpg\",\"width\":1104,\"height\":622},{\"@type\":\"BreadcrumbList\",\"@id\":\"https:\\\/\\\/cvinoticias.com\\\/v3\\\/reglamentan-una-ley-para-asistir-a-las-personas-en-situacion-de-calle\\\/#breadcrumb\",\"itemListElement\":[{\"@type\":\"ListItem\",\"position\":1,\"name\":\"Portada\",\"item\":\"https:\\\/\\\/cvinoticias.com\\\/v3\\\/\"},{\"@type\":\"ListItem\",\"position\":2,\"name\":\"Reglamentan una ley para asistir a las personas en situaci\u00f3n de calle\"}]},{\"@type\":\"WebSite\",\"@id\":\"https:\\\/\\\/cvinoticias.com\\\/v3\\\/#website\",\"url\":\"https:\\\/\\\/cvinoticias.com\\\/v3\\\/\",\"name\":\"CVI NOTICIAS\",\"description\":\"\",\"publisher\":{\"@id\":\"https:\\\/\\\/cvinoticias.com\\\/v3\\\/#organization\"},\"alternateName\":\"CVI\",\"potentialAction\":[{\"@type\":\"SearchAction\",\"target\":{\"@type\":\"EntryPoint\",\"urlTemplate\":\"https:\\\/\\\/cvinoticias.com\\\/v3\\\/?s={search_term_string}\"},\"query-input\":{\"@type\":\"PropertyValueSpecification\",\"valueRequired\":true,\"valueName\":\"search_term_string\"}}],\"inLanguage\":\"es\"},{\"@type\":\"Organization\",\"@id\":\"https:\\\/\\\/cvinoticias.com\\\/v3\\\/#organization\",\"name\":\"CVI NOTICIAS\",\"url\":\"https:\\\/\\\/cvinoticias.com\\\/v3\\\/\",\"logo\":{\"@type\":\"ImageObject\",\"inLanguage\":\"es\",\"@id\":\"https:\\\/\\\/cvinoticias.com\\\/v3\\\/#\\\/schema\\\/logo\\\/image\\\/\",\"url\":\"https:\\\/\\\/cvinoticias.com\\\/wp-content\\\/uploads\\\/2023\\\/04\\\/cropped-cropped-cropped-cropped-cropped-3-1.png\",\"contentUrl\":\"https:\\\/\\\/cvinoticias.com\\\/wp-content\\\/uploads\\\/2023\\\/04\\\/cropped-cropped-cropped-cropped-cropped-3-1.png\",\"width\":95,\"height\":122,\"caption\":\"CVI NOTICIAS\"},\"image\":{\"@id\":\"https:\\\/\\\/cvinoticias.com\\\/v3\\\/#\\\/schema\\\/logo\\\/image\\\/\"},\"sameAs\":[\"https:\\\/\\\/www.facebook.com\\\/cvinoticias\",\"https:\\\/\\\/www.instagram.com\\\/cvinoticias\\\/\",\"https:\\\/\\\/www.youtube.com\\\/@CVINOTICIAS\"]},{\"@type\":\"Person\",\"@id\":\"https:\\\/\\\/cvinoticias.com\\\/v3\\\/#\\\/schema\\\/person\\\/2db77e3c6bc03c538495d7b2b8be9b66\",\"name\":\"f1000024\",\"image\":{\"@type\":\"ImageObject\",\"inLanguage\":\"es\",\"@id\":\"https:\\\/\\\/secure.gravatar.com\\\/avatar\\\/d4fe7459cfc51ff5129ce1a732bbef5928568b8092d412ef95611616376bbeed?s=96&d=mm&r=g\",\"url\":\"https:\\\/\\\/secure.gravatar.com\\\/avatar\\\/d4fe7459cfc51ff5129ce1a732bbef5928568b8092d412ef95611616376bbeed?s=96&d=mm&r=g\",\"contentUrl\":\"https:\\\/\\\/secure.gravatar.com\\\/avatar\\\/d4fe7459cfc51ff5129ce1a732bbef5928568b8092d412ef95611616376bbeed?s=96&d=mm&r=g\",\"caption\":\"f1000024\"},\"url\":\"https:\\\/\\\/cvinoticias.com\\\/v3\\\/author\\\/f1000024\\\/\"}]}<\/script>\n<!-- \/ Yoast SEO plugin. -->","yoast_head_json":{"title":"Reglamentan una ley para asistir a las personas en situaci\u00f3n de calle | CVI NOTICIAS","robots":{"index":"index","follow":"follow","max-snippet":"max-snippet:-1","max-image-preview":"max-image-preview:large","max-video-preview":"max-video-preview:-1"},"canonical":"https:\/\/cvinoticias.com\/v3\/reglamentan-una-ley-para-asistir-a-las-personas-en-situacion-de-calle\/","og_locale":"es_ES","og_type":"article","og_title":"Reglamentan una ley para asistir a las personas en situaci\u00f3n de calle | CVI NOTICIAS","og_description":"La norma ordena, entre otras cosas, realizar un relevamiento a nivel nacional y crear una re de centros de integraci\u00f3n nacional. Mediante el decreto 183\/2023 publicado este mi\u00e9rcoles en el Bolet\u00edn Oficial, el Gobierno nacional reglament\u00f3 la Ley 27.654 que ayuda a la problem\u00e1tica de las personas en situaci\u00f3n de calle y familias sin techo. [&hellip;]","og_url":"https:\/\/cvinoticias.com\/v3\/reglamentan-una-ley-para-asistir-a-las-personas-en-situacion-de-calle\/","og_site_name":"CVI NOTICIAS","article_publisher":"https:\/\/www.facebook.com\/cvinoticias","article_published_time":"2023-04-05T10:47:54+00:00","og_image":[{"width":1104,"height":622,"url":"https:\/\/cvinoticias.com\/wp-content\/uploads\/2023\/04\/0000044028.jpg","type":"image\/jpeg"}],"author":"f1000024","twitter_card":"summary_large_image","twitter_misc":{"Escrito por":"f1000024","Tiempo de lectura":"3 minutos"},"schema":{"@context":"https:\/\/schema.org","@graph":[{"@type":"Article","@id":"https:\/\/cvinoticias.com\/v3\/reglamentan-una-ley-para-asistir-a-las-personas-en-situacion-de-calle\/#article","isPartOf":{"@id":"https:\/\/cvinoticias.com\/v3\/reglamentan-una-ley-para-asistir-a-las-personas-en-situacion-de-calle\/"},"author":{"name":"f1000024","@id":"https:\/\/cvinoticias.com\/v3\/#\/schema\/person\/2db77e3c6bc03c538495d7b2b8be9b66"},"headline":"Reglamentan una ley para asistir a las personas en situaci\u00f3n de calle","datePublished":"2023-04-05T10:47:54+00:00","mainEntityOfPage":{"@id":"https:\/\/cvinoticias.com\/v3\/reglamentan-una-ley-para-asistir-a-las-personas-en-situacion-de-calle\/"},"wordCount":516,"commentCount":0,"publisher":{"@id":"https:\/\/cvinoticias.com\/v3\/#organization"},"image":{"@id":"https:\/\/cvinoticias.com\/v3\/reglamentan-una-ley-para-asistir-a-las-personas-en-situacion-de-calle\/#primaryimage"},"thumbnailUrl":"https:\/\/cvinoticias.com\/wp-content\/uploads\/2023\/04\/0000044028.jpg","articleSection":["Nacionales"],"inLanguage":"es","potentialAction":[{"@type":"CommentAction","name":"Comment","target":["https:\/\/cvinoticias.com\/v3\/reglamentan-una-ley-para-asistir-a-las-personas-en-situacion-de-calle\/#respond"]}]},{"@type":"WebPage","@id":"https:\/\/cvinoticias.com\/v3\/reglamentan-una-ley-para-asistir-a-las-personas-en-situacion-de-calle\/","url":"https:\/\/cvinoticias.com\/v3\/reglamentan-una-ley-para-asistir-a-las-personas-en-situacion-de-calle\/","name":"Reglamentan una ley para asistir a las personas en situaci\u00f3n de calle | CVI NOTICIAS","isPartOf":{"@id":"https:\/\/cvinoticias.com\/v3\/#website"},"primaryImageOfPage":{"@id":"https:\/\/cvinoticias.com\/v3\/reglamentan-una-ley-para-asistir-a-las-personas-en-situacion-de-calle\/#primaryimage"},"image":{"@id":"https:\/\/cvinoticias.com\/v3\/reglamentan-una-ley-para-asistir-a-las-personas-en-situacion-de-calle\/#primaryimage"},"thumbnailUrl":"https:\/\/cvinoticias.com\/wp-content\/uploads\/2023\/04\/0000044028.jpg","datePublished":"2023-04-05T10:47:54+00:00","breadcrumb":{"@id":"https:\/\/cvinoticias.com\/v3\/reglamentan-una-ley-para-asistir-a-las-personas-en-situacion-de-calle\/#breadcrumb"},"inLanguage":"es","potentialAction":[{"@type":"ReadAction","target":["https:\/\/cvinoticias.com\/v3\/reglamentan-una-ley-para-asistir-a-las-personas-en-situacion-de-calle\/"]}]},{"@type":"ImageObject","inLanguage":"es","@id":"https:\/\/cvinoticias.com\/v3\/reglamentan-una-ley-para-asistir-a-las-personas-en-situacion-de-calle\/#primaryimage","url":"https:\/\/cvinoticias.com\/wp-content\/uploads\/2023\/04\/0000044028.jpg","contentUrl":"https:\/\/cvinoticias.com\/wp-content\/uploads\/2023\/04\/0000044028.jpg","width":1104,"height":622},{"@type":"BreadcrumbList","@id":"https:\/\/cvinoticias.com\/v3\/reglamentan-una-ley-para-asistir-a-las-personas-en-situacion-de-calle\/#breadcrumb","itemListElement":[{"@type":"ListItem","position":1,"name":"Portada","item":"https:\/\/cvinoticias.com\/v3\/"},{"@type":"ListItem","position":2,"name":"Reglamentan una ley para asistir a las personas en situaci\u00f3n de calle"}]},{"@type":"WebSite","@id":"https:\/\/cvinoticias.com\/v3\/#website","url":"https:\/\/cvinoticias.com\/v3\/","name":"CVI NOTICIAS","description":"","publisher":{"@id":"https:\/\/cvinoticias.com\/v3\/#organization"},"alternateName":"CVI","potentialAction":[{"@type":"SearchAction","target":{"@type":"EntryPoint","urlTemplate":"https:\/\/cvinoticias.com\/v3\/?s={search_term_string}"},"query-input":{"@type":"PropertyValueSpecification","valueRequired":true,"valueName":"search_term_string"}}],"inLanguage":"es"},{"@type":"Organization","@id":"https:\/\/cvinoticias.com\/v3\/#organization","name":"CVI NOTICIAS","url":"https:\/\/cvinoticias.com\/v3\/","logo":{"@type":"ImageObject","inLanguage":"es","@id":"https:\/\/cvinoticias.com\/v3\/#\/schema\/logo\/image\/","url":"https:\/\/cvinoticias.com\/wp-content\/uploads\/2023\/04\/cropped-cropped-cropped-cropped-cropped-3-1.png","contentUrl":"https:\/\/cvinoticias.com\/wp-content\/uploads\/2023\/04\/cropped-cropped-cropped-cropped-cropped-3-1.png","width":95,"height":122,"caption":"CVI NOTICIAS"},"image":{"@id":"https:\/\/cvinoticias.com\/v3\/#\/schema\/logo\/image\/"},"sameAs":["https:\/\/www.facebook.com\/cvinoticias","https:\/\/www.instagram.com\/cvinoticias\/","https:\/\/www.youtube.com\/@CVINOTICIAS"]},{"@type":"Person","@id":"https:\/\/cvinoticias.com\/v3\/#\/schema\/person\/2db77e3c6bc03c538495d7b2b8be9b66","name":"f1000024","image":{"@type":"ImageObject","inLanguage":"es","@id":"https:\/\/secure.gravatar.com\/avatar\/d4fe7459cfc51ff5129ce1a732bbef5928568b8092d412ef95611616376bbeed?s=96&d=mm&r=g","url":"https:\/\/secure.gravatar.com\/avatar\/d4fe7459cfc51ff5129ce1a732bbef5928568b8092d412ef95611616376bbeed?s=96&d=mm&r=g","contentUrl":"https:\/\/secure.gravatar.com\/avatar\/d4fe7459cfc51ff5129ce1a732bbef5928568b8092d412ef95611616376bbeed?s=96&d=mm&r=g","caption":"f1000024"},"url":"https:\/\/cvinoticias.com\/v3\/author\/f1000024\/"}]}},"_links":{"self":[{"href":"https:\/\/cvinoticias.com\/v3\/wp-json\/wp\/v2\/posts\/23817","targetHints":{"allow":["GET"]}}],"collection":[{"href":"https:\/\/cvinoticias.com\/v3\/wp-json\/wp\/v2\/posts"}],"about":[{"href":"https:\/\/cvinoticias.com\/v3\/wp-json\/wp\/v2\/types\/post"}],"author":[{"embeddable":true,"href":"https:\/\/cvinoticias.com\/v3\/wp-json\/wp\/v2\/users\/2"}],"replies":[{"embeddable":true,"href":"https:\/\/cvinoticias.com\/v3\/wp-json\/wp\/v2\/comments?post=23817"}],"version-history":[{"count":1,"href":"https:\/\/cvinoticias.com\/v3\/wp-json\/wp\/v2\/posts\/23817\/revisions"}],"predecessor-version":[{"id":23819,"href":"https:\/\/cvinoticias.com\/v3\/wp-json\/wp\/v2\/posts\/23817\/revisions\/23819"}],"wp:featuredmedia":[{"embeddable":true,"href":"https:\/\/cvinoticias.com\/v3\/wp-json\/wp\/v2\/media\/23818"}],"wp:attachment":[{"href":"https:\/\/cvinoticias.com\/v3\/wp-json\/wp\/v2\/media?parent=23817"}],"wp:term":[{"taxonomy":"category","embeddable":true,"href":"https:\/\/cvinoticias.com\/v3\/wp-json\/wp\/v2\/categories?post=23817"},{"taxonomy":"post_tag","embeddable":true,"href":"https:\/\/cvinoticias.com\/v3\/wp-json\/wp\/v2\/tags?post=23817"}],"curies":[{"name":"wp","href":"https:\/\/api.w.org\/{rel}","templated":true}]}}